{"id":161900,"date":"2023-04-18T06:20:16","date_gmt":"2023-04-18T04:20:16","guid":{"rendered":"https:\/\/novice.si\/page\/?p=161900"},"modified":"2023-04-17T18:23:47","modified_gmt":"2023-04-17T16:23:47","slug":"celje-zacenja-se-mis-23","status":"publish","type":"post","link":"https:\/\/novice.si\/page\/celje-zacenja-se-mis-23\/","title":{"rendered":"CELJE Za\u010denja se MIS &#8217;23"},"content":{"rendered":"<p>Na celjskem sejmi\u0161\u010du Golovec se dopoldne za\u010denja Mednarodni industrijski sejem (MIS). Do vklju\u010dno petka se bo predstavljalo 319 razstavljavcev iz 15 dr\u017eav, prireditev pa naj bi po prepri\u010danju organizatorja dru\u017ebe Celjski sejmi v marsi\u010dem presegla tradicionalni jesenski <img loading=\"lazy\" decoding=\"async\" class=\"wp-image-161585 alignleft\" src=\"https:\/\/novice.si\/page\/wp-content\/uploads\/2023\/04\/MIS-press-2-600x513.jpg\" alt=\"\" width=\"365\" height=\"312\" srcset=\"https:\/\/novice.si\/page\/wp-content\/uploads\/2023\/04\/MIS-press-2-600x513.jpg 600w, https:\/\/novice.si\/page\/wp-content\/uploads\/2023\/04\/MIS-press-2-1024x875.jpg 1024w, https:\/\/novice.si\/page\/wp-content\/uploads\/2023\/04\/MIS-press-2-768x656.jpg 768w, https:\/\/novice.si\/page\/wp-content\/uploads\/2023\/04\/MIS-press-2-1536x1313.jpg 1536w, https:\/\/novice.si\/page\/wp-content\/uploads\/2023\/04\/MIS-press-2-2048x1750.jpg 2048w, https:\/\/novice.si\/page\/wp-content\/uploads\/2023\/04\/MIS-press-2-696x595.jpg 696w, https:\/\/novice.si\/page\/wp-content\/uploads\/2023\/04\/MIS-press-2-1068x913.jpg 1068w, https:\/\/novice.si\/page\/wp-content\/uploads\/2023\/04\/MIS-press-2-492x420.jpg 492w, https:\/\/novice.si\/page\/wp-content\/uploads\/2023\/04\/MIS-press-2-24x21.jpg 24w, https:\/\/novice.si\/page\/wp-content\/uploads\/2023\/04\/MIS-press-2-36x31.jpg 36w, https:\/\/novice.si\/page\/wp-content\/uploads\/2023\/04\/MIS-press-2-48x41.jpg 48w\" sizes=\"auto, (max-width: 365px) 100vw, 365px\" \/>Mednarodni obrtni sejem.<\/p>\n<p>Sejemski dvoj\u010dek je zelo specializiran in je tematsko razdeljen na podro\u010dji industrije in lesarstva, gre pa za najve\u010djo strokovno sejemsko prireditev v Jugovzhodni Evropi, ki si jo je lani ogledalo 13.700 obiskovalcev.<\/p>\n<p>\u00bbSejmi\u0161\u010de se bo za \u0161tiri dni prelevilo v eno najve\u010djih tehnolo\u0161kih sredi\u0161\u010d v Sloveniji z najsodobnej\u0161imi in tehni\u010dno dovr\u0161enimi stroji, napravami in aparati, industrijskimi roboti in aplikacijami. Razstavljeni stroji bodo ves \u010das delovali, videti bo mo\u010d njihove izdelke. Prvi\u010d se tukaj predstavljajo podjetja iz Tur\u010dije, Litve, Belgije, \u0160panije in \u0160vice, vsi so direktni razstavljavci\u00ab, izpostavlja vodja sejmov <strong>\u0160pela Peras Podpe\u010dan.<\/strong><\/p>\n<p>Na otvoritvi pri\u010dakujejo gospodarskega ministra <strong>Matja\u017ea Hana<\/strong>, danes bodo \u017ee podelili tudi sejemska priznanja.<\/p>\n<p>P\u0160<\/p>\n","protected":false},"excerpt":{"rendered":"<p>Na celjskem sejmi\u0161\u010du Golovec se dopoldne za\u010denja Mednarodni industrijski sejem (MIS). Do vklju\u010dno petka se bo predstavljalo 319 razstavljavcev iz 15 dr\u017eav, prireditev pa naj bi po prepri\u010danju organizatorja dru\u017ebe Celjski sejmi v marsi\u010dem presegla tradicionalni jesenski Mednarodni obrtni sejem. Sejemski dvoj\u010dek je zelo specializiran in je tematsko razdeljen na podro\u010dji industrije in lesarstva, gre [&hellip;]<\/p>\n","protected":false},"author":33,"featured_media":161586,"comment_status":"closed","ping_status":"closed","sticky":false,"template":"","format":"standard","meta":{"footnotes":""},"categories":[17],"tags":[8230,15899,17474,17596,17595],"class_list":{"0":"post-161900","1":"post","2":"type-post","3":"status-publish","4":"format-standard","5":"has-post-thumbnail","7":"category-celjsko","8":"tag-celjski-sejmi","9":"tag-matjaz-han","10":"tag-mednarodni-industrijski-sejem","11":"tag-otvoritev-sejma","12":"tag-spela-peras-podpecan"},"yoast_head":"<!-- This site is optimized with the Yoast SEO plugin v27.4 - https:\/\/yoast.com\/product\/yoast-seo-wordpress\/ -->\n<title>CELJE Za\u010denja se MIS &#039;23 - Novice.si<\/title>\n<meta name=\"robots\" content=\"index, follow, max-snippet:-1, max-image-preview:large, max-video-preview:-1\" \/>\n<link rel=\"canonical\" href=\"https:\/\/novice.si\/page\/celje-zacenja-se-mis-23\/\" \/>\n<meta property=\"og:locale\" content=\"sl_SI\" \/>\n<meta property=\"og:type\" content=\"article\" \/>\n<meta property=\"og:title\" content=\"CELJE Za\u010denja se MIS &#039;23 - Novice.si\" \/>\n<meta property=\"og:description\" content=\"Na celjskem sejmi\u0161\u010du Golovec se dopoldne za\u010denja Mednarodni industrijski sejem (MIS). Do vklju\u010dno petka se bo predstavljalo 319 razstavljavcev iz 15 dr\u017eav, prireditev pa naj bi po prepri\u010danju organizatorja dru\u017ebe Celjski sejmi v marsi\u010dem presegla tradicionalni jesenski Mednarodni obrtni sejem. Sejemski dvoj\u010dek je zelo specializiran in je tematsko razdeljen na podro\u010dji industrije in lesarstva, gre [&hellip;]\" \/>\n<meta property=\"og:url\" content=\"https:\/\/novice.si\/page\/celje-zacenja-se-mis-23\/\" \/>\n<meta property=\"og:site_name\" content=\"Novice.si\" \/>\n<meta property=\"article:published_time\" content=\"2023-04-18T04:20:16+00:00\" \/>\n<meta property=\"og:image\" content=\"https:\/\/novice.si\/page\/wp-content\/uploads\/2023\/04\/Celjski-sejem-3-scaled.jpg\" \/>\n\t<meta property=\"og:image:width\" content=\"2560\" \/>\n\t<meta property=\"og:image:height\" content=\"1892\" \/>\n\t<meta property=\"og:image:type\" content=\"image\/jpeg\" \/>\n<meta name=\"author\" content=\"Uredni\u0161tvo Celjana\" \/>\n<meta name=\"twitter:card\" content=\"summary_large_image\" \/>\n<meta name=\"twitter:label1\" content=\"Written by\" \/>\n\t<meta name=\"twitter:data1\" content=\"Uredni\u0161tvo Celjana\" \/>\n\t<meta name=\"twitter:label2\" content=\"Est. reading time\" \/>\n\t<meta name=\"twitter:data2\" content=\"2 minuti\" \/>\n<script type=\"application\/ld+json\" class=\"yoast-schema-graph\">{\"@context\":\"https:\\\/\\\/schema.org\",\"@graph\":[{\"@type\":\"Article\",\"@id\":\"https:\\\/\\\/novice.si\\\/page\\\/celje-zacenja-se-mis-23\\\/#article\",\"isPartOf\":{\"@id\":\"https:\\\/\\\/novice.si\\\/page\\\/celje-zacenja-se-mis-23\\\/\"},\"author\":{\"name\":\"Uredni\u0161tvo Celjana\",\"@id\":\"https:\\\/\\\/novice.si\\\/page\\\/#\\\/schema\\\/person\\\/57f25c9642a9541c7349c65d32032c3e\"},\"headline\":\"CELJE Za\u010denja se MIS &#8217;23\",\"datePublished\":\"2023-04-18T04:20:16+00:00\",\"mainEntityOfPage\":{\"@id\":\"https:\\\/\\\/novice.si\\\/page\\\/celje-zacenja-se-mis-23\\\/\"},\"wordCount\":170,\"publisher\":{\"@id\":\"https:\\\/\\\/novice.si\\\/page\\\/#organization\"},\"image\":{\"@id\":\"https:\\\/\\\/novice.si\\\/page\\\/celje-zacenja-se-mis-23\\\/#primaryimage\"},\"thumbnailUrl\":\"https:\\\/\\\/novice.si\\\/page\\\/wp-content\\\/uploads\\\/2023\\\/04\\\/Celjski-sejem-3-scaled.jpg\",\"keywords\":[\"Celjski sejmi\",\"matja\u017e han\",\"Mednarodni industrijski sejem\",\"otvoritev sejma\",\"\u0161pela peras podpe\u010dan\"],\"articleSection\":[\"Celjsko\"],\"inLanguage\":\"sl-SI\"},{\"@type\":\"WebPage\",\"@id\":\"https:\\\/\\\/novice.si\\\/page\\\/celje-zacenja-se-mis-23\\\/\",\"url\":\"https:\\\/\\\/novice.si\\\/page\\\/celje-zacenja-se-mis-23\\\/\",\"name\":\"CELJE Za\u010denja se MIS '23 - Novice.si\",\"isPartOf\":{\"@id\":\"https:\\\/\\\/novice.si\\\/page\\\/#website\"},\"primaryImageOfPage\":{\"@id\":\"https:\\\/\\\/novice.si\\\/page\\\/celje-zacenja-se-mis-23\\\/#primaryimage\"},\"image\":{\"@id\":\"https:\\\/\\\/novice.si\\\/page\\\/celje-zacenja-se-mis-23\\\/#primaryimage\"},\"thumbnailUrl\":\"https:\\\/\\\/novice.si\\\/page\\\/wp-content\\\/uploads\\\/2023\\\/04\\\/Celjski-sejem-3-scaled.jpg\",\"datePublished\":\"2023-04-18T04:20:16+00:00\",\"breadcrumb\":{\"@id\":\"https:\\\/\\\/novice.si\\\/page\\\/celje-zacenja-se-mis-23\\\/#breadcrumb\"},\"inLanguage\":\"sl-SI\",\"potentialAction\":[{\"@type\":\"ReadAction\",\"target\":[\"https:\\\/\\\/novice.si\\\/page\\\/celje-zacenja-se-mis-23\\\/\"]}]},{\"@type\":\"ImageObject\",\"inLanguage\":\"sl-SI\",\"@id\":\"https:\\\/\\\/novice.si\\\/page\\\/celje-zacenja-se-mis-23\\\/#primaryimage\",\"url\":\"https:\\\/\\\/novice.si\\\/page\\\/wp-content\\\/uploads\\\/2023\\\/04\\\/Celjski-sejem-3-scaled.jpg\",\"contentUrl\":\"https:\\\/\\\/novice.si\\\/page\\\/wp-content\\\/uploads\\\/2023\\\/04\\\/Celjski-sejem-3-scaled.jpg\",\"width\":2560,\"height\":1892},{\"@type\":\"BreadcrumbList\",\"@id\":\"https:\\\/\\\/novice.si\\\/page\\\/celje-zacenja-se-mis-23\\\/#breadcrumb\",\"itemListElement\":[{\"@type\":\"ListItem\",\"position\":1,\"name\":\"Home\",\"item\":\"https:\\\/\\\/novice.si\\\/page\\\/\"},{\"@type\":\"ListItem\",\"position\":2,\"name\":\"CELJE Za\u010denja se MIS &#8217;23\"}]},{\"@type\":\"WebSite\",\"@id\":\"https:\\\/\\\/novice.si\\\/page\\\/#website\",\"url\":\"https:\\\/\\\/novice.si\\\/page\\\/\",\"name\":\"Novice.si\",\"description\":\"\",\"publisher\":{\"@id\":\"https:\\\/\\\/novice.si\\\/page\\\/#organization\"},\"potentialAction\":[{\"@type\":\"SearchAction\",\"target\":{\"@type\":\"EntryPoint\",\"urlTemplate\":\"https:\\\/\\\/novice.si\\\/page\\\/?s={search_term_string}\"},\"query-input\":{\"@type\":\"PropertyValueSpecification\",\"valueRequired\":true,\"valueName\":\"search_term_string\"}}],\"inLanguage\":\"sl-SI\"},{\"@type\":\"Organization\",\"@id\":\"https:\\\/\\\/novice.si\\\/page\\\/#organization\",\"name\":\"Novice.si\",\"url\":\"https:\\\/\\\/novice.si\\\/page\\\/\",\"logo\":{\"@type\":\"ImageObject\",\"inLanguage\":\"sl-SI\",\"@id\":\"https:\\\/\\\/novice.si\\\/page\\\/#\\\/schema\\\/logo\\\/image\\\/\",\"url\":\"https:\\\/\\\/novice.si\\\/page\\\/wp-content\\\/uploads\\\/2023\\\/03\\\/novice_si.png\",\"contentUrl\":\"https:\\\/\\\/novice.si\\\/page\\\/wp-content\\\/uploads\\\/2023\\\/03\\\/novice_si.png\",\"width\":576,\"height\":200,\"caption\":\"Novice.si\"},\"image\":{\"@id\":\"https:\\\/\\\/novice.si\\\/page\\\/#\\\/schema\\\/logo\\\/image\\\/\"}},{\"@type\":\"Person\",\"@id\":\"https:\\\/\\\/novice.si\\\/page\\\/#\\\/schema\\\/person\\\/57f25c9642a9541c7349c65d32032c3e\",\"name\":\"Uredni\u0161tvo Celjana\",\"image\":{\"@type\":\"ImageObject\",\"inLanguage\":\"sl-SI\",\"@id\":\"https:\\\/\\\/secure.gravatar.com\\\/avatar\\\/78e52bc4279b65f6df6345e0ef0f7b792d361361f230cf4ffecfe0afe6d5629c?s=96&d=mm&r=g\",\"url\":\"https:\\\/\\\/secure.gravatar.com\\\/avatar\\\/78e52bc4279b65f6df6345e0ef0f7b792d361361f230cf4ffecfe0afe6d5629c?s=96&d=mm&r=g\",\"contentUrl\":\"https:\\\/\\\/secure.gravatar.com\\\/avatar\\\/78e52bc4279b65f6df6345e0ef0f7b792d361361f230cf4ffecfe0afe6d5629c?s=96&d=mm&r=g\",\"caption\":\"Uredni\u0161tvo Celjana\"},\"url\":\"https:\\\/\\\/novice.si\\\/page\\\/author\\\/primoz\\\/\"}]}<\/script>\n<!-- \/ Yoast SEO plugin. -->","yoast_head_json":{"title":"CELJE Za\u010denja se MIS '23 - Novice.si","robots":{"index":"index","follow":"follow","max-snippet":"max-snippet:-1","max-image-preview":"max-image-preview:large","max-video-preview":"max-video-preview:-1"},"canonical":"https:\/\/novice.si\/page\/celje-zacenja-se-mis-23\/","og_locale":"sl_SI","og_type":"article","og_title":"CELJE Za\u010denja se MIS '23 - Novice.si","og_description":"Na celjskem sejmi\u0161\u010du Golovec se dopoldne za\u010denja Mednarodni industrijski sejem (MIS). Do vklju\u010dno petka se bo predstavljalo 319 razstavljavcev iz 15 dr\u017eav, prireditev pa naj bi po prepri\u010danju organizatorja dru\u017ebe Celjski sejmi v marsi\u010dem presegla tradicionalni jesenski Mednarodni obrtni sejem. Sejemski dvoj\u010dek je zelo specializiran in je tematsko razdeljen na podro\u010dji industrije in lesarstva, gre [&hellip;]","og_url":"https:\/\/novice.si\/page\/celje-zacenja-se-mis-23\/","og_site_name":"Novice.si","article_published_time":"2023-04-18T04:20:16+00:00","og_image":[{"width":2560,"height":1892,"url":"https:\/\/novice.si\/page\/wp-content\/uploads\/2023\/04\/Celjski-sejem-3-scaled.jpg","type":"image\/jpeg"}],"author":"Uredni\u0161tvo Celjana","twitter_card":"summary_large_image","twitter_misc":{"Written by":"Uredni\u0161tvo Celjana","Est. reading time":"2 minuti"},"schema":{"@context":"https:\/\/schema.org","@graph":[{"@type":"Article","@id":"https:\/\/novice.si\/page\/celje-zacenja-se-mis-23\/#article","isPartOf":{"@id":"https:\/\/novice.si\/page\/celje-zacenja-se-mis-23\/"},"author":{"name":"Uredni\u0161tvo Celjana","@id":"https:\/\/novice.si\/page\/#\/schema\/person\/57f25c9642a9541c7349c65d32032c3e"},"headline":"CELJE Za\u010denja se MIS &#8217;23","datePublished":"2023-04-18T04:20:16+00:00","mainEntityOfPage":{"@id":"https:\/\/novice.si\/page\/celje-zacenja-se-mis-23\/"},"wordCount":170,"publisher":{"@id":"https:\/\/novice.si\/page\/#organization"},"image":{"@id":"https:\/\/novice.si\/page\/celje-zacenja-se-mis-23\/#primaryimage"},"thumbnailUrl":"https:\/\/novice.si\/page\/wp-content\/uploads\/2023\/04\/Celjski-sejem-3-scaled.jpg","keywords":["Celjski sejmi","matja\u017e han","Mednarodni industrijski sejem","otvoritev sejma","\u0161pela peras podpe\u010dan"],"articleSection":["Celjsko"],"inLanguage":"sl-SI"},{"@type":"WebPage","@id":"https:\/\/novice.si\/page\/celje-zacenja-se-mis-23\/","url":"https:\/\/novice.si\/page\/celje-zacenja-se-mis-23\/","name":"CELJE Za\u010denja se MIS '23 - Novice.si","isPartOf":{"@id":"https:\/\/novice.si\/page\/#website"},"primaryImageOfPage":{"@id":"https:\/\/novice.si\/page\/celje-zacenja-se-mis-23\/#primaryimage"},"image":{"@id":"https:\/\/novice.si\/page\/celje-zacenja-se-mis-23\/#primaryimage"},"thumbnailUrl":"https:\/\/novice.si\/page\/wp-content\/uploads\/2023\/04\/Celjski-sejem-3-scaled.jpg","datePublished":"2023-04-18T04:20:16+00:00","breadcrumb":{"@id":"https:\/\/novice.si\/page\/celje-zacenja-se-mis-23\/#breadcrumb"},"inLanguage":"sl-SI","potentialAction":[{"@type":"ReadAction","target":["https:\/\/novice.si\/page\/celje-zacenja-se-mis-23\/"]}]},{"@type":"ImageObject","inLanguage":"sl-SI","@id":"https:\/\/novice.si\/page\/celje-zacenja-se-mis-23\/#primaryimage","url":"https:\/\/novice.si\/page\/wp-content\/uploads\/2023\/04\/Celjski-sejem-3-scaled.jpg","contentUrl":"https:\/\/novice.si\/page\/wp-content\/uploads\/2023\/04\/Celjski-sejem-3-scaled.jpg","width":2560,"height":1892},{"@type":"BreadcrumbList","@id":"https:\/\/novice.si\/page\/celje-zacenja-se-mis-23\/#breadcrumb","itemListElement":[{"@type":"ListItem","position":1,"name":"Home","item":"https:\/\/novice.si\/page\/"},{"@type":"ListItem","position":2,"name":"CELJE Za\u010denja se MIS &#8217;23"}]},{"@type":"WebSite","@id":"https:\/\/novice.si\/page\/#website","url":"https:\/\/novice.si\/page\/","name":"Novice.si","description":"","publisher":{"@id":"https:\/\/novice.si\/page\/#organization"},"potentialAction":[{"@type":"SearchAction","target":{"@type":"EntryPoint","urlTemplate":"https:\/\/novice.si\/page\/?s={search_term_string}"},"query-input":{"@type":"PropertyValueSpecification","valueRequired":true,"valueName":"search_term_string"}}],"inLanguage":"sl-SI"},{"@type":"Organization","@id":"https:\/\/novice.si\/page\/#organization","name":"Novice.si","url":"https:\/\/novice.si\/page\/","logo":{"@type":"ImageObject","inLanguage":"sl-SI","@id":"https:\/\/novice.si\/page\/#\/schema\/logo\/image\/","url":"https:\/\/novice.si\/page\/wp-content\/uploads\/2023\/03\/novice_si.png","contentUrl":"https:\/\/novice.si\/page\/wp-content\/uploads\/2023\/03\/novice_si.png","width":576,"height":200,"caption":"Novice.si"},"image":{"@id":"https:\/\/novice.si\/page\/#\/schema\/logo\/image\/"}},{"@type":"Person","@id":"https:\/\/novice.si\/page\/#\/schema\/person\/57f25c9642a9541c7349c65d32032c3e","name":"Uredni\u0161tvo Celjana","image":{"@type":"ImageObject","inLanguage":"sl-SI","@id":"https:\/\/secure.gravatar.com\/avatar\/78e52bc4279b65f6df6345e0ef0f7b792d361361f230cf4ffecfe0afe6d5629c?s=96&d=mm&r=g","url":"https:\/\/secure.gravatar.com\/avatar\/78e52bc4279b65f6df6345e0ef0f7b792d361361f230cf4ffecfe0afe6d5629c?s=96&d=mm&r=g","contentUrl":"https:\/\/secure.gravatar.com\/avatar\/78e52bc4279b65f6df6345e0ef0f7b792d361361f230cf4ffecfe0afe6d5629c?s=96&d=mm&r=g","caption":"Uredni\u0161tvo Celjana"},"url":"https:\/\/novice.si\/page\/author\/primoz\/"}]}},"_links":{"self":[{"href":"https:\/\/novice.si\/page\/wp-json\/wp\/v2\/posts\/161900","targetHints":{"allow":["GET"]}}],"collection":[{"href":"https:\/\/novice.si\/page\/wp-json\/wp\/v2\/posts"}],"about":[{"href":"https:\/\/novice.si\/page\/wp-json\/wp\/v2\/types\/post"}],"author":[{"embeddable":true,"href":"https:\/\/novice.si\/page\/wp-json\/wp\/v2\/users\/33"}],"replies":[{"embeddable":true,"href":"https:\/\/novice.si\/page\/wp-json\/wp\/v2\/comments?post=161900"}],"version-history":[{"count":1,"href":"https:\/\/novice.si\/page\/wp-json\/wp\/v2\/posts\/161900\/revisions"}],"predecessor-version":[{"id":161901,"href":"https:\/\/novice.si\/page\/wp-json\/wp\/v2\/posts\/161900\/revisions\/161901"}],"wp:featuredmedia":[{"embeddable":true,"href":"https:\/\/novice.si\/page\/wp-json\/wp\/v2\/media\/161586"}],"wp:attachment":[{"href":"https:\/\/novice.si\/page\/wp-json\/wp\/v2\/media?parent=161900"}],"wp:term":[{"taxonomy":"category","embeddable":true,"href":"https:\/\/novice.si\/page\/wp-json\/wp\/v2\/categories?post=161900"},{"taxonomy":"post_tag","embeddable":true,"href":"https:\/\/novice.si\/page\/wp-json\/wp\/v2\/tags?post=161900"}],"curies":[{"name":"wp","href":"https:\/\/api.w.org\/{rel}","templated":true}]}}