{"id":161878,"date":"2023-04-14T12:59:38","date_gmt":"2023-04-14T10:59:38","guid":{"rendered":"https:\/\/novice.si\/page\/?p=161878"},"modified":"2023-04-14T12:59:38","modified_gmt":"2023-04-14T10:59:38","slug":"v-slovenski-bistrici-bo-to-nedeljo-ze-dvajsetic-bistriski-tek","status":"publish","type":"post","link":"https:\/\/novice.si\/page\/v-slovenski-bistrici-bo-to-nedeljo-ze-dvajsetic-bistriski-tek\/","title":{"rendered":"V Slovenski Bistrici bo to nedeljo \u017ee dvajseti\u010d Bistri\u0161ki tek"},"content":{"rendered":"<p>Javni zavod za \u0161port letos \u017ee dvajseti\u010d organizira BISTRI\u0160KI TEK po ulicah Slovenske Bistrice. Prireditev bo <strong>v nedeljo, 16. aprila<\/strong>, s pri\u010detkom ob 9. uri.<br \/>\nTek je najmno\u017ei\u010dnej\u0161a \u0161portna prireditev v Slovenski Bistrici. Udele\u017eba presega \u0161tevilo 1000 teka\u010dev, kar je za ob\u010dino Slovenska Bistrica zavidljivo veliko, predvsem sodeluje ogromno otrok.<br \/>\nTek je v koledarju \u0160tajersko \u2013 Koro\u0161kega pokala, za katerega \u0161teje 18 tekmovanj. Tekmovanje bo letos \u0161telo tudi kot dr\u017eavno prvenstvo veteranov v teku na 10 km.<br \/>\nPrireditev bo v vsakem vremenu, poudarja direktor Zavoda za \u0161port <strong>Bo\u0161tjan Fridrih.<\/strong> Obenem vabi vse ob\u010dane, da aktivno sodelujejo pri teku, bodisi kot tekmovalci ali navija\u010di.<br \/>\nTrasa teka bo potekala po bistri\u0161kih ulicah, ki bodo v \u010dasu teka zaprte za promet. Obvozi bodo urejeni po vzporednih cestah. Prebivalce prosijo za razumevanje in strpnost.<\/p>\n<p><img loading=\"lazy\" decoding=\"async\" class=\"alignnone wp-image-160763 size-medium\" src=\"https:\/\/novice.si\/page\/wp-content\/uploads\/2023\/03\/tek1_resize-300x207.jpg\" alt=\"\" width=\"300\" height=\"207\" srcset=\"https:\/\/novice.si\/page\/wp-content\/uploads\/2023\/03\/tek1_resize-300x207.jpg 300w, https:\/\/novice.si\/page\/wp-content\/uploads\/2023\/03\/tek1_resize-768x529.jpg 768w, https:\/\/novice.si\/page\/wp-content\/uploads\/2023\/03\/tek1_resize-100x70.jpg 100w, https:\/\/novice.si\/page\/wp-content\/uploads\/2023\/03\/tek1_resize-218x150.jpg 218w, https:\/\/novice.si\/page\/wp-content\/uploads\/2023\/03\/tek1_resize-696x480.jpg 696w, https:\/\/novice.si\/page\/wp-content\/uploads\/2023\/03\/tek1_resize-610x420.jpg 610w, https:\/\/novice.si\/page\/wp-content\/uploads\/2023\/03\/tek1_resize-24x17.jpg 24w, https:\/\/novice.si\/page\/wp-content\/uploads\/2023\/03\/tek1_resize-36x25.jpg 36w, https:\/\/novice.si\/page\/wp-content\/uploads\/2023\/03\/tek1_resize-48x33.jpg 48w, https:\/\/novice.si\/page\/wp-content\/uploads\/2023\/03\/tek1_resize.jpg 1000w\" sizes=\"auto, (max-width: 300px) 100vw, 300px\" \/><\/p>\n","protected":false},"excerpt":{"rendered":"<p>Javni zavod za \u0161port letos \u017ee dvajseti\u010d organizira BISTRI\u0160KI TEK po ulicah Slovenske Bistrice. Prireditev bo v nedeljo, 16. aprila, s pri\u010detkom ob 9. uri. Tek je najmno\u017ei\u010dnej\u0161a \u0161portna prireditev v Slovenski Bistrici. Udele\u017eba presega \u0161tevilo 1000 teka\u010dev, kar je za ob\u010dino Slovenska Bistrica zavidljivo veliko, predvsem sodeluje ogromno otrok. Tek je v koledarju \u0160tajersko [&hellip;]<\/p>\n","protected":false},"author":8,"featured_media":160763,"comment_status":"closed","ping_status":"closed","sticky":false,"template":"","format":"standard","meta":{"footnotes":""},"categories":[14,32],"tags":[17582,6440,682,171],"class_list":{"0":"post-161878","1":"post","2":"type-post","3":"status-publish","4":"format-standard","5":"has-post-thumbnail","7":"category-aktualno","8":"category-bistrisko","9":"tag-bistroski-tek","10":"tag-bostjan-fridrih","11":"tag-pokal","12":"tag-slovenska-bistrica"},"yoast_head":"<!-- This site is optimized with the Yoast SEO plugin v27.4 - https:\/\/yoast.com\/product\/yoast-seo-wordpress\/ -->\n<title>V Slovenski Bistrici bo to nedeljo \u017ee dvajseti\u010d Bistri\u0161ki tek - Novice.si<\/title>\n<meta name=\"robots\" content=\"index, follow, max-snippet:-1, max-image-preview:large, max-video-preview:-1\" \/>\n<link rel=\"canonical\" href=\"https:\/\/novice.si\/page\/v-slovenski-bistrici-bo-to-nedeljo-ze-dvajsetic-bistriski-tek\/\" \/>\n<meta property=\"og:locale\" content=\"sl_SI\" \/>\n<meta property=\"og:type\" content=\"article\" \/>\n<meta property=\"og:title\" content=\"V Slovenski Bistrici bo to nedeljo \u017ee dvajseti\u010d Bistri\u0161ki tek - Novice.si\" \/>\n<meta property=\"og:description\" content=\"Javni zavod za \u0161port letos \u017ee dvajseti\u010d organizira BISTRI\u0160KI TEK po ulicah Slovenske Bistrice. Prireditev bo v nedeljo, 16. aprila, s pri\u010detkom ob 9. uri. Tek je najmno\u017ei\u010dnej\u0161a \u0161portna prireditev v Slovenski Bistrici. Udele\u017eba presega \u0161tevilo 1000 teka\u010dev, kar je za ob\u010dino Slovenska Bistrica zavidljivo veliko, predvsem sodeluje ogromno otrok. Tek je v koledarju \u0160tajersko [&hellip;]\" \/>\n<meta property=\"og:url\" content=\"https:\/\/novice.si\/page\/v-slovenski-bistrici-bo-to-nedeljo-ze-dvajsetic-bistriski-tek\/\" \/>\n<meta property=\"og:site_name\" content=\"Novice.si\" \/>\n<meta property=\"article:published_time\" content=\"2023-04-14T10:59:38+00:00\" \/>\n<meta property=\"og:image\" content=\"https:\/\/novice.si\/page\/wp-content\/uploads\/2023\/03\/tek1_resize.jpg\" \/>\n\t<meta property=\"og:image:width\" content=\"1000\" \/>\n\t<meta property=\"og:image:height\" content=\"689\" \/>\n\t<meta property=\"og:image:type\" content=\"image\/jpeg\" \/>\n<meta name=\"author\" content=\"Uredni\u0161tvo Bistri\u0161kih novic\" \/>\n<meta name=\"twitter:card\" content=\"summary_large_image\" \/>\n<meta name=\"twitter:label1\" content=\"Written by\" \/>\n\t<meta name=\"twitter:data1\" content=\"Uredni\u0161tvo Bistri\u0161kih novic\" \/>\n\t<meta name=\"twitter:label2\" content=\"Est. reading time\" \/>\n\t<meta name=\"twitter:data2\" content=\"1 minuta\" \/>\n<script type=\"application\/ld+json\" class=\"yoast-schema-graph\">{\"@context\":\"https:\\\/\\\/schema.org\",\"@graph\":[{\"@type\":\"Article\",\"@id\":\"https:\\\/\\\/novice.si\\\/page\\\/v-slovenski-bistrici-bo-to-nedeljo-ze-dvajsetic-bistriski-tek\\\/#article\",\"isPartOf\":{\"@id\":\"https:\\\/\\\/novice.si\\\/page\\\/v-slovenski-bistrici-bo-to-nedeljo-ze-dvajsetic-bistriski-tek\\\/\"},\"author\":{\"name\":\"Uredni\u0161tvo Bistri\u0161kih novic\",\"@id\":\"https:\\\/\\\/novice.si\\\/page\\\/#\\\/schema\\\/person\\\/96b32396deedcde3f7f776c306b4be21\"},\"headline\":\"V Slovenski Bistrici bo to nedeljo \u017ee dvajseti\u010d Bistri\u0161ki tek\",\"datePublished\":\"2023-04-14T10:59:38+00:00\",\"mainEntityOfPage\":{\"@id\":\"https:\\\/\\\/novice.si\\\/page\\\/v-slovenski-bistrici-bo-to-nedeljo-ze-dvajsetic-bistriski-tek\\\/\"},\"wordCount\":149,\"publisher\":{\"@id\":\"https:\\\/\\\/novice.si\\\/page\\\/#organization\"},\"image\":{\"@id\":\"https:\\\/\\\/novice.si\\\/page\\\/v-slovenski-bistrici-bo-to-nedeljo-ze-dvajsetic-bistriski-tek\\\/#primaryimage\"},\"thumbnailUrl\":\"https:\\\/\\\/novice.si\\\/page\\\/wp-content\\\/uploads\\\/2023\\\/03\\\/tek1_resize.jpg\",\"keywords\":[\"Bistro\u0161ki tek\",\"Bo\u0161tjan Fridrih\",\"pokal\",\"Slovenska Bistrica\"],\"articleSection\":[\"Aktualno\",\"Bistri\u0161ko\"],\"inLanguage\":\"sl-SI\"},{\"@type\":\"WebPage\",\"@id\":\"https:\\\/\\\/novice.si\\\/page\\\/v-slovenski-bistrici-bo-to-nedeljo-ze-dvajsetic-bistriski-tek\\\/\",\"url\":\"https:\\\/\\\/novice.si\\\/page\\\/v-slovenski-bistrici-bo-to-nedeljo-ze-dvajsetic-bistriski-tek\\\/\",\"name\":\"V Slovenski Bistrici bo to nedeljo \u017ee dvajseti\u010d Bistri\u0161ki tek - Novice.si\",\"isPartOf\":{\"@id\":\"https:\\\/\\\/novice.si\\\/page\\\/#website\"},\"primaryImageOfPage\":{\"@id\":\"https:\\\/\\\/novice.si\\\/page\\\/v-slovenski-bistrici-bo-to-nedeljo-ze-dvajsetic-bistriski-tek\\\/#primaryimage\"},\"image\":{\"@id\":\"https:\\\/\\\/novice.si\\\/page\\\/v-slovenski-bistrici-bo-to-nedeljo-ze-dvajsetic-bistriski-tek\\\/#primaryimage\"},\"thumbnailUrl\":\"https:\\\/\\\/novice.si\\\/page\\\/wp-content\\\/uploads\\\/2023\\\/03\\\/tek1_resize.jpg\",\"datePublished\":\"2023-04-14T10:59:38+00:00\",\"breadcrumb\":{\"@id\":\"https:\\\/\\\/novice.si\\\/page\\\/v-slovenski-bistrici-bo-to-nedeljo-ze-dvajsetic-bistriski-tek\\\/#breadcrumb\"},\"inLanguage\":\"sl-SI\",\"potentialAction\":[{\"@type\":\"ReadAction\",\"target\":[\"https:\\\/\\\/novice.si\\\/page\\\/v-slovenski-bistrici-bo-to-nedeljo-ze-dvajsetic-bistriski-tek\\\/\"]}]},{\"@type\":\"ImageObject\",\"inLanguage\":\"sl-SI\",\"@id\":\"https:\\\/\\\/novice.si\\\/page\\\/v-slovenski-bistrici-bo-to-nedeljo-ze-dvajsetic-bistriski-tek\\\/#primaryimage\",\"url\":\"https:\\\/\\\/novice.si\\\/page\\\/wp-content\\\/uploads\\\/2023\\\/03\\\/tek1_resize.jpg\",\"contentUrl\":\"https:\\\/\\\/novice.si\\\/page\\\/wp-content\\\/uploads\\\/2023\\\/03\\\/tek1_resize.jpg\",\"width\":1000,\"height\":689},{\"@type\":\"BreadcrumbList\",\"@id\":\"https:\\\/\\\/novice.si\\\/page\\\/v-slovenski-bistrici-bo-to-nedeljo-ze-dvajsetic-bistriski-tek\\\/#breadcrumb\",\"itemListElement\":[{\"@type\":\"ListItem\",\"position\":1,\"name\":\"Home\",\"item\":\"https:\\\/\\\/novice.si\\\/page\\\/\"},{\"@type\":\"ListItem\",\"position\":2,\"name\":\"V Slovenski Bistrici bo to nedeljo \u017ee dvajseti\u010d Bistri\u0161ki tek\"}]},{\"@type\":\"WebSite\",\"@id\":\"https:\\\/\\\/novice.si\\\/page\\\/#website\",\"url\":\"https:\\\/\\\/novice.si\\\/page\\\/\",\"name\":\"Novice.si\",\"description\":\"\",\"publisher\":{\"@id\":\"https:\\\/\\\/novice.si\\\/page\\\/#organization\"},\"potentialAction\":[{\"@type\":\"SearchAction\",\"target\":{\"@type\":\"EntryPoint\",\"urlTemplate\":\"https:\\\/\\\/novice.si\\\/page\\\/?s={search_term_string}\"},\"query-input\":{\"@type\":\"PropertyValueSpecification\",\"valueRequired\":true,\"valueName\":\"search_term_string\"}}],\"inLanguage\":\"sl-SI\"},{\"@type\":\"Organization\",\"@id\":\"https:\\\/\\\/novice.si\\\/page\\\/#organization\",\"name\":\"Novice.si\",\"url\":\"https:\\\/\\\/novice.si\\\/page\\\/\",\"logo\":{\"@type\":\"ImageObject\",\"inLanguage\":\"sl-SI\",\"@id\":\"https:\\\/\\\/novice.si\\\/page\\\/#\\\/schema\\\/logo\\\/image\\\/\",\"url\":\"https:\\\/\\\/novice.si\\\/page\\\/wp-content\\\/uploads\\\/2023\\\/03\\\/novice_si.png\",\"contentUrl\":\"https:\\\/\\\/novice.si\\\/page\\\/wp-content\\\/uploads\\\/2023\\\/03\\\/novice_si.png\",\"width\":576,\"height\":200,\"caption\":\"Novice.si\"},\"image\":{\"@id\":\"https:\\\/\\\/novice.si\\\/page\\\/#\\\/schema\\\/logo\\\/image\\\/\"}},{\"@type\":\"Person\",\"@id\":\"https:\\\/\\\/novice.si\\\/page\\\/#\\\/schema\\\/person\\\/96b32396deedcde3f7f776c306b4be21\",\"name\":\"Uredni\u0161tvo Bistri\u0161kih novic\",\"image\":{\"@type\":\"ImageObject\",\"inLanguage\":\"sl-SI\",\"@id\":\"https:\\\/\\\/secure.gravatar.com\\\/avatar\\\/26c56c4b10cdb3a21e86442e5f2845a4eafdd0f3605def77ec6cff4aaef32ea4?s=96&d=mm&r=g\",\"url\":\"https:\\\/\\\/secure.gravatar.com\\\/avatar\\\/26c56c4b10cdb3a21e86442e5f2845a4eafdd0f3605def77ec6cff4aaef32ea4?s=96&d=mm&r=g\",\"contentUrl\":\"https:\\\/\\\/secure.gravatar.com\\\/avatar\\\/26c56c4b10cdb3a21e86442e5f2845a4eafdd0f3605def77ec6cff4aaef32ea4?s=96&d=mm&r=g\",\"caption\":\"Uredni\u0161tvo Bistri\u0161kih novic\"},\"url\":\"https:\\\/\\\/novice.si\\\/page\\\/author\\\/bojana\\\/\"}]}<\/script>\n<!-- \/ Yoast SEO plugin. -->","yoast_head_json":{"title":"V Slovenski Bistrici bo to nedeljo \u017ee dvajseti\u010d Bistri\u0161ki tek - Novice.si","robots":{"index":"index","follow":"follow","max-snippet":"max-snippet:-1","max-image-preview":"max-image-preview:large","max-video-preview":"max-video-preview:-1"},"canonical":"https:\/\/novice.si\/page\/v-slovenski-bistrici-bo-to-nedeljo-ze-dvajsetic-bistriski-tek\/","og_locale":"sl_SI","og_type":"article","og_title":"V Slovenski Bistrici bo to nedeljo \u017ee dvajseti\u010d Bistri\u0161ki tek - Novice.si","og_description":"Javni zavod za \u0161port letos \u017ee dvajseti\u010d organizira BISTRI\u0160KI TEK po ulicah Slovenske Bistrice. Prireditev bo v nedeljo, 16. aprila, s pri\u010detkom ob 9. uri. Tek je najmno\u017ei\u010dnej\u0161a \u0161portna prireditev v Slovenski Bistrici. Udele\u017eba presega \u0161tevilo 1000 teka\u010dev, kar je za ob\u010dino Slovenska Bistrica zavidljivo veliko, predvsem sodeluje ogromno otrok. Tek je v koledarju \u0160tajersko [&hellip;]","og_url":"https:\/\/novice.si\/page\/v-slovenski-bistrici-bo-to-nedeljo-ze-dvajsetic-bistriski-tek\/","og_site_name":"Novice.si","article_published_time":"2023-04-14T10:59:38+00:00","og_image":[{"width":1000,"height":689,"url":"https:\/\/novice.si\/page\/wp-content\/uploads\/2023\/03\/tek1_resize.jpg","type":"image\/jpeg"}],"author":"Uredni\u0161tvo Bistri\u0161kih novic","twitter_card":"summary_large_image","twitter_misc":{"Written by":"Uredni\u0161tvo Bistri\u0161kih novic","Est. reading time":"1 minuta"},"schema":{"@context":"https:\/\/schema.org","@graph":[{"@type":"Article","@id":"https:\/\/novice.si\/page\/v-slovenski-bistrici-bo-to-nedeljo-ze-dvajsetic-bistriski-tek\/#article","isPartOf":{"@id":"https:\/\/novice.si\/page\/v-slovenski-bistrici-bo-to-nedeljo-ze-dvajsetic-bistriski-tek\/"},"author":{"name":"Uredni\u0161tvo Bistri\u0161kih novic","@id":"https:\/\/novice.si\/page\/#\/schema\/person\/96b32396deedcde3f7f776c306b4be21"},"headline":"V Slovenski Bistrici bo to nedeljo \u017ee dvajseti\u010d Bistri\u0161ki tek","datePublished":"2023-04-14T10:59:38+00:00","mainEntityOfPage":{"@id":"https:\/\/novice.si\/page\/v-slovenski-bistrici-bo-to-nedeljo-ze-dvajsetic-bistriski-tek\/"},"wordCount":149,"publisher":{"@id":"https:\/\/novice.si\/page\/#organization"},"image":{"@id":"https:\/\/novice.si\/page\/v-slovenski-bistrici-bo-to-nedeljo-ze-dvajsetic-bistriski-tek\/#primaryimage"},"thumbnailUrl":"https:\/\/novice.si\/page\/wp-content\/uploads\/2023\/03\/tek1_resize.jpg","keywords":["Bistro\u0161ki tek","Bo\u0161tjan Fridrih","pokal","Slovenska Bistrica"],"articleSection":["Aktualno","Bistri\u0161ko"],"inLanguage":"sl-SI"},{"@type":"WebPage","@id":"https:\/\/novice.si\/page\/v-slovenski-bistrici-bo-to-nedeljo-ze-dvajsetic-bistriski-tek\/","url":"https:\/\/novice.si\/page\/v-slovenski-bistrici-bo-to-nedeljo-ze-dvajsetic-bistriski-tek\/","name":"V Slovenski Bistrici bo to nedeljo \u017ee dvajseti\u010d Bistri\u0161ki tek - Novice.si","isPartOf":{"@id":"https:\/\/novice.si\/page\/#website"},"primaryImageOfPage":{"@id":"https:\/\/novice.si\/page\/v-slovenski-bistrici-bo-to-nedeljo-ze-dvajsetic-bistriski-tek\/#primaryimage"},"image":{"@id":"https:\/\/novice.si\/page\/v-slovenski-bistrici-bo-to-nedeljo-ze-dvajsetic-bistriski-tek\/#primaryimage"},"thumbnailUrl":"https:\/\/novice.si\/page\/wp-content\/uploads\/2023\/03\/tek1_resize.jpg","datePublished":"2023-04-14T10:59:38+00:00","breadcrumb":{"@id":"https:\/\/novice.si\/page\/v-slovenski-bistrici-bo-to-nedeljo-ze-dvajsetic-bistriski-tek\/#breadcrumb"},"inLanguage":"sl-SI","potentialAction":[{"@type":"ReadAction","target":["https:\/\/novice.si\/page\/v-slovenski-bistrici-bo-to-nedeljo-ze-dvajsetic-bistriski-tek\/"]}]},{"@type":"ImageObject","inLanguage":"sl-SI","@id":"https:\/\/novice.si\/page\/v-slovenski-bistrici-bo-to-nedeljo-ze-dvajsetic-bistriski-tek\/#primaryimage","url":"https:\/\/novice.si\/page\/wp-content\/uploads\/2023\/03\/tek1_resize.jpg","contentUrl":"https:\/\/novice.si\/page\/wp-content\/uploads\/2023\/03\/tek1_resize.jpg","width":1000,"height":689},{"@type":"BreadcrumbList","@id":"https:\/\/novice.si\/page\/v-slovenski-bistrici-bo-to-nedeljo-ze-dvajsetic-bistriski-tek\/#breadcrumb","itemListElement":[{"@type":"ListItem","position":1,"name":"Home","item":"https:\/\/novice.si\/page\/"},{"@type":"ListItem","position":2,"name":"V Slovenski Bistrici bo to nedeljo \u017ee dvajseti\u010d Bistri\u0161ki tek"}]},{"@type":"WebSite","@id":"https:\/\/novice.si\/page\/#website","url":"https:\/\/novice.si\/page\/","name":"Novice.si","description":"","publisher":{"@id":"https:\/\/novice.si\/page\/#organization"},"potentialAction":[{"@type":"SearchAction","target":{"@type":"EntryPoint","urlTemplate":"https:\/\/novice.si\/page\/?s={search_term_string}"},"query-input":{"@type":"PropertyValueSpecification","valueRequired":true,"valueName":"search_term_string"}}],"inLanguage":"sl-SI"},{"@type":"Organization","@id":"https:\/\/novice.si\/page\/#organization","name":"Novice.si","url":"https:\/\/novice.si\/page\/","logo":{"@type":"ImageObject","inLanguage":"sl-SI","@id":"https:\/\/novice.si\/page\/#\/schema\/logo\/image\/","url":"https:\/\/novice.si\/page\/wp-content\/uploads\/2023\/03\/novice_si.png","contentUrl":"https:\/\/novice.si\/page\/wp-content\/uploads\/2023\/03\/novice_si.png","width":576,"height":200,"caption":"Novice.si"},"image":{"@id":"https:\/\/novice.si\/page\/#\/schema\/logo\/image\/"}},{"@type":"Person","@id":"https:\/\/novice.si\/page\/#\/schema\/person\/96b32396deedcde3f7f776c306b4be21","name":"Uredni\u0161tvo Bistri\u0161kih novic","image":{"@type":"ImageObject","inLanguage":"sl-SI","@id":"https:\/\/secure.gravatar.com\/avatar\/26c56c4b10cdb3a21e86442e5f2845a4eafdd0f3605def77ec6cff4aaef32ea4?s=96&d=mm&r=g","url":"https:\/\/secure.gravatar.com\/avatar\/26c56c4b10cdb3a21e86442e5f2845a4eafdd0f3605def77ec6cff4aaef32ea4?s=96&d=mm&r=g","contentUrl":"https:\/\/secure.gravatar.com\/avatar\/26c56c4b10cdb3a21e86442e5f2845a4eafdd0f3605def77ec6cff4aaef32ea4?s=96&d=mm&r=g","caption":"Uredni\u0161tvo Bistri\u0161kih novic"},"url":"https:\/\/novice.si\/page\/author\/bojana\/"}]}},"_links":{"self":[{"href":"https:\/\/novice.si\/page\/wp-json\/wp\/v2\/posts\/161878","targetHints":{"allow":["GET"]}}],"collection":[{"href":"https:\/\/novice.si\/page\/wp-json\/wp\/v2\/posts"}],"about":[{"href":"https:\/\/novice.si\/page\/wp-json\/wp\/v2\/types\/post"}],"author":[{"embeddable":true,"href":"https:\/\/novice.si\/page\/wp-json\/wp\/v2\/users\/8"}],"replies":[{"embeddable":true,"href":"https:\/\/novice.si\/page\/wp-json\/wp\/v2\/comments?post=161878"}],"version-history":[{"count":1,"href":"https:\/\/novice.si\/page\/wp-json\/wp\/v2\/posts\/161878\/revisions"}],"predecessor-version":[{"id":161879,"href":"https:\/\/novice.si\/page\/wp-json\/wp\/v2\/posts\/161878\/revisions\/161879"}],"wp:featuredmedia":[{"embeddable":true,"href":"https:\/\/novice.si\/page\/wp-json\/wp\/v2\/media\/160763"}],"wp:attachment":[{"href":"https:\/\/novice.si\/page\/wp-json\/wp\/v2\/media?parent=161878"}],"wp:term":[{"taxonomy":"category","embeddable":true,"href":"https:\/\/novice.si\/page\/wp-json\/wp\/v2\/categories?post=161878"},{"taxonomy":"post_tag","embeddable":true,"href":"https:\/\/novice.si\/page\/wp-json\/wp\/v2\/tags?post=161878"}],"curies":[{"name":"wp","href":"https:\/\/api.w.org\/{rel}","templated":true}]}}