{"id":161874,"date":"2023-04-14T11:19:45","date_gmt":"2023-04-14T09:19:45","guid":{"rendered":"https:\/\/novice.si\/page\/?p=161874"},"modified":"2023-04-14T11:19:45","modified_gmt":"2023-04-14T09:19:45","slug":"slovenske-konjice-pred-obnovo-avtoceste-studija-prometa-za-regionalko","status":"publish","type":"post","link":"https:\/\/novice.si\/page\/slovenske-konjice-pred-obnovo-avtoceste-studija-prometa-za-regionalko\/","title":{"rendered":"Slovenske Konjice: pred obnovo avtoceste \u0161tudija prometa za &#8216;regionalko&#8217;"},"content":{"rendered":"<p><img loading=\"lazy\" decoding=\"async\" class=\"alignnone size-medium wp-image-161875\" src=\"https:\/\/novice.si\/page\/wp-content\/uploads\/2023\/04\/IMG_8873_resize-600x400.jpg\" alt=\"\" width=\"600\" height=\"400\" srcset=\"https:\/\/novice.si\/page\/wp-content\/uploads\/2023\/04\/IMG_8873_resize-600x400.jpg 600w, https:\/\/novice.si\/page\/wp-content\/uploads\/2023\/04\/IMG_8873_resize-768x512.jpg 768w, https:\/\/novice.si\/page\/wp-content\/uploads\/2023\/04\/IMG_8873_resize-696x464.jpg 696w, https:\/\/novice.si\/page\/wp-content\/uploads\/2023\/04\/IMG_8873_resize-630x420.jpg 630w, https:\/\/novice.si\/page\/wp-content\/uploads\/2023\/04\/IMG_8873_resize-24x16.jpg 24w, https:\/\/novice.si\/page\/wp-content\/uploads\/2023\/04\/IMG_8873_resize-36x24.jpg 36w, https:\/\/novice.si\/page\/wp-content\/uploads\/2023\/04\/IMG_8873_resize-48x32.jpg 48w, https:\/\/novice.si\/page\/wp-content\/uploads\/2023\/04\/IMG_8873_resize.jpg 800w\" sizes=\"auto, (max-width: 600px) 100vw, 600px\" \/><br \/>\nDa se je treba na obnovo avtocestnega odseka med Dramljami in Slovenskimi Konjicami dobro pripraviti, poudarjajo \u017eupani vseh ob\u010din, kjer se bo v \u010dasu del na avtocesti pove\u010dal promet na regionalnih in ob\u010dinskih cestah. Danes so se na sestanku v Slovenskih Konjicah dogovorili o nekaterih stvareh, ki jih je treba narediti. &#8220;Dars zdaj pripravlja \u0161tudijo ureditve prometa v \u010dasu obnove viaduktov in predorov. Stanje je tak\u0161no, da letos \u0161e ne bodo delali, najverjetneje pa bo za\u010detek del naslednje leto. Se je pa treba na to dobro pripraviti. Dogovorili smo se, da bo \u0161tudija narejena v dveh mesecih in na osnovi tega dokumenta bomo predvideli tudi ukrepe in jih predstavili javnosti,&#8221; je po dana\u0161njem sre\u010danju s kolegi \u017eupani ter predstavniki Policije, Darsa in Ministrstva za infrastrukturo povedal konji\u0161ki \u017eupan <strong>Darko Ratajc<\/strong>.<br \/>\nRatajc je dodal, da se v lokalnih skupnostih zavedajo, da je treba avtocesto obnoviti. Si pa \u017eelijo, da bi bilo to \u010dim manj mote\u010de za ostali lokalni promet. <em>Ve\u010d podrobnosti s tokratnega sestanka v naslednji \u0161tevilki lokalnega \u010dasopisa NOVICE.<\/em> (Jure Mernik)<\/p>\n","protected":false},"excerpt":{"rendered":"<p>Da se je treba na obnovo avtocestnega odseka med Dramljami in Slovenskimi Konjicami dobro pripraviti, poudarjajo \u017eupani vseh ob\u010din, kjer se bo v \u010dasu del na avtocesti pove\u010dal promet na regionalnih in ob\u010dinskih cestah. Danes so se na sestanku v Slovenskih Konjicah dogovorili o nekaterih stvareh, ki jih je treba narediti. &#8220;Dars zdaj pripravlja \u0161tudijo [&hellip;]<\/p>\n","protected":false},"author":7,"featured_media":161875,"comment_status":"closed","ping_status":"closed","sticky":false,"template":"","format":"standard","meta":{"footnotes":""},"categories":[14,16],"tags":[689,97],"class_list":{"0":"post-161874","1":"post","2":"type-post","3":"status-publish","4":"format-standard","5":"has-post-thumbnail","7":"category-aktualno","8":"category-konjisko","9":"tag-avtocesta","10":"tag-obnova"},"yoast_head":"<!-- This site is optimized with the Yoast SEO plugin v27.4 - https:\/\/yoast.com\/product\/yoast-seo-wordpress\/ -->\n<title>Slovenske Konjice: pred obnovo avtoceste \u0161tudija prometa za &#039;regionalko&#039; - Novice.si<\/title>\n<meta name=\"robots\" content=\"index, follow, max-snippet:-1, max-image-preview:large, max-video-preview:-1\" \/>\n<link rel=\"canonical\" href=\"https:\/\/novice.si\/page\/slovenske-konjice-pred-obnovo-avtoceste-studija-prometa-za-regionalko\/\" \/>\n<meta property=\"og:locale\" content=\"sl_SI\" \/>\n<meta property=\"og:type\" content=\"article\" \/>\n<meta property=\"og:title\" content=\"Slovenske Konjice: pred obnovo avtoceste \u0161tudija prometa za &#039;regionalko&#039; - Novice.si\" \/>\n<meta property=\"og:description\" content=\"Da se je treba na obnovo avtocestnega odseka med Dramljami in Slovenskimi Konjicami dobro pripraviti, poudarjajo \u017eupani vseh ob\u010din, kjer se bo v \u010dasu del na avtocesti pove\u010dal promet na regionalnih in ob\u010dinskih cestah. Danes so se na sestanku v Slovenskih Konjicah dogovorili o nekaterih stvareh, ki jih je treba narediti. &#8220;Dars zdaj pripravlja \u0161tudijo [&hellip;]\" \/>\n<meta property=\"og:url\" content=\"https:\/\/novice.si\/page\/slovenske-konjice-pred-obnovo-avtoceste-studija-prometa-za-regionalko\/\" \/>\n<meta property=\"og:site_name\" content=\"Novice.si\" \/>\n<meta property=\"article:published_time\" content=\"2023-04-14T09:19:45+00:00\" \/>\n<meta property=\"og:image\" content=\"https:\/\/novice.si\/page\/wp-content\/uploads\/2023\/04\/IMG_8873_resize.jpg\" \/>\n\t<meta property=\"og:image:width\" content=\"800\" \/>\n\t<meta property=\"og:image:height\" content=\"533\" \/>\n\t<meta property=\"og:image:type\" content=\"image\/jpeg\" \/>\n<meta name=\"author\" content=\"Uredni\u0161tvo Novic\" \/>\n<meta name=\"twitter:card\" content=\"summary_large_image\" \/>\n<meta name=\"twitter:label1\" content=\"Written by\" \/>\n\t<meta name=\"twitter:data1\" content=\"Uredni\u0161tvo Novic\" \/>\n\t<meta name=\"twitter:label2\" content=\"Est. reading time\" \/>\n\t<meta name=\"twitter:data2\" content=\"2 minuti\" \/>\n<script type=\"application\/ld+json\" class=\"yoast-schema-graph\">{\"@context\":\"https:\\\/\\\/schema.org\",\"@graph\":[{\"@type\":\"Article\",\"@id\":\"https:\\\/\\\/novice.si\\\/page\\\/slovenske-konjice-pred-obnovo-avtoceste-studija-prometa-za-regionalko\\\/#article\",\"isPartOf\":{\"@id\":\"https:\\\/\\\/novice.si\\\/page\\\/slovenske-konjice-pred-obnovo-avtoceste-studija-prometa-za-regionalko\\\/\"},\"author\":{\"name\":\"Uredni\u0161tvo Novic\",\"@id\":\"https:\\\/\\\/novice.si\\\/page\\\/#\\\/schema\\\/person\\\/a877dbb8680d441357ce27663beb35ca\"},\"headline\":\"Slovenske Konjice: pred obnovo avtoceste \u0161tudija prometa za &#8216;regionalko&#8217;\",\"datePublished\":\"2023-04-14T09:19:45+00:00\",\"mainEntityOfPage\":{\"@id\":\"https:\\\/\\\/novice.si\\\/page\\\/slovenske-konjice-pred-obnovo-avtoceste-studija-prometa-za-regionalko\\\/\"},\"wordCount\":189,\"publisher\":{\"@id\":\"https:\\\/\\\/novice.si\\\/page\\\/#organization\"},\"image\":{\"@id\":\"https:\\\/\\\/novice.si\\\/page\\\/slovenske-konjice-pred-obnovo-avtoceste-studija-prometa-za-regionalko\\\/#primaryimage\"},\"thumbnailUrl\":\"https:\\\/\\\/novice.si\\\/page\\\/wp-content\\\/uploads\\\/2023\\\/04\\\/IMG_8873_resize.jpg\",\"keywords\":[\"avtocesta\",\"obnova\"],\"articleSection\":[\"Aktualno\",\"Konji\u0161ko\"],\"inLanguage\":\"sl-SI\"},{\"@type\":\"WebPage\",\"@id\":\"https:\\\/\\\/novice.si\\\/page\\\/slovenske-konjice-pred-obnovo-avtoceste-studija-prometa-za-regionalko\\\/\",\"url\":\"https:\\\/\\\/novice.si\\\/page\\\/slovenske-konjice-pred-obnovo-avtoceste-studija-prometa-za-regionalko\\\/\",\"name\":\"Slovenske Konjice: pred obnovo avtoceste \u0161tudija prometa za 'regionalko' - Novice.si\",\"isPartOf\":{\"@id\":\"https:\\\/\\\/novice.si\\\/page\\\/#website\"},\"primaryImageOfPage\":{\"@id\":\"https:\\\/\\\/novice.si\\\/page\\\/slovenske-konjice-pred-obnovo-avtoceste-studija-prometa-za-regionalko\\\/#primaryimage\"},\"image\":{\"@id\":\"https:\\\/\\\/novice.si\\\/page\\\/slovenske-konjice-pred-obnovo-avtoceste-studija-prometa-za-regionalko\\\/#primaryimage\"},\"thumbnailUrl\":\"https:\\\/\\\/novice.si\\\/page\\\/wp-content\\\/uploads\\\/2023\\\/04\\\/IMG_8873_resize.jpg\",\"datePublished\":\"2023-04-14T09:19:45+00:00\",\"breadcrumb\":{\"@id\":\"https:\\\/\\\/novice.si\\\/page\\\/slovenske-konjice-pred-obnovo-avtoceste-studija-prometa-za-regionalko\\\/#breadcrumb\"},\"inLanguage\":\"sl-SI\",\"potentialAction\":[{\"@type\":\"ReadAction\",\"target\":[\"https:\\\/\\\/novice.si\\\/page\\\/slovenske-konjice-pred-obnovo-avtoceste-studija-prometa-za-regionalko\\\/\"]}]},{\"@type\":\"ImageObject\",\"inLanguage\":\"sl-SI\",\"@id\":\"https:\\\/\\\/novice.si\\\/page\\\/slovenske-konjice-pred-obnovo-avtoceste-studija-prometa-za-regionalko\\\/#primaryimage\",\"url\":\"https:\\\/\\\/novice.si\\\/page\\\/wp-content\\\/uploads\\\/2023\\\/04\\\/IMG_8873_resize.jpg\",\"contentUrl\":\"https:\\\/\\\/novice.si\\\/page\\\/wp-content\\\/uploads\\\/2023\\\/04\\\/IMG_8873_resize.jpg\",\"width\":800,\"height\":533},{\"@type\":\"BreadcrumbList\",\"@id\":\"https:\\\/\\\/novice.si\\\/page\\\/slovenske-konjice-pred-obnovo-avtoceste-studija-prometa-za-regionalko\\\/#breadcrumb\",\"itemListElement\":[{\"@type\":\"ListItem\",\"position\":1,\"name\":\"Home\",\"item\":\"https:\\\/\\\/novice.si\\\/page\\\/\"},{\"@type\":\"ListItem\",\"position\":2,\"name\":\"Slovenske Konjice: pred obnovo avtoceste \u0161tudija prometa za &#8216;regionalko&#8217;\"}]},{\"@type\":\"WebSite\",\"@id\":\"https:\\\/\\\/novice.si\\\/page\\\/#website\",\"url\":\"https:\\\/\\\/novice.si\\\/page\\\/\",\"name\":\"Novice.si\",\"description\":\"\",\"publisher\":{\"@id\":\"https:\\\/\\\/novice.si\\\/page\\\/#organization\"},\"potentialAction\":[{\"@type\":\"SearchAction\",\"target\":{\"@type\":\"EntryPoint\",\"urlTemplate\":\"https:\\\/\\\/novice.si\\\/page\\\/?s={search_term_string}\"},\"query-input\":{\"@type\":\"PropertyValueSpecification\",\"valueRequired\":true,\"valueName\":\"search_term_string\"}}],\"inLanguage\":\"sl-SI\"},{\"@type\":\"Organization\",\"@id\":\"https:\\\/\\\/novice.si\\\/page\\\/#organization\",\"name\":\"Novice.si\",\"url\":\"https:\\\/\\\/novice.si\\\/page\\\/\",\"logo\":{\"@type\":\"ImageObject\",\"inLanguage\":\"sl-SI\",\"@id\":\"https:\\\/\\\/novice.si\\\/page\\\/#\\\/schema\\\/logo\\\/image\\\/\",\"url\":\"https:\\\/\\\/novice.si\\\/page\\\/wp-content\\\/uploads\\\/2023\\\/03\\\/novice_si.png\",\"contentUrl\":\"https:\\\/\\\/novice.si\\\/page\\\/wp-content\\\/uploads\\\/2023\\\/03\\\/novice_si.png\",\"width\":576,\"height\":200,\"caption\":\"Novice.si\"},\"image\":{\"@id\":\"https:\\\/\\\/novice.si\\\/page\\\/#\\\/schema\\\/logo\\\/image\\\/\"}},{\"@type\":\"Person\",\"@id\":\"https:\\\/\\\/novice.si\\\/page\\\/#\\\/schema\\\/person\\\/a877dbb8680d441357ce27663beb35ca\",\"name\":\"Uredni\u0161tvo Novic\",\"image\":{\"@type\":\"ImageObject\",\"inLanguage\":\"sl-SI\",\"@id\":\"https:\\\/\\\/secure.gravatar.com\\\/avatar\\\/f19c0ae874706cc9ba19d2f6da5f74a5a5ee7674f283fed29ce0ad16a9f1893e?s=96&d=mm&r=g\",\"url\":\"https:\\\/\\\/secure.gravatar.com\\\/avatar\\\/f19c0ae874706cc9ba19d2f6da5f74a5a5ee7674f283fed29ce0ad16a9f1893e?s=96&d=mm&r=g\",\"contentUrl\":\"https:\\\/\\\/secure.gravatar.com\\\/avatar\\\/f19c0ae874706cc9ba19d2f6da5f74a5a5ee7674f283fed29ce0ad16a9f1893e?s=96&d=mm&r=g\",\"caption\":\"Uredni\u0161tvo Novic\"},\"url\":\"https:\\\/\\\/novice.si\\\/page\\\/author\\\/jure\\\/\"}]}<\/script>\n<!-- \/ Yoast SEO plugin. -->","yoast_head_json":{"title":"Slovenske Konjice: pred obnovo avtoceste \u0161tudija prometa za 'regionalko' - Novice.si","robots":{"index":"index","follow":"follow","max-snippet":"max-snippet:-1","max-image-preview":"max-image-preview:large","max-video-preview":"max-video-preview:-1"},"canonical":"https:\/\/novice.si\/page\/slovenske-konjice-pred-obnovo-avtoceste-studija-prometa-za-regionalko\/","og_locale":"sl_SI","og_type":"article","og_title":"Slovenske Konjice: pred obnovo avtoceste \u0161tudija prometa za 'regionalko' - Novice.si","og_description":"Da se je treba na obnovo avtocestnega odseka med Dramljami in Slovenskimi Konjicami dobro pripraviti, poudarjajo \u017eupani vseh ob\u010din, kjer se bo v \u010dasu del na avtocesti pove\u010dal promet na regionalnih in ob\u010dinskih cestah. Danes so se na sestanku v Slovenskih Konjicah dogovorili o nekaterih stvareh, ki jih je treba narediti. &#8220;Dars zdaj pripravlja \u0161tudijo [&hellip;]","og_url":"https:\/\/novice.si\/page\/slovenske-konjice-pred-obnovo-avtoceste-studija-prometa-za-regionalko\/","og_site_name":"Novice.si","article_published_time":"2023-04-14T09:19:45+00:00","og_image":[{"width":800,"height":533,"url":"https:\/\/novice.si\/page\/wp-content\/uploads\/2023\/04\/IMG_8873_resize.jpg","type":"image\/jpeg"}],"author":"Uredni\u0161tvo Novic","twitter_card":"summary_large_image","twitter_misc":{"Written by":"Uredni\u0161tvo Novic","Est. reading time":"2 minuti"},"schema":{"@context":"https:\/\/schema.org","@graph":[{"@type":"Article","@id":"https:\/\/novice.si\/page\/slovenske-konjice-pred-obnovo-avtoceste-studija-prometa-za-regionalko\/#article","isPartOf":{"@id":"https:\/\/novice.si\/page\/slovenske-konjice-pred-obnovo-avtoceste-studija-prometa-za-regionalko\/"},"author":{"name":"Uredni\u0161tvo Novic","@id":"https:\/\/novice.si\/page\/#\/schema\/person\/a877dbb8680d441357ce27663beb35ca"},"headline":"Slovenske Konjice: pred obnovo avtoceste \u0161tudija prometa za &#8216;regionalko&#8217;","datePublished":"2023-04-14T09:19:45+00:00","mainEntityOfPage":{"@id":"https:\/\/novice.si\/page\/slovenske-konjice-pred-obnovo-avtoceste-studija-prometa-za-regionalko\/"},"wordCount":189,"publisher":{"@id":"https:\/\/novice.si\/page\/#organization"},"image":{"@id":"https:\/\/novice.si\/page\/slovenske-konjice-pred-obnovo-avtoceste-studija-prometa-za-regionalko\/#primaryimage"},"thumbnailUrl":"https:\/\/novice.si\/page\/wp-content\/uploads\/2023\/04\/IMG_8873_resize.jpg","keywords":["avtocesta","obnova"],"articleSection":["Aktualno","Konji\u0161ko"],"inLanguage":"sl-SI"},{"@type":"WebPage","@id":"https:\/\/novice.si\/page\/slovenske-konjice-pred-obnovo-avtoceste-studija-prometa-za-regionalko\/","url":"https:\/\/novice.si\/page\/slovenske-konjice-pred-obnovo-avtoceste-studija-prometa-za-regionalko\/","name":"Slovenske Konjice: pred obnovo avtoceste \u0161tudija prometa za 'regionalko' - Novice.si","isPartOf":{"@id":"https:\/\/novice.si\/page\/#website"},"primaryImageOfPage":{"@id":"https:\/\/novice.si\/page\/slovenske-konjice-pred-obnovo-avtoceste-studija-prometa-za-regionalko\/#primaryimage"},"image":{"@id":"https:\/\/novice.si\/page\/slovenske-konjice-pred-obnovo-avtoceste-studija-prometa-za-regionalko\/#primaryimage"},"thumbnailUrl":"https:\/\/novice.si\/page\/wp-content\/uploads\/2023\/04\/IMG_8873_resize.jpg","datePublished":"2023-04-14T09:19:45+00:00","breadcrumb":{"@id":"https:\/\/novice.si\/page\/slovenske-konjice-pred-obnovo-avtoceste-studija-prometa-za-regionalko\/#breadcrumb"},"inLanguage":"sl-SI","potentialAction":[{"@type":"ReadAction","target":["https:\/\/novice.si\/page\/slovenske-konjice-pred-obnovo-avtoceste-studija-prometa-za-regionalko\/"]}]},{"@type":"ImageObject","inLanguage":"sl-SI","@id":"https:\/\/novice.si\/page\/slovenske-konjice-pred-obnovo-avtoceste-studija-prometa-za-regionalko\/#primaryimage","url":"https:\/\/novice.si\/page\/wp-content\/uploads\/2023\/04\/IMG_8873_resize.jpg","contentUrl":"https:\/\/novice.si\/page\/wp-content\/uploads\/2023\/04\/IMG_8873_resize.jpg","width":800,"height":533},{"@type":"BreadcrumbList","@id":"https:\/\/novice.si\/page\/slovenske-konjice-pred-obnovo-avtoceste-studija-prometa-za-regionalko\/#breadcrumb","itemListElement":[{"@type":"ListItem","position":1,"name":"Home","item":"https:\/\/novice.si\/page\/"},{"@type":"ListItem","position":2,"name":"Slovenske Konjice: pred obnovo avtoceste \u0161tudija prometa za &#8216;regionalko&#8217;"}]},{"@type":"WebSite","@id":"https:\/\/novice.si\/page\/#website","url":"https:\/\/novice.si\/page\/","name":"Novice.si","description":"","publisher":{"@id":"https:\/\/novice.si\/page\/#organization"},"potentialAction":[{"@type":"SearchAction","target":{"@type":"EntryPoint","urlTemplate":"https:\/\/novice.si\/page\/?s={search_term_string}"},"query-input":{"@type":"PropertyValueSpecification","valueRequired":true,"valueName":"search_term_string"}}],"inLanguage":"sl-SI"},{"@type":"Organization","@id":"https:\/\/novice.si\/page\/#organization","name":"Novice.si","url":"https:\/\/novice.si\/page\/","logo":{"@type":"ImageObject","inLanguage":"sl-SI","@id":"https:\/\/novice.si\/page\/#\/schema\/logo\/image\/","url":"https:\/\/novice.si\/page\/wp-content\/uploads\/2023\/03\/novice_si.png","contentUrl":"https:\/\/novice.si\/page\/wp-content\/uploads\/2023\/03\/novice_si.png","width":576,"height":200,"caption":"Novice.si"},"image":{"@id":"https:\/\/novice.si\/page\/#\/schema\/logo\/image\/"}},{"@type":"Person","@id":"https:\/\/novice.si\/page\/#\/schema\/person\/a877dbb8680d441357ce27663beb35ca","name":"Uredni\u0161tvo Novic","image":{"@type":"ImageObject","inLanguage":"sl-SI","@id":"https:\/\/secure.gravatar.com\/avatar\/f19c0ae874706cc9ba19d2f6da5f74a5a5ee7674f283fed29ce0ad16a9f1893e?s=96&d=mm&r=g","url":"https:\/\/secure.gravatar.com\/avatar\/f19c0ae874706cc9ba19d2f6da5f74a5a5ee7674f283fed29ce0ad16a9f1893e?s=96&d=mm&r=g","contentUrl":"https:\/\/secure.gravatar.com\/avatar\/f19c0ae874706cc9ba19d2f6da5f74a5a5ee7674f283fed29ce0ad16a9f1893e?s=96&d=mm&r=g","caption":"Uredni\u0161tvo Novic"},"url":"https:\/\/novice.si\/page\/author\/jure\/"}]}},"_links":{"self":[{"href":"https:\/\/novice.si\/page\/wp-json\/wp\/v2\/posts\/161874","targetHints":{"allow":["GET"]}}],"collection":[{"href":"https:\/\/novice.si\/page\/wp-json\/wp\/v2\/posts"}],"about":[{"href":"https:\/\/novice.si\/page\/wp-json\/wp\/v2\/types\/post"}],"author":[{"embeddable":true,"href":"https:\/\/novice.si\/page\/wp-json\/wp\/v2\/users\/7"}],"replies":[{"embeddable":true,"href":"https:\/\/novice.si\/page\/wp-json\/wp\/v2\/comments?post=161874"}],"version-history":[{"count":1,"href":"https:\/\/novice.si\/page\/wp-json\/wp\/v2\/posts\/161874\/revisions"}],"predecessor-version":[{"id":161876,"href":"https:\/\/novice.si\/page\/wp-json\/wp\/v2\/posts\/161874\/revisions\/161876"}],"wp:featuredmedia":[{"embeddable":true,"href":"https:\/\/novice.si\/page\/wp-json\/wp\/v2\/media\/161875"}],"wp:attachment":[{"href":"https:\/\/novice.si\/page\/wp-json\/wp\/v2\/media?parent=161874"}],"wp:term":[{"taxonomy":"category","embeddable":true,"href":"https:\/\/novice.si\/page\/wp-json\/wp\/v2\/categories?post=161874"},{"taxonomy":"post_tag","embeddable":true,"href":"https:\/\/novice.si\/page\/wp-json\/wp\/v2\/tags?post=161874"}],"curies":[{"name":"wp","href":"https:\/\/api.w.org\/{rel}","templated":true}]}}