{"id":161871,"date":"2023-04-14T09:57:32","date_gmt":"2023-04-14T07:57:32","guid":{"rendered":"https:\/\/novice.si\/page\/?p=161871"},"modified":"2023-04-14T09:57:32","modified_gmt":"2023-04-14T07:57:32","slug":"celje-direktor-sbc-razresil-predstojnika-radiologije","status":"publish","type":"post","link":"https:\/\/novice.si\/page\/celje-direktor-sbc-razresil-predstojnika-radiologije\/","title":{"rendered":"CELJE Direktor SBC razre\u0161il predstojnika radiologije"},"content":{"rendered":"<p>Zaradi nepravilnosti v zvezi z delom radiologov celjske bolni\u0161nice je njen direktor <strong>Dragan <img loading=\"lazy\" decoding=\"async\" class=\"size-full wp-image-161872 alignleft\" src=\"https:\/\/novice.si\/page\/wp-content\/uploads\/2023\/04\/radioloski-izvid.jpg\" alt=\"\" width=\"424\" height=\"211\" srcset=\"https:\/\/novice.si\/page\/wp-content\/uploads\/2023\/04\/radioloski-izvid.jpg 424w, https:\/\/novice.si\/page\/wp-content\/uploads\/2023\/04\/radioloski-izvid-324x160.jpg 324w, https:\/\/novice.si\/page\/wp-content\/uploads\/2023\/04\/radioloski-izvid-24x12.jpg 24w, https:\/\/novice.si\/page\/wp-content\/uploads\/2023\/04\/radioloski-izvid-36x18.jpg 36w, https:\/\/novice.si\/page\/wp-content\/uploads\/2023\/04\/radioloski-izvid-48x24.jpg 48w\" sizes=\"auto, (max-width: 424px) 100vw, 424px\" \/>Kova\u010di\u010d<\/strong> sprejel odlo\u010ditev o razre\u0161itvi predstojnika radiolo\u0161kega oddelka <strong>Du\u0161ana Ak\u010duna<\/strong>.<\/p>\n<p>Kot je znano, se kr\u0161itve nana\u0161ajo na zamude pri pripravi in branju radiolo\u0161kih izvidov, notranja analiza pa je pokazala, da je 12 od skupni 21 celjskih radiologov delo po podjemnih pogodbah opravljalo znotraj rednega delovnega \u010dasa.<\/p>\n<p>Kr\u0161iteljem so izdali opomin pred odpovedjo, bolni\u0161nici pa so doslej vrnili pribli\u017eno 17.500 evrov neupravi\u010deno zara\u010dunanih honorarjev.<\/p>\n<p>(slika je simboli\u010dna)<\/p>\n<p>P\u0160<\/p>\n","protected":false},"excerpt":{"rendered":"<p>Zaradi nepravilnosti v zvezi z delom radiologov celjske bolni\u0161nice je njen direktor Dragan Kova\u010di\u010d sprejel odlo\u010ditev o razre\u0161itvi predstojnika radiolo\u0161kega oddelka Du\u0161ana Ak\u010duna. Kot je znano, se kr\u0161itve nana\u0161ajo na zamude pri pripravi in branju radiolo\u0161kih izvidov, notranja analiza pa je pokazala, da je 12 od skupni 21 celjskih radiologov delo po podjemnih pogodbah opravljalo [&hellip;]<\/p>\n","protected":false},"author":33,"featured_media":76623,"comment_status":"closed","ping_status":"closed","sticky":false,"template":"","format":"standard","meta":{"footnotes":""},"categories":[14,17],"tags":[10747,17581,17526,17580,3733],"class_list":{"0":"post-161871","1":"post","2":"type-post","3":"status-publish","4":"format-standard","5":"has-post-thumbnail","7":"category-aktualno","8":"category-celjsko","9":"tag-dragan-kovacic","10":"tag-dusan-akcun","11":"tag-radiologija","12":"tag-razresitev-predstojnika","13":"tag-sbc"},"yoast_head":"<!-- This site is optimized with the Yoast SEO plugin v27.4 - https:\/\/yoast.com\/product\/yoast-seo-wordpress\/ -->\n<title>CELJE Direktor SBC razre\u0161il predstojnika radiologije - Novice.si<\/title>\n<meta name=\"robots\" content=\"index, follow, max-snippet:-1, max-image-preview:large, max-video-preview:-1\" \/>\n<link rel=\"canonical\" href=\"https:\/\/novice.si\/page\/celje-direktor-sbc-razresil-predstojnika-radiologije\/\" \/>\n<meta property=\"og:locale\" content=\"sl_SI\" \/>\n<meta property=\"og:type\" content=\"article\" \/>\n<meta property=\"og:title\" content=\"CELJE Direktor SBC razre\u0161il predstojnika radiologije - Novice.si\" \/>\n<meta property=\"og:description\" content=\"Zaradi nepravilnosti v zvezi z delom radiologov celjske bolni\u0161nice je njen direktor Dragan Kova\u010di\u010d sprejel odlo\u010ditev o razre\u0161itvi predstojnika radiolo\u0161kega oddelka Du\u0161ana Ak\u010duna. Kot je znano, se kr\u0161itve nana\u0161ajo na zamude pri pripravi in branju radiolo\u0161kih izvidov, notranja analiza pa je pokazala, da je 12 od skupni 21 celjskih radiologov delo po podjemnih pogodbah opravljalo [&hellip;]\" \/>\n<meta property=\"og:url\" content=\"https:\/\/novice.si\/page\/celje-direktor-sbc-razresil-predstojnika-radiologije\/\" \/>\n<meta property=\"og:site_name\" content=\"Novice.si\" \/>\n<meta property=\"article:published_time\" content=\"2023-04-14T07:57:32+00:00\" \/>\n<meta property=\"og:image\" content=\"https:\/\/novice.si\/page\/wp-content\/uploads\/2018\/03\/SBCokt2012-017a.jpg\" \/>\n\t<meta property=\"og:image:width\" content=\"4000\" \/>\n\t<meta property=\"og:image:height\" content=\"2273\" \/>\n\t<meta property=\"og:image:type\" content=\"image\/jpeg\" \/>\n<meta name=\"author\" content=\"Uredni\u0161tvo Celjana\" \/>\n<meta name=\"twitter:card\" content=\"summary_large_image\" \/>\n<meta name=\"twitter:label1\" content=\"Written by\" \/>\n\t<meta name=\"twitter:data1\" content=\"Uredni\u0161tvo Celjana\" \/>\n\t<meta name=\"twitter:label2\" content=\"Est. reading time\" \/>\n\t<meta name=\"twitter:data2\" content=\"1 minuta\" \/>\n<script type=\"application\/ld+json\" class=\"yoast-schema-graph\">{\"@context\":\"https:\\\/\\\/schema.org\",\"@graph\":[{\"@type\":\"Article\",\"@id\":\"https:\\\/\\\/novice.si\\\/page\\\/celje-direktor-sbc-razresil-predstojnika-radiologije\\\/#article\",\"isPartOf\":{\"@id\":\"https:\\\/\\\/novice.si\\\/page\\\/celje-direktor-sbc-razresil-predstojnika-radiologije\\\/\"},\"author\":{\"name\":\"Uredni\u0161tvo Celjana\",\"@id\":\"https:\\\/\\\/novice.si\\\/page\\\/#\\\/schema\\\/person\\\/57f25c9642a9541c7349c65d32032c3e\"},\"headline\":\"CELJE Direktor SBC razre\u0161il predstojnika radiologije\",\"datePublished\":\"2023-04-14T07:57:32+00:00\",\"mainEntityOfPage\":{\"@id\":\"https:\\\/\\\/novice.si\\\/page\\\/celje-direktor-sbc-razresil-predstojnika-radiologije\\\/\"},\"wordCount\":100,\"publisher\":{\"@id\":\"https:\\\/\\\/novice.si\\\/page\\\/#organization\"},\"image\":{\"@id\":\"https:\\\/\\\/novice.si\\\/page\\\/celje-direktor-sbc-razresil-predstojnika-radiologije\\\/#primaryimage\"},\"thumbnailUrl\":\"https:\\\/\\\/novice.si\\\/page\\\/wp-content\\\/uploads\\\/2018\\\/03\\\/SBCokt2012-017a.jpg\",\"keywords\":[\"dragan kova\u010di\u0107\",\"du\u0161an ak\u010dun\",\"radiologija\",\"razre\u0161itev predstojnika\",\"SBC\"],\"articleSection\":[\"Aktualno\",\"Celjsko\"],\"inLanguage\":\"sl-SI\"},{\"@type\":\"WebPage\",\"@id\":\"https:\\\/\\\/novice.si\\\/page\\\/celje-direktor-sbc-razresil-predstojnika-radiologije\\\/\",\"url\":\"https:\\\/\\\/novice.si\\\/page\\\/celje-direktor-sbc-razresil-predstojnika-radiologije\\\/\",\"name\":\"CELJE Direktor SBC razre\u0161il predstojnika radiologije - Novice.si\",\"isPartOf\":{\"@id\":\"https:\\\/\\\/novice.si\\\/page\\\/#website\"},\"primaryImageOfPage\":{\"@id\":\"https:\\\/\\\/novice.si\\\/page\\\/celje-direktor-sbc-razresil-predstojnika-radiologije\\\/#primaryimage\"},\"image\":{\"@id\":\"https:\\\/\\\/novice.si\\\/page\\\/celje-direktor-sbc-razresil-predstojnika-radiologije\\\/#primaryimage\"},\"thumbnailUrl\":\"https:\\\/\\\/novice.si\\\/page\\\/wp-content\\\/uploads\\\/2018\\\/03\\\/SBCokt2012-017a.jpg\",\"datePublished\":\"2023-04-14T07:57:32+00:00\",\"breadcrumb\":{\"@id\":\"https:\\\/\\\/novice.si\\\/page\\\/celje-direktor-sbc-razresil-predstojnika-radiologije\\\/#breadcrumb\"},\"inLanguage\":\"sl-SI\",\"potentialAction\":[{\"@type\":\"ReadAction\",\"target\":[\"https:\\\/\\\/novice.si\\\/page\\\/celje-direktor-sbc-razresil-predstojnika-radiologije\\\/\"]}]},{\"@type\":\"ImageObject\",\"inLanguage\":\"sl-SI\",\"@id\":\"https:\\\/\\\/novice.si\\\/page\\\/celje-direktor-sbc-razresil-predstojnika-radiologije\\\/#primaryimage\",\"url\":\"https:\\\/\\\/novice.si\\\/page\\\/wp-content\\\/uploads\\\/2018\\\/03\\\/SBCokt2012-017a.jpg\",\"contentUrl\":\"https:\\\/\\\/novice.si\\\/page\\\/wp-content\\\/uploads\\\/2018\\\/03\\\/SBCokt2012-017a.jpg\",\"width\":4000,\"height\":2273},{\"@type\":\"BreadcrumbList\",\"@id\":\"https:\\\/\\\/novice.si\\\/page\\\/celje-direktor-sbc-razresil-predstojnika-radiologije\\\/#breadcrumb\",\"itemListElement\":[{\"@type\":\"ListItem\",\"position\":1,\"name\":\"Home\",\"item\":\"https:\\\/\\\/novice.si\\\/page\\\/\"},{\"@type\":\"ListItem\",\"position\":2,\"name\":\"CELJE Direktor SBC razre\u0161il predstojnika radiologije\"}]},{\"@type\":\"WebSite\",\"@id\":\"https:\\\/\\\/novice.si\\\/page\\\/#website\",\"url\":\"https:\\\/\\\/novice.si\\\/page\\\/\",\"name\":\"Novice.si\",\"description\":\"\",\"publisher\":{\"@id\":\"https:\\\/\\\/novice.si\\\/page\\\/#organization\"},\"potentialAction\":[{\"@type\":\"SearchAction\",\"target\":{\"@type\":\"EntryPoint\",\"urlTemplate\":\"https:\\\/\\\/novice.si\\\/page\\\/?s={search_term_string}\"},\"query-input\":{\"@type\":\"PropertyValueSpecification\",\"valueRequired\":true,\"valueName\":\"search_term_string\"}}],\"inLanguage\":\"sl-SI\"},{\"@type\":\"Organization\",\"@id\":\"https:\\\/\\\/novice.si\\\/page\\\/#organization\",\"name\":\"Novice.si\",\"url\":\"https:\\\/\\\/novice.si\\\/page\\\/\",\"logo\":{\"@type\":\"ImageObject\",\"inLanguage\":\"sl-SI\",\"@id\":\"https:\\\/\\\/novice.si\\\/page\\\/#\\\/schema\\\/logo\\\/image\\\/\",\"url\":\"https:\\\/\\\/novice.si\\\/page\\\/wp-content\\\/uploads\\\/2023\\\/03\\\/novice_si.png\",\"contentUrl\":\"https:\\\/\\\/novice.si\\\/page\\\/wp-content\\\/uploads\\\/2023\\\/03\\\/novice_si.png\",\"width\":576,\"height\":200,\"caption\":\"Novice.si\"},\"image\":{\"@id\":\"https:\\\/\\\/novice.si\\\/page\\\/#\\\/schema\\\/logo\\\/image\\\/\"}},{\"@type\":\"Person\",\"@id\":\"https:\\\/\\\/novice.si\\\/page\\\/#\\\/schema\\\/person\\\/57f25c9642a9541c7349c65d32032c3e\",\"name\":\"Uredni\u0161tvo Celjana\",\"image\":{\"@type\":\"ImageObject\",\"inLanguage\":\"sl-SI\",\"@id\":\"https:\\\/\\\/secure.gravatar.com\\\/avatar\\\/78e52bc4279b65f6df6345e0ef0f7b792d361361f230cf4ffecfe0afe6d5629c?s=96&d=mm&r=g\",\"url\":\"https:\\\/\\\/secure.gravatar.com\\\/avatar\\\/78e52bc4279b65f6df6345e0ef0f7b792d361361f230cf4ffecfe0afe6d5629c?s=96&d=mm&r=g\",\"contentUrl\":\"https:\\\/\\\/secure.gravatar.com\\\/avatar\\\/78e52bc4279b65f6df6345e0ef0f7b792d361361f230cf4ffecfe0afe6d5629c?s=96&d=mm&r=g\",\"caption\":\"Uredni\u0161tvo Celjana\"},\"url\":\"https:\\\/\\\/novice.si\\\/page\\\/author\\\/primoz\\\/\"}]}<\/script>\n<!-- \/ Yoast SEO plugin. -->","yoast_head_json":{"title":"CELJE Direktor SBC razre\u0161il predstojnika radiologije - Novice.si","robots":{"index":"index","follow":"follow","max-snippet":"max-snippet:-1","max-image-preview":"max-image-preview:large","max-video-preview":"max-video-preview:-1"},"canonical":"https:\/\/novice.si\/page\/celje-direktor-sbc-razresil-predstojnika-radiologije\/","og_locale":"sl_SI","og_type":"article","og_title":"CELJE Direktor SBC razre\u0161il predstojnika radiologije - Novice.si","og_description":"Zaradi nepravilnosti v zvezi z delom radiologov celjske bolni\u0161nice je njen direktor Dragan Kova\u010di\u010d sprejel odlo\u010ditev o razre\u0161itvi predstojnika radiolo\u0161kega oddelka Du\u0161ana Ak\u010duna. Kot je znano, se kr\u0161itve nana\u0161ajo na zamude pri pripravi in branju radiolo\u0161kih izvidov, notranja analiza pa je pokazala, da je 12 od skupni 21 celjskih radiologov delo po podjemnih pogodbah opravljalo [&hellip;]","og_url":"https:\/\/novice.si\/page\/celje-direktor-sbc-razresil-predstojnika-radiologije\/","og_site_name":"Novice.si","article_published_time":"2023-04-14T07:57:32+00:00","og_image":[{"width":4000,"height":2273,"url":"https:\/\/novice.si\/page\/wp-content\/uploads\/2018\/03\/SBCokt2012-017a.jpg","type":"image\/jpeg"}],"author":"Uredni\u0161tvo Celjana","twitter_card":"summary_large_image","twitter_misc":{"Written by":"Uredni\u0161tvo Celjana","Est. reading time":"1 minuta"},"schema":{"@context":"https:\/\/schema.org","@graph":[{"@type":"Article","@id":"https:\/\/novice.si\/page\/celje-direktor-sbc-razresil-predstojnika-radiologije\/#article","isPartOf":{"@id":"https:\/\/novice.si\/page\/celje-direktor-sbc-razresil-predstojnika-radiologije\/"},"author":{"name":"Uredni\u0161tvo Celjana","@id":"https:\/\/novice.si\/page\/#\/schema\/person\/57f25c9642a9541c7349c65d32032c3e"},"headline":"CELJE Direktor SBC razre\u0161il predstojnika radiologije","datePublished":"2023-04-14T07:57:32+00:00","mainEntityOfPage":{"@id":"https:\/\/novice.si\/page\/celje-direktor-sbc-razresil-predstojnika-radiologije\/"},"wordCount":100,"publisher":{"@id":"https:\/\/novice.si\/page\/#organization"},"image":{"@id":"https:\/\/novice.si\/page\/celje-direktor-sbc-razresil-predstojnika-radiologije\/#primaryimage"},"thumbnailUrl":"https:\/\/novice.si\/page\/wp-content\/uploads\/2018\/03\/SBCokt2012-017a.jpg","keywords":["dragan kova\u010di\u0107","du\u0161an ak\u010dun","radiologija","razre\u0161itev predstojnika","SBC"],"articleSection":["Aktualno","Celjsko"],"inLanguage":"sl-SI"},{"@type":"WebPage","@id":"https:\/\/novice.si\/page\/celje-direktor-sbc-razresil-predstojnika-radiologije\/","url":"https:\/\/novice.si\/page\/celje-direktor-sbc-razresil-predstojnika-radiologije\/","name":"CELJE Direktor SBC razre\u0161il predstojnika radiologije - Novice.si","isPartOf":{"@id":"https:\/\/novice.si\/page\/#website"},"primaryImageOfPage":{"@id":"https:\/\/novice.si\/page\/celje-direktor-sbc-razresil-predstojnika-radiologije\/#primaryimage"},"image":{"@id":"https:\/\/novice.si\/page\/celje-direktor-sbc-razresil-predstojnika-radiologije\/#primaryimage"},"thumbnailUrl":"https:\/\/novice.si\/page\/wp-content\/uploads\/2018\/03\/SBCokt2012-017a.jpg","datePublished":"2023-04-14T07:57:32+00:00","breadcrumb":{"@id":"https:\/\/novice.si\/page\/celje-direktor-sbc-razresil-predstojnika-radiologije\/#breadcrumb"},"inLanguage":"sl-SI","potentialAction":[{"@type":"ReadAction","target":["https:\/\/novice.si\/page\/celje-direktor-sbc-razresil-predstojnika-radiologije\/"]}]},{"@type":"ImageObject","inLanguage":"sl-SI","@id":"https:\/\/novice.si\/page\/celje-direktor-sbc-razresil-predstojnika-radiologije\/#primaryimage","url":"https:\/\/novice.si\/page\/wp-content\/uploads\/2018\/03\/SBCokt2012-017a.jpg","contentUrl":"https:\/\/novice.si\/page\/wp-content\/uploads\/2018\/03\/SBCokt2012-017a.jpg","width":4000,"height":2273},{"@type":"BreadcrumbList","@id":"https:\/\/novice.si\/page\/celje-direktor-sbc-razresil-predstojnika-radiologije\/#breadcrumb","itemListElement":[{"@type":"ListItem","position":1,"name":"Home","item":"https:\/\/novice.si\/page\/"},{"@type":"ListItem","position":2,"name":"CELJE Direktor SBC razre\u0161il predstojnika radiologije"}]},{"@type":"WebSite","@id":"https:\/\/novice.si\/page\/#website","url":"https:\/\/novice.si\/page\/","name":"Novice.si","description":"","publisher":{"@id":"https:\/\/novice.si\/page\/#organization"},"potentialAction":[{"@type":"SearchAction","target":{"@type":"EntryPoint","urlTemplate":"https:\/\/novice.si\/page\/?s={search_term_string}"},"query-input":{"@type":"PropertyValueSpecification","valueRequired":true,"valueName":"search_term_string"}}],"inLanguage":"sl-SI"},{"@type":"Organization","@id":"https:\/\/novice.si\/page\/#organization","name":"Novice.si","url":"https:\/\/novice.si\/page\/","logo":{"@type":"ImageObject","inLanguage":"sl-SI","@id":"https:\/\/novice.si\/page\/#\/schema\/logo\/image\/","url":"https:\/\/novice.si\/page\/wp-content\/uploads\/2023\/03\/novice_si.png","contentUrl":"https:\/\/novice.si\/page\/wp-content\/uploads\/2023\/03\/novice_si.png","width":576,"height":200,"caption":"Novice.si"},"image":{"@id":"https:\/\/novice.si\/page\/#\/schema\/logo\/image\/"}},{"@type":"Person","@id":"https:\/\/novice.si\/page\/#\/schema\/person\/57f25c9642a9541c7349c65d32032c3e","name":"Uredni\u0161tvo Celjana","image":{"@type":"ImageObject","inLanguage":"sl-SI","@id":"https:\/\/secure.gravatar.com\/avatar\/78e52bc4279b65f6df6345e0ef0f7b792d361361f230cf4ffecfe0afe6d5629c?s=96&d=mm&r=g","url":"https:\/\/secure.gravatar.com\/avatar\/78e52bc4279b65f6df6345e0ef0f7b792d361361f230cf4ffecfe0afe6d5629c?s=96&d=mm&r=g","contentUrl":"https:\/\/secure.gravatar.com\/avatar\/78e52bc4279b65f6df6345e0ef0f7b792d361361f230cf4ffecfe0afe6d5629c?s=96&d=mm&r=g","caption":"Uredni\u0161tvo Celjana"},"url":"https:\/\/novice.si\/page\/author\/primoz\/"}]}},"_links":{"self":[{"href":"https:\/\/novice.si\/page\/wp-json\/wp\/v2\/posts\/161871","targetHints":{"allow":["GET"]}}],"collection":[{"href":"https:\/\/novice.si\/page\/wp-json\/wp\/v2\/posts"}],"about":[{"href":"https:\/\/novice.si\/page\/wp-json\/wp\/v2\/types\/post"}],"author":[{"embeddable":true,"href":"https:\/\/novice.si\/page\/wp-json\/wp\/v2\/users\/33"}],"replies":[{"embeddable":true,"href":"https:\/\/novice.si\/page\/wp-json\/wp\/v2\/comments?post=161871"}],"version-history":[{"count":1,"href":"https:\/\/novice.si\/page\/wp-json\/wp\/v2\/posts\/161871\/revisions"}],"predecessor-version":[{"id":161873,"href":"https:\/\/novice.si\/page\/wp-json\/wp\/v2\/posts\/161871\/revisions\/161873"}],"wp:featuredmedia":[{"embeddable":true,"href":"https:\/\/novice.si\/page\/wp-json\/wp\/v2\/media\/76623"}],"wp:attachment":[{"href":"https:\/\/novice.si\/page\/wp-json\/wp\/v2\/media?parent=161871"}],"wp:term":[{"taxonomy":"category","embeddable":true,"href":"https:\/\/novice.si\/page\/wp-json\/wp\/v2\/categories?post=161871"},{"taxonomy":"post_tag","embeddable":true,"href":"https:\/\/novice.si\/page\/wp-json\/wp\/v2\/tags?post=161871"}],"curies":[{"name":"wp","href":"https:\/\/api.w.org\/{rel}","templated":true}]}}