{"id":161847,"date":"2023-04-16T06:30:22","date_gmt":"2023-04-16T04:30:22","guid":{"rendered":"https:\/\/novice.si\/page\/?p=161847"},"modified":"2023-04-14T06:31:51","modified_gmt":"2023-04-14T04:31:51","slug":"znani-celjani-navduseni-nad-modnim-vrtincem","status":"publish","type":"post","link":"https:\/\/novice.si\/page\/znani-celjani-navduseni-nad-modnim-vrtincem\/","title":{"rendered":"Znani Celjani navdu\u0161eni nad modnim vrtincem"},"content":{"rendered":"<p><img loading=\"lazy\" decoding=\"async\" src=\"https:\/\/novice.si\/page\/wp-content\/uploads\/2023\/04\/uho-magicni-spomini-1161-600x400.jpg\" alt=\"\" width=\"300\" height=\"200\" class=\"alignleft size-medium wp-image-161831\" srcset=\"https:\/\/novice.si\/page\/wp-content\/uploads\/2023\/04\/uho-magicni-spomini-1161-600x400.jpg 600w, https:\/\/novice.si\/page\/wp-content\/uploads\/2023\/04\/uho-magicni-spomini-1161-1024x682.jpg 1024w, https:\/\/novice.si\/page\/wp-content\/uploads\/2023\/04\/uho-magicni-spomini-1161-768x512.jpg 768w, https:\/\/novice.si\/page\/wp-content\/uploads\/2023\/04\/uho-magicni-spomini-1161-1536x1024.jpg 1536w, https:\/\/novice.si\/page\/wp-content\/uploads\/2023\/04\/uho-magicni-spomini-1161-696x464.jpg 696w, https:\/\/novice.si\/page\/wp-content\/uploads\/2023\/04\/uho-magicni-spomini-1161-1068x712.jpg 1068w, https:\/\/novice.si\/page\/wp-content\/uploads\/2023\/04\/uho-magicni-spomini-1161-630x420.jpg 630w, https:\/\/novice.si\/page\/wp-content\/uploads\/2023\/04\/uho-magicni-spomini-1161-24x16.jpg 24w, https:\/\/novice.si\/page\/wp-content\/uploads\/2023\/04\/uho-magicni-spomini-1161-36x24.jpg 36w, https:\/\/novice.si\/page\/wp-content\/uploads\/2023\/04\/uho-magicni-spomini-1161-48x32.jpg 48w, https:\/\/novice.si\/page\/wp-content\/uploads\/2023\/04\/uho-magicni-spomini-1161.jpg 2000w\" sizes=\"auto, (max-width: 300px) 100vw, 300px\" \/>Dijaki Srednje \u0161ole za storitvene dejavnosti in logistiko so na modno pisto postavili lastne kreacije trendovskih obla\u010dil in frizur. Revijo Modni vrtinec pod celjskimi zvezdami je pripravilo pribli\u017eno 50 mladih, ve\u010dinoma zaklju\u010dnih letnikov, ki so z javno predstavitvijo hkrati odkljukali tudi del pogojev za poklicno maturo. Dijake zdaj \u010daka opravljanje poklicne mature, po njej pa jih \u0161tevilni delodajalci, ki so navdu\u0161eni nad videnim, \u017ee nestrpno pri\u010dakujejo na delovnih mestih. Foto: MAGi\u010dni spomini.<\/p>\n","protected":false},"excerpt":{"rendered":"<p>Dijaki Srednje \u0161ole za storitvene dejavnosti in logistiko so na modno pisto postavili lastne kreacije trendovskih obla\u010dil in frizur. Revijo Modni vrtinec pod celjskimi zvezdami je pripravilo pribli\u017eno 50 mladih, ve\u010dinoma zaklju\u010dnih letnikov, ki so z javno predstavitvijo hkrati odkljukali tudi del pogojev za poklicno maturo. Dijake zdaj \u010daka opravljanje poklicne mature, po njej pa [&hellip;]<\/p>\n","protected":false},"author":10,"featured_media":161831,"comment_status":"closed","ping_status":"closed","sticky":false,"template":"","format":"standard","meta":{"footnotes":""},"categories":[14,142,17,15],"tags":[17563,17564,17565,12529],"class_list":{"0":"post-161847","1":"post","2":"type-post","3":"status-publish","4":"format-standard","5":"has-post-thumbnail","7":"category-aktualno","8":"category-celjan","9":"category-celjsko","10":"category-druzabno","11":"tag-magicni-spomini","12":"tag-modni-vrtinec","13":"tag-modni-vrtinec-pod-celjskimi-zvezdami","14":"tag-srednja-sola-za-storitvene-dejavnosti-in-logistiko"},"yoast_head":"<!-- This site is optimized with the Yoast SEO plugin v27.4 - https:\/\/yoast.com\/product\/yoast-seo-wordpress\/ -->\n<title>Znani Celjani navdu\u0161eni nad modnim vrtincem - Novice.si<\/title>\n<meta name=\"robots\" content=\"index, follow, max-snippet:-1, max-image-preview:large, max-video-preview:-1\" \/>\n<link rel=\"canonical\" href=\"https:\/\/novice.si\/page\/znani-celjani-navduseni-nad-modnim-vrtincem\/\" \/>\n<meta property=\"og:locale\" content=\"sl_SI\" \/>\n<meta property=\"og:type\" content=\"article\" \/>\n<meta property=\"og:title\" content=\"Znani Celjani navdu\u0161eni nad modnim vrtincem - Novice.si\" \/>\n<meta property=\"og:description\" content=\"Dijaki Srednje \u0161ole za storitvene dejavnosti in logistiko so na modno pisto postavili lastne kreacije trendovskih obla\u010dil in frizur. Revijo Modni vrtinec pod celjskimi zvezdami je pripravilo pribli\u017eno 50 mladih, ve\u010dinoma zaklju\u010dnih letnikov, ki so z javno predstavitvijo hkrati odkljukali tudi del pogojev za poklicno maturo. Dijake zdaj \u010daka opravljanje poklicne mature, po njej pa [&hellip;]\" \/>\n<meta property=\"og:url\" content=\"https:\/\/novice.si\/page\/znani-celjani-navduseni-nad-modnim-vrtincem\/\" \/>\n<meta property=\"og:site_name\" content=\"Novice.si\" \/>\n<meta property=\"article:published_time\" content=\"2023-04-16T04:30:22+00:00\" \/>\n<meta property=\"og:image\" content=\"https:\/\/novice.si\/page\/wp-content\/uploads\/2023\/04\/uho-magicni-spomini-1161.jpg\" \/>\n\t<meta property=\"og:image:width\" content=\"2000\" \/>\n\t<meta property=\"og:image:height\" content=\"1333\" \/>\n\t<meta property=\"og:image:type\" content=\"image\/jpeg\" \/>\n<meta name=\"author\" content=\"Iztok Krajnc\" \/>\n<meta name=\"twitter:card\" content=\"summary_large_image\" \/>\n<meta name=\"twitter:label1\" content=\"Written by\" \/>\n\t<meta name=\"twitter:data1\" content=\"Iztok Krajnc\" \/>\n<script type=\"application\/ld+json\" class=\"yoast-schema-graph\">{\"@context\":\"https:\\\/\\\/schema.org\",\"@graph\":[{\"@type\":\"Article\",\"@id\":\"https:\\\/\\\/novice.si\\\/page\\\/znani-celjani-navduseni-nad-modnim-vrtincem\\\/#article\",\"isPartOf\":{\"@id\":\"https:\\\/\\\/novice.si\\\/page\\\/znani-celjani-navduseni-nad-modnim-vrtincem\\\/\"},\"author\":{\"name\":\"Iztok Krajnc\",\"@id\":\"https:\\\/\\\/novice.si\\\/page\\\/#\\\/schema\\\/person\\\/92fda8564875f655675c886e4df22216\"},\"headline\":\"Znani Celjani navdu\u0161eni nad modnim vrtincem\",\"datePublished\":\"2023-04-16T04:30:22+00:00\",\"mainEntityOfPage\":{\"@id\":\"https:\\\/\\\/novice.si\\\/page\\\/znani-celjani-navduseni-nad-modnim-vrtincem\\\/\"},\"wordCount\":85,\"publisher\":{\"@id\":\"https:\\\/\\\/novice.si\\\/page\\\/#organization\"},\"image\":{\"@id\":\"https:\\\/\\\/novice.si\\\/page\\\/znani-celjani-navduseni-nad-modnim-vrtincem\\\/#primaryimage\"},\"thumbnailUrl\":\"https:\\\/\\\/novice.si\\\/page\\\/wp-content\\\/uploads\\\/2023\\\/04\\\/uho-magicni-spomini-1161.jpg\",\"keywords\":[\"magi\u010dni spomini\",\"modni vrtinec\",\"modni vrtinec pod celjskimi zvezdami\",\"Srednja \u0161ola za storitvene dejavnosti in logistiko\"],\"articleSection\":[\"Aktualno\",\"Celjan\",\"Celjsko\",\"Dru\u017eabno\"],\"inLanguage\":\"sl-SI\"},{\"@type\":\"WebPage\",\"@id\":\"https:\\\/\\\/novice.si\\\/page\\\/znani-celjani-navduseni-nad-modnim-vrtincem\\\/\",\"url\":\"https:\\\/\\\/novice.si\\\/page\\\/znani-celjani-navduseni-nad-modnim-vrtincem\\\/\",\"name\":\"Znani Celjani navdu\u0161eni nad modnim vrtincem - Novice.si\",\"isPartOf\":{\"@id\":\"https:\\\/\\\/novice.si\\\/page\\\/#website\"},\"primaryImageOfPage\":{\"@id\":\"https:\\\/\\\/novice.si\\\/page\\\/znani-celjani-navduseni-nad-modnim-vrtincem\\\/#primaryimage\"},\"image\":{\"@id\":\"https:\\\/\\\/novice.si\\\/page\\\/znani-celjani-navduseni-nad-modnim-vrtincem\\\/#primaryimage\"},\"thumbnailUrl\":\"https:\\\/\\\/novice.si\\\/page\\\/wp-content\\\/uploads\\\/2023\\\/04\\\/uho-magicni-spomini-1161.jpg\",\"datePublished\":\"2023-04-16T04:30:22+00:00\",\"breadcrumb\":{\"@id\":\"https:\\\/\\\/novice.si\\\/page\\\/znani-celjani-navduseni-nad-modnim-vrtincem\\\/#breadcrumb\"},\"inLanguage\":\"sl-SI\",\"potentialAction\":[{\"@type\":\"ReadAction\",\"target\":[\"https:\\\/\\\/novice.si\\\/page\\\/znani-celjani-navduseni-nad-modnim-vrtincem\\\/\"]}]},{\"@type\":\"ImageObject\",\"inLanguage\":\"sl-SI\",\"@id\":\"https:\\\/\\\/novice.si\\\/page\\\/znani-celjani-navduseni-nad-modnim-vrtincem\\\/#primaryimage\",\"url\":\"https:\\\/\\\/novice.si\\\/page\\\/wp-content\\\/uploads\\\/2023\\\/04\\\/uho-magicni-spomini-1161.jpg\",\"contentUrl\":\"https:\\\/\\\/novice.si\\\/page\\\/wp-content\\\/uploads\\\/2023\\\/04\\\/uho-magicni-spomini-1161.jpg\",\"width\":2000,\"height\":1333},{\"@type\":\"BreadcrumbList\",\"@id\":\"https:\\\/\\\/novice.si\\\/page\\\/znani-celjani-navduseni-nad-modnim-vrtincem\\\/#breadcrumb\",\"itemListElement\":[{\"@type\":\"ListItem\",\"position\":1,\"name\":\"Home\",\"item\":\"https:\\\/\\\/novice.si\\\/page\\\/\"},{\"@type\":\"ListItem\",\"position\":2,\"name\":\"Znani Celjani navdu\u0161eni nad modnim vrtincem\"}]},{\"@type\":\"WebSite\",\"@id\":\"https:\\\/\\\/novice.si\\\/page\\\/#website\",\"url\":\"https:\\\/\\\/novice.si\\\/page\\\/\",\"name\":\"Novice.si\",\"description\":\"\",\"publisher\":{\"@id\":\"https:\\\/\\\/novice.si\\\/page\\\/#organization\"},\"potentialAction\":[{\"@type\":\"SearchAction\",\"target\":{\"@type\":\"EntryPoint\",\"urlTemplate\":\"https:\\\/\\\/novice.si\\\/page\\\/?s={search_term_string}\"},\"query-input\":{\"@type\":\"PropertyValueSpecification\",\"valueRequired\":true,\"valueName\":\"search_term_string\"}}],\"inLanguage\":\"sl-SI\"},{\"@type\":\"Organization\",\"@id\":\"https:\\\/\\\/novice.si\\\/page\\\/#organization\",\"name\":\"Novice.si\",\"url\":\"https:\\\/\\\/novice.si\\\/page\\\/\",\"logo\":{\"@type\":\"ImageObject\",\"inLanguage\":\"sl-SI\",\"@id\":\"https:\\\/\\\/novice.si\\\/page\\\/#\\\/schema\\\/logo\\\/image\\\/\",\"url\":\"https:\\\/\\\/novice.si\\\/page\\\/wp-content\\\/uploads\\\/2023\\\/03\\\/novice_si.png\",\"contentUrl\":\"https:\\\/\\\/novice.si\\\/page\\\/wp-content\\\/uploads\\\/2023\\\/03\\\/novice_si.png\",\"width\":576,\"height\":200,\"caption\":\"Novice.si\"},\"image\":{\"@id\":\"https:\\\/\\\/novice.si\\\/page\\\/#\\\/schema\\\/logo\\\/image\\\/\"}},{\"@type\":\"Person\",\"@id\":\"https:\\\/\\\/novice.si\\\/page\\\/#\\\/schema\\\/person\\\/92fda8564875f655675c886e4df22216\",\"name\":\"Iztok Krajnc\",\"image\":{\"@type\":\"ImageObject\",\"inLanguage\":\"sl-SI\",\"@id\":\"https:\\\/\\\/secure.gravatar.com\\\/avatar\\\/2790ff125f883a5a9cb934a574322d28ea850f8f4494d77b487c1950e0096015?s=96&d=mm&r=g\",\"url\":\"https:\\\/\\\/secure.gravatar.com\\\/avatar\\\/2790ff125f883a5a9cb934a574322d28ea850f8f4494d77b487c1950e0096015?s=96&d=mm&r=g\",\"contentUrl\":\"https:\\\/\\\/secure.gravatar.com\\\/avatar\\\/2790ff125f883a5a9cb934a574322d28ea850f8f4494d77b487c1950e0096015?s=96&d=mm&r=g\",\"caption\":\"Iztok Krajnc\"},\"url\":\"https:\\\/\\\/novice.si\\\/page\\\/author\\\/iztok\\\/\"}]}<\/script>\n<!-- \/ Yoast SEO plugin. -->","yoast_head_json":{"title":"Znani Celjani navdu\u0161eni nad modnim vrtincem - Novice.si","robots":{"index":"index","follow":"follow","max-snippet":"max-snippet:-1","max-image-preview":"max-image-preview:large","max-video-preview":"max-video-preview:-1"},"canonical":"https:\/\/novice.si\/page\/znani-celjani-navduseni-nad-modnim-vrtincem\/","og_locale":"sl_SI","og_type":"article","og_title":"Znani Celjani navdu\u0161eni nad modnim vrtincem - Novice.si","og_description":"Dijaki Srednje \u0161ole za storitvene dejavnosti in logistiko so na modno pisto postavili lastne kreacije trendovskih obla\u010dil in frizur. Revijo Modni vrtinec pod celjskimi zvezdami je pripravilo pribli\u017eno 50 mladih, ve\u010dinoma zaklju\u010dnih letnikov, ki so z javno predstavitvijo hkrati odkljukali tudi del pogojev za poklicno maturo. Dijake zdaj \u010daka opravljanje poklicne mature, po njej pa [&hellip;]","og_url":"https:\/\/novice.si\/page\/znani-celjani-navduseni-nad-modnim-vrtincem\/","og_site_name":"Novice.si","article_published_time":"2023-04-16T04:30:22+00:00","og_image":[{"width":2000,"height":1333,"url":"https:\/\/novice.si\/page\/wp-content\/uploads\/2023\/04\/uho-magicni-spomini-1161.jpg","type":"image\/jpeg"}],"author":"Iztok Krajnc","twitter_card":"summary_large_image","twitter_misc":{"Written by":"Iztok Krajnc"},"schema":{"@context":"https:\/\/schema.org","@graph":[{"@type":"Article","@id":"https:\/\/novice.si\/page\/znani-celjani-navduseni-nad-modnim-vrtincem\/#article","isPartOf":{"@id":"https:\/\/novice.si\/page\/znani-celjani-navduseni-nad-modnim-vrtincem\/"},"author":{"name":"Iztok Krajnc","@id":"https:\/\/novice.si\/page\/#\/schema\/person\/92fda8564875f655675c886e4df22216"},"headline":"Znani Celjani navdu\u0161eni nad modnim vrtincem","datePublished":"2023-04-16T04:30:22+00:00","mainEntityOfPage":{"@id":"https:\/\/novice.si\/page\/znani-celjani-navduseni-nad-modnim-vrtincem\/"},"wordCount":85,"publisher":{"@id":"https:\/\/novice.si\/page\/#organization"},"image":{"@id":"https:\/\/novice.si\/page\/znani-celjani-navduseni-nad-modnim-vrtincem\/#primaryimage"},"thumbnailUrl":"https:\/\/novice.si\/page\/wp-content\/uploads\/2023\/04\/uho-magicni-spomini-1161.jpg","keywords":["magi\u010dni spomini","modni vrtinec","modni vrtinec pod celjskimi zvezdami","Srednja \u0161ola za storitvene dejavnosti in logistiko"],"articleSection":["Aktualno","Celjan","Celjsko","Dru\u017eabno"],"inLanguage":"sl-SI"},{"@type":"WebPage","@id":"https:\/\/novice.si\/page\/znani-celjani-navduseni-nad-modnim-vrtincem\/","url":"https:\/\/novice.si\/page\/znani-celjani-navduseni-nad-modnim-vrtincem\/","name":"Znani Celjani navdu\u0161eni nad modnim vrtincem - Novice.si","isPartOf":{"@id":"https:\/\/novice.si\/page\/#website"},"primaryImageOfPage":{"@id":"https:\/\/novice.si\/page\/znani-celjani-navduseni-nad-modnim-vrtincem\/#primaryimage"},"image":{"@id":"https:\/\/novice.si\/page\/znani-celjani-navduseni-nad-modnim-vrtincem\/#primaryimage"},"thumbnailUrl":"https:\/\/novice.si\/page\/wp-content\/uploads\/2023\/04\/uho-magicni-spomini-1161.jpg","datePublished":"2023-04-16T04:30:22+00:00","breadcrumb":{"@id":"https:\/\/novice.si\/page\/znani-celjani-navduseni-nad-modnim-vrtincem\/#breadcrumb"},"inLanguage":"sl-SI","potentialAction":[{"@type":"ReadAction","target":["https:\/\/novice.si\/page\/znani-celjani-navduseni-nad-modnim-vrtincem\/"]}]},{"@type":"ImageObject","inLanguage":"sl-SI","@id":"https:\/\/novice.si\/page\/znani-celjani-navduseni-nad-modnim-vrtincem\/#primaryimage","url":"https:\/\/novice.si\/page\/wp-content\/uploads\/2023\/04\/uho-magicni-spomini-1161.jpg","contentUrl":"https:\/\/novice.si\/page\/wp-content\/uploads\/2023\/04\/uho-magicni-spomini-1161.jpg","width":2000,"height":1333},{"@type":"BreadcrumbList","@id":"https:\/\/novice.si\/page\/znani-celjani-navduseni-nad-modnim-vrtincem\/#breadcrumb","itemListElement":[{"@type":"ListItem","position":1,"name":"Home","item":"https:\/\/novice.si\/page\/"},{"@type":"ListItem","position":2,"name":"Znani Celjani navdu\u0161eni nad modnim vrtincem"}]},{"@type":"WebSite","@id":"https:\/\/novice.si\/page\/#website","url":"https:\/\/novice.si\/page\/","name":"Novice.si","description":"","publisher":{"@id":"https:\/\/novice.si\/page\/#organization"},"potentialAction":[{"@type":"SearchAction","target":{"@type":"EntryPoint","urlTemplate":"https:\/\/novice.si\/page\/?s={search_term_string}"},"query-input":{"@type":"PropertyValueSpecification","valueRequired":true,"valueName":"search_term_string"}}],"inLanguage":"sl-SI"},{"@type":"Organization","@id":"https:\/\/novice.si\/page\/#organization","name":"Novice.si","url":"https:\/\/novice.si\/page\/","logo":{"@type":"ImageObject","inLanguage":"sl-SI","@id":"https:\/\/novice.si\/page\/#\/schema\/logo\/image\/","url":"https:\/\/novice.si\/page\/wp-content\/uploads\/2023\/03\/novice_si.png","contentUrl":"https:\/\/novice.si\/page\/wp-content\/uploads\/2023\/03\/novice_si.png","width":576,"height":200,"caption":"Novice.si"},"image":{"@id":"https:\/\/novice.si\/page\/#\/schema\/logo\/image\/"}},{"@type":"Person","@id":"https:\/\/novice.si\/page\/#\/schema\/person\/92fda8564875f655675c886e4df22216","name":"Iztok Krajnc","image":{"@type":"ImageObject","inLanguage":"sl-SI","@id":"https:\/\/secure.gravatar.com\/avatar\/2790ff125f883a5a9cb934a574322d28ea850f8f4494d77b487c1950e0096015?s=96&d=mm&r=g","url":"https:\/\/secure.gravatar.com\/avatar\/2790ff125f883a5a9cb934a574322d28ea850f8f4494d77b487c1950e0096015?s=96&d=mm&r=g","contentUrl":"https:\/\/secure.gravatar.com\/avatar\/2790ff125f883a5a9cb934a574322d28ea850f8f4494d77b487c1950e0096015?s=96&d=mm&r=g","caption":"Iztok Krajnc"},"url":"https:\/\/novice.si\/page\/author\/iztok\/"}]}},"_links":{"self":[{"href":"https:\/\/novice.si\/page\/wp-json\/wp\/v2\/posts\/161847","targetHints":{"allow":["GET"]}}],"collection":[{"href":"https:\/\/novice.si\/page\/wp-json\/wp\/v2\/posts"}],"about":[{"href":"https:\/\/novice.si\/page\/wp-json\/wp\/v2\/types\/post"}],"author":[{"embeddable":true,"href":"https:\/\/novice.si\/page\/wp-json\/wp\/v2\/users\/10"}],"replies":[{"embeddable":true,"href":"https:\/\/novice.si\/page\/wp-json\/wp\/v2\/comments?post=161847"}],"version-history":[{"count":2,"href":"https:\/\/novice.si\/page\/wp-json\/wp\/v2\/posts\/161847\/revisions"}],"predecessor-version":[{"id":161849,"href":"https:\/\/novice.si\/page\/wp-json\/wp\/v2\/posts\/161847\/revisions\/161849"}],"wp:featuredmedia":[{"embeddable":true,"href":"https:\/\/novice.si\/page\/wp-json\/wp\/v2\/media\/161831"}],"wp:attachment":[{"href":"https:\/\/novice.si\/page\/wp-json\/wp\/v2\/media?parent=161847"}],"wp:term":[{"taxonomy":"category","embeddable":true,"href":"https:\/\/novice.si\/page\/wp-json\/wp\/v2\/categories?post=161847"},{"taxonomy":"post_tag","embeddable":true,"href":"https:\/\/novice.si\/page\/wp-json\/wp\/v2\/tags?post=161847"}],"curies":[{"name":"wp","href":"https:\/\/api.w.org\/{rel}","templated":true}]}}