{"id":161790,"date":"2023-04-12T20:05:57","date_gmt":"2023-04-12T18:05:57","guid":{"rendered":"https:\/\/novice.si\/page\/?p=161790"},"modified":"2023-04-13T08:12:55","modified_gmt":"2023-04-13T06:12:55","slug":"del-kolesarske-dirke-po-sloveniji-junija-znova-tudi-po-stajerskih-cestah-3","status":"publish","type":"post","link":"https:\/\/novice.si\/page\/del-kolesarske-dirke-po-sloveniji-junija-znova-tudi-po-stajerskih-cestah-3\/","title":{"rendered":"Del kolesarske dirke Po Sloveniji junija znova tudi po \u0161tajerskih cestah"},"content":{"rendered":"<p class=\"T\"><img loading=\"lazy\" decoding=\"async\" class=\"alignnone size-medium wp-image-161791\" src=\"https:\/\/novice.si\/page\/wp-content\/uploads\/2023\/04\/kolesarska-dirka-Po-Sloveniji-2022_resize-600x400.jpg\" alt=\"\" width=\"600\" height=\"400\" srcset=\"https:\/\/novice.si\/page\/wp-content\/uploads\/2023\/04\/kolesarska-dirka-Po-Sloveniji-2022_resize-600x400.jpg 600w, https:\/\/novice.si\/page\/wp-content\/uploads\/2023\/04\/kolesarska-dirka-Po-Sloveniji-2022_resize-768x512.jpg 768w, https:\/\/novice.si\/page\/wp-content\/uploads\/2023\/04\/kolesarska-dirka-Po-Sloveniji-2022_resize-696x464.jpg 696w, https:\/\/novice.si\/page\/wp-content\/uploads\/2023\/04\/kolesarska-dirka-Po-Sloveniji-2022_resize-630x420.jpg 630w, https:\/\/novice.si\/page\/wp-content\/uploads\/2023\/04\/kolesarska-dirka-Po-Sloveniji-2022_resize-24x16.jpg 24w, https:\/\/novice.si\/page\/wp-content\/uploads\/2023\/04\/kolesarska-dirka-Po-Sloveniji-2022_resize-36x24.jpg 36w, https:\/\/novice.si\/page\/wp-content\/uploads\/2023\/04\/kolesarska-dirka-Po-Sloveniji-2022_resize-48x32.jpg 48w, https:\/\/novice.si\/page\/wp-content\/uploads\/2023\/04\/kolesarska-dirka-Po-Sloveniji-2022_resize.jpg 800w\" sizes=\"auto, (max-width: 600px) 100vw, 600px\" \/>Organizatorji kolesarske dirke Po Sloveniji bodo tudi del leto\u0161nje trase izpeljali po \u0161tajerskih cestah.<br \/>\nStart leto\u0161nje prve etape bo v Celju, od koder bodo kolesarji od\u0161li proti Roga\u0161ki Slatini. &#8216;Lete\u010di cilji&#8217; bodo v Braslov\u010dah, \u0160entjurju in \u0160marju pri Jel\u0161ah, edini gorski cilj pa v bli\u017eini \u017di\u010dke kartuzije. Karavana bo med drugim peljala tudi skozi Vojnik, Velenje, Vitanje, Zre\u010de, Slovenske Konjice in Dramlje. Drugi dan dirke bo start v \u017dalcu in cilj v Ormo\u017eu \u2013 kolesarji pa se bodo peljali tudi skozi Celje, \u0160tore, \u0160entjur, \u0160marje pri Jel\u0161ah, Rogatec, Maj\u0161perk, Kidri\u010devo in Videm pri Ptuju. Vrhunec dirke bo \u010detrta etapa, ki prina\u0161a dvakratni vzpon na Kolovrat iz tolminske strani.<br \/>\nDobrih 800 kilometrov dolga dirka bo sicer med 14. in 18. junijem, \u0161lo pa bo za 29. izvedbo. (Jure Mernik)<\/p>\n<p>Preberite tudi:<br \/>\nKolesarska dirka po Sloveniji se bo letos za\u010dela v Celju<br \/>\n<a href=\"https:\/\/novice.si\/page\/kolesarska-dirka-po-sloveniji-se-bo-letos-zacela-v-celju\/\">https:\/\/novice.si\/page\/kolesarska-dirka-po-sloveniji-se-bo-letos-zacela-v-celju\/<\/a><\/p>\n","protected":false},"excerpt":{"rendered":"<p>Organizatorji kolesarske dirke Po Sloveniji bodo tudi del leto\u0161nje trase izpeljali po \u0161tajerskih cestah. Start leto\u0161nje prve etape bo v Celju, od koder bodo kolesarji od\u0161li proti Roga\u0161ki Slatini. &#8216;Lete\u010di cilji&#8217; bodo v Braslov\u010dah, \u0160entjurju in \u0160marju pri Jel\u0161ah, edini gorski cilj pa v bli\u017eini \u017di\u010dke kartuzije. Karavana bo med drugim peljala tudi skozi Vojnik, [&hellip;]<\/p>\n","protected":false},"author":7,"featured_media":161791,"comment_status":"closed","ping_status":"closed","sticky":false,"template":"","format":"standard","meta":{"footnotes":""},"categories":[14,17,16,68],"tags":[8575],"class_list":{"0":"post-161790","1":"post","2":"type-post","3":"status-publish","4":"format-standard","5":"has-post-thumbnail","7":"category-aktualno","8":"category-celjsko","9":"category-konjisko","10":"category-sport","11":"tag-kolesarska-dirka-po-sloveniji"},"yoast_head":"<!-- This site is optimized with the Yoast SEO plugin v27.4 - https:\/\/yoast.com\/product\/yoast-seo-wordpress\/ -->\n<title>Del kolesarske dirke Po Sloveniji junija znova tudi po \u0161tajerskih cestah - Novice.si<\/title>\n<meta name=\"robots\" content=\"index, follow, max-snippet:-1, max-image-preview:large, max-video-preview:-1\" \/>\n<link rel=\"canonical\" href=\"https:\/\/novice.si\/page\/del-kolesarske-dirke-po-sloveniji-junija-znova-tudi-po-stajerskih-cestah-3\/\" \/>\n<meta property=\"og:locale\" content=\"sl_SI\" \/>\n<meta property=\"og:type\" content=\"article\" \/>\n<meta property=\"og:title\" content=\"Del kolesarske dirke Po Sloveniji junija znova tudi po \u0161tajerskih cestah - Novice.si\" \/>\n<meta property=\"og:description\" content=\"Organizatorji kolesarske dirke Po Sloveniji bodo tudi del leto\u0161nje trase izpeljali po \u0161tajerskih cestah. Start leto\u0161nje prve etape bo v Celju, od koder bodo kolesarji od\u0161li proti Roga\u0161ki Slatini. &#8216;Lete\u010di cilji&#8217; bodo v Braslov\u010dah, \u0160entjurju in \u0160marju pri Jel\u0161ah, edini gorski cilj pa v bli\u017eini \u017di\u010dke kartuzije. Karavana bo med drugim peljala tudi skozi Vojnik, [&hellip;]\" \/>\n<meta property=\"og:url\" content=\"https:\/\/novice.si\/page\/del-kolesarske-dirke-po-sloveniji-junija-znova-tudi-po-stajerskih-cestah-3\/\" \/>\n<meta property=\"og:site_name\" content=\"Novice.si\" \/>\n<meta property=\"article:published_time\" content=\"2023-04-12T18:05:57+00:00\" \/>\n<meta property=\"article:modified_time\" content=\"2023-04-13T06:12:55+00:00\" \/>\n<meta property=\"og:image\" content=\"https:\/\/novice.si\/page\/wp-content\/uploads\/2023\/04\/kolesarska-dirka-Po-Sloveniji-2022_resize.jpg\" \/>\n\t<meta property=\"og:image:width\" content=\"800\" \/>\n\t<meta property=\"og:image:height\" content=\"533\" \/>\n\t<meta property=\"og:image:type\" content=\"image\/jpeg\" \/>\n<meta name=\"author\" content=\"Uredni\u0161tvo Novic\" \/>\n<meta name=\"twitter:card\" content=\"summary_large_image\" \/>\n<meta name=\"twitter:label1\" content=\"Written by\" \/>\n\t<meta name=\"twitter:data1\" content=\"Uredni\u0161tvo Novic\" \/>\n\t<meta name=\"twitter:label2\" content=\"Est. reading time\" \/>\n\t<meta name=\"twitter:data2\" content=\"1 minuta\" \/>\n<script type=\"application\/ld+json\" class=\"yoast-schema-graph\">{\"@context\":\"https:\\\/\\\/schema.org\",\"@graph\":[{\"@type\":\"Article\",\"@id\":\"https:\\\/\\\/novice.si\\\/page\\\/del-kolesarske-dirke-po-sloveniji-junija-znova-tudi-po-stajerskih-cestah-3\\\/#article\",\"isPartOf\":{\"@id\":\"https:\\\/\\\/novice.si\\\/page\\\/del-kolesarske-dirke-po-sloveniji-junija-znova-tudi-po-stajerskih-cestah-3\\\/\"},\"author\":{\"name\":\"Uredni\u0161tvo Novic\",\"@id\":\"https:\\\/\\\/novice.si\\\/page\\\/#\\\/schema\\\/person\\\/a877dbb8680d441357ce27663beb35ca\"},\"headline\":\"Del kolesarske dirke Po Sloveniji junija znova tudi po \u0161tajerskih cestah\",\"datePublished\":\"2023-04-12T18:05:57+00:00\",\"dateModified\":\"2023-04-13T06:12:55+00:00\",\"mainEntityOfPage\":{\"@id\":\"https:\\\/\\\/novice.si\\\/page\\\/del-kolesarske-dirke-po-sloveniji-junija-znova-tudi-po-stajerskih-cestah-3\\\/\"},\"wordCount\":167,\"publisher\":{\"@id\":\"https:\\\/\\\/novice.si\\\/page\\\/#organization\"},\"image\":{\"@id\":\"https:\\\/\\\/novice.si\\\/page\\\/del-kolesarske-dirke-po-sloveniji-junija-znova-tudi-po-stajerskih-cestah-3\\\/#primaryimage\"},\"thumbnailUrl\":\"https:\\\/\\\/novice.si\\\/page\\\/wp-content\\\/uploads\\\/2023\\\/04\\\/kolesarska-dirka-Po-Sloveniji-2022_resize.jpg\",\"keywords\":[\"kolesarska Dirka po Sloveniji\"],\"articleSection\":[\"Aktualno\",\"Celjsko\",\"Konji\u0161ko\",\"\u0160port\"],\"inLanguage\":\"sl-SI\"},{\"@type\":\"WebPage\",\"@id\":\"https:\\\/\\\/novice.si\\\/page\\\/del-kolesarske-dirke-po-sloveniji-junija-znova-tudi-po-stajerskih-cestah-3\\\/\",\"url\":\"https:\\\/\\\/novice.si\\\/page\\\/del-kolesarske-dirke-po-sloveniji-junija-znova-tudi-po-stajerskih-cestah-3\\\/\",\"name\":\"Del kolesarske dirke Po Sloveniji junija znova tudi po \u0161tajerskih cestah - Novice.si\",\"isPartOf\":{\"@id\":\"https:\\\/\\\/novice.si\\\/page\\\/#website\"},\"primaryImageOfPage\":{\"@id\":\"https:\\\/\\\/novice.si\\\/page\\\/del-kolesarske-dirke-po-sloveniji-junija-znova-tudi-po-stajerskih-cestah-3\\\/#primaryimage\"},\"image\":{\"@id\":\"https:\\\/\\\/novice.si\\\/page\\\/del-kolesarske-dirke-po-sloveniji-junija-znova-tudi-po-stajerskih-cestah-3\\\/#primaryimage\"},\"thumbnailUrl\":\"https:\\\/\\\/novice.si\\\/page\\\/wp-content\\\/uploads\\\/2023\\\/04\\\/kolesarska-dirka-Po-Sloveniji-2022_resize.jpg\",\"datePublished\":\"2023-04-12T18:05:57+00:00\",\"dateModified\":\"2023-04-13T06:12:55+00:00\",\"breadcrumb\":{\"@id\":\"https:\\\/\\\/novice.si\\\/page\\\/del-kolesarske-dirke-po-sloveniji-junija-znova-tudi-po-stajerskih-cestah-3\\\/#breadcrumb\"},\"inLanguage\":\"sl-SI\",\"potentialAction\":[{\"@type\":\"ReadAction\",\"target\":[\"https:\\\/\\\/novice.si\\\/page\\\/del-kolesarske-dirke-po-sloveniji-junija-znova-tudi-po-stajerskih-cestah-3\\\/\"]}]},{\"@type\":\"ImageObject\",\"inLanguage\":\"sl-SI\",\"@id\":\"https:\\\/\\\/novice.si\\\/page\\\/del-kolesarske-dirke-po-sloveniji-junija-znova-tudi-po-stajerskih-cestah-3\\\/#primaryimage\",\"url\":\"https:\\\/\\\/novice.si\\\/page\\\/wp-content\\\/uploads\\\/2023\\\/04\\\/kolesarska-dirka-Po-Sloveniji-2022_resize.jpg\",\"contentUrl\":\"https:\\\/\\\/novice.si\\\/page\\\/wp-content\\\/uploads\\\/2023\\\/04\\\/kolesarska-dirka-Po-Sloveniji-2022_resize.jpg\",\"width\":800,\"height\":533},{\"@type\":\"BreadcrumbList\",\"@id\":\"https:\\\/\\\/novice.si\\\/page\\\/del-kolesarske-dirke-po-sloveniji-junija-znova-tudi-po-stajerskih-cestah-3\\\/#breadcrumb\",\"itemListElement\":[{\"@type\":\"ListItem\",\"position\":1,\"name\":\"Home\",\"item\":\"https:\\\/\\\/novice.si\\\/page\\\/\"},{\"@type\":\"ListItem\",\"position\":2,\"name\":\"Del kolesarske dirke Po Sloveniji junija znova tudi po \u0161tajerskih cestah\"}]},{\"@type\":\"WebSite\",\"@id\":\"https:\\\/\\\/novice.si\\\/page\\\/#website\",\"url\":\"https:\\\/\\\/novice.si\\\/page\\\/\",\"name\":\"Novice.si\",\"description\":\"\",\"publisher\":{\"@id\":\"https:\\\/\\\/novice.si\\\/page\\\/#organization\"},\"potentialAction\":[{\"@type\":\"SearchAction\",\"target\":{\"@type\":\"EntryPoint\",\"urlTemplate\":\"https:\\\/\\\/novice.si\\\/page\\\/?s={search_term_string}\"},\"query-input\":{\"@type\":\"PropertyValueSpecification\",\"valueRequired\":true,\"valueName\":\"search_term_string\"}}],\"inLanguage\":\"sl-SI\"},{\"@type\":\"Organization\",\"@id\":\"https:\\\/\\\/novice.si\\\/page\\\/#organization\",\"name\":\"Novice.si\",\"url\":\"https:\\\/\\\/novice.si\\\/page\\\/\",\"logo\":{\"@type\":\"ImageObject\",\"inLanguage\":\"sl-SI\",\"@id\":\"https:\\\/\\\/novice.si\\\/page\\\/#\\\/schema\\\/logo\\\/image\\\/\",\"url\":\"https:\\\/\\\/novice.si\\\/page\\\/wp-content\\\/uploads\\\/2023\\\/03\\\/novice_si.png\",\"contentUrl\":\"https:\\\/\\\/novice.si\\\/page\\\/wp-content\\\/uploads\\\/2023\\\/03\\\/novice_si.png\",\"width\":576,\"height\":200,\"caption\":\"Novice.si\"},\"image\":{\"@id\":\"https:\\\/\\\/novice.si\\\/page\\\/#\\\/schema\\\/logo\\\/image\\\/\"}},{\"@type\":\"Person\",\"@id\":\"https:\\\/\\\/novice.si\\\/page\\\/#\\\/schema\\\/person\\\/a877dbb8680d441357ce27663beb35ca\",\"name\":\"Uredni\u0161tvo Novic\",\"image\":{\"@type\":\"ImageObject\",\"inLanguage\":\"sl-SI\",\"@id\":\"https:\\\/\\\/secure.gravatar.com\\\/avatar\\\/f19c0ae874706cc9ba19d2f6da5f74a5a5ee7674f283fed29ce0ad16a9f1893e?s=96&d=mm&r=g\",\"url\":\"https:\\\/\\\/secure.gravatar.com\\\/avatar\\\/f19c0ae874706cc9ba19d2f6da5f74a5a5ee7674f283fed29ce0ad16a9f1893e?s=96&d=mm&r=g\",\"contentUrl\":\"https:\\\/\\\/secure.gravatar.com\\\/avatar\\\/f19c0ae874706cc9ba19d2f6da5f74a5a5ee7674f283fed29ce0ad16a9f1893e?s=96&d=mm&r=g\",\"caption\":\"Uredni\u0161tvo Novic\"},\"url\":\"https:\\\/\\\/novice.si\\\/page\\\/author\\\/jure\\\/\"}]}<\/script>\n<!-- \/ Yoast SEO plugin. -->","yoast_head_json":{"title":"Del kolesarske dirke Po Sloveniji junija znova tudi po \u0161tajerskih cestah - Novice.si","robots":{"index":"index","follow":"follow","max-snippet":"max-snippet:-1","max-image-preview":"max-image-preview:large","max-video-preview":"max-video-preview:-1"},"canonical":"https:\/\/novice.si\/page\/del-kolesarske-dirke-po-sloveniji-junija-znova-tudi-po-stajerskih-cestah-3\/","og_locale":"sl_SI","og_type":"article","og_title":"Del kolesarske dirke Po Sloveniji junija znova tudi po \u0161tajerskih cestah - Novice.si","og_description":"Organizatorji kolesarske dirke Po Sloveniji bodo tudi del leto\u0161nje trase izpeljali po \u0161tajerskih cestah. Start leto\u0161nje prve etape bo v Celju, od koder bodo kolesarji od\u0161li proti Roga\u0161ki Slatini. &#8216;Lete\u010di cilji&#8217; bodo v Braslov\u010dah, \u0160entjurju in \u0160marju pri Jel\u0161ah, edini gorski cilj pa v bli\u017eini \u017di\u010dke kartuzije. Karavana bo med drugim peljala tudi skozi Vojnik, [&hellip;]","og_url":"https:\/\/novice.si\/page\/del-kolesarske-dirke-po-sloveniji-junija-znova-tudi-po-stajerskih-cestah-3\/","og_site_name":"Novice.si","article_published_time":"2023-04-12T18:05:57+00:00","article_modified_time":"2023-04-13T06:12:55+00:00","og_image":[{"width":800,"height":533,"url":"https:\/\/novice.si\/page\/wp-content\/uploads\/2023\/04\/kolesarska-dirka-Po-Sloveniji-2022_resize.jpg","type":"image\/jpeg"}],"author":"Uredni\u0161tvo Novic","twitter_card":"summary_large_image","twitter_misc":{"Written by":"Uredni\u0161tvo Novic","Est. reading time":"1 minuta"},"schema":{"@context":"https:\/\/schema.org","@graph":[{"@type":"Article","@id":"https:\/\/novice.si\/page\/del-kolesarske-dirke-po-sloveniji-junija-znova-tudi-po-stajerskih-cestah-3\/#article","isPartOf":{"@id":"https:\/\/novice.si\/page\/del-kolesarske-dirke-po-sloveniji-junija-znova-tudi-po-stajerskih-cestah-3\/"},"author":{"name":"Uredni\u0161tvo Novic","@id":"https:\/\/novice.si\/page\/#\/schema\/person\/a877dbb8680d441357ce27663beb35ca"},"headline":"Del kolesarske dirke Po Sloveniji junija znova tudi po \u0161tajerskih cestah","datePublished":"2023-04-12T18:05:57+00:00","dateModified":"2023-04-13T06:12:55+00:00","mainEntityOfPage":{"@id":"https:\/\/novice.si\/page\/del-kolesarske-dirke-po-sloveniji-junija-znova-tudi-po-stajerskih-cestah-3\/"},"wordCount":167,"publisher":{"@id":"https:\/\/novice.si\/page\/#organization"},"image":{"@id":"https:\/\/novice.si\/page\/del-kolesarske-dirke-po-sloveniji-junija-znova-tudi-po-stajerskih-cestah-3\/#primaryimage"},"thumbnailUrl":"https:\/\/novice.si\/page\/wp-content\/uploads\/2023\/04\/kolesarska-dirka-Po-Sloveniji-2022_resize.jpg","keywords":["kolesarska Dirka po Sloveniji"],"articleSection":["Aktualno","Celjsko","Konji\u0161ko","\u0160port"],"inLanguage":"sl-SI"},{"@type":"WebPage","@id":"https:\/\/novice.si\/page\/del-kolesarske-dirke-po-sloveniji-junija-znova-tudi-po-stajerskih-cestah-3\/","url":"https:\/\/novice.si\/page\/del-kolesarske-dirke-po-sloveniji-junija-znova-tudi-po-stajerskih-cestah-3\/","name":"Del kolesarske dirke Po Sloveniji junija znova tudi po \u0161tajerskih cestah - Novice.si","isPartOf":{"@id":"https:\/\/novice.si\/page\/#website"},"primaryImageOfPage":{"@id":"https:\/\/novice.si\/page\/del-kolesarske-dirke-po-sloveniji-junija-znova-tudi-po-stajerskih-cestah-3\/#primaryimage"},"image":{"@id":"https:\/\/novice.si\/page\/del-kolesarske-dirke-po-sloveniji-junija-znova-tudi-po-stajerskih-cestah-3\/#primaryimage"},"thumbnailUrl":"https:\/\/novice.si\/page\/wp-content\/uploads\/2023\/04\/kolesarska-dirka-Po-Sloveniji-2022_resize.jpg","datePublished":"2023-04-12T18:05:57+00:00","dateModified":"2023-04-13T06:12:55+00:00","breadcrumb":{"@id":"https:\/\/novice.si\/page\/del-kolesarske-dirke-po-sloveniji-junija-znova-tudi-po-stajerskih-cestah-3\/#breadcrumb"},"inLanguage":"sl-SI","potentialAction":[{"@type":"ReadAction","target":["https:\/\/novice.si\/page\/del-kolesarske-dirke-po-sloveniji-junija-znova-tudi-po-stajerskih-cestah-3\/"]}]},{"@type":"ImageObject","inLanguage":"sl-SI","@id":"https:\/\/novice.si\/page\/del-kolesarske-dirke-po-sloveniji-junija-znova-tudi-po-stajerskih-cestah-3\/#primaryimage","url":"https:\/\/novice.si\/page\/wp-content\/uploads\/2023\/04\/kolesarska-dirka-Po-Sloveniji-2022_resize.jpg","contentUrl":"https:\/\/novice.si\/page\/wp-content\/uploads\/2023\/04\/kolesarska-dirka-Po-Sloveniji-2022_resize.jpg","width":800,"height":533},{"@type":"BreadcrumbList","@id":"https:\/\/novice.si\/page\/del-kolesarske-dirke-po-sloveniji-junija-znova-tudi-po-stajerskih-cestah-3\/#breadcrumb","itemListElement":[{"@type":"ListItem","position":1,"name":"Home","item":"https:\/\/novice.si\/page\/"},{"@type":"ListItem","position":2,"name":"Del kolesarske dirke Po Sloveniji junija znova tudi po \u0161tajerskih cestah"}]},{"@type":"WebSite","@id":"https:\/\/novice.si\/page\/#website","url":"https:\/\/novice.si\/page\/","name":"Novice.si","description":"","publisher":{"@id":"https:\/\/novice.si\/page\/#organization"},"potentialAction":[{"@type":"SearchAction","target":{"@type":"EntryPoint","urlTemplate":"https:\/\/novice.si\/page\/?s={search_term_string}"},"query-input":{"@type":"PropertyValueSpecification","valueRequired":true,"valueName":"search_term_string"}}],"inLanguage":"sl-SI"},{"@type":"Organization","@id":"https:\/\/novice.si\/page\/#organization","name":"Novice.si","url":"https:\/\/novice.si\/page\/","logo":{"@type":"ImageObject","inLanguage":"sl-SI","@id":"https:\/\/novice.si\/page\/#\/schema\/logo\/image\/","url":"https:\/\/novice.si\/page\/wp-content\/uploads\/2023\/03\/novice_si.png","contentUrl":"https:\/\/novice.si\/page\/wp-content\/uploads\/2023\/03\/novice_si.png","width":576,"height":200,"caption":"Novice.si"},"image":{"@id":"https:\/\/novice.si\/page\/#\/schema\/logo\/image\/"}},{"@type":"Person","@id":"https:\/\/novice.si\/page\/#\/schema\/person\/a877dbb8680d441357ce27663beb35ca","name":"Uredni\u0161tvo Novic","image":{"@type":"ImageObject","inLanguage":"sl-SI","@id":"https:\/\/secure.gravatar.com\/avatar\/f19c0ae874706cc9ba19d2f6da5f74a5a5ee7674f283fed29ce0ad16a9f1893e?s=96&d=mm&r=g","url":"https:\/\/secure.gravatar.com\/avatar\/f19c0ae874706cc9ba19d2f6da5f74a5a5ee7674f283fed29ce0ad16a9f1893e?s=96&d=mm&r=g","contentUrl":"https:\/\/secure.gravatar.com\/avatar\/f19c0ae874706cc9ba19d2f6da5f74a5a5ee7674f283fed29ce0ad16a9f1893e?s=96&d=mm&r=g","caption":"Uredni\u0161tvo Novic"},"url":"https:\/\/novice.si\/page\/author\/jure\/"}]}},"_links":{"self":[{"href":"https:\/\/novice.si\/page\/wp-json\/wp\/v2\/posts\/161790","targetHints":{"allow":["GET"]}}],"collection":[{"href":"https:\/\/novice.si\/page\/wp-json\/wp\/v2\/posts"}],"about":[{"href":"https:\/\/novice.si\/page\/wp-json\/wp\/v2\/types\/post"}],"author":[{"embeddable":true,"href":"https:\/\/novice.si\/page\/wp-json\/wp\/v2\/users\/7"}],"replies":[{"embeddable":true,"href":"https:\/\/novice.si\/page\/wp-json\/wp\/v2\/comments?post=161790"}],"version-history":[{"count":1,"href":"https:\/\/novice.si\/page\/wp-json\/wp\/v2\/posts\/161790\/revisions"}],"predecessor-version":[{"id":161792,"href":"https:\/\/novice.si\/page\/wp-json\/wp\/v2\/posts\/161790\/revisions\/161792"}],"wp:featuredmedia":[{"embeddable":true,"href":"https:\/\/novice.si\/page\/wp-json\/wp\/v2\/media\/161791"}],"wp:attachment":[{"href":"https:\/\/novice.si\/page\/wp-json\/wp\/v2\/media?parent=161790"}],"wp:term":[{"taxonomy":"category","embeddable":true,"href":"https:\/\/novice.si\/page\/wp-json\/wp\/v2\/categories?post=161790"},{"taxonomy":"post_tag","embeddable":true,"href":"https:\/\/novice.si\/page\/wp-json\/wp\/v2\/tags?post=161790"}],"curies":[{"name":"wp","href":"https:\/\/api.w.org\/{rel}","templated":true}]}}