{"id":161768,"date":"2023-04-12T13:50:49","date_gmt":"2023-04-12T11:50:49","guid":{"rendered":"https:\/\/novice.si\/page\/?p=161768"},"modified":"2023-04-12T13:51:22","modified_gmt":"2023-04-12T11:51:22","slug":"celje-doslej-identificirali-pet-nasilnih-mladoletnic","status":"publish","type":"post","link":"https:\/\/novice.si\/page\/celje-doslej-identificirali-pet-nasilnih-mladoletnic\/","title":{"rendered":"CELJE Doslej identificirali pet nasilnih mladoletnic"},"content":{"rendered":"<p><img loading=\"lazy\" decoding=\"async\" class=\"wp-image-161705 alignleft\" src=\"https:\/\/novice.si\/page\/wp-content\/uploads\/2023\/04\/mladoletniCE-1.png\" alt=\"\" width=\"264\" height=\"289\" srcset=\"https:\/\/novice.si\/page\/wp-content\/uploads\/2023\/04\/mladoletniCE-1.png 420w, https:\/\/novice.si\/page\/wp-content\/uploads\/2023\/04\/mladoletniCE-1-383x420.png 383w, https:\/\/novice.si\/page\/wp-content\/uploads\/2023\/04\/mladoletniCE-1-22x24.png 22w, https:\/\/novice.si\/page\/wp-content\/uploads\/2023\/04\/mladoletniCE-1-33x36.png 33w, https:\/\/novice.si\/page\/wp-content\/uploads\/2023\/04\/mladoletniCE-1-44x48.png 44w\" sizes=\"auto, (max-width: 264px) 100vw, 264px\" \/>V zvezi z razkritjem mladoletni\u0161kega nasilja in objave posnetkov sobotnega pretepa na stre\u0161nem parkiri\u0161\u010du celjskega City centra se je med drugim danes odzvala tudi Policijska uprava Celje.<\/p>\n<p>Neuradno naj bi v incidentu sodelovale u\u010denke ve\u010d celjskih osnovnih \u0161ol, ki so se fizi\u010dno in verbalno znesle nad vrstnico, njihova imena so hkrati s posnetki \u017ee zaokro\u017eila po spletu.<\/p>\n<p>Kot so poudarili na policiji, bo preiskava poleg nasilni\u0161tva zajela tudi druga kazniva dejanja.<\/p>\n<p>\u00bbDoslej smo ugotovili, da imamo eno o\u0161kodovanko in pet osumljencev uradno pregonljivega kaznivega dejanja nasilni\u0161tva. Ker je preiskava \u0161e v intenzivni fazi, bi vam za<img loading=\"lazy\" decoding=\"async\" class=\"wp-image-161769 alignright\" src=\"https:\/\/novice.si\/page\/wp-content\/uploads\/2023\/04\/Kavc-Bracko-1-600x450.jpg\" alt=\"\" width=\"331\" height=\"248\" srcset=\"https:\/\/novice.si\/page\/wp-content\/uploads\/2023\/04\/Kavc-Bracko-1-600x450.jpg 600w, https:\/\/novice.si\/page\/wp-content\/uploads\/2023\/04\/Kavc-Bracko-1-1024x768.jpg 1024w, https:\/\/novice.si\/page\/wp-content\/uploads\/2023\/04\/Kavc-Bracko-1-768x576.jpg 768w, https:\/\/novice.si\/page\/wp-content\/uploads\/2023\/04\/Kavc-Bracko-1-1536x1152.jpg 1536w, https:\/\/novice.si\/page\/wp-content\/uploads\/2023\/04\/Kavc-Bracko-1-2048x1536.jpg 2048w, https:\/\/novice.si\/page\/wp-content\/uploads\/2023\/04\/Kavc-Bracko-1-80x60.jpg 80w, https:\/\/novice.si\/page\/wp-content\/uploads\/2023\/04\/Kavc-Bracko-1-265x198.jpg 265w, https:\/\/novice.si\/page\/wp-content\/uploads\/2023\/04\/Kavc-Bracko-1-696x522.jpg 696w, https:\/\/novice.si\/page\/wp-content\/uploads\/2023\/04\/Kavc-Bracko-1-1068x801.jpg 1068w, https:\/\/novice.si\/page\/wp-content\/uploads\/2023\/04\/Kavc-Bracko-1-560x420.jpg 560w, https:\/\/novice.si\/page\/wp-content\/uploads\/2023\/04\/Kavc-Bracko-1-24x18.jpg 24w, https:\/\/novice.si\/page\/wp-content\/uploads\/2023\/04\/Kavc-Bracko-1-36x27.jpg 36w, https:\/\/novice.si\/page\/wp-content\/uploads\/2023\/04\/Kavc-Bracko-1-48x36.jpg 48w\" sizes=\"auto, (max-width: 331px) 100vw, 331px\" \/> zdaj lahko dali le te podatke, saj so tu mladoletni storilci kaznivih dejanj, ki pa jih zakonodaja posebej \u0161\u010diti\u00ab, je dejal celjski policijski in\u0161pektor <strong>Bo\u0161tjan Kavc<\/strong> (na sliki desno).<\/p>\n<p><strong>Jo\u017ee Bra\u010dko<\/strong>, vodja skupine za mladoletni\u0161ko kriminaliteto kriminalisti\u010dne policije PUC, dodaja, da \u00bboseba, ki ni dopolnila 14 let, ni kazensko odgovorna. Mladoletniki so dele\u017eni posebnega varstva pri izreku kazni, od opomina, vzgojnih ukrepov, ukor, stro\u017eje nadzorstvo skrbstvenega organa, oddaja v prevzgojni zavod ali denarna kazen, tudi mladoletni\u0161ki zapor, ki ga imamo v Celju. Najve\u010dji porast kaznivih dejanj med mladoletniki je v zadnjih petih letih prav pri nasilni\u0161tvu.\u00ab<\/p>\n<p><em>Ve\u010d preberite v Celjanu.<\/em><\/p>\n<p>P\u0160<\/p>\n","protected":false},"excerpt":{"rendered":"<p>V zvezi z razkritjem mladoletni\u0161kega nasilja in objave posnetkov sobotnega pretepa na stre\u0161nem parkiri\u0161\u010du celjskega City centra se je med drugim danes odzvala tudi Policijska uprava Celje. Neuradno naj bi v incidentu sodelovale u\u010denke ve\u010d celjskih osnovnih \u0161ol, ki so se fizi\u010dno in verbalno znesle nad vrstnico, njihova imena so hkrati s posnetki \u017ee zaokro\u017eila [&hellip;]<\/p>\n","protected":false},"author":33,"featured_media":161707,"comment_status":"closed","ping_status":"closed","sticky":false,"template":"","format":"standard","meta":{"footnotes":""},"categories":[14,17,29],"tags":[17522,17523,17525,17524,3638],"class_list":{"0":"post-161768","1":"post","2":"type-post","3":"status-publish","4":"format-standard","5":"has-post-thumbnail","7":"category-aktualno","8":"category-celjsko","9":"category-kronika","10":"tag-mladoletnice","11":"tag-osnovnosolke-iz-celja","12":"tag-pet-osumljencev","13":"tag-policijska-izjava-za-javnost","14":"tag-puc"},"yoast_head":"<!-- This site is optimized with the Yoast SEO plugin v27.4 - https:\/\/yoast.com\/product\/yoast-seo-wordpress\/ -->\n<title>CELJE Doslej identificirali pet nasilnih mladoletnic - Novice.si<\/title>\n<meta name=\"robots\" content=\"index, follow, max-snippet:-1, max-image-preview:large, max-video-preview:-1\" \/>\n<link rel=\"canonical\" href=\"https:\/\/novice.si\/page\/celje-doslej-identificirali-pet-nasilnih-mladoletnic\/\" \/>\n<meta property=\"og:locale\" content=\"sl_SI\" \/>\n<meta property=\"og:type\" content=\"article\" \/>\n<meta property=\"og:title\" content=\"CELJE Doslej identificirali pet nasilnih mladoletnic - Novice.si\" \/>\n<meta property=\"og:description\" content=\"V zvezi z razkritjem mladoletni\u0161kega nasilja in objave posnetkov sobotnega pretepa na stre\u0161nem parkiri\u0161\u010du celjskega City centra se je med drugim danes odzvala tudi Policijska uprava Celje. Neuradno naj bi v incidentu sodelovale u\u010denke ve\u010d celjskih osnovnih \u0161ol, ki so se fizi\u010dno in verbalno znesle nad vrstnico, njihova imena so hkrati s posnetki \u017ee zaokro\u017eila [&hellip;]\" \/>\n<meta property=\"og:url\" content=\"https:\/\/novice.si\/page\/celje-doslej-identificirali-pet-nasilnih-mladoletnic\/\" \/>\n<meta property=\"og:site_name\" content=\"Novice.si\" \/>\n<meta property=\"article:published_time\" content=\"2023-04-12T11:50:49+00:00\" \/>\n<meta property=\"article:modified_time\" content=\"2023-04-12T11:51:22+00:00\" \/>\n<meta property=\"og:image\" content=\"https:\/\/novice.si\/page\/wp-content\/uploads\/2023\/04\/mladoletniCE-4.png\" \/>\n\t<meta property=\"og:image:width\" content=\"623\" \/>\n\t<meta property=\"og:image:height\" content=\"575\" \/>\n\t<meta property=\"og:image:type\" content=\"image\/png\" \/>\n<meta name=\"author\" content=\"Uredni\u0161tvo Celjana\" \/>\n<meta name=\"twitter:card\" content=\"summary_large_image\" \/>\n<meta name=\"twitter:label1\" content=\"Written by\" \/>\n\t<meta name=\"twitter:data1\" content=\"Uredni\u0161tvo Celjana\" \/>\n\t<meta name=\"twitter:label2\" content=\"Est. reading time\" \/>\n\t<meta name=\"twitter:data2\" content=\"2 minuti\" \/>\n<script type=\"application\/ld+json\" class=\"yoast-schema-graph\">{\"@context\":\"https:\\\/\\\/schema.org\",\"@graph\":[{\"@type\":\"Article\",\"@id\":\"https:\\\/\\\/novice.si\\\/page\\\/celje-doslej-identificirali-pet-nasilnih-mladoletnic\\\/#article\",\"isPartOf\":{\"@id\":\"https:\\\/\\\/novice.si\\\/page\\\/celje-doslej-identificirali-pet-nasilnih-mladoletnic\\\/\"},\"author\":{\"name\":\"Uredni\u0161tvo Celjana\",\"@id\":\"https:\\\/\\\/novice.si\\\/page\\\/#\\\/schema\\\/person\\\/57f25c9642a9541c7349c65d32032c3e\"},\"headline\":\"CELJE Doslej identificirali pet nasilnih mladoletnic\",\"datePublished\":\"2023-04-12T11:50:49+00:00\",\"dateModified\":\"2023-04-12T11:51:22+00:00\",\"mainEntityOfPage\":{\"@id\":\"https:\\\/\\\/novice.si\\\/page\\\/celje-doslej-identificirali-pet-nasilnih-mladoletnic\\\/\"},\"wordCount\":222,\"publisher\":{\"@id\":\"https:\\\/\\\/novice.si\\\/page\\\/#organization\"},\"image\":{\"@id\":\"https:\\\/\\\/novice.si\\\/page\\\/celje-doslej-identificirali-pet-nasilnih-mladoletnic\\\/#primaryimage\"},\"thumbnailUrl\":\"https:\\\/\\\/novice.si\\\/page\\\/wp-content\\\/uploads\\\/2023\\\/04\\\/mladoletniCE-4.png\",\"keywords\":[\"Mladoletnice\",\"osnovno\u0161olke iz Celja\",\"pet osumljencev\",\"policijska izjava za javnost\",\"PUC\"],\"articleSection\":[\"Aktualno\",\"Celjsko\",\"Kronika\"],\"inLanguage\":\"sl-SI\"},{\"@type\":\"WebPage\",\"@id\":\"https:\\\/\\\/novice.si\\\/page\\\/celje-doslej-identificirali-pet-nasilnih-mladoletnic\\\/\",\"url\":\"https:\\\/\\\/novice.si\\\/page\\\/celje-doslej-identificirali-pet-nasilnih-mladoletnic\\\/\",\"name\":\"CELJE Doslej identificirali pet nasilnih mladoletnic - Novice.si\",\"isPartOf\":{\"@id\":\"https:\\\/\\\/novice.si\\\/page\\\/#website\"},\"primaryImageOfPage\":{\"@id\":\"https:\\\/\\\/novice.si\\\/page\\\/celje-doslej-identificirali-pet-nasilnih-mladoletnic\\\/#primaryimage\"},\"image\":{\"@id\":\"https:\\\/\\\/novice.si\\\/page\\\/celje-doslej-identificirali-pet-nasilnih-mladoletnic\\\/#primaryimage\"},\"thumbnailUrl\":\"https:\\\/\\\/novice.si\\\/page\\\/wp-content\\\/uploads\\\/2023\\\/04\\\/mladoletniCE-4.png\",\"datePublished\":\"2023-04-12T11:50:49+00:00\",\"dateModified\":\"2023-04-12T11:51:22+00:00\",\"breadcrumb\":{\"@id\":\"https:\\\/\\\/novice.si\\\/page\\\/celje-doslej-identificirali-pet-nasilnih-mladoletnic\\\/#breadcrumb\"},\"inLanguage\":\"sl-SI\",\"potentialAction\":[{\"@type\":\"ReadAction\",\"target\":[\"https:\\\/\\\/novice.si\\\/page\\\/celje-doslej-identificirali-pet-nasilnih-mladoletnic\\\/\"]}]},{\"@type\":\"ImageObject\",\"inLanguage\":\"sl-SI\",\"@id\":\"https:\\\/\\\/novice.si\\\/page\\\/celje-doslej-identificirali-pet-nasilnih-mladoletnic\\\/#primaryimage\",\"url\":\"https:\\\/\\\/novice.si\\\/page\\\/wp-content\\\/uploads\\\/2023\\\/04\\\/mladoletniCE-4.png\",\"contentUrl\":\"https:\\\/\\\/novice.si\\\/page\\\/wp-content\\\/uploads\\\/2023\\\/04\\\/mladoletniCE-4.png\",\"width\":623,\"height\":575},{\"@type\":\"BreadcrumbList\",\"@id\":\"https:\\\/\\\/novice.si\\\/page\\\/celje-doslej-identificirali-pet-nasilnih-mladoletnic\\\/#breadcrumb\",\"itemListElement\":[{\"@type\":\"ListItem\",\"position\":1,\"name\":\"Home\",\"item\":\"https:\\\/\\\/novice.si\\\/page\\\/\"},{\"@type\":\"ListItem\",\"position\":2,\"name\":\"CELJE Doslej identificirali pet nasilnih mladoletnic\"}]},{\"@type\":\"WebSite\",\"@id\":\"https:\\\/\\\/novice.si\\\/page\\\/#website\",\"url\":\"https:\\\/\\\/novice.si\\\/page\\\/\",\"name\":\"Novice.si\",\"description\":\"\",\"publisher\":{\"@id\":\"https:\\\/\\\/novice.si\\\/page\\\/#organization\"},\"potentialAction\":[{\"@type\":\"SearchAction\",\"target\":{\"@type\":\"EntryPoint\",\"urlTemplate\":\"https:\\\/\\\/novice.si\\\/page\\\/?s={search_term_string}\"},\"query-input\":{\"@type\":\"PropertyValueSpecification\",\"valueRequired\":true,\"valueName\":\"search_term_string\"}}],\"inLanguage\":\"sl-SI\"},{\"@type\":\"Organization\",\"@id\":\"https:\\\/\\\/novice.si\\\/page\\\/#organization\",\"name\":\"Novice.si\",\"url\":\"https:\\\/\\\/novice.si\\\/page\\\/\",\"logo\":{\"@type\":\"ImageObject\",\"inLanguage\":\"sl-SI\",\"@id\":\"https:\\\/\\\/novice.si\\\/page\\\/#\\\/schema\\\/logo\\\/image\\\/\",\"url\":\"https:\\\/\\\/novice.si\\\/page\\\/wp-content\\\/uploads\\\/2023\\\/03\\\/novice_si.png\",\"contentUrl\":\"https:\\\/\\\/novice.si\\\/page\\\/wp-content\\\/uploads\\\/2023\\\/03\\\/novice_si.png\",\"width\":576,\"height\":200,\"caption\":\"Novice.si\"},\"image\":{\"@id\":\"https:\\\/\\\/novice.si\\\/page\\\/#\\\/schema\\\/logo\\\/image\\\/\"}},{\"@type\":\"Person\",\"@id\":\"https:\\\/\\\/novice.si\\\/page\\\/#\\\/schema\\\/person\\\/57f25c9642a9541c7349c65d32032c3e\",\"name\":\"Uredni\u0161tvo Celjana\",\"image\":{\"@type\":\"ImageObject\",\"inLanguage\":\"sl-SI\",\"@id\":\"https:\\\/\\\/secure.gravatar.com\\\/avatar\\\/78e52bc4279b65f6df6345e0ef0f7b792d361361f230cf4ffecfe0afe6d5629c?s=96&d=mm&r=g\",\"url\":\"https:\\\/\\\/secure.gravatar.com\\\/avatar\\\/78e52bc4279b65f6df6345e0ef0f7b792d361361f230cf4ffecfe0afe6d5629c?s=96&d=mm&r=g\",\"contentUrl\":\"https:\\\/\\\/secure.gravatar.com\\\/avatar\\\/78e52bc4279b65f6df6345e0ef0f7b792d361361f230cf4ffecfe0afe6d5629c?s=96&d=mm&r=g\",\"caption\":\"Uredni\u0161tvo Celjana\"},\"url\":\"https:\\\/\\\/novice.si\\\/page\\\/author\\\/primoz\\\/\"}]}<\/script>\n<!-- \/ Yoast SEO plugin. -->","yoast_head_json":{"title":"CELJE Doslej identificirali pet nasilnih mladoletnic - Novice.si","robots":{"index":"index","follow":"follow","max-snippet":"max-snippet:-1","max-image-preview":"max-image-preview:large","max-video-preview":"max-video-preview:-1"},"canonical":"https:\/\/novice.si\/page\/celje-doslej-identificirali-pet-nasilnih-mladoletnic\/","og_locale":"sl_SI","og_type":"article","og_title":"CELJE Doslej identificirali pet nasilnih mladoletnic - Novice.si","og_description":"V zvezi z razkritjem mladoletni\u0161kega nasilja in objave posnetkov sobotnega pretepa na stre\u0161nem parkiri\u0161\u010du celjskega City centra se je med drugim danes odzvala tudi Policijska uprava Celje. Neuradno naj bi v incidentu sodelovale u\u010denke ve\u010d celjskih osnovnih \u0161ol, ki so se fizi\u010dno in verbalno znesle nad vrstnico, njihova imena so hkrati s posnetki \u017ee zaokro\u017eila [&hellip;]","og_url":"https:\/\/novice.si\/page\/celje-doslej-identificirali-pet-nasilnih-mladoletnic\/","og_site_name":"Novice.si","article_published_time":"2023-04-12T11:50:49+00:00","article_modified_time":"2023-04-12T11:51:22+00:00","og_image":[{"width":623,"height":575,"url":"https:\/\/novice.si\/page\/wp-content\/uploads\/2023\/04\/mladoletniCE-4.png","type":"image\/png"}],"author":"Uredni\u0161tvo Celjana","twitter_card":"summary_large_image","twitter_misc":{"Written by":"Uredni\u0161tvo Celjana","Est. reading time":"2 minuti"},"schema":{"@context":"https:\/\/schema.org","@graph":[{"@type":"Article","@id":"https:\/\/novice.si\/page\/celje-doslej-identificirali-pet-nasilnih-mladoletnic\/#article","isPartOf":{"@id":"https:\/\/novice.si\/page\/celje-doslej-identificirali-pet-nasilnih-mladoletnic\/"},"author":{"name":"Uredni\u0161tvo Celjana","@id":"https:\/\/novice.si\/page\/#\/schema\/person\/57f25c9642a9541c7349c65d32032c3e"},"headline":"CELJE Doslej identificirali pet nasilnih mladoletnic","datePublished":"2023-04-12T11:50:49+00:00","dateModified":"2023-04-12T11:51:22+00:00","mainEntityOfPage":{"@id":"https:\/\/novice.si\/page\/celje-doslej-identificirali-pet-nasilnih-mladoletnic\/"},"wordCount":222,"publisher":{"@id":"https:\/\/novice.si\/page\/#organization"},"image":{"@id":"https:\/\/novice.si\/page\/celje-doslej-identificirali-pet-nasilnih-mladoletnic\/#primaryimage"},"thumbnailUrl":"https:\/\/novice.si\/page\/wp-content\/uploads\/2023\/04\/mladoletniCE-4.png","keywords":["Mladoletnice","osnovno\u0161olke iz Celja","pet osumljencev","policijska izjava za javnost","PUC"],"articleSection":["Aktualno","Celjsko","Kronika"],"inLanguage":"sl-SI"},{"@type":"WebPage","@id":"https:\/\/novice.si\/page\/celje-doslej-identificirali-pet-nasilnih-mladoletnic\/","url":"https:\/\/novice.si\/page\/celje-doslej-identificirali-pet-nasilnih-mladoletnic\/","name":"CELJE Doslej identificirali pet nasilnih mladoletnic - Novice.si","isPartOf":{"@id":"https:\/\/novice.si\/page\/#website"},"primaryImageOfPage":{"@id":"https:\/\/novice.si\/page\/celje-doslej-identificirali-pet-nasilnih-mladoletnic\/#primaryimage"},"image":{"@id":"https:\/\/novice.si\/page\/celje-doslej-identificirali-pet-nasilnih-mladoletnic\/#primaryimage"},"thumbnailUrl":"https:\/\/novice.si\/page\/wp-content\/uploads\/2023\/04\/mladoletniCE-4.png","datePublished":"2023-04-12T11:50:49+00:00","dateModified":"2023-04-12T11:51:22+00:00","breadcrumb":{"@id":"https:\/\/novice.si\/page\/celje-doslej-identificirali-pet-nasilnih-mladoletnic\/#breadcrumb"},"inLanguage":"sl-SI","potentialAction":[{"@type":"ReadAction","target":["https:\/\/novice.si\/page\/celje-doslej-identificirali-pet-nasilnih-mladoletnic\/"]}]},{"@type":"ImageObject","inLanguage":"sl-SI","@id":"https:\/\/novice.si\/page\/celje-doslej-identificirali-pet-nasilnih-mladoletnic\/#primaryimage","url":"https:\/\/novice.si\/page\/wp-content\/uploads\/2023\/04\/mladoletniCE-4.png","contentUrl":"https:\/\/novice.si\/page\/wp-content\/uploads\/2023\/04\/mladoletniCE-4.png","width":623,"height":575},{"@type":"BreadcrumbList","@id":"https:\/\/novice.si\/page\/celje-doslej-identificirali-pet-nasilnih-mladoletnic\/#breadcrumb","itemListElement":[{"@type":"ListItem","position":1,"name":"Home","item":"https:\/\/novice.si\/page\/"},{"@type":"ListItem","position":2,"name":"CELJE Doslej identificirali pet nasilnih mladoletnic"}]},{"@type":"WebSite","@id":"https:\/\/novice.si\/page\/#website","url":"https:\/\/novice.si\/page\/","name":"Novice.si","description":"","publisher":{"@id":"https:\/\/novice.si\/page\/#organization"},"potentialAction":[{"@type":"SearchAction","target":{"@type":"EntryPoint","urlTemplate":"https:\/\/novice.si\/page\/?s={search_term_string}"},"query-input":{"@type":"PropertyValueSpecification","valueRequired":true,"valueName":"search_term_string"}}],"inLanguage":"sl-SI"},{"@type":"Organization","@id":"https:\/\/novice.si\/page\/#organization","name":"Novice.si","url":"https:\/\/novice.si\/page\/","logo":{"@type":"ImageObject","inLanguage":"sl-SI","@id":"https:\/\/novice.si\/page\/#\/schema\/logo\/image\/","url":"https:\/\/novice.si\/page\/wp-content\/uploads\/2023\/03\/novice_si.png","contentUrl":"https:\/\/novice.si\/page\/wp-content\/uploads\/2023\/03\/novice_si.png","width":576,"height":200,"caption":"Novice.si"},"image":{"@id":"https:\/\/novice.si\/page\/#\/schema\/logo\/image\/"}},{"@type":"Person","@id":"https:\/\/novice.si\/page\/#\/schema\/person\/57f25c9642a9541c7349c65d32032c3e","name":"Uredni\u0161tvo Celjana","image":{"@type":"ImageObject","inLanguage":"sl-SI","@id":"https:\/\/secure.gravatar.com\/avatar\/78e52bc4279b65f6df6345e0ef0f7b792d361361f230cf4ffecfe0afe6d5629c?s=96&d=mm&r=g","url":"https:\/\/secure.gravatar.com\/avatar\/78e52bc4279b65f6df6345e0ef0f7b792d361361f230cf4ffecfe0afe6d5629c?s=96&d=mm&r=g","contentUrl":"https:\/\/secure.gravatar.com\/avatar\/78e52bc4279b65f6df6345e0ef0f7b792d361361f230cf4ffecfe0afe6d5629c?s=96&d=mm&r=g","caption":"Uredni\u0161tvo Celjana"},"url":"https:\/\/novice.si\/page\/author\/primoz\/"}]}},"_links":{"self":[{"href":"https:\/\/novice.si\/page\/wp-json\/wp\/v2\/posts\/161768","targetHints":{"allow":["GET"]}}],"collection":[{"href":"https:\/\/novice.si\/page\/wp-json\/wp\/v2\/posts"}],"about":[{"href":"https:\/\/novice.si\/page\/wp-json\/wp\/v2\/types\/post"}],"author":[{"embeddable":true,"href":"https:\/\/novice.si\/page\/wp-json\/wp\/v2\/users\/33"}],"replies":[{"embeddable":true,"href":"https:\/\/novice.si\/page\/wp-json\/wp\/v2\/comments?post=161768"}],"version-history":[{"count":1,"href":"https:\/\/novice.si\/page\/wp-json\/wp\/v2\/posts\/161768\/revisions"}],"predecessor-version":[{"id":161770,"href":"https:\/\/novice.si\/page\/wp-json\/wp\/v2\/posts\/161768\/revisions\/161770"}],"wp:featuredmedia":[{"embeddable":true,"href":"https:\/\/novice.si\/page\/wp-json\/wp\/v2\/media\/161707"}],"wp:attachment":[{"href":"https:\/\/novice.si\/page\/wp-json\/wp\/v2\/media?parent=161768"}],"wp:term":[{"taxonomy":"category","embeddable":true,"href":"https:\/\/novice.si\/page\/wp-json\/wp\/v2\/categories?post=161768"},{"taxonomy":"post_tag","embeddable":true,"href":"https:\/\/novice.si\/page\/wp-json\/wp\/v2\/tags?post=161768"}],"curies":[{"name":"wp","href":"https:\/\/api.w.org\/{rel}","templated":true}]}}