{"id":161741,"date":"2023-04-22T07:00:17","date_gmt":"2023-04-22T05:00:17","guid":{"rendered":"https:\/\/novice.si\/page\/?p=161741"},"modified":"2023-04-12T09:43:00","modified_gmt":"2023-04-12T07:43:00","slug":"buhteljni-julke-cvahte-iz-drustva-kmetic-poljcane","status":"publish","type":"post","link":"https:\/\/novice.si\/page\/buhteljni-julke-cvahte-iz-drustva-kmetic-poljcane\/","title":{"rendered":"Buhteljni Julke Cvahte iz Dru\u0161tva kmetic Polj\u010dane"},"content":{"rendered":"<p>Za te buhteljne je med drugim prejela znak kakovosti v letu 2012 na Dobrotah Slovenskih kmetij na Ptuju!<\/p>\n<p>Julka je \u010dlanica DK Polj\u010dane od samega za\u010detka delovanja dru\u0161tva. Bila je tudi druga predsednica dru\u0161tva in to kar deset let. V vseh letih aktivno sodeluje na vseh prireditvah, na katerih dru\u0161tvo sodeluje.<\/p>\n<p><strong>\u00a0<\/strong><\/p>\n<p>Sestavine<\/p>\n<p>&#8211; 1 kg moke TIP 400<\/p>\n<p>&#8211; 2 \u017eli\u010dki soli<\/p>\n<p>&#8211; 0,5 pecilnega pra\u0161ka<\/p>\n<p>&#8211; 1 kocka kvasa<\/p>\n<p>&#8211; 3-4 jajca<\/p>\n<p>&#8211; 1 dl olja<\/p>\n<p>&#8211; 0,5 dl ruma<\/p>\n<p>&#8211; 1 pest sladkorja<\/p>\n<p>&#8211; 2 vanilin sladkorja<\/p>\n<p>&#8211; 4-5 dl mleka, po potrebi<\/p>\n<p><strong>\u00a0<\/strong><\/p>\n<p>Postopek<\/p>\n<p>Moko in pecilni pra\u0161ek preseje\u0161, v moko naredi\u0161 kvasni nastavek (kvas, malo mleka in sladkorja), preme\u0161a\u0161 in doda\u0161 ostale sestavine (olje, sladkor, rum, vanilin sladkor, jajca in mleko &#8211; zme\u0161a\u0161 skupaj). Na hitro premesi\u0161 in pusti\u0161 na toplem vzhajati, nato premesi\u0161 \u0161e enkrat.<\/p>\n<p>Ko je testo dvakrat vzhajano, ga razvalja\u0161 na 1 cm debelo, razre\u017ee\u0161 na trakove \u0161irine 8 cm. Nadeva\u0161 z mareli\u010dno marmelado, prepogne\u0161 in odre\u017ee\u0161. Peka\u010d nama\u017ee\u0161 z maslom ali ramo in zlaga\u0161 buhteljne enega zraven drugega. Robove stisne\u0161 in pomo\u010di\u0161 v olje tam, kjer se dva robova stiskata skupaj.<\/p>\n<p>Pe\u010de\u0161 30 minut na za\u010detku na 200 stopinj C, nato temperaturo zni\u017ea\u0161 na 180 stopinj C. Pe\u010dene prema\u017ee\u0161 z maslom in pusti\u0161 nekaj minut, nato jih zvrne\u0161 iz peka\u010da na prt in pokrije\u0161.<\/p>\n<p>Hladne posipa\u0161 s sladkorjem v prahu in vanilin sladkorjem.<\/p>\n<p>Pa dober tek!<\/p>\n<p>&nbsp;<\/p>\n\r\n                <style type=\"text\/css\">\r\n                    \r\n                    #tdi_1  .td-doubleSlider-2 .td-item1 {\r\n                        background: url(https:\/\/novice.si\/page\/wp-content\/uploads\/2023\/04\/Nev.-Stajerska-Macjapasja-min-misli-2023-04-12T093738.421-80x60.png) 0 0 no-repeat;\r\n                    }\r\n                    #tdi_1  .td-doubleSlider-2 .td-item2 {\r\n                        background: url(https:\/\/novice.si\/page\/wp-content\/uploads\/2023\/04\/Nev.-Stajerska-Macjapasja-min-misli-2023-04-12T093852.222-80x60.png) 0 0 no-repeat;\r\n                    }\r\n                    #tdi_1  .td-doubleSlider-2 .td-item3 {\r\n                        background: url(https:\/\/novice.si\/page\/wp-content\/uploads\/2023\/04\/Nev.-Stajerska-Macjapasja-min-misli-2023-04-12T093831.402-80x60.png) 0 0 no-repeat;\r\n                    }\r\n                    #tdi_1  .td-doubleSlider-2 .td-item4 {\r\n                        background: url(https:\/\/novice.si\/page\/wp-content\/uploads\/2023\/04\/Nev.-Stajerska-Macjapasja-min-misli-2023-04-12T093814.958-80x60.png) 0 0 no-repeat;\r\n                    }\r\n                    #tdi_1  .td-doubleSlider-2 .td-item5 {\r\n                        background: url(https:\/\/novice.si\/page\/wp-content\/uploads\/2023\/04\/Nev.-Stajerska-Macjapasja-min-misli-2023-04-12T093756.771-80x60.png) 0 0 no-repeat;\r\n                    }\r\n                    #tdi_1  .td-doubleSlider-2 .td-item6 {\r\n                        background: url(https:\/\/novice.si\/page\/wp-content\/uploads\/2023\/04\/15-80x60.jpg) 0 0 no-repeat;\r\n                    }\r\n                    #tdi_1  .td-doubleSlider-2 .td-item7 {\r\n                        background: url(https:\/\/novice.si\/page\/wp-content\/uploads\/2023\/04\/Julka-Cvahte-80x60.jpeg) 0 0 no-repeat;\r\n                    }\r\n                <\/style>\r\n\r\n                <div id=\"tdi_1\" class=\"td-gallery td-slide-on-2-columns\">\r\n                    <div class=\"post_td_gallery\">\r\n                        <div class=\"td-gallery-slide-top\">\r\n                           <div class=\"td-gallery-title\"><\/div>\r\n\r\n                            <div class=\"td-gallery-controls-wrapper\">\r\n                                <div class=\"td-gallery-slide-count\"><span class=\"td-gallery-slide-item-focus\">1<\/span> od 7<\/div>\r\n                                <div class=\"td-gallery-slide-prev-next-but\">\r\n                                    <i class = \"td-icon-left doubleSliderPrevButton\"><\/i>\r\n                                    <i class = \"td-icon-right doubleSliderNextButton\"><\/i>\r\n                                <\/div>\r\n                            <\/div>\r\n                        <\/div>\r\n\r\n                        <div class = \"td-doubleSlider-1 \">\r\n                            <div class = \"td-slider\">\r\n                                \r\n                    <div class = \"td-slide-item td-item1\">\r\n                        <figure class=\"td-slide-galery-figure td-slide-popup-gallery\">\r\n                            <a class=\"slide-gallery-image-link\" href=\"https:\/\/novice.si\/page\/wp-content\/uploads\/2023\/04\/Nev.-Stajerska-Macjapasja-min-misli-2023-04-12T093738.421.png\" title=\"Nev. \u0160tajerska, Ma\u010djapasja min, misli - 2023-04-12T093738.421\"  data-caption=\"\"  data-description=\"\" data-gallery>\r\n                                <img decoding=\"async\" src=\"https:\/\/novice.si\/page\/wp-content\/uploads\/2023\/04\/Nev.-Stajerska-Macjapasja-min-misli-2023-04-12T093738.421-420x420.png\" srcset=\"https:\/\/novice.si\/page\/wp-content\/uploads\/2023\/04\/Nev.-Stajerska-Macjapasja-min-misli-2023-04-12T093738.421-420x420.png 420w, https:\/\/novice.si\/page\/wp-content\/uploads\/2023\/04\/Nev.-Stajerska-Macjapasja-min-misli-2023-04-12T093738.421-600x600.png 600w, https:\/\/novice.si\/page\/wp-content\/uploads\/2023\/04\/Nev.-Stajerska-Macjapasja-min-misli-2023-04-12T093738.421-1024x1024.png 1024w, https:\/\/novice.si\/page\/wp-content\/uploads\/2023\/04\/Nev.-Stajerska-Macjapasja-min-misli-2023-04-12T093738.421-150x150.png 150w, https:\/\/novice.si\/page\/wp-content\/uploads\/2023\/04\/Nev.-Stajerska-Macjapasja-min-misli-2023-04-12T093738.421-768x768.png 768w, https:\/\/novice.si\/page\/wp-content\/uploads\/2023\/04\/Nev.-Stajerska-Macjapasja-min-misli-2023-04-12T093738.421-696x696.png 696w, https:\/\/novice.si\/page\/wp-content\/uploads\/2023\/04\/Nev.-Stajerska-Macjapasja-min-misli-2023-04-12T093738.421-1068x1068.png 1068w, https:\/\/novice.si\/page\/wp-content\/uploads\/2023\/04\/Nev.-Stajerska-Macjapasja-min-misli-2023-04-12T093738.421-24x24.png 24w, https:\/\/novice.si\/page\/wp-content\/uploads\/2023\/04\/Nev.-Stajerska-Macjapasja-min-misli-2023-04-12T093738.421-36x36.png 36w, https:\/\/novice.si\/page\/wp-content\/uploads\/2023\/04\/Nev.-Stajerska-Macjapasja-min-misli-2023-04-12T093738.421-48x48.png 48w, https:\/\/novice.si\/page\/wp-content\/uploads\/2023\/04\/Nev.-Stajerska-Macjapasja-min-misli-2023-04-12T093738.421.png 1080w\" sizes=\"(max-width: 420px) 100vw, 420px\" alt=\"\">\r\n                            <\/a>\r\n                            \r\n                        <\/figure>\r\n                    <\/div>\r\n                    <div class = \"td-slide-item td-item2\">\r\n                        <figure class=\"td-slide-galery-figure td-slide-popup-gallery\">\r\n                            <a class=\"slide-gallery-image-link\" href=\"https:\/\/novice.si\/page\/wp-content\/uploads\/2023\/04\/Nev.-Stajerska-Macjapasja-min-misli-2023-04-12T093852.222.png\" title=\"Nev. \u0160tajerska, Ma\u010djapasja min, misli - 2023-04-12T093852.222\"  data-caption=\"\"  data-description=\"\" data-gallery>\r\n                                <img decoding=\"async\" src=\"https:\/\/novice.si\/page\/wp-content\/uploads\/2023\/04\/Nev.-Stajerska-Macjapasja-min-misli-2023-04-12T093852.222-420x420.png\" srcset=\"https:\/\/novice.si\/page\/wp-content\/uploads\/2023\/04\/Nev.-Stajerska-Macjapasja-min-misli-2023-04-12T093852.222-420x420.png 420w, https:\/\/novice.si\/page\/wp-content\/uploads\/2023\/04\/Nev.-Stajerska-Macjapasja-min-misli-2023-04-12T093852.222-600x600.png 600w, https:\/\/novice.si\/page\/wp-content\/uploads\/2023\/04\/Nev.-Stajerska-Macjapasja-min-misli-2023-04-12T093852.222-1024x1024.png 1024w, https:\/\/novice.si\/page\/wp-content\/uploads\/2023\/04\/Nev.-Stajerska-Macjapasja-min-misli-2023-04-12T093852.222-150x150.png 150w, https:\/\/novice.si\/page\/wp-content\/uploads\/2023\/04\/Nev.-Stajerska-Macjapasja-min-misli-2023-04-12T093852.222-768x768.png 768w, https:\/\/novice.si\/page\/wp-content\/uploads\/2023\/04\/Nev.-Stajerska-Macjapasja-min-misli-2023-04-12T093852.222-696x696.png 696w, https:\/\/novice.si\/page\/wp-content\/uploads\/2023\/04\/Nev.-Stajerska-Macjapasja-min-misli-2023-04-12T093852.222-1068x1068.png 1068w, https:\/\/novice.si\/page\/wp-content\/uploads\/2023\/04\/Nev.-Stajerska-Macjapasja-min-misli-2023-04-12T093852.222-24x24.png 24w, https:\/\/novice.si\/page\/wp-content\/uploads\/2023\/04\/Nev.-Stajerska-Macjapasja-min-misli-2023-04-12T093852.222-36x36.png 36w, https:\/\/novice.si\/page\/wp-content\/uploads\/2023\/04\/Nev.-Stajerska-Macjapasja-min-misli-2023-04-12T093852.222-48x48.png 48w, https:\/\/novice.si\/page\/wp-content\/uploads\/2023\/04\/Nev.-Stajerska-Macjapasja-min-misli-2023-04-12T093852.222.png 1080w\" sizes=\"(max-width: 420px) 100vw, 420px\" alt=\"\">\r\n                            <\/a>\r\n                            \r\n                        <\/figure>\r\n                    <\/div>\r\n                    <div class = \"td-slide-item td-item3\">\r\n                        <figure class=\"td-slide-galery-figure td-slide-popup-gallery\">\r\n                            <a class=\"slide-gallery-image-link\" href=\"https:\/\/novice.si\/page\/wp-content\/uploads\/2023\/04\/Nev.-Stajerska-Macjapasja-min-misli-2023-04-12T093831.402.png\" title=\"Nev. \u0160tajerska, Ma\u010djapasja min, misli - 2023-04-12T093831.402\"  data-caption=\"\"  data-description=\"\" data-gallery>\r\n                                <img decoding=\"async\" src=\"https:\/\/novice.si\/page\/wp-content\/uploads\/2023\/04\/Nev.-Stajerska-Macjapasja-min-misli-2023-04-12T093831.402-420x420.png\" srcset=\"https:\/\/novice.si\/page\/wp-content\/uploads\/2023\/04\/Nev.-Stajerska-Macjapasja-min-misli-2023-04-12T093831.402-420x420.png 420w, https:\/\/novice.si\/page\/wp-content\/uploads\/2023\/04\/Nev.-Stajerska-Macjapasja-min-misli-2023-04-12T093831.402-600x600.png 600w, https:\/\/novice.si\/page\/wp-content\/uploads\/2023\/04\/Nev.-Stajerska-Macjapasja-min-misli-2023-04-12T093831.402-1024x1024.png 1024w, https:\/\/novice.si\/page\/wp-content\/uploads\/2023\/04\/Nev.-Stajerska-Macjapasja-min-misli-2023-04-12T093831.402-150x150.png 150w, https:\/\/novice.si\/page\/wp-content\/uploads\/2023\/04\/Nev.-Stajerska-Macjapasja-min-misli-2023-04-12T093831.402-768x768.png 768w, https:\/\/novice.si\/page\/wp-content\/uploads\/2023\/04\/Nev.-Stajerska-Macjapasja-min-misli-2023-04-12T093831.402-696x696.png 696w, https:\/\/novice.si\/page\/wp-content\/uploads\/2023\/04\/Nev.-Stajerska-Macjapasja-min-misli-2023-04-12T093831.402-1068x1068.png 1068w, https:\/\/novice.si\/page\/wp-content\/uploads\/2023\/04\/Nev.-Stajerska-Macjapasja-min-misli-2023-04-12T093831.402-24x24.png 24w, https:\/\/novice.si\/page\/wp-content\/uploads\/2023\/04\/Nev.-Stajerska-Macjapasja-min-misli-2023-04-12T093831.402-36x36.png 36w, https:\/\/novice.si\/page\/wp-content\/uploads\/2023\/04\/Nev.-Stajerska-Macjapasja-min-misli-2023-04-12T093831.402-48x48.png 48w, https:\/\/novice.si\/page\/wp-content\/uploads\/2023\/04\/Nev.-Stajerska-Macjapasja-min-misli-2023-04-12T093831.402.png 1080w\" sizes=\"(max-width: 420px) 100vw, 420px\" alt=\"\">\r\n                            <\/a>\r\n                            \r\n                        <\/figure>\r\n                    <\/div>\r\n                    <div class = \"td-slide-item td-item4\">\r\n                        <figure class=\"td-slide-galery-figure td-slide-popup-gallery\">\r\n                            <a class=\"slide-gallery-image-link\" href=\"https:\/\/novice.si\/page\/wp-content\/uploads\/2023\/04\/Nev.-Stajerska-Macjapasja-min-misli-2023-04-12T093814.958.png\" title=\"Nev. \u0160tajerska, Ma\u010djapasja min, misli - 2023-04-12T093814.958\"  data-caption=\"\"  data-description=\"\" data-gallery>\r\n                                <img decoding=\"async\" src=\"https:\/\/novice.si\/page\/wp-content\/uploads\/2023\/04\/Nev.-Stajerska-Macjapasja-min-misli-2023-04-12T093814.958-420x420.png\" srcset=\"https:\/\/novice.si\/page\/wp-content\/uploads\/2023\/04\/Nev.-Stajerska-Macjapasja-min-misli-2023-04-12T093814.958-420x420.png 420w, https:\/\/novice.si\/page\/wp-content\/uploads\/2023\/04\/Nev.-Stajerska-Macjapasja-min-misli-2023-04-12T093814.958-600x600.png 600w, https:\/\/novice.si\/page\/wp-content\/uploads\/2023\/04\/Nev.-Stajerska-Macjapasja-min-misli-2023-04-12T093814.958-1024x1024.png 1024w, https:\/\/novice.si\/page\/wp-content\/uploads\/2023\/04\/Nev.-Stajerska-Macjapasja-min-misli-2023-04-12T093814.958-150x150.png 150w, https:\/\/novice.si\/page\/wp-content\/uploads\/2023\/04\/Nev.-Stajerska-Macjapasja-min-misli-2023-04-12T093814.958-768x768.png 768w, https:\/\/novice.si\/page\/wp-content\/uploads\/2023\/04\/Nev.-Stajerska-Macjapasja-min-misli-2023-04-12T093814.958-696x696.png 696w, https:\/\/novice.si\/page\/wp-content\/uploads\/2023\/04\/Nev.-Stajerska-Macjapasja-min-misli-2023-04-12T093814.958-1068x1068.png 1068w, https:\/\/novice.si\/page\/wp-content\/uploads\/2023\/04\/Nev.-Stajerska-Macjapasja-min-misli-2023-04-12T093814.958-24x24.png 24w, https:\/\/novice.si\/page\/wp-content\/uploads\/2023\/04\/Nev.-Stajerska-Macjapasja-min-misli-2023-04-12T093814.958-36x36.png 36w, https:\/\/novice.si\/page\/wp-content\/uploads\/2023\/04\/Nev.-Stajerska-Macjapasja-min-misli-2023-04-12T093814.958-48x48.png 48w, https:\/\/novice.si\/page\/wp-content\/uploads\/2023\/04\/Nev.-Stajerska-Macjapasja-min-misli-2023-04-12T093814.958.png 1080w\" sizes=\"(max-width: 420px) 100vw, 420px\" alt=\"\">\r\n                            <\/a>\r\n                            \r\n                        <\/figure>\r\n                    <\/div>\r\n                    <div class = \"td-slide-item td-item5\">\r\n                        <figure class=\"td-slide-galery-figure td-slide-popup-gallery\">\r\n                            <a class=\"slide-gallery-image-link\" href=\"https:\/\/novice.si\/page\/wp-content\/uploads\/2023\/04\/Nev.-Stajerska-Macjapasja-min-misli-2023-04-12T093756.771.png\" title=\"Nev. \u0160tajerska, Ma\u010djapasja min, misli - 2023-04-12T093756.771\"  data-caption=\"\"  data-description=\"\" data-gallery>\r\n                                <img decoding=\"async\" src=\"https:\/\/novice.si\/page\/wp-content\/uploads\/2023\/04\/Nev.-Stajerska-Macjapasja-min-misli-2023-04-12T093756.771-420x420.png\" srcset=\"https:\/\/novice.si\/page\/wp-content\/uploads\/2023\/04\/Nev.-Stajerska-Macjapasja-min-misli-2023-04-12T093756.771-420x420.png 420w, https:\/\/novice.si\/page\/wp-content\/uploads\/2023\/04\/Nev.-Stajerska-Macjapasja-min-misli-2023-04-12T093756.771-600x600.png 600w, https:\/\/novice.si\/page\/wp-content\/uploads\/2023\/04\/Nev.-Stajerska-Macjapasja-min-misli-2023-04-12T093756.771-1024x1024.png 1024w, https:\/\/novice.si\/page\/wp-content\/uploads\/2023\/04\/Nev.-Stajerska-Macjapasja-min-misli-2023-04-12T093756.771-150x150.png 150w, https:\/\/novice.si\/page\/wp-content\/uploads\/2023\/04\/Nev.-Stajerska-Macjapasja-min-misli-2023-04-12T093756.771-768x768.png 768w, https:\/\/novice.si\/page\/wp-content\/uploads\/2023\/04\/Nev.-Stajerska-Macjapasja-min-misli-2023-04-12T093756.771-696x696.png 696w, https:\/\/novice.si\/page\/wp-content\/uploads\/2023\/04\/Nev.-Stajerska-Macjapasja-min-misli-2023-04-12T093756.771-1068x1068.png 1068w, https:\/\/novice.si\/page\/wp-content\/uploads\/2023\/04\/Nev.-Stajerska-Macjapasja-min-misli-2023-04-12T093756.771-24x24.png 24w, https:\/\/novice.si\/page\/wp-content\/uploads\/2023\/04\/Nev.-Stajerska-Macjapasja-min-misli-2023-04-12T093756.771-36x36.png 36w, https:\/\/novice.si\/page\/wp-content\/uploads\/2023\/04\/Nev.-Stajerska-Macjapasja-min-misli-2023-04-12T093756.771-48x48.png 48w, https:\/\/novice.si\/page\/wp-content\/uploads\/2023\/04\/Nev.-Stajerska-Macjapasja-min-misli-2023-04-12T093756.771.png 1080w\" sizes=\"(max-width: 420px) 100vw, 420px\" alt=\"\">\r\n                            <\/a>\r\n                            \r\n                        <\/figure>\r\n                    <\/div>\r\n                    <div class = \"td-slide-item td-item6\">\r\n                        <figure class=\"td-slide-galery-figure td-slide-popup-gallery\">\r\n                            <a class=\"slide-gallery-image-link\" href=\"https:\/\/novice.si\/page\/wp-content\/uploads\/2023\/04\/15.jpg\" title=\"15\"  data-caption=\"\"  data-description=\"\" data-gallery>\r\n                                <img decoding=\"async\" src=\"https:\/\/novice.si\/page\/wp-content\/uploads\/2023\/04\/15-594x420.jpg\" srcset=\"https:\/\/novice.si\/page\/wp-content\/uploads\/2023\/04\/15-594x420.jpg 594w, https:\/\/novice.si\/page\/wp-content\/uploads\/2023\/04\/15-600x424.jpg 600w, https:\/\/novice.si\/page\/wp-content\/uploads\/2023\/04\/15-1024x724.jpg 1024w, https:\/\/novice.si\/page\/wp-content\/uploads\/2023\/04\/15-768x543.jpg 768w, https:\/\/novice.si\/page\/wp-content\/uploads\/2023\/04\/15-1536x1087.jpg 1536w, https:\/\/novice.si\/page\/wp-content\/uploads\/2023\/04\/15-100x70.jpg 100w, https:\/\/novice.si\/page\/wp-content\/uploads\/2023\/04\/15-696x492.jpg 696w, https:\/\/novice.si\/page\/wp-content\/uploads\/2023\/04\/15-1068x756.jpg 1068w, https:\/\/novice.si\/page\/wp-content\/uploads\/2023\/04\/15-24x17.jpg 24w, https:\/\/novice.si\/page\/wp-content\/uploads\/2023\/04\/15-36x25.jpg 36w, https:\/\/novice.si\/page\/wp-content\/uploads\/2023\/04\/15-48x34.jpg 48w, https:\/\/novice.si\/page\/wp-content\/uploads\/2023\/04\/15.jpg 1815w\" sizes=\"(max-width: 594px) 100vw, 594px\" alt=\"\">\r\n                            <\/a>\r\n                            \r\n                        <\/figure>\r\n                    <\/div>\r\n                    <div class = \"td-slide-item td-item7\">\r\n                        <figure class=\"td-slide-galery-figure td-slide-popup-gallery\">\r\n                            <a class=\"slide-gallery-image-link\" href=\"https:\/\/novice.si\/page\/wp-content\/uploads\/2023\/04\/Julka-Cvahte-scaled.jpeg\" title=\"Julka Cvahte\"  data-caption=\"\"  data-description=\"\" data-gallery>\r\n                                <img decoding=\"async\" src=\"https:\/\/novice.si\/page\/wp-content\/uploads\/2023\/04\/Julka-Cvahte-294x420.jpeg\" srcset=\"https:\/\/novice.si\/page\/wp-content\/uploads\/2023\/04\/Julka-Cvahte-294x420.jpeg 294w, https:\/\/novice.si\/page\/wp-content\/uploads\/2023\/04\/Julka-Cvahte-419x600.jpeg 419w, https:\/\/novice.si\/page\/wp-content\/uploads\/2023\/04\/Julka-Cvahte-716x1024.jpeg 716w, https:\/\/novice.si\/page\/wp-content\/uploads\/2023\/04\/Julka-Cvahte-768x1099.jpeg 768w, https:\/\/novice.si\/page\/wp-content\/uploads\/2023\/04\/Julka-Cvahte-1074x1536.jpeg 1074w, https:\/\/novice.si\/page\/wp-content\/uploads\/2023\/04\/Julka-Cvahte-1432x2048.jpeg 1432w, https:\/\/novice.si\/page\/wp-content\/uploads\/2023\/04\/Julka-Cvahte-696x996.jpeg 696w, https:\/\/novice.si\/page\/wp-content\/uploads\/2023\/04\/Julka-Cvahte-1068x1528.jpeg 1068w, https:\/\/novice.si\/page\/wp-content\/uploads\/2023\/04\/Julka-Cvahte-17x24.jpeg 17w, https:\/\/novice.si\/page\/wp-content\/uploads\/2023\/04\/Julka-Cvahte-25x36.jpeg 25w, https:\/\/novice.si\/page\/wp-content\/uploads\/2023\/04\/Julka-Cvahte-34x48.jpeg 34w, https:\/\/novice.si\/page\/wp-content\/uploads\/2023\/04\/Julka-Cvahte-scaled.jpeg 1790w\" sizes=\"(max-width: 294px) 100vw, 294px\" alt=\"\">\r\n                            <\/a>\r\n                            \r\n                        <\/figure>\r\n                    <\/div>\r\n                            <\/div>\r\n                        <\/div>\r\n\r\n                        <div class = \"td-doubleSlider-2\">\r\n                            <div class = \"td-slider\">\r\n                                \r\n                    <div class = \"td-button td-item1\">\r\n                        <div class = \"td-border\"><\/div>\r\n                    <\/div>\r\n                    <div class = \"td-button td-item2\">\r\n                        <div class = \"td-border\"><\/div>\r\n                    <\/div>\r\n                    <div class = \"td-button td-item3\">\r\n                        <div class = \"td-border\"><\/div>\r\n                    <\/div>\r\n                    <div class = \"td-button td-item4\">\r\n                        <div class = \"td-border\"><\/div>\r\n                    <\/div>\r\n                    <div class = \"td-button td-item5\">\r\n                        <div class = \"td-border\"><\/div>\r\n                    <\/div>\r\n                    <div class = \"td-button td-item6\">\r\n                        <div class = \"td-border\"><\/div>\r\n                    <\/div>\r\n                    <div class = \"td-button td-item7\">\r\n                        <div class = \"td-border\"><\/div>\r\n                    <\/div>\r\n                            <\/div>\r\n                        <\/div>\r\n\r\n                    <\/div>\r\n\r\n                <\/div>\r\n                \n","protected":false},"excerpt":{"rendered":"<p>Za te buhteljne je med drugim prejela znak kakovosti v letu 2012 na Dobrotah Slovenskih kmetij na Ptuju! Julka je \u010dlanica DK Polj\u010dane od samega za\u010detka delovanja dru\u0161tva. Bila je tudi druga predsednica dru\u0161tva in to kar deset let. V vseh letih aktivno sodeluje na vseh prireditvah, na katerih dru\u0161tvo sodeluje. \u00a0 Sestavine &#8211; 1 [&hellip;]<\/p>\n","protected":false},"author":27,"featured_media":161743,"comment_status":"closed","ping_status":"closed","sticky":false,"template":"","format":"standard","meta":{"footnotes":""},"categories":[858,3240],"tags":[2577,14268,5856,17515,17516,9311],"class_list":{"0":"post-161741","1":"post","2":"type-post","3":"status-publish","4":"format-standard","5":"has-post-thumbnail","7":"category-bistriske-novice","8":"category-kulinarika","9":"tag-bistriske-novice","10":"tag-buhteljni","11":"tag-dobrote-slovenskih-kmetij","12":"tag-drustvo-kmetic-poljcane","13":"tag-julka-cvahte","14":"tag-recept-meseca"},"yoast_head":"<!-- This site is optimized with the Yoast SEO plugin v27.4 - https:\/\/yoast.com\/product\/yoast-seo-wordpress\/ -->\n<title>Buhteljni Julke Cvahte iz Dru\u0161tva kmetic Polj\u010dane - Novice.si<\/title>\n<meta name=\"robots\" content=\"index, follow, max-snippet:-1, max-image-preview:large, max-video-preview:-1\" \/>\n<link rel=\"canonical\" href=\"https:\/\/novice.si\/page\/buhteljni-julke-cvahte-iz-drustva-kmetic-poljcane\/\" \/>\n<meta property=\"og:locale\" content=\"sl_SI\" \/>\n<meta property=\"og:type\" content=\"article\" \/>\n<meta property=\"og:title\" content=\"Buhteljni Julke Cvahte iz Dru\u0161tva kmetic Polj\u010dane - Novice.si\" \/>\n<meta property=\"og:description\" content=\"Za te buhteljne je med drugim prejela znak kakovosti v letu 2012 na Dobrotah Slovenskih kmetij na Ptuju! Julka je \u010dlanica DK Polj\u010dane od samega za\u010detka delovanja dru\u0161tva. Bila je tudi druga predsednica dru\u0161tva in to kar deset let. V vseh letih aktivno sodeluje na vseh prireditvah, na katerih dru\u0161tvo sodeluje. \u00a0 Sestavine &#8211; 1 [&hellip;]\" \/>\n<meta property=\"og:url\" content=\"https:\/\/novice.si\/page\/buhteljni-julke-cvahte-iz-drustva-kmetic-poljcane\/\" \/>\n<meta property=\"og:site_name\" content=\"Novice.si\" \/>\n<meta property=\"article:published_time\" content=\"2023-04-22T05:00:17+00:00\" \/>\n<meta property=\"og:image\" content=\"https:\/\/novice.si\/page\/wp-content\/uploads\/2023\/04\/15.jpg\" \/>\n\t<meta property=\"og:image:width\" content=\"1815\" \/>\n\t<meta property=\"og:image:height\" content=\"1284\" \/>\n\t<meta property=\"og:image:type\" content=\"image\/jpeg\" \/>\n<meta name=\"author\" content=\"Lu\u010dka Klajne\" \/>\n<meta name=\"twitter:card\" content=\"summary_large_image\" \/>\n<meta name=\"twitter:label1\" content=\"Written by\" \/>\n\t<meta name=\"twitter:data1\" content=\"Lu\u010dka Klajne\" \/>\n\t<meta name=\"twitter:label2\" content=\"Est. reading time\" \/>\n\t<meta name=\"twitter:data2\" content=\"2 minuti\" \/>\n<script type=\"application\/ld+json\" class=\"yoast-schema-graph\">{\"@context\":\"https:\\\/\\\/schema.org\",\"@graph\":[{\"@type\":\"Article\",\"@id\":\"https:\\\/\\\/novice.si\\\/page\\\/buhteljni-julke-cvahte-iz-drustva-kmetic-poljcane\\\/#article\",\"isPartOf\":{\"@id\":\"https:\\\/\\\/novice.si\\\/page\\\/buhteljni-julke-cvahte-iz-drustva-kmetic-poljcane\\\/\"},\"author\":{\"name\":\"Lu\u010dka Klajne\",\"@id\":\"https:\\\/\\\/novice.si\\\/page\\\/#\\\/schema\\\/person\\\/8e4432eb5dd09cc370447b8711e9c86f\"},\"headline\":\"Buhteljni Julke Cvahte iz Dru\u0161tva kmetic Polj\u010dane\",\"datePublished\":\"2023-04-22T05:00:17+00:00\",\"mainEntityOfPage\":{\"@id\":\"https:\\\/\\\/novice.si\\\/page\\\/buhteljni-julke-cvahte-iz-drustva-kmetic-poljcane\\\/\"},\"wordCount\":256,\"publisher\":{\"@id\":\"https:\\\/\\\/novice.si\\\/page\\\/#organization\"},\"image\":{\"@id\":\"https:\\\/\\\/novice.si\\\/page\\\/buhteljni-julke-cvahte-iz-drustva-kmetic-poljcane\\\/#primaryimage\"},\"thumbnailUrl\":\"https:\\\/\\\/novice.si\\\/page\\\/wp-content\\\/uploads\\\/2023\\\/04\\\/15.jpg\",\"keywords\":[\"bistriske novice\",\"buhteljni\",\"dobrote slovenskih kmetij\",\"dru\u0161tvo kmetic Polj\u010dane\",\"Julka Cvahte\",\"recept meseca\"],\"articleSection\":[\"Bistri\u0161ke Novice\",\"Kulinarika\"],\"inLanguage\":\"sl-SI\"},{\"@type\":\"WebPage\",\"@id\":\"https:\\\/\\\/novice.si\\\/page\\\/buhteljni-julke-cvahte-iz-drustva-kmetic-poljcane\\\/\",\"url\":\"https:\\\/\\\/novice.si\\\/page\\\/buhteljni-julke-cvahte-iz-drustva-kmetic-poljcane\\\/\",\"name\":\"Buhteljni Julke Cvahte iz Dru\u0161tva kmetic Polj\u010dane - Novice.si\",\"isPartOf\":{\"@id\":\"https:\\\/\\\/novice.si\\\/page\\\/#website\"},\"primaryImageOfPage\":{\"@id\":\"https:\\\/\\\/novice.si\\\/page\\\/buhteljni-julke-cvahte-iz-drustva-kmetic-poljcane\\\/#primaryimage\"},\"image\":{\"@id\":\"https:\\\/\\\/novice.si\\\/page\\\/buhteljni-julke-cvahte-iz-drustva-kmetic-poljcane\\\/#primaryimage\"},\"thumbnailUrl\":\"https:\\\/\\\/novice.si\\\/page\\\/wp-content\\\/uploads\\\/2023\\\/04\\\/15.jpg\",\"datePublished\":\"2023-04-22T05:00:17+00:00\",\"breadcrumb\":{\"@id\":\"https:\\\/\\\/novice.si\\\/page\\\/buhteljni-julke-cvahte-iz-drustva-kmetic-poljcane\\\/#breadcrumb\"},\"inLanguage\":\"sl-SI\",\"potentialAction\":[{\"@type\":\"ReadAction\",\"target\":[\"https:\\\/\\\/novice.si\\\/page\\\/buhteljni-julke-cvahte-iz-drustva-kmetic-poljcane\\\/\"]}]},{\"@type\":\"ImageObject\",\"inLanguage\":\"sl-SI\",\"@id\":\"https:\\\/\\\/novice.si\\\/page\\\/buhteljni-julke-cvahte-iz-drustva-kmetic-poljcane\\\/#primaryimage\",\"url\":\"https:\\\/\\\/novice.si\\\/page\\\/wp-content\\\/uploads\\\/2023\\\/04\\\/15.jpg\",\"contentUrl\":\"https:\\\/\\\/novice.si\\\/page\\\/wp-content\\\/uploads\\\/2023\\\/04\\\/15.jpg\",\"width\":1815,\"height\":1284},{\"@type\":\"BreadcrumbList\",\"@id\":\"https:\\\/\\\/novice.si\\\/page\\\/buhteljni-julke-cvahte-iz-drustva-kmetic-poljcane\\\/#breadcrumb\",\"itemListElement\":[{\"@type\":\"ListItem\",\"position\":1,\"name\":\"Home\",\"item\":\"https:\\\/\\\/novice.si\\\/page\\\/\"},{\"@type\":\"ListItem\",\"position\":2,\"name\":\"Buhteljni Julke Cvahte iz Dru\u0161tva kmetic Polj\u010dane\"}]},{\"@type\":\"WebSite\",\"@id\":\"https:\\\/\\\/novice.si\\\/page\\\/#website\",\"url\":\"https:\\\/\\\/novice.si\\\/page\\\/\",\"name\":\"Novice.si\",\"description\":\"\",\"publisher\":{\"@id\":\"https:\\\/\\\/novice.si\\\/page\\\/#organization\"},\"potentialAction\":[{\"@type\":\"SearchAction\",\"target\":{\"@type\":\"EntryPoint\",\"urlTemplate\":\"https:\\\/\\\/novice.si\\\/page\\\/?s={search_term_string}\"},\"query-input\":{\"@type\":\"PropertyValueSpecification\",\"valueRequired\":true,\"valueName\":\"search_term_string\"}}],\"inLanguage\":\"sl-SI\"},{\"@type\":\"Organization\",\"@id\":\"https:\\\/\\\/novice.si\\\/page\\\/#organization\",\"name\":\"Novice.si\",\"url\":\"https:\\\/\\\/novice.si\\\/page\\\/\",\"logo\":{\"@type\":\"ImageObject\",\"inLanguage\":\"sl-SI\",\"@id\":\"https:\\\/\\\/novice.si\\\/page\\\/#\\\/schema\\\/logo\\\/image\\\/\",\"url\":\"https:\\\/\\\/novice.si\\\/page\\\/wp-content\\\/uploads\\\/2023\\\/03\\\/novice_si.png\",\"contentUrl\":\"https:\\\/\\\/novice.si\\\/page\\\/wp-content\\\/uploads\\\/2023\\\/03\\\/novice_si.png\",\"width\":576,\"height\":200,\"caption\":\"Novice.si\"},\"image\":{\"@id\":\"https:\\\/\\\/novice.si\\\/page\\\/#\\\/schema\\\/logo\\\/image\\\/\"}},{\"@type\":\"Person\",\"@id\":\"https:\\\/\\\/novice.si\\\/page\\\/#\\\/schema\\\/person\\\/8e4432eb5dd09cc370447b8711e9c86f\",\"name\":\"Lu\u010dka Klajne\",\"image\":{\"@type\":\"ImageObject\",\"inLanguage\":\"sl-SI\",\"@id\":\"https:\\\/\\\/secure.gravatar.com\\\/avatar\\\/6267bb297ed80573819e1e9c2957010967706b03fec9d1e96664865ce9b19def?s=96&d=mm&r=g\",\"url\":\"https:\\\/\\\/secure.gravatar.com\\\/avatar\\\/6267bb297ed80573819e1e9c2957010967706b03fec9d1e96664865ce9b19def?s=96&d=mm&r=g\",\"contentUrl\":\"https:\\\/\\\/secure.gravatar.com\\\/avatar\\\/6267bb297ed80573819e1e9c2957010967706b03fec9d1e96664865ce9b19def?s=96&d=mm&r=g\",\"caption\":\"Lu\u010dka Klajne\"},\"url\":\"https:\\\/\\\/novice.si\\\/page\\\/author\\\/lucka\\\/\"}]}<\/script>\n<!-- \/ Yoast SEO plugin. -->","yoast_head_json":{"title":"Buhteljni Julke Cvahte iz Dru\u0161tva kmetic Polj\u010dane - Novice.si","robots":{"index":"index","follow":"follow","max-snippet":"max-snippet:-1","max-image-preview":"max-image-preview:large","max-video-preview":"max-video-preview:-1"},"canonical":"https:\/\/novice.si\/page\/buhteljni-julke-cvahte-iz-drustva-kmetic-poljcane\/","og_locale":"sl_SI","og_type":"article","og_title":"Buhteljni Julke Cvahte iz Dru\u0161tva kmetic Polj\u010dane - Novice.si","og_description":"Za te buhteljne je med drugim prejela znak kakovosti v letu 2012 na Dobrotah Slovenskih kmetij na Ptuju! Julka je \u010dlanica DK Polj\u010dane od samega za\u010detka delovanja dru\u0161tva. Bila je tudi druga predsednica dru\u0161tva in to kar deset let. V vseh letih aktivno sodeluje na vseh prireditvah, na katerih dru\u0161tvo sodeluje. \u00a0 Sestavine &#8211; 1 [&hellip;]","og_url":"https:\/\/novice.si\/page\/buhteljni-julke-cvahte-iz-drustva-kmetic-poljcane\/","og_site_name":"Novice.si","article_published_time":"2023-04-22T05:00:17+00:00","og_image":[{"width":1815,"height":1284,"url":"https:\/\/novice.si\/page\/wp-content\/uploads\/2023\/04\/15.jpg","type":"image\/jpeg"}],"author":"Lu\u010dka Klajne","twitter_card":"summary_large_image","twitter_misc":{"Written by":"Lu\u010dka Klajne","Est. reading time":"2 minuti"},"schema":{"@context":"https:\/\/schema.org","@graph":[{"@type":"Article","@id":"https:\/\/novice.si\/page\/buhteljni-julke-cvahte-iz-drustva-kmetic-poljcane\/#article","isPartOf":{"@id":"https:\/\/novice.si\/page\/buhteljni-julke-cvahte-iz-drustva-kmetic-poljcane\/"},"author":{"name":"Lu\u010dka Klajne","@id":"https:\/\/novice.si\/page\/#\/schema\/person\/8e4432eb5dd09cc370447b8711e9c86f"},"headline":"Buhteljni Julke Cvahte iz Dru\u0161tva kmetic Polj\u010dane","datePublished":"2023-04-22T05:00:17+00:00","mainEntityOfPage":{"@id":"https:\/\/novice.si\/page\/buhteljni-julke-cvahte-iz-drustva-kmetic-poljcane\/"},"wordCount":256,"publisher":{"@id":"https:\/\/novice.si\/page\/#organization"},"image":{"@id":"https:\/\/novice.si\/page\/buhteljni-julke-cvahte-iz-drustva-kmetic-poljcane\/#primaryimage"},"thumbnailUrl":"https:\/\/novice.si\/page\/wp-content\/uploads\/2023\/04\/15.jpg","keywords":["bistriske novice","buhteljni","dobrote slovenskih kmetij","dru\u0161tvo kmetic Polj\u010dane","Julka Cvahte","recept meseca"],"articleSection":["Bistri\u0161ke Novice","Kulinarika"],"inLanguage":"sl-SI"},{"@type":"WebPage","@id":"https:\/\/novice.si\/page\/buhteljni-julke-cvahte-iz-drustva-kmetic-poljcane\/","url":"https:\/\/novice.si\/page\/buhteljni-julke-cvahte-iz-drustva-kmetic-poljcane\/","name":"Buhteljni Julke Cvahte iz Dru\u0161tva kmetic Polj\u010dane - Novice.si","isPartOf":{"@id":"https:\/\/novice.si\/page\/#website"},"primaryImageOfPage":{"@id":"https:\/\/novice.si\/page\/buhteljni-julke-cvahte-iz-drustva-kmetic-poljcane\/#primaryimage"},"image":{"@id":"https:\/\/novice.si\/page\/buhteljni-julke-cvahte-iz-drustva-kmetic-poljcane\/#primaryimage"},"thumbnailUrl":"https:\/\/novice.si\/page\/wp-content\/uploads\/2023\/04\/15.jpg","datePublished":"2023-04-22T05:00:17+00:00","breadcrumb":{"@id":"https:\/\/novice.si\/page\/buhteljni-julke-cvahte-iz-drustva-kmetic-poljcane\/#breadcrumb"},"inLanguage":"sl-SI","potentialAction":[{"@type":"ReadAction","target":["https:\/\/novice.si\/page\/buhteljni-julke-cvahte-iz-drustva-kmetic-poljcane\/"]}]},{"@type":"ImageObject","inLanguage":"sl-SI","@id":"https:\/\/novice.si\/page\/buhteljni-julke-cvahte-iz-drustva-kmetic-poljcane\/#primaryimage","url":"https:\/\/novice.si\/page\/wp-content\/uploads\/2023\/04\/15.jpg","contentUrl":"https:\/\/novice.si\/page\/wp-content\/uploads\/2023\/04\/15.jpg","width":1815,"height":1284},{"@type":"BreadcrumbList","@id":"https:\/\/novice.si\/page\/buhteljni-julke-cvahte-iz-drustva-kmetic-poljcane\/#breadcrumb","itemListElement":[{"@type":"ListItem","position":1,"name":"Home","item":"https:\/\/novice.si\/page\/"},{"@type":"ListItem","position":2,"name":"Buhteljni Julke Cvahte iz Dru\u0161tva kmetic Polj\u010dane"}]},{"@type":"WebSite","@id":"https:\/\/novice.si\/page\/#website","url":"https:\/\/novice.si\/page\/","name":"Novice.si","description":"","publisher":{"@id":"https:\/\/novice.si\/page\/#organization"},"potentialAction":[{"@type":"SearchAction","target":{"@type":"EntryPoint","urlTemplate":"https:\/\/novice.si\/page\/?s={search_term_string}"},"query-input":{"@type":"PropertyValueSpecification","valueRequired":true,"valueName":"search_term_string"}}],"inLanguage":"sl-SI"},{"@type":"Organization","@id":"https:\/\/novice.si\/page\/#organization","name":"Novice.si","url":"https:\/\/novice.si\/page\/","logo":{"@type":"ImageObject","inLanguage":"sl-SI","@id":"https:\/\/novice.si\/page\/#\/schema\/logo\/image\/","url":"https:\/\/novice.si\/page\/wp-content\/uploads\/2023\/03\/novice_si.png","contentUrl":"https:\/\/novice.si\/page\/wp-content\/uploads\/2023\/03\/novice_si.png","width":576,"height":200,"caption":"Novice.si"},"image":{"@id":"https:\/\/novice.si\/page\/#\/schema\/logo\/image\/"}},{"@type":"Person","@id":"https:\/\/novice.si\/page\/#\/schema\/person\/8e4432eb5dd09cc370447b8711e9c86f","name":"Lu\u010dka Klajne","image":{"@type":"ImageObject","inLanguage":"sl-SI","@id":"https:\/\/secure.gravatar.com\/avatar\/6267bb297ed80573819e1e9c2957010967706b03fec9d1e96664865ce9b19def?s=96&d=mm&r=g","url":"https:\/\/secure.gravatar.com\/avatar\/6267bb297ed80573819e1e9c2957010967706b03fec9d1e96664865ce9b19def?s=96&d=mm&r=g","contentUrl":"https:\/\/secure.gravatar.com\/avatar\/6267bb297ed80573819e1e9c2957010967706b03fec9d1e96664865ce9b19def?s=96&d=mm&r=g","caption":"Lu\u010dka Klajne"},"url":"https:\/\/novice.si\/page\/author\/lucka\/"}]}},"_links":{"self":[{"href":"https:\/\/novice.si\/page\/wp-json\/wp\/v2\/posts\/161741","targetHints":{"allow":["GET"]}}],"collection":[{"href":"https:\/\/novice.si\/page\/wp-json\/wp\/v2\/posts"}],"about":[{"href":"https:\/\/novice.si\/page\/wp-json\/wp\/v2\/types\/post"}],"author":[{"embeddable":true,"href":"https:\/\/novice.si\/page\/wp-json\/wp\/v2\/users\/27"}],"replies":[{"embeddable":true,"href":"https:\/\/novice.si\/page\/wp-json\/wp\/v2\/comments?post=161741"}],"version-history":[{"count":1,"href":"https:\/\/novice.si\/page\/wp-json\/wp\/v2\/posts\/161741\/revisions"}],"predecessor-version":[{"id":161749,"href":"https:\/\/novice.si\/page\/wp-json\/wp\/v2\/posts\/161741\/revisions\/161749"}],"wp:featuredmedia":[{"embeddable":true,"href":"https:\/\/novice.si\/page\/wp-json\/wp\/v2\/media\/161743"}],"wp:attachment":[{"href":"https:\/\/novice.si\/page\/wp-json\/wp\/v2\/media?parent=161741"}],"wp:term":[{"taxonomy":"category","embeddable":true,"href":"https:\/\/novice.si\/page\/wp-json\/wp\/v2\/categories?post=161741"},{"taxonomy":"post_tag","embeddable":true,"href":"https:\/\/novice.si\/page\/wp-json\/wp\/v2\/tags?post=161741"}],"curies":[{"name":"wp","href":"https:\/\/api.w.org\/{rel}","templated":true}]}}