{"id":161639,"date":"2023-04-08T12:58:36","date_gmt":"2023-04-08T10:58:36","guid":{"rendered":"https:\/\/novice.si\/page\/?p=161639"},"modified":"2023-04-06T23:01:20","modified_gmt":"2023-04-06T21:01:20","slug":"celjanov-manj-placa-visja","status":"publish","type":"post","link":"https:\/\/novice.si\/page\/celjanov-manj-placa-visja\/","title":{"rendered":"Celjanov manj, pla\u010da vi\u0161ja"},"content":{"rendered":"<p><em><img loading=\"lazy\" decoding=\"async\" class=\" wp-image-161640 alignright\" src=\"https:\/\/novice.si\/page\/wp-content\/uploads\/2023\/04\/CZ_Celjanov-manj-placa-visja1-600x400.jpg\" alt=\"\" width=\"425\" height=\"283\" srcset=\"https:\/\/novice.si\/page\/wp-content\/uploads\/2023\/04\/CZ_Celjanov-manj-placa-visja1-600x400.jpg 600w, https:\/\/novice.si\/page\/wp-content\/uploads\/2023\/04\/CZ_Celjanov-manj-placa-visja1-1024x683.jpg 1024w, https:\/\/novice.si\/page\/wp-content\/uploads\/2023\/04\/CZ_Celjanov-manj-placa-visja1-768x512.jpg 768w, https:\/\/novice.si\/page\/wp-content\/uploads\/2023\/04\/CZ_Celjanov-manj-placa-visja1-1536x1024.jpg 1536w, https:\/\/novice.si\/page\/wp-content\/uploads\/2023\/04\/CZ_Celjanov-manj-placa-visja1-2048x1365.jpg 2048w, https:\/\/novice.si\/page\/wp-content\/uploads\/2023\/04\/CZ_Celjanov-manj-placa-visja1-696x464.jpg 696w, https:\/\/novice.si\/page\/wp-content\/uploads\/2023\/04\/CZ_Celjanov-manj-placa-visja1-1068x712.jpg 1068w, https:\/\/novice.si\/page\/wp-content\/uploads\/2023\/04\/CZ_Celjanov-manj-placa-visja1-630x420.jpg 630w, https:\/\/novice.si\/page\/wp-content\/uploads\/2023\/04\/CZ_Celjanov-manj-placa-visja1-24x16.jpg 24w, https:\/\/novice.si\/page\/wp-content\/uploads\/2023\/04\/CZ_Celjanov-manj-placa-visja1-36x24.jpg 36w, https:\/\/novice.si\/page\/wp-content\/uploads\/2023\/04\/CZ_Celjanov-manj-placa-visja1-48x32.jpg 48w\" sizes=\"auto, (max-width: 425px) 100vw, 425px\" \/>Statistika ka\u017ee, da je v Celju 220 prebivalcev manj kot leto prej, so pa ti zaslu\u017eili skoraj 70 evrov mese\u010dno ve\u010d. Po novem je ve\u010d Celjank kot Celjanov, mesto pa je najgosteje naseljeno v Sloveniji.<\/em><\/p>\n<p><strong>515 Celjanov na km<sup>2<\/sup><\/strong><\/p>\n<p>Celje je peta najve\u010dja slovenska ob\u010dina po \u0161tevilu prebivalcev \u2013 leta 2021 je tukaj \u017eivelo 48.850 ljudi, kar je 220 manj kot leto prej. Nekaj ve\u010d je \u017eensk, 24.440, mo\u0161kih prebivalcev je 24.410. Celje je hkrati najgosteje naseljena ob\u010dina v dr\u017eavi. Na kvadratnem kilometru je tako v letu 2021 v povpre\u010dju \u017eivelo 515 ljudi \u2013 primerjava s celotno dr\u017eavo je zelo zgovorna, saj je dr\u017eavno povpre\u010dje 104 ljudje\/km<sup>2<\/sup>. Najbr\u017e je tudi zato celjsko povpre\u010dje zbranih komunalnih odpadkov na prebivalca vi\u0161je od slovenskega; Celjan je zbral za 25 kilogramov odpadkov ve\u010d, in sicer 390 kilogramov.<\/p>\n<p><strong>Nikjer toliko odseljevanja kot v Celju<\/strong><\/p>\n<p>Naravni prirast je bil negativen, zna\u0161al je \u20132,9. To pomeni, da je ve\u010d ljudi umrlo, kot se jih je rodilo. Prav tako se je ve\u010d ljudi odselilo kot priselilo, torej je bil tudi selitveni prirast negativen, in sicer \u20134,3. Za primerjavo, v Vojniku so v istem obdobju zabele\u017eili pozitiven selitveni prirast, in to kar 14,6, prav tako v \u0160entjurju, \u0160torah in na Dobrni, negativnega pa sta od sosednjih ob\u010din imela le \u0161e La\u0161ko (\u20131,4) in \u017dalec (\u20130,4).<\/p>\n<p><strong>V letu dni skoraj 70 evrov vi\u0161ja pla\u010da<\/strong><\/p>\n<p>69 odstotkov Celjanov, starih med 15 in 64 let, torej med delovno sposobnim prebivalstvom, je bilo zaposlenih ali samozaposlenih. Pri tem presegamo dr\u017eavno povpre\u010dje, ki je dva odstotka ni\u017eje. Kljub temu celjski delavci zaslu\u017eijo manj kot drugod, v povpre\u010dju je bil neto znesek za pribli\u017eno 3 odstotke ni\u017eji od letnega povpre\u010dja slovenskih mese\u010dnih pla\u010d. Celjan je v povpre\u010dju mese\u010dno zaslu\u017eil 1.234,25 evra neto (kar je dobrih 36 manj od povpre\u010dnega Slovenca). Pla\u010da se je v letu dni v Celju zvi\u0161ala za 67,6 evra. Vsak drugi si je lahko privo\u0161\u010dil svoj avtomobil, ta pa je bil v povpre\u010dju star 10,3 leta.<\/p>\n<p>Vas zanima koliko je star povpre\u010den Celjan in kako mu je ime? Ali pa, koliko otrok je v celjskih vrtcih? Vse to in \u0161e ve\u010d vas \u010daka v aktualnem Celjanu.<\/p>\n","protected":false},"excerpt":{"rendered":"<p>Statistika ka\u017ee, da je v Celju 220 prebivalcev manj kot leto prej, so pa ti zaslu\u017eili skoraj 70 evrov mese\u010dno ve\u010d. Po novem je ve\u010d Celjank kot Celjanov, mesto pa je najgosteje naseljeno v Sloveniji. 515 Celjanov na km2 Celje je peta najve\u010dja slovenska ob\u010dina po \u0161tevilu prebivalcev \u2013 leta 2021 je tukaj \u017eivelo 48.850 [&hellip;]<\/p>\n","protected":false},"author":55,"featured_media":161640,"comment_status":"closed","ping_status":"closed","sticky":false,"template":"","format":"standard","meta":{"footnotes":""},"categories":[14,142,17],"tags":[],"class_list":{"0":"post-161639","1":"post","2":"type-post","3":"status-publish","4":"format-standard","5":"has-post-thumbnail","7":"category-aktualno","8":"category-celjan","9":"category-celjsko"},"yoast_head":"<!-- This site is optimized with the Yoast SEO plugin v27.4 - https:\/\/yoast.com\/product\/yoast-seo-wordpress\/ -->\n<title>Celjanov manj, pla\u010da vi\u0161ja - Novice.si<\/title>\n<meta name=\"robots\" content=\"index, follow, max-snippet:-1, max-image-preview:large, max-video-preview:-1\" \/>\n<link rel=\"canonical\" href=\"https:\/\/novice.si\/page\/celjanov-manj-placa-visja\/\" \/>\n<meta property=\"og:locale\" content=\"sl_SI\" \/>\n<meta property=\"og:type\" content=\"article\" \/>\n<meta property=\"og:title\" content=\"Celjanov manj, pla\u010da vi\u0161ja - Novice.si\" \/>\n<meta property=\"og:description\" content=\"Statistika ka\u017ee, da je v Celju 220 prebivalcev manj kot leto prej, so pa ti zaslu\u017eili skoraj 70 evrov mese\u010dno ve\u010d. Po novem je ve\u010d Celjank kot Celjanov, mesto pa je najgosteje naseljeno v Sloveniji. 515 Celjanov na km2 Celje je peta najve\u010dja slovenska ob\u010dina po \u0161tevilu prebivalcev \u2013 leta 2021 je tukaj \u017eivelo 48.850 [&hellip;]\" \/>\n<meta property=\"og:url\" content=\"https:\/\/novice.si\/page\/celjanov-manj-placa-visja\/\" \/>\n<meta property=\"og:site_name\" content=\"Novice.si\" \/>\n<meta property=\"article:published_time\" content=\"2023-04-08T10:58:36+00:00\" \/>\n<meta property=\"og:image\" content=\"https:\/\/novice.si\/page\/wp-content\/uploads\/2023\/04\/CZ_Celjanov-manj-placa-visja1.jpg\" \/>\n\t<meta property=\"og:image:width\" content=\"2400\" \/>\n\t<meta property=\"og:image:height\" content=\"1600\" \/>\n\t<meta property=\"og:image:type\" content=\"image\/jpeg\" \/>\n<meta name=\"author\" content=\"Uredni\u0161tvo Celjana\" \/>\n<meta name=\"twitter:card\" content=\"summary_large_image\" \/>\n<meta name=\"twitter:label1\" content=\"Written by\" \/>\n\t<meta name=\"twitter:data1\" content=\"Uredni\u0161tvo Celjana\" \/>\n\t<meta name=\"twitter:label2\" content=\"Est. reading time\" \/>\n\t<meta name=\"twitter:data2\" content=\"3 minute\" \/>\n<script type=\"application\/ld+json\" class=\"yoast-schema-graph\">{\"@context\":\"https:\\\/\\\/schema.org\",\"@graph\":[{\"@type\":\"Article\",\"@id\":\"https:\\\/\\\/novice.si\\\/page\\\/celjanov-manj-placa-visja\\\/#article\",\"isPartOf\":{\"@id\":\"https:\\\/\\\/novice.si\\\/page\\\/celjanov-manj-placa-visja\\\/\"},\"author\":{\"name\":\"Uredni\u0161tvo Celjana\",\"@id\":\"https:\\\/\\\/novice.si\\\/page\\\/#\\\/schema\\\/person\\\/a49f233ef2777ec7b2e8d0662325bb48\"},\"headline\":\"Celjanov manj, pla\u010da vi\u0161ja\",\"datePublished\":\"2023-04-08T10:58:36+00:00\",\"mainEntityOfPage\":{\"@id\":\"https:\\\/\\\/novice.si\\\/page\\\/celjanov-manj-placa-visja\\\/\"},\"wordCount\":370,\"publisher\":{\"@id\":\"https:\\\/\\\/novice.si\\\/page\\\/#organization\"},\"image\":{\"@id\":\"https:\\\/\\\/novice.si\\\/page\\\/celjanov-manj-placa-visja\\\/#primaryimage\"},\"thumbnailUrl\":\"https:\\\/\\\/novice.si\\\/page\\\/wp-content\\\/uploads\\\/2023\\\/04\\\/CZ_Celjanov-manj-placa-visja1.jpg\",\"articleSection\":[\"Aktualno\",\"Celjan\",\"Celjsko\"],\"inLanguage\":\"sl-SI\"},{\"@type\":\"WebPage\",\"@id\":\"https:\\\/\\\/novice.si\\\/page\\\/celjanov-manj-placa-visja\\\/\",\"url\":\"https:\\\/\\\/novice.si\\\/page\\\/celjanov-manj-placa-visja\\\/\",\"name\":\"Celjanov manj, pla\u010da vi\u0161ja - Novice.si\",\"isPartOf\":{\"@id\":\"https:\\\/\\\/novice.si\\\/page\\\/#website\"},\"primaryImageOfPage\":{\"@id\":\"https:\\\/\\\/novice.si\\\/page\\\/celjanov-manj-placa-visja\\\/#primaryimage\"},\"image\":{\"@id\":\"https:\\\/\\\/novice.si\\\/page\\\/celjanov-manj-placa-visja\\\/#primaryimage\"},\"thumbnailUrl\":\"https:\\\/\\\/novice.si\\\/page\\\/wp-content\\\/uploads\\\/2023\\\/04\\\/CZ_Celjanov-manj-placa-visja1.jpg\",\"datePublished\":\"2023-04-08T10:58:36+00:00\",\"breadcrumb\":{\"@id\":\"https:\\\/\\\/novice.si\\\/page\\\/celjanov-manj-placa-visja\\\/#breadcrumb\"},\"inLanguage\":\"sl-SI\",\"potentialAction\":[{\"@type\":\"ReadAction\",\"target\":[\"https:\\\/\\\/novice.si\\\/page\\\/celjanov-manj-placa-visja\\\/\"]}]},{\"@type\":\"ImageObject\",\"inLanguage\":\"sl-SI\",\"@id\":\"https:\\\/\\\/novice.si\\\/page\\\/celjanov-manj-placa-visja\\\/#primaryimage\",\"url\":\"https:\\\/\\\/novice.si\\\/page\\\/wp-content\\\/uploads\\\/2023\\\/04\\\/CZ_Celjanov-manj-placa-visja1.jpg\",\"contentUrl\":\"https:\\\/\\\/novice.si\\\/page\\\/wp-content\\\/uploads\\\/2023\\\/04\\\/CZ_Celjanov-manj-placa-visja1.jpg\",\"width\":2400,\"height\":1600},{\"@type\":\"BreadcrumbList\",\"@id\":\"https:\\\/\\\/novice.si\\\/page\\\/celjanov-manj-placa-visja\\\/#breadcrumb\",\"itemListElement\":[{\"@type\":\"ListItem\",\"position\":1,\"name\":\"Home\",\"item\":\"https:\\\/\\\/novice.si\\\/page\\\/\"},{\"@type\":\"ListItem\",\"position\":2,\"name\":\"Celjanov manj, pla\u010da vi\u0161ja\"}]},{\"@type\":\"WebSite\",\"@id\":\"https:\\\/\\\/novice.si\\\/page\\\/#website\",\"url\":\"https:\\\/\\\/novice.si\\\/page\\\/\",\"name\":\"Novice.si\",\"description\":\"\",\"publisher\":{\"@id\":\"https:\\\/\\\/novice.si\\\/page\\\/#organization\"},\"potentialAction\":[{\"@type\":\"SearchAction\",\"target\":{\"@type\":\"EntryPoint\",\"urlTemplate\":\"https:\\\/\\\/novice.si\\\/page\\\/?s={search_term_string}\"},\"query-input\":{\"@type\":\"PropertyValueSpecification\",\"valueRequired\":true,\"valueName\":\"search_term_string\"}}],\"inLanguage\":\"sl-SI\"},{\"@type\":\"Organization\",\"@id\":\"https:\\\/\\\/novice.si\\\/page\\\/#organization\",\"name\":\"Novice.si\",\"url\":\"https:\\\/\\\/novice.si\\\/page\\\/\",\"logo\":{\"@type\":\"ImageObject\",\"inLanguage\":\"sl-SI\",\"@id\":\"https:\\\/\\\/novice.si\\\/page\\\/#\\\/schema\\\/logo\\\/image\\\/\",\"url\":\"https:\\\/\\\/novice.si\\\/page\\\/wp-content\\\/uploads\\\/2023\\\/03\\\/novice_si.png\",\"contentUrl\":\"https:\\\/\\\/novice.si\\\/page\\\/wp-content\\\/uploads\\\/2023\\\/03\\\/novice_si.png\",\"width\":576,\"height\":200,\"caption\":\"Novice.si\"},\"image\":{\"@id\":\"https:\\\/\\\/novice.si\\\/page\\\/#\\\/schema\\\/logo\\\/image\\\/\"}},{\"@type\":\"Person\",\"@id\":\"https:\\\/\\\/novice.si\\\/page\\\/#\\\/schema\\\/person\\\/a49f233ef2777ec7b2e8d0662325bb48\",\"name\":\"Uredni\u0161tvo Celjana\",\"image\":{\"@type\":\"ImageObject\",\"inLanguage\":\"sl-SI\",\"@id\":\"https:\\\/\\\/secure.gravatar.com\\\/avatar\\\/7f7863e616af8f92806c638dd1db3f1a238d83d1cc2ec3100afc06fbb7eb303f?s=96&d=mm&r=g\",\"url\":\"https:\\\/\\\/secure.gravatar.com\\\/avatar\\\/7f7863e616af8f92806c638dd1db3f1a238d83d1cc2ec3100afc06fbb7eb303f?s=96&d=mm&r=g\",\"contentUrl\":\"https:\\\/\\\/secure.gravatar.com\\\/avatar\\\/7f7863e616af8f92806c638dd1db3f1a238d83d1cc2ec3100afc06fbb7eb303f?s=96&d=mm&r=g\",\"caption\":\"Uredni\u0161tvo Celjana\"},\"url\":\"https:\\\/\\\/novice.si\\\/page\\\/author\\\/maja\\\/\"}]}<\/script>\n<!-- \/ Yoast SEO plugin. -->","yoast_head_json":{"title":"Celjanov manj, pla\u010da vi\u0161ja - Novice.si","robots":{"index":"index","follow":"follow","max-snippet":"max-snippet:-1","max-image-preview":"max-image-preview:large","max-video-preview":"max-video-preview:-1"},"canonical":"https:\/\/novice.si\/page\/celjanov-manj-placa-visja\/","og_locale":"sl_SI","og_type":"article","og_title":"Celjanov manj, pla\u010da vi\u0161ja - Novice.si","og_description":"Statistika ka\u017ee, da je v Celju 220 prebivalcev manj kot leto prej, so pa ti zaslu\u017eili skoraj 70 evrov mese\u010dno ve\u010d. Po novem je ve\u010d Celjank kot Celjanov, mesto pa je najgosteje naseljeno v Sloveniji. 515 Celjanov na km2 Celje je peta najve\u010dja slovenska ob\u010dina po \u0161tevilu prebivalcev \u2013 leta 2021 je tukaj \u017eivelo 48.850 [&hellip;]","og_url":"https:\/\/novice.si\/page\/celjanov-manj-placa-visja\/","og_site_name":"Novice.si","article_published_time":"2023-04-08T10:58:36+00:00","og_image":[{"width":2400,"height":1600,"url":"https:\/\/novice.si\/page\/wp-content\/uploads\/2023\/04\/CZ_Celjanov-manj-placa-visja1.jpg","type":"image\/jpeg"}],"author":"Uredni\u0161tvo Celjana","twitter_card":"summary_large_image","twitter_misc":{"Written by":"Uredni\u0161tvo Celjana","Est. reading time":"3 minute"},"schema":{"@context":"https:\/\/schema.org","@graph":[{"@type":"Article","@id":"https:\/\/novice.si\/page\/celjanov-manj-placa-visja\/#article","isPartOf":{"@id":"https:\/\/novice.si\/page\/celjanov-manj-placa-visja\/"},"author":{"name":"Uredni\u0161tvo Celjana","@id":"https:\/\/novice.si\/page\/#\/schema\/person\/a49f233ef2777ec7b2e8d0662325bb48"},"headline":"Celjanov manj, pla\u010da vi\u0161ja","datePublished":"2023-04-08T10:58:36+00:00","mainEntityOfPage":{"@id":"https:\/\/novice.si\/page\/celjanov-manj-placa-visja\/"},"wordCount":370,"publisher":{"@id":"https:\/\/novice.si\/page\/#organization"},"image":{"@id":"https:\/\/novice.si\/page\/celjanov-manj-placa-visja\/#primaryimage"},"thumbnailUrl":"https:\/\/novice.si\/page\/wp-content\/uploads\/2023\/04\/CZ_Celjanov-manj-placa-visja1.jpg","articleSection":["Aktualno","Celjan","Celjsko"],"inLanguage":"sl-SI"},{"@type":"WebPage","@id":"https:\/\/novice.si\/page\/celjanov-manj-placa-visja\/","url":"https:\/\/novice.si\/page\/celjanov-manj-placa-visja\/","name":"Celjanov manj, pla\u010da vi\u0161ja - Novice.si","isPartOf":{"@id":"https:\/\/novice.si\/page\/#website"},"primaryImageOfPage":{"@id":"https:\/\/novice.si\/page\/celjanov-manj-placa-visja\/#primaryimage"},"image":{"@id":"https:\/\/novice.si\/page\/celjanov-manj-placa-visja\/#primaryimage"},"thumbnailUrl":"https:\/\/novice.si\/page\/wp-content\/uploads\/2023\/04\/CZ_Celjanov-manj-placa-visja1.jpg","datePublished":"2023-04-08T10:58:36+00:00","breadcrumb":{"@id":"https:\/\/novice.si\/page\/celjanov-manj-placa-visja\/#breadcrumb"},"inLanguage":"sl-SI","potentialAction":[{"@type":"ReadAction","target":["https:\/\/novice.si\/page\/celjanov-manj-placa-visja\/"]}]},{"@type":"ImageObject","inLanguage":"sl-SI","@id":"https:\/\/novice.si\/page\/celjanov-manj-placa-visja\/#primaryimage","url":"https:\/\/novice.si\/page\/wp-content\/uploads\/2023\/04\/CZ_Celjanov-manj-placa-visja1.jpg","contentUrl":"https:\/\/novice.si\/page\/wp-content\/uploads\/2023\/04\/CZ_Celjanov-manj-placa-visja1.jpg","width":2400,"height":1600},{"@type":"BreadcrumbList","@id":"https:\/\/novice.si\/page\/celjanov-manj-placa-visja\/#breadcrumb","itemListElement":[{"@type":"ListItem","position":1,"name":"Home","item":"https:\/\/novice.si\/page\/"},{"@type":"ListItem","position":2,"name":"Celjanov manj, pla\u010da vi\u0161ja"}]},{"@type":"WebSite","@id":"https:\/\/novice.si\/page\/#website","url":"https:\/\/novice.si\/page\/","name":"Novice.si","description":"","publisher":{"@id":"https:\/\/novice.si\/page\/#organization"},"potentialAction":[{"@type":"SearchAction","target":{"@type":"EntryPoint","urlTemplate":"https:\/\/novice.si\/page\/?s={search_term_string}"},"query-input":{"@type":"PropertyValueSpecification","valueRequired":true,"valueName":"search_term_string"}}],"inLanguage":"sl-SI"},{"@type":"Organization","@id":"https:\/\/novice.si\/page\/#organization","name":"Novice.si","url":"https:\/\/novice.si\/page\/","logo":{"@type":"ImageObject","inLanguage":"sl-SI","@id":"https:\/\/novice.si\/page\/#\/schema\/logo\/image\/","url":"https:\/\/novice.si\/page\/wp-content\/uploads\/2023\/03\/novice_si.png","contentUrl":"https:\/\/novice.si\/page\/wp-content\/uploads\/2023\/03\/novice_si.png","width":576,"height":200,"caption":"Novice.si"},"image":{"@id":"https:\/\/novice.si\/page\/#\/schema\/logo\/image\/"}},{"@type":"Person","@id":"https:\/\/novice.si\/page\/#\/schema\/person\/a49f233ef2777ec7b2e8d0662325bb48","name":"Uredni\u0161tvo Celjana","image":{"@type":"ImageObject","inLanguage":"sl-SI","@id":"https:\/\/secure.gravatar.com\/avatar\/7f7863e616af8f92806c638dd1db3f1a238d83d1cc2ec3100afc06fbb7eb303f?s=96&d=mm&r=g","url":"https:\/\/secure.gravatar.com\/avatar\/7f7863e616af8f92806c638dd1db3f1a238d83d1cc2ec3100afc06fbb7eb303f?s=96&d=mm&r=g","contentUrl":"https:\/\/secure.gravatar.com\/avatar\/7f7863e616af8f92806c638dd1db3f1a238d83d1cc2ec3100afc06fbb7eb303f?s=96&d=mm&r=g","caption":"Uredni\u0161tvo Celjana"},"url":"https:\/\/novice.si\/page\/author\/maja\/"}]}},"_links":{"self":[{"href":"https:\/\/novice.si\/page\/wp-json\/wp\/v2\/posts\/161639","targetHints":{"allow":["GET"]}}],"collection":[{"href":"https:\/\/novice.si\/page\/wp-json\/wp\/v2\/posts"}],"about":[{"href":"https:\/\/novice.si\/page\/wp-json\/wp\/v2\/types\/post"}],"author":[{"embeddable":true,"href":"https:\/\/novice.si\/page\/wp-json\/wp\/v2\/users\/55"}],"replies":[{"embeddable":true,"href":"https:\/\/novice.si\/page\/wp-json\/wp\/v2\/comments?post=161639"}],"version-history":[{"count":1,"href":"https:\/\/novice.si\/page\/wp-json\/wp\/v2\/posts\/161639\/revisions"}],"predecessor-version":[{"id":161641,"href":"https:\/\/novice.si\/page\/wp-json\/wp\/v2\/posts\/161639\/revisions\/161641"}],"wp:featuredmedia":[{"embeddable":true,"href":"https:\/\/novice.si\/page\/wp-json\/wp\/v2\/media\/161640"}],"wp:attachment":[{"href":"https:\/\/novice.si\/page\/wp-json\/wp\/v2\/media?parent=161639"}],"wp:term":[{"taxonomy":"category","embeddable":true,"href":"https:\/\/novice.si\/page\/wp-json\/wp\/v2\/categories?post=161639"},{"taxonomy":"post_tag","embeddable":true,"href":"https:\/\/novice.si\/page\/wp-json\/wp\/v2\/tags?post=161639"}],"curies":[{"name":"wp","href":"https:\/\/api.w.org\/{rel}","templated":true}]}}