{"id":161636,"date":"2023-04-08T09:56:32","date_gmt":"2023-04-08T07:56:32","guid":{"rendered":"https:\/\/novice.si\/page\/?p=161636"},"modified":"2023-04-06T22:58:27","modified_gmt":"2023-04-06T20:58:27","slug":"kaj-vse-se-bo-letos-urejalo-v-knezjem-mestu","status":"publish","type":"post","link":"https:\/\/novice.si\/page\/kaj-vse-se-bo-letos-urejalo-v-knezjem-mestu\/","title":{"rendered":"Kaj vse se bo letos urejalo v kne\u017ejem mestu?"},"content":{"rendered":"<p style=\"text-align: left\"><em><img loading=\"lazy\" decoding=\"async\" class=\" wp-image-161637 alignleft\" src=\"https:\/\/novice.si\/page\/wp-content\/uploads\/2023\/04\/celje-2020-600x338.jpg\" alt=\"Celje\" width=\"449\" height=\"253\" srcset=\"https:\/\/novice.si\/page\/wp-content\/uploads\/2023\/04\/celje-2020-600x338.jpg 600w, https:\/\/novice.si\/page\/wp-content\/uploads\/2023\/04\/celje-2020-1024x576.jpg 1024w, https:\/\/novice.si\/page\/wp-content\/uploads\/2023\/04\/celje-2020-768x432.jpg 768w, https:\/\/novice.si\/page\/wp-content\/uploads\/2023\/04\/celje-2020-696x392.jpg 696w, https:\/\/novice.si\/page\/wp-content\/uploads\/2023\/04\/celje-2020-1068x601.jpg 1068w, https:\/\/novice.si\/page\/wp-content\/uploads\/2023\/04\/celje-2020-746x420.jpg 746w, https:\/\/novice.si\/page\/wp-content\/uploads\/2023\/04\/celje-2020-24x14.jpg 24w, https:\/\/novice.si\/page\/wp-content\/uploads\/2023\/04\/celje-2020-36x20.jpg 36w, https:\/\/novice.si\/page\/wp-content\/uploads\/2023\/04\/celje-2020-48x27.jpg 48w, https:\/\/novice.si\/page\/wp-content\/uploads\/2023\/04\/celje-2020.jpg 1100w\" sizes=\"auto, (max-width: 449px) 100vw, 449px\" \/>Ve\u010d kot 31 milijonov evrov bo letos v ob\u010dinskem prora\u010dunu namenjeno za izvajanje dejavnosti in projekte s podro\u010dja okolja, prostora in komunale.<\/em><\/p>\n<p>Celjski mestni svetniki so na zadnji seji sprejeli ob\u010dinski prora\u010dun za leto 2023. Ta predvideva 78,4 milijona evrov prihodkov in 82,5 milijona evrov odhodkov. Kot je ob tem poudaril celjski \u017eupan <strong>Matija Kova\u010d<\/strong>, gre za rekorden prora\u010dun po zneskih, ki hkrati po mnenju marsikoga ne prina\u0161a zelo vidnih vsebin, pa\u010d pa ogromno dela pod zemljo, na pripravi projektov in podobno.<\/p>\n<p>Ve\u010d podrobnosti pa vas \u010daka v tokratni \u0161tevilki \u010dasopisa Celjan.<\/p>\n","protected":false},"excerpt":{"rendered":"<p>Ve\u010d kot 31 milijonov evrov bo letos v ob\u010dinskem prora\u010dunu namenjeno za izvajanje dejavnosti in projekte s podro\u010dja okolja, prostora in komunale. Celjski mestni svetniki so na zadnji seji sprejeli ob\u010dinski prora\u010dun za leto 2023. Ta predvideva 78,4 milijona evrov prihodkov in 82,5 milijona evrov odhodkov. Kot je ob tem poudaril celjski \u017eupan Matija Kova\u010d, [&hellip;]<\/p>\n","protected":false},"author":55,"featured_media":161637,"comment_status":"closed","ping_status":"closed","sticky":false,"template":"","format":"standard","meta":{"footnotes":""},"categories":[14,142,17],"tags":[],"class_list":{"0":"post-161636","1":"post","2":"type-post","3":"status-publish","4":"format-standard","5":"has-post-thumbnail","7":"category-aktualno","8":"category-celjan","9":"category-celjsko"},"yoast_head":"<!-- This site is optimized with the Yoast SEO plugin v27.4 - https:\/\/yoast.com\/product\/yoast-seo-wordpress\/ -->\n<title>Kaj vse se bo letos urejalo v kne\u017ejem mestu? - Novice.si<\/title>\n<meta name=\"robots\" content=\"index, follow, max-snippet:-1, max-image-preview:large, max-video-preview:-1\" \/>\n<link rel=\"canonical\" href=\"https:\/\/novice.si\/page\/kaj-vse-se-bo-letos-urejalo-v-knezjem-mestu\/\" \/>\n<meta property=\"og:locale\" content=\"sl_SI\" \/>\n<meta property=\"og:type\" content=\"article\" \/>\n<meta property=\"og:title\" content=\"Kaj vse se bo letos urejalo v kne\u017ejem mestu? - Novice.si\" \/>\n<meta property=\"og:description\" content=\"Ve\u010d kot 31 milijonov evrov bo letos v ob\u010dinskem prora\u010dunu namenjeno za izvajanje dejavnosti in projekte s podro\u010dja okolja, prostora in komunale. Celjski mestni svetniki so na zadnji seji sprejeli ob\u010dinski prora\u010dun za leto 2023. Ta predvideva 78,4 milijona evrov prihodkov in 82,5 milijona evrov odhodkov. Kot je ob tem poudaril celjski \u017eupan Matija Kova\u010d, [&hellip;]\" \/>\n<meta property=\"og:url\" content=\"https:\/\/novice.si\/page\/kaj-vse-se-bo-letos-urejalo-v-knezjem-mestu\/\" \/>\n<meta property=\"og:site_name\" content=\"Novice.si\" \/>\n<meta property=\"article:published_time\" content=\"2023-04-08T07:56:32+00:00\" \/>\n<meta property=\"og:image\" content=\"https:\/\/novice.si\/page\/wp-content\/uploads\/2023\/04\/celje-2020.jpg\" \/>\n\t<meta property=\"og:image:width\" content=\"1100\" \/>\n\t<meta property=\"og:image:height\" content=\"619\" \/>\n\t<meta property=\"og:image:type\" content=\"image\/jpeg\" \/>\n<meta name=\"author\" content=\"Uredni\u0161tvo Celjana\" \/>\n<meta name=\"twitter:card\" content=\"summary_large_image\" \/>\n<meta name=\"twitter:label1\" content=\"Written by\" \/>\n\t<meta name=\"twitter:data1\" content=\"Uredni\u0161tvo Celjana\" \/>\n\t<meta name=\"twitter:label2\" content=\"Est. reading time\" \/>\n\t<meta name=\"twitter:data2\" content=\"1 minuta\" \/>\n<script type=\"application\/ld+json\" class=\"yoast-schema-graph\">{\"@context\":\"https:\\\/\\\/schema.org\",\"@graph\":[{\"@type\":\"Article\",\"@id\":\"https:\\\/\\\/novice.si\\\/page\\\/kaj-vse-se-bo-letos-urejalo-v-knezjem-mestu\\\/#article\",\"isPartOf\":{\"@id\":\"https:\\\/\\\/novice.si\\\/page\\\/kaj-vse-se-bo-letos-urejalo-v-knezjem-mestu\\\/\"},\"author\":{\"name\":\"Uredni\u0161tvo Celjana\",\"@id\":\"https:\\\/\\\/novice.si\\\/page\\\/#\\\/schema\\\/person\\\/a49f233ef2777ec7b2e8d0662325bb48\"},\"headline\":\"Kaj vse se bo letos urejalo v kne\u017ejem mestu?\",\"datePublished\":\"2023-04-08T07:56:32+00:00\",\"mainEntityOfPage\":{\"@id\":\"https:\\\/\\\/novice.si\\\/page\\\/kaj-vse-se-bo-letos-urejalo-v-knezjem-mestu\\\/\"},\"wordCount\":105,\"publisher\":{\"@id\":\"https:\\\/\\\/novice.si\\\/page\\\/#organization\"},\"image\":{\"@id\":\"https:\\\/\\\/novice.si\\\/page\\\/kaj-vse-se-bo-letos-urejalo-v-knezjem-mestu\\\/#primaryimage\"},\"thumbnailUrl\":\"https:\\\/\\\/novice.si\\\/page\\\/wp-content\\\/uploads\\\/2023\\\/04\\\/celje-2020.jpg\",\"articleSection\":[\"Aktualno\",\"Celjan\",\"Celjsko\"],\"inLanguage\":\"sl-SI\"},{\"@type\":\"WebPage\",\"@id\":\"https:\\\/\\\/novice.si\\\/page\\\/kaj-vse-se-bo-letos-urejalo-v-knezjem-mestu\\\/\",\"url\":\"https:\\\/\\\/novice.si\\\/page\\\/kaj-vse-se-bo-letos-urejalo-v-knezjem-mestu\\\/\",\"name\":\"Kaj vse se bo letos urejalo v kne\u017ejem mestu? - Novice.si\",\"isPartOf\":{\"@id\":\"https:\\\/\\\/novice.si\\\/page\\\/#website\"},\"primaryImageOfPage\":{\"@id\":\"https:\\\/\\\/novice.si\\\/page\\\/kaj-vse-se-bo-letos-urejalo-v-knezjem-mestu\\\/#primaryimage\"},\"image\":{\"@id\":\"https:\\\/\\\/novice.si\\\/page\\\/kaj-vse-se-bo-letos-urejalo-v-knezjem-mestu\\\/#primaryimage\"},\"thumbnailUrl\":\"https:\\\/\\\/novice.si\\\/page\\\/wp-content\\\/uploads\\\/2023\\\/04\\\/celje-2020.jpg\",\"datePublished\":\"2023-04-08T07:56:32+00:00\",\"breadcrumb\":{\"@id\":\"https:\\\/\\\/novice.si\\\/page\\\/kaj-vse-se-bo-letos-urejalo-v-knezjem-mestu\\\/#breadcrumb\"},\"inLanguage\":\"sl-SI\",\"potentialAction\":[{\"@type\":\"ReadAction\",\"target\":[\"https:\\\/\\\/novice.si\\\/page\\\/kaj-vse-se-bo-letos-urejalo-v-knezjem-mestu\\\/\"]}]},{\"@type\":\"ImageObject\",\"inLanguage\":\"sl-SI\",\"@id\":\"https:\\\/\\\/novice.si\\\/page\\\/kaj-vse-se-bo-letos-urejalo-v-knezjem-mestu\\\/#primaryimage\",\"url\":\"https:\\\/\\\/novice.si\\\/page\\\/wp-content\\\/uploads\\\/2023\\\/04\\\/celje-2020.jpg\",\"contentUrl\":\"https:\\\/\\\/novice.si\\\/page\\\/wp-content\\\/uploads\\\/2023\\\/04\\\/celje-2020.jpg\",\"width\":1100,\"height\":619,\"caption\":\"Celje\"},{\"@type\":\"BreadcrumbList\",\"@id\":\"https:\\\/\\\/novice.si\\\/page\\\/kaj-vse-se-bo-letos-urejalo-v-knezjem-mestu\\\/#breadcrumb\",\"itemListElement\":[{\"@type\":\"ListItem\",\"position\":1,\"name\":\"Home\",\"item\":\"https:\\\/\\\/novice.si\\\/page\\\/\"},{\"@type\":\"ListItem\",\"position\":2,\"name\":\"Kaj vse se bo letos urejalo v kne\u017ejem mestu?\"}]},{\"@type\":\"WebSite\",\"@id\":\"https:\\\/\\\/novice.si\\\/page\\\/#website\",\"url\":\"https:\\\/\\\/novice.si\\\/page\\\/\",\"name\":\"Novice.si\",\"description\":\"\",\"publisher\":{\"@id\":\"https:\\\/\\\/novice.si\\\/page\\\/#organization\"},\"potentialAction\":[{\"@type\":\"SearchAction\",\"target\":{\"@type\":\"EntryPoint\",\"urlTemplate\":\"https:\\\/\\\/novice.si\\\/page\\\/?s={search_term_string}\"},\"query-input\":{\"@type\":\"PropertyValueSpecification\",\"valueRequired\":true,\"valueName\":\"search_term_string\"}}],\"inLanguage\":\"sl-SI\"},{\"@type\":\"Organization\",\"@id\":\"https:\\\/\\\/novice.si\\\/page\\\/#organization\",\"name\":\"Novice.si\",\"url\":\"https:\\\/\\\/novice.si\\\/page\\\/\",\"logo\":{\"@type\":\"ImageObject\",\"inLanguage\":\"sl-SI\",\"@id\":\"https:\\\/\\\/novice.si\\\/page\\\/#\\\/schema\\\/logo\\\/image\\\/\",\"url\":\"https:\\\/\\\/novice.si\\\/page\\\/wp-content\\\/uploads\\\/2023\\\/03\\\/novice_si.png\",\"contentUrl\":\"https:\\\/\\\/novice.si\\\/page\\\/wp-content\\\/uploads\\\/2023\\\/03\\\/novice_si.png\",\"width\":576,\"height\":200,\"caption\":\"Novice.si\"},\"image\":{\"@id\":\"https:\\\/\\\/novice.si\\\/page\\\/#\\\/schema\\\/logo\\\/image\\\/\"}},{\"@type\":\"Person\",\"@id\":\"https:\\\/\\\/novice.si\\\/page\\\/#\\\/schema\\\/person\\\/a49f233ef2777ec7b2e8d0662325bb48\",\"name\":\"Uredni\u0161tvo Celjana\",\"image\":{\"@type\":\"ImageObject\",\"inLanguage\":\"sl-SI\",\"@id\":\"https:\\\/\\\/secure.gravatar.com\\\/avatar\\\/7f7863e616af8f92806c638dd1db3f1a238d83d1cc2ec3100afc06fbb7eb303f?s=96&d=mm&r=g\",\"url\":\"https:\\\/\\\/secure.gravatar.com\\\/avatar\\\/7f7863e616af8f92806c638dd1db3f1a238d83d1cc2ec3100afc06fbb7eb303f?s=96&d=mm&r=g\",\"contentUrl\":\"https:\\\/\\\/secure.gravatar.com\\\/avatar\\\/7f7863e616af8f92806c638dd1db3f1a238d83d1cc2ec3100afc06fbb7eb303f?s=96&d=mm&r=g\",\"caption\":\"Uredni\u0161tvo Celjana\"},\"url\":\"https:\\\/\\\/novice.si\\\/page\\\/author\\\/maja\\\/\"}]}<\/script>\n<!-- \/ Yoast SEO plugin. -->","yoast_head_json":{"title":"Kaj vse se bo letos urejalo v kne\u017ejem mestu? - Novice.si","robots":{"index":"index","follow":"follow","max-snippet":"max-snippet:-1","max-image-preview":"max-image-preview:large","max-video-preview":"max-video-preview:-1"},"canonical":"https:\/\/novice.si\/page\/kaj-vse-se-bo-letos-urejalo-v-knezjem-mestu\/","og_locale":"sl_SI","og_type":"article","og_title":"Kaj vse se bo letos urejalo v kne\u017ejem mestu? - Novice.si","og_description":"Ve\u010d kot 31 milijonov evrov bo letos v ob\u010dinskem prora\u010dunu namenjeno za izvajanje dejavnosti in projekte s podro\u010dja okolja, prostora in komunale. Celjski mestni svetniki so na zadnji seji sprejeli ob\u010dinski prora\u010dun za leto 2023. Ta predvideva 78,4 milijona evrov prihodkov in 82,5 milijona evrov odhodkov. Kot je ob tem poudaril celjski \u017eupan Matija Kova\u010d, [&hellip;]","og_url":"https:\/\/novice.si\/page\/kaj-vse-se-bo-letos-urejalo-v-knezjem-mestu\/","og_site_name":"Novice.si","article_published_time":"2023-04-08T07:56:32+00:00","og_image":[{"width":1100,"height":619,"url":"https:\/\/novice.si\/page\/wp-content\/uploads\/2023\/04\/celje-2020.jpg","type":"image\/jpeg"}],"author":"Uredni\u0161tvo Celjana","twitter_card":"summary_large_image","twitter_misc":{"Written by":"Uredni\u0161tvo Celjana","Est. reading time":"1 minuta"},"schema":{"@context":"https:\/\/schema.org","@graph":[{"@type":"Article","@id":"https:\/\/novice.si\/page\/kaj-vse-se-bo-letos-urejalo-v-knezjem-mestu\/#article","isPartOf":{"@id":"https:\/\/novice.si\/page\/kaj-vse-se-bo-letos-urejalo-v-knezjem-mestu\/"},"author":{"name":"Uredni\u0161tvo Celjana","@id":"https:\/\/novice.si\/page\/#\/schema\/person\/a49f233ef2777ec7b2e8d0662325bb48"},"headline":"Kaj vse se bo letos urejalo v kne\u017ejem mestu?","datePublished":"2023-04-08T07:56:32+00:00","mainEntityOfPage":{"@id":"https:\/\/novice.si\/page\/kaj-vse-se-bo-letos-urejalo-v-knezjem-mestu\/"},"wordCount":105,"publisher":{"@id":"https:\/\/novice.si\/page\/#organization"},"image":{"@id":"https:\/\/novice.si\/page\/kaj-vse-se-bo-letos-urejalo-v-knezjem-mestu\/#primaryimage"},"thumbnailUrl":"https:\/\/novice.si\/page\/wp-content\/uploads\/2023\/04\/celje-2020.jpg","articleSection":["Aktualno","Celjan","Celjsko"],"inLanguage":"sl-SI"},{"@type":"WebPage","@id":"https:\/\/novice.si\/page\/kaj-vse-se-bo-letos-urejalo-v-knezjem-mestu\/","url":"https:\/\/novice.si\/page\/kaj-vse-se-bo-letos-urejalo-v-knezjem-mestu\/","name":"Kaj vse se bo letos urejalo v kne\u017ejem mestu? - Novice.si","isPartOf":{"@id":"https:\/\/novice.si\/page\/#website"},"primaryImageOfPage":{"@id":"https:\/\/novice.si\/page\/kaj-vse-se-bo-letos-urejalo-v-knezjem-mestu\/#primaryimage"},"image":{"@id":"https:\/\/novice.si\/page\/kaj-vse-se-bo-letos-urejalo-v-knezjem-mestu\/#primaryimage"},"thumbnailUrl":"https:\/\/novice.si\/page\/wp-content\/uploads\/2023\/04\/celje-2020.jpg","datePublished":"2023-04-08T07:56:32+00:00","breadcrumb":{"@id":"https:\/\/novice.si\/page\/kaj-vse-se-bo-letos-urejalo-v-knezjem-mestu\/#breadcrumb"},"inLanguage":"sl-SI","potentialAction":[{"@type":"ReadAction","target":["https:\/\/novice.si\/page\/kaj-vse-se-bo-letos-urejalo-v-knezjem-mestu\/"]}]},{"@type":"ImageObject","inLanguage":"sl-SI","@id":"https:\/\/novice.si\/page\/kaj-vse-se-bo-letos-urejalo-v-knezjem-mestu\/#primaryimage","url":"https:\/\/novice.si\/page\/wp-content\/uploads\/2023\/04\/celje-2020.jpg","contentUrl":"https:\/\/novice.si\/page\/wp-content\/uploads\/2023\/04\/celje-2020.jpg","width":1100,"height":619,"caption":"Celje"},{"@type":"BreadcrumbList","@id":"https:\/\/novice.si\/page\/kaj-vse-se-bo-letos-urejalo-v-knezjem-mestu\/#breadcrumb","itemListElement":[{"@type":"ListItem","position":1,"name":"Home","item":"https:\/\/novice.si\/page\/"},{"@type":"ListItem","position":2,"name":"Kaj vse se bo letos urejalo v kne\u017ejem mestu?"}]},{"@type":"WebSite","@id":"https:\/\/novice.si\/page\/#website","url":"https:\/\/novice.si\/page\/","name":"Novice.si","description":"","publisher":{"@id":"https:\/\/novice.si\/page\/#organization"},"potentialAction":[{"@type":"SearchAction","target":{"@type":"EntryPoint","urlTemplate":"https:\/\/novice.si\/page\/?s={search_term_string}"},"query-input":{"@type":"PropertyValueSpecification","valueRequired":true,"valueName":"search_term_string"}}],"inLanguage":"sl-SI"},{"@type":"Organization","@id":"https:\/\/novice.si\/page\/#organization","name":"Novice.si","url":"https:\/\/novice.si\/page\/","logo":{"@type":"ImageObject","inLanguage":"sl-SI","@id":"https:\/\/novice.si\/page\/#\/schema\/logo\/image\/","url":"https:\/\/novice.si\/page\/wp-content\/uploads\/2023\/03\/novice_si.png","contentUrl":"https:\/\/novice.si\/page\/wp-content\/uploads\/2023\/03\/novice_si.png","width":576,"height":200,"caption":"Novice.si"},"image":{"@id":"https:\/\/novice.si\/page\/#\/schema\/logo\/image\/"}},{"@type":"Person","@id":"https:\/\/novice.si\/page\/#\/schema\/person\/a49f233ef2777ec7b2e8d0662325bb48","name":"Uredni\u0161tvo Celjana","image":{"@type":"ImageObject","inLanguage":"sl-SI","@id":"https:\/\/secure.gravatar.com\/avatar\/7f7863e616af8f92806c638dd1db3f1a238d83d1cc2ec3100afc06fbb7eb303f?s=96&d=mm&r=g","url":"https:\/\/secure.gravatar.com\/avatar\/7f7863e616af8f92806c638dd1db3f1a238d83d1cc2ec3100afc06fbb7eb303f?s=96&d=mm&r=g","contentUrl":"https:\/\/secure.gravatar.com\/avatar\/7f7863e616af8f92806c638dd1db3f1a238d83d1cc2ec3100afc06fbb7eb303f?s=96&d=mm&r=g","caption":"Uredni\u0161tvo Celjana"},"url":"https:\/\/novice.si\/page\/author\/maja\/"}]}},"_links":{"self":[{"href":"https:\/\/novice.si\/page\/wp-json\/wp\/v2\/posts\/161636","targetHints":{"allow":["GET"]}}],"collection":[{"href":"https:\/\/novice.si\/page\/wp-json\/wp\/v2\/posts"}],"about":[{"href":"https:\/\/novice.si\/page\/wp-json\/wp\/v2\/types\/post"}],"author":[{"embeddable":true,"href":"https:\/\/novice.si\/page\/wp-json\/wp\/v2\/users\/55"}],"replies":[{"embeddable":true,"href":"https:\/\/novice.si\/page\/wp-json\/wp\/v2\/comments?post=161636"}],"version-history":[{"count":1,"href":"https:\/\/novice.si\/page\/wp-json\/wp\/v2\/posts\/161636\/revisions"}],"predecessor-version":[{"id":161638,"href":"https:\/\/novice.si\/page\/wp-json\/wp\/v2\/posts\/161636\/revisions\/161638"}],"wp:featuredmedia":[{"embeddable":true,"href":"https:\/\/novice.si\/page\/wp-json\/wp\/v2\/media\/161637"}],"wp:attachment":[{"href":"https:\/\/novice.si\/page\/wp-json\/wp\/v2\/media?parent=161636"}],"wp:term":[{"taxonomy":"category","embeddable":true,"href":"https:\/\/novice.si\/page\/wp-json\/wp\/v2\/categories?post=161636"},{"taxonomy":"post_tag","embeddable":true,"href":"https:\/\/novice.si\/page\/wp-json\/wp\/v2\/tags?post=161636"}],"curies":[{"name":"wp","href":"https:\/\/api.w.org\/{rel}","templated":true}]}}