{"id":161517,"date":"2023-03-31T23:01:07","date_gmt":"2023-03-31T21:01:07","guid":{"rendered":"https:\/\/novice.si\/page\/?p=161517"},"modified":"2023-04-01T22:06:46","modified_gmt":"2023-04-01T20:06:46","slug":"celjski-rokometasi-naredili-velik-korak-proti-26-drzavnemu-naslovu","status":"publish","type":"post","link":"https:\/\/novice.si\/page\/celjski-rokometasi-naredili-velik-korak-proti-26-drzavnemu-naslovu\/","title":{"rendered":"Celjski rokometa\u0161i naredili velik korak proti 26. dr\u017eavnemu naslovu"},"content":{"rendered":"<p><img loading=\"lazy\" decoding=\"async\" class=\"alignnone size-medium wp-image-161518\" src=\"https:\/\/novice.si\/page\/wp-content\/uploads\/2023\/04\/rokomet-celje-1-foto-Slavko-Kolar-RK-CPL-600x496.jpg\" alt=\"\" width=\"600\" height=\"496\" srcset=\"https:\/\/novice.si\/page\/wp-content\/uploads\/2023\/04\/rokomet-celje-1-foto-Slavko-Kolar-RK-CPL-600x496.jpg 600w, https:\/\/novice.si\/page\/wp-content\/uploads\/2023\/04\/rokomet-celje-1-foto-Slavko-Kolar-RK-CPL-1024x847.jpg 1024w, https:\/\/novice.si\/page\/wp-content\/uploads\/2023\/04\/rokomet-celje-1-foto-Slavko-Kolar-RK-CPL-768x635.jpg 768w, https:\/\/novice.si\/page\/wp-content\/uploads\/2023\/04\/rokomet-celje-1-foto-Slavko-Kolar-RK-CPL-696x575.jpg 696w, https:\/\/novice.si\/page\/wp-content\/uploads\/2023\/04\/rokomet-celje-1-foto-Slavko-Kolar-RK-CPL-1068x883.jpg 1068w, https:\/\/novice.si\/page\/wp-content\/uploads\/2023\/04\/rokomet-celje-1-foto-Slavko-Kolar-RK-CPL-508x420.jpg 508w, https:\/\/novice.si\/page\/wp-content\/uploads\/2023\/04\/rokomet-celje-1-foto-Slavko-Kolar-RK-CPL-24x20.jpg 24w, https:\/\/novice.si\/page\/wp-content\/uploads\/2023\/04\/rokomet-celje-1-foto-Slavko-Kolar-RK-CPL-36x30.jpg 36w, https:\/\/novice.si\/page\/wp-content\/uploads\/2023\/04\/rokomet-celje-1-foto-Slavko-Kolar-RK-CPL-48x40.jpg 48w, https:\/\/novice.si\/page\/wp-content\/uploads\/2023\/04\/rokomet-celje-1-foto-Slavko-Kolar-RK-CPL.jpg 1500w\" sizes=\"auto, (max-width: 600px) 100vw, 600px\" \/><br \/>\nV Rokometnem klubu Celje Pivovarna La\u0161ko so ob koncu lanskega poletja poudarili, da bo s tekmovalnega vidika njihov najpomembnej\u0161i cilj v sezoni 2022\/2023 vnovi\u010dna osvojitev naslova dr\u017eavnih prvakov. Temu dose\u017eku so pivovarji zelo blizu, \u0161e posebej po dana\u0161nji zmagi, ko so na &#8216;tekmi leta&#8217;, kot so jo napovedovali v klubu, ugnali Trimo Trebnje.<br \/>\nRokometni spektakel pred ve\u010d kot 4.400 gledalci v dvorani Zlatorog je bil od prve do zadnje minute izjemno izena\u010den in negotov. Na koncu je bil izid 30:27.<br \/>\nBranilci dr\u017eavnega naslova iz Celja imajo po devetnajsti zmagi v sezoni pred drugouvr\u0161enimi Trebanjci \u0161tiri to\u010dke prednosti, medtem ko tretjeuvr\u0161\u010deni Velenj\u010dani \u2013 ob dveh tekmah manj \u2013 zaostajajo sedem to\u010dk. Celjska ekipa, ki lovi \u017ee 26. naslov dr\u017eavnih prvakov, ima v zadnjem delu dr\u017eavnega prvenstva tudi ugodnej\u0161i razpored od Trima. (Jure Mernik)<br \/>\nFoto: Slavko Kolar \/ RK Celje Pivovarna La\u0161ko<\/p>\n","protected":false},"excerpt":{"rendered":"<p>V Rokometnem klubu Celje Pivovarna La\u0161ko so ob koncu lanskega poletja poudarili, da bo s tekmovalnega vidika njihov najpomembnej\u0161i cilj v sezoni 2022\/2023 vnovi\u010dna osvojitev naslova dr\u017eavnih prvakov. Temu dose\u017eku so pivovarji zelo blizu, \u0161e posebej po dana\u0161nji zmagi, ko so na &#8216;tekmi leta&#8217;, kot so jo napovedovali v klubu, ugnali Trimo Trebnje. Rokometni spektakel [&hellip;]<\/p>\n","protected":false},"author":7,"featured_media":161518,"comment_status":"closed","ping_status":"closed","sticky":false,"template":"","format":"standard","meta":{"footnotes":""},"categories":[14,17,68],"tags":[15982,5009],"class_list":{"0":"post-161517","1":"post","2":"type-post","3":"status-publish","4":"format-standard","5":"has-post-thumbnail","7":"category-aktualno","8":"category-celjsko","9":"category-sport","10":"tag-liga-nlb","11":"tag-rk-celje-pivovarna-lasko"},"yoast_head":"<!-- This site is optimized with the Yoast SEO plugin v27.4 - https:\/\/yoast.com\/product\/yoast-seo-wordpress\/ -->\n<title>Celjski rokometa\u0161i naredili velik korak proti 26. dr\u017eavnemu naslovu - Novice.si<\/title>\n<meta name=\"robots\" content=\"index, follow, max-snippet:-1, max-image-preview:large, max-video-preview:-1\" \/>\n<link rel=\"canonical\" href=\"https:\/\/novice.si\/page\/celjski-rokometasi-naredili-velik-korak-proti-26-drzavnemu-naslovu\/\" \/>\n<meta property=\"og:locale\" content=\"sl_SI\" \/>\n<meta property=\"og:type\" content=\"article\" \/>\n<meta property=\"og:title\" content=\"Celjski rokometa\u0161i naredili velik korak proti 26. dr\u017eavnemu naslovu - Novice.si\" \/>\n<meta property=\"og:description\" content=\"V Rokometnem klubu Celje Pivovarna La\u0161ko so ob koncu lanskega poletja poudarili, da bo s tekmovalnega vidika njihov najpomembnej\u0161i cilj v sezoni 2022\/2023 vnovi\u010dna osvojitev naslova dr\u017eavnih prvakov. Temu dose\u017eku so pivovarji zelo blizu, \u0161e posebej po dana\u0161nji zmagi, ko so na &#8216;tekmi leta&#8217;, kot so jo napovedovali v klubu, ugnali Trimo Trebnje. Rokometni spektakel [&hellip;]\" \/>\n<meta property=\"og:url\" content=\"https:\/\/novice.si\/page\/celjski-rokometasi-naredili-velik-korak-proti-26-drzavnemu-naslovu\/\" \/>\n<meta property=\"og:site_name\" content=\"Novice.si\" \/>\n<meta property=\"article:published_time\" content=\"2023-03-31T21:01:07+00:00\" \/>\n<meta property=\"article:modified_time\" content=\"2023-04-01T20:06:46+00:00\" \/>\n<meta property=\"og:image\" content=\"https:\/\/novice.si\/page\/wp-content\/uploads\/2023\/04\/rokomet-celje-1-foto-Slavko-Kolar-RK-CPL.jpg\" \/>\n\t<meta property=\"og:image:width\" content=\"1500\" \/>\n\t<meta property=\"og:image:height\" content=\"1240\" \/>\n\t<meta property=\"og:image:type\" content=\"image\/jpeg\" \/>\n<meta name=\"author\" content=\"Uredni\u0161tvo Novic\" \/>\n<meta name=\"twitter:card\" content=\"summary_large_image\" \/>\n<meta name=\"twitter:label1\" content=\"Written by\" \/>\n\t<meta name=\"twitter:data1\" content=\"Uredni\u0161tvo Novic\" \/>\n\t<meta name=\"twitter:label2\" content=\"Est. reading time\" \/>\n\t<meta name=\"twitter:data2\" content=\"1 minuta\" \/>\n<script type=\"application\/ld+json\" class=\"yoast-schema-graph\">{\"@context\":\"https:\\\/\\\/schema.org\",\"@graph\":[{\"@type\":\"Article\",\"@id\":\"https:\\\/\\\/novice.si\\\/page\\\/celjski-rokometasi-naredili-velik-korak-proti-26-drzavnemu-naslovu\\\/#article\",\"isPartOf\":{\"@id\":\"https:\\\/\\\/novice.si\\\/page\\\/celjski-rokometasi-naredili-velik-korak-proti-26-drzavnemu-naslovu\\\/\"},\"author\":{\"name\":\"Uredni\u0161tvo Novic\",\"@id\":\"https:\\\/\\\/novice.si\\\/page\\\/#\\\/schema\\\/person\\\/a877dbb8680d441357ce27663beb35ca\"},\"headline\":\"Celjski rokometa\u0161i naredili velik korak proti 26. dr\u017eavnemu naslovu\",\"datePublished\":\"2023-03-31T21:01:07+00:00\",\"dateModified\":\"2023-04-01T20:06:46+00:00\",\"mainEntityOfPage\":{\"@id\":\"https:\\\/\\\/novice.si\\\/page\\\/celjski-rokometasi-naredili-velik-korak-proti-26-drzavnemu-naslovu\\\/\"},\"wordCount\":160,\"publisher\":{\"@id\":\"https:\\\/\\\/novice.si\\\/page\\\/#organization\"},\"image\":{\"@id\":\"https:\\\/\\\/novice.si\\\/page\\\/celjski-rokometasi-naredili-velik-korak-proti-26-drzavnemu-naslovu\\\/#primaryimage\"},\"thumbnailUrl\":\"https:\\\/\\\/novice.si\\\/page\\\/wp-content\\\/uploads\\\/2023\\\/04\\\/rokomet-celje-1-foto-Slavko-Kolar-RK-CPL.jpg\",\"keywords\":[\"Liga NLB\",\"RK Celje Pivovarna La\u0161ko\"],\"articleSection\":[\"Aktualno\",\"Celjsko\",\"\u0160port\"],\"inLanguage\":\"sl-SI\"},{\"@type\":\"WebPage\",\"@id\":\"https:\\\/\\\/novice.si\\\/page\\\/celjski-rokometasi-naredili-velik-korak-proti-26-drzavnemu-naslovu\\\/\",\"url\":\"https:\\\/\\\/novice.si\\\/page\\\/celjski-rokometasi-naredili-velik-korak-proti-26-drzavnemu-naslovu\\\/\",\"name\":\"Celjski rokometa\u0161i naredili velik korak proti 26. dr\u017eavnemu naslovu - Novice.si\",\"isPartOf\":{\"@id\":\"https:\\\/\\\/novice.si\\\/page\\\/#website\"},\"primaryImageOfPage\":{\"@id\":\"https:\\\/\\\/novice.si\\\/page\\\/celjski-rokometasi-naredili-velik-korak-proti-26-drzavnemu-naslovu\\\/#primaryimage\"},\"image\":{\"@id\":\"https:\\\/\\\/novice.si\\\/page\\\/celjski-rokometasi-naredili-velik-korak-proti-26-drzavnemu-naslovu\\\/#primaryimage\"},\"thumbnailUrl\":\"https:\\\/\\\/novice.si\\\/page\\\/wp-content\\\/uploads\\\/2023\\\/04\\\/rokomet-celje-1-foto-Slavko-Kolar-RK-CPL.jpg\",\"datePublished\":\"2023-03-31T21:01:07+00:00\",\"dateModified\":\"2023-04-01T20:06:46+00:00\",\"breadcrumb\":{\"@id\":\"https:\\\/\\\/novice.si\\\/page\\\/celjski-rokometasi-naredili-velik-korak-proti-26-drzavnemu-naslovu\\\/#breadcrumb\"},\"inLanguage\":\"sl-SI\",\"potentialAction\":[{\"@type\":\"ReadAction\",\"target\":[\"https:\\\/\\\/novice.si\\\/page\\\/celjski-rokometasi-naredili-velik-korak-proti-26-drzavnemu-naslovu\\\/\"]}]},{\"@type\":\"ImageObject\",\"inLanguage\":\"sl-SI\",\"@id\":\"https:\\\/\\\/novice.si\\\/page\\\/celjski-rokometasi-naredili-velik-korak-proti-26-drzavnemu-naslovu\\\/#primaryimage\",\"url\":\"https:\\\/\\\/novice.si\\\/page\\\/wp-content\\\/uploads\\\/2023\\\/04\\\/rokomet-celje-1-foto-Slavko-Kolar-RK-CPL.jpg\",\"contentUrl\":\"https:\\\/\\\/novice.si\\\/page\\\/wp-content\\\/uploads\\\/2023\\\/04\\\/rokomet-celje-1-foto-Slavko-Kolar-RK-CPL.jpg\",\"width\":1500,\"height\":1240},{\"@type\":\"BreadcrumbList\",\"@id\":\"https:\\\/\\\/novice.si\\\/page\\\/celjski-rokometasi-naredili-velik-korak-proti-26-drzavnemu-naslovu\\\/#breadcrumb\",\"itemListElement\":[{\"@type\":\"ListItem\",\"position\":1,\"name\":\"Home\",\"item\":\"https:\\\/\\\/novice.si\\\/page\\\/\"},{\"@type\":\"ListItem\",\"position\":2,\"name\":\"Celjski rokometa\u0161i naredili velik korak proti 26. dr\u017eavnemu naslovu\"}]},{\"@type\":\"WebSite\",\"@id\":\"https:\\\/\\\/novice.si\\\/page\\\/#website\",\"url\":\"https:\\\/\\\/novice.si\\\/page\\\/\",\"name\":\"Novice.si\",\"description\":\"\",\"publisher\":{\"@id\":\"https:\\\/\\\/novice.si\\\/page\\\/#organization\"},\"potentialAction\":[{\"@type\":\"SearchAction\",\"target\":{\"@type\":\"EntryPoint\",\"urlTemplate\":\"https:\\\/\\\/novice.si\\\/page\\\/?s={search_term_string}\"},\"query-input\":{\"@type\":\"PropertyValueSpecification\",\"valueRequired\":true,\"valueName\":\"search_term_string\"}}],\"inLanguage\":\"sl-SI\"},{\"@type\":\"Organization\",\"@id\":\"https:\\\/\\\/novice.si\\\/page\\\/#organization\",\"name\":\"Novice.si\",\"url\":\"https:\\\/\\\/novice.si\\\/page\\\/\",\"logo\":{\"@type\":\"ImageObject\",\"inLanguage\":\"sl-SI\",\"@id\":\"https:\\\/\\\/novice.si\\\/page\\\/#\\\/schema\\\/logo\\\/image\\\/\",\"url\":\"https:\\\/\\\/novice.si\\\/page\\\/wp-content\\\/uploads\\\/2023\\\/03\\\/novice_si.png\",\"contentUrl\":\"https:\\\/\\\/novice.si\\\/page\\\/wp-content\\\/uploads\\\/2023\\\/03\\\/novice_si.png\",\"width\":576,\"height\":200,\"caption\":\"Novice.si\"},\"image\":{\"@id\":\"https:\\\/\\\/novice.si\\\/page\\\/#\\\/schema\\\/logo\\\/image\\\/\"}},{\"@type\":\"Person\",\"@id\":\"https:\\\/\\\/novice.si\\\/page\\\/#\\\/schema\\\/person\\\/a877dbb8680d441357ce27663beb35ca\",\"name\":\"Uredni\u0161tvo Novic\",\"image\":{\"@type\":\"ImageObject\",\"inLanguage\":\"sl-SI\",\"@id\":\"https:\\\/\\\/secure.gravatar.com\\\/avatar\\\/f19c0ae874706cc9ba19d2f6da5f74a5a5ee7674f283fed29ce0ad16a9f1893e?s=96&d=mm&r=g\",\"url\":\"https:\\\/\\\/secure.gravatar.com\\\/avatar\\\/f19c0ae874706cc9ba19d2f6da5f74a5a5ee7674f283fed29ce0ad16a9f1893e?s=96&d=mm&r=g\",\"contentUrl\":\"https:\\\/\\\/secure.gravatar.com\\\/avatar\\\/f19c0ae874706cc9ba19d2f6da5f74a5a5ee7674f283fed29ce0ad16a9f1893e?s=96&d=mm&r=g\",\"caption\":\"Uredni\u0161tvo Novic\"},\"url\":\"https:\\\/\\\/novice.si\\\/page\\\/author\\\/jure\\\/\"}]}<\/script>\n<!-- \/ Yoast SEO plugin. -->","yoast_head_json":{"title":"Celjski rokometa\u0161i naredili velik korak proti 26. dr\u017eavnemu naslovu - Novice.si","robots":{"index":"index","follow":"follow","max-snippet":"max-snippet:-1","max-image-preview":"max-image-preview:large","max-video-preview":"max-video-preview:-1"},"canonical":"https:\/\/novice.si\/page\/celjski-rokometasi-naredili-velik-korak-proti-26-drzavnemu-naslovu\/","og_locale":"sl_SI","og_type":"article","og_title":"Celjski rokometa\u0161i naredili velik korak proti 26. dr\u017eavnemu naslovu - Novice.si","og_description":"V Rokometnem klubu Celje Pivovarna La\u0161ko so ob koncu lanskega poletja poudarili, da bo s tekmovalnega vidika njihov najpomembnej\u0161i cilj v sezoni 2022\/2023 vnovi\u010dna osvojitev naslova dr\u017eavnih prvakov. Temu dose\u017eku so pivovarji zelo blizu, \u0161e posebej po dana\u0161nji zmagi, ko so na &#8216;tekmi leta&#8217;, kot so jo napovedovali v klubu, ugnali Trimo Trebnje. Rokometni spektakel [&hellip;]","og_url":"https:\/\/novice.si\/page\/celjski-rokometasi-naredili-velik-korak-proti-26-drzavnemu-naslovu\/","og_site_name":"Novice.si","article_published_time":"2023-03-31T21:01:07+00:00","article_modified_time":"2023-04-01T20:06:46+00:00","og_image":[{"width":1500,"height":1240,"url":"https:\/\/novice.si\/page\/wp-content\/uploads\/2023\/04\/rokomet-celje-1-foto-Slavko-Kolar-RK-CPL.jpg","type":"image\/jpeg"}],"author":"Uredni\u0161tvo Novic","twitter_card":"summary_large_image","twitter_misc":{"Written by":"Uredni\u0161tvo Novic","Est. reading time":"1 minuta"},"schema":{"@context":"https:\/\/schema.org","@graph":[{"@type":"Article","@id":"https:\/\/novice.si\/page\/celjski-rokometasi-naredili-velik-korak-proti-26-drzavnemu-naslovu\/#article","isPartOf":{"@id":"https:\/\/novice.si\/page\/celjski-rokometasi-naredili-velik-korak-proti-26-drzavnemu-naslovu\/"},"author":{"name":"Uredni\u0161tvo Novic","@id":"https:\/\/novice.si\/page\/#\/schema\/person\/a877dbb8680d441357ce27663beb35ca"},"headline":"Celjski rokometa\u0161i naredili velik korak proti 26. dr\u017eavnemu naslovu","datePublished":"2023-03-31T21:01:07+00:00","dateModified":"2023-04-01T20:06:46+00:00","mainEntityOfPage":{"@id":"https:\/\/novice.si\/page\/celjski-rokometasi-naredili-velik-korak-proti-26-drzavnemu-naslovu\/"},"wordCount":160,"publisher":{"@id":"https:\/\/novice.si\/page\/#organization"},"image":{"@id":"https:\/\/novice.si\/page\/celjski-rokometasi-naredili-velik-korak-proti-26-drzavnemu-naslovu\/#primaryimage"},"thumbnailUrl":"https:\/\/novice.si\/page\/wp-content\/uploads\/2023\/04\/rokomet-celje-1-foto-Slavko-Kolar-RK-CPL.jpg","keywords":["Liga NLB","RK Celje Pivovarna La\u0161ko"],"articleSection":["Aktualno","Celjsko","\u0160port"],"inLanguage":"sl-SI"},{"@type":"WebPage","@id":"https:\/\/novice.si\/page\/celjski-rokometasi-naredili-velik-korak-proti-26-drzavnemu-naslovu\/","url":"https:\/\/novice.si\/page\/celjski-rokometasi-naredili-velik-korak-proti-26-drzavnemu-naslovu\/","name":"Celjski rokometa\u0161i naredili velik korak proti 26. dr\u017eavnemu naslovu - Novice.si","isPartOf":{"@id":"https:\/\/novice.si\/page\/#website"},"primaryImageOfPage":{"@id":"https:\/\/novice.si\/page\/celjski-rokometasi-naredili-velik-korak-proti-26-drzavnemu-naslovu\/#primaryimage"},"image":{"@id":"https:\/\/novice.si\/page\/celjski-rokometasi-naredili-velik-korak-proti-26-drzavnemu-naslovu\/#primaryimage"},"thumbnailUrl":"https:\/\/novice.si\/page\/wp-content\/uploads\/2023\/04\/rokomet-celje-1-foto-Slavko-Kolar-RK-CPL.jpg","datePublished":"2023-03-31T21:01:07+00:00","dateModified":"2023-04-01T20:06:46+00:00","breadcrumb":{"@id":"https:\/\/novice.si\/page\/celjski-rokometasi-naredili-velik-korak-proti-26-drzavnemu-naslovu\/#breadcrumb"},"inLanguage":"sl-SI","potentialAction":[{"@type":"ReadAction","target":["https:\/\/novice.si\/page\/celjski-rokometasi-naredili-velik-korak-proti-26-drzavnemu-naslovu\/"]}]},{"@type":"ImageObject","inLanguage":"sl-SI","@id":"https:\/\/novice.si\/page\/celjski-rokometasi-naredili-velik-korak-proti-26-drzavnemu-naslovu\/#primaryimage","url":"https:\/\/novice.si\/page\/wp-content\/uploads\/2023\/04\/rokomet-celje-1-foto-Slavko-Kolar-RK-CPL.jpg","contentUrl":"https:\/\/novice.si\/page\/wp-content\/uploads\/2023\/04\/rokomet-celje-1-foto-Slavko-Kolar-RK-CPL.jpg","width":1500,"height":1240},{"@type":"BreadcrumbList","@id":"https:\/\/novice.si\/page\/celjski-rokometasi-naredili-velik-korak-proti-26-drzavnemu-naslovu\/#breadcrumb","itemListElement":[{"@type":"ListItem","position":1,"name":"Home","item":"https:\/\/novice.si\/page\/"},{"@type":"ListItem","position":2,"name":"Celjski rokometa\u0161i naredili velik korak proti 26. dr\u017eavnemu naslovu"}]},{"@type":"WebSite","@id":"https:\/\/novice.si\/page\/#website","url":"https:\/\/novice.si\/page\/","name":"Novice.si","description":"","publisher":{"@id":"https:\/\/novice.si\/page\/#organization"},"potentialAction":[{"@type":"SearchAction","target":{"@type":"EntryPoint","urlTemplate":"https:\/\/novice.si\/page\/?s={search_term_string}"},"query-input":{"@type":"PropertyValueSpecification","valueRequired":true,"valueName":"search_term_string"}}],"inLanguage":"sl-SI"},{"@type":"Organization","@id":"https:\/\/novice.si\/page\/#organization","name":"Novice.si","url":"https:\/\/novice.si\/page\/","logo":{"@type":"ImageObject","inLanguage":"sl-SI","@id":"https:\/\/novice.si\/page\/#\/schema\/logo\/image\/","url":"https:\/\/novice.si\/page\/wp-content\/uploads\/2023\/03\/novice_si.png","contentUrl":"https:\/\/novice.si\/page\/wp-content\/uploads\/2023\/03\/novice_si.png","width":576,"height":200,"caption":"Novice.si"},"image":{"@id":"https:\/\/novice.si\/page\/#\/schema\/logo\/image\/"}},{"@type":"Person","@id":"https:\/\/novice.si\/page\/#\/schema\/person\/a877dbb8680d441357ce27663beb35ca","name":"Uredni\u0161tvo Novic","image":{"@type":"ImageObject","inLanguage":"sl-SI","@id":"https:\/\/secure.gravatar.com\/avatar\/f19c0ae874706cc9ba19d2f6da5f74a5a5ee7674f283fed29ce0ad16a9f1893e?s=96&d=mm&r=g","url":"https:\/\/secure.gravatar.com\/avatar\/f19c0ae874706cc9ba19d2f6da5f74a5a5ee7674f283fed29ce0ad16a9f1893e?s=96&d=mm&r=g","contentUrl":"https:\/\/secure.gravatar.com\/avatar\/f19c0ae874706cc9ba19d2f6da5f74a5a5ee7674f283fed29ce0ad16a9f1893e?s=96&d=mm&r=g","caption":"Uredni\u0161tvo Novic"},"url":"https:\/\/novice.si\/page\/author\/jure\/"}]}},"_links":{"self":[{"href":"https:\/\/novice.si\/page\/wp-json\/wp\/v2\/posts\/161517","targetHints":{"allow":["GET"]}}],"collection":[{"href":"https:\/\/novice.si\/page\/wp-json\/wp\/v2\/posts"}],"about":[{"href":"https:\/\/novice.si\/page\/wp-json\/wp\/v2\/types\/post"}],"author":[{"embeddable":true,"href":"https:\/\/novice.si\/page\/wp-json\/wp\/v2\/users\/7"}],"replies":[{"embeddable":true,"href":"https:\/\/novice.si\/page\/wp-json\/wp\/v2\/comments?post=161517"}],"version-history":[{"count":1,"href":"https:\/\/novice.si\/page\/wp-json\/wp\/v2\/posts\/161517\/revisions"}],"predecessor-version":[{"id":161519,"href":"https:\/\/novice.si\/page\/wp-json\/wp\/v2\/posts\/161517\/revisions\/161519"}],"wp:featuredmedia":[{"embeddable":true,"href":"https:\/\/novice.si\/page\/wp-json\/wp\/v2\/media\/161518"}],"wp:attachment":[{"href":"https:\/\/novice.si\/page\/wp-json\/wp\/v2\/media?parent=161517"}],"wp:term":[{"taxonomy":"category","embeddable":true,"href":"https:\/\/novice.si\/page\/wp-json\/wp\/v2\/categories?post=161517"},{"taxonomy":"post_tag","embeddable":true,"href":"https:\/\/novice.si\/page\/wp-json\/wp\/v2\/tags?post=161517"}],"curies":[{"name":"wp","href":"https:\/\/api.w.org\/{rel}","templated":true}]}}