{"id":161482,"date":"2023-03-31T10:46:59","date_gmt":"2023-03-31T08:46:59","guid":{"rendered":"https:\/\/novice.si\/page\/?p=161482"},"modified":"2023-03-31T10:46:59","modified_gmt":"2023-03-31T08:46:59","slug":"konjican-jan-bombek-letos-brez-poletov","status":"publish","type":"post","link":"https:\/\/novice.si\/page\/konjican-jan-bombek-letos-brez-poletov\/","title":{"rendered":"Konji\u010dan Jan Bombek letos brez poletov"},"content":{"rendered":"<p><img loading=\"lazy\" decoding=\"async\" class=\"alignnone size-medium wp-image-161484\" src=\"https:\/\/novice.si\/page\/wp-content\/uploads\/2023\/03\/bombek-jan-2-600x373.jpg\" alt=\"\" width=\"600\" height=\"373\" srcset=\"https:\/\/novice.si\/page\/wp-content\/uploads\/2023\/03\/bombek-jan-2-600x373.jpg 600w, https:\/\/novice.si\/page\/wp-content\/uploads\/2023\/03\/bombek-jan-2-768x477.jpg 768w, https:\/\/novice.si\/page\/wp-content\/uploads\/2023\/03\/bombek-jan-2-356x220.jpg 356w, https:\/\/novice.si\/page\/wp-content\/uploads\/2023\/03\/bombek-jan-2-696x432.jpg 696w, https:\/\/novice.si\/page\/wp-content\/uploads\/2023\/03\/bombek-jan-2-676x420.jpg 676w, https:\/\/novice.si\/page\/wp-content\/uploads\/2023\/03\/bombek-jan-2-24x15.jpg 24w, https:\/\/novice.si\/page\/wp-content\/uploads\/2023\/03\/bombek-jan-2-36x22.jpg 36w, https:\/\/novice.si\/page\/wp-content\/uploads\/2023\/03\/bombek-jan-2-48x30.jpg 48w, https:\/\/novice.si\/page\/wp-content\/uploads\/2023\/03\/bombek-jan-2.jpg 977w\" sizes=\"auto, (max-width: 600px) 100vw, 600px\" \/><br \/>\nLetos je smu\u010darski skakalec <strong>Jan Bombek<\/strong> sezono kon\u010dal nekoliko prej kot lani, ko je letel na finalu svetovnega pokala v Planici. Sprva je sicer mislil, da bo ta teden dobil prilo\u017enost kot predskakalec, a so se odgovorni odlo\u010dili druga\u010de.<br \/>\nJe pa Konji\u010dan prav v Planici nastopil na zadnji tekmi v tej zimi. Na preizku\u0161nji doma\u010dega Pokala Argeta je pred kratkim zasedel drugo mesto. <em>&#8220;Po Planici bomo imeli tri tedne premora, potem pa za\u010dnemo s pripravami na novo sezono,&#8221;<\/em> je za lokalni \u010dasopis NOVICE povedal Bombek, ki nekoliko slab\u0161o sezono pripisuje temu, da so spremenili tehniko njegovega skakanja: &#8220;Sprva se nisem najbolje zna\u0161el, ampak zdaj proti koncu zime je \u017ee bilo bolj\u0161e. Verjamem, da bom \u017ee poletji znova uspe\u0161nej\u0161i.&#8221; (Jure Mernik)<\/p>\n","protected":false},"excerpt":{"rendered":"<p>Letos je smu\u010darski skakalec Jan Bombek sezono kon\u010dal nekoliko prej kot lani, ko je letel na finalu svetovnega pokala v Planici. Sprva je sicer mislil, da bo ta teden dobil prilo\u017enost kot predskakalec, a so se odgovorni odlo\u010dili druga\u010de. Je pa Konji\u010dan prav v Planici nastopil na zadnji tekmi v tej zimi. Na preizku\u0161nji doma\u010dega [&hellip;]<\/p>\n","protected":false},"author":7,"featured_media":161484,"comment_status":"closed","ping_status":"closed","sticky":false,"template":"","format":"standard","meta":{"footnotes":""},"categories":[14,16,68],"tags":[8281],"class_list":{"0":"post-161482","1":"post","2":"type-post","3":"status-publish","4":"format-standard","5":"has-post-thumbnail","7":"category-aktualno","8":"category-konjisko","9":"category-sport","10":"tag-jan-bombek"},"yoast_head":"<!-- This site is optimized with the Yoast SEO plugin v27.4 - https:\/\/yoast.com\/product\/yoast-seo-wordpress\/ -->\n<title>Konji\u010dan Jan Bombek letos brez poletov - Novice.si<\/title>\n<meta name=\"robots\" content=\"index, follow, max-snippet:-1, max-image-preview:large, max-video-preview:-1\" \/>\n<link rel=\"canonical\" href=\"https:\/\/novice.si\/page\/konjican-jan-bombek-letos-brez-poletov\/\" \/>\n<meta property=\"og:locale\" content=\"sl_SI\" \/>\n<meta property=\"og:type\" content=\"article\" \/>\n<meta property=\"og:title\" content=\"Konji\u010dan Jan Bombek letos brez poletov - Novice.si\" \/>\n<meta property=\"og:description\" content=\"Letos je smu\u010darski skakalec Jan Bombek sezono kon\u010dal nekoliko prej kot lani, ko je letel na finalu svetovnega pokala v Planici. Sprva je sicer mislil, da bo ta teden dobil prilo\u017enost kot predskakalec, a so se odgovorni odlo\u010dili druga\u010de. Je pa Konji\u010dan prav v Planici nastopil na zadnji tekmi v tej zimi. Na preizku\u0161nji doma\u010dega [&hellip;]\" \/>\n<meta property=\"og:url\" content=\"https:\/\/novice.si\/page\/konjican-jan-bombek-letos-brez-poletov\/\" \/>\n<meta property=\"og:site_name\" content=\"Novice.si\" \/>\n<meta property=\"article:published_time\" content=\"2023-03-31T08:46:59+00:00\" \/>\n<meta property=\"og:image\" content=\"https:\/\/novice.si\/page\/wp-content\/uploads\/2023\/03\/bombek-jan-2.jpg\" \/>\n\t<meta property=\"og:image:width\" content=\"977\" \/>\n\t<meta property=\"og:image:height\" content=\"607\" \/>\n\t<meta property=\"og:image:type\" content=\"image\/jpeg\" \/>\n<meta name=\"author\" content=\"Uredni\u0161tvo Novic\" \/>\n<meta name=\"twitter:card\" content=\"summary_large_image\" \/>\n<meta name=\"twitter:label1\" content=\"Written by\" \/>\n\t<meta name=\"twitter:data1\" content=\"Uredni\u0161tvo Novic\" \/>\n\t<meta name=\"twitter:label2\" content=\"Est. reading time\" \/>\n\t<meta name=\"twitter:data2\" content=\"1 minuta\" \/>\n<script type=\"application\/ld+json\" class=\"yoast-schema-graph\">{\"@context\":\"https:\\\/\\\/schema.org\",\"@graph\":[{\"@type\":\"Article\",\"@id\":\"https:\\\/\\\/novice.si\\\/page\\\/konjican-jan-bombek-letos-brez-poletov\\\/#article\",\"isPartOf\":{\"@id\":\"https:\\\/\\\/novice.si\\\/page\\\/konjican-jan-bombek-letos-brez-poletov\\\/\"},\"author\":{\"name\":\"Uredni\u0161tvo Novic\",\"@id\":\"https:\\\/\\\/novice.si\\\/page\\\/#\\\/schema\\\/person\\\/a877dbb8680d441357ce27663beb35ca\"},\"headline\":\"Konji\u010dan Jan Bombek letos brez poletov\",\"datePublished\":\"2023-03-31T08:46:59+00:00\",\"mainEntityOfPage\":{\"@id\":\"https:\\\/\\\/novice.si\\\/page\\\/konjican-jan-bombek-letos-brez-poletov\\\/\"},\"wordCount\":141,\"publisher\":{\"@id\":\"https:\\\/\\\/novice.si\\\/page\\\/#organization\"},\"image\":{\"@id\":\"https:\\\/\\\/novice.si\\\/page\\\/konjican-jan-bombek-letos-brez-poletov\\\/#primaryimage\"},\"thumbnailUrl\":\"https:\\\/\\\/novice.si\\\/page\\\/wp-content\\\/uploads\\\/2023\\\/03\\\/bombek-jan-2.jpg\",\"keywords\":[\"Jan Bombek\"],\"articleSection\":[\"Aktualno\",\"Konji\u0161ko\",\"\u0160port\"],\"inLanguage\":\"sl-SI\"},{\"@type\":\"WebPage\",\"@id\":\"https:\\\/\\\/novice.si\\\/page\\\/konjican-jan-bombek-letos-brez-poletov\\\/\",\"url\":\"https:\\\/\\\/novice.si\\\/page\\\/konjican-jan-bombek-letos-brez-poletov\\\/\",\"name\":\"Konji\u010dan Jan Bombek letos brez poletov - Novice.si\",\"isPartOf\":{\"@id\":\"https:\\\/\\\/novice.si\\\/page\\\/#website\"},\"primaryImageOfPage\":{\"@id\":\"https:\\\/\\\/novice.si\\\/page\\\/konjican-jan-bombek-letos-brez-poletov\\\/#primaryimage\"},\"image\":{\"@id\":\"https:\\\/\\\/novice.si\\\/page\\\/konjican-jan-bombek-letos-brez-poletov\\\/#primaryimage\"},\"thumbnailUrl\":\"https:\\\/\\\/novice.si\\\/page\\\/wp-content\\\/uploads\\\/2023\\\/03\\\/bombek-jan-2.jpg\",\"datePublished\":\"2023-03-31T08:46:59+00:00\",\"breadcrumb\":{\"@id\":\"https:\\\/\\\/novice.si\\\/page\\\/konjican-jan-bombek-letos-brez-poletov\\\/#breadcrumb\"},\"inLanguage\":\"sl-SI\",\"potentialAction\":[{\"@type\":\"ReadAction\",\"target\":[\"https:\\\/\\\/novice.si\\\/page\\\/konjican-jan-bombek-letos-brez-poletov\\\/\"]}]},{\"@type\":\"ImageObject\",\"inLanguage\":\"sl-SI\",\"@id\":\"https:\\\/\\\/novice.si\\\/page\\\/konjican-jan-bombek-letos-brez-poletov\\\/#primaryimage\",\"url\":\"https:\\\/\\\/novice.si\\\/page\\\/wp-content\\\/uploads\\\/2023\\\/03\\\/bombek-jan-2.jpg\",\"contentUrl\":\"https:\\\/\\\/novice.si\\\/page\\\/wp-content\\\/uploads\\\/2023\\\/03\\\/bombek-jan-2.jpg\",\"width\":977,\"height\":607},{\"@type\":\"BreadcrumbList\",\"@id\":\"https:\\\/\\\/novice.si\\\/page\\\/konjican-jan-bombek-letos-brez-poletov\\\/#breadcrumb\",\"itemListElement\":[{\"@type\":\"ListItem\",\"position\":1,\"name\":\"Home\",\"item\":\"https:\\\/\\\/novice.si\\\/page\\\/\"},{\"@type\":\"ListItem\",\"position\":2,\"name\":\"Konji\u010dan Jan Bombek letos brez poletov\"}]},{\"@type\":\"WebSite\",\"@id\":\"https:\\\/\\\/novice.si\\\/page\\\/#website\",\"url\":\"https:\\\/\\\/novice.si\\\/page\\\/\",\"name\":\"Novice.si\",\"description\":\"\",\"publisher\":{\"@id\":\"https:\\\/\\\/novice.si\\\/page\\\/#organization\"},\"potentialAction\":[{\"@type\":\"SearchAction\",\"target\":{\"@type\":\"EntryPoint\",\"urlTemplate\":\"https:\\\/\\\/novice.si\\\/page\\\/?s={search_term_string}\"},\"query-input\":{\"@type\":\"PropertyValueSpecification\",\"valueRequired\":true,\"valueName\":\"search_term_string\"}}],\"inLanguage\":\"sl-SI\"},{\"@type\":\"Organization\",\"@id\":\"https:\\\/\\\/novice.si\\\/page\\\/#organization\",\"name\":\"Novice.si\",\"url\":\"https:\\\/\\\/novice.si\\\/page\\\/\",\"logo\":{\"@type\":\"ImageObject\",\"inLanguage\":\"sl-SI\",\"@id\":\"https:\\\/\\\/novice.si\\\/page\\\/#\\\/schema\\\/logo\\\/image\\\/\",\"url\":\"https:\\\/\\\/novice.si\\\/page\\\/wp-content\\\/uploads\\\/2023\\\/03\\\/novice_si.png\",\"contentUrl\":\"https:\\\/\\\/novice.si\\\/page\\\/wp-content\\\/uploads\\\/2023\\\/03\\\/novice_si.png\",\"width\":576,\"height\":200,\"caption\":\"Novice.si\"},\"image\":{\"@id\":\"https:\\\/\\\/novice.si\\\/page\\\/#\\\/schema\\\/logo\\\/image\\\/\"}},{\"@type\":\"Person\",\"@id\":\"https:\\\/\\\/novice.si\\\/page\\\/#\\\/schema\\\/person\\\/a877dbb8680d441357ce27663beb35ca\",\"name\":\"Uredni\u0161tvo Novic\",\"image\":{\"@type\":\"ImageObject\",\"inLanguage\":\"sl-SI\",\"@id\":\"https:\\\/\\\/secure.gravatar.com\\\/avatar\\\/f19c0ae874706cc9ba19d2f6da5f74a5a5ee7674f283fed29ce0ad16a9f1893e?s=96&d=mm&r=g\",\"url\":\"https:\\\/\\\/secure.gravatar.com\\\/avatar\\\/f19c0ae874706cc9ba19d2f6da5f74a5a5ee7674f283fed29ce0ad16a9f1893e?s=96&d=mm&r=g\",\"contentUrl\":\"https:\\\/\\\/secure.gravatar.com\\\/avatar\\\/f19c0ae874706cc9ba19d2f6da5f74a5a5ee7674f283fed29ce0ad16a9f1893e?s=96&d=mm&r=g\",\"caption\":\"Uredni\u0161tvo Novic\"},\"url\":\"https:\\\/\\\/novice.si\\\/page\\\/author\\\/jure\\\/\"}]}<\/script>\n<!-- \/ Yoast SEO plugin. -->","yoast_head_json":{"title":"Konji\u010dan Jan Bombek letos brez poletov - Novice.si","robots":{"index":"index","follow":"follow","max-snippet":"max-snippet:-1","max-image-preview":"max-image-preview:large","max-video-preview":"max-video-preview:-1"},"canonical":"https:\/\/novice.si\/page\/konjican-jan-bombek-letos-brez-poletov\/","og_locale":"sl_SI","og_type":"article","og_title":"Konji\u010dan Jan Bombek letos brez poletov - Novice.si","og_description":"Letos je smu\u010darski skakalec Jan Bombek sezono kon\u010dal nekoliko prej kot lani, ko je letel na finalu svetovnega pokala v Planici. Sprva je sicer mislil, da bo ta teden dobil prilo\u017enost kot predskakalec, a so se odgovorni odlo\u010dili druga\u010de. Je pa Konji\u010dan prav v Planici nastopil na zadnji tekmi v tej zimi. Na preizku\u0161nji doma\u010dega [&hellip;]","og_url":"https:\/\/novice.si\/page\/konjican-jan-bombek-letos-brez-poletov\/","og_site_name":"Novice.si","article_published_time":"2023-03-31T08:46:59+00:00","og_image":[{"width":977,"height":607,"url":"https:\/\/novice.si\/page\/wp-content\/uploads\/2023\/03\/bombek-jan-2.jpg","type":"image\/jpeg"}],"author":"Uredni\u0161tvo Novic","twitter_card":"summary_large_image","twitter_misc":{"Written by":"Uredni\u0161tvo Novic","Est. reading time":"1 minuta"},"schema":{"@context":"https:\/\/schema.org","@graph":[{"@type":"Article","@id":"https:\/\/novice.si\/page\/konjican-jan-bombek-letos-brez-poletov\/#article","isPartOf":{"@id":"https:\/\/novice.si\/page\/konjican-jan-bombek-letos-brez-poletov\/"},"author":{"name":"Uredni\u0161tvo Novic","@id":"https:\/\/novice.si\/page\/#\/schema\/person\/a877dbb8680d441357ce27663beb35ca"},"headline":"Konji\u010dan Jan Bombek letos brez poletov","datePublished":"2023-03-31T08:46:59+00:00","mainEntityOfPage":{"@id":"https:\/\/novice.si\/page\/konjican-jan-bombek-letos-brez-poletov\/"},"wordCount":141,"publisher":{"@id":"https:\/\/novice.si\/page\/#organization"},"image":{"@id":"https:\/\/novice.si\/page\/konjican-jan-bombek-letos-brez-poletov\/#primaryimage"},"thumbnailUrl":"https:\/\/novice.si\/page\/wp-content\/uploads\/2023\/03\/bombek-jan-2.jpg","keywords":["Jan Bombek"],"articleSection":["Aktualno","Konji\u0161ko","\u0160port"],"inLanguage":"sl-SI"},{"@type":"WebPage","@id":"https:\/\/novice.si\/page\/konjican-jan-bombek-letos-brez-poletov\/","url":"https:\/\/novice.si\/page\/konjican-jan-bombek-letos-brez-poletov\/","name":"Konji\u010dan Jan Bombek letos brez poletov - Novice.si","isPartOf":{"@id":"https:\/\/novice.si\/page\/#website"},"primaryImageOfPage":{"@id":"https:\/\/novice.si\/page\/konjican-jan-bombek-letos-brez-poletov\/#primaryimage"},"image":{"@id":"https:\/\/novice.si\/page\/konjican-jan-bombek-letos-brez-poletov\/#primaryimage"},"thumbnailUrl":"https:\/\/novice.si\/page\/wp-content\/uploads\/2023\/03\/bombek-jan-2.jpg","datePublished":"2023-03-31T08:46:59+00:00","breadcrumb":{"@id":"https:\/\/novice.si\/page\/konjican-jan-bombek-letos-brez-poletov\/#breadcrumb"},"inLanguage":"sl-SI","potentialAction":[{"@type":"ReadAction","target":["https:\/\/novice.si\/page\/konjican-jan-bombek-letos-brez-poletov\/"]}]},{"@type":"ImageObject","inLanguage":"sl-SI","@id":"https:\/\/novice.si\/page\/konjican-jan-bombek-letos-brez-poletov\/#primaryimage","url":"https:\/\/novice.si\/page\/wp-content\/uploads\/2023\/03\/bombek-jan-2.jpg","contentUrl":"https:\/\/novice.si\/page\/wp-content\/uploads\/2023\/03\/bombek-jan-2.jpg","width":977,"height":607},{"@type":"BreadcrumbList","@id":"https:\/\/novice.si\/page\/konjican-jan-bombek-letos-brez-poletov\/#breadcrumb","itemListElement":[{"@type":"ListItem","position":1,"name":"Home","item":"https:\/\/novice.si\/page\/"},{"@type":"ListItem","position":2,"name":"Konji\u010dan Jan Bombek letos brez poletov"}]},{"@type":"WebSite","@id":"https:\/\/novice.si\/page\/#website","url":"https:\/\/novice.si\/page\/","name":"Novice.si","description":"","publisher":{"@id":"https:\/\/novice.si\/page\/#organization"},"potentialAction":[{"@type":"SearchAction","target":{"@type":"EntryPoint","urlTemplate":"https:\/\/novice.si\/page\/?s={search_term_string}"},"query-input":{"@type":"PropertyValueSpecification","valueRequired":true,"valueName":"search_term_string"}}],"inLanguage":"sl-SI"},{"@type":"Organization","@id":"https:\/\/novice.si\/page\/#organization","name":"Novice.si","url":"https:\/\/novice.si\/page\/","logo":{"@type":"ImageObject","inLanguage":"sl-SI","@id":"https:\/\/novice.si\/page\/#\/schema\/logo\/image\/","url":"https:\/\/novice.si\/page\/wp-content\/uploads\/2023\/03\/novice_si.png","contentUrl":"https:\/\/novice.si\/page\/wp-content\/uploads\/2023\/03\/novice_si.png","width":576,"height":200,"caption":"Novice.si"},"image":{"@id":"https:\/\/novice.si\/page\/#\/schema\/logo\/image\/"}},{"@type":"Person","@id":"https:\/\/novice.si\/page\/#\/schema\/person\/a877dbb8680d441357ce27663beb35ca","name":"Uredni\u0161tvo Novic","image":{"@type":"ImageObject","inLanguage":"sl-SI","@id":"https:\/\/secure.gravatar.com\/avatar\/f19c0ae874706cc9ba19d2f6da5f74a5a5ee7674f283fed29ce0ad16a9f1893e?s=96&d=mm&r=g","url":"https:\/\/secure.gravatar.com\/avatar\/f19c0ae874706cc9ba19d2f6da5f74a5a5ee7674f283fed29ce0ad16a9f1893e?s=96&d=mm&r=g","contentUrl":"https:\/\/secure.gravatar.com\/avatar\/f19c0ae874706cc9ba19d2f6da5f74a5a5ee7674f283fed29ce0ad16a9f1893e?s=96&d=mm&r=g","caption":"Uredni\u0161tvo Novic"},"url":"https:\/\/novice.si\/page\/author\/jure\/"}]}},"_links":{"self":[{"href":"https:\/\/novice.si\/page\/wp-json\/wp\/v2\/posts\/161482","targetHints":{"allow":["GET"]}}],"collection":[{"href":"https:\/\/novice.si\/page\/wp-json\/wp\/v2\/posts"}],"about":[{"href":"https:\/\/novice.si\/page\/wp-json\/wp\/v2\/types\/post"}],"author":[{"embeddable":true,"href":"https:\/\/novice.si\/page\/wp-json\/wp\/v2\/users\/7"}],"replies":[{"embeddable":true,"href":"https:\/\/novice.si\/page\/wp-json\/wp\/v2\/comments?post=161482"}],"version-history":[{"count":1,"href":"https:\/\/novice.si\/page\/wp-json\/wp\/v2\/posts\/161482\/revisions"}],"predecessor-version":[{"id":161485,"href":"https:\/\/novice.si\/page\/wp-json\/wp\/v2\/posts\/161482\/revisions\/161485"}],"wp:featuredmedia":[{"embeddable":true,"href":"https:\/\/novice.si\/page\/wp-json\/wp\/v2\/media\/161484"}],"wp:attachment":[{"href":"https:\/\/novice.si\/page\/wp-json\/wp\/v2\/media?parent=161482"}],"wp:term":[{"taxonomy":"category","embeddable":true,"href":"https:\/\/novice.si\/page\/wp-json\/wp\/v2\/categories?post=161482"},{"taxonomy":"post_tag","embeddable":true,"href":"https:\/\/novice.si\/page\/wp-json\/wp\/v2\/tags?post=161482"}],"curies":[{"name":"wp","href":"https:\/\/api.w.org\/{rel}","templated":true}]}}