{"id":161436,"date":"2023-03-15T23:09:57","date_gmt":"2023-03-15T22:09:57","guid":{"rendered":"https:\/\/novice.si\/page\/?p=161436"},"modified":"2023-03-31T09:18:53","modified_gmt":"2023-03-31T07:18:53","slug":"finala-svetovnega-pokala-letos-brez-celjana-martina-catra","status":"publish","type":"post","link":"https:\/\/novice.si\/page\/finala-svetovnega-pokala-letos-brez-celjana-martina-catra\/","title":{"rendered":"Finala svetovnega pokala letos brez Celjana Martina \u010catra"},"content":{"rendered":"<p><img loading=\"lazy\" decoding=\"async\" class=\"size-medium wp-image-145046 alignleft\" src=\"https:\/\/novice.si\/page\/wp-content\/uploads\/2021\/11\/cater-martin-2021-foto-SZS_resize-300x200.jpg\" alt=\"\" width=\"300\" height=\"200\" srcset=\"https:\/\/novice.si\/page\/wp-content\/uploads\/2021\/11\/cater-martin-2021-foto-SZS_resize-300x200.jpg 300w, https:\/\/novice.si\/page\/wp-content\/uploads\/2021\/11\/cater-martin-2021-foto-SZS_resize-768x512.jpg 768w, https:\/\/novice.si\/page\/wp-content\/uploads\/2021\/11\/cater-martin-2021-foto-SZS_resize-696x464.jpg 696w, https:\/\/novice.si\/page\/wp-content\/uploads\/2021\/11\/cater-martin-2021-foto-SZS_resize-630x420.jpg 630w, https:\/\/novice.si\/page\/wp-content\/uploads\/2021\/11\/cater-martin-2021-foto-SZS_resize-24x16.jpg 24w, https:\/\/novice.si\/page\/wp-content\/uploads\/2021\/11\/cater-martin-2021-foto-SZS_resize-36x24.jpg 36w, https:\/\/novice.si\/page\/wp-content\/uploads\/2021\/11\/cater-martin-2021-foto-SZS_resize-48x32.jpg 48w, https:\/\/novice.si\/page\/wp-content\/uploads\/2021\/11\/cater-martin-2021-foto-SZS_resize.jpg 800w\" sizes=\"auto, (max-width: 300px) 100vw, 300px\" \/>Sezona svetovnega pokala v alpskem smu\u010danju se bo ta teden kon\u010dala v Soldeu. Na finale, kjer je v posamezni disciplini prostora za 25 najbolj\u0161ih, pa se letos ni uspelo uvrstiti <strong>Martinu \u010catru<\/strong>. Celjan je namre\u010d na devetih smukih v tej zimi zbral 39 to\u010dk, kar ga uvr\u0161\u010da na 42. mesto, s sedmih superveleslalomov pa ima 31 to\u010dk, kar pomeni, da je 40. superveleslalomist sezone. Za vstopnico za finale bi moral zbrati 82 to\u010dk v smuku ali 58 to\u010dk v superveleslalomu.<br \/>\nTudi ostalim slovenskim tekmovalcem v hitrih disciplinah, ki jih vodi celjski trener <strong>Grega Ko\u0161tomaj<\/strong>, se ni uspelo prebiti v najbolj\u0161o petindvajseterico v svetovnem pokalu. V Soldeu bo tako nastopil le mladi <strong>Rok A\u017enoh<\/strong>, ki si je tamkaj\u0161nji start zagotovil z osvojenim naslovom mladinskega svetovnega prvaka v smuku.<br \/>\n\u010cater se je v iztekajo\u010di se sezoni devetkrat uvrstil med dobitnike to\u010dk svetovnega pokala. Vseh 70 to\u010dk pa je zbral z uvrstitvami od 20. do 26. mesta. (Jure Mernik)<br \/>\nFoto: SZS<\/p>\n","protected":false},"excerpt":{"rendered":"<p>Sezona svetovnega pokala v alpskem smu\u010danju se bo ta teden kon\u010dala v Soldeu. Na finale, kjer je v posamezni disciplini prostora za 25 najbolj\u0161ih, pa se letos ni uspelo uvrstiti Martinu \u010catru. Celjan je namre\u010d na devetih smukih v tej zimi zbral 39 to\u010dk, kar ga uvr\u0161\u010da na 42. mesto, s sedmih superveleslalomov pa ima [&hellip;]<\/p>\n","protected":false},"author":7,"featured_media":145046,"comment_status":"closed","ping_status":"closed","sticky":false,"template":"","format":"standard","meta":{"footnotes":""},"categories":[14,17,68],"tags":[7037,2063],"class_list":{"0":"post-161436","1":"post","2":"type-post","3":"status-publish","4":"format-standard","5":"has-post-thumbnail","7":"category-aktualno","8":"category-celjsko","9":"category-sport","10":"tag-martin-cater","11":"tag-svetovni-pokal"},"yoast_head":"<!-- This site is optimized with the Yoast SEO plugin v27.4 - https:\/\/yoast.com\/product\/yoast-seo-wordpress\/ -->\n<title>Finala svetovnega pokala letos brez Celjana Martina \u010catra - Novice.si<\/title>\n<meta name=\"robots\" content=\"index, follow, max-snippet:-1, max-image-preview:large, max-video-preview:-1\" \/>\n<link rel=\"canonical\" href=\"https:\/\/novice.si\/page\/finala-svetovnega-pokala-letos-brez-celjana-martina-catra\/\" \/>\n<meta property=\"og:locale\" content=\"sl_SI\" \/>\n<meta property=\"og:type\" content=\"article\" \/>\n<meta property=\"og:title\" content=\"Finala svetovnega pokala letos brez Celjana Martina \u010catra - Novice.si\" \/>\n<meta property=\"og:description\" content=\"Sezona svetovnega pokala v alpskem smu\u010danju se bo ta teden kon\u010dala v Soldeu. Na finale, kjer je v posamezni disciplini prostora za 25 najbolj\u0161ih, pa se letos ni uspelo uvrstiti Martinu \u010catru. Celjan je namre\u010d na devetih smukih v tej zimi zbral 39 to\u010dk, kar ga uvr\u0161\u010da na 42. mesto, s sedmih superveleslalomov pa ima [&hellip;]\" \/>\n<meta property=\"og:url\" content=\"https:\/\/novice.si\/page\/finala-svetovnega-pokala-letos-brez-celjana-martina-catra\/\" \/>\n<meta property=\"og:site_name\" content=\"Novice.si\" \/>\n<meta property=\"article:published_time\" content=\"2023-03-15T22:09:57+00:00\" \/>\n<meta property=\"article:modified_time\" content=\"2023-03-31T07:18:53+00:00\" \/>\n<meta property=\"og:image\" content=\"https:\/\/novice.si\/page\/wp-content\/uploads\/2021\/11\/cater-martin-2021-foto-SZS_resize.jpg\" \/>\n\t<meta property=\"og:image:width\" content=\"800\" \/>\n\t<meta property=\"og:image:height\" content=\"533\" \/>\n\t<meta property=\"og:image:type\" content=\"image\/jpeg\" \/>\n<meta name=\"author\" content=\"Uredni\u0161tvo Novic\" \/>\n<meta name=\"twitter:card\" content=\"summary_large_image\" \/>\n<meta name=\"twitter:label1\" content=\"Written by\" \/>\n\t<meta name=\"twitter:data1\" content=\"Uredni\u0161tvo Novic\" \/>\n\t<meta name=\"twitter:label2\" content=\"Est. reading time\" \/>\n\t<meta name=\"twitter:data2\" content=\"2 minuti\" \/>\n<script type=\"application\/ld+json\" class=\"yoast-schema-graph\">{\"@context\":\"https:\\\/\\\/schema.org\",\"@graph\":[{\"@type\":\"Article\",\"@id\":\"https:\\\/\\\/novice.si\\\/page\\\/finala-svetovnega-pokala-letos-brez-celjana-martina-catra\\\/#article\",\"isPartOf\":{\"@id\":\"https:\\\/\\\/novice.si\\\/page\\\/finala-svetovnega-pokala-letos-brez-celjana-martina-catra\\\/\"},\"author\":{\"name\":\"Uredni\u0161tvo Novic\",\"@id\":\"https:\\\/\\\/novice.si\\\/page\\\/#\\\/schema\\\/person\\\/a877dbb8680d441357ce27663beb35ca\"},\"headline\":\"Finala svetovnega pokala letos brez Celjana Martina \u010catra\",\"datePublished\":\"2023-03-15T22:09:57+00:00\",\"dateModified\":\"2023-03-31T07:18:53+00:00\",\"mainEntityOfPage\":{\"@id\":\"https:\\\/\\\/novice.si\\\/page\\\/finala-svetovnega-pokala-letos-brez-celjana-martina-catra\\\/\"},\"wordCount\":171,\"publisher\":{\"@id\":\"https:\\\/\\\/novice.si\\\/page\\\/#organization\"},\"image\":{\"@id\":\"https:\\\/\\\/novice.si\\\/page\\\/finala-svetovnega-pokala-letos-brez-celjana-martina-catra\\\/#primaryimage\"},\"thumbnailUrl\":\"https:\\\/\\\/novice.si\\\/page\\\/wp-content\\\/uploads\\\/2021\\\/11\\\/cater-martin-2021-foto-SZS_resize.jpg\",\"keywords\":[\"Martin \u010cater\",\"svetovni pokal\"],\"articleSection\":[\"Aktualno\",\"Celjsko\",\"\u0160port\"],\"inLanguage\":\"sl-SI\"},{\"@type\":\"WebPage\",\"@id\":\"https:\\\/\\\/novice.si\\\/page\\\/finala-svetovnega-pokala-letos-brez-celjana-martina-catra\\\/\",\"url\":\"https:\\\/\\\/novice.si\\\/page\\\/finala-svetovnega-pokala-letos-brez-celjana-martina-catra\\\/\",\"name\":\"Finala svetovnega pokala letos brez Celjana Martina \u010catra - Novice.si\",\"isPartOf\":{\"@id\":\"https:\\\/\\\/novice.si\\\/page\\\/#website\"},\"primaryImageOfPage\":{\"@id\":\"https:\\\/\\\/novice.si\\\/page\\\/finala-svetovnega-pokala-letos-brez-celjana-martina-catra\\\/#primaryimage\"},\"image\":{\"@id\":\"https:\\\/\\\/novice.si\\\/page\\\/finala-svetovnega-pokala-letos-brez-celjana-martina-catra\\\/#primaryimage\"},\"thumbnailUrl\":\"https:\\\/\\\/novice.si\\\/page\\\/wp-content\\\/uploads\\\/2021\\\/11\\\/cater-martin-2021-foto-SZS_resize.jpg\",\"datePublished\":\"2023-03-15T22:09:57+00:00\",\"dateModified\":\"2023-03-31T07:18:53+00:00\",\"breadcrumb\":{\"@id\":\"https:\\\/\\\/novice.si\\\/page\\\/finala-svetovnega-pokala-letos-brez-celjana-martina-catra\\\/#breadcrumb\"},\"inLanguage\":\"sl-SI\",\"potentialAction\":[{\"@type\":\"ReadAction\",\"target\":[\"https:\\\/\\\/novice.si\\\/page\\\/finala-svetovnega-pokala-letos-brez-celjana-martina-catra\\\/\"]}]},{\"@type\":\"ImageObject\",\"inLanguage\":\"sl-SI\",\"@id\":\"https:\\\/\\\/novice.si\\\/page\\\/finala-svetovnega-pokala-letos-brez-celjana-martina-catra\\\/#primaryimage\",\"url\":\"https:\\\/\\\/novice.si\\\/page\\\/wp-content\\\/uploads\\\/2021\\\/11\\\/cater-martin-2021-foto-SZS_resize.jpg\",\"contentUrl\":\"https:\\\/\\\/novice.si\\\/page\\\/wp-content\\\/uploads\\\/2021\\\/11\\\/cater-martin-2021-foto-SZS_resize.jpg\",\"width\":800,\"height\":533},{\"@type\":\"BreadcrumbList\",\"@id\":\"https:\\\/\\\/novice.si\\\/page\\\/finala-svetovnega-pokala-letos-brez-celjana-martina-catra\\\/#breadcrumb\",\"itemListElement\":[{\"@type\":\"ListItem\",\"position\":1,\"name\":\"Home\",\"item\":\"https:\\\/\\\/novice.si\\\/page\\\/\"},{\"@type\":\"ListItem\",\"position\":2,\"name\":\"Finala svetovnega pokala letos brez Celjana Martina \u010catra\"}]},{\"@type\":\"WebSite\",\"@id\":\"https:\\\/\\\/novice.si\\\/page\\\/#website\",\"url\":\"https:\\\/\\\/novice.si\\\/page\\\/\",\"name\":\"Novice.si\",\"description\":\"\",\"publisher\":{\"@id\":\"https:\\\/\\\/novice.si\\\/page\\\/#organization\"},\"potentialAction\":[{\"@type\":\"SearchAction\",\"target\":{\"@type\":\"EntryPoint\",\"urlTemplate\":\"https:\\\/\\\/novice.si\\\/page\\\/?s={search_term_string}\"},\"query-input\":{\"@type\":\"PropertyValueSpecification\",\"valueRequired\":true,\"valueName\":\"search_term_string\"}}],\"inLanguage\":\"sl-SI\"},{\"@type\":\"Organization\",\"@id\":\"https:\\\/\\\/novice.si\\\/page\\\/#organization\",\"name\":\"Novice.si\",\"url\":\"https:\\\/\\\/novice.si\\\/page\\\/\",\"logo\":{\"@type\":\"ImageObject\",\"inLanguage\":\"sl-SI\",\"@id\":\"https:\\\/\\\/novice.si\\\/page\\\/#\\\/schema\\\/logo\\\/image\\\/\",\"url\":\"https:\\\/\\\/novice.si\\\/page\\\/wp-content\\\/uploads\\\/2023\\\/03\\\/novice_si.png\",\"contentUrl\":\"https:\\\/\\\/novice.si\\\/page\\\/wp-content\\\/uploads\\\/2023\\\/03\\\/novice_si.png\",\"width\":576,\"height\":200,\"caption\":\"Novice.si\"},\"image\":{\"@id\":\"https:\\\/\\\/novice.si\\\/page\\\/#\\\/schema\\\/logo\\\/image\\\/\"}},{\"@type\":\"Person\",\"@id\":\"https:\\\/\\\/novice.si\\\/page\\\/#\\\/schema\\\/person\\\/a877dbb8680d441357ce27663beb35ca\",\"name\":\"Uredni\u0161tvo Novic\",\"image\":{\"@type\":\"ImageObject\",\"inLanguage\":\"sl-SI\",\"@id\":\"https:\\\/\\\/secure.gravatar.com\\\/avatar\\\/f19c0ae874706cc9ba19d2f6da5f74a5a5ee7674f283fed29ce0ad16a9f1893e?s=96&d=mm&r=g\",\"url\":\"https:\\\/\\\/secure.gravatar.com\\\/avatar\\\/f19c0ae874706cc9ba19d2f6da5f74a5a5ee7674f283fed29ce0ad16a9f1893e?s=96&d=mm&r=g\",\"contentUrl\":\"https:\\\/\\\/secure.gravatar.com\\\/avatar\\\/f19c0ae874706cc9ba19d2f6da5f74a5a5ee7674f283fed29ce0ad16a9f1893e?s=96&d=mm&r=g\",\"caption\":\"Uredni\u0161tvo Novic\"},\"url\":\"https:\\\/\\\/novice.si\\\/page\\\/author\\\/jure\\\/\"}]}<\/script>\n<!-- \/ Yoast SEO plugin. -->","yoast_head_json":{"title":"Finala svetovnega pokala letos brez Celjana Martina \u010catra - Novice.si","robots":{"index":"index","follow":"follow","max-snippet":"max-snippet:-1","max-image-preview":"max-image-preview:large","max-video-preview":"max-video-preview:-1"},"canonical":"https:\/\/novice.si\/page\/finala-svetovnega-pokala-letos-brez-celjana-martina-catra\/","og_locale":"sl_SI","og_type":"article","og_title":"Finala svetovnega pokala letos brez Celjana Martina \u010catra - Novice.si","og_description":"Sezona svetovnega pokala v alpskem smu\u010danju se bo ta teden kon\u010dala v Soldeu. Na finale, kjer je v posamezni disciplini prostora za 25 najbolj\u0161ih, pa se letos ni uspelo uvrstiti Martinu \u010catru. Celjan je namre\u010d na devetih smukih v tej zimi zbral 39 to\u010dk, kar ga uvr\u0161\u010da na 42. mesto, s sedmih superveleslalomov pa ima [&hellip;]","og_url":"https:\/\/novice.si\/page\/finala-svetovnega-pokala-letos-brez-celjana-martina-catra\/","og_site_name":"Novice.si","article_published_time":"2023-03-15T22:09:57+00:00","article_modified_time":"2023-03-31T07:18:53+00:00","og_image":[{"width":800,"height":533,"url":"https:\/\/novice.si\/page\/wp-content\/uploads\/2021\/11\/cater-martin-2021-foto-SZS_resize.jpg","type":"image\/jpeg"}],"author":"Uredni\u0161tvo Novic","twitter_card":"summary_large_image","twitter_misc":{"Written by":"Uredni\u0161tvo Novic","Est. reading time":"2 minuti"},"schema":{"@context":"https:\/\/schema.org","@graph":[{"@type":"Article","@id":"https:\/\/novice.si\/page\/finala-svetovnega-pokala-letos-brez-celjana-martina-catra\/#article","isPartOf":{"@id":"https:\/\/novice.si\/page\/finala-svetovnega-pokala-letos-brez-celjana-martina-catra\/"},"author":{"name":"Uredni\u0161tvo Novic","@id":"https:\/\/novice.si\/page\/#\/schema\/person\/a877dbb8680d441357ce27663beb35ca"},"headline":"Finala svetovnega pokala letos brez Celjana Martina \u010catra","datePublished":"2023-03-15T22:09:57+00:00","dateModified":"2023-03-31T07:18:53+00:00","mainEntityOfPage":{"@id":"https:\/\/novice.si\/page\/finala-svetovnega-pokala-letos-brez-celjana-martina-catra\/"},"wordCount":171,"publisher":{"@id":"https:\/\/novice.si\/page\/#organization"},"image":{"@id":"https:\/\/novice.si\/page\/finala-svetovnega-pokala-letos-brez-celjana-martina-catra\/#primaryimage"},"thumbnailUrl":"https:\/\/novice.si\/page\/wp-content\/uploads\/2021\/11\/cater-martin-2021-foto-SZS_resize.jpg","keywords":["Martin \u010cater","svetovni pokal"],"articleSection":["Aktualno","Celjsko","\u0160port"],"inLanguage":"sl-SI"},{"@type":"WebPage","@id":"https:\/\/novice.si\/page\/finala-svetovnega-pokala-letos-brez-celjana-martina-catra\/","url":"https:\/\/novice.si\/page\/finala-svetovnega-pokala-letos-brez-celjana-martina-catra\/","name":"Finala svetovnega pokala letos brez Celjana Martina \u010catra - Novice.si","isPartOf":{"@id":"https:\/\/novice.si\/page\/#website"},"primaryImageOfPage":{"@id":"https:\/\/novice.si\/page\/finala-svetovnega-pokala-letos-brez-celjana-martina-catra\/#primaryimage"},"image":{"@id":"https:\/\/novice.si\/page\/finala-svetovnega-pokala-letos-brez-celjana-martina-catra\/#primaryimage"},"thumbnailUrl":"https:\/\/novice.si\/page\/wp-content\/uploads\/2021\/11\/cater-martin-2021-foto-SZS_resize.jpg","datePublished":"2023-03-15T22:09:57+00:00","dateModified":"2023-03-31T07:18:53+00:00","breadcrumb":{"@id":"https:\/\/novice.si\/page\/finala-svetovnega-pokala-letos-brez-celjana-martina-catra\/#breadcrumb"},"inLanguage":"sl-SI","potentialAction":[{"@type":"ReadAction","target":["https:\/\/novice.si\/page\/finala-svetovnega-pokala-letos-brez-celjana-martina-catra\/"]}]},{"@type":"ImageObject","inLanguage":"sl-SI","@id":"https:\/\/novice.si\/page\/finala-svetovnega-pokala-letos-brez-celjana-martina-catra\/#primaryimage","url":"https:\/\/novice.si\/page\/wp-content\/uploads\/2021\/11\/cater-martin-2021-foto-SZS_resize.jpg","contentUrl":"https:\/\/novice.si\/page\/wp-content\/uploads\/2021\/11\/cater-martin-2021-foto-SZS_resize.jpg","width":800,"height":533},{"@type":"BreadcrumbList","@id":"https:\/\/novice.si\/page\/finala-svetovnega-pokala-letos-brez-celjana-martina-catra\/#breadcrumb","itemListElement":[{"@type":"ListItem","position":1,"name":"Home","item":"https:\/\/novice.si\/page\/"},{"@type":"ListItem","position":2,"name":"Finala svetovnega pokala letos brez Celjana Martina \u010catra"}]},{"@type":"WebSite","@id":"https:\/\/novice.si\/page\/#website","url":"https:\/\/novice.si\/page\/","name":"Novice.si","description":"","publisher":{"@id":"https:\/\/novice.si\/page\/#organization"},"potentialAction":[{"@type":"SearchAction","target":{"@type":"EntryPoint","urlTemplate":"https:\/\/novice.si\/page\/?s={search_term_string}"},"query-input":{"@type":"PropertyValueSpecification","valueRequired":true,"valueName":"search_term_string"}}],"inLanguage":"sl-SI"},{"@type":"Organization","@id":"https:\/\/novice.si\/page\/#organization","name":"Novice.si","url":"https:\/\/novice.si\/page\/","logo":{"@type":"ImageObject","inLanguage":"sl-SI","@id":"https:\/\/novice.si\/page\/#\/schema\/logo\/image\/","url":"https:\/\/novice.si\/page\/wp-content\/uploads\/2023\/03\/novice_si.png","contentUrl":"https:\/\/novice.si\/page\/wp-content\/uploads\/2023\/03\/novice_si.png","width":576,"height":200,"caption":"Novice.si"},"image":{"@id":"https:\/\/novice.si\/page\/#\/schema\/logo\/image\/"}},{"@type":"Person","@id":"https:\/\/novice.si\/page\/#\/schema\/person\/a877dbb8680d441357ce27663beb35ca","name":"Uredni\u0161tvo Novic","image":{"@type":"ImageObject","inLanguage":"sl-SI","@id":"https:\/\/secure.gravatar.com\/avatar\/f19c0ae874706cc9ba19d2f6da5f74a5a5ee7674f283fed29ce0ad16a9f1893e?s=96&d=mm&r=g","url":"https:\/\/secure.gravatar.com\/avatar\/f19c0ae874706cc9ba19d2f6da5f74a5a5ee7674f283fed29ce0ad16a9f1893e?s=96&d=mm&r=g","contentUrl":"https:\/\/secure.gravatar.com\/avatar\/f19c0ae874706cc9ba19d2f6da5f74a5a5ee7674f283fed29ce0ad16a9f1893e?s=96&d=mm&r=g","caption":"Uredni\u0161tvo Novic"},"url":"https:\/\/novice.si\/page\/author\/jure\/"}]}},"_links":{"self":[{"href":"https:\/\/novice.si\/page\/wp-json\/wp\/v2\/posts\/161436","targetHints":{"allow":["GET"]}}],"collection":[{"href":"https:\/\/novice.si\/page\/wp-json\/wp\/v2\/posts"}],"about":[{"href":"https:\/\/novice.si\/page\/wp-json\/wp\/v2\/types\/post"}],"author":[{"embeddable":true,"href":"https:\/\/novice.si\/page\/wp-json\/wp\/v2\/users\/7"}],"replies":[{"embeddable":true,"href":"https:\/\/novice.si\/page\/wp-json\/wp\/v2\/comments?post=161436"}],"version-history":[{"count":2,"href":"https:\/\/novice.si\/page\/wp-json\/wp\/v2\/posts\/161436\/revisions"}],"predecessor-version":[{"id":161440,"href":"https:\/\/novice.si\/page\/wp-json\/wp\/v2\/posts\/161436\/revisions\/161440"}],"wp:featuredmedia":[{"embeddable":true,"href":"https:\/\/novice.si\/page\/wp-json\/wp\/v2\/media\/145046"}],"wp:attachment":[{"href":"https:\/\/novice.si\/page\/wp-json\/wp\/v2\/media?parent=161436"}],"wp:term":[{"taxonomy":"category","embeddable":true,"href":"https:\/\/novice.si\/page\/wp-json\/wp\/v2\/categories?post=161436"},{"taxonomy":"post_tag","embeddable":true,"href":"https:\/\/novice.si\/page\/wp-json\/wp\/v2\/tags?post=161436"}],"curies":[{"name":"wp","href":"https:\/\/api.w.org\/{rel}","templated":true}]}}