{"id":161418,"date":"2023-03-30T13:26:07","date_gmt":"2023-03-30T11:26:07","guid":{"rendered":"https:\/\/novice.si\/page\/?p=161418"},"modified":"2023-03-30T13:26:07","modified_gmt":"2023-03-30T11:26:07","slug":"mozirski-gaj-to-soboto-znova-odpira-svoja-vrata","status":"publish","type":"post","link":"https:\/\/novice.si\/page\/mozirski-gaj-to-soboto-znova-odpira-svoja-vrata\/","title":{"rendered":"Mozirski gaj to soboto znova odpira svoja vrata"},"content":{"rendered":"<p><strong>Mozirski gaj bo v soboto, 1. aprila, ponovno odprl svoja vrata. Pomlad se je namre\u010d tudi v parku \u017ee lepo razcvetela.<\/strong><\/p>\n<p><img loading=\"lazy\" decoding=\"async\" class=\" wp-image-161421 alignleft\" src=\"https:\/\/novice.si\/page\/wp-content\/uploads\/2023\/03\/letosnja-fotografija-1-Tanja-Skok-450x600.jpg\" alt=\"\" width=\"240\" height=\"320\" srcset=\"https:\/\/novice.si\/page\/wp-content\/uploads\/2023\/03\/letosnja-fotografija-1-Tanja-Skok-450x600.jpg 450w, https:\/\/novice.si\/page\/wp-content\/uploads\/2023\/03\/letosnja-fotografija-1-Tanja-Skok-768x1024.jpg 768w, https:\/\/novice.si\/page\/wp-content\/uploads\/2023\/03\/letosnja-fotografija-1-Tanja-Skok-1152x1536.jpg 1152w, https:\/\/novice.si\/page\/wp-content\/uploads\/2023\/03\/letosnja-fotografija-1-Tanja-Skok-696x928.jpg 696w, https:\/\/novice.si\/page\/wp-content\/uploads\/2023\/03\/letosnja-fotografija-1-Tanja-Skok-1068x1424.jpg 1068w, https:\/\/novice.si\/page\/wp-content\/uploads\/2023\/03\/letosnja-fotografija-1-Tanja-Skok-315x420.jpg 315w, https:\/\/novice.si\/page\/wp-content\/uploads\/2023\/03\/letosnja-fotografija-1-Tanja-Skok-18x24.jpg 18w, https:\/\/novice.si\/page\/wp-content\/uploads\/2023\/03\/letosnja-fotografija-1-Tanja-Skok-27x36.jpg 27w, https:\/\/novice.si\/page\/wp-content\/uploads\/2023\/03\/letosnja-fotografija-1-Tanja-Skok-36x48.jpg 36w, https:\/\/novice.si\/page\/wp-content\/uploads\/2023\/03\/letosnja-fotografija-1-Tanja-Skok.jpg 1200w\" sizes=\"auto, (max-width: 240px) 100vw, 240px\" \/>Narcise so \u017ee odprle svoje son\u010dno rumene kronice, ma\u010dehe so \u017ee zasadili, kmalu se bodo za\u010deli odpirati tudi tulipani, so sporo\u010dili iz Mozirskega gaja, kjer bodo tudi v novi sezoni odprti vsak dan, tudi med prazniki in vikendi.<\/p>\n<p><strong>Nekaj novosti<\/strong><\/p>\n<p>Kljub temu, da je bil park nekaj \u010dasa zaprt, v Moziroskem gaju niso po\u010divali. Obnovili so nekatere objekte, med drugim Japonski vrt in \u017eago Venicijanko. Povsem na novo so postavili prepotreben ve\u010dnamenski objekt, ki bo slu\u017eil za shrambo vseh na\u0161ih strojev in za potrebe vzdr\u017eevalne delavnice.<\/p>\n<p><strong>Tradicionalne razstave<\/strong><\/p>\n<p>Kot vsako leto bod tudi v tej sezoni pripravljali vse tradicionalne razstave. Za\u010deli bodo z aprilsko in majsko razstavo tulipanov. V avgustu prirejajo razstavo eksoti\u010dnih \u017eivali in poletnega cvetja. Septembra bodo na ogled\u00a0 bu\u010de in jesensko cvetje. Obeta se tudi tekmovanje za najte\u017ejo bu\u010do.<br \/>\nPo kraj\u0161em zaprtju v oktobru in novembru bodo park decembra ponovno odprli za priljubljeno razstavo Bo\u017ei\u010dna bajka Slovenije.<br \/>\n(Vir: Mozirski gaj)<\/p>\n\r\n                <style type=\"text\/css\">\r\n                    \r\n                    #tdi_1  .td-doubleSlider-2 .td-item1 {\r\n                        background: url(https:\/\/novice.si\/page\/wp-content\/uploads\/2023\/03\/fotografija-lanske-sezone-foto-Maja-Horvat-80x60.jpg) 0 0 no-repeat;\r\n                    }\r\n                    #tdi_1  .td-doubleSlider-2 .td-item2 {\r\n                        background: url(https:\/\/novice.si\/page\/wp-content\/uploads\/2023\/03\/letosnja-fotografija-foto-Tanja-Skok-80x60.jpg) 0 0 no-repeat;\r\n                    }\r\n                    #tdi_1  .td-doubleSlider-2 .td-item3 {\r\n                        background: url(https:\/\/novice.si\/page\/wp-content\/uploads\/2023\/03\/letosnja-fotografija-1-Tanja-Skok-80x60.jpg) 0 0 no-repeat;\r\n                    }\r\n                <\/style>\r\n\r\n                <div id=\"tdi_1\" class=\"td-gallery td-slide-on-2-columns\">\r\n                    <div class=\"post_td_gallery\">\r\n                        <div class=\"td-gallery-slide-top\">\r\n                           <div class=\"td-gallery-title\"><\/div>\r\n\r\n                            <div class=\"td-gallery-controls-wrapper\">\r\n                                <div class=\"td-gallery-slide-count\"><span class=\"td-gallery-slide-item-focus\">1<\/span> od 3<\/div>\r\n                                <div class=\"td-gallery-slide-prev-next-but\">\r\n                                    <i class = \"td-icon-left doubleSliderPrevButton\"><\/i>\r\n                                    <i class = \"td-icon-right doubleSliderNextButton\"><\/i>\r\n                                <\/div>\r\n                            <\/div>\r\n                        <\/div>\r\n\r\n                        <div class = \"td-doubleSlider-1 \">\r\n                            <div class = \"td-slider\">\r\n                                \r\n                    <div class = \"td-slide-item td-item1\">\r\n                        <figure class=\"td-slide-galery-figure td-slide-popup-gallery\">\r\n                            <a class=\"slide-gallery-image-link\" href=\"https:\/\/novice.si\/page\/wp-content\/uploads\/2023\/03\/fotografija-lanske-sezone-foto-Maja-Horvat.jpg\" title=\"fotografija lanske sezone - foto Maja Horvat\"  data-caption=\"\"  data-description=\"\" data-gallery>\r\n                                <img decoding=\"async\" src=\"https:\/\/novice.si\/page\/wp-content\/uploads\/2023\/03\/fotografija-lanske-sezone-foto-Maja-Horvat-560x420.jpg\" srcset=\"https:\/\/novice.si\/page\/wp-content\/uploads\/2023\/03\/fotografija-lanske-sezone-foto-Maja-Horvat-560x420.jpg 560w, https:\/\/novice.si\/page\/wp-content\/uploads\/2023\/03\/fotografija-lanske-sezone-foto-Maja-Horvat-600x450.jpg 600w, https:\/\/novice.si\/page\/wp-content\/uploads\/2023\/03\/fotografija-lanske-sezone-foto-Maja-Horvat-1024x768.jpg 1024w, https:\/\/novice.si\/page\/wp-content\/uploads\/2023\/03\/fotografija-lanske-sezone-foto-Maja-Horvat-768x576.jpg 768w, https:\/\/novice.si\/page\/wp-content\/uploads\/2023\/03\/fotografija-lanske-sezone-foto-Maja-Horvat-80x60.jpg 80w, https:\/\/novice.si\/page\/wp-content\/uploads\/2023\/03\/fotografija-lanske-sezone-foto-Maja-Horvat-265x198.jpg 265w, https:\/\/novice.si\/page\/wp-content\/uploads\/2023\/03\/fotografija-lanske-sezone-foto-Maja-Horvat-696x522.jpg 696w, https:\/\/novice.si\/page\/wp-content\/uploads\/2023\/03\/fotografija-lanske-sezone-foto-Maja-Horvat-1068x801.jpg 1068w, https:\/\/novice.si\/page\/wp-content\/uploads\/2023\/03\/fotografija-lanske-sezone-foto-Maja-Horvat-24x18.jpg 24w, https:\/\/novice.si\/page\/wp-content\/uploads\/2023\/03\/fotografija-lanske-sezone-foto-Maja-Horvat-36x27.jpg 36w, https:\/\/novice.si\/page\/wp-content\/uploads\/2023\/03\/fotografija-lanske-sezone-foto-Maja-Horvat-48x36.jpg 48w, https:\/\/novice.si\/page\/wp-content\/uploads\/2023\/03\/fotografija-lanske-sezone-foto-Maja-Horvat.jpg 1440w\" sizes=\"(max-width: 560px) 100vw, 560px\" alt=\"\">\r\n                            <\/a>\r\n                            \r\n                        <\/figure>\r\n                    <\/div>\r\n                    <div class = \"td-slide-item td-item2\">\r\n                        <figure class=\"td-slide-galery-figure td-slide-popup-gallery\">\r\n                            <a class=\"slide-gallery-image-link\" href=\"https:\/\/novice.si\/page\/wp-content\/uploads\/2023\/03\/letosnja-fotografija-foto-Tanja-Skok.jpg\" title=\"leto\u0161nja fotografija - foto Tanja Skok\"  data-caption=\"\"  data-description=\"\" data-gallery>\r\n                                <img decoding=\"async\" src=\"https:\/\/novice.si\/page\/wp-content\/uploads\/2023\/03\/letosnja-fotografija-foto-Tanja-Skok-315x420.jpg\" srcset=\"https:\/\/novice.si\/page\/wp-content\/uploads\/2023\/03\/letosnja-fotografija-foto-Tanja-Skok-315x420.jpg 315w, https:\/\/novice.si\/page\/wp-content\/uploads\/2023\/03\/letosnja-fotografija-foto-Tanja-Skok-450x600.jpg 450w, https:\/\/novice.si\/page\/wp-content\/uploads\/2023\/03\/letosnja-fotografija-foto-Tanja-Skok-768x1024.jpg 768w, https:\/\/novice.si\/page\/wp-content\/uploads\/2023\/03\/letosnja-fotografija-foto-Tanja-Skok-1152x1536.jpg 1152w, https:\/\/novice.si\/page\/wp-content\/uploads\/2023\/03\/letosnja-fotografija-foto-Tanja-Skok-696x928.jpg 696w, https:\/\/novice.si\/page\/wp-content\/uploads\/2023\/03\/letosnja-fotografija-foto-Tanja-Skok-1068x1424.jpg 1068w, https:\/\/novice.si\/page\/wp-content\/uploads\/2023\/03\/letosnja-fotografija-foto-Tanja-Skok-18x24.jpg 18w, https:\/\/novice.si\/page\/wp-content\/uploads\/2023\/03\/letosnja-fotografija-foto-Tanja-Skok-27x36.jpg 27w, https:\/\/novice.si\/page\/wp-content\/uploads\/2023\/03\/letosnja-fotografija-foto-Tanja-Skok-36x48.jpg 36w, https:\/\/novice.si\/page\/wp-content\/uploads\/2023\/03\/letosnja-fotografija-foto-Tanja-Skok.jpg 1200w\" sizes=\"(max-width: 315px) 100vw, 315px\" alt=\"\">\r\n                            <\/a>\r\n                            \r\n                        <\/figure>\r\n                    <\/div>\r\n                    <div class = \"td-slide-item td-item3\">\r\n                        <figure class=\"td-slide-galery-figure td-slide-popup-gallery\">\r\n                            <a class=\"slide-gallery-image-link\" href=\"https:\/\/novice.si\/page\/wp-content\/uploads\/2023\/03\/letosnja-fotografija-1-Tanja-Skok.jpg\" title=\"leto\u0161nja fotografija 1 - Tanja Skok\"  data-caption=\"\"  data-description=\"\" data-gallery>\r\n                                <img decoding=\"async\" src=\"https:\/\/novice.si\/page\/wp-content\/uploads\/2023\/03\/letosnja-fotografija-1-Tanja-Skok-315x420.jpg\" srcset=\"https:\/\/novice.si\/page\/wp-content\/uploads\/2023\/03\/letosnja-fotografija-1-Tanja-Skok-315x420.jpg 315w, https:\/\/novice.si\/page\/wp-content\/uploads\/2023\/03\/letosnja-fotografija-1-Tanja-Skok-450x600.jpg 450w, https:\/\/novice.si\/page\/wp-content\/uploads\/2023\/03\/letosnja-fotografija-1-Tanja-Skok-768x1024.jpg 768w, https:\/\/novice.si\/page\/wp-content\/uploads\/2023\/03\/letosnja-fotografija-1-Tanja-Skok-1152x1536.jpg 1152w, https:\/\/novice.si\/page\/wp-content\/uploads\/2023\/03\/letosnja-fotografija-1-Tanja-Skok-696x928.jpg 696w, https:\/\/novice.si\/page\/wp-content\/uploads\/2023\/03\/letosnja-fotografija-1-Tanja-Skok-1068x1424.jpg 1068w, https:\/\/novice.si\/page\/wp-content\/uploads\/2023\/03\/letosnja-fotografija-1-Tanja-Skok-18x24.jpg 18w, https:\/\/novice.si\/page\/wp-content\/uploads\/2023\/03\/letosnja-fotografija-1-Tanja-Skok-27x36.jpg 27w, https:\/\/novice.si\/page\/wp-content\/uploads\/2023\/03\/letosnja-fotografija-1-Tanja-Skok-36x48.jpg 36w, https:\/\/novice.si\/page\/wp-content\/uploads\/2023\/03\/letosnja-fotografija-1-Tanja-Skok.jpg 1200w\" sizes=\"(max-width: 315px) 100vw, 315px\" alt=\"\">\r\n                            <\/a>\r\n                            \r\n                        <\/figure>\r\n                    <\/div>\r\n                            <\/div>\r\n                        <\/div>\r\n\r\n                        <div class = \"td-doubleSlider-2\">\r\n                            <div class = \"td-slider\">\r\n                                \r\n                    <div class = \"td-button td-item1\">\r\n                        <div class = \"td-border\"><\/div>\r\n                    <\/div>\r\n                    <div class = \"td-button td-item2\">\r\n                        <div class = \"td-border\"><\/div>\r\n                    <\/div>\r\n                    <div class = \"td-button td-item3\">\r\n                        <div class = \"td-border\"><\/div>\r\n                    <\/div>\r\n                            <\/div>\r\n                        <\/div>\r\n\r\n                    <\/div>\r\n\r\n                <\/div>\r\n                \n<p>&nbsp;<\/p>\n","protected":false},"excerpt":{"rendered":"<p>Mozirski gaj bo v soboto, 1. aprila, ponovno odprl svoja vrata. Pomlad se je namre\u010d tudi v parku \u017ee lepo razcvetela. Narcise so \u017ee odprle svoje son\u010dno rumene kronice, ma\u010dehe so \u017ee zasadili, kmalu se bodo za\u010deli odpirati tudi tulipani, so sporo\u010dili iz Mozirskega gaja, kjer bodo tudi v novi sezoni odprti vsak dan, tudi [&hellip;]<\/p>\n","protected":false},"author":12,"featured_media":161419,"comment_status":"closed","ping_status":"closed","sticky":false,"template":"","format":"standard","meta":{"footnotes":""},"categories":[14,868,142,17,15,3108],"tags":[3376],"class_list":{"0":"post-161418","1":"post","2":"type-post","3":"status-publish","4":"format-standard","5":"has-post-thumbnail","7":"category-aktualno","8":"category-casopisi","9":"category-celjan","10":"category-celjsko","11":"category-druzabno","12":"category-radio-rogla","13":"tag-mozirski-gaj"},"yoast_head":"<!-- This site is optimized with the Yoast SEO plugin v27.4 - https:\/\/yoast.com\/product\/yoast-seo-wordpress\/ -->\n<title>Mozirski gaj to soboto znova odpira svoja vrata - Novice.si<\/title>\n<meta name=\"robots\" content=\"index, follow, max-snippet:-1, max-image-preview:large, max-video-preview:-1\" \/>\n<link rel=\"canonical\" href=\"https:\/\/novice.si\/page\/mozirski-gaj-to-soboto-znova-odpira-svoja-vrata\/\" \/>\n<meta property=\"og:locale\" content=\"sl_SI\" \/>\n<meta property=\"og:type\" content=\"article\" \/>\n<meta property=\"og:title\" content=\"Mozirski gaj to soboto znova odpira svoja vrata - Novice.si\" \/>\n<meta property=\"og:description\" content=\"Mozirski gaj bo v soboto, 1. aprila, ponovno odprl svoja vrata. Pomlad se je namre\u010d tudi v parku \u017ee lepo razcvetela. Narcise so \u017ee odprle svoje son\u010dno rumene kronice, ma\u010dehe so \u017ee zasadili, kmalu se bodo za\u010deli odpirati tudi tulipani, so sporo\u010dili iz Mozirskega gaja, kjer bodo tudi v novi sezoni odprti vsak dan, tudi [&hellip;]\" \/>\n<meta property=\"og:url\" content=\"https:\/\/novice.si\/page\/mozirski-gaj-to-soboto-znova-odpira-svoja-vrata\/\" \/>\n<meta property=\"og:site_name\" content=\"Novice.si\" \/>\n<meta property=\"article:published_time\" content=\"2023-03-30T11:26:07+00:00\" \/>\n<meta property=\"og:image\" content=\"https:\/\/novice.si\/page\/wp-content\/uploads\/2023\/03\/fotografija-lanske-sezone-foto-Maja-Horvat.jpg\" \/>\n\t<meta property=\"og:image:width\" content=\"1440\" \/>\n\t<meta property=\"og:image:height\" content=\"1080\" \/>\n\t<meta property=\"og:image:type\" content=\"image\/jpeg\" \/>\n<meta name=\"author\" content=\"Uredni\u0161tvo Celjana\" \/>\n<meta name=\"twitter:card\" content=\"summary_large_image\" \/>\n<meta name=\"twitter:label1\" content=\"Written by\" \/>\n\t<meta name=\"twitter:data1\" content=\"Uredni\u0161tvo Celjana\" \/>\n\t<meta name=\"twitter:label2\" content=\"Est. reading time\" \/>\n\t<meta name=\"twitter:data2\" content=\"2 minuti\" \/>\n<script type=\"application\/ld+json\" class=\"yoast-schema-graph\">{\"@context\":\"https:\\\/\\\/schema.org\",\"@graph\":[{\"@type\":\"Article\",\"@id\":\"https:\\\/\\\/novice.si\\\/page\\\/mozirski-gaj-to-soboto-znova-odpira-svoja-vrata\\\/#article\",\"isPartOf\":{\"@id\":\"https:\\\/\\\/novice.si\\\/page\\\/mozirski-gaj-to-soboto-znova-odpira-svoja-vrata\\\/\"},\"author\":{\"name\":\"Uredni\u0161tvo Celjana\",\"@id\":\"https:\\\/\\\/novice.si\\\/page\\\/#\\\/schema\\\/person\\\/51903923b50fefb075bc1cd24fe4d065\"},\"headline\":\"Mozirski gaj to soboto znova odpira svoja vrata\",\"datePublished\":\"2023-03-30T11:26:07+00:00\",\"mainEntityOfPage\":{\"@id\":\"https:\\\/\\\/novice.si\\\/page\\\/mozirski-gaj-to-soboto-znova-odpira-svoja-vrata\\\/\"},\"wordCount\":208,\"publisher\":{\"@id\":\"https:\\\/\\\/novice.si\\\/page\\\/#organization\"},\"image\":{\"@id\":\"https:\\\/\\\/novice.si\\\/page\\\/mozirski-gaj-to-soboto-znova-odpira-svoja-vrata\\\/#primaryimage\"},\"thumbnailUrl\":\"https:\\\/\\\/novice.si\\\/page\\\/wp-content\\\/uploads\\\/2023\\\/03\\\/fotografija-lanske-sezone-foto-Maja-Horvat.jpg\",\"keywords\":[\"Mozirski gaj\"],\"articleSection\":[\"Aktualno\",\"\u010casopisi\",\"Celjan\",\"Celjsko\",\"Dru\u017eabno\",\"Radio Rogla\"],\"inLanguage\":\"sl-SI\"},{\"@type\":\"WebPage\",\"@id\":\"https:\\\/\\\/novice.si\\\/page\\\/mozirski-gaj-to-soboto-znova-odpira-svoja-vrata\\\/\",\"url\":\"https:\\\/\\\/novice.si\\\/page\\\/mozirski-gaj-to-soboto-znova-odpira-svoja-vrata\\\/\",\"name\":\"Mozirski gaj to soboto znova odpira svoja vrata - Novice.si\",\"isPartOf\":{\"@id\":\"https:\\\/\\\/novice.si\\\/page\\\/#website\"},\"primaryImageOfPage\":{\"@id\":\"https:\\\/\\\/novice.si\\\/page\\\/mozirski-gaj-to-soboto-znova-odpira-svoja-vrata\\\/#primaryimage\"},\"image\":{\"@id\":\"https:\\\/\\\/novice.si\\\/page\\\/mozirski-gaj-to-soboto-znova-odpira-svoja-vrata\\\/#primaryimage\"},\"thumbnailUrl\":\"https:\\\/\\\/novice.si\\\/page\\\/wp-content\\\/uploads\\\/2023\\\/03\\\/fotografija-lanske-sezone-foto-Maja-Horvat.jpg\",\"datePublished\":\"2023-03-30T11:26:07+00:00\",\"breadcrumb\":{\"@id\":\"https:\\\/\\\/novice.si\\\/page\\\/mozirski-gaj-to-soboto-znova-odpira-svoja-vrata\\\/#breadcrumb\"},\"inLanguage\":\"sl-SI\",\"potentialAction\":[{\"@type\":\"ReadAction\",\"target\":[\"https:\\\/\\\/novice.si\\\/page\\\/mozirski-gaj-to-soboto-znova-odpira-svoja-vrata\\\/\"]}]},{\"@type\":\"ImageObject\",\"inLanguage\":\"sl-SI\",\"@id\":\"https:\\\/\\\/novice.si\\\/page\\\/mozirski-gaj-to-soboto-znova-odpira-svoja-vrata\\\/#primaryimage\",\"url\":\"https:\\\/\\\/novice.si\\\/page\\\/wp-content\\\/uploads\\\/2023\\\/03\\\/fotografija-lanske-sezone-foto-Maja-Horvat.jpg\",\"contentUrl\":\"https:\\\/\\\/novice.si\\\/page\\\/wp-content\\\/uploads\\\/2023\\\/03\\\/fotografija-lanske-sezone-foto-Maja-Horvat.jpg\",\"width\":1440,\"height\":1080},{\"@type\":\"BreadcrumbList\",\"@id\":\"https:\\\/\\\/novice.si\\\/page\\\/mozirski-gaj-to-soboto-znova-odpira-svoja-vrata\\\/#breadcrumb\",\"itemListElement\":[{\"@type\":\"ListItem\",\"position\":1,\"name\":\"Home\",\"item\":\"https:\\\/\\\/novice.si\\\/page\\\/\"},{\"@type\":\"ListItem\",\"position\":2,\"name\":\"Mozirski gaj to soboto znova odpira svoja vrata\"}]},{\"@type\":\"WebSite\",\"@id\":\"https:\\\/\\\/novice.si\\\/page\\\/#website\",\"url\":\"https:\\\/\\\/novice.si\\\/page\\\/\",\"name\":\"Novice.si\",\"description\":\"\",\"publisher\":{\"@id\":\"https:\\\/\\\/novice.si\\\/page\\\/#organization\"},\"potentialAction\":[{\"@type\":\"SearchAction\",\"target\":{\"@type\":\"EntryPoint\",\"urlTemplate\":\"https:\\\/\\\/novice.si\\\/page\\\/?s={search_term_string}\"},\"query-input\":{\"@type\":\"PropertyValueSpecification\",\"valueRequired\":true,\"valueName\":\"search_term_string\"}}],\"inLanguage\":\"sl-SI\"},{\"@type\":\"Organization\",\"@id\":\"https:\\\/\\\/novice.si\\\/page\\\/#organization\",\"name\":\"Novice.si\",\"url\":\"https:\\\/\\\/novice.si\\\/page\\\/\",\"logo\":{\"@type\":\"ImageObject\",\"inLanguage\":\"sl-SI\",\"@id\":\"https:\\\/\\\/novice.si\\\/page\\\/#\\\/schema\\\/logo\\\/image\\\/\",\"url\":\"https:\\\/\\\/novice.si\\\/page\\\/wp-content\\\/uploads\\\/2023\\\/03\\\/novice_si.png\",\"contentUrl\":\"https:\\\/\\\/novice.si\\\/page\\\/wp-content\\\/uploads\\\/2023\\\/03\\\/novice_si.png\",\"width\":576,\"height\":200,\"caption\":\"Novice.si\"},\"image\":{\"@id\":\"https:\\\/\\\/novice.si\\\/page\\\/#\\\/schema\\\/logo\\\/image\\\/\"}},{\"@type\":\"Person\",\"@id\":\"https:\\\/\\\/novice.si\\\/page\\\/#\\\/schema\\\/person\\\/51903923b50fefb075bc1cd24fe4d065\",\"name\":\"Uredni\u0161tvo Celjana\",\"image\":{\"@type\":\"ImageObject\",\"inLanguage\":\"sl-SI\",\"@id\":\"https:\\\/\\\/secure.gravatar.com\\\/avatar\\\/b516f102aa90b53619e09722b8ea56721c99bfcb4f1035f9b333d99f52330226?s=96&d=mm&r=g\",\"url\":\"https:\\\/\\\/secure.gravatar.com\\\/avatar\\\/b516f102aa90b53619e09722b8ea56721c99bfcb4f1035f9b333d99f52330226?s=96&d=mm&r=g\",\"contentUrl\":\"https:\\\/\\\/secure.gravatar.com\\\/avatar\\\/b516f102aa90b53619e09722b8ea56721c99bfcb4f1035f9b333d99f52330226?s=96&d=mm&r=g\",\"caption\":\"Uredni\u0161tvo Celjana\"},\"url\":\"https:\\\/\\\/novice.si\\\/page\\\/author\\\/nejc\\\/\"}]}<\/script>\n<!-- \/ Yoast SEO plugin. -->","yoast_head_json":{"title":"Mozirski gaj to soboto znova odpira svoja vrata - Novice.si","robots":{"index":"index","follow":"follow","max-snippet":"max-snippet:-1","max-image-preview":"max-image-preview:large","max-video-preview":"max-video-preview:-1"},"canonical":"https:\/\/novice.si\/page\/mozirski-gaj-to-soboto-znova-odpira-svoja-vrata\/","og_locale":"sl_SI","og_type":"article","og_title":"Mozirski gaj to soboto znova odpira svoja vrata - Novice.si","og_description":"Mozirski gaj bo v soboto, 1. aprila, ponovno odprl svoja vrata. Pomlad se je namre\u010d tudi v parku \u017ee lepo razcvetela. Narcise so \u017ee odprle svoje son\u010dno rumene kronice, ma\u010dehe so \u017ee zasadili, kmalu se bodo za\u010deli odpirati tudi tulipani, so sporo\u010dili iz Mozirskega gaja, kjer bodo tudi v novi sezoni odprti vsak dan, tudi [&hellip;]","og_url":"https:\/\/novice.si\/page\/mozirski-gaj-to-soboto-znova-odpira-svoja-vrata\/","og_site_name":"Novice.si","article_published_time":"2023-03-30T11:26:07+00:00","og_image":[{"width":1440,"height":1080,"url":"https:\/\/novice.si\/page\/wp-content\/uploads\/2023\/03\/fotografija-lanske-sezone-foto-Maja-Horvat.jpg","type":"image\/jpeg"}],"author":"Uredni\u0161tvo Celjana","twitter_card":"summary_large_image","twitter_misc":{"Written by":"Uredni\u0161tvo Celjana","Est. reading time":"2 minuti"},"schema":{"@context":"https:\/\/schema.org","@graph":[{"@type":"Article","@id":"https:\/\/novice.si\/page\/mozirski-gaj-to-soboto-znova-odpira-svoja-vrata\/#article","isPartOf":{"@id":"https:\/\/novice.si\/page\/mozirski-gaj-to-soboto-znova-odpira-svoja-vrata\/"},"author":{"name":"Uredni\u0161tvo Celjana","@id":"https:\/\/novice.si\/page\/#\/schema\/person\/51903923b50fefb075bc1cd24fe4d065"},"headline":"Mozirski gaj to soboto znova odpira svoja vrata","datePublished":"2023-03-30T11:26:07+00:00","mainEntityOfPage":{"@id":"https:\/\/novice.si\/page\/mozirski-gaj-to-soboto-znova-odpira-svoja-vrata\/"},"wordCount":208,"publisher":{"@id":"https:\/\/novice.si\/page\/#organization"},"image":{"@id":"https:\/\/novice.si\/page\/mozirski-gaj-to-soboto-znova-odpira-svoja-vrata\/#primaryimage"},"thumbnailUrl":"https:\/\/novice.si\/page\/wp-content\/uploads\/2023\/03\/fotografija-lanske-sezone-foto-Maja-Horvat.jpg","keywords":["Mozirski gaj"],"articleSection":["Aktualno","\u010casopisi","Celjan","Celjsko","Dru\u017eabno","Radio Rogla"],"inLanguage":"sl-SI"},{"@type":"WebPage","@id":"https:\/\/novice.si\/page\/mozirski-gaj-to-soboto-znova-odpira-svoja-vrata\/","url":"https:\/\/novice.si\/page\/mozirski-gaj-to-soboto-znova-odpira-svoja-vrata\/","name":"Mozirski gaj to soboto znova odpira svoja vrata - Novice.si","isPartOf":{"@id":"https:\/\/novice.si\/page\/#website"},"primaryImageOfPage":{"@id":"https:\/\/novice.si\/page\/mozirski-gaj-to-soboto-znova-odpira-svoja-vrata\/#primaryimage"},"image":{"@id":"https:\/\/novice.si\/page\/mozirski-gaj-to-soboto-znova-odpira-svoja-vrata\/#primaryimage"},"thumbnailUrl":"https:\/\/novice.si\/page\/wp-content\/uploads\/2023\/03\/fotografija-lanske-sezone-foto-Maja-Horvat.jpg","datePublished":"2023-03-30T11:26:07+00:00","breadcrumb":{"@id":"https:\/\/novice.si\/page\/mozirski-gaj-to-soboto-znova-odpira-svoja-vrata\/#breadcrumb"},"inLanguage":"sl-SI","potentialAction":[{"@type":"ReadAction","target":["https:\/\/novice.si\/page\/mozirski-gaj-to-soboto-znova-odpira-svoja-vrata\/"]}]},{"@type":"ImageObject","inLanguage":"sl-SI","@id":"https:\/\/novice.si\/page\/mozirski-gaj-to-soboto-znova-odpira-svoja-vrata\/#primaryimage","url":"https:\/\/novice.si\/page\/wp-content\/uploads\/2023\/03\/fotografija-lanske-sezone-foto-Maja-Horvat.jpg","contentUrl":"https:\/\/novice.si\/page\/wp-content\/uploads\/2023\/03\/fotografija-lanske-sezone-foto-Maja-Horvat.jpg","width":1440,"height":1080},{"@type":"BreadcrumbList","@id":"https:\/\/novice.si\/page\/mozirski-gaj-to-soboto-znova-odpira-svoja-vrata\/#breadcrumb","itemListElement":[{"@type":"ListItem","position":1,"name":"Home","item":"https:\/\/novice.si\/page\/"},{"@type":"ListItem","position":2,"name":"Mozirski gaj to soboto znova odpira svoja vrata"}]},{"@type":"WebSite","@id":"https:\/\/novice.si\/page\/#website","url":"https:\/\/novice.si\/page\/","name":"Novice.si","description":"","publisher":{"@id":"https:\/\/novice.si\/page\/#organization"},"potentialAction":[{"@type":"SearchAction","target":{"@type":"EntryPoint","urlTemplate":"https:\/\/novice.si\/page\/?s={search_term_string}"},"query-input":{"@type":"PropertyValueSpecification","valueRequired":true,"valueName":"search_term_string"}}],"inLanguage":"sl-SI"},{"@type":"Organization","@id":"https:\/\/novice.si\/page\/#organization","name":"Novice.si","url":"https:\/\/novice.si\/page\/","logo":{"@type":"ImageObject","inLanguage":"sl-SI","@id":"https:\/\/novice.si\/page\/#\/schema\/logo\/image\/","url":"https:\/\/novice.si\/page\/wp-content\/uploads\/2023\/03\/novice_si.png","contentUrl":"https:\/\/novice.si\/page\/wp-content\/uploads\/2023\/03\/novice_si.png","width":576,"height":200,"caption":"Novice.si"},"image":{"@id":"https:\/\/novice.si\/page\/#\/schema\/logo\/image\/"}},{"@type":"Person","@id":"https:\/\/novice.si\/page\/#\/schema\/person\/51903923b50fefb075bc1cd24fe4d065","name":"Uredni\u0161tvo Celjana","image":{"@type":"ImageObject","inLanguage":"sl-SI","@id":"https:\/\/secure.gravatar.com\/avatar\/b516f102aa90b53619e09722b8ea56721c99bfcb4f1035f9b333d99f52330226?s=96&d=mm&r=g","url":"https:\/\/secure.gravatar.com\/avatar\/b516f102aa90b53619e09722b8ea56721c99bfcb4f1035f9b333d99f52330226?s=96&d=mm&r=g","contentUrl":"https:\/\/secure.gravatar.com\/avatar\/b516f102aa90b53619e09722b8ea56721c99bfcb4f1035f9b333d99f52330226?s=96&d=mm&r=g","caption":"Uredni\u0161tvo Celjana"},"url":"https:\/\/novice.si\/page\/author\/nejc\/"}]}},"_links":{"self":[{"href":"https:\/\/novice.si\/page\/wp-json\/wp\/v2\/posts\/161418","targetHints":{"allow":["GET"]}}],"collection":[{"href":"https:\/\/novice.si\/page\/wp-json\/wp\/v2\/posts"}],"about":[{"href":"https:\/\/novice.si\/page\/wp-json\/wp\/v2\/types\/post"}],"author":[{"embeddable":true,"href":"https:\/\/novice.si\/page\/wp-json\/wp\/v2\/users\/12"}],"replies":[{"embeddable":true,"href":"https:\/\/novice.si\/page\/wp-json\/wp\/v2\/comments?post=161418"}],"version-history":[{"count":1,"href":"https:\/\/novice.si\/page\/wp-json\/wp\/v2\/posts\/161418\/revisions"}],"predecessor-version":[{"id":161422,"href":"https:\/\/novice.si\/page\/wp-json\/wp\/v2\/posts\/161418\/revisions\/161422"}],"wp:featuredmedia":[{"embeddable":true,"href":"https:\/\/novice.si\/page\/wp-json\/wp\/v2\/media\/161419"}],"wp:attachment":[{"href":"https:\/\/novice.si\/page\/wp-json\/wp\/v2\/media?parent=161418"}],"wp:term":[{"taxonomy":"category","embeddable":true,"href":"https:\/\/novice.si\/page\/wp-json\/wp\/v2\/categories?post=161418"},{"taxonomy":"post_tag","embeddable":true,"href":"https:\/\/novice.si\/page\/wp-json\/wp\/v2\/tags?post=161418"}],"curies":[{"name":"wp","href":"https:\/\/api.w.org\/{rel}","templated":true}]}}