{"id":161400,"date":"2023-03-30T12:36:12","date_gmt":"2023-03-30T10:36:12","guid":{"rendered":"https:\/\/novice.si\/page\/?p=161400"},"modified":"2023-03-30T12:36:12","modified_gmt":"2023-03-30T10:36:12","slug":"sentjur-proti-reorganizaciji-upravnih-enot","status":"publish","type":"post","link":"https:\/\/novice.si\/page\/sentjur-proti-reorganizaciji-upravnih-enot\/","title":{"rendered":"\u0160ENTJUR Proti reorganizaciji upravnih enot"},"content":{"rendered":"<p>Tudi v \u0160entjurju odlo\u010dno nasprotujejo reorganizaciji upravnih enot, ki naj bi med drugim prinesla ukinitev nekaterih, saj naj bi dr\u017eava ohranila samo dvanajst najve\u010djih upravnih enot, kar je nedopustno.<\/p>\n<p><img loading=\"lazy\" decoding=\"async\" class=\"size-medium wp-image-155768 alignleft\" src=\"https:\/\/novice.si\/page\/wp-content\/uploads\/2022\/10\/Diaci-GOS-6-300x225.jpg\" alt=\"\" width=\"300\" height=\"225\" srcset=\"https:\/\/novice.si\/page\/wp-content\/uploads\/2022\/10\/Diaci-GOS-6-300x225.jpg 300w, https:\/\/novice.si\/page\/wp-content\/uploads\/2022\/10\/Diaci-GOS-6-1024x768.jpg 1024w, https:\/\/novice.si\/page\/wp-content\/uploads\/2022\/10\/Diaci-GOS-6-768x576.jpg 768w, https:\/\/novice.si\/page\/wp-content\/uploads\/2022\/10\/Diaci-GOS-6-1536x1152.jpg 1536w, https:\/\/novice.si\/page\/wp-content\/uploads\/2022\/10\/Diaci-GOS-6-2048x1536.jpg 2048w, https:\/\/novice.si\/page\/wp-content\/uploads\/2022\/10\/Diaci-GOS-6-80x60.jpg 80w, https:\/\/novice.si\/page\/wp-content\/uploads\/2022\/10\/Diaci-GOS-6-265x198.jpg 265w, https:\/\/novice.si\/page\/wp-content\/uploads\/2022\/10\/Diaci-GOS-6-696x522.jpg 696w, https:\/\/novice.si\/page\/wp-content\/uploads\/2022\/10\/Diaci-GOS-6-1068x801.jpg 1068w, https:\/\/novice.si\/page\/wp-content\/uploads\/2022\/10\/Diaci-GOS-6-560x420.jpg 560w, https:\/\/novice.si\/page\/wp-content\/uploads\/2022\/10\/Diaci-GOS-6-24x18.jpg 24w, https:\/\/novice.si\/page\/wp-content\/uploads\/2022\/10\/Diaci-GOS-6-36x27.jpg 36w, https:\/\/novice.si\/page\/wp-content\/uploads\/2022\/10\/Diaci-GOS-6-48x36.jpg 48w\" sizes=\"auto, (max-width: 300px) 100vw, 300px\" \/>Na v\u010deraj\u0161nji seji sekcije ob\u010din s sede\u017eem upravnih enot je \u0161entjurski \u017eupan <strong>Marko Diaci<\/strong> izpostavil, da bi z napovedanimi spremembami v lokalnih okoljih zmanj\u0161ali dostopnost do storitev dr\u017eave. To bi se zlasti poznalo pri geografsko raznolikih ob\u010dinah, kot je tudi \u0161entjurska, zato bi bilo ob zavedanju nujnosti vi\u0161je stopnje digitalizacije po njegovem potrebno dostopnost do upravnih storitev pove\u010dati, postopke pa poenostaviti.<\/p>\n<p>\u00bbZaposleni v upravnih enotah in ob\u010dinah smo namre\u010d vmesni izvedbeni \u010dlen v kopici zakonodaje in posrednik med birokratskimi postopki ter kon\u010dnimi uporabniki. Zato pri\u010dakujemo, da bomo v nadaljnjih pogovorih klju\u010dni sogovornik vlade. Prakti\u010dni vidik in izku\u0161nje ob\u010din v tem primeru ne smejo biti spregledane\u00ab, opozarja Diaci in doda, da so se ob\u010dine \u017ee soo\u010dale z nezadovoljstvom ljudi ob ukinitvah ban\u010dnih in po\u0161tnih uradov ali kr\u010denju delovanja dolo\u010denih dr\u017eavnih organov, nadaljevanje centralizacije pa ni sprejemljivo.<\/p>\n<p>P\u0160<\/p>\n","protected":false},"excerpt":{"rendered":"<p>Tudi v \u0160entjurju odlo\u010dno nasprotujejo reorganizaciji upravnih enot, ki naj bi med drugim prinesla ukinitev nekaterih, saj naj bi dr\u017eava ohranila samo dvanajst najve\u010djih upravnih enot, kar je nedopustno. Na v\u010deraj\u0161nji seji sekcije ob\u010din s sede\u017eem upravnih enot je \u0161entjurski \u017eupan Marko Diaci izpostavil, da bi z napovedanimi spremembami v lokalnih okoljih zmanj\u0161ali dostopnost do [&hellip;]<\/p>\n","protected":false},"author":33,"featured_media":158457,"comment_status":"closed","ping_status":"closed","sticky":false,"template":"","format":"standard","meta":{"footnotes":""},"categories":[57],"tags":[4240,17424,8380,17423],"class_list":{"0":"post-161400","1":"post","2":"type-post","3":"status-publish","4":"format-standard","5":"has-post-thumbnail","7":"category-sentjursko","8":"tag-marko-diaci","9":"tag-nasprotovanje-spremembam","10":"tag-reorganizacija","11":"tag-upravne-enote"},"yoast_head":"<!-- This site is optimized with the Yoast SEO plugin v27.4 - https:\/\/yoast.com\/product\/yoast-seo-wordpress\/ -->\n<title>\u0160ENTJUR Proti reorganizaciji upravnih enot - Novice.si<\/title>\n<meta name=\"robots\" content=\"index, follow, max-snippet:-1, max-image-preview:large, max-video-preview:-1\" \/>\n<link rel=\"canonical\" href=\"https:\/\/novice.si\/page\/sentjur-proti-reorganizaciji-upravnih-enot\/\" \/>\n<meta property=\"og:locale\" content=\"sl_SI\" \/>\n<meta property=\"og:type\" content=\"article\" \/>\n<meta property=\"og:title\" content=\"\u0160ENTJUR Proti reorganizaciji upravnih enot - Novice.si\" \/>\n<meta property=\"og:description\" content=\"Tudi v \u0160entjurju odlo\u010dno nasprotujejo reorganizaciji upravnih enot, ki naj bi med drugim prinesla ukinitev nekaterih, saj naj bi dr\u017eava ohranila samo dvanajst najve\u010djih upravnih enot, kar je nedopustno. Na v\u010deraj\u0161nji seji sekcije ob\u010din s sede\u017eem upravnih enot je \u0161entjurski \u017eupan Marko Diaci izpostavil, da bi z napovedanimi spremembami v lokalnih okoljih zmanj\u0161ali dostopnost do [&hellip;]\" \/>\n<meta property=\"og:url\" content=\"https:\/\/novice.si\/page\/sentjur-proti-reorganizaciji-upravnih-enot\/\" \/>\n<meta property=\"og:site_name\" content=\"Novice.si\" \/>\n<meta property=\"article:published_time\" content=\"2023-03-30T10:36:12+00:00\" \/>\n<meta property=\"og:image\" content=\"https:\/\/novice.si\/page\/wp-content\/uploads\/2022\/12\/sentjur-novo-leto-1-scaled.jpg\" \/>\n\t<meta property=\"og:image:width\" content=\"2560\" \/>\n\t<meta property=\"og:image:height\" content=\"1920\" \/>\n\t<meta property=\"og:image:type\" content=\"image\/jpeg\" \/>\n<meta name=\"author\" content=\"Uredni\u0161tvo Celjana\" \/>\n<meta name=\"twitter:card\" content=\"summary_large_image\" \/>\n<meta name=\"twitter:label1\" content=\"Written by\" \/>\n\t<meta name=\"twitter:data1\" content=\"Uredni\u0161tvo Celjana\" \/>\n\t<meta name=\"twitter:label2\" content=\"Est. reading time\" \/>\n\t<meta name=\"twitter:data2\" content=\"2 minuti\" \/>\n<script type=\"application\/ld+json\" class=\"yoast-schema-graph\">{\"@context\":\"https:\\\/\\\/schema.org\",\"@graph\":[{\"@type\":\"Article\",\"@id\":\"https:\\\/\\\/novice.si\\\/page\\\/sentjur-proti-reorganizaciji-upravnih-enot\\\/#article\",\"isPartOf\":{\"@id\":\"https:\\\/\\\/novice.si\\\/page\\\/sentjur-proti-reorganizaciji-upravnih-enot\\\/\"},\"author\":{\"name\":\"Uredni\u0161tvo Celjana\",\"@id\":\"https:\\\/\\\/novice.si\\\/page\\\/#\\\/schema\\\/person\\\/57f25c9642a9541c7349c65d32032c3e\"},\"headline\":\"\u0160ENTJUR Proti reorganizaciji upravnih enot\",\"datePublished\":\"2023-03-30T10:36:12+00:00\",\"mainEntityOfPage\":{\"@id\":\"https:\\\/\\\/novice.si\\\/page\\\/sentjur-proti-reorganizaciji-upravnih-enot\\\/\"},\"wordCount\":196,\"publisher\":{\"@id\":\"https:\\\/\\\/novice.si\\\/page\\\/#organization\"},\"image\":{\"@id\":\"https:\\\/\\\/novice.si\\\/page\\\/sentjur-proti-reorganizaciji-upravnih-enot\\\/#primaryimage\"},\"thumbnailUrl\":\"https:\\\/\\\/novice.si\\\/page\\\/wp-content\\\/uploads\\\/2022\\\/12\\\/sentjur-novo-leto-1-scaled.jpg\",\"keywords\":[\"marko diaci\",\"nasprotovanje spremembam\",\"reorganizacija\",\"Upravne enote\"],\"articleSection\":[\"\u0160entjursko\"],\"inLanguage\":\"sl-SI\"},{\"@type\":\"WebPage\",\"@id\":\"https:\\\/\\\/novice.si\\\/page\\\/sentjur-proti-reorganizaciji-upravnih-enot\\\/\",\"url\":\"https:\\\/\\\/novice.si\\\/page\\\/sentjur-proti-reorganizaciji-upravnih-enot\\\/\",\"name\":\"\u0160ENTJUR Proti reorganizaciji upravnih enot - Novice.si\",\"isPartOf\":{\"@id\":\"https:\\\/\\\/novice.si\\\/page\\\/#website\"},\"primaryImageOfPage\":{\"@id\":\"https:\\\/\\\/novice.si\\\/page\\\/sentjur-proti-reorganizaciji-upravnih-enot\\\/#primaryimage\"},\"image\":{\"@id\":\"https:\\\/\\\/novice.si\\\/page\\\/sentjur-proti-reorganizaciji-upravnih-enot\\\/#primaryimage\"},\"thumbnailUrl\":\"https:\\\/\\\/novice.si\\\/page\\\/wp-content\\\/uploads\\\/2022\\\/12\\\/sentjur-novo-leto-1-scaled.jpg\",\"datePublished\":\"2023-03-30T10:36:12+00:00\",\"breadcrumb\":{\"@id\":\"https:\\\/\\\/novice.si\\\/page\\\/sentjur-proti-reorganizaciji-upravnih-enot\\\/#breadcrumb\"},\"inLanguage\":\"sl-SI\",\"potentialAction\":[{\"@type\":\"ReadAction\",\"target\":[\"https:\\\/\\\/novice.si\\\/page\\\/sentjur-proti-reorganizaciji-upravnih-enot\\\/\"]}]},{\"@type\":\"ImageObject\",\"inLanguage\":\"sl-SI\",\"@id\":\"https:\\\/\\\/novice.si\\\/page\\\/sentjur-proti-reorganizaciji-upravnih-enot\\\/#primaryimage\",\"url\":\"https:\\\/\\\/novice.si\\\/page\\\/wp-content\\\/uploads\\\/2022\\\/12\\\/sentjur-novo-leto-1-scaled.jpg\",\"contentUrl\":\"https:\\\/\\\/novice.si\\\/page\\\/wp-content\\\/uploads\\\/2022\\\/12\\\/sentjur-novo-leto-1-scaled.jpg\",\"width\":2560,\"height\":1920},{\"@type\":\"BreadcrumbList\",\"@id\":\"https:\\\/\\\/novice.si\\\/page\\\/sentjur-proti-reorganizaciji-upravnih-enot\\\/#breadcrumb\",\"itemListElement\":[{\"@type\":\"ListItem\",\"position\":1,\"name\":\"Home\",\"item\":\"https:\\\/\\\/novice.si\\\/page\\\/\"},{\"@type\":\"ListItem\",\"position\":2,\"name\":\"\u0160ENTJUR Proti reorganizaciji upravnih enot\"}]},{\"@type\":\"WebSite\",\"@id\":\"https:\\\/\\\/novice.si\\\/page\\\/#website\",\"url\":\"https:\\\/\\\/novice.si\\\/page\\\/\",\"name\":\"Novice.si\",\"description\":\"\",\"publisher\":{\"@id\":\"https:\\\/\\\/novice.si\\\/page\\\/#organization\"},\"potentialAction\":[{\"@type\":\"SearchAction\",\"target\":{\"@type\":\"EntryPoint\",\"urlTemplate\":\"https:\\\/\\\/novice.si\\\/page\\\/?s={search_term_string}\"},\"query-input\":{\"@type\":\"PropertyValueSpecification\",\"valueRequired\":true,\"valueName\":\"search_term_string\"}}],\"inLanguage\":\"sl-SI\"},{\"@type\":\"Organization\",\"@id\":\"https:\\\/\\\/novice.si\\\/page\\\/#organization\",\"name\":\"Novice.si\",\"url\":\"https:\\\/\\\/novice.si\\\/page\\\/\",\"logo\":{\"@type\":\"ImageObject\",\"inLanguage\":\"sl-SI\",\"@id\":\"https:\\\/\\\/novice.si\\\/page\\\/#\\\/schema\\\/logo\\\/image\\\/\",\"url\":\"https:\\\/\\\/novice.si\\\/page\\\/wp-content\\\/uploads\\\/2023\\\/03\\\/novice_si.png\",\"contentUrl\":\"https:\\\/\\\/novice.si\\\/page\\\/wp-content\\\/uploads\\\/2023\\\/03\\\/novice_si.png\",\"width\":576,\"height\":200,\"caption\":\"Novice.si\"},\"image\":{\"@id\":\"https:\\\/\\\/novice.si\\\/page\\\/#\\\/schema\\\/logo\\\/image\\\/\"}},{\"@type\":\"Person\",\"@id\":\"https:\\\/\\\/novice.si\\\/page\\\/#\\\/schema\\\/person\\\/57f25c9642a9541c7349c65d32032c3e\",\"name\":\"Uredni\u0161tvo Celjana\",\"image\":{\"@type\":\"ImageObject\",\"inLanguage\":\"sl-SI\",\"@id\":\"https:\\\/\\\/secure.gravatar.com\\\/avatar\\\/78e52bc4279b65f6df6345e0ef0f7b792d361361f230cf4ffecfe0afe6d5629c?s=96&d=mm&r=g\",\"url\":\"https:\\\/\\\/secure.gravatar.com\\\/avatar\\\/78e52bc4279b65f6df6345e0ef0f7b792d361361f230cf4ffecfe0afe6d5629c?s=96&d=mm&r=g\",\"contentUrl\":\"https:\\\/\\\/secure.gravatar.com\\\/avatar\\\/78e52bc4279b65f6df6345e0ef0f7b792d361361f230cf4ffecfe0afe6d5629c?s=96&d=mm&r=g\",\"caption\":\"Uredni\u0161tvo Celjana\"},\"url\":\"https:\\\/\\\/novice.si\\\/page\\\/author\\\/primoz\\\/\"}]}<\/script>\n<!-- \/ Yoast SEO plugin. -->","yoast_head_json":{"title":"\u0160ENTJUR Proti reorganizaciji upravnih enot - Novice.si","robots":{"index":"index","follow":"follow","max-snippet":"max-snippet:-1","max-image-preview":"max-image-preview:large","max-video-preview":"max-video-preview:-1"},"canonical":"https:\/\/novice.si\/page\/sentjur-proti-reorganizaciji-upravnih-enot\/","og_locale":"sl_SI","og_type":"article","og_title":"\u0160ENTJUR Proti reorganizaciji upravnih enot - Novice.si","og_description":"Tudi v \u0160entjurju odlo\u010dno nasprotujejo reorganizaciji upravnih enot, ki naj bi med drugim prinesla ukinitev nekaterih, saj naj bi dr\u017eava ohranila samo dvanajst najve\u010djih upravnih enot, kar je nedopustno. Na v\u010deraj\u0161nji seji sekcije ob\u010din s sede\u017eem upravnih enot je \u0161entjurski \u017eupan Marko Diaci izpostavil, da bi z napovedanimi spremembami v lokalnih okoljih zmanj\u0161ali dostopnost do [&hellip;]","og_url":"https:\/\/novice.si\/page\/sentjur-proti-reorganizaciji-upravnih-enot\/","og_site_name":"Novice.si","article_published_time":"2023-03-30T10:36:12+00:00","og_image":[{"width":2560,"height":1920,"url":"https:\/\/novice.si\/page\/wp-content\/uploads\/2022\/12\/sentjur-novo-leto-1-scaled.jpg","type":"image\/jpeg"}],"author":"Uredni\u0161tvo Celjana","twitter_card":"summary_large_image","twitter_misc":{"Written by":"Uredni\u0161tvo Celjana","Est. reading time":"2 minuti"},"schema":{"@context":"https:\/\/schema.org","@graph":[{"@type":"Article","@id":"https:\/\/novice.si\/page\/sentjur-proti-reorganizaciji-upravnih-enot\/#article","isPartOf":{"@id":"https:\/\/novice.si\/page\/sentjur-proti-reorganizaciji-upravnih-enot\/"},"author":{"name":"Uredni\u0161tvo Celjana","@id":"https:\/\/novice.si\/page\/#\/schema\/person\/57f25c9642a9541c7349c65d32032c3e"},"headline":"\u0160ENTJUR Proti reorganizaciji upravnih enot","datePublished":"2023-03-30T10:36:12+00:00","mainEntityOfPage":{"@id":"https:\/\/novice.si\/page\/sentjur-proti-reorganizaciji-upravnih-enot\/"},"wordCount":196,"publisher":{"@id":"https:\/\/novice.si\/page\/#organization"},"image":{"@id":"https:\/\/novice.si\/page\/sentjur-proti-reorganizaciji-upravnih-enot\/#primaryimage"},"thumbnailUrl":"https:\/\/novice.si\/page\/wp-content\/uploads\/2022\/12\/sentjur-novo-leto-1-scaled.jpg","keywords":["marko diaci","nasprotovanje spremembam","reorganizacija","Upravne enote"],"articleSection":["\u0160entjursko"],"inLanguage":"sl-SI"},{"@type":"WebPage","@id":"https:\/\/novice.si\/page\/sentjur-proti-reorganizaciji-upravnih-enot\/","url":"https:\/\/novice.si\/page\/sentjur-proti-reorganizaciji-upravnih-enot\/","name":"\u0160ENTJUR Proti reorganizaciji upravnih enot - Novice.si","isPartOf":{"@id":"https:\/\/novice.si\/page\/#website"},"primaryImageOfPage":{"@id":"https:\/\/novice.si\/page\/sentjur-proti-reorganizaciji-upravnih-enot\/#primaryimage"},"image":{"@id":"https:\/\/novice.si\/page\/sentjur-proti-reorganizaciji-upravnih-enot\/#primaryimage"},"thumbnailUrl":"https:\/\/novice.si\/page\/wp-content\/uploads\/2022\/12\/sentjur-novo-leto-1-scaled.jpg","datePublished":"2023-03-30T10:36:12+00:00","breadcrumb":{"@id":"https:\/\/novice.si\/page\/sentjur-proti-reorganizaciji-upravnih-enot\/#breadcrumb"},"inLanguage":"sl-SI","potentialAction":[{"@type":"ReadAction","target":["https:\/\/novice.si\/page\/sentjur-proti-reorganizaciji-upravnih-enot\/"]}]},{"@type":"ImageObject","inLanguage":"sl-SI","@id":"https:\/\/novice.si\/page\/sentjur-proti-reorganizaciji-upravnih-enot\/#primaryimage","url":"https:\/\/novice.si\/page\/wp-content\/uploads\/2022\/12\/sentjur-novo-leto-1-scaled.jpg","contentUrl":"https:\/\/novice.si\/page\/wp-content\/uploads\/2022\/12\/sentjur-novo-leto-1-scaled.jpg","width":2560,"height":1920},{"@type":"BreadcrumbList","@id":"https:\/\/novice.si\/page\/sentjur-proti-reorganizaciji-upravnih-enot\/#breadcrumb","itemListElement":[{"@type":"ListItem","position":1,"name":"Home","item":"https:\/\/novice.si\/page\/"},{"@type":"ListItem","position":2,"name":"\u0160ENTJUR Proti reorganizaciji upravnih enot"}]},{"@type":"WebSite","@id":"https:\/\/novice.si\/page\/#website","url":"https:\/\/novice.si\/page\/","name":"Novice.si","description":"","publisher":{"@id":"https:\/\/novice.si\/page\/#organization"},"potentialAction":[{"@type":"SearchAction","target":{"@type":"EntryPoint","urlTemplate":"https:\/\/novice.si\/page\/?s={search_term_string}"},"query-input":{"@type":"PropertyValueSpecification","valueRequired":true,"valueName":"search_term_string"}}],"inLanguage":"sl-SI"},{"@type":"Organization","@id":"https:\/\/novice.si\/page\/#organization","name":"Novice.si","url":"https:\/\/novice.si\/page\/","logo":{"@type":"ImageObject","inLanguage":"sl-SI","@id":"https:\/\/novice.si\/page\/#\/schema\/logo\/image\/","url":"https:\/\/novice.si\/page\/wp-content\/uploads\/2023\/03\/novice_si.png","contentUrl":"https:\/\/novice.si\/page\/wp-content\/uploads\/2023\/03\/novice_si.png","width":576,"height":200,"caption":"Novice.si"},"image":{"@id":"https:\/\/novice.si\/page\/#\/schema\/logo\/image\/"}},{"@type":"Person","@id":"https:\/\/novice.si\/page\/#\/schema\/person\/57f25c9642a9541c7349c65d32032c3e","name":"Uredni\u0161tvo Celjana","image":{"@type":"ImageObject","inLanguage":"sl-SI","@id":"https:\/\/secure.gravatar.com\/avatar\/78e52bc4279b65f6df6345e0ef0f7b792d361361f230cf4ffecfe0afe6d5629c?s=96&d=mm&r=g","url":"https:\/\/secure.gravatar.com\/avatar\/78e52bc4279b65f6df6345e0ef0f7b792d361361f230cf4ffecfe0afe6d5629c?s=96&d=mm&r=g","contentUrl":"https:\/\/secure.gravatar.com\/avatar\/78e52bc4279b65f6df6345e0ef0f7b792d361361f230cf4ffecfe0afe6d5629c?s=96&d=mm&r=g","caption":"Uredni\u0161tvo Celjana"},"url":"https:\/\/novice.si\/page\/author\/primoz\/"}]}},"_links":{"self":[{"href":"https:\/\/novice.si\/page\/wp-json\/wp\/v2\/posts\/161400","targetHints":{"allow":["GET"]}}],"collection":[{"href":"https:\/\/novice.si\/page\/wp-json\/wp\/v2\/posts"}],"about":[{"href":"https:\/\/novice.si\/page\/wp-json\/wp\/v2\/types\/post"}],"author":[{"embeddable":true,"href":"https:\/\/novice.si\/page\/wp-json\/wp\/v2\/users\/33"}],"replies":[{"embeddable":true,"href":"https:\/\/novice.si\/page\/wp-json\/wp\/v2\/comments?post=161400"}],"version-history":[{"count":1,"href":"https:\/\/novice.si\/page\/wp-json\/wp\/v2\/posts\/161400\/revisions"}],"predecessor-version":[{"id":161401,"href":"https:\/\/novice.si\/page\/wp-json\/wp\/v2\/posts\/161400\/revisions\/161401"}],"wp:featuredmedia":[{"embeddable":true,"href":"https:\/\/novice.si\/page\/wp-json\/wp\/v2\/media\/158457"}],"wp:attachment":[{"href":"https:\/\/novice.si\/page\/wp-json\/wp\/v2\/media?parent=161400"}],"wp:term":[{"taxonomy":"category","embeddable":true,"href":"https:\/\/novice.si\/page\/wp-json\/wp\/v2\/categories?post=161400"},{"taxonomy":"post_tag","embeddable":true,"href":"https:\/\/novice.si\/page\/wp-json\/wp\/v2\/tags?post=161400"}],"curies":[{"name":"wp","href":"https:\/\/api.w.org\/{rel}","templated":true}]}}