{"id":161229,"date":"2023-03-24T12:50:40","date_gmt":"2023-03-24T11:50:40","guid":{"rendered":"https:\/\/novice.si\/page\/?p=161229"},"modified":"2023-03-24T12:50:40","modified_gmt":"2023-03-24T11:50:40","slug":"v-celju-zivi-64-psov-s-statusom-nevaren","status":"publish","type":"post","link":"https:\/\/novice.si\/page\/v-celju-zivi-64-psov-s-statusom-nevaren\/","title":{"rendered":"V Celju \u017eivi 64 psov s statusom nevaren"},"content":{"rendered":"<figure id=\"attachment_161230\" aria-describedby=\"caption-attachment-161230\" style=\"width: 200px\" class=\"wp-caption alignleft\"><a href=\"https:\/\/novice.si\/page\/wp-content\/uploads\/2023\/03\/izpostavljeno-psi-1158-foto-gaja-urlep.jpg\" data-gallery><img loading=\"lazy\" decoding=\"async\" class=\"size-medium wp-image-161230\" src=\"https:\/\/novice.si\/page\/wp-content\/uploads\/2023\/03\/izpostavljeno-psi-1158-foto-gaja-urlep-200x300.jpg\" alt=\"\" width=\"200\" height=\"300\" srcset=\"https:\/\/novice.si\/page\/wp-content\/uploads\/2023\/03\/izpostavljeno-psi-1158-foto-gaja-urlep-200x300.jpg 200w, https:\/\/novice.si\/page\/wp-content\/uploads\/2023\/03\/izpostavljeno-psi-1158-foto-gaja-urlep-682x1024.jpg 682w, https:\/\/novice.si\/page\/wp-content\/uploads\/2023\/03\/izpostavljeno-psi-1158-foto-gaja-urlep-768x1152.jpg 768w, https:\/\/novice.si\/page\/wp-content\/uploads\/2023\/03\/izpostavljeno-psi-1158-foto-gaja-urlep-1024x1536.jpg 1024w, https:\/\/novice.si\/page\/wp-content\/uploads\/2023\/03\/izpostavljeno-psi-1158-foto-gaja-urlep-696x1044.jpg 696w, https:\/\/novice.si\/page\/wp-content\/uploads\/2023\/03\/izpostavljeno-psi-1158-foto-gaja-urlep-1068x1602.jpg 1068w, https:\/\/novice.si\/page\/wp-content\/uploads\/2023\/03\/izpostavljeno-psi-1158-foto-gaja-urlep-280x420.jpg 280w, https:\/\/novice.si\/page\/wp-content\/uploads\/2023\/03\/izpostavljeno-psi-1158-foto-gaja-urlep-16x24.jpg 16w, https:\/\/novice.si\/page\/wp-content\/uploads\/2023\/03\/izpostavljeno-psi-1158-foto-gaja-urlep-24x36.jpg 24w, https:\/\/novice.si\/page\/wp-content\/uploads\/2023\/03\/izpostavljeno-psi-1158-foto-gaja-urlep-32x48.jpg 32w, https:\/\/novice.si\/page\/wp-content\/uploads\/2023\/03\/izpostavljeno-psi-1158-foto-gaja-urlep.jpg 1181w\" sizes=\"auto, (max-width: 200px) 100vw, 200px\" \/><\/a><figcaption id=\"caption-attachment-161230\" class=\"wp-caption-text\">Foto Gaja Urlep<\/figcaption><\/figure>\n<p><em>V Sloveniji je bilo sredi marca registriranih ve\u010d kot \u010detrt milijona psov. \u0160tevilo psov pri nas z leti sicer nara\u0161\u010da.<\/em><\/p>\n<p>Dejstvo je, da se dru\u017eine in posamezniki vedno pogosteje odlo\u010dajo, da si dru\u017eine pove\u010dajo z enim od \u0161tirino\u017ecev, \u010dlovekovim najbolj\u0161im prijateljem, pravijo. Pa so na\u0161a opa\u017eanja, da je tudi v kne\u017ejem mestu vedno ve\u010d lastnikov psov, utemeljena?<\/p>\n<p>Na Upravi za varno hrano, veterinarstvo in varstvo rastlin (UVHVVR) so nam potrdili, da \u0161tevilo psov z leti res nekoliko nara\u0161\u010da. Prvega januarja 2013 je bilo registriranih 219.176 psov, pet let kasneje 230.075 psov in letos prvega januarja 250.855 psov. V desetletju se je torej njihovo \u0161tevilo pove\u010dalo za ve\u010d ko 31.000. \u010ce pri\u0161tejemo tiste &#8216;na \u010drno&#8217;, ki niso \u010dipirani, je njihovo \u0161tevilo \u0161e vi\u0161je.<\/p>\n<p><strong>Dol\u017enosti lastnika psa<\/strong><\/p>\n<p>Veljavni Zakon o za\u0161\u010diti \u017eivali dolo\u010da, da mora skrbnik \u017eivali z ustrezno vzgojo in \u0161olanjem oziroma z drugimi ukrepi zagotoviti, da \u017eival ni nevarna okolici, skrbniki psov pa morajo zagotoviti fizi\u010dno varstvo svojih psov tako, da jih imajo na javnem mestu na povodcu.<\/p>\n<p>Pes, ki ima status nevarnega psa, mora biti fizi\u010dno varovan, to pomeni, da morajo biti psi na povodcu in opremljeni z nagob\u010dnikom, da so zaprti v pesjaku ali objektu oziroma morajo biti v ograjenem prostoru z ograjo, visoko najmanj 1,8 m, ki je na vhodu ozna\u010den z opozorilnim znakom.<\/p>\n<p><strong>\u010ce pride do ponovnega ugriza<\/strong><\/p>\n<p>\u010ce nevaren pes, ki je \u017ee ugriznil in si pridobil status nevarnega psa, ponovno ugrizne, pri \u010demer po\u0161kodba ni posebno huda telesa po\u0161kodba, je zanj predpisano obvezno \u0161olanje, ki mora biti izvedeno v \u0161estih mesecih od dogodka oziroma do dopolnjenega drugega leta starosti, \u010de gre za mladega psa. \u0160olanja se morata udele\u017eiti pes in lastnik po programu, ki je odobren s strani UVHVVR.<\/p>\n<p>Kaj pa prijave, koliko jih je v Celju in kak\u0161ne so kazni, \u010de ne pospravite za svojim \u0161tirino\u017enim prijateljem? Vse to in \u0161e ve\u010d lahko preberete v aktualni \u0161tevilki \u010dasopisa Celjan, ki vas \u0161e vedno \u010daka na prodajnih mestih.<\/p>\n","protected":false},"excerpt":{"rendered":"<p>V Sloveniji je bilo sredi marca registriranih ve\u010d kot \u010detrt milijona psov. \u0160tevilo psov pri nas z leti sicer nara\u0161\u010da. Dejstvo je, da se dru\u017eine in posamezniki vedno pogosteje odlo\u010dajo, da si dru\u017eine pove\u010dajo z enim od \u0161tirino\u017ecev, \u010dlovekovim najbolj\u0161im prijateljem, pravijo. Pa so na\u0161a opa\u017eanja, da je tudi v kne\u017ejem mestu vedno ve\u010d lastnikov [&hellip;]<\/p>\n","protected":false},"author":55,"featured_media":161230,"comment_status":"closed","ping_status":"closed","sticky":false,"template":"","format":"standard","meta":{"footnotes":""},"categories":[14,142,17],"tags":[],"class_list":{"0":"post-161229","1":"post","2":"type-post","3":"status-publish","4":"format-standard","5":"has-post-thumbnail","7":"category-aktualno","8":"category-celjan","9":"category-celjsko"},"yoast_head":"<!-- This site is optimized with the Yoast SEO plugin v27.4 - https:\/\/yoast.com\/product\/yoast-seo-wordpress\/ -->\n<title>V Celju \u017eivi 64 psov s statusom nevaren - Novice.si<\/title>\n<meta name=\"robots\" content=\"index, follow, max-snippet:-1, max-image-preview:large, max-video-preview:-1\" \/>\n<link rel=\"canonical\" href=\"https:\/\/novice.si\/page\/v-celju-zivi-64-psov-s-statusom-nevaren\/\" \/>\n<meta property=\"og:locale\" content=\"sl_SI\" \/>\n<meta property=\"og:type\" content=\"article\" \/>\n<meta property=\"og:title\" content=\"V Celju \u017eivi 64 psov s statusom nevaren - Novice.si\" \/>\n<meta property=\"og:description\" content=\"V Sloveniji je bilo sredi marca registriranih ve\u010d kot \u010detrt milijona psov. \u0160tevilo psov pri nas z leti sicer nara\u0161\u010da. Dejstvo je, da se dru\u017eine in posamezniki vedno pogosteje odlo\u010dajo, da si dru\u017eine pove\u010dajo z enim od \u0161tirino\u017ecev, \u010dlovekovim najbolj\u0161im prijateljem, pravijo. Pa so na\u0161a opa\u017eanja, da je tudi v kne\u017ejem mestu vedno ve\u010d lastnikov [&hellip;]\" \/>\n<meta property=\"og:url\" content=\"https:\/\/novice.si\/page\/v-celju-zivi-64-psov-s-statusom-nevaren\/\" \/>\n<meta property=\"og:site_name\" content=\"Novice.si\" \/>\n<meta property=\"article:published_time\" content=\"2023-03-24T11:50:40+00:00\" \/>\n<meta property=\"og:image\" content=\"https:\/\/novice.si\/page\/wp-content\/uploads\/2023\/03\/izpostavljeno-psi-1158-foto-gaja-urlep.jpg\" \/>\n\t<meta property=\"og:image:width\" content=\"1181\" \/>\n\t<meta property=\"og:image:height\" content=\"1772\" \/>\n\t<meta property=\"og:image:type\" content=\"image\/jpeg\" \/>\n<meta name=\"author\" content=\"Uredni\u0161tvo Celjana\" \/>\n<meta name=\"twitter:card\" content=\"summary_large_image\" \/>\n<meta name=\"twitter:label1\" content=\"Written by\" \/>\n\t<meta name=\"twitter:data1\" content=\"Uredni\u0161tvo Celjana\" \/>\n\t<meta name=\"twitter:label2\" content=\"Est. reading time\" \/>\n\t<meta name=\"twitter:data2\" content=\"3 minute\" \/>\n<script type=\"application\/ld+json\" class=\"yoast-schema-graph\">{\"@context\":\"https:\\\/\\\/schema.org\",\"@graph\":[{\"@type\":\"Article\",\"@id\":\"https:\\\/\\\/novice.si\\\/page\\\/v-celju-zivi-64-psov-s-statusom-nevaren\\\/#article\",\"isPartOf\":{\"@id\":\"https:\\\/\\\/novice.si\\\/page\\\/v-celju-zivi-64-psov-s-statusom-nevaren\\\/\"},\"author\":{\"name\":\"Uredni\u0161tvo Celjana\",\"@id\":\"https:\\\/\\\/novice.si\\\/page\\\/#\\\/schema\\\/person\\\/a49f233ef2777ec7b2e8d0662325bb48\"},\"headline\":\"V Celju \u017eivi 64 psov s statusom nevaren\",\"datePublished\":\"2023-03-24T11:50:40+00:00\",\"mainEntityOfPage\":{\"@id\":\"https:\\\/\\\/novice.si\\\/page\\\/v-celju-zivi-64-psov-s-statusom-nevaren\\\/\"},\"wordCount\":361,\"publisher\":{\"@id\":\"https:\\\/\\\/novice.si\\\/page\\\/#organization\"},\"image\":{\"@id\":\"https:\\\/\\\/novice.si\\\/page\\\/v-celju-zivi-64-psov-s-statusom-nevaren\\\/#primaryimage\"},\"thumbnailUrl\":\"https:\\\/\\\/novice.si\\\/page\\\/wp-content\\\/uploads\\\/2023\\\/03\\\/izpostavljeno-psi-1158-foto-gaja-urlep.jpg\",\"articleSection\":[\"Aktualno\",\"Celjan\",\"Celjsko\"],\"inLanguage\":\"sl-SI\"},{\"@type\":\"WebPage\",\"@id\":\"https:\\\/\\\/novice.si\\\/page\\\/v-celju-zivi-64-psov-s-statusom-nevaren\\\/\",\"url\":\"https:\\\/\\\/novice.si\\\/page\\\/v-celju-zivi-64-psov-s-statusom-nevaren\\\/\",\"name\":\"V Celju \u017eivi 64 psov s statusom nevaren - Novice.si\",\"isPartOf\":{\"@id\":\"https:\\\/\\\/novice.si\\\/page\\\/#website\"},\"primaryImageOfPage\":{\"@id\":\"https:\\\/\\\/novice.si\\\/page\\\/v-celju-zivi-64-psov-s-statusom-nevaren\\\/#primaryimage\"},\"image\":{\"@id\":\"https:\\\/\\\/novice.si\\\/page\\\/v-celju-zivi-64-psov-s-statusom-nevaren\\\/#primaryimage\"},\"thumbnailUrl\":\"https:\\\/\\\/novice.si\\\/page\\\/wp-content\\\/uploads\\\/2023\\\/03\\\/izpostavljeno-psi-1158-foto-gaja-urlep.jpg\",\"datePublished\":\"2023-03-24T11:50:40+00:00\",\"breadcrumb\":{\"@id\":\"https:\\\/\\\/novice.si\\\/page\\\/v-celju-zivi-64-psov-s-statusom-nevaren\\\/#breadcrumb\"},\"inLanguage\":\"sl-SI\",\"potentialAction\":[{\"@type\":\"ReadAction\",\"target\":[\"https:\\\/\\\/novice.si\\\/page\\\/v-celju-zivi-64-psov-s-statusom-nevaren\\\/\"]}]},{\"@type\":\"ImageObject\",\"inLanguage\":\"sl-SI\",\"@id\":\"https:\\\/\\\/novice.si\\\/page\\\/v-celju-zivi-64-psov-s-statusom-nevaren\\\/#primaryimage\",\"url\":\"https:\\\/\\\/novice.si\\\/page\\\/wp-content\\\/uploads\\\/2023\\\/03\\\/izpostavljeno-psi-1158-foto-gaja-urlep.jpg\",\"contentUrl\":\"https:\\\/\\\/novice.si\\\/page\\\/wp-content\\\/uploads\\\/2023\\\/03\\\/izpostavljeno-psi-1158-foto-gaja-urlep.jpg\",\"width\":1181,\"height\":1772,\"caption\":\"Foto Gaja Urlep\"},{\"@type\":\"BreadcrumbList\",\"@id\":\"https:\\\/\\\/novice.si\\\/page\\\/v-celju-zivi-64-psov-s-statusom-nevaren\\\/#breadcrumb\",\"itemListElement\":[{\"@type\":\"ListItem\",\"position\":1,\"name\":\"Home\",\"item\":\"https:\\\/\\\/novice.si\\\/page\\\/\"},{\"@type\":\"ListItem\",\"position\":2,\"name\":\"V Celju \u017eivi 64 psov s statusom nevaren\"}]},{\"@type\":\"WebSite\",\"@id\":\"https:\\\/\\\/novice.si\\\/page\\\/#website\",\"url\":\"https:\\\/\\\/novice.si\\\/page\\\/\",\"name\":\"Novice.si\",\"description\":\"\",\"publisher\":{\"@id\":\"https:\\\/\\\/novice.si\\\/page\\\/#organization\"},\"potentialAction\":[{\"@type\":\"SearchAction\",\"target\":{\"@type\":\"EntryPoint\",\"urlTemplate\":\"https:\\\/\\\/novice.si\\\/page\\\/?s={search_term_string}\"},\"query-input\":{\"@type\":\"PropertyValueSpecification\",\"valueRequired\":true,\"valueName\":\"search_term_string\"}}],\"inLanguage\":\"sl-SI\"},{\"@type\":\"Organization\",\"@id\":\"https:\\\/\\\/novice.si\\\/page\\\/#organization\",\"name\":\"Novice.si\",\"url\":\"https:\\\/\\\/novice.si\\\/page\\\/\",\"logo\":{\"@type\":\"ImageObject\",\"inLanguage\":\"sl-SI\",\"@id\":\"https:\\\/\\\/novice.si\\\/page\\\/#\\\/schema\\\/logo\\\/image\\\/\",\"url\":\"https:\\\/\\\/novice.si\\\/page\\\/wp-content\\\/uploads\\\/2023\\\/03\\\/novice_si.png\",\"contentUrl\":\"https:\\\/\\\/novice.si\\\/page\\\/wp-content\\\/uploads\\\/2023\\\/03\\\/novice_si.png\",\"width\":576,\"height\":200,\"caption\":\"Novice.si\"},\"image\":{\"@id\":\"https:\\\/\\\/novice.si\\\/page\\\/#\\\/schema\\\/logo\\\/image\\\/\"}},{\"@type\":\"Person\",\"@id\":\"https:\\\/\\\/novice.si\\\/page\\\/#\\\/schema\\\/person\\\/a49f233ef2777ec7b2e8d0662325bb48\",\"name\":\"Uredni\u0161tvo Celjana\",\"image\":{\"@type\":\"ImageObject\",\"inLanguage\":\"sl-SI\",\"@id\":\"https:\\\/\\\/secure.gravatar.com\\\/avatar\\\/7f7863e616af8f92806c638dd1db3f1a238d83d1cc2ec3100afc06fbb7eb303f?s=96&d=mm&r=g\",\"url\":\"https:\\\/\\\/secure.gravatar.com\\\/avatar\\\/7f7863e616af8f92806c638dd1db3f1a238d83d1cc2ec3100afc06fbb7eb303f?s=96&d=mm&r=g\",\"contentUrl\":\"https:\\\/\\\/secure.gravatar.com\\\/avatar\\\/7f7863e616af8f92806c638dd1db3f1a238d83d1cc2ec3100afc06fbb7eb303f?s=96&d=mm&r=g\",\"caption\":\"Uredni\u0161tvo Celjana\"},\"url\":\"https:\\\/\\\/novice.si\\\/page\\\/author\\\/maja\\\/\"}]}<\/script>\n<!-- \/ Yoast SEO plugin. -->","yoast_head_json":{"title":"V Celju \u017eivi 64 psov s statusom nevaren - Novice.si","robots":{"index":"index","follow":"follow","max-snippet":"max-snippet:-1","max-image-preview":"max-image-preview:large","max-video-preview":"max-video-preview:-1"},"canonical":"https:\/\/novice.si\/page\/v-celju-zivi-64-psov-s-statusom-nevaren\/","og_locale":"sl_SI","og_type":"article","og_title":"V Celju \u017eivi 64 psov s statusom nevaren - Novice.si","og_description":"V Sloveniji je bilo sredi marca registriranih ve\u010d kot \u010detrt milijona psov. \u0160tevilo psov pri nas z leti sicer nara\u0161\u010da. Dejstvo je, da se dru\u017eine in posamezniki vedno pogosteje odlo\u010dajo, da si dru\u017eine pove\u010dajo z enim od \u0161tirino\u017ecev, \u010dlovekovim najbolj\u0161im prijateljem, pravijo. Pa so na\u0161a opa\u017eanja, da je tudi v kne\u017ejem mestu vedno ve\u010d lastnikov [&hellip;]","og_url":"https:\/\/novice.si\/page\/v-celju-zivi-64-psov-s-statusom-nevaren\/","og_site_name":"Novice.si","article_published_time":"2023-03-24T11:50:40+00:00","og_image":[{"width":1181,"height":1772,"url":"https:\/\/novice.si\/page\/wp-content\/uploads\/2023\/03\/izpostavljeno-psi-1158-foto-gaja-urlep.jpg","type":"image\/jpeg"}],"author":"Uredni\u0161tvo Celjana","twitter_card":"summary_large_image","twitter_misc":{"Written by":"Uredni\u0161tvo Celjana","Est. reading time":"3 minute"},"schema":{"@context":"https:\/\/schema.org","@graph":[{"@type":"Article","@id":"https:\/\/novice.si\/page\/v-celju-zivi-64-psov-s-statusom-nevaren\/#article","isPartOf":{"@id":"https:\/\/novice.si\/page\/v-celju-zivi-64-psov-s-statusom-nevaren\/"},"author":{"name":"Uredni\u0161tvo Celjana","@id":"https:\/\/novice.si\/page\/#\/schema\/person\/a49f233ef2777ec7b2e8d0662325bb48"},"headline":"V Celju \u017eivi 64 psov s statusom nevaren","datePublished":"2023-03-24T11:50:40+00:00","mainEntityOfPage":{"@id":"https:\/\/novice.si\/page\/v-celju-zivi-64-psov-s-statusom-nevaren\/"},"wordCount":361,"publisher":{"@id":"https:\/\/novice.si\/page\/#organization"},"image":{"@id":"https:\/\/novice.si\/page\/v-celju-zivi-64-psov-s-statusom-nevaren\/#primaryimage"},"thumbnailUrl":"https:\/\/novice.si\/page\/wp-content\/uploads\/2023\/03\/izpostavljeno-psi-1158-foto-gaja-urlep.jpg","articleSection":["Aktualno","Celjan","Celjsko"],"inLanguage":"sl-SI"},{"@type":"WebPage","@id":"https:\/\/novice.si\/page\/v-celju-zivi-64-psov-s-statusom-nevaren\/","url":"https:\/\/novice.si\/page\/v-celju-zivi-64-psov-s-statusom-nevaren\/","name":"V Celju \u017eivi 64 psov s statusom nevaren - Novice.si","isPartOf":{"@id":"https:\/\/novice.si\/page\/#website"},"primaryImageOfPage":{"@id":"https:\/\/novice.si\/page\/v-celju-zivi-64-psov-s-statusom-nevaren\/#primaryimage"},"image":{"@id":"https:\/\/novice.si\/page\/v-celju-zivi-64-psov-s-statusom-nevaren\/#primaryimage"},"thumbnailUrl":"https:\/\/novice.si\/page\/wp-content\/uploads\/2023\/03\/izpostavljeno-psi-1158-foto-gaja-urlep.jpg","datePublished":"2023-03-24T11:50:40+00:00","breadcrumb":{"@id":"https:\/\/novice.si\/page\/v-celju-zivi-64-psov-s-statusom-nevaren\/#breadcrumb"},"inLanguage":"sl-SI","potentialAction":[{"@type":"ReadAction","target":["https:\/\/novice.si\/page\/v-celju-zivi-64-psov-s-statusom-nevaren\/"]}]},{"@type":"ImageObject","inLanguage":"sl-SI","@id":"https:\/\/novice.si\/page\/v-celju-zivi-64-psov-s-statusom-nevaren\/#primaryimage","url":"https:\/\/novice.si\/page\/wp-content\/uploads\/2023\/03\/izpostavljeno-psi-1158-foto-gaja-urlep.jpg","contentUrl":"https:\/\/novice.si\/page\/wp-content\/uploads\/2023\/03\/izpostavljeno-psi-1158-foto-gaja-urlep.jpg","width":1181,"height":1772,"caption":"Foto Gaja Urlep"},{"@type":"BreadcrumbList","@id":"https:\/\/novice.si\/page\/v-celju-zivi-64-psov-s-statusom-nevaren\/#breadcrumb","itemListElement":[{"@type":"ListItem","position":1,"name":"Home","item":"https:\/\/novice.si\/page\/"},{"@type":"ListItem","position":2,"name":"V Celju \u017eivi 64 psov s statusom nevaren"}]},{"@type":"WebSite","@id":"https:\/\/novice.si\/page\/#website","url":"https:\/\/novice.si\/page\/","name":"Novice.si","description":"","publisher":{"@id":"https:\/\/novice.si\/page\/#organization"},"potentialAction":[{"@type":"SearchAction","target":{"@type":"EntryPoint","urlTemplate":"https:\/\/novice.si\/page\/?s={search_term_string}"},"query-input":{"@type":"PropertyValueSpecification","valueRequired":true,"valueName":"search_term_string"}}],"inLanguage":"sl-SI"},{"@type":"Organization","@id":"https:\/\/novice.si\/page\/#organization","name":"Novice.si","url":"https:\/\/novice.si\/page\/","logo":{"@type":"ImageObject","inLanguage":"sl-SI","@id":"https:\/\/novice.si\/page\/#\/schema\/logo\/image\/","url":"https:\/\/novice.si\/page\/wp-content\/uploads\/2023\/03\/novice_si.png","contentUrl":"https:\/\/novice.si\/page\/wp-content\/uploads\/2023\/03\/novice_si.png","width":576,"height":200,"caption":"Novice.si"},"image":{"@id":"https:\/\/novice.si\/page\/#\/schema\/logo\/image\/"}},{"@type":"Person","@id":"https:\/\/novice.si\/page\/#\/schema\/person\/a49f233ef2777ec7b2e8d0662325bb48","name":"Uredni\u0161tvo Celjana","image":{"@type":"ImageObject","inLanguage":"sl-SI","@id":"https:\/\/secure.gravatar.com\/avatar\/7f7863e616af8f92806c638dd1db3f1a238d83d1cc2ec3100afc06fbb7eb303f?s=96&d=mm&r=g","url":"https:\/\/secure.gravatar.com\/avatar\/7f7863e616af8f92806c638dd1db3f1a238d83d1cc2ec3100afc06fbb7eb303f?s=96&d=mm&r=g","contentUrl":"https:\/\/secure.gravatar.com\/avatar\/7f7863e616af8f92806c638dd1db3f1a238d83d1cc2ec3100afc06fbb7eb303f?s=96&d=mm&r=g","caption":"Uredni\u0161tvo Celjana"},"url":"https:\/\/novice.si\/page\/author\/maja\/"}]}},"_links":{"self":[{"href":"https:\/\/novice.si\/page\/wp-json\/wp\/v2\/posts\/161229","targetHints":{"allow":["GET"]}}],"collection":[{"href":"https:\/\/novice.si\/page\/wp-json\/wp\/v2\/posts"}],"about":[{"href":"https:\/\/novice.si\/page\/wp-json\/wp\/v2\/types\/post"}],"author":[{"embeddable":true,"href":"https:\/\/novice.si\/page\/wp-json\/wp\/v2\/users\/55"}],"replies":[{"embeddable":true,"href":"https:\/\/novice.si\/page\/wp-json\/wp\/v2\/comments?post=161229"}],"version-history":[{"count":1,"href":"https:\/\/novice.si\/page\/wp-json\/wp\/v2\/posts\/161229\/revisions"}],"predecessor-version":[{"id":161231,"href":"https:\/\/novice.si\/page\/wp-json\/wp\/v2\/posts\/161229\/revisions\/161231"}],"wp:featuredmedia":[{"embeddable":true,"href":"https:\/\/novice.si\/page\/wp-json\/wp\/v2\/media\/161230"}],"wp:attachment":[{"href":"https:\/\/novice.si\/page\/wp-json\/wp\/v2\/media?parent=161229"}],"wp:term":[{"taxonomy":"category","embeddable":true,"href":"https:\/\/novice.si\/page\/wp-json\/wp\/v2\/categories?post=161229"},{"taxonomy":"post_tag","embeddable":true,"href":"https:\/\/novice.si\/page\/wp-json\/wp\/v2\/tags?post=161229"}],"curies":[{"name":"wp","href":"https:\/\/api.w.org\/{rel}","templated":true}]}}