{"id":161179,"date":"2023-03-24T07:49:35","date_gmt":"2023-03-24T06:49:35","guid":{"rendered":"https:\/\/novice.si\/page\/?p=161179"},"modified":"2023-03-24T13:41:15","modified_gmt":"2023-03-24T12:41:15","slug":"celje-gorelo-v-lokalu-na-golovcu","status":"publish","type":"post","link":"https:\/\/novice.si\/page\/celje-gorelo-v-lokalu-na-golovcu\/","title":{"rendered":"CELJE Gorelo v lokalu na Golovcu"},"content":{"rendered":"<p><a href=\"https:\/\/novice.si\/page\/wp-content\/uploads\/2023\/03\/pozar-golovec-2.jpg\" data-gallery><img loading=\"lazy\" decoding=\"async\" class=\"size-medium wp-image-161188 alignleft\" src=\"https:\/\/novice.si\/page\/wp-content\/uploads\/2023\/03\/pozar-golovec-2-300x169.jpg\" alt=\"\" width=\"300\" height=\"169\" srcset=\"https:\/\/novice.si\/page\/wp-content\/uploads\/2023\/03\/pozar-golovec-2-300x169.jpg 300w, https:\/\/novice.si\/page\/wp-content\/uploads\/2023\/03\/pozar-golovec-2-1024x576.jpg 1024w, https:\/\/novice.si\/page\/wp-content\/uploads\/2023\/03\/pozar-golovec-2-768x432.jpg 768w, https:\/\/novice.si\/page\/wp-content\/uploads\/2023\/03\/pozar-golovec-2-696x392.jpg 696w, https:\/\/novice.si\/page\/wp-content\/uploads\/2023\/03\/pozar-golovec-2-1068x601.jpg 1068w, https:\/\/novice.si\/page\/wp-content\/uploads\/2023\/03\/pozar-golovec-2-746x420.jpg 746w, https:\/\/novice.si\/page\/wp-content\/uploads\/2023\/03\/pozar-golovec-2-24x14.jpg 24w, https:\/\/novice.si\/page\/wp-content\/uploads\/2023\/03\/pozar-golovec-2-36x20.jpg 36w, https:\/\/novice.si\/page\/wp-content\/uploads\/2023\/03\/pozar-golovec-2-48x27.jpg 48w, https:\/\/novice.si\/page\/wp-content\/uploads\/2023\/03\/pozar-golovec-2.jpg 1080w\" sizes=\"auto, (max-width: 300px) 100vw, 300px\" \/><\/a> Okoli enih pono\u010di je izbruhnil po\u017ear v gostinskem lokalu Celjanka pri celjski \u0161portni dvorani na Golovcu.<\/p>\n<p>Ogenj je zajel steno in del strehe objekta, poslovni del in son\u010dna elektrarna po prvih podatkih nista bila po\u0161kodovana. V po\u017earu, ki je sicer zajel del kongresnega sredi\u0161\u010da, nih\u010de ni bil ranjen.<\/p>\n<p>Poleg celjskih poklicnih gasilcev so posredovali so prostovoljni gasilci iz Gaberja, \u0160kofje vasi, Ostro\u017enega, Ljube\u010dne, Trnovelj, Teharja, Lopate in Celja.\u00a0<a href=\"https:\/\/novice.si\/page\/wp-content\/uploads\/2023\/03\/pozar-golovec-1.jpg\" data-gallery><img loading=\"lazy\" decoding=\"async\" class=\"size-medium wp-image-161189 alignright\" src=\"https:\/\/novice.si\/page\/wp-content\/uploads\/2023\/03\/pozar-golovec-1-300x169.jpg\" alt=\"\" width=\"300\" height=\"169\" srcset=\"https:\/\/novice.si\/page\/wp-content\/uploads\/2023\/03\/pozar-golovec-1-300x169.jpg 300w, https:\/\/novice.si\/page\/wp-content\/uploads\/2023\/03\/pozar-golovec-1-1024x576.jpg 1024w, https:\/\/novice.si\/page\/wp-content\/uploads\/2023\/03\/pozar-golovec-1-768x432.jpg 768w, https:\/\/novice.si\/page\/wp-content\/uploads\/2023\/03\/pozar-golovec-1-696x392.jpg 696w, https:\/\/novice.si\/page\/wp-content\/uploads\/2023\/03\/pozar-golovec-1-1068x601.jpg 1068w, https:\/\/novice.si\/page\/wp-content\/uploads\/2023\/03\/pozar-golovec-1-746x420.jpg 746w, https:\/\/novice.si\/page\/wp-content\/uploads\/2023\/03\/pozar-golovec-1-24x14.jpg 24w, https:\/\/novice.si\/page\/wp-content\/uploads\/2023\/03\/pozar-golovec-1-36x20.jpg 36w, https:\/\/novice.si\/page\/wp-content\/uploads\/2023\/03\/pozar-golovec-1-48x27.jpg 48w, https:\/\/novice.si\/page\/wp-content\/uploads\/2023\/03\/pozar-golovec-1.jpg 1080w\" sizes=\"auto, (max-width: 300px) 100vw, 300px\" \/><\/a><\/p>\n<p>Po\u017eari\u0161\u010de so sanirali, policija okoli\u0161\u010dine \u0161e preiskuje, podrobnosti bodo sporo\u010dili, ko bo znan vzrok po\u017eara.<\/p>\n<p>Gmotno \u0161kodo \u0161e ocenjujejo, aprilska sejemska prireditev pa ni ogro\u017eena.<\/p>\n<p>P\u0160<\/p>\n<p>&nbsp;<\/p>\n<p>&nbsp;<\/p>\n<p>&nbsp;<\/p>\n","protected":false},"excerpt":{"rendered":"<p>Okoli enih pono\u010di je izbruhnil po\u017ear v gostinskem lokalu Celjanka pri celjski \u0161portni dvorani na Golovcu. Ogenj je zajel steno in del strehe objekta, poslovni del in son\u010dna elektrarna po prvih podatkih nista bila po\u0161kodovana. V po\u017earu, ki je sicer zajel del kongresnega sredi\u0161\u010da, nih\u010de ni bil ranjen. Poleg celjskih poklicnih gasilcev so posredovali so [&hellip;]<\/p>\n","protected":false},"author":33,"featured_media":161188,"comment_status":"closed","ping_status":"closed","sticky":false,"template":"","format":"standard","meta":{"footnotes":""},"categories":[14,17,29],"tags":[11891,306,15198,634,170],"class_list":{"0":"post-161179","1":"post","2":"type-post","3":"status-publish","4":"format-standard","5":"has-post-thumbnail","7":"category-aktualno","8":"category-celjsko","9":"category-kronika","10":"tag-dvorana-golovec","11":"tag-gasilci","12":"tag-gostinski-lokal","13":"tag-policija","14":"tag-pozar"},"yoast_head":"<!-- This site is optimized with the Yoast SEO plugin v27.4 - https:\/\/yoast.com\/product\/yoast-seo-wordpress\/ -->\n<title>CELJE Gorelo v lokalu na Golovcu - Novice.si<\/title>\n<meta name=\"robots\" content=\"index, follow, max-snippet:-1, max-image-preview:large, max-video-preview:-1\" \/>\n<link rel=\"canonical\" href=\"https:\/\/novice.si\/page\/celje-gorelo-v-lokalu-na-golovcu\/\" \/>\n<meta property=\"og:locale\" content=\"sl_SI\" \/>\n<meta property=\"og:type\" content=\"article\" \/>\n<meta property=\"og:title\" content=\"CELJE Gorelo v lokalu na Golovcu - Novice.si\" \/>\n<meta property=\"og:description\" content=\"Okoli enih pono\u010di je izbruhnil po\u017ear v gostinskem lokalu Celjanka pri celjski \u0161portni dvorani na Golovcu. Ogenj je zajel steno in del strehe objekta, poslovni del in son\u010dna elektrarna po prvih podatkih nista bila po\u0161kodovana. V po\u017earu, ki je sicer zajel del kongresnega sredi\u0161\u010da, nih\u010de ni bil ranjen. Poleg celjskih poklicnih gasilcev so posredovali so [&hellip;]\" \/>\n<meta property=\"og:url\" content=\"https:\/\/novice.si\/page\/celje-gorelo-v-lokalu-na-golovcu\/\" \/>\n<meta property=\"og:site_name\" content=\"Novice.si\" \/>\n<meta property=\"article:published_time\" content=\"2023-03-24T06:49:35+00:00\" \/>\n<meta property=\"article:modified_time\" content=\"2023-03-24T12:41:15+00:00\" \/>\n<meta property=\"og:image\" content=\"https:\/\/novice.si\/page\/wp-content\/uploads\/2023\/03\/pozar-golovec-2.jpg\" \/>\n\t<meta property=\"og:image:width\" content=\"1080\" \/>\n\t<meta property=\"og:image:height\" content=\"608\" \/>\n\t<meta property=\"og:image:type\" content=\"image\/jpeg\" \/>\n<meta name=\"author\" content=\"Uredni\u0161tvo Celjana\" \/>\n<meta name=\"twitter:card\" content=\"summary_large_image\" \/>\n<meta name=\"twitter:label1\" content=\"Written by\" \/>\n\t<meta name=\"twitter:data1\" content=\"Uredni\u0161tvo Celjana\" \/>\n\t<meta name=\"twitter:label2\" content=\"Est. reading time\" \/>\n\t<meta name=\"twitter:data2\" content=\"1 minuta\" \/>\n<script type=\"application\/ld+json\" class=\"yoast-schema-graph\">{\"@context\":\"https:\\\/\\\/schema.org\",\"@graph\":[{\"@type\":\"Article\",\"@id\":\"https:\\\/\\\/novice.si\\\/page\\\/celje-gorelo-v-lokalu-na-golovcu\\\/#article\",\"isPartOf\":{\"@id\":\"https:\\\/\\\/novice.si\\\/page\\\/celje-gorelo-v-lokalu-na-golovcu\\\/\"},\"author\":{\"name\":\"Uredni\u0161tvo Celjana\",\"@id\":\"https:\\\/\\\/novice.si\\\/page\\\/#\\\/schema\\\/person\\\/57f25c9642a9541c7349c65d32032c3e\"},\"headline\":\"CELJE Gorelo v lokalu na Golovcu\",\"datePublished\":\"2023-03-24T06:49:35+00:00\",\"dateModified\":\"2023-03-24T12:41:15+00:00\",\"mainEntityOfPage\":{\"@id\":\"https:\\\/\\\/novice.si\\\/page\\\/celje-gorelo-v-lokalu-na-golovcu\\\/\"},\"wordCount\":118,\"publisher\":{\"@id\":\"https:\\\/\\\/novice.si\\\/page\\\/#organization\"},\"image\":{\"@id\":\"https:\\\/\\\/novice.si\\\/page\\\/celje-gorelo-v-lokalu-na-golovcu\\\/#primaryimage\"},\"thumbnailUrl\":\"https:\\\/\\\/novice.si\\\/page\\\/wp-content\\\/uploads\\\/2023\\\/03\\\/pozar-golovec-2.jpg\",\"keywords\":[\"dvorana Golovec\",\"gasilci\",\"gostinski lokal\",\"policija\",\"po\u017ear\"],\"articleSection\":[\"Aktualno\",\"Celjsko\",\"Kronika\"],\"inLanguage\":\"sl-SI\"},{\"@type\":\"WebPage\",\"@id\":\"https:\\\/\\\/novice.si\\\/page\\\/celje-gorelo-v-lokalu-na-golovcu\\\/\",\"url\":\"https:\\\/\\\/novice.si\\\/page\\\/celje-gorelo-v-lokalu-na-golovcu\\\/\",\"name\":\"CELJE Gorelo v lokalu na Golovcu - Novice.si\",\"isPartOf\":{\"@id\":\"https:\\\/\\\/novice.si\\\/page\\\/#website\"},\"primaryImageOfPage\":{\"@id\":\"https:\\\/\\\/novice.si\\\/page\\\/celje-gorelo-v-lokalu-na-golovcu\\\/#primaryimage\"},\"image\":{\"@id\":\"https:\\\/\\\/novice.si\\\/page\\\/celje-gorelo-v-lokalu-na-golovcu\\\/#primaryimage\"},\"thumbnailUrl\":\"https:\\\/\\\/novice.si\\\/page\\\/wp-content\\\/uploads\\\/2023\\\/03\\\/pozar-golovec-2.jpg\",\"datePublished\":\"2023-03-24T06:49:35+00:00\",\"dateModified\":\"2023-03-24T12:41:15+00:00\",\"breadcrumb\":{\"@id\":\"https:\\\/\\\/novice.si\\\/page\\\/celje-gorelo-v-lokalu-na-golovcu\\\/#breadcrumb\"},\"inLanguage\":\"sl-SI\",\"potentialAction\":[{\"@type\":\"ReadAction\",\"target\":[\"https:\\\/\\\/novice.si\\\/page\\\/celje-gorelo-v-lokalu-na-golovcu\\\/\"]}]},{\"@type\":\"ImageObject\",\"inLanguage\":\"sl-SI\",\"@id\":\"https:\\\/\\\/novice.si\\\/page\\\/celje-gorelo-v-lokalu-na-golovcu\\\/#primaryimage\",\"url\":\"https:\\\/\\\/novice.si\\\/page\\\/wp-content\\\/uploads\\\/2023\\\/03\\\/pozar-golovec-2.jpg\",\"contentUrl\":\"https:\\\/\\\/novice.si\\\/page\\\/wp-content\\\/uploads\\\/2023\\\/03\\\/pozar-golovec-2.jpg\",\"width\":1080,\"height\":608},{\"@type\":\"BreadcrumbList\",\"@id\":\"https:\\\/\\\/novice.si\\\/page\\\/celje-gorelo-v-lokalu-na-golovcu\\\/#breadcrumb\",\"itemListElement\":[{\"@type\":\"ListItem\",\"position\":1,\"name\":\"Home\",\"item\":\"https:\\\/\\\/novice.si\\\/page\\\/\"},{\"@type\":\"ListItem\",\"position\":2,\"name\":\"CELJE Gorelo v lokalu na Golovcu\"}]},{\"@type\":\"WebSite\",\"@id\":\"https:\\\/\\\/novice.si\\\/page\\\/#website\",\"url\":\"https:\\\/\\\/novice.si\\\/page\\\/\",\"name\":\"Novice.si\",\"description\":\"\",\"publisher\":{\"@id\":\"https:\\\/\\\/novice.si\\\/page\\\/#organization\"},\"potentialAction\":[{\"@type\":\"SearchAction\",\"target\":{\"@type\":\"EntryPoint\",\"urlTemplate\":\"https:\\\/\\\/novice.si\\\/page\\\/?s={search_term_string}\"},\"query-input\":{\"@type\":\"PropertyValueSpecification\",\"valueRequired\":true,\"valueName\":\"search_term_string\"}}],\"inLanguage\":\"sl-SI\"},{\"@type\":\"Organization\",\"@id\":\"https:\\\/\\\/novice.si\\\/page\\\/#organization\",\"name\":\"Novice.si\",\"url\":\"https:\\\/\\\/novice.si\\\/page\\\/\",\"logo\":{\"@type\":\"ImageObject\",\"inLanguage\":\"sl-SI\",\"@id\":\"https:\\\/\\\/novice.si\\\/page\\\/#\\\/schema\\\/logo\\\/image\\\/\",\"url\":\"https:\\\/\\\/novice.si\\\/page\\\/wp-content\\\/uploads\\\/2023\\\/03\\\/novice_si.png\",\"contentUrl\":\"https:\\\/\\\/novice.si\\\/page\\\/wp-content\\\/uploads\\\/2023\\\/03\\\/novice_si.png\",\"width\":576,\"height\":200,\"caption\":\"Novice.si\"},\"image\":{\"@id\":\"https:\\\/\\\/novice.si\\\/page\\\/#\\\/schema\\\/logo\\\/image\\\/\"}},{\"@type\":\"Person\",\"@id\":\"https:\\\/\\\/novice.si\\\/page\\\/#\\\/schema\\\/person\\\/57f25c9642a9541c7349c65d32032c3e\",\"name\":\"Uredni\u0161tvo Celjana\",\"image\":{\"@type\":\"ImageObject\",\"inLanguage\":\"sl-SI\",\"@id\":\"https:\\\/\\\/secure.gravatar.com\\\/avatar\\\/78e52bc4279b65f6df6345e0ef0f7b792d361361f230cf4ffecfe0afe6d5629c?s=96&d=mm&r=g\",\"url\":\"https:\\\/\\\/secure.gravatar.com\\\/avatar\\\/78e52bc4279b65f6df6345e0ef0f7b792d361361f230cf4ffecfe0afe6d5629c?s=96&d=mm&r=g\",\"contentUrl\":\"https:\\\/\\\/secure.gravatar.com\\\/avatar\\\/78e52bc4279b65f6df6345e0ef0f7b792d361361f230cf4ffecfe0afe6d5629c?s=96&d=mm&r=g\",\"caption\":\"Uredni\u0161tvo Celjana\"},\"url\":\"https:\\\/\\\/novice.si\\\/page\\\/author\\\/primoz\\\/\"}]}<\/script>\n<!-- \/ Yoast SEO plugin. -->","yoast_head_json":{"title":"CELJE Gorelo v lokalu na Golovcu - Novice.si","robots":{"index":"index","follow":"follow","max-snippet":"max-snippet:-1","max-image-preview":"max-image-preview:large","max-video-preview":"max-video-preview:-1"},"canonical":"https:\/\/novice.si\/page\/celje-gorelo-v-lokalu-na-golovcu\/","og_locale":"sl_SI","og_type":"article","og_title":"CELJE Gorelo v lokalu na Golovcu - Novice.si","og_description":"Okoli enih pono\u010di je izbruhnil po\u017ear v gostinskem lokalu Celjanka pri celjski \u0161portni dvorani na Golovcu. Ogenj je zajel steno in del strehe objekta, poslovni del in son\u010dna elektrarna po prvih podatkih nista bila po\u0161kodovana. V po\u017earu, ki je sicer zajel del kongresnega sredi\u0161\u010da, nih\u010de ni bil ranjen. Poleg celjskih poklicnih gasilcev so posredovali so [&hellip;]","og_url":"https:\/\/novice.si\/page\/celje-gorelo-v-lokalu-na-golovcu\/","og_site_name":"Novice.si","article_published_time":"2023-03-24T06:49:35+00:00","article_modified_time":"2023-03-24T12:41:15+00:00","og_image":[{"width":1080,"height":608,"url":"https:\/\/novice.si\/page\/wp-content\/uploads\/2023\/03\/pozar-golovec-2.jpg","type":"image\/jpeg"}],"author":"Uredni\u0161tvo Celjana","twitter_card":"summary_large_image","twitter_misc":{"Written by":"Uredni\u0161tvo Celjana","Est. reading time":"1 minuta"},"schema":{"@context":"https:\/\/schema.org","@graph":[{"@type":"Article","@id":"https:\/\/novice.si\/page\/celje-gorelo-v-lokalu-na-golovcu\/#article","isPartOf":{"@id":"https:\/\/novice.si\/page\/celje-gorelo-v-lokalu-na-golovcu\/"},"author":{"name":"Uredni\u0161tvo Celjana","@id":"https:\/\/novice.si\/page\/#\/schema\/person\/57f25c9642a9541c7349c65d32032c3e"},"headline":"CELJE Gorelo v lokalu na Golovcu","datePublished":"2023-03-24T06:49:35+00:00","dateModified":"2023-03-24T12:41:15+00:00","mainEntityOfPage":{"@id":"https:\/\/novice.si\/page\/celje-gorelo-v-lokalu-na-golovcu\/"},"wordCount":118,"publisher":{"@id":"https:\/\/novice.si\/page\/#organization"},"image":{"@id":"https:\/\/novice.si\/page\/celje-gorelo-v-lokalu-na-golovcu\/#primaryimage"},"thumbnailUrl":"https:\/\/novice.si\/page\/wp-content\/uploads\/2023\/03\/pozar-golovec-2.jpg","keywords":["dvorana Golovec","gasilci","gostinski lokal","policija","po\u017ear"],"articleSection":["Aktualno","Celjsko","Kronika"],"inLanguage":"sl-SI"},{"@type":"WebPage","@id":"https:\/\/novice.si\/page\/celje-gorelo-v-lokalu-na-golovcu\/","url":"https:\/\/novice.si\/page\/celje-gorelo-v-lokalu-na-golovcu\/","name":"CELJE Gorelo v lokalu na Golovcu - Novice.si","isPartOf":{"@id":"https:\/\/novice.si\/page\/#website"},"primaryImageOfPage":{"@id":"https:\/\/novice.si\/page\/celje-gorelo-v-lokalu-na-golovcu\/#primaryimage"},"image":{"@id":"https:\/\/novice.si\/page\/celje-gorelo-v-lokalu-na-golovcu\/#primaryimage"},"thumbnailUrl":"https:\/\/novice.si\/page\/wp-content\/uploads\/2023\/03\/pozar-golovec-2.jpg","datePublished":"2023-03-24T06:49:35+00:00","dateModified":"2023-03-24T12:41:15+00:00","breadcrumb":{"@id":"https:\/\/novice.si\/page\/celje-gorelo-v-lokalu-na-golovcu\/#breadcrumb"},"inLanguage":"sl-SI","potentialAction":[{"@type":"ReadAction","target":["https:\/\/novice.si\/page\/celje-gorelo-v-lokalu-na-golovcu\/"]}]},{"@type":"ImageObject","inLanguage":"sl-SI","@id":"https:\/\/novice.si\/page\/celje-gorelo-v-lokalu-na-golovcu\/#primaryimage","url":"https:\/\/novice.si\/page\/wp-content\/uploads\/2023\/03\/pozar-golovec-2.jpg","contentUrl":"https:\/\/novice.si\/page\/wp-content\/uploads\/2023\/03\/pozar-golovec-2.jpg","width":1080,"height":608},{"@type":"BreadcrumbList","@id":"https:\/\/novice.si\/page\/celje-gorelo-v-lokalu-na-golovcu\/#breadcrumb","itemListElement":[{"@type":"ListItem","position":1,"name":"Home","item":"https:\/\/novice.si\/page\/"},{"@type":"ListItem","position":2,"name":"CELJE Gorelo v lokalu na Golovcu"}]},{"@type":"WebSite","@id":"https:\/\/novice.si\/page\/#website","url":"https:\/\/novice.si\/page\/","name":"Novice.si","description":"","publisher":{"@id":"https:\/\/novice.si\/page\/#organization"},"potentialAction":[{"@type":"SearchAction","target":{"@type":"EntryPoint","urlTemplate":"https:\/\/novice.si\/page\/?s={search_term_string}"},"query-input":{"@type":"PropertyValueSpecification","valueRequired":true,"valueName":"search_term_string"}}],"inLanguage":"sl-SI"},{"@type":"Organization","@id":"https:\/\/novice.si\/page\/#organization","name":"Novice.si","url":"https:\/\/novice.si\/page\/","logo":{"@type":"ImageObject","inLanguage":"sl-SI","@id":"https:\/\/novice.si\/page\/#\/schema\/logo\/image\/","url":"https:\/\/novice.si\/page\/wp-content\/uploads\/2023\/03\/novice_si.png","contentUrl":"https:\/\/novice.si\/page\/wp-content\/uploads\/2023\/03\/novice_si.png","width":576,"height":200,"caption":"Novice.si"},"image":{"@id":"https:\/\/novice.si\/page\/#\/schema\/logo\/image\/"}},{"@type":"Person","@id":"https:\/\/novice.si\/page\/#\/schema\/person\/57f25c9642a9541c7349c65d32032c3e","name":"Uredni\u0161tvo Celjana","image":{"@type":"ImageObject","inLanguage":"sl-SI","@id":"https:\/\/secure.gravatar.com\/avatar\/78e52bc4279b65f6df6345e0ef0f7b792d361361f230cf4ffecfe0afe6d5629c?s=96&d=mm&r=g","url":"https:\/\/secure.gravatar.com\/avatar\/78e52bc4279b65f6df6345e0ef0f7b792d361361f230cf4ffecfe0afe6d5629c?s=96&d=mm&r=g","contentUrl":"https:\/\/secure.gravatar.com\/avatar\/78e52bc4279b65f6df6345e0ef0f7b792d361361f230cf4ffecfe0afe6d5629c?s=96&d=mm&r=g","caption":"Uredni\u0161tvo Celjana"},"url":"https:\/\/novice.si\/page\/author\/primoz\/"}]}},"_links":{"self":[{"href":"https:\/\/novice.si\/page\/wp-json\/wp\/v2\/posts\/161179","targetHints":{"allow":["GET"]}}],"collection":[{"href":"https:\/\/novice.si\/page\/wp-json\/wp\/v2\/posts"}],"about":[{"href":"https:\/\/novice.si\/page\/wp-json\/wp\/v2\/types\/post"}],"author":[{"embeddable":true,"href":"https:\/\/novice.si\/page\/wp-json\/wp\/v2\/users\/33"}],"replies":[{"embeddable":true,"href":"https:\/\/novice.si\/page\/wp-json\/wp\/v2\/comments?post=161179"}],"version-history":[{"count":6,"href":"https:\/\/novice.si\/page\/wp-json\/wp\/v2\/posts\/161179\/revisions"}],"predecessor-version":[{"id":161243,"href":"https:\/\/novice.si\/page\/wp-json\/wp\/v2\/posts\/161179\/revisions\/161243"}],"wp:featuredmedia":[{"embeddable":true,"href":"https:\/\/novice.si\/page\/wp-json\/wp\/v2\/media\/161188"}],"wp:attachment":[{"href":"https:\/\/novice.si\/page\/wp-json\/wp\/v2\/media?parent=161179"}],"wp:term":[{"taxonomy":"category","embeddable":true,"href":"https:\/\/novice.si\/page\/wp-json\/wp\/v2\/categories?post=161179"},{"taxonomy":"post_tag","embeddable":true,"href":"https:\/\/novice.si\/page\/wp-json\/wp\/v2\/tags?post=161179"}],"curies":[{"name":"wp","href":"https:\/\/api.w.org\/{rel}","templated":true}]}}