{"id":160952,"date":"2023-03-19T05:58:44","date_gmt":"2023-03-19T04:58:44","guid":{"rendered":"https:\/\/novice.si\/page\/?p=160952"},"modified":"2023-03-20T05:58:59","modified_gmt":"2023-03-20T04:58:59","slug":"humanitarno-drustvo-vera","status":"publish","type":"post","link":"https:\/\/novice.si\/page\/humanitarno-drustvo-vera\/","title":{"rendered":"Humanitarno dru\u0161tvo Vera"},"content":{"rendered":"<p><a href=\"https:\/\/novice.si\/page\/wp-content\/uploads\/2023\/03\/uho-humanitarno-drustvo-vera-1157.jpg\" data-gallery><img loading=\"lazy\" decoding=\"async\" src=\"https:\/\/novice.si\/page\/wp-content\/uploads\/2023\/03\/uho-humanitarno-drustvo-vera-1157-300x266.jpg\" alt=\"\" width=\"300\" height=\"266\" class=\"alignleft size-medium wp-image-160953\" srcset=\"https:\/\/novice.si\/page\/wp-content\/uploads\/2023\/03\/uho-humanitarno-drustvo-vera-1157-300x266.jpg 300w, https:\/\/novice.si\/page\/wp-content\/uploads\/2023\/03\/uho-humanitarno-drustvo-vera-1157-768x680.jpg 768w, https:\/\/novice.si\/page\/wp-content\/uploads\/2023\/03\/uho-humanitarno-drustvo-vera-1157-696x616.jpg 696w, https:\/\/novice.si\/page\/wp-content\/uploads\/2023\/03\/uho-humanitarno-drustvo-vera-1157-474x420.jpg 474w, https:\/\/novice.si\/page\/wp-content\/uploads\/2023\/03\/uho-humanitarno-drustvo-vera-1157-24x21.jpg 24w, https:\/\/novice.si\/page\/wp-content\/uploads\/2023\/03\/uho-humanitarno-drustvo-vera-1157-36x32.jpg 36w, https:\/\/novice.si\/page\/wp-content\/uploads\/2023\/03\/uho-humanitarno-drustvo-vera-1157-48x42.jpg 48w, https:\/\/novice.si\/page\/wp-content\/uploads\/2023\/03\/uho-humanitarno-drustvo-vera-1157.jpg 915w\" sizes=\"auto, (max-width: 300px) 100vw, 300px\" \/><\/a>Novo ustanovljeno Humanitarno dru\u0161tvo Vera iz \u0160tor je izpeljalo prvi javni dogodek Pozdrav pomladi. V sklopu tega so pripravili presene\u010denje za starostnike v Domu Lipa, pogostili so jih s  torticami, podarili so jim ro\u017ee, drobna darilca in jim namenili nekaj lepih besed. Kot poudarjajo v dru\u0161tvu, se bodo humanitarni dogodki odvijali vsaj enkrat mese\u010dno s postavljeno stojnico v naselju Lipa v \u0160torah, kjer bodo \u010dlanice mimoido\u010dim ponujale razne podarjene in \u0161e uporabne zanimive artikle po sistemu &#8216;vzemi ali pusti&#8217;. Foto: Rosvita Jager.<\/p>\n","protected":false},"excerpt":{"rendered":"<p>Novo ustanovljeno Humanitarno dru\u0161tvo Vera iz \u0160tor je izpeljalo prvi javni dogodek Pozdrav pomladi. V sklopu tega so pripravili presene\u010denje za starostnike v Domu Lipa, pogostili so jih s torticami, podarili so jim ro\u017ee, drobna darilca in jim namenili nekaj lepih besed. Kot poudarjajo v dru\u0161tvu, se bodo humanitarni dogodki odvijali vsaj enkrat mese\u010dno s [&hellip;]<\/p>\n","protected":false},"author":10,"featured_media":160953,"comment_status":"closed","ping_status":"closed","sticky":false,"template":"","format":"standard","meta":{"footnotes":""},"categories":[14,142,17,15],"tags":[4705,17320,17319,6626,4264,17321],"class_list":{"0":"post-160952","1":"post","2":"type-post","3":"status-publish","4":"format-standard","5":"has-post-thumbnail","7":"category-aktualno","8":"category-celjan","9":"category-celjsko","10":"category-druzabno","11":"tag-dom-lipa","12":"tag-drustvo-vera","13":"tag-rosvita-jager","14":"tag-starostniki","15":"tag-store","16":"tag-vera-store"},"yoast_head":"<!-- This site is optimized with the Yoast SEO plugin v27.4 - https:\/\/yoast.com\/product\/yoast-seo-wordpress\/ -->\n<title>Humanitarno dru\u0161tvo Vera - Novice.si<\/title>\n<meta name=\"robots\" content=\"index, follow, max-snippet:-1, max-image-preview:large, max-video-preview:-1\" \/>\n<link rel=\"canonical\" href=\"https:\/\/novice.si\/page\/humanitarno-drustvo-vera\/\" \/>\n<meta property=\"og:locale\" content=\"sl_SI\" \/>\n<meta property=\"og:type\" content=\"article\" \/>\n<meta property=\"og:title\" content=\"Humanitarno dru\u0161tvo Vera - Novice.si\" \/>\n<meta property=\"og:description\" content=\"Novo ustanovljeno Humanitarno dru\u0161tvo Vera iz \u0160tor je izpeljalo prvi javni dogodek Pozdrav pomladi. V sklopu tega so pripravili presene\u010denje za starostnike v Domu Lipa, pogostili so jih s torticami, podarili so jim ro\u017ee, drobna darilca in jim namenili nekaj lepih besed. Kot poudarjajo v dru\u0161tvu, se bodo humanitarni dogodki odvijali vsaj enkrat mese\u010dno s [&hellip;]\" \/>\n<meta property=\"og:url\" content=\"https:\/\/novice.si\/page\/humanitarno-drustvo-vera\/\" \/>\n<meta property=\"og:site_name\" content=\"Novice.si\" \/>\n<meta property=\"article:published_time\" content=\"2023-03-19T04:58:44+00:00\" \/>\n<meta property=\"article:modified_time\" content=\"2023-03-20T04:58:59+00:00\" \/>\n<meta property=\"og:image\" content=\"https:\/\/novice.si\/page\/wp-content\/uploads\/2023\/03\/uho-humanitarno-drustvo-vera-1157.jpg\" \/>\n\t<meta property=\"og:image:width\" content=\"915\" \/>\n\t<meta property=\"og:image:height\" content=\"810\" \/>\n\t<meta property=\"og:image:type\" content=\"image\/jpeg\" \/>\n<meta name=\"author\" content=\"Iztok Krajnc\" \/>\n<meta name=\"twitter:card\" content=\"summary_large_image\" \/>\n<meta name=\"twitter:label1\" content=\"Written by\" \/>\n\t<meta name=\"twitter:data1\" content=\"Iztok Krajnc\" \/>\n\t<meta name=\"twitter:label2\" content=\"Est. reading time\" \/>\n\t<meta name=\"twitter:data2\" content=\"1 minuta\" \/>\n<script type=\"application\/ld+json\" class=\"yoast-schema-graph\">{\"@context\":\"https:\\\/\\\/schema.org\",\"@graph\":[{\"@type\":\"Article\",\"@id\":\"https:\\\/\\\/novice.si\\\/page\\\/humanitarno-drustvo-vera\\\/#article\",\"isPartOf\":{\"@id\":\"https:\\\/\\\/novice.si\\\/page\\\/humanitarno-drustvo-vera\\\/\"},\"author\":{\"name\":\"Iztok Krajnc\",\"@id\":\"https:\\\/\\\/novice.si\\\/page\\\/#\\\/schema\\\/person\\\/92fda8564875f655675c886e4df22216\"},\"headline\":\"Humanitarno dru\u0161tvo Vera\",\"datePublished\":\"2023-03-19T04:58:44+00:00\",\"dateModified\":\"2023-03-20T04:58:59+00:00\",\"mainEntityOfPage\":{\"@id\":\"https:\\\/\\\/novice.si\\\/page\\\/humanitarno-drustvo-vera\\\/\"},\"wordCount\":92,\"publisher\":{\"@id\":\"https:\\\/\\\/novice.si\\\/page\\\/#organization\"},\"image\":{\"@id\":\"https:\\\/\\\/novice.si\\\/page\\\/humanitarno-drustvo-vera\\\/#primaryimage\"},\"thumbnailUrl\":\"https:\\\/\\\/novice.si\\\/page\\\/wp-content\\\/uploads\\\/2023\\\/03\\\/uho-humanitarno-drustvo-vera-1157.jpg\",\"keywords\":[\"dom Lipa\",\"dru\u0161tvo vera\",\"rosvita jager\",\"starostniki\",\"\u0161tore\",\"vera \u0161tore\"],\"articleSection\":[\"Aktualno\",\"Celjan\",\"Celjsko\",\"Dru\u017eabno\"],\"inLanguage\":\"sl-SI\"},{\"@type\":\"WebPage\",\"@id\":\"https:\\\/\\\/novice.si\\\/page\\\/humanitarno-drustvo-vera\\\/\",\"url\":\"https:\\\/\\\/novice.si\\\/page\\\/humanitarno-drustvo-vera\\\/\",\"name\":\"Humanitarno dru\u0161tvo Vera - Novice.si\",\"isPartOf\":{\"@id\":\"https:\\\/\\\/novice.si\\\/page\\\/#website\"},\"primaryImageOfPage\":{\"@id\":\"https:\\\/\\\/novice.si\\\/page\\\/humanitarno-drustvo-vera\\\/#primaryimage\"},\"image\":{\"@id\":\"https:\\\/\\\/novice.si\\\/page\\\/humanitarno-drustvo-vera\\\/#primaryimage\"},\"thumbnailUrl\":\"https:\\\/\\\/novice.si\\\/page\\\/wp-content\\\/uploads\\\/2023\\\/03\\\/uho-humanitarno-drustvo-vera-1157.jpg\",\"datePublished\":\"2023-03-19T04:58:44+00:00\",\"dateModified\":\"2023-03-20T04:58:59+00:00\",\"breadcrumb\":{\"@id\":\"https:\\\/\\\/novice.si\\\/page\\\/humanitarno-drustvo-vera\\\/#breadcrumb\"},\"inLanguage\":\"sl-SI\",\"potentialAction\":[{\"@type\":\"ReadAction\",\"target\":[\"https:\\\/\\\/novice.si\\\/page\\\/humanitarno-drustvo-vera\\\/\"]}]},{\"@type\":\"ImageObject\",\"inLanguage\":\"sl-SI\",\"@id\":\"https:\\\/\\\/novice.si\\\/page\\\/humanitarno-drustvo-vera\\\/#primaryimage\",\"url\":\"https:\\\/\\\/novice.si\\\/page\\\/wp-content\\\/uploads\\\/2023\\\/03\\\/uho-humanitarno-drustvo-vera-1157.jpg\",\"contentUrl\":\"https:\\\/\\\/novice.si\\\/page\\\/wp-content\\\/uploads\\\/2023\\\/03\\\/uho-humanitarno-drustvo-vera-1157.jpg\",\"width\":915,\"height\":810},{\"@type\":\"BreadcrumbList\",\"@id\":\"https:\\\/\\\/novice.si\\\/page\\\/humanitarno-drustvo-vera\\\/#breadcrumb\",\"itemListElement\":[{\"@type\":\"ListItem\",\"position\":1,\"name\":\"Home\",\"item\":\"https:\\\/\\\/novice.si\\\/page\\\/\"},{\"@type\":\"ListItem\",\"position\":2,\"name\":\"Humanitarno dru\u0161tvo Vera\"}]},{\"@type\":\"WebSite\",\"@id\":\"https:\\\/\\\/novice.si\\\/page\\\/#website\",\"url\":\"https:\\\/\\\/novice.si\\\/page\\\/\",\"name\":\"Novice.si\",\"description\":\"\",\"publisher\":{\"@id\":\"https:\\\/\\\/novice.si\\\/page\\\/#organization\"},\"potentialAction\":[{\"@type\":\"SearchAction\",\"target\":{\"@type\":\"EntryPoint\",\"urlTemplate\":\"https:\\\/\\\/novice.si\\\/page\\\/?s={search_term_string}\"},\"query-input\":{\"@type\":\"PropertyValueSpecification\",\"valueRequired\":true,\"valueName\":\"search_term_string\"}}],\"inLanguage\":\"sl-SI\"},{\"@type\":\"Organization\",\"@id\":\"https:\\\/\\\/novice.si\\\/page\\\/#organization\",\"name\":\"Novice.si\",\"url\":\"https:\\\/\\\/novice.si\\\/page\\\/\",\"logo\":{\"@type\":\"ImageObject\",\"inLanguage\":\"sl-SI\",\"@id\":\"https:\\\/\\\/novice.si\\\/page\\\/#\\\/schema\\\/logo\\\/image\\\/\",\"url\":\"https:\\\/\\\/novice.si\\\/page\\\/wp-content\\\/uploads\\\/2023\\\/03\\\/novice_si.png\",\"contentUrl\":\"https:\\\/\\\/novice.si\\\/page\\\/wp-content\\\/uploads\\\/2023\\\/03\\\/novice_si.png\",\"width\":576,\"height\":200,\"caption\":\"Novice.si\"},\"image\":{\"@id\":\"https:\\\/\\\/novice.si\\\/page\\\/#\\\/schema\\\/logo\\\/image\\\/\"}},{\"@type\":\"Person\",\"@id\":\"https:\\\/\\\/novice.si\\\/page\\\/#\\\/schema\\\/person\\\/92fda8564875f655675c886e4df22216\",\"name\":\"Iztok Krajnc\",\"image\":{\"@type\":\"ImageObject\",\"inLanguage\":\"sl-SI\",\"@id\":\"https:\\\/\\\/secure.gravatar.com\\\/avatar\\\/2790ff125f883a5a9cb934a574322d28ea850f8f4494d77b487c1950e0096015?s=96&d=mm&r=g\",\"url\":\"https:\\\/\\\/secure.gravatar.com\\\/avatar\\\/2790ff125f883a5a9cb934a574322d28ea850f8f4494d77b487c1950e0096015?s=96&d=mm&r=g\",\"contentUrl\":\"https:\\\/\\\/secure.gravatar.com\\\/avatar\\\/2790ff125f883a5a9cb934a574322d28ea850f8f4494d77b487c1950e0096015?s=96&d=mm&r=g\",\"caption\":\"Iztok Krajnc\"},\"url\":\"https:\\\/\\\/novice.si\\\/page\\\/author\\\/iztok\\\/\"}]}<\/script>\n<!-- \/ Yoast SEO plugin. -->","yoast_head_json":{"title":"Humanitarno dru\u0161tvo Vera - Novice.si","robots":{"index":"index","follow":"follow","max-snippet":"max-snippet:-1","max-image-preview":"max-image-preview:large","max-video-preview":"max-video-preview:-1"},"canonical":"https:\/\/novice.si\/page\/humanitarno-drustvo-vera\/","og_locale":"sl_SI","og_type":"article","og_title":"Humanitarno dru\u0161tvo Vera - Novice.si","og_description":"Novo ustanovljeno Humanitarno dru\u0161tvo Vera iz \u0160tor je izpeljalo prvi javni dogodek Pozdrav pomladi. V sklopu tega so pripravili presene\u010denje za starostnike v Domu Lipa, pogostili so jih s torticami, podarili so jim ro\u017ee, drobna darilca in jim namenili nekaj lepih besed. Kot poudarjajo v dru\u0161tvu, se bodo humanitarni dogodki odvijali vsaj enkrat mese\u010dno s [&hellip;]","og_url":"https:\/\/novice.si\/page\/humanitarno-drustvo-vera\/","og_site_name":"Novice.si","article_published_time":"2023-03-19T04:58:44+00:00","article_modified_time":"2023-03-20T04:58:59+00:00","og_image":[{"width":915,"height":810,"url":"https:\/\/novice.si\/page\/wp-content\/uploads\/2023\/03\/uho-humanitarno-drustvo-vera-1157.jpg","type":"image\/jpeg"}],"author":"Iztok Krajnc","twitter_card":"summary_large_image","twitter_misc":{"Written by":"Iztok Krajnc","Est. reading time":"1 minuta"},"schema":{"@context":"https:\/\/schema.org","@graph":[{"@type":"Article","@id":"https:\/\/novice.si\/page\/humanitarno-drustvo-vera\/#article","isPartOf":{"@id":"https:\/\/novice.si\/page\/humanitarno-drustvo-vera\/"},"author":{"name":"Iztok Krajnc","@id":"https:\/\/novice.si\/page\/#\/schema\/person\/92fda8564875f655675c886e4df22216"},"headline":"Humanitarno dru\u0161tvo Vera","datePublished":"2023-03-19T04:58:44+00:00","dateModified":"2023-03-20T04:58:59+00:00","mainEntityOfPage":{"@id":"https:\/\/novice.si\/page\/humanitarno-drustvo-vera\/"},"wordCount":92,"publisher":{"@id":"https:\/\/novice.si\/page\/#organization"},"image":{"@id":"https:\/\/novice.si\/page\/humanitarno-drustvo-vera\/#primaryimage"},"thumbnailUrl":"https:\/\/novice.si\/page\/wp-content\/uploads\/2023\/03\/uho-humanitarno-drustvo-vera-1157.jpg","keywords":["dom Lipa","dru\u0161tvo vera","rosvita jager","starostniki","\u0161tore","vera \u0161tore"],"articleSection":["Aktualno","Celjan","Celjsko","Dru\u017eabno"],"inLanguage":"sl-SI"},{"@type":"WebPage","@id":"https:\/\/novice.si\/page\/humanitarno-drustvo-vera\/","url":"https:\/\/novice.si\/page\/humanitarno-drustvo-vera\/","name":"Humanitarno dru\u0161tvo Vera - Novice.si","isPartOf":{"@id":"https:\/\/novice.si\/page\/#website"},"primaryImageOfPage":{"@id":"https:\/\/novice.si\/page\/humanitarno-drustvo-vera\/#primaryimage"},"image":{"@id":"https:\/\/novice.si\/page\/humanitarno-drustvo-vera\/#primaryimage"},"thumbnailUrl":"https:\/\/novice.si\/page\/wp-content\/uploads\/2023\/03\/uho-humanitarno-drustvo-vera-1157.jpg","datePublished":"2023-03-19T04:58:44+00:00","dateModified":"2023-03-20T04:58:59+00:00","breadcrumb":{"@id":"https:\/\/novice.si\/page\/humanitarno-drustvo-vera\/#breadcrumb"},"inLanguage":"sl-SI","potentialAction":[{"@type":"ReadAction","target":["https:\/\/novice.si\/page\/humanitarno-drustvo-vera\/"]}]},{"@type":"ImageObject","inLanguage":"sl-SI","@id":"https:\/\/novice.si\/page\/humanitarno-drustvo-vera\/#primaryimage","url":"https:\/\/novice.si\/page\/wp-content\/uploads\/2023\/03\/uho-humanitarno-drustvo-vera-1157.jpg","contentUrl":"https:\/\/novice.si\/page\/wp-content\/uploads\/2023\/03\/uho-humanitarno-drustvo-vera-1157.jpg","width":915,"height":810},{"@type":"BreadcrumbList","@id":"https:\/\/novice.si\/page\/humanitarno-drustvo-vera\/#breadcrumb","itemListElement":[{"@type":"ListItem","position":1,"name":"Home","item":"https:\/\/novice.si\/page\/"},{"@type":"ListItem","position":2,"name":"Humanitarno dru\u0161tvo Vera"}]},{"@type":"WebSite","@id":"https:\/\/novice.si\/page\/#website","url":"https:\/\/novice.si\/page\/","name":"Novice.si","description":"","publisher":{"@id":"https:\/\/novice.si\/page\/#organization"},"potentialAction":[{"@type":"SearchAction","target":{"@type":"EntryPoint","urlTemplate":"https:\/\/novice.si\/page\/?s={search_term_string}"},"query-input":{"@type":"PropertyValueSpecification","valueRequired":true,"valueName":"search_term_string"}}],"inLanguage":"sl-SI"},{"@type":"Organization","@id":"https:\/\/novice.si\/page\/#organization","name":"Novice.si","url":"https:\/\/novice.si\/page\/","logo":{"@type":"ImageObject","inLanguage":"sl-SI","@id":"https:\/\/novice.si\/page\/#\/schema\/logo\/image\/","url":"https:\/\/novice.si\/page\/wp-content\/uploads\/2023\/03\/novice_si.png","contentUrl":"https:\/\/novice.si\/page\/wp-content\/uploads\/2023\/03\/novice_si.png","width":576,"height":200,"caption":"Novice.si"},"image":{"@id":"https:\/\/novice.si\/page\/#\/schema\/logo\/image\/"}},{"@type":"Person","@id":"https:\/\/novice.si\/page\/#\/schema\/person\/92fda8564875f655675c886e4df22216","name":"Iztok Krajnc","image":{"@type":"ImageObject","inLanguage":"sl-SI","@id":"https:\/\/secure.gravatar.com\/avatar\/2790ff125f883a5a9cb934a574322d28ea850f8f4494d77b487c1950e0096015?s=96&d=mm&r=g","url":"https:\/\/secure.gravatar.com\/avatar\/2790ff125f883a5a9cb934a574322d28ea850f8f4494d77b487c1950e0096015?s=96&d=mm&r=g","contentUrl":"https:\/\/secure.gravatar.com\/avatar\/2790ff125f883a5a9cb934a574322d28ea850f8f4494d77b487c1950e0096015?s=96&d=mm&r=g","caption":"Iztok Krajnc"},"url":"https:\/\/novice.si\/page\/author\/iztok\/"}]}},"_links":{"self":[{"href":"https:\/\/novice.si\/page\/wp-json\/wp\/v2\/posts\/160952","targetHints":{"allow":["GET"]}}],"collection":[{"href":"https:\/\/novice.si\/page\/wp-json\/wp\/v2\/posts"}],"about":[{"href":"https:\/\/novice.si\/page\/wp-json\/wp\/v2\/types\/post"}],"author":[{"embeddable":true,"href":"https:\/\/novice.si\/page\/wp-json\/wp\/v2\/users\/10"}],"replies":[{"embeddable":true,"href":"https:\/\/novice.si\/page\/wp-json\/wp\/v2\/comments?post=160952"}],"version-history":[{"count":1,"href":"https:\/\/novice.si\/page\/wp-json\/wp\/v2\/posts\/160952\/revisions"}],"predecessor-version":[{"id":160954,"href":"https:\/\/novice.si\/page\/wp-json\/wp\/v2\/posts\/160952\/revisions\/160954"}],"wp:featuredmedia":[{"embeddable":true,"href":"https:\/\/novice.si\/page\/wp-json\/wp\/v2\/media\/160953"}],"wp:attachment":[{"href":"https:\/\/novice.si\/page\/wp-json\/wp\/v2\/media?parent=160952"}],"wp:term":[{"taxonomy":"category","embeddable":true,"href":"https:\/\/novice.si\/page\/wp-json\/wp\/v2\/categories?post=160952"},{"taxonomy":"post_tag","embeddable":true,"href":"https:\/\/novice.si\/page\/wp-json\/wp\/v2\/tags?post=160952"}],"curies":[{"name":"wp","href":"https:\/\/api.w.org\/{rel}","templated":true}]}}