{"id":160934,"date":"2023-03-19T21:30:49","date_gmt":"2023-03-19T20:30:49","guid":{"rendered":"https:\/\/novice.si\/page\/?p=160934"},"modified":"2023-03-19T21:30:49","modified_gmt":"2023-03-19T20:30:49","slug":"umrla-celjanka-ljudmila-conradi","status":"publish","type":"post","link":"https:\/\/novice.si\/page\/umrla-celjanka-ljudmila-conradi\/","title":{"rendered":"Umrla Celjanka Ljudmila Conradi"},"content":{"rendered":"<p style=\"text-align: left;\"><a href=\"https:\/\/novice.si\/page\/wp-content\/uploads\/2023\/03\/LJUDMILA_CB.jpg\" data-gallery><img loading=\"lazy\" decoding=\"async\" class=\"wp-image-160936 alignright\" src=\"https:\/\/novice.si\/page\/wp-content\/uploads\/2023\/03\/LJUDMILA_CB-1024x991.jpg\" alt=\"\" width=\"334\" height=\"323\" srcset=\"https:\/\/novice.si\/page\/wp-content\/uploads\/2023\/03\/LJUDMILA_CB-1024x991.jpg 1024w, https:\/\/novice.si\/page\/wp-content\/uploads\/2023\/03\/LJUDMILA_CB-300x290.jpg 300w, https:\/\/novice.si\/page\/wp-content\/uploads\/2023\/03\/LJUDMILA_CB-768x743.jpg 768w, https:\/\/novice.si\/page\/wp-content\/uploads\/2023\/03\/LJUDMILA_CB-1536x1487.jpg 1536w, https:\/\/novice.si\/page\/wp-content\/uploads\/2023\/03\/LJUDMILA_CB-696x674.jpg 696w, https:\/\/novice.si\/page\/wp-content\/uploads\/2023\/03\/LJUDMILA_CB-1068x1034.jpg 1068w, https:\/\/novice.si\/page\/wp-content\/uploads\/2023\/03\/LJUDMILA_CB-434x420.jpg 434w, https:\/\/novice.si\/page\/wp-content\/uploads\/2023\/03\/LJUDMILA_CB-24x24.jpg 24w, https:\/\/novice.si\/page\/wp-content\/uploads\/2023\/03\/LJUDMILA_CB-36x36.jpg 36w, https:\/\/novice.si\/page\/wp-content\/uploads\/2023\/03\/LJUDMILA_CB-48x46.jpg 48w, https:\/\/novice.si\/page\/wp-content\/uploads\/2023\/03\/LJUDMILA_CB.jpg 2000w\" sizes=\"auto, (max-width: 334px) 100vw, 334px\" \/><\/a>Danes je umrla Celjanka <strong>Ljudmila Conradi<\/strong>, u\u010diteljica, kulturnica in prostovoljka, ve\u010d let pa je s svojimi prispevki sodelovala tudi pri nastajanju \u010dasopisa Celjan. Ljudmila Conradi je bila vsestranska osebnost: literarna ustvarjalka, ljubiteljska gledali\u0161ka igralka, prostovoljka in je za svoje \u0161tevilne aktivnosti prejela veliko priznanj. \u0160e do nedavnega, ko ji je bolezen to prepre\u010dila, je vsak teden pisala o kulturi in Celjanih za mestni \u010dasopis Celjan. Prav v torek bi ji uredni\u0161tvo Celjana podelilo priznanje Naj Celjanka za \u017eivljenjsko delo. \u017dal nagrade osebno ne bo prejela, je pa zanjo vedela in je bila ponosna, da so priznanje za \u017eivljenjsko delo sodelavci podelili prav njej. (NM)<\/p>\n<p>&nbsp;<\/p>\n","protected":false},"excerpt":{"rendered":"<p>Danes je umrla Celjanka Ljudmila Conradi, u\u010diteljica, kulturnica in prostovoljka, ve\u010d let pa je s svojimi prispevki sodelovala tudi pri nastajanju \u010dasopisa Celjan. Ljudmila Conradi je bila vsestranska osebnost: literarna ustvarjalka, ljubiteljska gledali\u0161ka igralka, prostovoljka in je za svoje \u0161tevilne aktivnosti prejela veliko priznanj. \u0160e do nedavnega, ko ji je bolezen to prepre\u010dila, je vsak [&hellip;]<\/p>\n","protected":false},"author":12,"featured_media":160936,"comment_status":"closed","ping_status":"closed","sticky":false,"template":"","format":"standard","meta":{"footnotes":""},"categories":[14,17],"tags":[2443,17311,15673,256,17312,17313],"class_list":{"0":"post-160934","1":"post","2":"type-post","3":"status-publish","4":"format-standard","5":"has-post-thumbnail","7":"category-aktualno","8":"category-celjsko","9":"tag-celjan","10":"tag-ljudmila-conradi","11":"tag-prostovoljka","12":"tag-smrt","13":"tag-umrla","14":"tag-ustvarjalka"},"yoast_head":"<!-- This site is optimized with the Yoast SEO plugin v27.4 - https:\/\/yoast.com\/product\/yoast-seo-wordpress\/ -->\n<title>Umrla Celjanka Ljudmila Conradi - Novice.si<\/title>\n<meta name=\"robots\" content=\"index, follow, max-snippet:-1, max-image-preview:large, max-video-preview:-1\" \/>\n<link rel=\"canonical\" href=\"https:\/\/novice.si\/page\/umrla-celjanka-ljudmila-conradi\/\" \/>\n<meta property=\"og:locale\" content=\"sl_SI\" \/>\n<meta property=\"og:type\" content=\"article\" \/>\n<meta property=\"og:title\" content=\"Umrla Celjanka Ljudmila Conradi - Novice.si\" \/>\n<meta property=\"og:description\" content=\"Danes je umrla Celjanka Ljudmila Conradi, u\u010diteljica, kulturnica in prostovoljka, ve\u010d let pa je s svojimi prispevki sodelovala tudi pri nastajanju \u010dasopisa Celjan. Ljudmila Conradi je bila vsestranska osebnost: literarna ustvarjalka, ljubiteljska gledali\u0161ka igralka, prostovoljka in je za svoje \u0161tevilne aktivnosti prejela veliko priznanj. \u0160e do nedavnega, ko ji je bolezen to prepre\u010dila, je vsak [&hellip;]\" \/>\n<meta property=\"og:url\" content=\"https:\/\/novice.si\/page\/umrla-celjanka-ljudmila-conradi\/\" \/>\n<meta property=\"og:site_name\" content=\"Novice.si\" \/>\n<meta property=\"article:published_time\" content=\"2023-03-19T20:30:49+00:00\" \/>\n<meta property=\"og:image\" content=\"https:\/\/novice.si\/page\/wp-content\/uploads\/2023\/03\/LJUDMILA_CB.jpg\" \/>\n\t<meta property=\"og:image:width\" content=\"2000\" \/>\n\t<meta property=\"og:image:height\" content=\"1936\" \/>\n\t<meta property=\"og:image:type\" content=\"image\/jpeg\" \/>\n<meta name=\"author\" content=\"Uredni\u0161tvo Celjana\" \/>\n<meta name=\"twitter:card\" content=\"summary_large_image\" \/>\n<meta name=\"twitter:label1\" content=\"Written by\" \/>\n\t<meta name=\"twitter:data1\" content=\"Uredni\u0161tvo Celjana\" \/>\n\t<meta name=\"twitter:label2\" content=\"Est. reading time\" \/>\n\t<meta name=\"twitter:data2\" content=\"1 minuta\" \/>\n<script type=\"application\/ld+json\" class=\"yoast-schema-graph\">{\"@context\":\"https:\\\/\\\/schema.org\",\"@graph\":[{\"@type\":\"Article\",\"@id\":\"https:\\\/\\\/novice.si\\\/page\\\/umrla-celjanka-ljudmila-conradi\\\/#article\",\"isPartOf\":{\"@id\":\"https:\\\/\\\/novice.si\\\/page\\\/umrla-celjanka-ljudmila-conradi\\\/\"},\"author\":{\"name\":\"Uredni\u0161tvo Celjana\",\"@id\":\"https:\\\/\\\/novice.si\\\/page\\\/#\\\/schema\\\/person\\\/51903923b50fefb075bc1cd24fe4d065\"},\"headline\":\"Umrla Celjanka Ljudmila Conradi\",\"datePublished\":\"2023-03-19T20:30:49+00:00\",\"mainEntityOfPage\":{\"@id\":\"https:\\\/\\\/novice.si\\\/page\\\/umrla-celjanka-ljudmila-conradi\\\/\"},\"wordCount\":113,\"publisher\":{\"@id\":\"https:\\\/\\\/novice.si\\\/page\\\/#organization\"},\"image\":{\"@id\":\"https:\\\/\\\/novice.si\\\/page\\\/umrla-celjanka-ljudmila-conradi\\\/#primaryimage\"},\"thumbnailUrl\":\"https:\\\/\\\/novice.si\\\/page\\\/wp-content\\\/uploads\\\/2023\\\/03\\\/LJUDMILA_CB.jpg\",\"keywords\":[\"celjan\",\"ljudmila conradi\",\"prostovoljka\",\"smrt\",\"umrla\",\"ustvarjalka\"],\"articleSection\":[\"Aktualno\",\"Celjsko\"],\"inLanguage\":\"sl-SI\"},{\"@type\":\"WebPage\",\"@id\":\"https:\\\/\\\/novice.si\\\/page\\\/umrla-celjanka-ljudmila-conradi\\\/\",\"url\":\"https:\\\/\\\/novice.si\\\/page\\\/umrla-celjanka-ljudmila-conradi\\\/\",\"name\":\"Umrla Celjanka Ljudmila Conradi - Novice.si\",\"isPartOf\":{\"@id\":\"https:\\\/\\\/novice.si\\\/page\\\/#website\"},\"primaryImageOfPage\":{\"@id\":\"https:\\\/\\\/novice.si\\\/page\\\/umrla-celjanka-ljudmila-conradi\\\/#primaryimage\"},\"image\":{\"@id\":\"https:\\\/\\\/novice.si\\\/page\\\/umrla-celjanka-ljudmila-conradi\\\/#primaryimage\"},\"thumbnailUrl\":\"https:\\\/\\\/novice.si\\\/page\\\/wp-content\\\/uploads\\\/2023\\\/03\\\/LJUDMILA_CB.jpg\",\"datePublished\":\"2023-03-19T20:30:49+00:00\",\"breadcrumb\":{\"@id\":\"https:\\\/\\\/novice.si\\\/page\\\/umrla-celjanka-ljudmila-conradi\\\/#breadcrumb\"},\"inLanguage\":\"sl-SI\",\"potentialAction\":[{\"@type\":\"ReadAction\",\"target\":[\"https:\\\/\\\/novice.si\\\/page\\\/umrla-celjanka-ljudmila-conradi\\\/\"]}]},{\"@type\":\"ImageObject\",\"inLanguage\":\"sl-SI\",\"@id\":\"https:\\\/\\\/novice.si\\\/page\\\/umrla-celjanka-ljudmila-conradi\\\/#primaryimage\",\"url\":\"https:\\\/\\\/novice.si\\\/page\\\/wp-content\\\/uploads\\\/2023\\\/03\\\/LJUDMILA_CB.jpg\",\"contentUrl\":\"https:\\\/\\\/novice.si\\\/page\\\/wp-content\\\/uploads\\\/2023\\\/03\\\/LJUDMILA_CB.jpg\",\"width\":2000,\"height\":1936},{\"@type\":\"BreadcrumbList\",\"@id\":\"https:\\\/\\\/novice.si\\\/page\\\/umrla-celjanka-ljudmila-conradi\\\/#breadcrumb\",\"itemListElement\":[{\"@type\":\"ListItem\",\"position\":1,\"name\":\"Home\",\"item\":\"https:\\\/\\\/novice.si\\\/page\\\/\"},{\"@type\":\"ListItem\",\"position\":2,\"name\":\"Umrla Celjanka Ljudmila Conradi\"}]},{\"@type\":\"WebSite\",\"@id\":\"https:\\\/\\\/novice.si\\\/page\\\/#website\",\"url\":\"https:\\\/\\\/novice.si\\\/page\\\/\",\"name\":\"Novice.si\",\"description\":\"\",\"publisher\":{\"@id\":\"https:\\\/\\\/novice.si\\\/page\\\/#organization\"},\"potentialAction\":[{\"@type\":\"SearchAction\",\"target\":{\"@type\":\"EntryPoint\",\"urlTemplate\":\"https:\\\/\\\/novice.si\\\/page\\\/?s={search_term_string}\"},\"query-input\":{\"@type\":\"PropertyValueSpecification\",\"valueRequired\":true,\"valueName\":\"search_term_string\"}}],\"inLanguage\":\"sl-SI\"},{\"@type\":\"Organization\",\"@id\":\"https:\\\/\\\/novice.si\\\/page\\\/#organization\",\"name\":\"Novice.si\",\"url\":\"https:\\\/\\\/novice.si\\\/page\\\/\",\"logo\":{\"@type\":\"ImageObject\",\"inLanguage\":\"sl-SI\",\"@id\":\"https:\\\/\\\/novice.si\\\/page\\\/#\\\/schema\\\/logo\\\/image\\\/\",\"url\":\"https:\\\/\\\/novice.si\\\/page\\\/wp-content\\\/uploads\\\/2023\\\/03\\\/novice_si.png\",\"contentUrl\":\"https:\\\/\\\/novice.si\\\/page\\\/wp-content\\\/uploads\\\/2023\\\/03\\\/novice_si.png\",\"width\":576,\"height\":200,\"caption\":\"Novice.si\"},\"image\":{\"@id\":\"https:\\\/\\\/novice.si\\\/page\\\/#\\\/schema\\\/logo\\\/image\\\/\"}},{\"@type\":\"Person\",\"@id\":\"https:\\\/\\\/novice.si\\\/page\\\/#\\\/schema\\\/person\\\/51903923b50fefb075bc1cd24fe4d065\",\"name\":\"Uredni\u0161tvo Celjana\",\"image\":{\"@type\":\"ImageObject\",\"inLanguage\":\"sl-SI\",\"@id\":\"https:\\\/\\\/secure.gravatar.com\\\/avatar\\\/b516f102aa90b53619e09722b8ea56721c99bfcb4f1035f9b333d99f52330226?s=96&d=mm&r=g\",\"url\":\"https:\\\/\\\/secure.gravatar.com\\\/avatar\\\/b516f102aa90b53619e09722b8ea56721c99bfcb4f1035f9b333d99f52330226?s=96&d=mm&r=g\",\"contentUrl\":\"https:\\\/\\\/secure.gravatar.com\\\/avatar\\\/b516f102aa90b53619e09722b8ea56721c99bfcb4f1035f9b333d99f52330226?s=96&d=mm&r=g\",\"caption\":\"Uredni\u0161tvo Celjana\"},\"url\":\"https:\\\/\\\/novice.si\\\/page\\\/author\\\/nejc\\\/\"}]}<\/script>\n<!-- \/ Yoast SEO plugin. -->","yoast_head_json":{"title":"Umrla Celjanka Ljudmila Conradi - Novice.si","robots":{"index":"index","follow":"follow","max-snippet":"max-snippet:-1","max-image-preview":"max-image-preview:large","max-video-preview":"max-video-preview:-1"},"canonical":"https:\/\/novice.si\/page\/umrla-celjanka-ljudmila-conradi\/","og_locale":"sl_SI","og_type":"article","og_title":"Umrla Celjanka Ljudmila Conradi - Novice.si","og_description":"Danes je umrla Celjanka Ljudmila Conradi, u\u010diteljica, kulturnica in prostovoljka, ve\u010d let pa je s svojimi prispevki sodelovala tudi pri nastajanju \u010dasopisa Celjan. Ljudmila Conradi je bila vsestranska osebnost: literarna ustvarjalka, ljubiteljska gledali\u0161ka igralka, prostovoljka in je za svoje \u0161tevilne aktivnosti prejela veliko priznanj. \u0160e do nedavnega, ko ji je bolezen to prepre\u010dila, je vsak [&hellip;]","og_url":"https:\/\/novice.si\/page\/umrla-celjanka-ljudmila-conradi\/","og_site_name":"Novice.si","article_published_time":"2023-03-19T20:30:49+00:00","og_image":[{"width":2000,"height":1936,"url":"https:\/\/novice.si\/page\/wp-content\/uploads\/2023\/03\/LJUDMILA_CB.jpg","type":"image\/jpeg"}],"author":"Uredni\u0161tvo Celjana","twitter_card":"summary_large_image","twitter_misc":{"Written by":"Uredni\u0161tvo Celjana","Est. reading time":"1 minuta"},"schema":{"@context":"https:\/\/schema.org","@graph":[{"@type":"Article","@id":"https:\/\/novice.si\/page\/umrla-celjanka-ljudmila-conradi\/#article","isPartOf":{"@id":"https:\/\/novice.si\/page\/umrla-celjanka-ljudmila-conradi\/"},"author":{"name":"Uredni\u0161tvo Celjana","@id":"https:\/\/novice.si\/page\/#\/schema\/person\/51903923b50fefb075bc1cd24fe4d065"},"headline":"Umrla Celjanka Ljudmila Conradi","datePublished":"2023-03-19T20:30:49+00:00","mainEntityOfPage":{"@id":"https:\/\/novice.si\/page\/umrla-celjanka-ljudmila-conradi\/"},"wordCount":113,"publisher":{"@id":"https:\/\/novice.si\/page\/#organization"},"image":{"@id":"https:\/\/novice.si\/page\/umrla-celjanka-ljudmila-conradi\/#primaryimage"},"thumbnailUrl":"https:\/\/novice.si\/page\/wp-content\/uploads\/2023\/03\/LJUDMILA_CB.jpg","keywords":["celjan","ljudmila conradi","prostovoljka","smrt","umrla","ustvarjalka"],"articleSection":["Aktualno","Celjsko"],"inLanguage":"sl-SI"},{"@type":"WebPage","@id":"https:\/\/novice.si\/page\/umrla-celjanka-ljudmila-conradi\/","url":"https:\/\/novice.si\/page\/umrla-celjanka-ljudmila-conradi\/","name":"Umrla Celjanka Ljudmila Conradi - Novice.si","isPartOf":{"@id":"https:\/\/novice.si\/page\/#website"},"primaryImageOfPage":{"@id":"https:\/\/novice.si\/page\/umrla-celjanka-ljudmila-conradi\/#primaryimage"},"image":{"@id":"https:\/\/novice.si\/page\/umrla-celjanka-ljudmila-conradi\/#primaryimage"},"thumbnailUrl":"https:\/\/novice.si\/page\/wp-content\/uploads\/2023\/03\/LJUDMILA_CB.jpg","datePublished":"2023-03-19T20:30:49+00:00","breadcrumb":{"@id":"https:\/\/novice.si\/page\/umrla-celjanka-ljudmila-conradi\/#breadcrumb"},"inLanguage":"sl-SI","potentialAction":[{"@type":"ReadAction","target":["https:\/\/novice.si\/page\/umrla-celjanka-ljudmila-conradi\/"]}]},{"@type":"ImageObject","inLanguage":"sl-SI","@id":"https:\/\/novice.si\/page\/umrla-celjanka-ljudmila-conradi\/#primaryimage","url":"https:\/\/novice.si\/page\/wp-content\/uploads\/2023\/03\/LJUDMILA_CB.jpg","contentUrl":"https:\/\/novice.si\/page\/wp-content\/uploads\/2023\/03\/LJUDMILA_CB.jpg","width":2000,"height":1936},{"@type":"BreadcrumbList","@id":"https:\/\/novice.si\/page\/umrla-celjanka-ljudmila-conradi\/#breadcrumb","itemListElement":[{"@type":"ListItem","position":1,"name":"Home","item":"https:\/\/novice.si\/page\/"},{"@type":"ListItem","position":2,"name":"Umrla Celjanka Ljudmila Conradi"}]},{"@type":"WebSite","@id":"https:\/\/novice.si\/page\/#website","url":"https:\/\/novice.si\/page\/","name":"Novice.si","description":"","publisher":{"@id":"https:\/\/novice.si\/page\/#organization"},"potentialAction":[{"@type":"SearchAction","target":{"@type":"EntryPoint","urlTemplate":"https:\/\/novice.si\/page\/?s={search_term_string}"},"query-input":{"@type":"PropertyValueSpecification","valueRequired":true,"valueName":"search_term_string"}}],"inLanguage":"sl-SI"},{"@type":"Organization","@id":"https:\/\/novice.si\/page\/#organization","name":"Novice.si","url":"https:\/\/novice.si\/page\/","logo":{"@type":"ImageObject","inLanguage":"sl-SI","@id":"https:\/\/novice.si\/page\/#\/schema\/logo\/image\/","url":"https:\/\/novice.si\/page\/wp-content\/uploads\/2023\/03\/novice_si.png","contentUrl":"https:\/\/novice.si\/page\/wp-content\/uploads\/2023\/03\/novice_si.png","width":576,"height":200,"caption":"Novice.si"},"image":{"@id":"https:\/\/novice.si\/page\/#\/schema\/logo\/image\/"}},{"@type":"Person","@id":"https:\/\/novice.si\/page\/#\/schema\/person\/51903923b50fefb075bc1cd24fe4d065","name":"Uredni\u0161tvo Celjana","image":{"@type":"ImageObject","inLanguage":"sl-SI","@id":"https:\/\/secure.gravatar.com\/avatar\/b516f102aa90b53619e09722b8ea56721c99bfcb4f1035f9b333d99f52330226?s=96&d=mm&r=g","url":"https:\/\/secure.gravatar.com\/avatar\/b516f102aa90b53619e09722b8ea56721c99bfcb4f1035f9b333d99f52330226?s=96&d=mm&r=g","contentUrl":"https:\/\/secure.gravatar.com\/avatar\/b516f102aa90b53619e09722b8ea56721c99bfcb4f1035f9b333d99f52330226?s=96&d=mm&r=g","caption":"Uredni\u0161tvo Celjana"},"url":"https:\/\/novice.si\/page\/author\/nejc\/"}]}},"_links":{"self":[{"href":"https:\/\/novice.si\/page\/wp-json\/wp\/v2\/posts\/160934","targetHints":{"allow":["GET"]}}],"collection":[{"href":"https:\/\/novice.si\/page\/wp-json\/wp\/v2\/posts"}],"about":[{"href":"https:\/\/novice.si\/page\/wp-json\/wp\/v2\/types\/post"}],"author":[{"embeddable":true,"href":"https:\/\/novice.si\/page\/wp-json\/wp\/v2\/users\/12"}],"replies":[{"embeddable":true,"href":"https:\/\/novice.si\/page\/wp-json\/wp\/v2\/comments?post=160934"}],"version-history":[{"count":1,"href":"https:\/\/novice.si\/page\/wp-json\/wp\/v2\/posts\/160934\/revisions"}],"predecessor-version":[{"id":160937,"href":"https:\/\/novice.si\/page\/wp-json\/wp\/v2\/posts\/160934\/revisions\/160937"}],"wp:featuredmedia":[{"embeddable":true,"href":"https:\/\/novice.si\/page\/wp-json\/wp\/v2\/media\/160936"}],"wp:attachment":[{"href":"https:\/\/novice.si\/page\/wp-json\/wp\/v2\/media?parent=160934"}],"wp:term":[{"taxonomy":"category","embeddable":true,"href":"https:\/\/novice.si\/page\/wp-json\/wp\/v2\/categories?post=160934"},{"taxonomy":"post_tag","embeddable":true,"href":"https:\/\/novice.si\/page\/wp-json\/wp\/v2\/tags?post=160934"}],"curies":[{"name":"wp","href":"https:\/\/api.w.org\/{rel}","templated":true}]}}