{"id":160912,"date":"2023-03-18T11:05:21","date_gmt":"2023-03-18T10:05:21","guid":{"rendered":"https:\/\/novice.si\/page\/?p=160912"},"modified":"2023-03-18T11:05:21","modified_gmt":"2023-03-18T10:05:21","slug":"v-slovenskih-konjicah-prvi-vrhunec-kosarkarske-sezone-za-zenske","status":"publish","type":"post","link":"https:\/\/novice.si\/page\/v-slovenskih-konjicah-prvi-vrhunec-kosarkarske-sezone-za-zenske\/","title":{"rendered":"V Slovenskih Konjicah prvi vrhunec ko\u0161arkarske sezone za \u017eenske"},"content":{"rendered":"<p><a href=\"https:\/\/novice.si\/page\/wp-content\/uploads\/2023\/03\/IMG_6323_resize.jpg\" data-gallery><img loading=\"lazy\" decoding=\"async\" class=\"size-medium wp-image-160913 alignleft\" src=\"https:\/\/novice.si\/page\/wp-content\/uploads\/2023\/03\/IMG_6323_resize-300x200.jpg\" alt=\"\" width=\"300\" height=\"200\" srcset=\"https:\/\/novice.si\/page\/wp-content\/uploads\/2023\/03\/IMG_6323_resize-300x200.jpg 300w, https:\/\/novice.si\/page\/wp-content\/uploads\/2023\/03\/IMG_6323_resize-768x512.jpg 768w, https:\/\/novice.si\/page\/wp-content\/uploads\/2023\/03\/IMG_6323_resize-696x464.jpg 696w, https:\/\/novice.si\/page\/wp-content\/uploads\/2023\/03\/IMG_6323_resize-630x420.jpg 630w, https:\/\/novice.si\/page\/wp-content\/uploads\/2023\/03\/IMG_6323_resize-24x16.jpg 24w, https:\/\/novice.si\/page\/wp-content\/uploads\/2023\/03\/IMG_6323_resize-36x24.jpg 36w, https:\/\/novice.si\/page\/wp-content\/uploads\/2023\/03\/IMG_6323_resize-48x32.jpg 48w, https:\/\/novice.si\/page\/wp-content\/uploads\/2023\/03\/IMG_6323_resize.jpg 800w\" sizes=\"auto, (max-width: 300px) 100vw, 300px\" \/><\/a>Pred slovenskimi \u017eenskimi ko\u0161arkarskimi klubi je prvi vrhunec sezone 2022\/2023. V konji\u0161ki \u0161portni dvorani se bodo ta konec tedna \u0161tiri ekipe potegovale za lovoriko v Pokalu \u010dlanic. Poleg treh mo\u0161tev z vrha lestvice v 1. slovenski ligi so si pravico sodelovanja med \u0161tirimi najbolj\u0161imi priigrale tudi Konji\u010danke, ki se bodo v dana\u0161njem polfinalu (17.00) pomerile s Triglavom, drugi polfinalni par pa bo Cinkarna Celje \u2013 Derby Je\u017eica (14.30). Finale bo na sporedu jutri ob 20.00. &#8220;Zavedamo se, da proti nam stoji ve\u010dkratni finalist dr\u017eavnega prvenstva in slovenskega pokala. Zagotovo vloga favoritkam pripada Triglavu. Mi se bomo na tekmo poskusili \u010dim bolje pripraviti. Vem, da bodo moje igralke dale vse od sebe, da na doma\u010dem parketu odigramo na\u0161o najbolj\u0161o ko\u0161arko. Prav zato \u0161e posebej vabim vse ljubitelje \u017eenske ko\u0161arke, da nas za vikend bu\u010dno podprejo v najve\u010djem \u0161tevilu,&#8221; je pred finalnim turnirjem dejal trener Konji\u010dank <strong>Robert Matev\u017ei\u010d<\/strong>.<br \/>\nEkipa U14 Pro-Bit Konjice se je uvrstila v finale Mini pokala deklet. Jutri ob 16.30 se bo v konji\u0161ki \u0161portni dvorani pomerila za prvo mesto z ekipo Domel iz \u0160kofje Loke. (Jure Mernik)<\/p>\n","protected":false},"excerpt":{"rendered":"<p>Pred slovenskimi \u017eenskimi ko\u0161arkarskimi klubi je prvi vrhunec sezone 2022\/2023. V konji\u0161ki \u0161portni dvorani se bodo ta konec tedna \u0161tiri ekipe potegovale za lovoriko v Pokalu \u010dlanic. Poleg treh mo\u0161tev z vrha lestvice v 1. slovenski ligi so si pravico sodelovanja med \u0161tirimi najbolj\u0161imi priigrale tudi Konji\u010danke, ki se bodo v dana\u0161njem polfinalu (17.00) pomerile [&hellip;]<\/p>\n","protected":false},"author":7,"featured_media":160913,"comment_status":"closed","ping_status":"closed","sticky":false,"template":"","format":"standard","meta":{"footnotes":""},"categories":[14,16,68],"tags":[16843,8704,11993],"class_list":{"0":"post-160912","1":"post","2":"type-post","3":"status-publish","4":"format-standard","5":"has-post-thumbnail","7":"category-aktualno","8":"category-konjisko","9":"category-sport","10":"tag-pokal-clanic","11":"tag-robert-matevzic","12":"tag-zkk-pro-bit-konjice"},"yoast_head":"<!-- This site is optimized with the Yoast SEO plugin v27.4 - https:\/\/yoast.com\/product\/yoast-seo-wordpress\/ -->\n<title>V Slovenskih Konjicah prvi vrhunec ko\u0161arkarske sezone za \u017eenske - Novice.si<\/title>\n<meta name=\"robots\" content=\"index, follow, max-snippet:-1, max-image-preview:large, max-video-preview:-1\" \/>\n<link rel=\"canonical\" href=\"https:\/\/novice.si\/page\/v-slovenskih-konjicah-prvi-vrhunec-kosarkarske-sezone-za-zenske\/\" \/>\n<meta property=\"og:locale\" content=\"sl_SI\" \/>\n<meta property=\"og:type\" content=\"article\" \/>\n<meta property=\"og:title\" content=\"V Slovenskih Konjicah prvi vrhunec ko\u0161arkarske sezone za \u017eenske - Novice.si\" \/>\n<meta property=\"og:description\" content=\"Pred slovenskimi \u017eenskimi ko\u0161arkarskimi klubi je prvi vrhunec sezone 2022\/2023. V konji\u0161ki \u0161portni dvorani se bodo ta konec tedna \u0161tiri ekipe potegovale za lovoriko v Pokalu \u010dlanic. Poleg treh mo\u0161tev z vrha lestvice v 1. slovenski ligi so si pravico sodelovanja med \u0161tirimi najbolj\u0161imi priigrale tudi Konji\u010danke, ki se bodo v dana\u0161njem polfinalu (17.00) pomerile [&hellip;]\" \/>\n<meta property=\"og:url\" content=\"https:\/\/novice.si\/page\/v-slovenskih-konjicah-prvi-vrhunec-kosarkarske-sezone-za-zenske\/\" \/>\n<meta property=\"og:site_name\" content=\"Novice.si\" \/>\n<meta property=\"article:published_time\" content=\"2023-03-18T10:05:21+00:00\" \/>\n<meta property=\"og:image\" content=\"https:\/\/novice.si\/page\/wp-content\/uploads\/2023\/03\/IMG_6323_resize.jpg\" \/>\n\t<meta property=\"og:image:width\" content=\"800\" \/>\n\t<meta property=\"og:image:height\" content=\"533\" \/>\n\t<meta property=\"og:image:type\" content=\"image\/jpeg\" \/>\n<meta name=\"author\" content=\"Uredni\u0161tvo Novic\" \/>\n<meta name=\"twitter:card\" content=\"summary_large_image\" \/>\n<meta name=\"twitter:label1\" content=\"Written by\" \/>\n\t<meta name=\"twitter:data1\" content=\"Uredni\u0161tvo Novic\" \/>\n\t<meta name=\"twitter:label2\" content=\"Est. reading time\" \/>\n\t<meta name=\"twitter:data2\" content=\"2 minuti\" \/>\n<script type=\"application\/ld+json\" class=\"yoast-schema-graph\">{\"@context\":\"https:\\\/\\\/schema.org\",\"@graph\":[{\"@type\":\"Article\",\"@id\":\"https:\\\/\\\/novice.si\\\/page\\\/v-slovenskih-konjicah-prvi-vrhunec-kosarkarske-sezone-za-zenske\\\/#article\",\"isPartOf\":{\"@id\":\"https:\\\/\\\/novice.si\\\/page\\\/v-slovenskih-konjicah-prvi-vrhunec-kosarkarske-sezone-za-zenske\\\/\"},\"author\":{\"name\":\"Uredni\u0161tvo Novic\",\"@id\":\"https:\\\/\\\/novice.si\\\/page\\\/#\\\/schema\\\/person\\\/a877dbb8680d441357ce27663beb35ca\"},\"headline\":\"V Slovenskih Konjicah prvi vrhunec ko\u0161arkarske sezone za \u017eenske\",\"datePublished\":\"2023-03-18T10:05:21+00:00\",\"mainEntityOfPage\":{\"@id\":\"https:\\\/\\\/novice.si\\\/page\\\/v-slovenskih-konjicah-prvi-vrhunec-kosarkarske-sezone-za-zenske\\\/\"},\"wordCount\":201,\"publisher\":{\"@id\":\"https:\\\/\\\/novice.si\\\/page\\\/#organization\"},\"image\":{\"@id\":\"https:\\\/\\\/novice.si\\\/page\\\/v-slovenskih-konjicah-prvi-vrhunec-kosarkarske-sezone-za-zenske\\\/#primaryimage\"},\"thumbnailUrl\":\"https:\\\/\\\/novice.si\\\/page\\\/wp-content\\\/uploads\\\/2023\\\/03\\\/IMG_6323_resize.jpg\",\"keywords\":[\"pokal \u010dlanic\",\"Robert Matev\u017ei\u010d\",\"\u017dKK Pro-Bit Konjice\"],\"articleSection\":[\"Aktualno\",\"Konji\u0161ko\",\"\u0160port\"],\"inLanguage\":\"sl-SI\"},{\"@type\":\"WebPage\",\"@id\":\"https:\\\/\\\/novice.si\\\/page\\\/v-slovenskih-konjicah-prvi-vrhunec-kosarkarske-sezone-za-zenske\\\/\",\"url\":\"https:\\\/\\\/novice.si\\\/page\\\/v-slovenskih-konjicah-prvi-vrhunec-kosarkarske-sezone-za-zenske\\\/\",\"name\":\"V Slovenskih Konjicah prvi vrhunec ko\u0161arkarske sezone za \u017eenske - Novice.si\",\"isPartOf\":{\"@id\":\"https:\\\/\\\/novice.si\\\/page\\\/#website\"},\"primaryImageOfPage\":{\"@id\":\"https:\\\/\\\/novice.si\\\/page\\\/v-slovenskih-konjicah-prvi-vrhunec-kosarkarske-sezone-za-zenske\\\/#primaryimage\"},\"image\":{\"@id\":\"https:\\\/\\\/novice.si\\\/page\\\/v-slovenskih-konjicah-prvi-vrhunec-kosarkarske-sezone-za-zenske\\\/#primaryimage\"},\"thumbnailUrl\":\"https:\\\/\\\/novice.si\\\/page\\\/wp-content\\\/uploads\\\/2023\\\/03\\\/IMG_6323_resize.jpg\",\"datePublished\":\"2023-03-18T10:05:21+00:00\",\"breadcrumb\":{\"@id\":\"https:\\\/\\\/novice.si\\\/page\\\/v-slovenskih-konjicah-prvi-vrhunec-kosarkarske-sezone-za-zenske\\\/#breadcrumb\"},\"inLanguage\":\"sl-SI\",\"potentialAction\":[{\"@type\":\"ReadAction\",\"target\":[\"https:\\\/\\\/novice.si\\\/page\\\/v-slovenskih-konjicah-prvi-vrhunec-kosarkarske-sezone-za-zenske\\\/\"]}]},{\"@type\":\"ImageObject\",\"inLanguage\":\"sl-SI\",\"@id\":\"https:\\\/\\\/novice.si\\\/page\\\/v-slovenskih-konjicah-prvi-vrhunec-kosarkarske-sezone-za-zenske\\\/#primaryimage\",\"url\":\"https:\\\/\\\/novice.si\\\/page\\\/wp-content\\\/uploads\\\/2023\\\/03\\\/IMG_6323_resize.jpg\",\"contentUrl\":\"https:\\\/\\\/novice.si\\\/page\\\/wp-content\\\/uploads\\\/2023\\\/03\\\/IMG_6323_resize.jpg\",\"width\":800,\"height\":533},{\"@type\":\"BreadcrumbList\",\"@id\":\"https:\\\/\\\/novice.si\\\/page\\\/v-slovenskih-konjicah-prvi-vrhunec-kosarkarske-sezone-za-zenske\\\/#breadcrumb\",\"itemListElement\":[{\"@type\":\"ListItem\",\"position\":1,\"name\":\"Home\",\"item\":\"https:\\\/\\\/novice.si\\\/page\\\/\"},{\"@type\":\"ListItem\",\"position\":2,\"name\":\"V Slovenskih Konjicah prvi vrhunec ko\u0161arkarske sezone za \u017eenske\"}]},{\"@type\":\"WebSite\",\"@id\":\"https:\\\/\\\/novice.si\\\/page\\\/#website\",\"url\":\"https:\\\/\\\/novice.si\\\/page\\\/\",\"name\":\"Novice.si\",\"description\":\"\",\"publisher\":{\"@id\":\"https:\\\/\\\/novice.si\\\/page\\\/#organization\"},\"potentialAction\":[{\"@type\":\"SearchAction\",\"target\":{\"@type\":\"EntryPoint\",\"urlTemplate\":\"https:\\\/\\\/novice.si\\\/page\\\/?s={search_term_string}\"},\"query-input\":{\"@type\":\"PropertyValueSpecification\",\"valueRequired\":true,\"valueName\":\"search_term_string\"}}],\"inLanguage\":\"sl-SI\"},{\"@type\":\"Organization\",\"@id\":\"https:\\\/\\\/novice.si\\\/page\\\/#organization\",\"name\":\"Novice.si\",\"url\":\"https:\\\/\\\/novice.si\\\/page\\\/\",\"logo\":{\"@type\":\"ImageObject\",\"inLanguage\":\"sl-SI\",\"@id\":\"https:\\\/\\\/novice.si\\\/page\\\/#\\\/schema\\\/logo\\\/image\\\/\",\"url\":\"https:\\\/\\\/novice.si\\\/page\\\/wp-content\\\/uploads\\\/2023\\\/03\\\/novice_si.png\",\"contentUrl\":\"https:\\\/\\\/novice.si\\\/page\\\/wp-content\\\/uploads\\\/2023\\\/03\\\/novice_si.png\",\"width\":576,\"height\":200,\"caption\":\"Novice.si\"},\"image\":{\"@id\":\"https:\\\/\\\/novice.si\\\/page\\\/#\\\/schema\\\/logo\\\/image\\\/\"}},{\"@type\":\"Person\",\"@id\":\"https:\\\/\\\/novice.si\\\/page\\\/#\\\/schema\\\/person\\\/a877dbb8680d441357ce27663beb35ca\",\"name\":\"Uredni\u0161tvo Novic\",\"image\":{\"@type\":\"ImageObject\",\"inLanguage\":\"sl-SI\",\"@id\":\"https:\\\/\\\/secure.gravatar.com\\\/avatar\\\/f19c0ae874706cc9ba19d2f6da5f74a5a5ee7674f283fed29ce0ad16a9f1893e?s=96&d=mm&r=g\",\"url\":\"https:\\\/\\\/secure.gravatar.com\\\/avatar\\\/f19c0ae874706cc9ba19d2f6da5f74a5a5ee7674f283fed29ce0ad16a9f1893e?s=96&d=mm&r=g\",\"contentUrl\":\"https:\\\/\\\/secure.gravatar.com\\\/avatar\\\/f19c0ae874706cc9ba19d2f6da5f74a5a5ee7674f283fed29ce0ad16a9f1893e?s=96&d=mm&r=g\",\"caption\":\"Uredni\u0161tvo Novic\"},\"url\":\"https:\\\/\\\/novice.si\\\/page\\\/author\\\/jure\\\/\"}]}<\/script>\n<!-- \/ Yoast SEO plugin. -->","yoast_head_json":{"title":"V Slovenskih Konjicah prvi vrhunec ko\u0161arkarske sezone za \u017eenske - Novice.si","robots":{"index":"index","follow":"follow","max-snippet":"max-snippet:-1","max-image-preview":"max-image-preview:large","max-video-preview":"max-video-preview:-1"},"canonical":"https:\/\/novice.si\/page\/v-slovenskih-konjicah-prvi-vrhunec-kosarkarske-sezone-za-zenske\/","og_locale":"sl_SI","og_type":"article","og_title":"V Slovenskih Konjicah prvi vrhunec ko\u0161arkarske sezone za \u017eenske - Novice.si","og_description":"Pred slovenskimi \u017eenskimi ko\u0161arkarskimi klubi je prvi vrhunec sezone 2022\/2023. V konji\u0161ki \u0161portni dvorani se bodo ta konec tedna \u0161tiri ekipe potegovale za lovoriko v Pokalu \u010dlanic. Poleg treh mo\u0161tev z vrha lestvice v 1. slovenski ligi so si pravico sodelovanja med \u0161tirimi najbolj\u0161imi priigrale tudi Konji\u010danke, ki se bodo v dana\u0161njem polfinalu (17.00) pomerile [&hellip;]","og_url":"https:\/\/novice.si\/page\/v-slovenskih-konjicah-prvi-vrhunec-kosarkarske-sezone-za-zenske\/","og_site_name":"Novice.si","article_published_time":"2023-03-18T10:05:21+00:00","og_image":[{"width":800,"height":533,"url":"https:\/\/novice.si\/page\/wp-content\/uploads\/2023\/03\/IMG_6323_resize.jpg","type":"image\/jpeg"}],"author":"Uredni\u0161tvo Novic","twitter_card":"summary_large_image","twitter_misc":{"Written by":"Uredni\u0161tvo Novic","Est. reading time":"2 minuti"},"schema":{"@context":"https:\/\/schema.org","@graph":[{"@type":"Article","@id":"https:\/\/novice.si\/page\/v-slovenskih-konjicah-prvi-vrhunec-kosarkarske-sezone-za-zenske\/#article","isPartOf":{"@id":"https:\/\/novice.si\/page\/v-slovenskih-konjicah-prvi-vrhunec-kosarkarske-sezone-za-zenske\/"},"author":{"name":"Uredni\u0161tvo Novic","@id":"https:\/\/novice.si\/page\/#\/schema\/person\/a877dbb8680d441357ce27663beb35ca"},"headline":"V Slovenskih Konjicah prvi vrhunec ko\u0161arkarske sezone za \u017eenske","datePublished":"2023-03-18T10:05:21+00:00","mainEntityOfPage":{"@id":"https:\/\/novice.si\/page\/v-slovenskih-konjicah-prvi-vrhunec-kosarkarske-sezone-za-zenske\/"},"wordCount":201,"publisher":{"@id":"https:\/\/novice.si\/page\/#organization"},"image":{"@id":"https:\/\/novice.si\/page\/v-slovenskih-konjicah-prvi-vrhunec-kosarkarske-sezone-za-zenske\/#primaryimage"},"thumbnailUrl":"https:\/\/novice.si\/page\/wp-content\/uploads\/2023\/03\/IMG_6323_resize.jpg","keywords":["pokal \u010dlanic","Robert Matev\u017ei\u010d","\u017dKK Pro-Bit Konjice"],"articleSection":["Aktualno","Konji\u0161ko","\u0160port"],"inLanguage":"sl-SI"},{"@type":"WebPage","@id":"https:\/\/novice.si\/page\/v-slovenskih-konjicah-prvi-vrhunec-kosarkarske-sezone-za-zenske\/","url":"https:\/\/novice.si\/page\/v-slovenskih-konjicah-prvi-vrhunec-kosarkarske-sezone-za-zenske\/","name":"V Slovenskih Konjicah prvi vrhunec ko\u0161arkarske sezone za \u017eenske - Novice.si","isPartOf":{"@id":"https:\/\/novice.si\/page\/#website"},"primaryImageOfPage":{"@id":"https:\/\/novice.si\/page\/v-slovenskih-konjicah-prvi-vrhunec-kosarkarske-sezone-za-zenske\/#primaryimage"},"image":{"@id":"https:\/\/novice.si\/page\/v-slovenskih-konjicah-prvi-vrhunec-kosarkarske-sezone-za-zenske\/#primaryimage"},"thumbnailUrl":"https:\/\/novice.si\/page\/wp-content\/uploads\/2023\/03\/IMG_6323_resize.jpg","datePublished":"2023-03-18T10:05:21+00:00","breadcrumb":{"@id":"https:\/\/novice.si\/page\/v-slovenskih-konjicah-prvi-vrhunec-kosarkarske-sezone-za-zenske\/#breadcrumb"},"inLanguage":"sl-SI","potentialAction":[{"@type":"ReadAction","target":["https:\/\/novice.si\/page\/v-slovenskih-konjicah-prvi-vrhunec-kosarkarske-sezone-za-zenske\/"]}]},{"@type":"ImageObject","inLanguage":"sl-SI","@id":"https:\/\/novice.si\/page\/v-slovenskih-konjicah-prvi-vrhunec-kosarkarske-sezone-za-zenske\/#primaryimage","url":"https:\/\/novice.si\/page\/wp-content\/uploads\/2023\/03\/IMG_6323_resize.jpg","contentUrl":"https:\/\/novice.si\/page\/wp-content\/uploads\/2023\/03\/IMG_6323_resize.jpg","width":800,"height":533},{"@type":"BreadcrumbList","@id":"https:\/\/novice.si\/page\/v-slovenskih-konjicah-prvi-vrhunec-kosarkarske-sezone-za-zenske\/#breadcrumb","itemListElement":[{"@type":"ListItem","position":1,"name":"Home","item":"https:\/\/novice.si\/page\/"},{"@type":"ListItem","position":2,"name":"V Slovenskih Konjicah prvi vrhunec ko\u0161arkarske sezone za \u017eenske"}]},{"@type":"WebSite","@id":"https:\/\/novice.si\/page\/#website","url":"https:\/\/novice.si\/page\/","name":"Novice.si","description":"","publisher":{"@id":"https:\/\/novice.si\/page\/#organization"},"potentialAction":[{"@type":"SearchAction","target":{"@type":"EntryPoint","urlTemplate":"https:\/\/novice.si\/page\/?s={search_term_string}"},"query-input":{"@type":"PropertyValueSpecification","valueRequired":true,"valueName":"search_term_string"}}],"inLanguage":"sl-SI"},{"@type":"Organization","@id":"https:\/\/novice.si\/page\/#organization","name":"Novice.si","url":"https:\/\/novice.si\/page\/","logo":{"@type":"ImageObject","inLanguage":"sl-SI","@id":"https:\/\/novice.si\/page\/#\/schema\/logo\/image\/","url":"https:\/\/novice.si\/page\/wp-content\/uploads\/2023\/03\/novice_si.png","contentUrl":"https:\/\/novice.si\/page\/wp-content\/uploads\/2023\/03\/novice_si.png","width":576,"height":200,"caption":"Novice.si"},"image":{"@id":"https:\/\/novice.si\/page\/#\/schema\/logo\/image\/"}},{"@type":"Person","@id":"https:\/\/novice.si\/page\/#\/schema\/person\/a877dbb8680d441357ce27663beb35ca","name":"Uredni\u0161tvo Novic","image":{"@type":"ImageObject","inLanguage":"sl-SI","@id":"https:\/\/secure.gravatar.com\/avatar\/f19c0ae874706cc9ba19d2f6da5f74a5a5ee7674f283fed29ce0ad16a9f1893e?s=96&d=mm&r=g","url":"https:\/\/secure.gravatar.com\/avatar\/f19c0ae874706cc9ba19d2f6da5f74a5a5ee7674f283fed29ce0ad16a9f1893e?s=96&d=mm&r=g","contentUrl":"https:\/\/secure.gravatar.com\/avatar\/f19c0ae874706cc9ba19d2f6da5f74a5a5ee7674f283fed29ce0ad16a9f1893e?s=96&d=mm&r=g","caption":"Uredni\u0161tvo Novic"},"url":"https:\/\/novice.si\/page\/author\/jure\/"}]}},"_links":{"self":[{"href":"https:\/\/novice.si\/page\/wp-json\/wp\/v2\/posts\/160912","targetHints":{"allow":["GET"]}}],"collection":[{"href":"https:\/\/novice.si\/page\/wp-json\/wp\/v2\/posts"}],"about":[{"href":"https:\/\/novice.si\/page\/wp-json\/wp\/v2\/types\/post"}],"author":[{"embeddable":true,"href":"https:\/\/novice.si\/page\/wp-json\/wp\/v2\/users\/7"}],"replies":[{"embeddable":true,"href":"https:\/\/novice.si\/page\/wp-json\/wp\/v2\/comments?post=160912"}],"version-history":[{"count":1,"href":"https:\/\/novice.si\/page\/wp-json\/wp\/v2\/posts\/160912\/revisions"}],"predecessor-version":[{"id":160914,"href":"https:\/\/novice.si\/page\/wp-json\/wp\/v2\/posts\/160912\/revisions\/160914"}],"wp:featuredmedia":[{"embeddable":true,"href":"https:\/\/novice.si\/page\/wp-json\/wp\/v2\/media\/160913"}],"wp:attachment":[{"href":"https:\/\/novice.si\/page\/wp-json\/wp\/v2\/media?parent=160912"}],"wp:term":[{"taxonomy":"category","embeddable":true,"href":"https:\/\/novice.si\/page\/wp-json\/wp\/v2\/categories?post=160912"},{"taxonomy":"post_tag","embeddable":true,"href":"https:\/\/novice.si\/page\/wp-json\/wp\/v2\/tags?post=160912"}],"curies":[{"name":"wp","href":"https:\/\/api.w.org\/{rel}","templated":true}]}}