{"id":160903,"date":"2023-03-17T17:08:03","date_gmt":"2023-03-17T16:08:03","guid":{"rendered":"https:\/\/novice.si\/page\/?p=160903"},"modified":"2023-03-17T13:11:57","modified_gmt":"2023-03-17T12:11:57","slug":"celje-mitjo-pavlina-iscejo-obtoznica-se-ni-pravnomocna","status":"publish","type":"post","link":"https:\/\/novice.si\/page\/celje-mitjo-pavlina-iscejo-obtoznica-se-ni-pravnomocna\/","title":{"rendered":"CELJE Mitjo Pavlina i\u0161\u010dejo, obto\u017enica \u0161e ni pravnomo\u010dna"},"content":{"rendered":"<p>\u010ceprav je bila obto\u017enica zoper nekdanjega \u010dlana uprave celjske dru\u017ebe Kovintrade <strong>Mitjo Pavlina<\/strong> vlo\u017eena \u017ee lanskega aprila, mu je sodi\u0161\u010de doslej \u0161e ni uspelo vro\u010diti niti preko njegovega odvetnika, zato ta \u0161e ni pravnomo\u010dna.<\/p>\n<p>Pav<a href=\"https:\/\/novice.si\/page\/wp-content\/uploads\/2020\/03\/portal-kovintrade-1002.jpg\" data-gallery><img loading=\"lazy\" decoding=\"async\" class=\" wp-image-124481 alignleft\" src=\"https:\/\/novice.si\/page\/wp-content\/uploads\/2020\/03\/portal-kovintrade-1002-300x200.jpg\" alt=\"\" width=\"381\" height=\"254\" srcset=\"https:\/\/novice.si\/page\/wp-content\/uploads\/2020\/03\/portal-kovintrade-1002-300x200.jpg 300w, https:\/\/novice.si\/page\/wp-content\/uploads\/2020\/03\/portal-kovintrade-1002-768x512.jpg 768w, https:\/\/novice.si\/page\/wp-content\/uploads\/2020\/03\/portal-kovintrade-1002-696x464.jpg 696w, https:\/\/novice.si\/page\/wp-content\/uploads\/2020\/03\/portal-kovintrade-1002-630x420.jpg 630w, https:\/\/novice.si\/page\/wp-content\/uploads\/2020\/03\/portal-kovintrade-1002-24x16.jpg 24w, https:\/\/novice.si\/page\/wp-content\/uploads\/2020\/03\/portal-kovintrade-1002-36x24.jpg 36w, https:\/\/novice.si\/page\/wp-content\/uploads\/2020\/03\/portal-kovintrade-1002-48x32.jpg 48w, https:\/\/novice.si\/page\/wp-content\/uploads\/2020\/03\/portal-kovintrade-1002.jpg 800w\" sizes=\"auto, (max-width: 381px) 100vw, 381px\" \/><\/a>lin naj bi celjsko podjetje o\u0161kodoval za 3,8 milijona evrov, nato pa izginil in se verjetno nahaja v tujini, pogojev za izdajo mednarodne tiralice pa \u0161e ni. Po poro\u010danju spletnega portala RTV naj bi opravili poizvedbe na ve\u010d naslovih v Sloveniji, kjer bi lahko bival, razlog za skrivanje pa bi lahko bilo tudi v za\u010dasnem sodnem zavarovanju njegovega poldrugi milijon evrov vrednega imetja, ki lahko traja najve\u010d tri leta in pote\u010de aprila 2025.<\/p>\n<p>Obto\u017een je zlorabe polo\u017eaja, primer pa sega v \u010das, ko je bil Pavlin v Kovintradeu zadol\u017een za ruski, beloruski in ukrajinski trg, s fiktivnimi posli pa je denar kanaliziral tudi na svoje ban\u010dne ra\u010dune v tujini, kar so pozneje ugotovili z revizijo. V preiskavi je sodeloval tudi NPU, njene rezultate so celjski kriminalisti razodeli lanskega maja.<\/p>\n<p>P\u0160<\/p>\n","protected":false},"excerpt":{"rendered":"<p>\u010ceprav je bila obto\u017enica zoper nekdanjega \u010dlana uprave celjske dru\u017ebe Kovintrade Mitjo Pavlina vlo\u017eena \u017ee lanskega aprila, mu je sodi\u0161\u010de doslej \u0161e ni uspelo vro\u010diti niti preko njegovega odvetnika, zato ta \u0161e ni pravnomo\u010dna. Pavlin naj bi celjsko podjetje o\u0161kodoval za 3,8 milijona evrov, nato pa izginil in se verjetno nahaja v tujini, pogojev za [&hellip;]<\/p>\n","protected":false},"author":33,"featured_media":124481,"comment_status":"closed","ping_status":"closed","sticky":false,"template":"","format":"standard","meta":{"footnotes":""},"categories":[14,17],"tags":[7891,14965,3828,17306,14053,4216],"class_list":{"0":"post-160903","1":"post","2":"type-post","3":"status-publish","4":"format-standard","5":"has-post-thumbnail","7":"category-aktualno","8":"category-celjsko","9":"tag-kovintrade","10":"tag-mitja-pavlin","11":"tag-obtoznica","12":"tag-ruski-trg","13":"tag-tiralica","14":"tag-zloraba-polozaja"},"yoast_head":"<!-- This site is optimized with the Yoast SEO plugin v27.4 - https:\/\/yoast.com\/product\/yoast-seo-wordpress\/ -->\n<title>CELJE Mitjo Pavlina i\u0161\u010dejo, obto\u017enica \u0161e ni pravnomo\u010dna - Novice.si<\/title>\n<meta name=\"robots\" content=\"index, follow, max-snippet:-1, max-image-preview:large, max-video-preview:-1\" \/>\n<link rel=\"canonical\" href=\"https:\/\/novice.si\/page\/celje-mitjo-pavlina-iscejo-obtoznica-se-ni-pravnomocna\/\" \/>\n<meta property=\"og:locale\" content=\"sl_SI\" \/>\n<meta property=\"og:type\" content=\"article\" \/>\n<meta property=\"og:title\" content=\"CELJE Mitjo Pavlina i\u0161\u010dejo, obto\u017enica \u0161e ni pravnomo\u010dna - Novice.si\" \/>\n<meta property=\"og:description\" content=\"\u010ceprav je bila obto\u017enica zoper nekdanjega \u010dlana uprave celjske dru\u017ebe Kovintrade Mitjo Pavlina vlo\u017eena \u017ee lanskega aprila, mu je sodi\u0161\u010de doslej \u0161e ni uspelo vro\u010diti niti preko njegovega odvetnika, zato ta \u0161e ni pravnomo\u010dna. Pavlin naj bi celjsko podjetje o\u0161kodoval za 3,8 milijona evrov, nato pa izginil in se verjetno nahaja v tujini, pogojev za [&hellip;]\" \/>\n<meta property=\"og:url\" content=\"https:\/\/novice.si\/page\/celje-mitjo-pavlina-iscejo-obtoznica-se-ni-pravnomocna\/\" \/>\n<meta property=\"og:site_name\" content=\"Novice.si\" \/>\n<meta property=\"article:published_time\" content=\"2023-03-17T16:08:03+00:00\" \/>\n<meta property=\"og:image\" content=\"https:\/\/novice.si\/page\/wp-content\/uploads\/2020\/03\/portal-kovintrade-1002.jpg\" \/>\n\t<meta property=\"og:image:width\" content=\"800\" \/>\n\t<meta property=\"og:image:height\" content=\"533\" \/>\n\t<meta property=\"og:image:type\" content=\"image\/jpeg\" \/>\n<meta name=\"author\" content=\"Uredni\u0161tvo Celjana\" \/>\n<meta name=\"twitter:card\" content=\"summary_large_image\" \/>\n<meta name=\"twitter:label1\" content=\"Written by\" \/>\n\t<meta name=\"twitter:data1\" content=\"Uredni\u0161tvo Celjana\" \/>\n\t<meta name=\"twitter:label2\" content=\"Est. reading time\" \/>\n\t<meta name=\"twitter:data2\" content=\"2 minuti\" \/>\n<script type=\"application\/ld+json\" class=\"yoast-schema-graph\">{\"@context\":\"https:\\\/\\\/schema.org\",\"@graph\":[{\"@type\":\"Article\",\"@id\":\"https:\\\/\\\/novice.si\\\/page\\\/celje-mitjo-pavlina-iscejo-obtoznica-se-ni-pravnomocna\\\/#article\",\"isPartOf\":{\"@id\":\"https:\\\/\\\/novice.si\\\/page\\\/celje-mitjo-pavlina-iscejo-obtoznica-se-ni-pravnomocna\\\/\"},\"author\":{\"name\":\"Uredni\u0161tvo Celjana\",\"@id\":\"https:\\\/\\\/novice.si\\\/page\\\/#\\\/schema\\\/person\\\/57f25c9642a9541c7349c65d32032c3e\"},\"headline\":\"CELJE Mitjo Pavlina i\u0161\u010dejo, obto\u017enica \u0161e ni pravnomo\u010dna\",\"datePublished\":\"2023-03-17T16:08:03+00:00\",\"mainEntityOfPage\":{\"@id\":\"https:\\\/\\\/novice.si\\\/page\\\/celje-mitjo-pavlina-iscejo-obtoznica-se-ni-pravnomocna\\\/\"},\"wordCount\":189,\"publisher\":{\"@id\":\"https:\\\/\\\/novice.si\\\/page\\\/#organization\"},\"image\":{\"@id\":\"https:\\\/\\\/novice.si\\\/page\\\/celje-mitjo-pavlina-iscejo-obtoznica-se-ni-pravnomocna\\\/#primaryimage\"},\"thumbnailUrl\":\"https:\\\/\\\/novice.si\\\/page\\\/wp-content\\\/uploads\\\/2020\\\/03\\\/portal-kovintrade-1002.jpg\",\"keywords\":[\"Kovintrade\",\"Mitja pavlin\",\"obto\u017enica\",\"ruski trg\",\"tiralica\",\"zloraba polo\u017eaja\"],\"articleSection\":[\"Aktualno\",\"Celjsko\"],\"inLanguage\":\"sl-SI\"},{\"@type\":\"WebPage\",\"@id\":\"https:\\\/\\\/novice.si\\\/page\\\/celje-mitjo-pavlina-iscejo-obtoznica-se-ni-pravnomocna\\\/\",\"url\":\"https:\\\/\\\/novice.si\\\/page\\\/celje-mitjo-pavlina-iscejo-obtoznica-se-ni-pravnomocna\\\/\",\"name\":\"CELJE Mitjo Pavlina i\u0161\u010dejo, obto\u017enica \u0161e ni pravnomo\u010dna - Novice.si\",\"isPartOf\":{\"@id\":\"https:\\\/\\\/novice.si\\\/page\\\/#website\"},\"primaryImageOfPage\":{\"@id\":\"https:\\\/\\\/novice.si\\\/page\\\/celje-mitjo-pavlina-iscejo-obtoznica-se-ni-pravnomocna\\\/#primaryimage\"},\"image\":{\"@id\":\"https:\\\/\\\/novice.si\\\/page\\\/celje-mitjo-pavlina-iscejo-obtoznica-se-ni-pravnomocna\\\/#primaryimage\"},\"thumbnailUrl\":\"https:\\\/\\\/novice.si\\\/page\\\/wp-content\\\/uploads\\\/2020\\\/03\\\/portal-kovintrade-1002.jpg\",\"datePublished\":\"2023-03-17T16:08:03+00:00\",\"breadcrumb\":{\"@id\":\"https:\\\/\\\/novice.si\\\/page\\\/celje-mitjo-pavlina-iscejo-obtoznica-se-ni-pravnomocna\\\/#breadcrumb\"},\"inLanguage\":\"sl-SI\",\"potentialAction\":[{\"@type\":\"ReadAction\",\"target\":[\"https:\\\/\\\/novice.si\\\/page\\\/celje-mitjo-pavlina-iscejo-obtoznica-se-ni-pravnomocna\\\/\"]}]},{\"@type\":\"ImageObject\",\"inLanguage\":\"sl-SI\",\"@id\":\"https:\\\/\\\/novice.si\\\/page\\\/celje-mitjo-pavlina-iscejo-obtoznica-se-ni-pravnomocna\\\/#primaryimage\",\"url\":\"https:\\\/\\\/novice.si\\\/page\\\/wp-content\\\/uploads\\\/2020\\\/03\\\/portal-kovintrade-1002.jpg\",\"contentUrl\":\"https:\\\/\\\/novice.si\\\/page\\\/wp-content\\\/uploads\\\/2020\\\/03\\\/portal-kovintrade-1002.jpg\",\"width\":800,\"height\":533},{\"@type\":\"BreadcrumbList\",\"@id\":\"https:\\\/\\\/novice.si\\\/page\\\/celje-mitjo-pavlina-iscejo-obtoznica-se-ni-pravnomocna\\\/#breadcrumb\",\"itemListElement\":[{\"@type\":\"ListItem\",\"position\":1,\"name\":\"Home\",\"item\":\"https:\\\/\\\/novice.si\\\/page\\\/\"},{\"@type\":\"ListItem\",\"position\":2,\"name\":\"CELJE Mitjo Pavlina i\u0161\u010dejo, obto\u017enica \u0161e ni pravnomo\u010dna\"}]},{\"@type\":\"WebSite\",\"@id\":\"https:\\\/\\\/novice.si\\\/page\\\/#website\",\"url\":\"https:\\\/\\\/novice.si\\\/page\\\/\",\"name\":\"Novice.si\",\"description\":\"\",\"publisher\":{\"@id\":\"https:\\\/\\\/novice.si\\\/page\\\/#organization\"},\"potentialAction\":[{\"@type\":\"SearchAction\",\"target\":{\"@type\":\"EntryPoint\",\"urlTemplate\":\"https:\\\/\\\/novice.si\\\/page\\\/?s={search_term_string}\"},\"query-input\":{\"@type\":\"PropertyValueSpecification\",\"valueRequired\":true,\"valueName\":\"search_term_string\"}}],\"inLanguage\":\"sl-SI\"},{\"@type\":\"Organization\",\"@id\":\"https:\\\/\\\/novice.si\\\/page\\\/#organization\",\"name\":\"Novice.si\",\"url\":\"https:\\\/\\\/novice.si\\\/page\\\/\",\"logo\":{\"@type\":\"ImageObject\",\"inLanguage\":\"sl-SI\",\"@id\":\"https:\\\/\\\/novice.si\\\/page\\\/#\\\/schema\\\/logo\\\/image\\\/\",\"url\":\"https:\\\/\\\/novice.si\\\/page\\\/wp-content\\\/uploads\\\/2023\\\/03\\\/novice_si.png\",\"contentUrl\":\"https:\\\/\\\/novice.si\\\/page\\\/wp-content\\\/uploads\\\/2023\\\/03\\\/novice_si.png\",\"width\":576,\"height\":200,\"caption\":\"Novice.si\"},\"image\":{\"@id\":\"https:\\\/\\\/novice.si\\\/page\\\/#\\\/schema\\\/logo\\\/image\\\/\"}},{\"@type\":\"Person\",\"@id\":\"https:\\\/\\\/novice.si\\\/page\\\/#\\\/schema\\\/person\\\/57f25c9642a9541c7349c65d32032c3e\",\"name\":\"Uredni\u0161tvo Celjana\",\"image\":{\"@type\":\"ImageObject\",\"inLanguage\":\"sl-SI\",\"@id\":\"https:\\\/\\\/secure.gravatar.com\\\/avatar\\\/78e52bc4279b65f6df6345e0ef0f7b792d361361f230cf4ffecfe0afe6d5629c?s=96&d=mm&r=g\",\"url\":\"https:\\\/\\\/secure.gravatar.com\\\/avatar\\\/78e52bc4279b65f6df6345e0ef0f7b792d361361f230cf4ffecfe0afe6d5629c?s=96&d=mm&r=g\",\"contentUrl\":\"https:\\\/\\\/secure.gravatar.com\\\/avatar\\\/78e52bc4279b65f6df6345e0ef0f7b792d361361f230cf4ffecfe0afe6d5629c?s=96&d=mm&r=g\",\"caption\":\"Uredni\u0161tvo Celjana\"},\"url\":\"https:\\\/\\\/novice.si\\\/page\\\/author\\\/primoz\\\/\"}]}<\/script>\n<!-- \/ Yoast SEO plugin. -->","yoast_head_json":{"title":"CELJE Mitjo Pavlina i\u0161\u010dejo, obto\u017enica \u0161e ni pravnomo\u010dna - Novice.si","robots":{"index":"index","follow":"follow","max-snippet":"max-snippet:-1","max-image-preview":"max-image-preview:large","max-video-preview":"max-video-preview:-1"},"canonical":"https:\/\/novice.si\/page\/celje-mitjo-pavlina-iscejo-obtoznica-se-ni-pravnomocna\/","og_locale":"sl_SI","og_type":"article","og_title":"CELJE Mitjo Pavlina i\u0161\u010dejo, obto\u017enica \u0161e ni pravnomo\u010dna - Novice.si","og_description":"\u010ceprav je bila obto\u017enica zoper nekdanjega \u010dlana uprave celjske dru\u017ebe Kovintrade Mitjo Pavlina vlo\u017eena \u017ee lanskega aprila, mu je sodi\u0161\u010de doslej \u0161e ni uspelo vro\u010diti niti preko njegovega odvetnika, zato ta \u0161e ni pravnomo\u010dna. Pavlin naj bi celjsko podjetje o\u0161kodoval za 3,8 milijona evrov, nato pa izginil in se verjetno nahaja v tujini, pogojev za [&hellip;]","og_url":"https:\/\/novice.si\/page\/celje-mitjo-pavlina-iscejo-obtoznica-se-ni-pravnomocna\/","og_site_name":"Novice.si","article_published_time":"2023-03-17T16:08:03+00:00","og_image":[{"width":800,"height":533,"url":"https:\/\/novice.si\/page\/wp-content\/uploads\/2020\/03\/portal-kovintrade-1002.jpg","type":"image\/jpeg"}],"author":"Uredni\u0161tvo Celjana","twitter_card":"summary_large_image","twitter_misc":{"Written by":"Uredni\u0161tvo Celjana","Est. reading time":"2 minuti"},"schema":{"@context":"https:\/\/schema.org","@graph":[{"@type":"Article","@id":"https:\/\/novice.si\/page\/celje-mitjo-pavlina-iscejo-obtoznica-se-ni-pravnomocna\/#article","isPartOf":{"@id":"https:\/\/novice.si\/page\/celje-mitjo-pavlina-iscejo-obtoznica-se-ni-pravnomocna\/"},"author":{"name":"Uredni\u0161tvo Celjana","@id":"https:\/\/novice.si\/page\/#\/schema\/person\/57f25c9642a9541c7349c65d32032c3e"},"headline":"CELJE Mitjo Pavlina i\u0161\u010dejo, obto\u017enica \u0161e ni pravnomo\u010dna","datePublished":"2023-03-17T16:08:03+00:00","mainEntityOfPage":{"@id":"https:\/\/novice.si\/page\/celje-mitjo-pavlina-iscejo-obtoznica-se-ni-pravnomocna\/"},"wordCount":189,"publisher":{"@id":"https:\/\/novice.si\/page\/#organization"},"image":{"@id":"https:\/\/novice.si\/page\/celje-mitjo-pavlina-iscejo-obtoznica-se-ni-pravnomocna\/#primaryimage"},"thumbnailUrl":"https:\/\/novice.si\/page\/wp-content\/uploads\/2020\/03\/portal-kovintrade-1002.jpg","keywords":["Kovintrade","Mitja pavlin","obto\u017enica","ruski trg","tiralica","zloraba polo\u017eaja"],"articleSection":["Aktualno","Celjsko"],"inLanguage":"sl-SI"},{"@type":"WebPage","@id":"https:\/\/novice.si\/page\/celje-mitjo-pavlina-iscejo-obtoznica-se-ni-pravnomocna\/","url":"https:\/\/novice.si\/page\/celje-mitjo-pavlina-iscejo-obtoznica-se-ni-pravnomocna\/","name":"CELJE Mitjo Pavlina i\u0161\u010dejo, obto\u017enica \u0161e ni pravnomo\u010dna - Novice.si","isPartOf":{"@id":"https:\/\/novice.si\/page\/#website"},"primaryImageOfPage":{"@id":"https:\/\/novice.si\/page\/celje-mitjo-pavlina-iscejo-obtoznica-se-ni-pravnomocna\/#primaryimage"},"image":{"@id":"https:\/\/novice.si\/page\/celje-mitjo-pavlina-iscejo-obtoznica-se-ni-pravnomocna\/#primaryimage"},"thumbnailUrl":"https:\/\/novice.si\/page\/wp-content\/uploads\/2020\/03\/portal-kovintrade-1002.jpg","datePublished":"2023-03-17T16:08:03+00:00","breadcrumb":{"@id":"https:\/\/novice.si\/page\/celje-mitjo-pavlina-iscejo-obtoznica-se-ni-pravnomocna\/#breadcrumb"},"inLanguage":"sl-SI","potentialAction":[{"@type":"ReadAction","target":["https:\/\/novice.si\/page\/celje-mitjo-pavlina-iscejo-obtoznica-se-ni-pravnomocna\/"]}]},{"@type":"ImageObject","inLanguage":"sl-SI","@id":"https:\/\/novice.si\/page\/celje-mitjo-pavlina-iscejo-obtoznica-se-ni-pravnomocna\/#primaryimage","url":"https:\/\/novice.si\/page\/wp-content\/uploads\/2020\/03\/portal-kovintrade-1002.jpg","contentUrl":"https:\/\/novice.si\/page\/wp-content\/uploads\/2020\/03\/portal-kovintrade-1002.jpg","width":800,"height":533},{"@type":"BreadcrumbList","@id":"https:\/\/novice.si\/page\/celje-mitjo-pavlina-iscejo-obtoznica-se-ni-pravnomocna\/#breadcrumb","itemListElement":[{"@type":"ListItem","position":1,"name":"Home","item":"https:\/\/novice.si\/page\/"},{"@type":"ListItem","position":2,"name":"CELJE Mitjo Pavlina i\u0161\u010dejo, obto\u017enica \u0161e ni pravnomo\u010dna"}]},{"@type":"WebSite","@id":"https:\/\/novice.si\/page\/#website","url":"https:\/\/novice.si\/page\/","name":"Novice.si","description":"","publisher":{"@id":"https:\/\/novice.si\/page\/#organization"},"potentialAction":[{"@type":"SearchAction","target":{"@type":"EntryPoint","urlTemplate":"https:\/\/novice.si\/page\/?s={search_term_string}"},"query-input":{"@type":"PropertyValueSpecification","valueRequired":true,"valueName":"search_term_string"}}],"inLanguage":"sl-SI"},{"@type":"Organization","@id":"https:\/\/novice.si\/page\/#organization","name":"Novice.si","url":"https:\/\/novice.si\/page\/","logo":{"@type":"ImageObject","inLanguage":"sl-SI","@id":"https:\/\/novice.si\/page\/#\/schema\/logo\/image\/","url":"https:\/\/novice.si\/page\/wp-content\/uploads\/2023\/03\/novice_si.png","contentUrl":"https:\/\/novice.si\/page\/wp-content\/uploads\/2023\/03\/novice_si.png","width":576,"height":200,"caption":"Novice.si"},"image":{"@id":"https:\/\/novice.si\/page\/#\/schema\/logo\/image\/"}},{"@type":"Person","@id":"https:\/\/novice.si\/page\/#\/schema\/person\/57f25c9642a9541c7349c65d32032c3e","name":"Uredni\u0161tvo Celjana","image":{"@type":"ImageObject","inLanguage":"sl-SI","@id":"https:\/\/secure.gravatar.com\/avatar\/78e52bc4279b65f6df6345e0ef0f7b792d361361f230cf4ffecfe0afe6d5629c?s=96&d=mm&r=g","url":"https:\/\/secure.gravatar.com\/avatar\/78e52bc4279b65f6df6345e0ef0f7b792d361361f230cf4ffecfe0afe6d5629c?s=96&d=mm&r=g","contentUrl":"https:\/\/secure.gravatar.com\/avatar\/78e52bc4279b65f6df6345e0ef0f7b792d361361f230cf4ffecfe0afe6d5629c?s=96&d=mm&r=g","caption":"Uredni\u0161tvo Celjana"},"url":"https:\/\/novice.si\/page\/author\/primoz\/"}]}},"_links":{"self":[{"href":"https:\/\/novice.si\/page\/wp-json\/wp\/v2\/posts\/160903","targetHints":{"allow":["GET"]}}],"collection":[{"href":"https:\/\/novice.si\/page\/wp-json\/wp\/v2\/posts"}],"about":[{"href":"https:\/\/novice.si\/page\/wp-json\/wp\/v2\/types\/post"}],"author":[{"embeddable":true,"href":"https:\/\/novice.si\/page\/wp-json\/wp\/v2\/users\/33"}],"replies":[{"embeddable":true,"href":"https:\/\/novice.si\/page\/wp-json\/wp\/v2\/comments?post=160903"}],"version-history":[{"count":1,"href":"https:\/\/novice.si\/page\/wp-json\/wp\/v2\/posts\/160903\/revisions"}],"predecessor-version":[{"id":160904,"href":"https:\/\/novice.si\/page\/wp-json\/wp\/v2\/posts\/160903\/revisions\/160904"}],"wp:featuredmedia":[{"embeddable":true,"href":"https:\/\/novice.si\/page\/wp-json\/wp\/v2\/media\/124481"}],"wp:attachment":[{"href":"https:\/\/novice.si\/page\/wp-json\/wp\/v2\/media?parent=160903"}],"wp:term":[{"taxonomy":"category","embeddable":true,"href":"https:\/\/novice.si\/page\/wp-json\/wp\/v2\/categories?post=160903"},{"taxonomy":"post_tag","embeddable":true,"href":"https:\/\/novice.si\/page\/wp-json\/wp\/v2\/tags?post=160903"}],"curies":[{"name":"wp","href":"https:\/\/api.w.org\/{rel}","templated":true}]}}