{"id":160880,"date":"2023-03-17T12:13:59","date_gmt":"2023-03-17T11:13:59","guid":{"rendered":"https:\/\/novice.si\/page\/?p=160880"},"modified":"2023-03-17T12:13:59","modified_gmt":"2023-03-17T11:13:59","slug":"celje-obtozenega-krkleca-klementov-solzivec-ni-onesposobil","status":"publish","type":"post","link":"https:\/\/novice.si\/page\/celje-obtozenega-krkleca-klementov-solzivec-ni-onesposobil\/","title":{"rendered":"CELJE Obto\u017eenega Krkleca Klementov solzivec ni onesposobil"},"content":{"rendered":"<p>\u010ceprav je pokojni konji\u0161ki sodni izvr\u0161itelj <strong>Aleksander Klement<\/strong> pravilno uporabil razpr\u0161ilec, z njim ni onesposobil obto\u017eenega 66-letnega <strong>Branka Krkleca<\/strong>, je na celjskem sodi\u0161\u010du dopoldne pojasnila sodno medicinska izvedenka dr. <strong>Simona \u0160ramek Zatler<\/strong>.<\/p>\n<p>Krklec s<a href=\"https:\/\/novice.si\/page\/wp-content\/uploads\/2023\/03\/Krklec-mar-23-5-scaled.jpg\" data-gallery><img loading=\"lazy\" decoding=\"async\" class=\"size-medium wp-image-160884 alignleft\" src=\"https:\/\/novice.si\/page\/wp-content\/uploads\/2023\/03\/Krklec-mar-23-5-300x225.jpg\" alt=\"\" width=\"300\" height=\"225\" srcset=\"https:\/\/novice.si\/page\/wp-content\/uploads\/2023\/03\/Krklec-mar-23-5-300x225.jpg 300w, https:\/\/novice.si\/page\/wp-content\/uploads\/2023\/03\/Krklec-mar-23-5-1024x768.jpg 1024w, https:\/\/novice.si\/page\/wp-content\/uploads\/2023\/03\/Krklec-mar-23-5-768x576.jpg 768w, https:\/\/novice.si\/page\/wp-content\/uploads\/2023\/03\/Krklec-mar-23-5-1536x1152.jpg 1536w, https:\/\/novice.si\/page\/wp-content\/uploads\/2023\/03\/Krklec-mar-23-5-2048x1536.jpg 2048w, https:\/\/novice.si\/page\/wp-content\/uploads\/2023\/03\/Krklec-mar-23-5-80x60.jpg 80w, https:\/\/novice.si\/page\/wp-content\/uploads\/2023\/03\/Krklec-mar-23-5-265x198.jpg 265w, https:\/\/novice.si\/page\/wp-content\/uploads\/2023\/03\/Krklec-mar-23-5-696x522.jpg 696w, https:\/\/novice.si\/page\/wp-content\/uploads\/2023\/03\/Krklec-mar-23-5-1068x801.jpg 1068w, https:\/\/novice.si\/page\/wp-content\/uploads\/2023\/03\/Krklec-mar-23-5-560x420.jpg 560w, https:\/\/novice.si\/page\/wp-content\/uploads\/2023\/03\/Krklec-mar-23-5-24x18.jpg 24w, https:\/\/novice.si\/page\/wp-content\/uploads\/2023\/03\/Krklec-mar-23-5-36x27.jpg 36w, https:\/\/novice.si\/page\/wp-content\/uploads\/2023\/03\/Krklec-mar-23-5-48x36.jpg 48w\" sizes=\"auto, (max-width: 300px) 100vw, 300px\" \/><\/a>e zagovarja zaradi dvojnega umora lanskega februarja v \u0160kofiji pri \u0160marju, kjer je poleg Klementa ustrelil \u0161e <strong>Nata\u0161o Zadravec Klement<\/strong>. Izvr\u0161itelja sta imela nalogo zase\u010di osebno vozilo in ga postaviti na dra\u017ebo.<\/p>\n<p>Vzrok, da razpr\u0161ilo ni u\u010dinkovalo, je izvedenka videla v dejstvu, da je bilo uporabljeno tako imenovano civilno razpr\u0161ilo, ne pa voja\u0161ko ali policijsko, ki sta mo\u010dnej\u0161i. Poleg tega je bilo uporabljeno zunaj, zato u\u010dinek ni bil mo\u010dan in napadalca ni odvrnil.<\/p>\n<p>Obramba je med drugim podala zahtevo za izlo\u010ditev obremenjujo\u010dega mnenja izvedenca klini\u010dne psihologije dr. <strong>Tristana Riglerja<\/strong>, o \u010demer bo sodi\u0161\u010de odlo\u010dalo naknadno.<\/p>\n<p>P\u0160<\/p>\n","protected":false},"excerpt":{"rendered":"<p>\u010ceprav je pokojni konji\u0161ki sodni izvr\u0161itelj Aleksander Klement pravilno uporabil razpr\u0161ilec, z njim ni onesposobil obto\u017eenega 66-letnega Branka Krkleca, je na celjskem sodi\u0161\u010du dopoldne pojasnila sodno medicinska izvedenka dr. Simona \u0160ramek Zatler. Krklec se zagovarja zaradi dvojnega umora lanskega februarja v \u0160kofiji pri \u0160marju, kjer je poleg Klementa ustrelil \u0161e Nata\u0161o Zadravec Klement. Izvr\u0161itelja sta [&hellip;]<\/p>\n","protected":false},"author":33,"featured_media":160881,"comment_status":"closed","ping_status":"closed","sticky":false,"template":"","format":"standard","meta":{"footnotes":""},"categories":[14,17,16,38,29],"tags":[15855,15852,10476,356,16916,17304],"class_list":{"0":"post-160880","1":"post","2":"type-post","3":"status-publish","4":"format-standard","5":"has-post-thumbnail","7":"category-aktualno","8":"category-celjsko","9":"category-konjisko","10":"category-kozjansko","11":"category-kronika","12":"tag-aleksander-klement","13":"tag-branko-krklec","14":"tag-simona-sramek-zatler","15":"tag-sojenje","16":"tag-tristan-rigler","17":"tag-umor-sodnih-izvrsiteljev"},"yoast_head":"<!-- This site is optimized with the Yoast SEO plugin v27.4 - https:\/\/yoast.com\/product\/yoast-seo-wordpress\/ -->\n<title>CELJE Obto\u017eenega Krkleca Klementov solzivec ni onesposobil - Novice.si<\/title>\n<meta name=\"robots\" content=\"index, follow, max-snippet:-1, max-image-preview:large, max-video-preview:-1\" \/>\n<link rel=\"canonical\" href=\"https:\/\/novice.si\/page\/celje-obtozenega-krkleca-klementov-solzivec-ni-onesposobil\/\" \/>\n<meta property=\"og:locale\" content=\"sl_SI\" \/>\n<meta property=\"og:type\" content=\"article\" \/>\n<meta property=\"og:title\" content=\"CELJE Obto\u017eenega Krkleca Klementov solzivec ni onesposobil - Novice.si\" \/>\n<meta property=\"og:description\" content=\"\u010ceprav je pokojni konji\u0161ki sodni izvr\u0161itelj Aleksander Klement pravilno uporabil razpr\u0161ilec, z njim ni onesposobil obto\u017eenega 66-letnega Branka Krkleca, je na celjskem sodi\u0161\u010du dopoldne pojasnila sodno medicinska izvedenka dr. Simona \u0160ramek Zatler. Krklec se zagovarja zaradi dvojnega umora lanskega februarja v \u0160kofiji pri \u0160marju, kjer je poleg Klementa ustrelil \u0161e Nata\u0161o Zadravec Klement. Izvr\u0161itelja sta [&hellip;]\" \/>\n<meta property=\"og:url\" content=\"https:\/\/novice.si\/page\/celje-obtozenega-krkleca-klementov-solzivec-ni-onesposobil\/\" \/>\n<meta property=\"og:site_name\" content=\"Novice.si\" \/>\n<meta property=\"article:published_time\" content=\"2023-03-17T11:13:59+00:00\" \/>\n<meta property=\"og:image\" content=\"https:\/\/novice.si\/page\/wp-content\/uploads\/2023\/03\/Krklec-mar-23-2-scaled.jpg\" \/>\n\t<meta property=\"og:image:width\" content=\"2560\" \/>\n\t<meta property=\"og:image:height\" content=\"1920\" \/>\n\t<meta property=\"og:image:type\" content=\"image\/jpeg\" \/>\n<meta name=\"author\" content=\"Uredni\u0161tvo Celjana\" \/>\n<meta name=\"twitter:card\" content=\"summary_large_image\" \/>\n<meta name=\"twitter:label1\" content=\"Written by\" \/>\n\t<meta name=\"twitter:data1\" content=\"Uredni\u0161tvo Celjana\" \/>\n\t<meta name=\"twitter:label2\" content=\"Est. reading time\" \/>\n\t<meta name=\"twitter:data2\" content=\"1 minuta\" \/>\n<script type=\"application\/ld+json\" class=\"yoast-schema-graph\">{\"@context\":\"https:\\\/\\\/schema.org\",\"@graph\":[{\"@type\":\"Article\",\"@id\":\"https:\\\/\\\/novice.si\\\/page\\\/celje-obtozenega-krkleca-klementov-solzivec-ni-onesposobil\\\/#article\",\"isPartOf\":{\"@id\":\"https:\\\/\\\/novice.si\\\/page\\\/celje-obtozenega-krkleca-klementov-solzivec-ni-onesposobil\\\/\"},\"author\":{\"name\":\"Uredni\u0161tvo Celjana\",\"@id\":\"https:\\\/\\\/novice.si\\\/page\\\/#\\\/schema\\\/person\\\/57f25c9642a9541c7349c65d32032c3e\"},\"headline\":\"CELJE Obto\u017eenega Krkleca Klementov solzivec ni onesposobil\",\"datePublished\":\"2023-03-17T11:13:59+00:00\",\"mainEntityOfPage\":{\"@id\":\"https:\\\/\\\/novice.si\\\/page\\\/celje-obtozenega-krkleca-klementov-solzivec-ni-onesposobil\\\/\"},\"wordCount\":160,\"publisher\":{\"@id\":\"https:\\\/\\\/novice.si\\\/page\\\/#organization\"},\"image\":{\"@id\":\"https:\\\/\\\/novice.si\\\/page\\\/celje-obtozenega-krkleca-klementov-solzivec-ni-onesposobil\\\/#primaryimage\"},\"thumbnailUrl\":\"https:\\\/\\\/novice.si\\\/page\\\/wp-content\\\/uploads\\\/2023\\\/03\\\/Krklec-mar-23-2-scaled.jpg\",\"keywords\":[\"Aleksander Klement\",\"Branko Krklec\",\"Simona \u0160ramek Zatler\",\"sojenje\",\"Tristan Rigler\",\"umor sodnih izvr\u0161iteljev\"],\"articleSection\":[\"Aktualno\",\"Celjsko\",\"Konji\u0161ko\",\"Kozjansko\",\"Kronika\"],\"inLanguage\":\"sl-SI\"},{\"@type\":\"WebPage\",\"@id\":\"https:\\\/\\\/novice.si\\\/page\\\/celje-obtozenega-krkleca-klementov-solzivec-ni-onesposobil\\\/\",\"url\":\"https:\\\/\\\/novice.si\\\/page\\\/celje-obtozenega-krkleca-klementov-solzivec-ni-onesposobil\\\/\",\"name\":\"CELJE Obto\u017eenega Krkleca Klementov solzivec ni onesposobil - Novice.si\",\"isPartOf\":{\"@id\":\"https:\\\/\\\/novice.si\\\/page\\\/#website\"},\"primaryImageOfPage\":{\"@id\":\"https:\\\/\\\/novice.si\\\/page\\\/celje-obtozenega-krkleca-klementov-solzivec-ni-onesposobil\\\/#primaryimage\"},\"image\":{\"@id\":\"https:\\\/\\\/novice.si\\\/page\\\/celje-obtozenega-krkleca-klementov-solzivec-ni-onesposobil\\\/#primaryimage\"},\"thumbnailUrl\":\"https:\\\/\\\/novice.si\\\/page\\\/wp-content\\\/uploads\\\/2023\\\/03\\\/Krklec-mar-23-2-scaled.jpg\",\"datePublished\":\"2023-03-17T11:13:59+00:00\",\"breadcrumb\":{\"@id\":\"https:\\\/\\\/novice.si\\\/page\\\/celje-obtozenega-krkleca-klementov-solzivec-ni-onesposobil\\\/#breadcrumb\"},\"inLanguage\":\"sl-SI\",\"potentialAction\":[{\"@type\":\"ReadAction\",\"target\":[\"https:\\\/\\\/novice.si\\\/page\\\/celje-obtozenega-krkleca-klementov-solzivec-ni-onesposobil\\\/\"]}]},{\"@type\":\"ImageObject\",\"inLanguage\":\"sl-SI\",\"@id\":\"https:\\\/\\\/novice.si\\\/page\\\/celje-obtozenega-krkleca-klementov-solzivec-ni-onesposobil\\\/#primaryimage\",\"url\":\"https:\\\/\\\/novice.si\\\/page\\\/wp-content\\\/uploads\\\/2023\\\/03\\\/Krklec-mar-23-2-scaled.jpg\",\"contentUrl\":\"https:\\\/\\\/novice.si\\\/page\\\/wp-content\\\/uploads\\\/2023\\\/03\\\/Krklec-mar-23-2-scaled.jpg\",\"width\":2560,\"height\":1920},{\"@type\":\"BreadcrumbList\",\"@id\":\"https:\\\/\\\/novice.si\\\/page\\\/celje-obtozenega-krkleca-klementov-solzivec-ni-onesposobil\\\/#breadcrumb\",\"itemListElement\":[{\"@type\":\"ListItem\",\"position\":1,\"name\":\"Home\",\"item\":\"https:\\\/\\\/novice.si\\\/page\\\/\"},{\"@type\":\"ListItem\",\"position\":2,\"name\":\"CELJE Obto\u017eenega Krkleca Klementov solzivec ni onesposobil\"}]},{\"@type\":\"WebSite\",\"@id\":\"https:\\\/\\\/novice.si\\\/page\\\/#website\",\"url\":\"https:\\\/\\\/novice.si\\\/page\\\/\",\"name\":\"Novice.si\",\"description\":\"\",\"publisher\":{\"@id\":\"https:\\\/\\\/novice.si\\\/page\\\/#organization\"},\"potentialAction\":[{\"@type\":\"SearchAction\",\"target\":{\"@type\":\"EntryPoint\",\"urlTemplate\":\"https:\\\/\\\/novice.si\\\/page\\\/?s={search_term_string}\"},\"query-input\":{\"@type\":\"PropertyValueSpecification\",\"valueRequired\":true,\"valueName\":\"search_term_string\"}}],\"inLanguage\":\"sl-SI\"},{\"@type\":\"Organization\",\"@id\":\"https:\\\/\\\/novice.si\\\/page\\\/#organization\",\"name\":\"Novice.si\",\"url\":\"https:\\\/\\\/novice.si\\\/page\\\/\",\"logo\":{\"@type\":\"ImageObject\",\"inLanguage\":\"sl-SI\",\"@id\":\"https:\\\/\\\/novice.si\\\/page\\\/#\\\/schema\\\/logo\\\/image\\\/\",\"url\":\"https:\\\/\\\/novice.si\\\/page\\\/wp-content\\\/uploads\\\/2023\\\/03\\\/novice_si.png\",\"contentUrl\":\"https:\\\/\\\/novice.si\\\/page\\\/wp-content\\\/uploads\\\/2023\\\/03\\\/novice_si.png\",\"width\":576,\"height\":200,\"caption\":\"Novice.si\"},\"image\":{\"@id\":\"https:\\\/\\\/novice.si\\\/page\\\/#\\\/schema\\\/logo\\\/image\\\/\"}},{\"@type\":\"Person\",\"@id\":\"https:\\\/\\\/novice.si\\\/page\\\/#\\\/schema\\\/person\\\/57f25c9642a9541c7349c65d32032c3e\",\"name\":\"Uredni\u0161tvo Celjana\",\"image\":{\"@type\":\"ImageObject\",\"inLanguage\":\"sl-SI\",\"@id\":\"https:\\\/\\\/secure.gravatar.com\\\/avatar\\\/78e52bc4279b65f6df6345e0ef0f7b792d361361f230cf4ffecfe0afe6d5629c?s=96&d=mm&r=g\",\"url\":\"https:\\\/\\\/secure.gravatar.com\\\/avatar\\\/78e52bc4279b65f6df6345e0ef0f7b792d361361f230cf4ffecfe0afe6d5629c?s=96&d=mm&r=g\",\"contentUrl\":\"https:\\\/\\\/secure.gravatar.com\\\/avatar\\\/78e52bc4279b65f6df6345e0ef0f7b792d361361f230cf4ffecfe0afe6d5629c?s=96&d=mm&r=g\",\"caption\":\"Uredni\u0161tvo Celjana\"},\"url\":\"https:\\\/\\\/novice.si\\\/page\\\/author\\\/primoz\\\/\"}]}<\/script>\n<!-- \/ Yoast SEO plugin. -->","yoast_head_json":{"title":"CELJE Obto\u017eenega Krkleca Klementov solzivec ni onesposobil - Novice.si","robots":{"index":"index","follow":"follow","max-snippet":"max-snippet:-1","max-image-preview":"max-image-preview:large","max-video-preview":"max-video-preview:-1"},"canonical":"https:\/\/novice.si\/page\/celje-obtozenega-krkleca-klementov-solzivec-ni-onesposobil\/","og_locale":"sl_SI","og_type":"article","og_title":"CELJE Obto\u017eenega Krkleca Klementov solzivec ni onesposobil - Novice.si","og_description":"\u010ceprav je pokojni konji\u0161ki sodni izvr\u0161itelj Aleksander Klement pravilno uporabil razpr\u0161ilec, z njim ni onesposobil obto\u017eenega 66-letnega Branka Krkleca, je na celjskem sodi\u0161\u010du dopoldne pojasnila sodno medicinska izvedenka dr. Simona \u0160ramek Zatler. Krklec se zagovarja zaradi dvojnega umora lanskega februarja v \u0160kofiji pri \u0160marju, kjer je poleg Klementa ustrelil \u0161e Nata\u0161o Zadravec Klement. Izvr\u0161itelja sta [&hellip;]","og_url":"https:\/\/novice.si\/page\/celje-obtozenega-krkleca-klementov-solzivec-ni-onesposobil\/","og_site_name":"Novice.si","article_published_time":"2023-03-17T11:13:59+00:00","og_image":[{"width":2560,"height":1920,"url":"https:\/\/novice.si\/page\/wp-content\/uploads\/2023\/03\/Krklec-mar-23-2-scaled.jpg","type":"image\/jpeg"}],"author":"Uredni\u0161tvo Celjana","twitter_card":"summary_large_image","twitter_misc":{"Written by":"Uredni\u0161tvo Celjana","Est. reading time":"1 minuta"},"schema":{"@context":"https:\/\/schema.org","@graph":[{"@type":"Article","@id":"https:\/\/novice.si\/page\/celje-obtozenega-krkleca-klementov-solzivec-ni-onesposobil\/#article","isPartOf":{"@id":"https:\/\/novice.si\/page\/celje-obtozenega-krkleca-klementov-solzivec-ni-onesposobil\/"},"author":{"name":"Uredni\u0161tvo Celjana","@id":"https:\/\/novice.si\/page\/#\/schema\/person\/57f25c9642a9541c7349c65d32032c3e"},"headline":"CELJE Obto\u017eenega Krkleca Klementov solzivec ni onesposobil","datePublished":"2023-03-17T11:13:59+00:00","mainEntityOfPage":{"@id":"https:\/\/novice.si\/page\/celje-obtozenega-krkleca-klementov-solzivec-ni-onesposobil\/"},"wordCount":160,"publisher":{"@id":"https:\/\/novice.si\/page\/#organization"},"image":{"@id":"https:\/\/novice.si\/page\/celje-obtozenega-krkleca-klementov-solzivec-ni-onesposobil\/#primaryimage"},"thumbnailUrl":"https:\/\/novice.si\/page\/wp-content\/uploads\/2023\/03\/Krklec-mar-23-2-scaled.jpg","keywords":["Aleksander Klement","Branko Krklec","Simona \u0160ramek Zatler","sojenje","Tristan Rigler","umor sodnih izvr\u0161iteljev"],"articleSection":["Aktualno","Celjsko","Konji\u0161ko","Kozjansko","Kronika"],"inLanguage":"sl-SI"},{"@type":"WebPage","@id":"https:\/\/novice.si\/page\/celje-obtozenega-krkleca-klementov-solzivec-ni-onesposobil\/","url":"https:\/\/novice.si\/page\/celje-obtozenega-krkleca-klementov-solzivec-ni-onesposobil\/","name":"CELJE Obto\u017eenega Krkleca Klementov solzivec ni onesposobil - Novice.si","isPartOf":{"@id":"https:\/\/novice.si\/page\/#website"},"primaryImageOfPage":{"@id":"https:\/\/novice.si\/page\/celje-obtozenega-krkleca-klementov-solzivec-ni-onesposobil\/#primaryimage"},"image":{"@id":"https:\/\/novice.si\/page\/celje-obtozenega-krkleca-klementov-solzivec-ni-onesposobil\/#primaryimage"},"thumbnailUrl":"https:\/\/novice.si\/page\/wp-content\/uploads\/2023\/03\/Krklec-mar-23-2-scaled.jpg","datePublished":"2023-03-17T11:13:59+00:00","breadcrumb":{"@id":"https:\/\/novice.si\/page\/celje-obtozenega-krkleca-klementov-solzivec-ni-onesposobil\/#breadcrumb"},"inLanguage":"sl-SI","potentialAction":[{"@type":"ReadAction","target":["https:\/\/novice.si\/page\/celje-obtozenega-krkleca-klementov-solzivec-ni-onesposobil\/"]}]},{"@type":"ImageObject","inLanguage":"sl-SI","@id":"https:\/\/novice.si\/page\/celje-obtozenega-krkleca-klementov-solzivec-ni-onesposobil\/#primaryimage","url":"https:\/\/novice.si\/page\/wp-content\/uploads\/2023\/03\/Krklec-mar-23-2-scaled.jpg","contentUrl":"https:\/\/novice.si\/page\/wp-content\/uploads\/2023\/03\/Krklec-mar-23-2-scaled.jpg","width":2560,"height":1920},{"@type":"BreadcrumbList","@id":"https:\/\/novice.si\/page\/celje-obtozenega-krkleca-klementov-solzivec-ni-onesposobil\/#breadcrumb","itemListElement":[{"@type":"ListItem","position":1,"name":"Home","item":"https:\/\/novice.si\/page\/"},{"@type":"ListItem","position":2,"name":"CELJE Obto\u017eenega Krkleca Klementov solzivec ni onesposobil"}]},{"@type":"WebSite","@id":"https:\/\/novice.si\/page\/#website","url":"https:\/\/novice.si\/page\/","name":"Novice.si","description":"","publisher":{"@id":"https:\/\/novice.si\/page\/#organization"},"potentialAction":[{"@type":"SearchAction","target":{"@type":"EntryPoint","urlTemplate":"https:\/\/novice.si\/page\/?s={search_term_string}"},"query-input":{"@type":"PropertyValueSpecification","valueRequired":true,"valueName":"search_term_string"}}],"inLanguage":"sl-SI"},{"@type":"Organization","@id":"https:\/\/novice.si\/page\/#organization","name":"Novice.si","url":"https:\/\/novice.si\/page\/","logo":{"@type":"ImageObject","inLanguage":"sl-SI","@id":"https:\/\/novice.si\/page\/#\/schema\/logo\/image\/","url":"https:\/\/novice.si\/page\/wp-content\/uploads\/2023\/03\/novice_si.png","contentUrl":"https:\/\/novice.si\/page\/wp-content\/uploads\/2023\/03\/novice_si.png","width":576,"height":200,"caption":"Novice.si"},"image":{"@id":"https:\/\/novice.si\/page\/#\/schema\/logo\/image\/"}},{"@type":"Person","@id":"https:\/\/novice.si\/page\/#\/schema\/person\/57f25c9642a9541c7349c65d32032c3e","name":"Uredni\u0161tvo Celjana","image":{"@type":"ImageObject","inLanguage":"sl-SI","@id":"https:\/\/secure.gravatar.com\/avatar\/78e52bc4279b65f6df6345e0ef0f7b792d361361f230cf4ffecfe0afe6d5629c?s=96&d=mm&r=g","url":"https:\/\/secure.gravatar.com\/avatar\/78e52bc4279b65f6df6345e0ef0f7b792d361361f230cf4ffecfe0afe6d5629c?s=96&d=mm&r=g","contentUrl":"https:\/\/secure.gravatar.com\/avatar\/78e52bc4279b65f6df6345e0ef0f7b792d361361f230cf4ffecfe0afe6d5629c?s=96&d=mm&r=g","caption":"Uredni\u0161tvo Celjana"},"url":"https:\/\/novice.si\/page\/author\/primoz\/"}]}},"_links":{"self":[{"href":"https:\/\/novice.si\/page\/wp-json\/wp\/v2\/posts\/160880","targetHints":{"allow":["GET"]}}],"collection":[{"href":"https:\/\/novice.si\/page\/wp-json\/wp\/v2\/posts"}],"about":[{"href":"https:\/\/novice.si\/page\/wp-json\/wp\/v2\/types\/post"}],"author":[{"embeddable":true,"href":"https:\/\/novice.si\/page\/wp-json\/wp\/v2\/users\/33"}],"replies":[{"embeddable":true,"href":"https:\/\/novice.si\/page\/wp-json\/wp\/v2\/comments?post=160880"}],"version-history":[{"count":1,"href":"https:\/\/novice.si\/page\/wp-json\/wp\/v2\/posts\/160880\/revisions"}],"predecessor-version":[{"id":160887,"href":"https:\/\/novice.si\/page\/wp-json\/wp\/v2\/posts\/160880\/revisions\/160887"}],"wp:featuredmedia":[{"embeddable":true,"href":"https:\/\/novice.si\/page\/wp-json\/wp\/v2\/media\/160881"}],"wp:attachment":[{"href":"https:\/\/novice.si\/page\/wp-json\/wp\/v2\/media?parent=160880"}],"wp:term":[{"taxonomy":"category","embeddable":true,"href":"https:\/\/novice.si\/page\/wp-json\/wp\/v2\/categories?post=160880"},{"taxonomy":"post_tag","embeddable":true,"href":"https:\/\/novice.si\/page\/wp-json\/wp\/v2\/tags?post=160880"}],"curies":[{"name":"wp","href":"https:\/\/api.w.org\/{rel}","templated":true}]}}