{"id":160853,"date":"2023-03-15T17:50:53","date_gmt":"2023-03-15T16:50:53","guid":{"rendered":"https:\/\/novice.si\/page\/?p=160853"},"modified":"2023-03-15T17:50:53","modified_gmt":"2023-03-15T16:50:53","slug":"celje-promet-v-city-centru-celje-lani-presegel-obdobje-pred-korono","status":"publish","type":"post","link":"https:\/\/novice.si\/page\/celje-promet-v-city-centru-celje-lani-presegel-obdobje-pred-korono\/","title":{"rendered":"CELJE Promet v City centru Celje lani presegel obdobje pred korono"},"content":{"rendered":"<p>Vodstvo najve\u010djega regijskega nakupovalnega sredi\u0161\u010da City centra Celje (CCC) je danes predstavilo rezultate poslovanja ter novosti in na\u010drte za naslednje obdobje.<\/p>\n<p><a href=\"https:\/\/novice.si\/page\/wp-content\/uploads\/2023\/03\/darja-lesjak-1.jpg\" data-gallery><img loading=\"lazy\" decoding=\"async\" class=\" wp-image-160854 alignleft\" src=\"https:\/\/novice.si\/page\/wp-content\/uploads\/2023\/03\/darja-lesjak-1-294x300.jpg\" alt=\"\" width=\"386\" height=\"394\" srcset=\"https:\/\/novice.si\/page\/wp-content\/uploads\/2023\/03\/darja-lesjak-1-294x300.jpg 294w, https:\/\/novice.si\/page\/wp-content\/uploads\/2023\/03\/darja-lesjak-1-1002x1024.jpg 1002w, https:\/\/novice.si\/page\/wp-content\/uploads\/2023\/03\/darja-lesjak-1-768x785.jpg 768w, https:\/\/novice.si\/page\/wp-content\/uploads\/2023\/03\/darja-lesjak-1-1503x1536.jpg 1503w, https:\/\/novice.si\/page\/wp-content\/uploads\/2023\/03\/darja-lesjak-1-356x364.jpg 356w, https:\/\/novice.si\/page\/wp-content\/uploads\/2023\/03\/darja-lesjak-1-696x711.jpg 696w, https:\/\/novice.si\/page\/wp-content\/uploads\/2023\/03\/darja-lesjak-1-1068x1091.jpg 1068w, https:\/\/novice.si\/page\/wp-content\/uploads\/2023\/03\/darja-lesjak-1-411x420.jpg 411w, https:\/\/novice.si\/page\/wp-content\/uploads\/2023\/03\/darja-lesjak-1-24x24.jpg 24w, https:\/\/novice.si\/page\/wp-content\/uploads\/2023\/03\/darja-lesjak-1-36x36.jpg 36w, https:\/\/novice.si\/page\/wp-content\/uploads\/2023\/03\/darja-lesjak-1-48x48.jpg 48w, https:\/\/novice.si\/page\/wp-content\/uploads\/2023\/03\/darja-lesjak-1.jpg 1734w\" sizes=\"auto, (max-width: 386px) 100vw, 386px\" \/><\/a>Kakor ugotavlja center managerka<strong> Darja Lesjak<\/strong>, se pozitivni trend nadaljuje tudi letos, ko obele\u017eujejo 17 let delovanja sredi\u0161\u010da v tej obliki in s tem imenom.<\/p>\n<p>\u00bbNe pozabimo, da so koronski ukrepi lani veljali \u0161e aprila, a smo ne glede na to v primerjavi s prej\u0161njimi leti ustvarili 120 milijonov evrov prometa pri nekaj ve\u010d kot 4,6 milijonov nakupovalcev. Lahko smo zelo zadovoljni, promet je za pet milijonov evrov ve\u010dji, kot je bil pred korono. Tudi leto\u0161nje \u0161tevilke ka\u017eejo dober trend. Veseli nas, da so neobi\u010dajni \u010dasi minili in da so ljudje nakupovanje znova vzeli za svoje\u00ab, je med drugim poudarila Lesjakova.<\/p>\n<p>Najve\u010dja leto\u0161nja nalo\u017eba City centra Celje bo postavitev son\u010dne elektrarne na strehi objekta. Veljala bo 1,2 milijona evrov, z njo pa bodo pokrili pribli\u017eno petino svojih potreb.<\/p>\n<p>Na sliki: Center managerka Darja Lesjak, v ozadju nastajajo\u010da son\u010dna elektrarna.<\/p>\n<p><em>Ve\u010d preberite v Celjanu.<\/em><\/p>\n<p>P\u0160<\/p>\n","protected":false},"excerpt":{"rendered":"<p>Vodstvo najve\u010djega regijskega nakupovalnega sredi\u0161\u010da City centra Celje (CCC) je danes predstavilo rezultate poslovanja ter novosti in na\u010drte za naslednje obdobje. Kakor ugotavlja center managerka Darja Lesjak, se pozitivni trend nadaljuje tudi letos, ko obele\u017eujejo 17 let delovanja sredi\u0161\u010da v tej obliki in s tem imenom. \u00bbNe pozabimo, da so koronski ukrepi lani veljali \u0161e [&hellip;]<\/p>\n","protected":false},"author":33,"featured_media":160855,"comment_status":"closed","ping_status":"closed","sticky":false,"template":"","format":"standard","meta":{"footnotes":""},"categories":[17],"tags":[17299,10843,8662,17300,16059],"class_list":{"0":"post-160853","1":"post","2":"type-post","3":"status-publish","4":"format-standard","5":"has-post-thumbnail","7":"category-celjsko","8":"tag-17-let","9":"tag-ccc","10":"tag-darja-lesjak","11":"tag-novosti-in-nalozbe","12":"tag-soncna-elektrarna"},"yoast_head":"<!-- This site is optimized with the Yoast SEO plugin v27.4 - https:\/\/yoast.com\/product\/yoast-seo-wordpress\/ -->\n<title>CELJE Promet v City centru Celje lani presegel obdobje pred korono - Novice.si<\/title>\n<meta name=\"robots\" content=\"index, follow, max-snippet:-1, max-image-preview:large, max-video-preview:-1\" \/>\n<link rel=\"canonical\" href=\"https:\/\/novice.si\/page\/celje-promet-v-city-centru-celje-lani-presegel-obdobje-pred-korono\/\" \/>\n<meta property=\"og:locale\" content=\"sl_SI\" \/>\n<meta property=\"og:type\" content=\"article\" \/>\n<meta property=\"og:title\" content=\"CELJE Promet v City centru Celje lani presegel obdobje pred korono - Novice.si\" \/>\n<meta property=\"og:description\" content=\"Vodstvo najve\u010djega regijskega nakupovalnega sredi\u0161\u010da City centra Celje (CCC) je danes predstavilo rezultate poslovanja ter novosti in na\u010drte za naslednje obdobje. Kakor ugotavlja center managerka Darja Lesjak, se pozitivni trend nadaljuje tudi letos, ko obele\u017eujejo 17 let delovanja sredi\u0161\u010da v tej obliki in s tem imenom. \u00bbNe pozabimo, da so koronski ukrepi lani veljali \u0161e [&hellip;]\" \/>\n<meta property=\"og:url\" content=\"https:\/\/novice.si\/page\/celje-promet-v-city-centru-celje-lani-presegel-obdobje-pred-korono\/\" \/>\n<meta property=\"og:site_name\" content=\"Novice.si\" \/>\n<meta property=\"article:published_time\" content=\"2023-03-15T16:50:53+00:00\" \/>\n<meta property=\"og:image\" content=\"https:\/\/novice.si\/page\/wp-content\/uploads\/2023\/03\/CCC-1-scaled.jpg\" \/>\n\t<meta property=\"og:image:width\" content=\"2560\" \/>\n\t<meta property=\"og:image:height\" content=\"1439\" \/>\n\t<meta property=\"og:image:type\" content=\"image\/jpeg\" \/>\n<meta name=\"author\" content=\"Uredni\u0161tvo Celjana\" \/>\n<meta name=\"twitter:card\" content=\"summary_large_image\" \/>\n<meta name=\"twitter:label1\" content=\"Written by\" \/>\n\t<meta name=\"twitter:data1\" content=\"Uredni\u0161tvo Celjana\" \/>\n\t<meta name=\"twitter:label2\" content=\"Est. reading time\" \/>\n\t<meta name=\"twitter:data2\" content=\"2 minuti\" \/>\n<script type=\"application\/ld+json\" class=\"yoast-schema-graph\">{\"@context\":\"https:\\\/\\\/schema.org\",\"@graph\":[{\"@type\":\"Article\",\"@id\":\"https:\\\/\\\/novice.si\\\/page\\\/celje-promet-v-city-centru-celje-lani-presegel-obdobje-pred-korono\\\/#article\",\"isPartOf\":{\"@id\":\"https:\\\/\\\/novice.si\\\/page\\\/celje-promet-v-city-centru-celje-lani-presegel-obdobje-pred-korono\\\/\"},\"author\":{\"name\":\"Uredni\u0161tvo Celjana\",\"@id\":\"https:\\\/\\\/novice.si\\\/page\\\/#\\\/schema\\\/person\\\/57f25c9642a9541c7349c65d32032c3e\"},\"headline\":\"CELJE Promet v City centru Celje lani presegel obdobje pred korono\",\"datePublished\":\"2023-03-15T16:50:53+00:00\",\"mainEntityOfPage\":{\"@id\":\"https:\\\/\\\/novice.si\\\/page\\\/celje-promet-v-city-centru-celje-lani-presegel-obdobje-pred-korono\\\/\"},\"wordCount\":189,\"publisher\":{\"@id\":\"https:\\\/\\\/novice.si\\\/page\\\/#organization\"},\"image\":{\"@id\":\"https:\\\/\\\/novice.si\\\/page\\\/celje-promet-v-city-centru-celje-lani-presegel-obdobje-pred-korono\\\/#primaryimage\"},\"thumbnailUrl\":\"https:\\\/\\\/novice.si\\\/page\\\/wp-content\\\/uploads\\\/2023\\\/03\\\/CCC-1-scaled.jpg\",\"keywords\":[\"17 let\",\"CCC\",\"Darja Lesjak\",\"novosti in nalo\u017ebe\",\"son\u010dna elektrarna\"],\"articleSection\":[\"Celjsko\"],\"inLanguage\":\"sl-SI\"},{\"@type\":\"WebPage\",\"@id\":\"https:\\\/\\\/novice.si\\\/page\\\/celje-promet-v-city-centru-celje-lani-presegel-obdobje-pred-korono\\\/\",\"url\":\"https:\\\/\\\/novice.si\\\/page\\\/celje-promet-v-city-centru-celje-lani-presegel-obdobje-pred-korono\\\/\",\"name\":\"CELJE Promet v City centru Celje lani presegel obdobje pred korono - Novice.si\",\"isPartOf\":{\"@id\":\"https:\\\/\\\/novice.si\\\/page\\\/#website\"},\"primaryImageOfPage\":{\"@id\":\"https:\\\/\\\/novice.si\\\/page\\\/celje-promet-v-city-centru-celje-lani-presegel-obdobje-pred-korono\\\/#primaryimage\"},\"image\":{\"@id\":\"https:\\\/\\\/novice.si\\\/page\\\/celje-promet-v-city-centru-celje-lani-presegel-obdobje-pred-korono\\\/#primaryimage\"},\"thumbnailUrl\":\"https:\\\/\\\/novice.si\\\/page\\\/wp-content\\\/uploads\\\/2023\\\/03\\\/CCC-1-scaled.jpg\",\"datePublished\":\"2023-03-15T16:50:53+00:00\",\"breadcrumb\":{\"@id\":\"https:\\\/\\\/novice.si\\\/page\\\/celje-promet-v-city-centru-celje-lani-presegel-obdobje-pred-korono\\\/#breadcrumb\"},\"inLanguage\":\"sl-SI\",\"potentialAction\":[{\"@type\":\"ReadAction\",\"target\":[\"https:\\\/\\\/novice.si\\\/page\\\/celje-promet-v-city-centru-celje-lani-presegel-obdobje-pred-korono\\\/\"]}]},{\"@type\":\"ImageObject\",\"inLanguage\":\"sl-SI\",\"@id\":\"https:\\\/\\\/novice.si\\\/page\\\/celje-promet-v-city-centru-celje-lani-presegel-obdobje-pred-korono\\\/#primaryimage\",\"url\":\"https:\\\/\\\/novice.si\\\/page\\\/wp-content\\\/uploads\\\/2023\\\/03\\\/CCC-1-scaled.jpg\",\"contentUrl\":\"https:\\\/\\\/novice.si\\\/page\\\/wp-content\\\/uploads\\\/2023\\\/03\\\/CCC-1-scaled.jpg\",\"width\":2560,\"height\":1439},{\"@type\":\"BreadcrumbList\",\"@id\":\"https:\\\/\\\/novice.si\\\/page\\\/celje-promet-v-city-centru-celje-lani-presegel-obdobje-pred-korono\\\/#breadcrumb\",\"itemListElement\":[{\"@type\":\"ListItem\",\"position\":1,\"name\":\"Home\",\"item\":\"https:\\\/\\\/novice.si\\\/page\\\/\"},{\"@type\":\"ListItem\",\"position\":2,\"name\":\"CELJE Promet v City centru Celje lani presegel obdobje pred korono\"}]},{\"@type\":\"WebSite\",\"@id\":\"https:\\\/\\\/novice.si\\\/page\\\/#website\",\"url\":\"https:\\\/\\\/novice.si\\\/page\\\/\",\"name\":\"Novice.si\",\"description\":\"\",\"publisher\":{\"@id\":\"https:\\\/\\\/novice.si\\\/page\\\/#organization\"},\"potentialAction\":[{\"@type\":\"SearchAction\",\"target\":{\"@type\":\"EntryPoint\",\"urlTemplate\":\"https:\\\/\\\/novice.si\\\/page\\\/?s={search_term_string}\"},\"query-input\":{\"@type\":\"PropertyValueSpecification\",\"valueRequired\":true,\"valueName\":\"search_term_string\"}}],\"inLanguage\":\"sl-SI\"},{\"@type\":\"Organization\",\"@id\":\"https:\\\/\\\/novice.si\\\/page\\\/#organization\",\"name\":\"Novice.si\",\"url\":\"https:\\\/\\\/novice.si\\\/page\\\/\",\"logo\":{\"@type\":\"ImageObject\",\"inLanguage\":\"sl-SI\",\"@id\":\"https:\\\/\\\/novice.si\\\/page\\\/#\\\/schema\\\/logo\\\/image\\\/\",\"url\":\"https:\\\/\\\/novice.si\\\/page\\\/wp-content\\\/uploads\\\/2023\\\/03\\\/novice_si.png\",\"contentUrl\":\"https:\\\/\\\/novice.si\\\/page\\\/wp-content\\\/uploads\\\/2023\\\/03\\\/novice_si.png\",\"width\":576,\"height\":200,\"caption\":\"Novice.si\"},\"image\":{\"@id\":\"https:\\\/\\\/novice.si\\\/page\\\/#\\\/schema\\\/logo\\\/image\\\/\"}},{\"@type\":\"Person\",\"@id\":\"https:\\\/\\\/novice.si\\\/page\\\/#\\\/schema\\\/person\\\/57f25c9642a9541c7349c65d32032c3e\",\"name\":\"Uredni\u0161tvo Celjana\",\"image\":{\"@type\":\"ImageObject\",\"inLanguage\":\"sl-SI\",\"@id\":\"https:\\\/\\\/secure.gravatar.com\\\/avatar\\\/78e52bc4279b65f6df6345e0ef0f7b792d361361f230cf4ffecfe0afe6d5629c?s=96&d=mm&r=g\",\"url\":\"https:\\\/\\\/secure.gravatar.com\\\/avatar\\\/78e52bc4279b65f6df6345e0ef0f7b792d361361f230cf4ffecfe0afe6d5629c?s=96&d=mm&r=g\",\"contentUrl\":\"https:\\\/\\\/secure.gravatar.com\\\/avatar\\\/78e52bc4279b65f6df6345e0ef0f7b792d361361f230cf4ffecfe0afe6d5629c?s=96&d=mm&r=g\",\"caption\":\"Uredni\u0161tvo Celjana\"},\"url\":\"https:\\\/\\\/novice.si\\\/page\\\/author\\\/primoz\\\/\"}]}<\/script>\n<!-- \/ Yoast SEO plugin. -->","yoast_head_json":{"title":"CELJE Promet v City centru Celje lani presegel obdobje pred korono - Novice.si","robots":{"index":"index","follow":"follow","max-snippet":"max-snippet:-1","max-image-preview":"max-image-preview:large","max-video-preview":"max-video-preview:-1"},"canonical":"https:\/\/novice.si\/page\/celje-promet-v-city-centru-celje-lani-presegel-obdobje-pred-korono\/","og_locale":"sl_SI","og_type":"article","og_title":"CELJE Promet v City centru Celje lani presegel obdobje pred korono - Novice.si","og_description":"Vodstvo najve\u010djega regijskega nakupovalnega sredi\u0161\u010da City centra Celje (CCC) je danes predstavilo rezultate poslovanja ter novosti in na\u010drte za naslednje obdobje. Kakor ugotavlja center managerka Darja Lesjak, se pozitivni trend nadaljuje tudi letos, ko obele\u017eujejo 17 let delovanja sredi\u0161\u010da v tej obliki in s tem imenom. \u00bbNe pozabimo, da so koronski ukrepi lani veljali \u0161e [&hellip;]","og_url":"https:\/\/novice.si\/page\/celje-promet-v-city-centru-celje-lani-presegel-obdobje-pred-korono\/","og_site_name":"Novice.si","article_published_time":"2023-03-15T16:50:53+00:00","og_image":[{"width":2560,"height":1439,"url":"https:\/\/novice.si\/page\/wp-content\/uploads\/2023\/03\/CCC-1-scaled.jpg","type":"image\/jpeg"}],"author":"Uredni\u0161tvo Celjana","twitter_card":"summary_large_image","twitter_misc":{"Written by":"Uredni\u0161tvo Celjana","Est. reading time":"2 minuti"},"schema":{"@context":"https:\/\/schema.org","@graph":[{"@type":"Article","@id":"https:\/\/novice.si\/page\/celje-promet-v-city-centru-celje-lani-presegel-obdobje-pred-korono\/#article","isPartOf":{"@id":"https:\/\/novice.si\/page\/celje-promet-v-city-centru-celje-lani-presegel-obdobje-pred-korono\/"},"author":{"name":"Uredni\u0161tvo Celjana","@id":"https:\/\/novice.si\/page\/#\/schema\/person\/57f25c9642a9541c7349c65d32032c3e"},"headline":"CELJE Promet v City centru Celje lani presegel obdobje pred korono","datePublished":"2023-03-15T16:50:53+00:00","mainEntityOfPage":{"@id":"https:\/\/novice.si\/page\/celje-promet-v-city-centru-celje-lani-presegel-obdobje-pred-korono\/"},"wordCount":189,"publisher":{"@id":"https:\/\/novice.si\/page\/#organization"},"image":{"@id":"https:\/\/novice.si\/page\/celje-promet-v-city-centru-celje-lani-presegel-obdobje-pred-korono\/#primaryimage"},"thumbnailUrl":"https:\/\/novice.si\/page\/wp-content\/uploads\/2023\/03\/CCC-1-scaled.jpg","keywords":["17 let","CCC","Darja Lesjak","novosti in nalo\u017ebe","son\u010dna elektrarna"],"articleSection":["Celjsko"],"inLanguage":"sl-SI"},{"@type":"WebPage","@id":"https:\/\/novice.si\/page\/celje-promet-v-city-centru-celje-lani-presegel-obdobje-pred-korono\/","url":"https:\/\/novice.si\/page\/celje-promet-v-city-centru-celje-lani-presegel-obdobje-pred-korono\/","name":"CELJE Promet v City centru Celje lani presegel obdobje pred korono - Novice.si","isPartOf":{"@id":"https:\/\/novice.si\/page\/#website"},"primaryImageOfPage":{"@id":"https:\/\/novice.si\/page\/celje-promet-v-city-centru-celje-lani-presegel-obdobje-pred-korono\/#primaryimage"},"image":{"@id":"https:\/\/novice.si\/page\/celje-promet-v-city-centru-celje-lani-presegel-obdobje-pred-korono\/#primaryimage"},"thumbnailUrl":"https:\/\/novice.si\/page\/wp-content\/uploads\/2023\/03\/CCC-1-scaled.jpg","datePublished":"2023-03-15T16:50:53+00:00","breadcrumb":{"@id":"https:\/\/novice.si\/page\/celje-promet-v-city-centru-celje-lani-presegel-obdobje-pred-korono\/#breadcrumb"},"inLanguage":"sl-SI","potentialAction":[{"@type":"ReadAction","target":["https:\/\/novice.si\/page\/celje-promet-v-city-centru-celje-lani-presegel-obdobje-pred-korono\/"]}]},{"@type":"ImageObject","inLanguage":"sl-SI","@id":"https:\/\/novice.si\/page\/celje-promet-v-city-centru-celje-lani-presegel-obdobje-pred-korono\/#primaryimage","url":"https:\/\/novice.si\/page\/wp-content\/uploads\/2023\/03\/CCC-1-scaled.jpg","contentUrl":"https:\/\/novice.si\/page\/wp-content\/uploads\/2023\/03\/CCC-1-scaled.jpg","width":2560,"height":1439},{"@type":"BreadcrumbList","@id":"https:\/\/novice.si\/page\/celje-promet-v-city-centru-celje-lani-presegel-obdobje-pred-korono\/#breadcrumb","itemListElement":[{"@type":"ListItem","position":1,"name":"Home","item":"https:\/\/novice.si\/page\/"},{"@type":"ListItem","position":2,"name":"CELJE Promet v City centru Celje lani presegel obdobje pred korono"}]},{"@type":"WebSite","@id":"https:\/\/novice.si\/page\/#website","url":"https:\/\/novice.si\/page\/","name":"Novice.si","description":"","publisher":{"@id":"https:\/\/novice.si\/page\/#organization"},"potentialAction":[{"@type":"SearchAction","target":{"@type":"EntryPoint","urlTemplate":"https:\/\/novice.si\/page\/?s={search_term_string}"},"query-input":{"@type":"PropertyValueSpecification","valueRequired":true,"valueName":"search_term_string"}}],"inLanguage":"sl-SI"},{"@type":"Organization","@id":"https:\/\/novice.si\/page\/#organization","name":"Novice.si","url":"https:\/\/novice.si\/page\/","logo":{"@type":"ImageObject","inLanguage":"sl-SI","@id":"https:\/\/novice.si\/page\/#\/schema\/logo\/image\/","url":"https:\/\/novice.si\/page\/wp-content\/uploads\/2023\/03\/novice_si.png","contentUrl":"https:\/\/novice.si\/page\/wp-content\/uploads\/2023\/03\/novice_si.png","width":576,"height":200,"caption":"Novice.si"},"image":{"@id":"https:\/\/novice.si\/page\/#\/schema\/logo\/image\/"}},{"@type":"Person","@id":"https:\/\/novice.si\/page\/#\/schema\/person\/57f25c9642a9541c7349c65d32032c3e","name":"Uredni\u0161tvo Celjana","image":{"@type":"ImageObject","inLanguage":"sl-SI","@id":"https:\/\/secure.gravatar.com\/avatar\/78e52bc4279b65f6df6345e0ef0f7b792d361361f230cf4ffecfe0afe6d5629c?s=96&d=mm&r=g","url":"https:\/\/secure.gravatar.com\/avatar\/78e52bc4279b65f6df6345e0ef0f7b792d361361f230cf4ffecfe0afe6d5629c?s=96&d=mm&r=g","contentUrl":"https:\/\/secure.gravatar.com\/avatar\/78e52bc4279b65f6df6345e0ef0f7b792d361361f230cf4ffecfe0afe6d5629c?s=96&d=mm&r=g","caption":"Uredni\u0161tvo Celjana"},"url":"https:\/\/novice.si\/page\/author\/primoz\/"}]}},"_links":{"self":[{"href":"https:\/\/novice.si\/page\/wp-json\/wp\/v2\/posts\/160853","targetHints":{"allow":["GET"]}}],"collection":[{"href":"https:\/\/novice.si\/page\/wp-json\/wp\/v2\/posts"}],"about":[{"href":"https:\/\/novice.si\/page\/wp-json\/wp\/v2\/types\/post"}],"author":[{"embeddable":true,"href":"https:\/\/novice.si\/page\/wp-json\/wp\/v2\/users\/33"}],"replies":[{"embeddable":true,"href":"https:\/\/novice.si\/page\/wp-json\/wp\/v2\/comments?post=160853"}],"version-history":[{"count":1,"href":"https:\/\/novice.si\/page\/wp-json\/wp\/v2\/posts\/160853\/revisions"}],"predecessor-version":[{"id":160856,"href":"https:\/\/novice.si\/page\/wp-json\/wp\/v2\/posts\/160853\/revisions\/160856"}],"wp:featuredmedia":[{"embeddable":true,"href":"https:\/\/novice.si\/page\/wp-json\/wp\/v2\/media\/160855"}],"wp:attachment":[{"href":"https:\/\/novice.si\/page\/wp-json\/wp\/v2\/media?parent=160853"}],"wp:term":[{"taxonomy":"category","embeddable":true,"href":"https:\/\/novice.si\/page\/wp-json\/wp\/v2\/categories?post=160853"},{"taxonomy":"post_tag","embeddable":true,"href":"https:\/\/novice.si\/page\/wp-json\/wp\/v2\/tags?post=160853"}],"curies":[{"name":"wp","href":"https:\/\/api.w.org\/{rel}","templated":true}]}}