{"id":160831,"date":"2023-03-17T10:21:49","date_gmt":"2023-03-17T09:21:49","guid":{"rendered":"https:\/\/novice.si\/page\/?p=160831"},"modified":"2023-03-15T15:23:20","modified_gmt":"2023-03-15T14:23:20","slug":"nadgradnjo-zelezniske-proge-celje-velenje-naj-bi-zaceli-prihodnje-leto","status":"publish","type":"post","link":"https:\/\/novice.si\/page\/nadgradnjo-zelezniske-proge-celje-velenje-naj-bi-zaceli-prihodnje-leto\/","title":{"rendered":"Nadgradnjo \u017eelezni\u0161ke proge Celje\u2013Velenje naj bi za\u010deli prihodnje leto"},"content":{"rendered":"<p><em><a href=\"https:\/\/novice.si\/page\/wp-content\/uploads\/2023\/03\/cz-zelezniska-proga.jpg\" data-gallery><img loading=\"lazy\" decoding=\"async\" class=\"size-medium wp-image-160832 alignleft\" src=\"https:\/\/novice.si\/page\/wp-content\/uploads\/2023\/03\/cz-zelezniska-proga-300x200.jpg\" alt=\"\u017eelezni\u0161ka proga\" width=\"300\" height=\"200\" srcset=\"https:\/\/novice.si\/page\/wp-content\/uploads\/2023\/03\/cz-zelezniska-proga-300x200.jpg 300w, https:\/\/novice.si\/page\/wp-content\/uploads\/2023\/03\/cz-zelezniska-proga-1024x683.jpg 1024w, https:\/\/novice.si\/page\/wp-content\/uploads\/2023\/03\/cz-zelezniska-proga-768x512.jpg 768w, https:\/\/novice.si\/page\/wp-content\/uploads\/2023\/03\/cz-zelezniska-proga-696x464.jpg 696w, https:\/\/novice.si\/page\/wp-content\/uploads\/2023\/03\/cz-zelezniska-proga-1068x712.jpg 1068w, https:\/\/novice.si\/page\/wp-content\/uploads\/2023\/03\/cz-zelezniska-proga-630x420.jpg 630w, https:\/\/novice.si\/page\/wp-content\/uploads\/2023\/03\/cz-zelezniska-proga-24x16.jpg 24w, https:\/\/novice.si\/page\/wp-content\/uploads\/2023\/03\/cz-zelezniska-proga-36x24.jpg 36w, https:\/\/novice.si\/page\/wp-content\/uploads\/2023\/03\/cz-zelezniska-proga-48x32.jpg 48w, https:\/\/novice.si\/page\/wp-content\/uploads\/2023\/03\/cz-zelezniska-proga.jpg 1500w\" sizes=\"auto, (max-width: 300px) 100vw, 300px\" \/><\/a>Nadgradnja \u017eelezni\u0161ke proge Celje\u2013Velenje se bo predvidoma za\u010dela prihodnje leto in naj bi potekala do leta 2029, napoveduje direkcija za infrastrukturo.<\/em><\/p>\n<p>Z nalo\u017ebo, ocenjeno na 90 milijonov evrov, \u017eelijo med drugim odpraviti ozka grla in izbolj\u0161ati varnost, omogo\u010dila pa bo tudi pove\u010danje obsega potni\u0161kega in tovornega prometa.<\/p>\n<p>Nadgradnja bo po napovedih omogo\u010dila odpravo ozkih grl in skraj\u0161anje voznih \u010dasov, pa tudi uvedbo 30-minutnega taktnega voznega reda v prometnih konicah, zmanj\u0161anje stro\u0161kov vzdr\u017eevanja in uvedbo daljinskega vodenja prometa.<\/p>\n<p>Predvidena je podvojitev potni\u0161kega prometa ter pove\u010danje \u0161tevila tovornih vlakov in koli\u010dine tovornega prometa. V pred\u0161tudiji je tako na relaciji Celje\u2013Velenje v obe smeri upo\u0161tevano skupno \u0161tevilo 50 potni\u0161kih vlakov in trije tovorni vlaki na delovni dan.<\/p>\n<p>Na progi je 20 nivojskih prehodov, zavarovanih z avtomatskimi napravami, in 29 nezavarovanih nivojskih prehodov, ki so opremljeni samo z andrejevim kri\u017eem.<\/p>\n","protected":false},"excerpt":{"rendered":"<p>Nadgradnja \u017eelezni\u0161ke proge Celje\u2013Velenje se bo predvidoma za\u010dela prihodnje leto in naj bi potekala do leta 2029, napoveduje direkcija za infrastrukturo. Z nalo\u017ebo, ocenjeno na 90 milijonov evrov, \u017eelijo med drugim odpraviti ozka grla in izbolj\u0161ati varnost, omogo\u010dila pa bo tudi pove\u010danje obsega potni\u0161kega in tovornega prometa. Nadgradnja bo po napovedih omogo\u010dila odpravo ozkih grl [&hellip;]<\/p>\n","protected":false},"author":55,"featured_media":160832,"comment_status":"closed","ping_status":"closed","sticky":false,"template":"","format":"standard","meta":{"footnotes":""},"categories":[14,142,17],"tags":[],"class_list":{"0":"post-160831","1":"post","2":"type-post","3":"status-publish","4":"format-standard","5":"has-post-thumbnail","7":"category-aktualno","8":"category-celjan","9":"category-celjsko"},"yoast_head":"<!-- This site is optimized with the Yoast SEO plugin v27.4 - https:\/\/yoast.com\/product\/yoast-seo-wordpress\/ -->\n<title>Nadgradnjo \u017eelezni\u0161ke proge Celje\u2013Velenje naj bi za\u010deli prihodnje leto - Novice.si<\/title>\n<meta name=\"robots\" content=\"index, follow, max-snippet:-1, max-image-preview:large, max-video-preview:-1\" \/>\n<link rel=\"canonical\" href=\"https:\/\/novice.si\/page\/nadgradnjo-zelezniske-proge-celje-velenje-naj-bi-zaceli-prihodnje-leto\/\" \/>\n<meta property=\"og:locale\" content=\"sl_SI\" \/>\n<meta property=\"og:type\" content=\"article\" \/>\n<meta property=\"og:title\" content=\"Nadgradnjo \u017eelezni\u0161ke proge Celje\u2013Velenje naj bi za\u010deli prihodnje leto - Novice.si\" \/>\n<meta property=\"og:description\" content=\"Nadgradnja \u017eelezni\u0161ke proge Celje\u2013Velenje se bo predvidoma za\u010dela prihodnje leto in naj bi potekala do leta 2029, napoveduje direkcija za infrastrukturo. Z nalo\u017ebo, ocenjeno na 90 milijonov evrov, \u017eelijo med drugim odpraviti ozka grla in izbolj\u0161ati varnost, omogo\u010dila pa bo tudi pove\u010danje obsega potni\u0161kega in tovornega prometa. Nadgradnja bo po napovedih omogo\u010dila odpravo ozkih grl [&hellip;]\" \/>\n<meta property=\"og:url\" content=\"https:\/\/novice.si\/page\/nadgradnjo-zelezniske-proge-celje-velenje-naj-bi-zaceli-prihodnje-leto\/\" \/>\n<meta property=\"og:site_name\" content=\"Novice.si\" \/>\n<meta property=\"article:published_time\" content=\"2023-03-17T09:21:49+00:00\" \/>\n<meta property=\"og:image\" content=\"https:\/\/novice.si\/page\/wp-content\/uploads\/2023\/03\/cz-zelezniska-proga.jpg\" \/>\n\t<meta property=\"og:image:width\" content=\"1500\" \/>\n\t<meta property=\"og:image:height\" content=\"1000\" \/>\n\t<meta property=\"og:image:type\" content=\"image\/jpeg\" \/>\n<meta name=\"author\" content=\"Uredni\u0161tvo Celjana\" \/>\n<meta name=\"twitter:card\" content=\"summary_large_image\" \/>\n<meta name=\"twitter:label1\" content=\"Written by\" \/>\n\t<meta name=\"twitter:data1\" content=\"Uredni\u0161tvo Celjana\" \/>\n\t<meta name=\"twitter:label2\" content=\"Est. reading time\" \/>\n\t<meta name=\"twitter:data2\" content=\"1 minuta\" \/>\n<script type=\"application\/ld+json\" class=\"yoast-schema-graph\">{\"@context\":\"https:\\\/\\\/schema.org\",\"@graph\":[{\"@type\":\"Article\",\"@id\":\"https:\\\/\\\/novice.si\\\/page\\\/nadgradnjo-zelezniske-proge-celje-velenje-naj-bi-zaceli-prihodnje-leto\\\/#article\",\"isPartOf\":{\"@id\":\"https:\\\/\\\/novice.si\\\/page\\\/nadgradnjo-zelezniske-proge-celje-velenje-naj-bi-zaceli-prihodnje-leto\\\/\"},\"author\":{\"name\":\"Uredni\u0161tvo Celjana\",\"@id\":\"https:\\\/\\\/novice.si\\\/page\\\/#\\\/schema\\\/person\\\/a49f233ef2777ec7b2e8d0662325bb48\"},\"headline\":\"Nadgradnjo \u017eelezni\u0161ke proge Celje\u2013Velenje naj bi za\u010deli prihodnje leto\",\"datePublished\":\"2023-03-17T09:21:49+00:00\",\"mainEntityOfPage\":{\"@id\":\"https:\\\/\\\/novice.si\\\/page\\\/nadgradnjo-zelezniske-proge-celje-velenje-naj-bi-zaceli-prihodnje-leto\\\/\"},\"wordCount\":164,\"publisher\":{\"@id\":\"https:\\\/\\\/novice.si\\\/page\\\/#organization\"},\"image\":{\"@id\":\"https:\\\/\\\/novice.si\\\/page\\\/nadgradnjo-zelezniske-proge-celje-velenje-naj-bi-zaceli-prihodnje-leto\\\/#primaryimage\"},\"thumbnailUrl\":\"https:\\\/\\\/novice.si\\\/page\\\/wp-content\\\/uploads\\\/2023\\\/03\\\/cz-zelezniska-proga.jpg\",\"articleSection\":[\"Aktualno\",\"Celjan\",\"Celjsko\"],\"inLanguage\":\"sl-SI\"},{\"@type\":\"WebPage\",\"@id\":\"https:\\\/\\\/novice.si\\\/page\\\/nadgradnjo-zelezniske-proge-celje-velenje-naj-bi-zaceli-prihodnje-leto\\\/\",\"url\":\"https:\\\/\\\/novice.si\\\/page\\\/nadgradnjo-zelezniske-proge-celje-velenje-naj-bi-zaceli-prihodnje-leto\\\/\",\"name\":\"Nadgradnjo \u017eelezni\u0161ke proge Celje\u2013Velenje naj bi za\u010deli prihodnje leto - Novice.si\",\"isPartOf\":{\"@id\":\"https:\\\/\\\/novice.si\\\/page\\\/#website\"},\"primaryImageOfPage\":{\"@id\":\"https:\\\/\\\/novice.si\\\/page\\\/nadgradnjo-zelezniske-proge-celje-velenje-naj-bi-zaceli-prihodnje-leto\\\/#primaryimage\"},\"image\":{\"@id\":\"https:\\\/\\\/novice.si\\\/page\\\/nadgradnjo-zelezniske-proge-celje-velenje-naj-bi-zaceli-prihodnje-leto\\\/#primaryimage\"},\"thumbnailUrl\":\"https:\\\/\\\/novice.si\\\/page\\\/wp-content\\\/uploads\\\/2023\\\/03\\\/cz-zelezniska-proga.jpg\",\"datePublished\":\"2023-03-17T09:21:49+00:00\",\"breadcrumb\":{\"@id\":\"https:\\\/\\\/novice.si\\\/page\\\/nadgradnjo-zelezniske-proge-celje-velenje-naj-bi-zaceli-prihodnje-leto\\\/#breadcrumb\"},\"inLanguage\":\"sl-SI\",\"potentialAction\":[{\"@type\":\"ReadAction\",\"target\":[\"https:\\\/\\\/novice.si\\\/page\\\/nadgradnjo-zelezniske-proge-celje-velenje-naj-bi-zaceli-prihodnje-leto\\\/\"]}]},{\"@type\":\"ImageObject\",\"inLanguage\":\"sl-SI\",\"@id\":\"https:\\\/\\\/novice.si\\\/page\\\/nadgradnjo-zelezniske-proge-celje-velenje-naj-bi-zaceli-prihodnje-leto\\\/#primaryimage\",\"url\":\"https:\\\/\\\/novice.si\\\/page\\\/wp-content\\\/uploads\\\/2023\\\/03\\\/cz-zelezniska-proga.jpg\",\"contentUrl\":\"https:\\\/\\\/novice.si\\\/page\\\/wp-content\\\/uploads\\\/2023\\\/03\\\/cz-zelezniska-proga.jpg\",\"width\":1500,\"height\":1000,\"caption\":\"\u017eelezni\u0161ka proga\"},{\"@type\":\"BreadcrumbList\",\"@id\":\"https:\\\/\\\/novice.si\\\/page\\\/nadgradnjo-zelezniske-proge-celje-velenje-naj-bi-zaceli-prihodnje-leto\\\/#breadcrumb\",\"itemListElement\":[{\"@type\":\"ListItem\",\"position\":1,\"name\":\"Home\",\"item\":\"https:\\\/\\\/novice.si\\\/page\\\/\"},{\"@type\":\"ListItem\",\"position\":2,\"name\":\"Nadgradnjo \u017eelezni\u0161ke proge Celje\u2013Velenje naj bi za\u010deli prihodnje leto\"}]},{\"@type\":\"WebSite\",\"@id\":\"https:\\\/\\\/novice.si\\\/page\\\/#website\",\"url\":\"https:\\\/\\\/novice.si\\\/page\\\/\",\"name\":\"Novice.si\",\"description\":\"\",\"publisher\":{\"@id\":\"https:\\\/\\\/novice.si\\\/page\\\/#organization\"},\"potentialAction\":[{\"@type\":\"SearchAction\",\"target\":{\"@type\":\"EntryPoint\",\"urlTemplate\":\"https:\\\/\\\/novice.si\\\/page\\\/?s={search_term_string}\"},\"query-input\":{\"@type\":\"PropertyValueSpecification\",\"valueRequired\":true,\"valueName\":\"search_term_string\"}}],\"inLanguage\":\"sl-SI\"},{\"@type\":\"Organization\",\"@id\":\"https:\\\/\\\/novice.si\\\/page\\\/#organization\",\"name\":\"Novice.si\",\"url\":\"https:\\\/\\\/novice.si\\\/page\\\/\",\"logo\":{\"@type\":\"ImageObject\",\"inLanguage\":\"sl-SI\",\"@id\":\"https:\\\/\\\/novice.si\\\/page\\\/#\\\/schema\\\/logo\\\/image\\\/\",\"url\":\"https:\\\/\\\/novice.si\\\/page\\\/wp-content\\\/uploads\\\/2023\\\/03\\\/novice_si.png\",\"contentUrl\":\"https:\\\/\\\/novice.si\\\/page\\\/wp-content\\\/uploads\\\/2023\\\/03\\\/novice_si.png\",\"width\":576,\"height\":200,\"caption\":\"Novice.si\"},\"image\":{\"@id\":\"https:\\\/\\\/novice.si\\\/page\\\/#\\\/schema\\\/logo\\\/image\\\/\"}},{\"@type\":\"Person\",\"@id\":\"https:\\\/\\\/novice.si\\\/page\\\/#\\\/schema\\\/person\\\/a49f233ef2777ec7b2e8d0662325bb48\",\"name\":\"Uredni\u0161tvo Celjana\",\"image\":{\"@type\":\"ImageObject\",\"inLanguage\":\"sl-SI\",\"@id\":\"https:\\\/\\\/secure.gravatar.com\\\/avatar\\\/7f7863e616af8f92806c638dd1db3f1a238d83d1cc2ec3100afc06fbb7eb303f?s=96&d=mm&r=g\",\"url\":\"https:\\\/\\\/secure.gravatar.com\\\/avatar\\\/7f7863e616af8f92806c638dd1db3f1a238d83d1cc2ec3100afc06fbb7eb303f?s=96&d=mm&r=g\",\"contentUrl\":\"https:\\\/\\\/secure.gravatar.com\\\/avatar\\\/7f7863e616af8f92806c638dd1db3f1a238d83d1cc2ec3100afc06fbb7eb303f?s=96&d=mm&r=g\",\"caption\":\"Uredni\u0161tvo Celjana\"},\"url\":\"https:\\\/\\\/novice.si\\\/page\\\/author\\\/maja\\\/\"}]}<\/script>\n<!-- \/ Yoast SEO plugin. -->","yoast_head_json":{"title":"Nadgradnjo \u017eelezni\u0161ke proge Celje\u2013Velenje naj bi za\u010deli prihodnje leto - Novice.si","robots":{"index":"index","follow":"follow","max-snippet":"max-snippet:-1","max-image-preview":"max-image-preview:large","max-video-preview":"max-video-preview:-1"},"canonical":"https:\/\/novice.si\/page\/nadgradnjo-zelezniske-proge-celje-velenje-naj-bi-zaceli-prihodnje-leto\/","og_locale":"sl_SI","og_type":"article","og_title":"Nadgradnjo \u017eelezni\u0161ke proge Celje\u2013Velenje naj bi za\u010deli prihodnje leto - Novice.si","og_description":"Nadgradnja \u017eelezni\u0161ke proge Celje\u2013Velenje se bo predvidoma za\u010dela prihodnje leto in naj bi potekala do leta 2029, napoveduje direkcija za infrastrukturo. Z nalo\u017ebo, ocenjeno na 90 milijonov evrov, \u017eelijo med drugim odpraviti ozka grla in izbolj\u0161ati varnost, omogo\u010dila pa bo tudi pove\u010danje obsega potni\u0161kega in tovornega prometa. Nadgradnja bo po napovedih omogo\u010dila odpravo ozkih grl [&hellip;]","og_url":"https:\/\/novice.si\/page\/nadgradnjo-zelezniske-proge-celje-velenje-naj-bi-zaceli-prihodnje-leto\/","og_site_name":"Novice.si","article_published_time":"2023-03-17T09:21:49+00:00","og_image":[{"width":1500,"height":1000,"url":"https:\/\/novice.si\/page\/wp-content\/uploads\/2023\/03\/cz-zelezniska-proga.jpg","type":"image\/jpeg"}],"author":"Uredni\u0161tvo Celjana","twitter_card":"summary_large_image","twitter_misc":{"Written by":"Uredni\u0161tvo Celjana","Est. reading time":"1 minuta"},"schema":{"@context":"https:\/\/schema.org","@graph":[{"@type":"Article","@id":"https:\/\/novice.si\/page\/nadgradnjo-zelezniske-proge-celje-velenje-naj-bi-zaceli-prihodnje-leto\/#article","isPartOf":{"@id":"https:\/\/novice.si\/page\/nadgradnjo-zelezniske-proge-celje-velenje-naj-bi-zaceli-prihodnje-leto\/"},"author":{"name":"Uredni\u0161tvo Celjana","@id":"https:\/\/novice.si\/page\/#\/schema\/person\/a49f233ef2777ec7b2e8d0662325bb48"},"headline":"Nadgradnjo \u017eelezni\u0161ke proge Celje\u2013Velenje naj bi za\u010deli prihodnje leto","datePublished":"2023-03-17T09:21:49+00:00","mainEntityOfPage":{"@id":"https:\/\/novice.si\/page\/nadgradnjo-zelezniske-proge-celje-velenje-naj-bi-zaceli-prihodnje-leto\/"},"wordCount":164,"publisher":{"@id":"https:\/\/novice.si\/page\/#organization"},"image":{"@id":"https:\/\/novice.si\/page\/nadgradnjo-zelezniske-proge-celje-velenje-naj-bi-zaceli-prihodnje-leto\/#primaryimage"},"thumbnailUrl":"https:\/\/novice.si\/page\/wp-content\/uploads\/2023\/03\/cz-zelezniska-proga.jpg","articleSection":["Aktualno","Celjan","Celjsko"],"inLanguage":"sl-SI"},{"@type":"WebPage","@id":"https:\/\/novice.si\/page\/nadgradnjo-zelezniske-proge-celje-velenje-naj-bi-zaceli-prihodnje-leto\/","url":"https:\/\/novice.si\/page\/nadgradnjo-zelezniske-proge-celje-velenje-naj-bi-zaceli-prihodnje-leto\/","name":"Nadgradnjo \u017eelezni\u0161ke proge Celje\u2013Velenje naj bi za\u010deli prihodnje leto - Novice.si","isPartOf":{"@id":"https:\/\/novice.si\/page\/#website"},"primaryImageOfPage":{"@id":"https:\/\/novice.si\/page\/nadgradnjo-zelezniske-proge-celje-velenje-naj-bi-zaceli-prihodnje-leto\/#primaryimage"},"image":{"@id":"https:\/\/novice.si\/page\/nadgradnjo-zelezniske-proge-celje-velenje-naj-bi-zaceli-prihodnje-leto\/#primaryimage"},"thumbnailUrl":"https:\/\/novice.si\/page\/wp-content\/uploads\/2023\/03\/cz-zelezniska-proga.jpg","datePublished":"2023-03-17T09:21:49+00:00","breadcrumb":{"@id":"https:\/\/novice.si\/page\/nadgradnjo-zelezniske-proge-celje-velenje-naj-bi-zaceli-prihodnje-leto\/#breadcrumb"},"inLanguage":"sl-SI","potentialAction":[{"@type":"ReadAction","target":["https:\/\/novice.si\/page\/nadgradnjo-zelezniske-proge-celje-velenje-naj-bi-zaceli-prihodnje-leto\/"]}]},{"@type":"ImageObject","inLanguage":"sl-SI","@id":"https:\/\/novice.si\/page\/nadgradnjo-zelezniske-proge-celje-velenje-naj-bi-zaceli-prihodnje-leto\/#primaryimage","url":"https:\/\/novice.si\/page\/wp-content\/uploads\/2023\/03\/cz-zelezniska-proga.jpg","contentUrl":"https:\/\/novice.si\/page\/wp-content\/uploads\/2023\/03\/cz-zelezniska-proga.jpg","width":1500,"height":1000,"caption":"\u017eelezni\u0161ka proga"},{"@type":"BreadcrumbList","@id":"https:\/\/novice.si\/page\/nadgradnjo-zelezniske-proge-celje-velenje-naj-bi-zaceli-prihodnje-leto\/#breadcrumb","itemListElement":[{"@type":"ListItem","position":1,"name":"Home","item":"https:\/\/novice.si\/page\/"},{"@type":"ListItem","position":2,"name":"Nadgradnjo \u017eelezni\u0161ke proge Celje\u2013Velenje naj bi za\u010deli prihodnje leto"}]},{"@type":"WebSite","@id":"https:\/\/novice.si\/page\/#website","url":"https:\/\/novice.si\/page\/","name":"Novice.si","description":"","publisher":{"@id":"https:\/\/novice.si\/page\/#organization"},"potentialAction":[{"@type":"SearchAction","target":{"@type":"EntryPoint","urlTemplate":"https:\/\/novice.si\/page\/?s={search_term_string}"},"query-input":{"@type":"PropertyValueSpecification","valueRequired":true,"valueName":"search_term_string"}}],"inLanguage":"sl-SI"},{"@type":"Organization","@id":"https:\/\/novice.si\/page\/#organization","name":"Novice.si","url":"https:\/\/novice.si\/page\/","logo":{"@type":"ImageObject","inLanguage":"sl-SI","@id":"https:\/\/novice.si\/page\/#\/schema\/logo\/image\/","url":"https:\/\/novice.si\/page\/wp-content\/uploads\/2023\/03\/novice_si.png","contentUrl":"https:\/\/novice.si\/page\/wp-content\/uploads\/2023\/03\/novice_si.png","width":576,"height":200,"caption":"Novice.si"},"image":{"@id":"https:\/\/novice.si\/page\/#\/schema\/logo\/image\/"}},{"@type":"Person","@id":"https:\/\/novice.si\/page\/#\/schema\/person\/a49f233ef2777ec7b2e8d0662325bb48","name":"Uredni\u0161tvo Celjana","image":{"@type":"ImageObject","inLanguage":"sl-SI","@id":"https:\/\/secure.gravatar.com\/avatar\/7f7863e616af8f92806c638dd1db3f1a238d83d1cc2ec3100afc06fbb7eb303f?s=96&d=mm&r=g","url":"https:\/\/secure.gravatar.com\/avatar\/7f7863e616af8f92806c638dd1db3f1a238d83d1cc2ec3100afc06fbb7eb303f?s=96&d=mm&r=g","contentUrl":"https:\/\/secure.gravatar.com\/avatar\/7f7863e616af8f92806c638dd1db3f1a238d83d1cc2ec3100afc06fbb7eb303f?s=96&d=mm&r=g","caption":"Uredni\u0161tvo Celjana"},"url":"https:\/\/novice.si\/page\/author\/maja\/"}]}},"_links":{"self":[{"href":"https:\/\/novice.si\/page\/wp-json\/wp\/v2\/posts\/160831","targetHints":{"allow":["GET"]}}],"collection":[{"href":"https:\/\/novice.si\/page\/wp-json\/wp\/v2\/posts"}],"about":[{"href":"https:\/\/novice.si\/page\/wp-json\/wp\/v2\/types\/post"}],"author":[{"embeddable":true,"href":"https:\/\/novice.si\/page\/wp-json\/wp\/v2\/users\/55"}],"replies":[{"embeddable":true,"href":"https:\/\/novice.si\/page\/wp-json\/wp\/v2\/comments?post=160831"}],"version-history":[{"count":1,"href":"https:\/\/novice.si\/page\/wp-json\/wp\/v2\/posts\/160831\/revisions"}],"predecessor-version":[{"id":160833,"href":"https:\/\/novice.si\/page\/wp-json\/wp\/v2\/posts\/160831\/revisions\/160833"}],"wp:featuredmedia":[{"embeddable":true,"href":"https:\/\/novice.si\/page\/wp-json\/wp\/v2\/media\/160832"}],"wp:attachment":[{"href":"https:\/\/novice.si\/page\/wp-json\/wp\/v2\/media?parent=160831"}],"wp:term":[{"taxonomy":"category","embeddable":true,"href":"https:\/\/novice.si\/page\/wp-json\/wp\/v2\/categories?post=160831"},{"taxonomy":"post_tag","embeddable":true,"href":"https:\/\/novice.si\/page\/wp-json\/wp\/v2\/tags?post=160831"}],"curies":[{"name":"wp","href":"https:\/\/api.w.org\/{rel}","templated":true}]}}