{"id":160823,"date":"2023-03-15T15:45:07","date_gmt":"2023-03-15T14:45:07","guid":{"rendered":"https:\/\/novice.si\/page\/?p=160823"},"modified":"2023-03-15T15:45:07","modified_gmt":"2023-03-15T14:45:07","slug":"berta-majhen-po-4-mandatih-odhaja-s-polozaja-predsednice-du-poljcane","status":"publish","type":"post","link":"https:\/\/novice.si\/page\/berta-majhen-po-4-mandatih-odhaja-s-polozaja-predsednice-du-poljcane\/","title":{"rendered":"Berta Majhen po 4 mandatih odhaja s polo\u017eaja predsednice DU Polj\u010dane"},"content":{"rendered":"<p>&nbsp;<\/p>\n<p>Dru\u0161tvo upokojencev Polj\u010dane je dru\u0161tvo z ve\u010d kot 70-letno tradicijo. \u0160teje 423 \u010dlanov in kot pravi Berta Majhen so \u00bbeno naj\u0161tevil\u010dnej\u0161ih in najstarej\u0161ih dru\u0161tev v Polj\u010danah.\u00ab Majhnova je \u010dlanica dru\u0161tva \u017ee 27 let, vanj se je v\u010dlanila takoj, ko je \u0161la v pokoj, polo\u017eaj predsednice dru\u0161tva pa opravlja \u0161estnajsto leto. Z marcem se kon\u010duje njen \u010detrti mandat in tokrat namerava funkcijo predsednice odstopiti mlaj\u0161im. Volilni ob\u010dni zbor dru\u0161tva bo ta petek v Domu \u0161porta in kulture v Polj\u010danah. Za dru\u0161tvo je to velik in pomemben dogodek, saj bo na njem izbran njihov nov predsednik oz. predsednica.<\/p>\n<p>In zakaj se je Majhnova po toliko letih uspe\u0161nega dela odlo\u010dila, da se tokrat odre\u010de ponovnemu opravljanju predsedni\u0161ke funkcije? \u00bbNe gre za to, da ne bi \u017eelela voditi dru\u0161tva, ampak mislim, da moram biti dovolj samokriti\u010dna, da se pri 80 letih zavedam, da nisem ve\u010d tako zbrana, kot sem bila pred leti. Delo v dru\u0161tvu pa ni zasanjano delo, je resno delo in treba ga je prepustiti mlaj\u0161im.\u00ab \u0160e vedno pa bo ostala \u010dlanica Dru\u0161tva upokojencev Polj\u010dane, saj jo to izpopolnjuje.<\/p>\n<p>Kljub njenemu odhodu s polo\u017eaja predsednice, pa bo dru\u0161tvo \u0161e naprej delovalo po \u00bbustaljenih tirnicah\u00ab. Nov predsednik sicer lahko prinese nekaj novosti, a ve\u010dinski plani za delovanje dru\u0161tva v letu 2023 so \u017ee za\u010drtani. \u010clani tudi letos kljub menjavi vodstva ne bodo prikraj\u0161ani za sredina dru\u017eenja v dru\u0161tvenih prostorih, \u0161e vedno bodo imeli na razpolago prostor za igranje \u0161aha, kart in \u010dloveka ne jezi se. Tudi za letos planirajo kak\u0161en izlet in tradicionalno upokojensko letovanje v Izoli.<\/p>\n\r\n                <style type=\"text\/css\">\r\n                    \r\n                    #tdi_1  .td-doubleSlider-2 .td-item1 {\r\n                        background: url(https:\/\/novice.si\/page\/wp-content\/uploads\/2023\/03\/Poljcane-80x60.jpg) 0 0 no-repeat;\r\n                    }\r\n                    #tdi_1  .td-doubleSlider-2 .td-item2 {\r\n                        background: url(https:\/\/novice.si\/page\/wp-content\/uploads\/2023\/03\/Poljcane2-80x60.jpg) 0 0 no-repeat;\r\n                    }\r\n                    #tdi_1  .td-doubleSlider-2 .td-item3 {\r\n                        background: url(https:\/\/novice.si\/page\/wp-content\/uploads\/2023\/03\/Poljcane1-80x60.jpg) 0 0 no-repeat;\r\n                    }\r\n                    #tdi_1  .td-doubleSlider-2 .td-item4 {\r\n                        background: url(https:\/\/novice.si\/page\/wp-content\/uploads\/2023\/03\/Poljcane4-80x60.jpg) 0 0 no-repeat;\r\n                    }\r\n                    #tdi_1  .td-doubleSlider-2 .td-item5 {\r\n                        background: url(https:\/\/novice.si\/page\/wp-content\/uploads\/2023\/03\/Poljcane3-80x60.jpg) 0 0 no-repeat;\r\n                    }\r\n                <\/style>\r\n\r\n                <div id=\"tdi_1\" class=\"td-gallery td-slide-on-2-columns\">\r\n                    <div class=\"post_td_gallery\">\r\n                        <div class=\"td-gallery-slide-top\">\r\n                           <div class=\"td-gallery-title\"><\/div>\r\n\r\n                            <div class=\"td-gallery-controls-wrapper\">\r\n                                <div class=\"td-gallery-slide-count\"><span class=\"td-gallery-slide-item-focus\">1<\/span> od 5<\/div>\r\n                                <div class=\"td-gallery-slide-prev-next-but\">\r\n                                    <i class = \"td-icon-left doubleSliderPrevButton\"><\/i>\r\n                                    <i class = \"td-icon-right doubleSliderNextButton\"><\/i>\r\n                                <\/div>\r\n                            <\/div>\r\n                        <\/div>\r\n\r\n                        <div class = \"td-doubleSlider-1 \">\r\n                            <div class = \"td-slider\">\r\n                                \r\n                    <div class = \"td-slide-item td-item1\">\r\n                        <figure class=\"td-slide-galery-figure td-slide-popup-gallery\">\r\n                            <a class=\"slide-gallery-image-link\" href=\"https:\/\/novice.si\/page\/wp-content\/uploads\/2023\/03\/Poljcane.jpg\" title=\"Poljcane\"  data-caption=\"Predsednica Berta Majhen.\"  data-description=\"\" data-gallery>\r\n                                <img decoding=\"async\" src=\"https:\/\/novice.si\/page\/wp-content\/uploads\/2023\/03\/Poljcane-560x420.jpg\" srcset=\"https:\/\/novice.si\/page\/wp-content\/uploads\/2023\/03\/Poljcane-560x420.jpg 560w, https:\/\/novice.si\/page\/wp-content\/uploads\/2023\/03\/Poljcane-300x225.jpg 300w, https:\/\/novice.si\/page\/wp-content\/uploads\/2023\/03\/Poljcane-768x576.jpg 768w, https:\/\/novice.si\/page\/wp-content\/uploads\/2023\/03\/Poljcane-80x60.jpg 80w, https:\/\/novice.si\/page\/wp-content\/uploads\/2023\/03\/Poljcane-265x198.jpg 265w, https:\/\/novice.si\/page\/wp-content\/uploads\/2023\/03\/Poljcane-696x522.jpg 696w, https:\/\/novice.si\/page\/wp-content\/uploads\/2023\/03\/Poljcane-24x18.jpg 24w, https:\/\/novice.si\/page\/wp-content\/uploads\/2023\/03\/Poljcane-36x27.jpg 36w, https:\/\/novice.si\/page\/wp-content\/uploads\/2023\/03\/Poljcane-48x36.jpg 48w, https:\/\/novice.si\/page\/wp-content\/uploads\/2023\/03\/Poljcane.jpg 940w\" sizes=\"(max-width: 560px) 100vw, 560px\" alt=\"\">\r\n                            <\/a>\r\n                            <figcaption class = \"td-slide-caption td-gallery-slide-content\"><div class = \"td-gallery-slide-copywrite\">Predsednica Berta Majhen.<\/div><\/figcaption>\r\n                        <\/figure>\r\n                    <\/div>\r\n                    <div class = \"td-slide-item td-item2\">\r\n                        <figure class=\"td-slide-galery-figure td-slide-popup-gallery\">\r\n                            <a class=\"slide-gallery-image-link\" href=\"https:\/\/novice.si\/page\/wp-content\/uploads\/2023\/03\/Poljcane2.jpg\" title=\"Poljcane2\"  data-caption=\"Obele\u017eitev 70-letnice dru\u0161tva.\"  data-description=\"\" data-gallery>\r\n                                <img decoding=\"async\" src=\"https:\/\/novice.si\/page\/wp-content\/uploads\/2023\/03\/Poljcane2-631x420.jpg\" srcset=\"https:\/\/novice.si\/page\/wp-content\/uploads\/2023\/03\/Poljcane2-631x420.jpg 631w, https:\/\/novice.si\/page\/wp-content\/uploads\/2023\/03\/Poljcane2-300x200.jpg 300w, https:\/\/novice.si\/page\/wp-content\/uploads\/2023\/03\/Poljcane2-768x511.jpg 768w, https:\/\/novice.si\/page\/wp-content\/uploads\/2023\/03\/Poljcane2-696x464.jpg 696w, https:\/\/novice.si\/page\/wp-content\/uploads\/2023\/03\/Poljcane2-24x16.jpg 24w, https:\/\/novice.si\/page\/wp-content\/uploads\/2023\/03\/Poljcane2-36x24.jpg 36w, https:\/\/novice.si\/page\/wp-content\/uploads\/2023\/03\/Poljcane2-48x32.jpg 48w, https:\/\/novice.si\/page\/wp-content\/uploads\/2023\/03\/Poljcane2.jpg 940w\" sizes=\"(max-width: 631px) 100vw, 631px\" alt=\"\">\r\n                            <\/a>\r\n                            <figcaption class = \"td-slide-caption td-gallery-slide-content\"><div class = \"td-gallery-slide-copywrite\">Obele\u017eitev 70-letnice dru\u0161tva.<\/div><\/figcaption>\r\n                        <\/figure>\r\n                    <\/div>\r\n                    <div class = \"td-slide-item td-item3\">\r\n                        <figure class=\"td-slide-galery-figure td-slide-popup-gallery\">\r\n                            <a class=\"slide-gallery-image-link\" href=\"https:\/\/novice.si\/page\/wp-content\/uploads\/2023\/03\/Poljcane1.jpg\" title=\"Poljcane1\"  data-caption=\"Obele\u017eitev 70-letnice dru\u0161tva.\"  data-description=\"\" data-gallery>\r\n                                <img decoding=\"async\" src=\"https:\/\/novice.si\/page\/wp-content\/uploads\/2023\/03\/Poljcane1-631x420.jpg\" srcset=\"https:\/\/novice.si\/page\/wp-content\/uploads\/2023\/03\/Poljcane1-631x420.jpg 631w, https:\/\/novice.si\/page\/wp-content\/uploads\/2023\/03\/Poljcane1-300x200.jpg 300w, https:\/\/novice.si\/page\/wp-content\/uploads\/2023\/03\/Poljcane1-768x511.jpg 768w, https:\/\/novice.si\/page\/wp-content\/uploads\/2023\/03\/Poljcane1-696x464.jpg 696w, https:\/\/novice.si\/page\/wp-content\/uploads\/2023\/03\/Poljcane1-24x16.jpg 24w, https:\/\/novice.si\/page\/wp-content\/uploads\/2023\/03\/Poljcane1-36x24.jpg 36w, https:\/\/novice.si\/page\/wp-content\/uploads\/2023\/03\/Poljcane1-48x32.jpg 48w, https:\/\/novice.si\/page\/wp-content\/uploads\/2023\/03\/Poljcane1.jpg 940w\" sizes=\"(max-width: 631px) 100vw, 631px\" alt=\"\">\r\n                            <\/a>\r\n                            <figcaption class = \"td-slide-caption td-gallery-slide-content\"><div class = \"td-gallery-slide-copywrite\">Obele\u017eitev 70-letnice dru\u0161tva.<\/div><\/figcaption>\r\n                        <\/figure>\r\n                    <\/div>\r\n                    <div class = \"td-slide-item td-item4\">\r\n                        <figure class=\"td-slide-galery-figure td-slide-popup-gallery\">\r\n                            <a class=\"slide-gallery-image-link\" href=\"https:\/\/novice.si\/page\/wp-content\/uploads\/2023\/03\/Poljcane4.jpg\" title=\"Poljcane4\"  data-caption=\"Izlet v Celje.\"  data-description=\"\" data-gallery>\r\n                                <img decoding=\"async\" src=\"https:\/\/novice.si\/page\/wp-content\/uploads\/2023\/03\/Poljcane4-630x420.jpg\" srcset=\"https:\/\/novice.si\/page\/wp-content\/uploads\/2023\/03\/Poljcane4-630x420.jpg 630w, https:\/\/novice.si\/page\/wp-content\/uploads\/2023\/03\/Poljcane4-300x200.jpg 300w, https:\/\/novice.si\/page\/wp-content\/uploads\/2023\/03\/Poljcane4-768x512.jpg 768w, https:\/\/novice.si\/page\/wp-content\/uploads\/2023\/03\/Poljcane4-696x464.jpg 696w, https:\/\/novice.si\/page\/wp-content\/uploads\/2023\/03\/Poljcane4-24x16.jpg 24w, https:\/\/novice.si\/page\/wp-content\/uploads\/2023\/03\/Poljcane4-36x24.jpg 36w, https:\/\/novice.si\/page\/wp-content\/uploads\/2023\/03\/Poljcane4-48x32.jpg 48w, https:\/\/novice.si\/page\/wp-content\/uploads\/2023\/03\/Poljcane4.jpg 940w\" sizes=\"(max-width: 630px) 100vw, 630px\" alt=\"\">\r\n                            <\/a>\r\n                            <figcaption class = \"td-slide-caption td-gallery-slide-content\"><div class = \"td-gallery-slide-copywrite\">Izlet v Celje.<\/div><\/figcaption>\r\n                        <\/figure>\r\n                    <\/div>\r\n                    <div class = \"td-slide-item td-item5\">\r\n                        <figure class=\"td-slide-galery-figure td-slide-popup-gallery\">\r\n                            <a class=\"slide-gallery-image-link\" href=\"https:\/\/novice.si\/page\/wp-content\/uploads\/2023\/03\/Poljcane3.jpg\" title=\"Poljcane3\"  data-caption=\"Novembrski izlet v Ormo\u017e in Jeruzalemske gorice. \"  data-description=\"\" data-gallery>\r\n                                <img decoding=\"async\" src=\"https:\/\/novice.si\/page\/wp-content\/uploads\/2023\/03\/Poljcane3-630x420.jpg\" srcset=\"https:\/\/novice.si\/page\/wp-content\/uploads\/2023\/03\/Poljcane3-630x420.jpg 630w, https:\/\/novice.si\/page\/wp-content\/uploads\/2023\/03\/Poljcane3-300x200.jpg 300w, https:\/\/novice.si\/page\/wp-content\/uploads\/2023\/03\/Poljcane3-768x512.jpg 768w, https:\/\/novice.si\/page\/wp-content\/uploads\/2023\/03\/Poljcane3-696x464.jpg 696w, https:\/\/novice.si\/page\/wp-content\/uploads\/2023\/03\/Poljcane3-24x16.jpg 24w, https:\/\/novice.si\/page\/wp-content\/uploads\/2023\/03\/Poljcane3-36x24.jpg 36w, https:\/\/novice.si\/page\/wp-content\/uploads\/2023\/03\/Poljcane3-48x32.jpg 48w, https:\/\/novice.si\/page\/wp-content\/uploads\/2023\/03\/Poljcane3.jpg 940w\" sizes=\"(max-width: 630px) 100vw, 630px\" alt=\"\">\r\n                            <\/a>\r\n                            <figcaption class = \"td-slide-caption td-gallery-slide-content\"><div class = \"td-gallery-slide-copywrite\">Novembrski izlet v Ormo\u017e in Jeruzalemske gorice. <\/div><\/figcaption>\r\n                        <\/figure>\r\n                    <\/div>\r\n                            <\/div>\r\n                        <\/div>\r\n\r\n                        <div class = \"td-doubleSlider-2\">\r\n                            <div class = \"td-slider\">\r\n                                \r\n                    <div class = \"td-button td-item1\">\r\n                        <div class = \"td-border\"><\/div>\r\n                    <\/div>\r\n                    <div class = \"td-button td-item2\">\r\n                        <div class = \"td-border\"><\/div>\r\n                    <\/div>\r\n                    <div class = \"td-button td-item3\">\r\n                        <div class = \"td-border\"><\/div>\r\n                    <\/div>\r\n                    <div class = \"td-button td-item4\">\r\n                        <div class = \"td-border\"><\/div>\r\n                    <\/div>\r\n                    <div class = \"td-button td-item5\">\r\n                        <div class = \"td-border\"><\/div>\r\n                    <\/div>\r\n                            <\/div>\r\n                        <\/div>\r\n\r\n                    <\/div>\r\n\r\n                <\/div>\r\n                \n<p>In kaj bo aktualni predsednici najbolj ostalo v spominu iz preteklih 16 let? Majhnova opozori na lanskoletno obele\u017eitev 70-letnice dru\u0161tva. V \u0161portni dvorani v Polj\u010danah so septembra priredili medgeneracijski nastop, pri izvedbi katerega so z nastopom sodelovali celo vrt\u010devski otroci. Nastopajo\u010di in obiskovalci so tako napolnili polj\u010dansko dvorano, kar se ne zgodi pogosto, pravi Berta. Na prireditvi pa je Dru\u0161tvo upokojencev Polj\u010dane prejelo veliko plaketo za uspe\u0161no delo, ki ga podeljuje Zvezda dru\u0161tev upokojencev. Gre za najvi\u0161jo nagrado, ki ga lahko prejme dru\u0161tvo upokojencev. (A. Sobo\u010dan)<\/p>\n<p>Ve\u010d o Dru\u0161tvu upokojencev Polj\u010dane in njegovi dolgoletni predsednici pa v aktualni mar\u010devski \u0161tevilki Bistri\u0161kih novic.<\/p>\n<p>&nbsp;<\/p>\n","protected":false},"excerpt":{"rendered":"<p>&nbsp; Dru\u0161tvo upokojencev Polj\u010dane je dru\u0161tvo z ve\u010d kot 70-letno tradicijo. \u0160teje 423 \u010dlanov in kot pravi Berta Majhen so \u00bbeno naj\u0161tevil\u010dnej\u0161ih in najstarej\u0161ih dru\u0161tev v Polj\u010danah.\u00ab Majhnova je \u010dlanica dru\u0161tva \u017ee 27 let, vanj se je v\u010dlanila takoj, ko je \u0161la v pokoj, polo\u017eaj predsednice dru\u0161tva pa opravlja \u0161estnajsto leto. Z marcem se kon\u010duje [&hellip;]<\/p>\n","protected":false},"author":12,"featured_media":160830,"comment_status":"closed","ping_status":"closed","sticky":false,"template":"","format":"standard","meta":{"footnotes":""},"categories":[14,32],"tags":[],"class_list":{"0":"post-160823","1":"post","2":"type-post","3":"status-publish","4":"format-standard","5":"has-post-thumbnail","7":"category-aktualno","8":"category-bistrisko"},"yoast_head":"<!-- This site is optimized with the Yoast SEO plugin v27.4 - https:\/\/yoast.com\/product\/yoast-seo-wordpress\/ -->\n<title>Berta Majhen po 4 mandatih odhaja s polo\u017eaja predsednice DU Polj\u010dane - Novice.si<\/title>\n<meta name=\"robots\" content=\"index, follow, max-snippet:-1, max-image-preview:large, max-video-preview:-1\" \/>\n<link rel=\"canonical\" href=\"https:\/\/novice.si\/page\/berta-majhen-po-4-mandatih-odhaja-s-polozaja-predsednice-du-poljcane\/\" \/>\n<meta property=\"og:locale\" content=\"sl_SI\" \/>\n<meta property=\"og:type\" content=\"article\" \/>\n<meta property=\"og:title\" content=\"Berta Majhen po 4 mandatih odhaja s polo\u017eaja predsednice DU Polj\u010dane - Novice.si\" \/>\n<meta property=\"og:description\" content=\"&nbsp; Dru\u0161tvo upokojencev Polj\u010dane je dru\u0161tvo z ve\u010d kot 70-letno tradicijo. \u0160teje 423 \u010dlanov in kot pravi Berta Majhen so \u00bbeno naj\u0161tevil\u010dnej\u0161ih in najstarej\u0161ih dru\u0161tev v Polj\u010danah.\u00ab Majhnova je \u010dlanica dru\u0161tva \u017ee 27 let, vanj se je v\u010dlanila takoj, ko je \u0161la v pokoj, polo\u017eaj predsednice dru\u0161tva pa opravlja \u0161estnajsto leto. Z marcem se kon\u010duje [&hellip;]\" \/>\n<meta property=\"og:url\" content=\"https:\/\/novice.si\/page\/berta-majhen-po-4-mandatih-odhaja-s-polozaja-predsednice-du-poljcane\/\" \/>\n<meta property=\"og:site_name\" content=\"Novice.si\" \/>\n<meta property=\"article:published_time\" content=\"2023-03-15T14:45:07+00:00\" \/>\n<meta property=\"og:image\" content=\"https:\/\/novice.si\/page\/wp-content\/uploads\/2023\/03\/Poljcane.jpg\" \/>\n\t<meta property=\"og:image:width\" content=\"940\" \/>\n\t<meta property=\"og:image:height\" content=\"705\" \/>\n\t<meta property=\"og:image:type\" content=\"image\/jpeg\" \/>\n<meta name=\"author\" content=\"Uredni\u0161tvo Celjana\" \/>\n<meta name=\"twitter:card\" content=\"summary_large_image\" \/>\n<meta name=\"twitter:label1\" content=\"Written by\" \/>\n\t<meta name=\"twitter:data1\" content=\"Uredni\u0161tvo Celjana\" \/>\n\t<meta name=\"twitter:label2\" content=\"Est. reading time\" \/>\n\t<meta name=\"twitter:data2\" content=\"2 minuti\" \/>\n<script type=\"application\/ld+json\" class=\"yoast-schema-graph\">{\"@context\":\"https:\\\/\\\/schema.org\",\"@graph\":[{\"@type\":\"Article\",\"@id\":\"https:\\\/\\\/novice.si\\\/page\\\/berta-majhen-po-4-mandatih-odhaja-s-polozaja-predsednice-du-poljcane\\\/#article\",\"isPartOf\":{\"@id\":\"https:\\\/\\\/novice.si\\\/page\\\/berta-majhen-po-4-mandatih-odhaja-s-polozaja-predsednice-du-poljcane\\\/\"},\"author\":{\"name\":\"Uredni\u0161tvo Celjana\",\"@id\":\"https:\\\/\\\/novice.si\\\/page\\\/#\\\/schema\\\/person\\\/51903923b50fefb075bc1cd24fe4d065\"},\"headline\":\"Berta Majhen po 4 mandatih odhaja s polo\u017eaja predsednice DU Polj\u010dane\",\"datePublished\":\"2023-03-15T14:45:07+00:00\",\"mainEntityOfPage\":{\"@id\":\"https:\\\/\\\/novice.si\\\/page\\\/berta-majhen-po-4-mandatih-odhaja-s-polozaja-predsednice-du-poljcane\\\/\"},\"wordCount\":427,\"publisher\":{\"@id\":\"https:\\\/\\\/novice.si\\\/page\\\/#organization\"},\"image\":{\"@id\":\"https:\\\/\\\/novice.si\\\/page\\\/berta-majhen-po-4-mandatih-odhaja-s-polozaja-predsednice-du-poljcane\\\/#primaryimage\"},\"thumbnailUrl\":\"https:\\\/\\\/novice.si\\\/page\\\/wp-content\\\/uploads\\\/2023\\\/03\\\/Poljcane.jpg\",\"articleSection\":[\"Aktualno\",\"Bistri\u0161ko\"],\"inLanguage\":\"sl-SI\"},{\"@type\":\"WebPage\",\"@id\":\"https:\\\/\\\/novice.si\\\/page\\\/berta-majhen-po-4-mandatih-odhaja-s-polozaja-predsednice-du-poljcane\\\/\",\"url\":\"https:\\\/\\\/novice.si\\\/page\\\/berta-majhen-po-4-mandatih-odhaja-s-polozaja-predsednice-du-poljcane\\\/\",\"name\":\"Berta Majhen po 4 mandatih odhaja s polo\u017eaja predsednice DU Polj\u010dane - Novice.si\",\"isPartOf\":{\"@id\":\"https:\\\/\\\/novice.si\\\/page\\\/#website\"},\"primaryImageOfPage\":{\"@id\":\"https:\\\/\\\/novice.si\\\/page\\\/berta-majhen-po-4-mandatih-odhaja-s-polozaja-predsednice-du-poljcane\\\/#primaryimage\"},\"image\":{\"@id\":\"https:\\\/\\\/novice.si\\\/page\\\/berta-majhen-po-4-mandatih-odhaja-s-polozaja-predsednice-du-poljcane\\\/#primaryimage\"},\"thumbnailUrl\":\"https:\\\/\\\/novice.si\\\/page\\\/wp-content\\\/uploads\\\/2023\\\/03\\\/Poljcane.jpg\",\"datePublished\":\"2023-03-15T14:45:07+00:00\",\"breadcrumb\":{\"@id\":\"https:\\\/\\\/novice.si\\\/page\\\/berta-majhen-po-4-mandatih-odhaja-s-polozaja-predsednice-du-poljcane\\\/#breadcrumb\"},\"inLanguage\":\"sl-SI\",\"potentialAction\":[{\"@type\":\"ReadAction\",\"target\":[\"https:\\\/\\\/novice.si\\\/page\\\/berta-majhen-po-4-mandatih-odhaja-s-polozaja-predsednice-du-poljcane\\\/\"]}]},{\"@type\":\"ImageObject\",\"inLanguage\":\"sl-SI\",\"@id\":\"https:\\\/\\\/novice.si\\\/page\\\/berta-majhen-po-4-mandatih-odhaja-s-polozaja-predsednice-du-poljcane\\\/#primaryimage\",\"url\":\"https:\\\/\\\/novice.si\\\/page\\\/wp-content\\\/uploads\\\/2023\\\/03\\\/Poljcane.jpg\",\"contentUrl\":\"https:\\\/\\\/novice.si\\\/page\\\/wp-content\\\/uploads\\\/2023\\\/03\\\/Poljcane.jpg\",\"width\":940,\"height\":705,\"caption\":\"Predsednica Berta Majhen.\"},{\"@type\":\"BreadcrumbList\",\"@id\":\"https:\\\/\\\/novice.si\\\/page\\\/berta-majhen-po-4-mandatih-odhaja-s-polozaja-predsednice-du-poljcane\\\/#breadcrumb\",\"itemListElement\":[{\"@type\":\"ListItem\",\"position\":1,\"name\":\"Home\",\"item\":\"https:\\\/\\\/novice.si\\\/page\\\/\"},{\"@type\":\"ListItem\",\"position\":2,\"name\":\"Berta Majhen po 4 mandatih odhaja s polo\u017eaja predsednice DU Polj\u010dane\"}]},{\"@type\":\"WebSite\",\"@id\":\"https:\\\/\\\/novice.si\\\/page\\\/#website\",\"url\":\"https:\\\/\\\/novice.si\\\/page\\\/\",\"name\":\"Novice.si\",\"description\":\"\",\"publisher\":{\"@id\":\"https:\\\/\\\/novice.si\\\/page\\\/#organization\"},\"potentialAction\":[{\"@type\":\"SearchAction\",\"target\":{\"@type\":\"EntryPoint\",\"urlTemplate\":\"https:\\\/\\\/novice.si\\\/page\\\/?s={search_term_string}\"},\"query-input\":{\"@type\":\"PropertyValueSpecification\",\"valueRequired\":true,\"valueName\":\"search_term_string\"}}],\"inLanguage\":\"sl-SI\"},{\"@type\":\"Organization\",\"@id\":\"https:\\\/\\\/novice.si\\\/page\\\/#organization\",\"name\":\"Novice.si\",\"url\":\"https:\\\/\\\/novice.si\\\/page\\\/\",\"logo\":{\"@type\":\"ImageObject\",\"inLanguage\":\"sl-SI\",\"@id\":\"https:\\\/\\\/novice.si\\\/page\\\/#\\\/schema\\\/logo\\\/image\\\/\",\"url\":\"https:\\\/\\\/novice.si\\\/page\\\/wp-content\\\/uploads\\\/2023\\\/03\\\/novice_si.png\",\"contentUrl\":\"https:\\\/\\\/novice.si\\\/page\\\/wp-content\\\/uploads\\\/2023\\\/03\\\/novice_si.png\",\"width\":576,\"height\":200,\"caption\":\"Novice.si\"},\"image\":{\"@id\":\"https:\\\/\\\/novice.si\\\/page\\\/#\\\/schema\\\/logo\\\/image\\\/\"}},{\"@type\":\"Person\",\"@id\":\"https:\\\/\\\/novice.si\\\/page\\\/#\\\/schema\\\/person\\\/51903923b50fefb075bc1cd24fe4d065\",\"name\":\"Uredni\u0161tvo Celjana\",\"image\":{\"@type\":\"ImageObject\",\"inLanguage\":\"sl-SI\",\"@id\":\"https:\\\/\\\/secure.gravatar.com\\\/avatar\\\/b516f102aa90b53619e09722b8ea56721c99bfcb4f1035f9b333d99f52330226?s=96&d=mm&r=g\",\"url\":\"https:\\\/\\\/secure.gravatar.com\\\/avatar\\\/b516f102aa90b53619e09722b8ea56721c99bfcb4f1035f9b333d99f52330226?s=96&d=mm&r=g\",\"contentUrl\":\"https:\\\/\\\/secure.gravatar.com\\\/avatar\\\/b516f102aa90b53619e09722b8ea56721c99bfcb4f1035f9b333d99f52330226?s=96&d=mm&r=g\",\"caption\":\"Uredni\u0161tvo Celjana\"},\"url\":\"https:\\\/\\\/novice.si\\\/page\\\/author\\\/nejc\\\/\"}]}<\/script>\n<!-- \/ Yoast SEO plugin. -->","yoast_head_json":{"title":"Berta Majhen po 4 mandatih odhaja s polo\u017eaja predsednice DU Polj\u010dane - Novice.si","robots":{"index":"index","follow":"follow","max-snippet":"max-snippet:-1","max-image-preview":"max-image-preview:large","max-video-preview":"max-video-preview:-1"},"canonical":"https:\/\/novice.si\/page\/berta-majhen-po-4-mandatih-odhaja-s-polozaja-predsednice-du-poljcane\/","og_locale":"sl_SI","og_type":"article","og_title":"Berta Majhen po 4 mandatih odhaja s polo\u017eaja predsednice DU Polj\u010dane - Novice.si","og_description":"&nbsp; Dru\u0161tvo upokojencev Polj\u010dane je dru\u0161tvo z ve\u010d kot 70-letno tradicijo. \u0160teje 423 \u010dlanov in kot pravi Berta Majhen so \u00bbeno naj\u0161tevil\u010dnej\u0161ih in najstarej\u0161ih dru\u0161tev v Polj\u010danah.\u00ab Majhnova je \u010dlanica dru\u0161tva \u017ee 27 let, vanj se je v\u010dlanila takoj, ko je \u0161la v pokoj, polo\u017eaj predsednice dru\u0161tva pa opravlja \u0161estnajsto leto. Z marcem se kon\u010duje [&hellip;]","og_url":"https:\/\/novice.si\/page\/berta-majhen-po-4-mandatih-odhaja-s-polozaja-predsednice-du-poljcane\/","og_site_name":"Novice.si","article_published_time":"2023-03-15T14:45:07+00:00","og_image":[{"width":940,"height":705,"url":"https:\/\/novice.si\/page\/wp-content\/uploads\/2023\/03\/Poljcane.jpg","type":"image\/jpeg"}],"author":"Uredni\u0161tvo Celjana","twitter_card":"summary_large_image","twitter_misc":{"Written by":"Uredni\u0161tvo Celjana","Est. reading time":"2 minuti"},"schema":{"@context":"https:\/\/schema.org","@graph":[{"@type":"Article","@id":"https:\/\/novice.si\/page\/berta-majhen-po-4-mandatih-odhaja-s-polozaja-predsednice-du-poljcane\/#article","isPartOf":{"@id":"https:\/\/novice.si\/page\/berta-majhen-po-4-mandatih-odhaja-s-polozaja-predsednice-du-poljcane\/"},"author":{"name":"Uredni\u0161tvo Celjana","@id":"https:\/\/novice.si\/page\/#\/schema\/person\/51903923b50fefb075bc1cd24fe4d065"},"headline":"Berta Majhen po 4 mandatih odhaja s polo\u017eaja predsednice DU Polj\u010dane","datePublished":"2023-03-15T14:45:07+00:00","mainEntityOfPage":{"@id":"https:\/\/novice.si\/page\/berta-majhen-po-4-mandatih-odhaja-s-polozaja-predsednice-du-poljcane\/"},"wordCount":427,"publisher":{"@id":"https:\/\/novice.si\/page\/#organization"},"image":{"@id":"https:\/\/novice.si\/page\/berta-majhen-po-4-mandatih-odhaja-s-polozaja-predsednice-du-poljcane\/#primaryimage"},"thumbnailUrl":"https:\/\/novice.si\/page\/wp-content\/uploads\/2023\/03\/Poljcane.jpg","articleSection":["Aktualno","Bistri\u0161ko"],"inLanguage":"sl-SI"},{"@type":"WebPage","@id":"https:\/\/novice.si\/page\/berta-majhen-po-4-mandatih-odhaja-s-polozaja-predsednice-du-poljcane\/","url":"https:\/\/novice.si\/page\/berta-majhen-po-4-mandatih-odhaja-s-polozaja-predsednice-du-poljcane\/","name":"Berta Majhen po 4 mandatih odhaja s polo\u017eaja predsednice DU Polj\u010dane - Novice.si","isPartOf":{"@id":"https:\/\/novice.si\/page\/#website"},"primaryImageOfPage":{"@id":"https:\/\/novice.si\/page\/berta-majhen-po-4-mandatih-odhaja-s-polozaja-predsednice-du-poljcane\/#primaryimage"},"image":{"@id":"https:\/\/novice.si\/page\/berta-majhen-po-4-mandatih-odhaja-s-polozaja-predsednice-du-poljcane\/#primaryimage"},"thumbnailUrl":"https:\/\/novice.si\/page\/wp-content\/uploads\/2023\/03\/Poljcane.jpg","datePublished":"2023-03-15T14:45:07+00:00","breadcrumb":{"@id":"https:\/\/novice.si\/page\/berta-majhen-po-4-mandatih-odhaja-s-polozaja-predsednice-du-poljcane\/#breadcrumb"},"inLanguage":"sl-SI","potentialAction":[{"@type":"ReadAction","target":["https:\/\/novice.si\/page\/berta-majhen-po-4-mandatih-odhaja-s-polozaja-predsednice-du-poljcane\/"]}]},{"@type":"ImageObject","inLanguage":"sl-SI","@id":"https:\/\/novice.si\/page\/berta-majhen-po-4-mandatih-odhaja-s-polozaja-predsednice-du-poljcane\/#primaryimage","url":"https:\/\/novice.si\/page\/wp-content\/uploads\/2023\/03\/Poljcane.jpg","contentUrl":"https:\/\/novice.si\/page\/wp-content\/uploads\/2023\/03\/Poljcane.jpg","width":940,"height":705,"caption":"Predsednica Berta Majhen."},{"@type":"BreadcrumbList","@id":"https:\/\/novice.si\/page\/berta-majhen-po-4-mandatih-odhaja-s-polozaja-predsednice-du-poljcane\/#breadcrumb","itemListElement":[{"@type":"ListItem","position":1,"name":"Home","item":"https:\/\/novice.si\/page\/"},{"@type":"ListItem","position":2,"name":"Berta Majhen po 4 mandatih odhaja s polo\u017eaja predsednice DU Polj\u010dane"}]},{"@type":"WebSite","@id":"https:\/\/novice.si\/page\/#website","url":"https:\/\/novice.si\/page\/","name":"Novice.si","description":"","publisher":{"@id":"https:\/\/novice.si\/page\/#organization"},"potentialAction":[{"@type":"SearchAction","target":{"@type":"EntryPoint","urlTemplate":"https:\/\/novice.si\/page\/?s={search_term_string}"},"query-input":{"@type":"PropertyValueSpecification","valueRequired":true,"valueName":"search_term_string"}}],"inLanguage":"sl-SI"},{"@type":"Organization","@id":"https:\/\/novice.si\/page\/#organization","name":"Novice.si","url":"https:\/\/novice.si\/page\/","logo":{"@type":"ImageObject","inLanguage":"sl-SI","@id":"https:\/\/novice.si\/page\/#\/schema\/logo\/image\/","url":"https:\/\/novice.si\/page\/wp-content\/uploads\/2023\/03\/novice_si.png","contentUrl":"https:\/\/novice.si\/page\/wp-content\/uploads\/2023\/03\/novice_si.png","width":576,"height":200,"caption":"Novice.si"},"image":{"@id":"https:\/\/novice.si\/page\/#\/schema\/logo\/image\/"}},{"@type":"Person","@id":"https:\/\/novice.si\/page\/#\/schema\/person\/51903923b50fefb075bc1cd24fe4d065","name":"Uredni\u0161tvo Celjana","image":{"@type":"ImageObject","inLanguage":"sl-SI","@id":"https:\/\/secure.gravatar.com\/avatar\/b516f102aa90b53619e09722b8ea56721c99bfcb4f1035f9b333d99f52330226?s=96&d=mm&r=g","url":"https:\/\/secure.gravatar.com\/avatar\/b516f102aa90b53619e09722b8ea56721c99bfcb4f1035f9b333d99f52330226?s=96&d=mm&r=g","contentUrl":"https:\/\/secure.gravatar.com\/avatar\/b516f102aa90b53619e09722b8ea56721c99bfcb4f1035f9b333d99f52330226?s=96&d=mm&r=g","caption":"Uredni\u0161tvo Celjana"},"url":"https:\/\/novice.si\/page\/author\/nejc\/"}]}},"_links":{"self":[{"href":"https:\/\/novice.si\/page\/wp-json\/wp\/v2\/posts\/160823","targetHints":{"allow":["GET"]}}],"collection":[{"href":"https:\/\/novice.si\/page\/wp-json\/wp\/v2\/posts"}],"about":[{"href":"https:\/\/novice.si\/page\/wp-json\/wp\/v2\/types\/post"}],"author":[{"embeddable":true,"href":"https:\/\/novice.si\/page\/wp-json\/wp\/v2\/users\/12"}],"replies":[{"embeddable":true,"href":"https:\/\/novice.si\/page\/wp-json\/wp\/v2\/comments?post=160823"}],"version-history":[{"count":1,"href":"https:\/\/novice.si\/page\/wp-json\/wp\/v2\/posts\/160823\/revisions"}],"predecessor-version":[{"id":160851,"href":"https:\/\/novice.si\/page\/wp-json\/wp\/v2\/posts\/160823\/revisions\/160851"}],"wp:featuredmedia":[{"embeddable":true,"href":"https:\/\/novice.si\/page\/wp-json\/wp\/v2\/media\/160830"}],"wp:attachment":[{"href":"https:\/\/novice.si\/page\/wp-json\/wp\/v2\/media?parent=160823"}],"wp:term":[{"taxonomy":"category","embeddable":true,"href":"https:\/\/novice.si\/page\/wp-json\/wp\/v2\/categories?post=160823"},{"taxonomy":"post_tag","embeddable":true,"href":"https:\/\/novice.si\/page\/wp-json\/wp\/v2\/tags?post=160823"}],"curies":[{"name":"wp","href":"https:\/\/api.w.org\/{rel}","templated":true}]}}