{"id":160822,"date":"2023-03-16T13:20:09","date_gmt":"2023-03-16T12:20:09","guid":{"rendered":"https:\/\/novice.si\/page\/?p=160822"},"modified":"2023-03-15T15:21:42","modified_gmt":"2023-03-15T14:21:42","slug":"varuh-clovekovih-pravic-bo-posloval-v-celju","status":"publish","type":"post","link":"https:\/\/novice.si\/page\/varuh-clovekovih-pravic-bo-posloval-v-celju\/","title":{"rendered":"Varuh \u010dlovekovih pravic bo posloval v Celju"},"content":{"rendered":"<p><em><a href=\"https:\/\/novice.si\/page\/wp-content\/uploads\/2023\/03\/Cz-varuh.jpg\" data-gallery><img loading=\"lazy\" decoding=\"async\" class=\"size-medium wp-image-160824 alignleft\" src=\"https:\/\/novice.si\/page\/wp-content\/uploads\/2023\/03\/Cz-varuh-300x184.jpg\" alt=\"varuh \u010dlovekovih pravic \" width=\"300\" height=\"184\" srcset=\"https:\/\/novice.si\/page\/wp-content\/uploads\/2023\/03\/Cz-varuh-300x184.jpg 300w, https:\/\/novice.si\/page\/wp-content\/uploads\/2023\/03\/Cz-varuh-768x470.jpg 768w, https:\/\/novice.si\/page\/wp-content\/uploads\/2023\/03\/Cz-varuh-356x220.jpg 356w, https:\/\/novice.si\/page\/wp-content\/uploads\/2023\/03\/Cz-varuh-696x426.jpg 696w, https:\/\/novice.si\/page\/wp-content\/uploads\/2023\/03\/Cz-varuh-686x420.jpg 686w, https:\/\/novice.si\/page\/wp-content\/uploads\/2023\/03\/Cz-varuh-24x15.jpg 24w, https:\/\/novice.si\/page\/wp-content\/uploads\/2023\/03\/Cz-varuh-36x22.jpg 36w, https:\/\/novice.si\/page\/wp-content\/uploads\/2023\/03\/Cz-varuh-48x29.jpg 48w, https:\/\/novice.si\/page\/wp-content\/uploads\/2023\/03\/Cz-varuh.jpg 800w\" sizes=\"auto, (max-width: 300px) 100vw, 300px\" \/><\/a>Varuh \u010dlovekovih pravic <strong>Peter Svetina<\/strong> bo prihodnji torek, 21. marca, posloval v Celju.<\/em><\/p>\n<p>V prostorih Mestne ob\u010dine Celje bo s sodelavci na voljo ob\u010dankam in ob\u010danom pri uveljavljanju njihovih pravic. Vsi, ki menijo, da jim dr\u017eava ali organi lokalne skupnosti kr\u0161ijo pravice in se \u017eelijo o tem pogovoriti, lahko do vklju\u010dno 17. marca do 12. ure pokli\u010dejo na telefonsko \u0161tevilko 030 720 225 in se dogovorijo za osebni pogovor z varuhom.<\/p>\n<p>Varuh \u010dlovekovih pravic Svetina bo ob obisku v Celju odprl in predstavil Varuhov koti\u010dek, s \u010dimer \u017eeli institucijo varuha pribli\u017eati \u010dim \u0161ir\u0161emu krogu ljudi v okolju, kjer \u017eivijo. Varuh se bo ob poslovanju v Celju sestal tudi z \u017eupanom Matijo Kova\u010dem.<\/p>\n","protected":false},"excerpt":{"rendered":"<p>Varuh \u010dlovekovih pravic Peter Svetina bo prihodnji torek, 21. marca, posloval v Celju. V prostorih Mestne ob\u010dine Celje bo s sodelavci na voljo ob\u010dankam in ob\u010danom pri uveljavljanju njihovih pravic. Vsi, ki menijo, da jim dr\u017eava ali organi lokalne skupnosti kr\u0161ijo pravice in se \u017eelijo o tem pogovoriti, lahko do vklju\u010dno 17. marca do 12. [&hellip;]<\/p>\n","protected":false},"author":55,"featured_media":160824,"comment_status":"closed","ping_status":"closed","sticky":false,"template":"","format":"standard","meta":{"footnotes":""},"categories":[14,142,17],"tags":[],"class_list":{"0":"post-160822","1":"post","2":"type-post","3":"status-publish","4":"format-standard","5":"has-post-thumbnail","7":"category-aktualno","8":"category-celjan","9":"category-celjsko"},"yoast_head":"<!-- This site is optimized with the Yoast SEO plugin v27.4 - https:\/\/yoast.com\/product\/yoast-seo-wordpress\/ -->\n<title>Varuh \u010dlovekovih pravic bo posloval v Celju - Novice.si<\/title>\n<meta name=\"robots\" content=\"index, follow, max-snippet:-1, max-image-preview:large, max-video-preview:-1\" \/>\n<link rel=\"canonical\" href=\"https:\/\/novice.si\/page\/varuh-clovekovih-pravic-bo-posloval-v-celju\/\" \/>\n<meta property=\"og:locale\" content=\"sl_SI\" \/>\n<meta property=\"og:type\" content=\"article\" \/>\n<meta property=\"og:title\" content=\"Varuh \u010dlovekovih pravic bo posloval v Celju - Novice.si\" \/>\n<meta property=\"og:description\" content=\"Varuh \u010dlovekovih pravic Peter Svetina bo prihodnji torek, 21. marca, posloval v Celju. V prostorih Mestne ob\u010dine Celje bo s sodelavci na voljo ob\u010dankam in ob\u010danom pri uveljavljanju njihovih pravic. Vsi, ki menijo, da jim dr\u017eava ali organi lokalne skupnosti kr\u0161ijo pravice in se \u017eelijo o tem pogovoriti, lahko do vklju\u010dno 17. marca do 12. [&hellip;]\" \/>\n<meta property=\"og:url\" content=\"https:\/\/novice.si\/page\/varuh-clovekovih-pravic-bo-posloval-v-celju\/\" \/>\n<meta property=\"og:site_name\" content=\"Novice.si\" \/>\n<meta property=\"article:published_time\" content=\"2023-03-16T12:20:09+00:00\" \/>\n<meta property=\"og:image\" content=\"https:\/\/novice.si\/page\/wp-content\/uploads\/2023\/03\/Cz-varuh.jpg\" \/>\n\t<meta property=\"og:image:width\" content=\"800\" \/>\n\t<meta property=\"og:image:height\" content=\"490\" \/>\n\t<meta property=\"og:image:type\" content=\"image\/jpeg\" \/>\n<meta name=\"author\" content=\"Uredni\u0161tvo Celjana\" \/>\n<meta name=\"twitter:card\" content=\"summary_large_image\" \/>\n<meta name=\"twitter:label1\" content=\"Written by\" \/>\n\t<meta name=\"twitter:data1\" content=\"Uredni\u0161tvo Celjana\" \/>\n\t<meta name=\"twitter:label2\" content=\"Est. reading time\" \/>\n\t<meta name=\"twitter:data2\" content=\"1 minuta\" \/>\n<script type=\"application\/ld+json\" class=\"yoast-schema-graph\">{\"@context\":\"https:\\\/\\\/schema.org\",\"@graph\":[{\"@type\":\"Article\",\"@id\":\"https:\\\/\\\/novice.si\\\/page\\\/varuh-clovekovih-pravic-bo-posloval-v-celju\\\/#article\",\"isPartOf\":{\"@id\":\"https:\\\/\\\/novice.si\\\/page\\\/varuh-clovekovih-pravic-bo-posloval-v-celju\\\/\"},\"author\":{\"name\":\"Uredni\u0161tvo Celjana\",\"@id\":\"https:\\\/\\\/novice.si\\\/page\\\/#\\\/schema\\\/person\\\/a49f233ef2777ec7b2e8d0662325bb48\"},\"headline\":\"Varuh \u010dlovekovih pravic bo posloval v Celju\",\"datePublished\":\"2023-03-16T12:20:09+00:00\",\"mainEntityOfPage\":{\"@id\":\"https:\\\/\\\/novice.si\\\/page\\\/varuh-clovekovih-pravic-bo-posloval-v-celju\\\/\"},\"wordCount\":124,\"publisher\":{\"@id\":\"https:\\\/\\\/novice.si\\\/page\\\/#organization\"},\"image\":{\"@id\":\"https:\\\/\\\/novice.si\\\/page\\\/varuh-clovekovih-pravic-bo-posloval-v-celju\\\/#primaryimage\"},\"thumbnailUrl\":\"https:\\\/\\\/novice.si\\\/page\\\/wp-content\\\/uploads\\\/2023\\\/03\\\/Cz-varuh.jpg\",\"articleSection\":[\"Aktualno\",\"Celjan\",\"Celjsko\"],\"inLanguage\":\"sl-SI\"},{\"@type\":\"WebPage\",\"@id\":\"https:\\\/\\\/novice.si\\\/page\\\/varuh-clovekovih-pravic-bo-posloval-v-celju\\\/\",\"url\":\"https:\\\/\\\/novice.si\\\/page\\\/varuh-clovekovih-pravic-bo-posloval-v-celju\\\/\",\"name\":\"Varuh \u010dlovekovih pravic bo posloval v Celju - Novice.si\",\"isPartOf\":{\"@id\":\"https:\\\/\\\/novice.si\\\/page\\\/#website\"},\"primaryImageOfPage\":{\"@id\":\"https:\\\/\\\/novice.si\\\/page\\\/varuh-clovekovih-pravic-bo-posloval-v-celju\\\/#primaryimage\"},\"image\":{\"@id\":\"https:\\\/\\\/novice.si\\\/page\\\/varuh-clovekovih-pravic-bo-posloval-v-celju\\\/#primaryimage\"},\"thumbnailUrl\":\"https:\\\/\\\/novice.si\\\/page\\\/wp-content\\\/uploads\\\/2023\\\/03\\\/Cz-varuh.jpg\",\"datePublished\":\"2023-03-16T12:20:09+00:00\",\"breadcrumb\":{\"@id\":\"https:\\\/\\\/novice.si\\\/page\\\/varuh-clovekovih-pravic-bo-posloval-v-celju\\\/#breadcrumb\"},\"inLanguage\":\"sl-SI\",\"potentialAction\":[{\"@type\":\"ReadAction\",\"target\":[\"https:\\\/\\\/novice.si\\\/page\\\/varuh-clovekovih-pravic-bo-posloval-v-celju\\\/\"]}]},{\"@type\":\"ImageObject\",\"inLanguage\":\"sl-SI\",\"@id\":\"https:\\\/\\\/novice.si\\\/page\\\/varuh-clovekovih-pravic-bo-posloval-v-celju\\\/#primaryimage\",\"url\":\"https:\\\/\\\/novice.si\\\/page\\\/wp-content\\\/uploads\\\/2023\\\/03\\\/Cz-varuh.jpg\",\"contentUrl\":\"https:\\\/\\\/novice.si\\\/page\\\/wp-content\\\/uploads\\\/2023\\\/03\\\/Cz-varuh.jpg\",\"width\":800,\"height\":490,\"caption\":\"varuh \u010dlovekovih pravic\"},{\"@type\":\"BreadcrumbList\",\"@id\":\"https:\\\/\\\/novice.si\\\/page\\\/varuh-clovekovih-pravic-bo-posloval-v-celju\\\/#breadcrumb\",\"itemListElement\":[{\"@type\":\"ListItem\",\"position\":1,\"name\":\"Home\",\"item\":\"https:\\\/\\\/novice.si\\\/page\\\/\"},{\"@type\":\"ListItem\",\"position\":2,\"name\":\"Varuh \u010dlovekovih pravic bo posloval v Celju\"}]},{\"@type\":\"WebSite\",\"@id\":\"https:\\\/\\\/novice.si\\\/page\\\/#website\",\"url\":\"https:\\\/\\\/novice.si\\\/page\\\/\",\"name\":\"Novice.si\",\"description\":\"\",\"publisher\":{\"@id\":\"https:\\\/\\\/novice.si\\\/page\\\/#organization\"},\"potentialAction\":[{\"@type\":\"SearchAction\",\"target\":{\"@type\":\"EntryPoint\",\"urlTemplate\":\"https:\\\/\\\/novice.si\\\/page\\\/?s={search_term_string}\"},\"query-input\":{\"@type\":\"PropertyValueSpecification\",\"valueRequired\":true,\"valueName\":\"search_term_string\"}}],\"inLanguage\":\"sl-SI\"},{\"@type\":\"Organization\",\"@id\":\"https:\\\/\\\/novice.si\\\/page\\\/#organization\",\"name\":\"Novice.si\",\"url\":\"https:\\\/\\\/novice.si\\\/page\\\/\",\"logo\":{\"@type\":\"ImageObject\",\"inLanguage\":\"sl-SI\",\"@id\":\"https:\\\/\\\/novice.si\\\/page\\\/#\\\/schema\\\/logo\\\/image\\\/\",\"url\":\"https:\\\/\\\/novice.si\\\/page\\\/wp-content\\\/uploads\\\/2023\\\/03\\\/novice_si.png\",\"contentUrl\":\"https:\\\/\\\/novice.si\\\/page\\\/wp-content\\\/uploads\\\/2023\\\/03\\\/novice_si.png\",\"width\":576,\"height\":200,\"caption\":\"Novice.si\"},\"image\":{\"@id\":\"https:\\\/\\\/novice.si\\\/page\\\/#\\\/schema\\\/logo\\\/image\\\/\"}},{\"@type\":\"Person\",\"@id\":\"https:\\\/\\\/novice.si\\\/page\\\/#\\\/schema\\\/person\\\/a49f233ef2777ec7b2e8d0662325bb48\",\"name\":\"Uredni\u0161tvo Celjana\",\"image\":{\"@type\":\"ImageObject\",\"inLanguage\":\"sl-SI\",\"@id\":\"https:\\\/\\\/secure.gravatar.com\\\/avatar\\\/7f7863e616af8f92806c638dd1db3f1a238d83d1cc2ec3100afc06fbb7eb303f?s=96&d=mm&r=g\",\"url\":\"https:\\\/\\\/secure.gravatar.com\\\/avatar\\\/7f7863e616af8f92806c638dd1db3f1a238d83d1cc2ec3100afc06fbb7eb303f?s=96&d=mm&r=g\",\"contentUrl\":\"https:\\\/\\\/secure.gravatar.com\\\/avatar\\\/7f7863e616af8f92806c638dd1db3f1a238d83d1cc2ec3100afc06fbb7eb303f?s=96&d=mm&r=g\",\"caption\":\"Uredni\u0161tvo Celjana\"},\"url\":\"https:\\\/\\\/novice.si\\\/page\\\/author\\\/maja\\\/\"}]}<\/script>\n<!-- \/ Yoast SEO plugin. -->","yoast_head_json":{"title":"Varuh \u010dlovekovih pravic bo posloval v Celju - Novice.si","robots":{"index":"index","follow":"follow","max-snippet":"max-snippet:-1","max-image-preview":"max-image-preview:large","max-video-preview":"max-video-preview:-1"},"canonical":"https:\/\/novice.si\/page\/varuh-clovekovih-pravic-bo-posloval-v-celju\/","og_locale":"sl_SI","og_type":"article","og_title":"Varuh \u010dlovekovih pravic bo posloval v Celju - Novice.si","og_description":"Varuh \u010dlovekovih pravic Peter Svetina bo prihodnji torek, 21. marca, posloval v Celju. V prostorih Mestne ob\u010dine Celje bo s sodelavci na voljo ob\u010dankam in ob\u010danom pri uveljavljanju njihovih pravic. Vsi, ki menijo, da jim dr\u017eava ali organi lokalne skupnosti kr\u0161ijo pravice in se \u017eelijo o tem pogovoriti, lahko do vklju\u010dno 17. marca do 12. [&hellip;]","og_url":"https:\/\/novice.si\/page\/varuh-clovekovih-pravic-bo-posloval-v-celju\/","og_site_name":"Novice.si","article_published_time":"2023-03-16T12:20:09+00:00","og_image":[{"width":800,"height":490,"url":"https:\/\/novice.si\/page\/wp-content\/uploads\/2023\/03\/Cz-varuh.jpg","type":"image\/jpeg"}],"author":"Uredni\u0161tvo Celjana","twitter_card":"summary_large_image","twitter_misc":{"Written by":"Uredni\u0161tvo Celjana","Est. reading time":"1 minuta"},"schema":{"@context":"https:\/\/schema.org","@graph":[{"@type":"Article","@id":"https:\/\/novice.si\/page\/varuh-clovekovih-pravic-bo-posloval-v-celju\/#article","isPartOf":{"@id":"https:\/\/novice.si\/page\/varuh-clovekovih-pravic-bo-posloval-v-celju\/"},"author":{"name":"Uredni\u0161tvo Celjana","@id":"https:\/\/novice.si\/page\/#\/schema\/person\/a49f233ef2777ec7b2e8d0662325bb48"},"headline":"Varuh \u010dlovekovih pravic bo posloval v Celju","datePublished":"2023-03-16T12:20:09+00:00","mainEntityOfPage":{"@id":"https:\/\/novice.si\/page\/varuh-clovekovih-pravic-bo-posloval-v-celju\/"},"wordCount":124,"publisher":{"@id":"https:\/\/novice.si\/page\/#organization"},"image":{"@id":"https:\/\/novice.si\/page\/varuh-clovekovih-pravic-bo-posloval-v-celju\/#primaryimage"},"thumbnailUrl":"https:\/\/novice.si\/page\/wp-content\/uploads\/2023\/03\/Cz-varuh.jpg","articleSection":["Aktualno","Celjan","Celjsko"],"inLanguage":"sl-SI"},{"@type":"WebPage","@id":"https:\/\/novice.si\/page\/varuh-clovekovih-pravic-bo-posloval-v-celju\/","url":"https:\/\/novice.si\/page\/varuh-clovekovih-pravic-bo-posloval-v-celju\/","name":"Varuh \u010dlovekovih pravic bo posloval v Celju - Novice.si","isPartOf":{"@id":"https:\/\/novice.si\/page\/#website"},"primaryImageOfPage":{"@id":"https:\/\/novice.si\/page\/varuh-clovekovih-pravic-bo-posloval-v-celju\/#primaryimage"},"image":{"@id":"https:\/\/novice.si\/page\/varuh-clovekovih-pravic-bo-posloval-v-celju\/#primaryimage"},"thumbnailUrl":"https:\/\/novice.si\/page\/wp-content\/uploads\/2023\/03\/Cz-varuh.jpg","datePublished":"2023-03-16T12:20:09+00:00","breadcrumb":{"@id":"https:\/\/novice.si\/page\/varuh-clovekovih-pravic-bo-posloval-v-celju\/#breadcrumb"},"inLanguage":"sl-SI","potentialAction":[{"@type":"ReadAction","target":["https:\/\/novice.si\/page\/varuh-clovekovih-pravic-bo-posloval-v-celju\/"]}]},{"@type":"ImageObject","inLanguage":"sl-SI","@id":"https:\/\/novice.si\/page\/varuh-clovekovih-pravic-bo-posloval-v-celju\/#primaryimage","url":"https:\/\/novice.si\/page\/wp-content\/uploads\/2023\/03\/Cz-varuh.jpg","contentUrl":"https:\/\/novice.si\/page\/wp-content\/uploads\/2023\/03\/Cz-varuh.jpg","width":800,"height":490,"caption":"varuh \u010dlovekovih pravic"},{"@type":"BreadcrumbList","@id":"https:\/\/novice.si\/page\/varuh-clovekovih-pravic-bo-posloval-v-celju\/#breadcrumb","itemListElement":[{"@type":"ListItem","position":1,"name":"Home","item":"https:\/\/novice.si\/page\/"},{"@type":"ListItem","position":2,"name":"Varuh \u010dlovekovih pravic bo posloval v Celju"}]},{"@type":"WebSite","@id":"https:\/\/novice.si\/page\/#website","url":"https:\/\/novice.si\/page\/","name":"Novice.si","description":"","publisher":{"@id":"https:\/\/novice.si\/page\/#organization"},"potentialAction":[{"@type":"SearchAction","target":{"@type":"EntryPoint","urlTemplate":"https:\/\/novice.si\/page\/?s={search_term_string}"},"query-input":{"@type":"PropertyValueSpecification","valueRequired":true,"valueName":"search_term_string"}}],"inLanguage":"sl-SI"},{"@type":"Organization","@id":"https:\/\/novice.si\/page\/#organization","name":"Novice.si","url":"https:\/\/novice.si\/page\/","logo":{"@type":"ImageObject","inLanguage":"sl-SI","@id":"https:\/\/novice.si\/page\/#\/schema\/logo\/image\/","url":"https:\/\/novice.si\/page\/wp-content\/uploads\/2023\/03\/novice_si.png","contentUrl":"https:\/\/novice.si\/page\/wp-content\/uploads\/2023\/03\/novice_si.png","width":576,"height":200,"caption":"Novice.si"},"image":{"@id":"https:\/\/novice.si\/page\/#\/schema\/logo\/image\/"}},{"@type":"Person","@id":"https:\/\/novice.si\/page\/#\/schema\/person\/a49f233ef2777ec7b2e8d0662325bb48","name":"Uredni\u0161tvo Celjana","image":{"@type":"ImageObject","inLanguage":"sl-SI","@id":"https:\/\/secure.gravatar.com\/avatar\/7f7863e616af8f92806c638dd1db3f1a238d83d1cc2ec3100afc06fbb7eb303f?s=96&d=mm&r=g","url":"https:\/\/secure.gravatar.com\/avatar\/7f7863e616af8f92806c638dd1db3f1a238d83d1cc2ec3100afc06fbb7eb303f?s=96&d=mm&r=g","contentUrl":"https:\/\/secure.gravatar.com\/avatar\/7f7863e616af8f92806c638dd1db3f1a238d83d1cc2ec3100afc06fbb7eb303f?s=96&d=mm&r=g","caption":"Uredni\u0161tvo Celjana"},"url":"https:\/\/novice.si\/page\/author\/maja\/"}]}},"_links":{"self":[{"href":"https:\/\/novice.si\/page\/wp-json\/wp\/v2\/posts\/160822","targetHints":{"allow":["GET"]}}],"collection":[{"href":"https:\/\/novice.si\/page\/wp-json\/wp\/v2\/posts"}],"about":[{"href":"https:\/\/novice.si\/page\/wp-json\/wp\/v2\/types\/post"}],"author":[{"embeddable":true,"href":"https:\/\/novice.si\/page\/wp-json\/wp\/v2\/users\/55"}],"replies":[{"embeddable":true,"href":"https:\/\/novice.si\/page\/wp-json\/wp\/v2\/comments?post=160822"}],"version-history":[{"count":1,"href":"https:\/\/novice.si\/page\/wp-json\/wp\/v2\/posts\/160822\/revisions"}],"predecessor-version":[{"id":160825,"href":"https:\/\/novice.si\/page\/wp-json\/wp\/v2\/posts\/160822\/revisions\/160825"}],"wp:featuredmedia":[{"embeddable":true,"href":"https:\/\/novice.si\/page\/wp-json\/wp\/v2\/media\/160824"}],"wp:attachment":[{"href":"https:\/\/novice.si\/page\/wp-json\/wp\/v2\/media?parent=160822"}],"wp:term":[{"taxonomy":"category","embeddable":true,"href":"https:\/\/novice.si\/page\/wp-json\/wp\/v2\/categories?post=160822"},{"taxonomy":"post_tag","embeddable":true,"href":"https:\/\/novice.si\/page\/wp-json\/wp\/v2\/tags?post=160822"}],"curies":[{"name":"wp","href":"https:\/\/api.w.org\/{rel}","templated":true}]}}