{"id":160819,"date":"2023-03-16T09:18:19","date_gmt":"2023-03-16T08:18:19","guid":{"rendered":"https:\/\/novice.si\/page\/?p=160819"},"modified":"2023-03-15T15:20:01","modified_gmt":"2023-03-15T14:20:01","slug":"zaceli-z-izgradnjo-javnega-brezzicnega-omrezja","status":"publish","type":"post","link":"https:\/\/novice.si\/page\/zaceli-z-izgradnjo-javnega-brezzicnega-omrezja\/","title":{"rendered":"Za\u010deli z izgradnjo javnega brez\u017ei\u010dnega omre\u017eja"},"content":{"rendered":"<p><em><a href=\"https:\/\/novice.si\/page\/wp-content\/uploads\/2023\/03\/Cz-wifi.jpg\" data-gallery><img loading=\"lazy\" decoding=\"async\" class=\"size-medium wp-image-160820 alignright\" src=\"https:\/\/novice.si\/page\/wp-content\/uploads\/2023\/03\/Cz-wifi-300x182.jpg\" alt=\"wi-fi\" width=\"300\" height=\"182\" srcset=\"https:\/\/novice.si\/page\/wp-content\/uploads\/2023\/03\/Cz-wifi-300x182.jpg 300w, https:\/\/novice.si\/page\/wp-content\/uploads\/2023\/03\/Cz-wifi-1024x622.jpg 1024w, https:\/\/novice.si\/page\/wp-content\/uploads\/2023\/03\/Cz-wifi-768x466.jpg 768w, https:\/\/novice.si\/page\/wp-content\/uploads\/2023\/03\/Cz-wifi-1536x933.jpg 1536w, https:\/\/novice.si\/page\/wp-content\/uploads\/2023\/03\/Cz-wifi-696x423.jpg 696w, https:\/\/novice.si\/page\/wp-content\/uploads\/2023\/03\/Cz-wifi-1068x649.jpg 1068w, https:\/\/novice.si\/page\/wp-content\/uploads\/2023\/03\/Cz-wifi-692x420.jpg 692w, https:\/\/novice.si\/page\/wp-content\/uploads\/2023\/03\/Cz-wifi-24x15.jpg 24w, https:\/\/novice.si\/page\/wp-content\/uploads\/2023\/03\/Cz-wifi-36x22.jpg 36w, https:\/\/novice.si\/page\/wp-content\/uploads\/2023\/03\/Cz-wifi-48x29.jpg 48w, https:\/\/novice.si\/page\/wp-content\/uploads\/2023\/03\/Cz-wifi.jpg 1813w\" sizes=\"auto, (max-width: 300px) 100vw, 300px\" \/><\/a>Po dolgotrajnem na\u010drtovanju in uskladitvah s pristojnimi dr\u017eavnimi institucijami ter po ve\u010dmese\u010dnih zamudah pri dobavi strojne opreme so pogodbeni partnerji pri\u010deli z vzpostavitvijo brezpla\u010dnega javnega brez\u017ei\u010dnega omre\u017eja na obmo\u010dju starega mestnega jedra.<\/em><\/p>\n<p>Omre\u017eje bo pokrivalo obmo\u010dje zgodovinskega jedra mesta od \u017eelezni\u0161ke postaje do Gledali\u0161kega trga ter mestni park, na\u0161lo pa se ga bo pod znamko Celje WIFI, ki jo poznamo \u017ee s Starega gradu in iz stavbe Tehnoparka. Pokriti bodo vsi trgi in glavni prireditveni prostori, sodobna zasnova omre\u017eja in dobra telekomunikacijska povezanost pa bo uporabnikom omogo\u010dala nemoteno in hitro rabo tudi med mno\u017ei\u010dnimi dogodki.<\/p>\n<p>Mestna uprava bo z omre\u017ejem pridobila komunikacijsko infrastrukturo na pomembnem in za \u0161tevilne projekte zanimivem obmo\u010dju Celja. Pri\u010dakujemo, da bo omre\u017eje v polnem obratovanju \u017ee letos poleti.<\/p>\n","protected":false},"excerpt":{"rendered":"<p>Po dolgotrajnem na\u010drtovanju in uskladitvah s pristojnimi dr\u017eavnimi institucijami ter po ve\u010dmese\u010dnih zamudah pri dobavi strojne opreme so pogodbeni partnerji pri\u010deli z vzpostavitvijo brezpla\u010dnega javnega brez\u017ei\u010dnega omre\u017eja na obmo\u010dju starega mestnega jedra. Omre\u017eje bo pokrivalo obmo\u010dje zgodovinskega jedra mesta od \u017eelezni\u0161ke postaje do Gledali\u0161kega trga ter mestni park, na\u0161lo pa se ga bo pod znamko [&hellip;]<\/p>\n","protected":false},"author":55,"featured_media":160820,"comment_status":"closed","ping_status":"closed","sticky":false,"template":"","format":"standard","meta":{"footnotes":""},"categories":[14,142,17],"tags":[],"class_list":{"0":"post-160819","1":"post","2":"type-post","3":"status-publish","4":"format-standard","5":"has-post-thumbnail","7":"category-aktualno","8":"category-celjan","9":"category-celjsko"},"yoast_head":"<!-- This site is optimized with the Yoast SEO plugin v27.4 - https:\/\/yoast.com\/product\/yoast-seo-wordpress\/ -->\n<title>Za\u010deli z izgradnjo javnega brez\u017ei\u010dnega omre\u017eja - Novice.si<\/title>\n<meta name=\"robots\" content=\"index, follow, max-snippet:-1, max-image-preview:large, max-video-preview:-1\" \/>\n<link rel=\"canonical\" href=\"https:\/\/novice.si\/page\/zaceli-z-izgradnjo-javnega-brezzicnega-omrezja\/\" \/>\n<meta property=\"og:locale\" content=\"sl_SI\" \/>\n<meta property=\"og:type\" content=\"article\" \/>\n<meta property=\"og:title\" content=\"Za\u010deli z izgradnjo javnega brez\u017ei\u010dnega omre\u017eja - Novice.si\" \/>\n<meta property=\"og:description\" content=\"Po dolgotrajnem na\u010drtovanju in uskladitvah s pristojnimi dr\u017eavnimi institucijami ter po ve\u010dmese\u010dnih zamudah pri dobavi strojne opreme so pogodbeni partnerji pri\u010deli z vzpostavitvijo brezpla\u010dnega javnega brez\u017ei\u010dnega omre\u017eja na obmo\u010dju starega mestnega jedra. Omre\u017eje bo pokrivalo obmo\u010dje zgodovinskega jedra mesta od \u017eelezni\u0161ke postaje do Gledali\u0161kega trga ter mestni park, na\u0161lo pa se ga bo pod znamko [&hellip;]\" \/>\n<meta property=\"og:url\" content=\"https:\/\/novice.si\/page\/zaceli-z-izgradnjo-javnega-brezzicnega-omrezja\/\" \/>\n<meta property=\"og:site_name\" content=\"Novice.si\" \/>\n<meta property=\"article:published_time\" content=\"2023-03-16T08:18:19+00:00\" \/>\n<meta property=\"og:image\" content=\"https:\/\/novice.si\/page\/wp-content\/uploads\/2023\/03\/Cz-wifi.jpg\" \/>\n\t<meta property=\"og:image:width\" content=\"1813\" \/>\n\t<meta property=\"og:image:height\" content=\"1101\" \/>\n\t<meta property=\"og:image:type\" content=\"image\/jpeg\" \/>\n<meta name=\"author\" content=\"Uredni\u0161tvo Celjana\" \/>\n<meta name=\"twitter:card\" content=\"summary_large_image\" \/>\n<meta name=\"twitter:label1\" content=\"Written by\" \/>\n\t<meta name=\"twitter:data1\" content=\"Uredni\u0161tvo Celjana\" \/>\n\t<meta name=\"twitter:label2\" content=\"Est. reading time\" \/>\n\t<meta name=\"twitter:data2\" content=\"1 minuta\" \/>\n<script type=\"application\/ld+json\" class=\"yoast-schema-graph\">{\"@context\":\"https:\\\/\\\/schema.org\",\"@graph\":[{\"@type\":\"Article\",\"@id\":\"https:\\\/\\\/novice.si\\\/page\\\/zaceli-z-izgradnjo-javnega-brezzicnega-omrezja\\\/#article\",\"isPartOf\":{\"@id\":\"https:\\\/\\\/novice.si\\\/page\\\/zaceli-z-izgradnjo-javnega-brezzicnega-omrezja\\\/\"},\"author\":{\"name\":\"Uredni\u0161tvo Celjana\",\"@id\":\"https:\\\/\\\/novice.si\\\/page\\\/#\\\/schema\\\/person\\\/a49f233ef2777ec7b2e8d0662325bb48\"},\"headline\":\"Za\u010deli z izgradnjo javnega brez\u017ei\u010dnega omre\u017eja\",\"datePublished\":\"2023-03-16T08:18:19+00:00\",\"mainEntityOfPage\":{\"@id\":\"https:\\\/\\\/novice.si\\\/page\\\/zaceli-z-izgradnjo-javnega-brezzicnega-omrezja\\\/\"},\"wordCount\":155,\"publisher\":{\"@id\":\"https:\\\/\\\/novice.si\\\/page\\\/#organization\"},\"image\":{\"@id\":\"https:\\\/\\\/novice.si\\\/page\\\/zaceli-z-izgradnjo-javnega-brezzicnega-omrezja\\\/#primaryimage\"},\"thumbnailUrl\":\"https:\\\/\\\/novice.si\\\/page\\\/wp-content\\\/uploads\\\/2023\\\/03\\\/Cz-wifi.jpg\",\"articleSection\":[\"Aktualno\",\"Celjan\",\"Celjsko\"],\"inLanguage\":\"sl-SI\"},{\"@type\":\"WebPage\",\"@id\":\"https:\\\/\\\/novice.si\\\/page\\\/zaceli-z-izgradnjo-javnega-brezzicnega-omrezja\\\/\",\"url\":\"https:\\\/\\\/novice.si\\\/page\\\/zaceli-z-izgradnjo-javnega-brezzicnega-omrezja\\\/\",\"name\":\"Za\u010deli z izgradnjo javnega brez\u017ei\u010dnega omre\u017eja - Novice.si\",\"isPartOf\":{\"@id\":\"https:\\\/\\\/novice.si\\\/page\\\/#website\"},\"primaryImageOfPage\":{\"@id\":\"https:\\\/\\\/novice.si\\\/page\\\/zaceli-z-izgradnjo-javnega-brezzicnega-omrezja\\\/#primaryimage\"},\"image\":{\"@id\":\"https:\\\/\\\/novice.si\\\/page\\\/zaceli-z-izgradnjo-javnega-brezzicnega-omrezja\\\/#primaryimage\"},\"thumbnailUrl\":\"https:\\\/\\\/novice.si\\\/page\\\/wp-content\\\/uploads\\\/2023\\\/03\\\/Cz-wifi.jpg\",\"datePublished\":\"2023-03-16T08:18:19+00:00\",\"breadcrumb\":{\"@id\":\"https:\\\/\\\/novice.si\\\/page\\\/zaceli-z-izgradnjo-javnega-brezzicnega-omrezja\\\/#breadcrumb\"},\"inLanguage\":\"sl-SI\",\"potentialAction\":[{\"@type\":\"ReadAction\",\"target\":[\"https:\\\/\\\/novice.si\\\/page\\\/zaceli-z-izgradnjo-javnega-brezzicnega-omrezja\\\/\"]}]},{\"@type\":\"ImageObject\",\"inLanguage\":\"sl-SI\",\"@id\":\"https:\\\/\\\/novice.si\\\/page\\\/zaceli-z-izgradnjo-javnega-brezzicnega-omrezja\\\/#primaryimage\",\"url\":\"https:\\\/\\\/novice.si\\\/page\\\/wp-content\\\/uploads\\\/2023\\\/03\\\/Cz-wifi.jpg\",\"contentUrl\":\"https:\\\/\\\/novice.si\\\/page\\\/wp-content\\\/uploads\\\/2023\\\/03\\\/Cz-wifi.jpg\",\"width\":1813,\"height\":1101,\"caption\":\"wi-fi\"},{\"@type\":\"BreadcrumbList\",\"@id\":\"https:\\\/\\\/novice.si\\\/page\\\/zaceli-z-izgradnjo-javnega-brezzicnega-omrezja\\\/#breadcrumb\",\"itemListElement\":[{\"@type\":\"ListItem\",\"position\":1,\"name\":\"Home\",\"item\":\"https:\\\/\\\/novice.si\\\/page\\\/\"},{\"@type\":\"ListItem\",\"position\":2,\"name\":\"Za\u010deli z izgradnjo javnega brez\u017ei\u010dnega omre\u017eja\"}]},{\"@type\":\"WebSite\",\"@id\":\"https:\\\/\\\/novice.si\\\/page\\\/#website\",\"url\":\"https:\\\/\\\/novice.si\\\/page\\\/\",\"name\":\"Novice.si\",\"description\":\"\",\"publisher\":{\"@id\":\"https:\\\/\\\/novice.si\\\/page\\\/#organization\"},\"potentialAction\":[{\"@type\":\"SearchAction\",\"target\":{\"@type\":\"EntryPoint\",\"urlTemplate\":\"https:\\\/\\\/novice.si\\\/page\\\/?s={search_term_string}\"},\"query-input\":{\"@type\":\"PropertyValueSpecification\",\"valueRequired\":true,\"valueName\":\"search_term_string\"}}],\"inLanguage\":\"sl-SI\"},{\"@type\":\"Organization\",\"@id\":\"https:\\\/\\\/novice.si\\\/page\\\/#organization\",\"name\":\"Novice.si\",\"url\":\"https:\\\/\\\/novice.si\\\/page\\\/\",\"logo\":{\"@type\":\"ImageObject\",\"inLanguage\":\"sl-SI\",\"@id\":\"https:\\\/\\\/novice.si\\\/page\\\/#\\\/schema\\\/logo\\\/image\\\/\",\"url\":\"https:\\\/\\\/novice.si\\\/page\\\/wp-content\\\/uploads\\\/2023\\\/03\\\/novice_si.png\",\"contentUrl\":\"https:\\\/\\\/novice.si\\\/page\\\/wp-content\\\/uploads\\\/2023\\\/03\\\/novice_si.png\",\"width\":576,\"height\":200,\"caption\":\"Novice.si\"},\"image\":{\"@id\":\"https:\\\/\\\/novice.si\\\/page\\\/#\\\/schema\\\/logo\\\/image\\\/\"}},{\"@type\":\"Person\",\"@id\":\"https:\\\/\\\/novice.si\\\/page\\\/#\\\/schema\\\/person\\\/a49f233ef2777ec7b2e8d0662325bb48\",\"name\":\"Uredni\u0161tvo Celjana\",\"image\":{\"@type\":\"ImageObject\",\"inLanguage\":\"sl-SI\",\"@id\":\"https:\\\/\\\/secure.gravatar.com\\\/avatar\\\/7f7863e616af8f92806c638dd1db3f1a238d83d1cc2ec3100afc06fbb7eb303f?s=96&d=mm&r=g\",\"url\":\"https:\\\/\\\/secure.gravatar.com\\\/avatar\\\/7f7863e616af8f92806c638dd1db3f1a238d83d1cc2ec3100afc06fbb7eb303f?s=96&d=mm&r=g\",\"contentUrl\":\"https:\\\/\\\/secure.gravatar.com\\\/avatar\\\/7f7863e616af8f92806c638dd1db3f1a238d83d1cc2ec3100afc06fbb7eb303f?s=96&d=mm&r=g\",\"caption\":\"Uredni\u0161tvo Celjana\"},\"url\":\"https:\\\/\\\/novice.si\\\/page\\\/author\\\/maja\\\/\"}]}<\/script>\n<!-- \/ Yoast SEO plugin. -->","yoast_head_json":{"title":"Za\u010deli z izgradnjo javnega brez\u017ei\u010dnega omre\u017eja - Novice.si","robots":{"index":"index","follow":"follow","max-snippet":"max-snippet:-1","max-image-preview":"max-image-preview:large","max-video-preview":"max-video-preview:-1"},"canonical":"https:\/\/novice.si\/page\/zaceli-z-izgradnjo-javnega-brezzicnega-omrezja\/","og_locale":"sl_SI","og_type":"article","og_title":"Za\u010deli z izgradnjo javnega brez\u017ei\u010dnega omre\u017eja - Novice.si","og_description":"Po dolgotrajnem na\u010drtovanju in uskladitvah s pristojnimi dr\u017eavnimi institucijami ter po ve\u010dmese\u010dnih zamudah pri dobavi strojne opreme so pogodbeni partnerji pri\u010deli z vzpostavitvijo brezpla\u010dnega javnega brez\u017ei\u010dnega omre\u017eja na obmo\u010dju starega mestnega jedra. Omre\u017eje bo pokrivalo obmo\u010dje zgodovinskega jedra mesta od \u017eelezni\u0161ke postaje do Gledali\u0161kega trga ter mestni park, na\u0161lo pa se ga bo pod znamko [&hellip;]","og_url":"https:\/\/novice.si\/page\/zaceli-z-izgradnjo-javnega-brezzicnega-omrezja\/","og_site_name":"Novice.si","article_published_time":"2023-03-16T08:18:19+00:00","og_image":[{"width":1813,"height":1101,"url":"https:\/\/novice.si\/page\/wp-content\/uploads\/2023\/03\/Cz-wifi.jpg","type":"image\/jpeg"}],"author":"Uredni\u0161tvo Celjana","twitter_card":"summary_large_image","twitter_misc":{"Written by":"Uredni\u0161tvo Celjana","Est. reading time":"1 minuta"},"schema":{"@context":"https:\/\/schema.org","@graph":[{"@type":"Article","@id":"https:\/\/novice.si\/page\/zaceli-z-izgradnjo-javnega-brezzicnega-omrezja\/#article","isPartOf":{"@id":"https:\/\/novice.si\/page\/zaceli-z-izgradnjo-javnega-brezzicnega-omrezja\/"},"author":{"name":"Uredni\u0161tvo Celjana","@id":"https:\/\/novice.si\/page\/#\/schema\/person\/a49f233ef2777ec7b2e8d0662325bb48"},"headline":"Za\u010deli z izgradnjo javnega brez\u017ei\u010dnega omre\u017eja","datePublished":"2023-03-16T08:18:19+00:00","mainEntityOfPage":{"@id":"https:\/\/novice.si\/page\/zaceli-z-izgradnjo-javnega-brezzicnega-omrezja\/"},"wordCount":155,"publisher":{"@id":"https:\/\/novice.si\/page\/#organization"},"image":{"@id":"https:\/\/novice.si\/page\/zaceli-z-izgradnjo-javnega-brezzicnega-omrezja\/#primaryimage"},"thumbnailUrl":"https:\/\/novice.si\/page\/wp-content\/uploads\/2023\/03\/Cz-wifi.jpg","articleSection":["Aktualno","Celjan","Celjsko"],"inLanguage":"sl-SI"},{"@type":"WebPage","@id":"https:\/\/novice.si\/page\/zaceli-z-izgradnjo-javnega-brezzicnega-omrezja\/","url":"https:\/\/novice.si\/page\/zaceli-z-izgradnjo-javnega-brezzicnega-omrezja\/","name":"Za\u010deli z izgradnjo javnega brez\u017ei\u010dnega omre\u017eja - Novice.si","isPartOf":{"@id":"https:\/\/novice.si\/page\/#website"},"primaryImageOfPage":{"@id":"https:\/\/novice.si\/page\/zaceli-z-izgradnjo-javnega-brezzicnega-omrezja\/#primaryimage"},"image":{"@id":"https:\/\/novice.si\/page\/zaceli-z-izgradnjo-javnega-brezzicnega-omrezja\/#primaryimage"},"thumbnailUrl":"https:\/\/novice.si\/page\/wp-content\/uploads\/2023\/03\/Cz-wifi.jpg","datePublished":"2023-03-16T08:18:19+00:00","breadcrumb":{"@id":"https:\/\/novice.si\/page\/zaceli-z-izgradnjo-javnega-brezzicnega-omrezja\/#breadcrumb"},"inLanguage":"sl-SI","potentialAction":[{"@type":"ReadAction","target":["https:\/\/novice.si\/page\/zaceli-z-izgradnjo-javnega-brezzicnega-omrezja\/"]}]},{"@type":"ImageObject","inLanguage":"sl-SI","@id":"https:\/\/novice.si\/page\/zaceli-z-izgradnjo-javnega-brezzicnega-omrezja\/#primaryimage","url":"https:\/\/novice.si\/page\/wp-content\/uploads\/2023\/03\/Cz-wifi.jpg","contentUrl":"https:\/\/novice.si\/page\/wp-content\/uploads\/2023\/03\/Cz-wifi.jpg","width":1813,"height":1101,"caption":"wi-fi"},{"@type":"BreadcrumbList","@id":"https:\/\/novice.si\/page\/zaceli-z-izgradnjo-javnega-brezzicnega-omrezja\/#breadcrumb","itemListElement":[{"@type":"ListItem","position":1,"name":"Home","item":"https:\/\/novice.si\/page\/"},{"@type":"ListItem","position":2,"name":"Za\u010deli z izgradnjo javnega brez\u017ei\u010dnega omre\u017eja"}]},{"@type":"WebSite","@id":"https:\/\/novice.si\/page\/#website","url":"https:\/\/novice.si\/page\/","name":"Novice.si","description":"","publisher":{"@id":"https:\/\/novice.si\/page\/#organization"},"potentialAction":[{"@type":"SearchAction","target":{"@type":"EntryPoint","urlTemplate":"https:\/\/novice.si\/page\/?s={search_term_string}"},"query-input":{"@type":"PropertyValueSpecification","valueRequired":true,"valueName":"search_term_string"}}],"inLanguage":"sl-SI"},{"@type":"Organization","@id":"https:\/\/novice.si\/page\/#organization","name":"Novice.si","url":"https:\/\/novice.si\/page\/","logo":{"@type":"ImageObject","inLanguage":"sl-SI","@id":"https:\/\/novice.si\/page\/#\/schema\/logo\/image\/","url":"https:\/\/novice.si\/page\/wp-content\/uploads\/2023\/03\/novice_si.png","contentUrl":"https:\/\/novice.si\/page\/wp-content\/uploads\/2023\/03\/novice_si.png","width":576,"height":200,"caption":"Novice.si"},"image":{"@id":"https:\/\/novice.si\/page\/#\/schema\/logo\/image\/"}},{"@type":"Person","@id":"https:\/\/novice.si\/page\/#\/schema\/person\/a49f233ef2777ec7b2e8d0662325bb48","name":"Uredni\u0161tvo Celjana","image":{"@type":"ImageObject","inLanguage":"sl-SI","@id":"https:\/\/secure.gravatar.com\/avatar\/7f7863e616af8f92806c638dd1db3f1a238d83d1cc2ec3100afc06fbb7eb303f?s=96&d=mm&r=g","url":"https:\/\/secure.gravatar.com\/avatar\/7f7863e616af8f92806c638dd1db3f1a238d83d1cc2ec3100afc06fbb7eb303f?s=96&d=mm&r=g","contentUrl":"https:\/\/secure.gravatar.com\/avatar\/7f7863e616af8f92806c638dd1db3f1a238d83d1cc2ec3100afc06fbb7eb303f?s=96&d=mm&r=g","caption":"Uredni\u0161tvo Celjana"},"url":"https:\/\/novice.si\/page\/author\/maja\/"}]}},"_links":{"self":[{"href":"https:\/\/novice.si\/page\/wp-json\/wp\/v2\/posts\/160819","targetHints":{"allow":["GET"]}}],"collection":[{"href":"https:\/\/novice.si\/page\/wp-json\/wp\/v2\/posts"}],"about":[{"href":"https:\/\/novice.si\/page\/wp-json\/wp\/v2\/types\/post"}],"author":[{"embeddable":true,"href":"https:\/\/novice.si\/page\/wp-json\/wp\/v2\/users\/55"}],"replies":[{"embeddable":true,"href":"https:\/\/novice.si\/page\/wp-json\/wp\/v2\/comments?post=160819"}],"version-history":[{"count":1,"href":"https:\/\/novice.si\/page\/wp-json\/wp\/v2\/posts\/160819\/revisions"}],"predecessor-version":[{"id":160821,"href":"https:\/\/novice.si\/page\/wp-json\/wp\/v2\/posts\/160819\/revisions\/160821"}],"wp:featuredmedia":[{"embeddable":true,"href":"https:\/\/novice.si\/page\/wp-json\/wp\/v2\/media\/160820"}],"wp:attachment":[{"href":"https:\/\/novice.si\/page\/wp-json\/wp\/v2\/media?parent=160819"}],"wp:term":[{"taxonomy":"category","embeddable":true,"href":"https:\/\/novice.si\/page\/wp-json\/wp\/v2\/categories?post=160819"},{"taxonomy":"post_tag","embeddable":true,"href":"https:\/\/novice.si\/page\/wp-json\/wp\/v2\/tags?post=160819"}],"curies":[{"name":"wp","href":"https:\/\/api.w.org\/{rel}","templated":true}]}}