{"id":160799,"date":"2023-03-15T11:20:46","date_gmt":"2023-03-15T10:20:46","guid":{"rendered":"https:\/\/novice.si\/page\/?p=160799"},"modified":"2023-03-15T11:21:43","modified_gmt":"2023-03-15T10:21:43","slug":"bralci-rogaskih-novic-za-naj-osebnost-izbrali-roberta-pazona-za-zivljenjsko-delo-priznanje-francu-jagru","status":"publish","type":"post","link":"https:\/\/novice.si\/page\/bralci-rogaskih-novic-za-naj-osebnost-izbrali-roberta-pazona-za-zivljenjsko-delo-priznanje-francu-jagru\/","title":{"rendered":"Bralci Roga\u0161kih novic za Naj osebnost izbrali Roberta Pa\u017eona, za \u017eivljenjsko delo priznanje Francu Jagru"},"content":{"rendered":"<p><strong>V\u010deraj smo v Galeriji Kulturnega doma Roga\u0161ka Slatina z razglasitvijo rezultatov ter podelitvijo priznanja zaklju\u010dili leto\u0161njo akcijo Osebnost leta Roga\u0161kih novic, zmagovalca Roberta Pa\u017eona ste izbrali, vi spo\u0161tovani bralci. Obenem smo podelili priznanje za \u017eivljenjsko delo, pri katerem prejemnika izbere uredni\u0161tvo na\u0161ega \u010dasopisa, letos je priznanje prejel Franc Jager.<\/strong><\/p>\n<p><strong><a href=\"https:\/\/novice.si\/page\/wp-content\/uploads\/2023\/03\/DSC_8156-scaled.jpg\" data-gallery><img loading=\"lazy\" decoding=\"async\" class=\"size-medium wp-image-160808 alignleft\" src=\"https:\/\/novice.si\/page\/wp-content\/uploads\/2023\/03\/DSC_8156-300x213.jpg\" alt=\"\" width=\"300\" height=\"213\" srcset=\"https:\/\/novice.si\/page\/wp-content\/uploads\/2023\/03\/DSC_8156-300x213.jpg 300w, https:\/\/novice.si\/page\/wp-content\/uploads\/2023\/03\/DSC_8156-1024x727.jpg 1024w, https:\/\/novice.si\/page\/wp-content\/uploads\/2023\/03\/DSC_8156-768x545.jpg 768w, https:\/\/novice.si\/page\/wp-content\/uploads\/2023\/03\/DSC_8156-1536x1090.jpg 1536w, https:\/\/novice.si\/page\/wp-content\/uploads\/2023\/03\/DSC_8156-2048x1453.jpg 2048w, https:\/\/novice.si\/page\/wp-content\/uploads\/2023\/03\/DSC_8156-100x70.jpg 100w, https:\/\/novice.si\/page\/wp-content\/uploads\/2023\/03\/DSC_8156-696x494.jpg 696w, https:\/\/novice.si\/page\/wp-content\/uploads\/2023\/03\/DSC_8156-1068x758.jpg 1068w, https:\/\/novice.si\/page\/wp-content\/uploads\/2023\/03\/DSC_8156-592x420.jpg 592w, https:\/\/novice.si\/page\/wp-content\/uploads\/2023\/03\/DSC_8156-24x17.jpg 24w, https:\/\/novice.si\/page\/wp-content\/uploads\/2023\/03\/DSC_8156-36x26.jpg 36w, https:\/\/novice.si\/page\/wp-content\/uploads\/2023\/03\/DSC_8156-48x34.jpg 48w\" sizes=\"auto, (max-width: 300px) 100vw, 300px\" \/><\/a>Osebnost leta 2022: <\/strong><strong>Robert Pa\u017eon.<\/strong> Lastnik in direktor dru\u017einskega podjetja Panles d .o. o., ki se \u017ee ve\u010d kot tri desetletja s srcem ukvarja z dejavnostjo, v katero ga je popeljal njegov o\u010de. Svoje znanje in izku\u0161nje uspe\u0161no in s ponosom predaja na svoja sinova in h\u010di. Podjetje se ukvarja z izdelavo in monta\u017eo pohi\u0161tva po naro\u010dilu, opravlja pa tudi razna gradbena dela. Med \u0161tevilnimi velikimi projekti, so lani zaklju\u010dili pomembnega v Roga\u0161ki Slatini &#8211; objekt z oskrbovanimi stanovanji. Robi z ekipo v podjetju Panles sledi najvi\u0161jim standardom izvedbe in kakovosti ter tako zagotavljajo kakovost na podro\u010dju obdelave lesa. Podjetje sledi trendom trajnostne naravnanosti, saj uporabljajo materiale, ki dihajo ter so zdravju in okolju prijazni. Veliko pozornosti v podjetju namenijo v razvoj izdelkov, skrbi za zaposlene, najnovej\u0161o tehnologijo in infrastrukturo. Robi je za\u010del v majhni delavnici s tremi zaposlenimi, danes zaposlujejo 30 ljudi. Skladi\u0161\u010dnim in proizvodnim objektom se je lani pridru\u017eil nov poslovno &#8211; razstavni. Robi je tudi pomemben podpornik \u0161porta in \u0161portnikov v lokalnem okolju ter z ob\u010dutkom za dru\u017ebeno odgovornost pomembno prispeva v dobro lokalne skupnosti.<\/p>\n<p><strong><a href=\"https:\/\/novice.si\/page\/wp-content\/uploads\/2023\/03\/DSC_8161-scaled.jpg\" data-gallery><img loading=\"lazy\" decoding=\"async\" class=\"size-medium wp-image-160809 alignright\" src=\"https:\/\/novice.si\/page\/wp-content\/uploads\/2023\/03\/DSC_8161-300x213.jpg\" alt=\"\" width=\"300\" height=\"213\" srcset=\"https:\/\/novice.si\/page\/wp-content\/uploads\/2023\/03\/DSC_8161-300x213.jpg 300w, https:\/\/novice.si\/page\/wp-content\/uploads\/2023\/03\/DSC_8161-1024x727.jpg 1024w, https:\/\/novice.si\/page\/wp-content\/uploads\/2023\/03\/DSC_8161-768x545.jpg 768w, https:\/\/novice.si\/page\/wp-content\/uploads\/2023\/03\/DSC_8161-1536x1090.jpg 1536w, https:\/\/novice.si\/page\/wp-content\/uploads\/2023\/03\/DSC_8161-2048x1453.jpg 2048w, https:\/\/novice.si\/page\/wp-content\/uploads\/2023\/03\/DSC_8161-100x70.jpg 100w, https:\/\/novice.si\/page\/wp-content\/uploads\/2023\/03\/DSC_8161-696x494.jpg 696w, https:\/\/novice.si\/page\/wp-content\/uploads\/2023\/03\/DSC_8161-1068x758.jpg 1068w, https:\/\/novice.si\/page\/wp-content\/uploads\/2023\/03\/DSC_8161-592x420.jpg 592w, https:\/\/novice.si\/page\/wp-content\/uploads\/2023\/03\/DSC_8161-24x17.jpg 24w, https:\/\/novice.si\/page\/wp-content\/uploads\/2023\/03\/DSC_8161-36x26.jpg 36w, https:\/\/novice.si\/page\/wp-content\/uploads\/2023\/03\/DSC_8161-48x34.jpg 48w\" sizes=\"auto, (max-width: 300px) 100vw, 300px\" \/><\/a>Priznanje za \u017eivljenjsko delo: <\/strong><strong>Franc Jager<\/strong> \u2013 ime, ki je spisalo neverjetno poslovno zgodbo, eno najuspe\u0161nej\u0161ih v Sloveniji. Franc je tisti izbranec dru\u017eine, ki naj ne bi hodil v \u0161olo, ker bo ostal kmet. A srce je izbralo druga\u010dno pot \u2026 Ob koncu 80-ih je Franc za\u010del uresni\u010devati svoje mnogoletne sanje \u2013 zgradil je svojo prvo trgovino Jager v Tr\u017ei\u0161\u010du v Roga\u0161ki Slatini. \u017de od samega za\u010detka sta bila vodilo in slogan trgovine \u00bbKdor v trgovinah Jager kupuje, s \u010dasom in denarjem privar\u010duje\u00ab. Skozi leta so trgovine Jager rasle kot gobe po de\u017eju \u2026 Franc je bil ves \u010das dober gospodar &#8211; podjetje ni nikdar imelo ne finan\u010dnih ne likvidnostnih te\u017eav in raste od prvega dne delovanja. Pred tremi leti je Franc vodenje in lastni\u0161tvo podjetja Jagros v celoti prepustil svojim trem sinovom. Ale\u0161, Bo\u0161tjan in Miha zelo uspe\u0161no gradijo zgodbo trgovin Jager naprej. Danes je v trgovinah Jager zaposlenih ve\u010d kot 800 ljudi. Franc Jager je danes uradno upokojen, a \u0161e vedno dela od jutra do ve\u010dera in \u0161e pono\u010di. Zdaj se je posvetil predvsem gradnji, nepremi\u010dninskim poslom in turizmu \u2026 Ker preprosto rad dela, pravi, ker je to njegov na\u010din \u017eivljenja. Vse to je Franc Jager. Ena najuspe\u0161nej\u0161ih slovenskih poslovnih zgodb, ki dokazuje, kako lahko z delavnimi rokami, strastjo po ustvarjanju in pravimi vrednotami preprost kme\u010dki fant iz majhne slovenske vasice zgradi svoje sanje. Je trgovec po du\u0161i, kmet po poreklu in gradbinec v prostem \u010dasu. Kot se spodobi za \u010dloveka njegovega kova, je od lani njegova \u017eivljenjska zgodba zapisana tudi v knjigi: Franc Jager \u2013 Zgodba najuspe\u0161nej\u0161ega slovenskega trgovca.<\/p>\n<p>Ve\u010d pa v petkovi \u0161tevilki Roga\u0161kih novic. (K. C.)<\/p>\n\r\n                <style type=\"text\/css\">\r\n                    \r\n                    #tdi_1  .td-doubleSlider-2 .td-item1 {\r\n                        background: url(https:\/\/novice.si\/page\/wp-content\/uploads\/2023\/03\/DSC_8026-80x60.jpg) 0 0 no-repeat;\r\n                    }\r\n                    #tdi_1  .td-doubleSlider-2 .td-item2 {\r\n                        background: url(https:\/\/novice.si\/page\/wp-content\/uploads\/2023\/03\/DSC_8030-80x60.jpg) 0 0 no-repeat;\r\n                    }\r\n                    #tdi_1  .td-doubleSlider-2 .td-item3 {\r\n                        background: url(https:\/\/novice.si\/page\/wp-content\/uploads\/2023\/03\/DSC_8038-80x60.jpg) 0 0 no-repeat;\r\n                    }\r\n                    #tdi_1  .td-doubleSlider-2 .td-item4 {\r\n                        background: url(https:\/\/novice.si\/page\/wp-content\/uploads\/2023\/03\/DSC_8074-80x60.jpg) 0 0 no-repeat;\r\n                    }\r\n                    #tdi_1  .td-doubleSlider-2 .td-item5 {\r\n                        background: url(https:\/\/novice.si\/page\/wp-content\/uploads\/2023\/03\/DSC_8094-80x60.jpg) 0 0 no-repeat;\r\n                    }\r\n                    #tdi_1  .td-doubleSlider-2 .td-item6 {\r\n                        background: url(https:\/\/novice.si\/page\/wp-content\/uploads\/2023\/03\/DSC_8130-80x60.jpg) 0 0 no-repeat;\r\n                    }\r\n                    #tdi_1  .td-doubleSlider-2 .td-item7 {\r\n                        background: url(https:\/\/novice.si\/page\/wp-content\/uploads\/2023\/03\/DSC_8146-80x60.jpg) 0 0 no-repeat;\r\n                    }\r\n                    #tdi_1  .td-doubleSlider-2 .td-item8 {\r\n                        background: url(https:\/\/novice.si\/page\/wp-content\/uploads\/2023\/03\/DSC_8047-80x60.jpg) 0 0 no-repeat;\r\n                    }\r\n                <\/style>\r\n\r\n                <div id=\"tdi_1\" class=\"td-gallery td-slide-on-2-columns\">\r\n                    <div class=\"post_td_gallery\">\r\n                        <div class=\"td-gallery-slide-top\">\r\n                           <div class=\"td-gallery-title\"><\/div>\r\n\r\n                            <div class=\"td-gallery-controls-wrapper\">\r\n                                <div class=\"td-gallery-slide-count\"><span class=\"td-gallery-slide-item-focus\">1<\/span> od 8<\/div>\r\n                                <div class=\"td-gallery-slide-prev-next-but\">\r\n                                    <i class = \"td-icon-left doubleSliderPrevButton\"><\/i>\r\n                                    <i class = \"td-icon-right doubleSliderNextButton\"><\/i>\r\n                                <\/div>\r\n                            <\/div>\r\n                        <\/div>\r\n\r\n                        <div class = \"td-doubleSlider-1 \">\r\n                            <div class = \"td-slider\">\r\n                                \r\n                    <div class = \"td-slide-item td-item1\">\r\n                        <figure class=\"td-slide-galery-figure td-slide-popup-gallery\">\r\n                            <a class=\"slide-gallery-image-link\" href=\"https:\/\/novice.si\/page\/wp-content\/uploads\/2023\/03\/DSC_8026-scaled.jpg\" title=\"DSC_8026\"  data-caption=\"\"  data-description=\"\" data-gallery>\r\n                                <img decoding=\"async\" src=\"https:\/\/novice.si\/page\/wp-content\/uploads\/2023\/03\/DSC_8026-592x420.jpg\" srcset=\"https:\/\/novice.si\/page\/wp-content\/uploads\/2023\/03\/DSC_8026-592x420.jpg 592w, https:\/\/novice.si\/page\/wp-content\/uploads\/2023\/03\/DSC_8026-300x213.jpg 300w, https:\/\/novice.si\/page\/wp-content\/uploads\/2023\/03\/DSC_8026-1024x726.jpg 1024w, https:\/\/novice.si\/page\/wp-content\/uploads\/2023\/03\/DSC_8026-768x545.jpg 768w, https:\/\/novice.si\/page\/wp-content\/uploads\/2023\/03\/DSC_8026-1536x1090.jpg 1536w, https:\/\/novice.si\/page\/wp-content\/uploads\/2023\/03\/DSC_8026-2048x1453.jpg 2048w, https:\/\/novice.si\/page\/wp-content\/uploads\/2023\/03\/DSC_8026-100x70.jpg 100w, https:\/\/novice.si\/page\/wp-content\/uploads\/2023\/03\/DSC_8026-696x494.jpg 696w, https:\/\/novice.si\/page\/wp-content\/uploads\/2023\/03\/DSC_8026-1068x758.jpg 1068w, https:\/\/novice.si\/page\/wp-content\/uploads\/2023\/03\/DSC_8026-24x17.jpg 24w, https:\/\/novice.si\/page\/wp-content\/uploads\/2023\/03\/DSC_8026-36x26.jpg 36w, https:\/\/novice.si\/page\/wp-content\/uploads\/2023\/03\/DSC_8026-48x34.jpg 48w\" sizes=\"(max-width: 592px) 100vw, 592px\" alt=\"\">\r\n                            <\/a>\r\n                            \r\n                        <\/figure>\r\n                    <\/div>\r\n                    <div class = \"td-slide-item td-item2\">\r\n                        <figure class=\"td-slide-galery-figure td-slide-popup-gallery\">\r\n                            <a class=\"slide-gallery-image-link\" href=\"https:\/\/novice.si\/page\/wp-content\/uploads\/2023\/03\/DSC_8030-scaled.jpg\" title=\"DSC_8030\"  data-caption=\"\"  data-description=\"\" data-gallery>\r\n                                <img decoding=\"async\" src=\"https:\/\/novice.si\/page\/wp-content\/uploads\/2023\/03\/DSC_8030-592x420.jpg\" srcset=\"https:\/\/novice.si\/page\/wp-content\/uploads\/2023\/03\/DSC_8030-592x420.jpg 592w, https:\/\/novice.si\/page\/wp-content\/uploads\/2023\/03\/DSC_8030-300x213.jpg 300w, https:\/\/novice.si\/page\/wp-content\/uploads\/2023\/03\/DSC_8030-1024x726.jpg 1024w, https:\/\/novice.si\/page\/wp-content\/uploads\/2023\/03\/DSC_8030-768x545.jpg 768w, https:\/\/novice.si\/page\/wp-content\/uploads\/2023\/03\/DSC_8030-1536x1090.jpg 1536w, https:\/\/novice.si\/page\/wp-content\/uploads\/2023\/03\/DSC_8030-2048x1453.jpg 2048w, https:\/\/novice.si\/page\/wp-content\/uploads\/2023\/03\/DSC_8030-100x70.jpg 100w, https:\/\/novice.si\/page\/wp-content\/uploads\/2023\/03\/DSC_8030-696x494.jpg 696w, https:\/\/novice.si\/page\/wp-content\/uploads\/2023\/03\/DSC_8030-1068x758.jpg 1068w, https:\/\/novice.si\/page\/wp-content\/uploads\/2023\/03\/DSC_8030-24x17.jpg 24w, https:\/\/novice.si\/page\/wp-content\/uploads\/2023\/03\/DSC_8030-36x26.jpg 36w, https:\/\/novice.si\/page\/wp-content\/uploads\/2023\/03\/DSC_8030-48x34.jpg 48w\" sizes=\"(max-width: 592px) 100vw, 592px\" alt=\"\">\r\n                            <\/a>\r\n                            \r\n                        <\/figure>\r\n                    <\/div>\r\n                    <div class = \"td-slide-item td-item3\">\r\n                        <figure class=\"td-slide-galery-figure td-slide-popup-gallery\">\r\n                            <a class=\"slide-gallery-image-link\" href=\"https:\/\/novice.si\/page\/wp-content\/uploads\/2023\/03\/DSC_8038-scaled.jpg\" title=\"DSC_8038\"  data-caption=\"\"  data-description=\"\" data-gallery>\r\n                                <img decoding=\"async\" src=\"https:\/\/novice.si\/page\/wp-content\/uploads\/2023\/03\/DSC_8038-592x420.jpg\" srcset=\"https:\/\/novice.si\/page\/wp-content\/uploads\/2023\/03\/DSC_8038-592x420.jpg 592w, https:\/\/novice.si\/page\/wp-content\/uploads\/2023\/03\/DSC_8038-300x213.jpg 300w, https:\/\/novice.si\/page\/wp-content\/uploads\/2023\/03\/DSC_8038-1024x726.jpg 1024w, https:\/\/novice.si\/page\/wp-content\/uploads\/2023\/03\/DSC_8038-768x545.jpg 768w, https:\/\/novice.si\/page\/wp-content\/uploads\/2023\/03\/DSC_8038-1536x1090.jpg 1536w, https:\/\/novice.si\/page\/wp-content\/uploads\/2023\/03\/DSC_8038-2048x1453.jpg 2048w, https:\/\/novice.si\/page\/wp-content\/uploads\/2023\/03\/DSC_8038-100x70.jpg 100w, https:\/\/novice.si\/page\/wp-content\/uploads\/2023\/03\/DSC_8038-696x494.jpg 696w, https:\/\/novice.si\/page\/wp-content\/uploads\/2023\/03\/DSC_8038-1068x758.jpg 1068w, https:\/\/novice.si\/page\/wp-content\/uploads\/2023\/03\/DSC_8038-24x17.jpg 24w, https:\/\/novice.si\/page\/wp-content\/uploads\/2023\/03\/DSC_8038-36x26.jpg 36w, https:\/\/novice.si\/page\/wp-content\/uploads\/2023\/03\/DSC_8038-48x34.jpg 48w\" sizes=\"(max-width: 592px) 100vw, 592px\" alt=\"\">\r\n                            <\/a>\r\n                            \r\n                        <\/figure>\r\n                    <\/div>\r\n                    <div class = \"td-slide-item td-item4\">\r\n                        <figure class=\"td-slide-galery-figure td-slide-popup-gallery\">\r\n                            <a class=\"slide-gallery-image-link\" href=\"https:\/\/novice.si\/page\/wp-content\/uploads\/2023\/03\/DSC_8074-scaled.jpg\" title=\"DSC_8074\"  data-caption=\"\"  data-description=\"\" data-gallery>\r\n                                <img decoding=\"async\" src=\"https:\/\/novice.si\/page\/wp-content\/uploads\/2023\/03\/DSC_8074-592x420.jpg\" srcset=\"https:\/\/novice.si\/page\/wp-content\/uploads\/2023\/03\/DSC_8074-592x420.jpg 592w, https:\/\/novice.si\/page\/wp-content\/uploads\/2023\/03\/DSC_8074-300x213.jpg 300w, https:\/\/novice.si\/page\/wp-content\/uploads\/2023\/03\/DSC_8074-1024x726.jpg 1024w, https:\/\/novice.si\/page\/wp-content\/uploads\/2023\/03\/DSC_8074-768x545.jpg 768w, https:\/\/novice.si\/page\/wp-content\/uploads\/2023\/03\/DSC_8074-1536x1090.jpg 1536w, https:\/\/novice.si\/page\/wp-content\/uploads\/2023\/03\/DSC_8074-2048x1453.jpg 2048w, https:\/\/novice.si\/page\/wp-content\/uploads\/2023\/03\/DSC_8074-100x70.jpg 100w, https:\/\/novice.si\/page\/wp-content\/uploads\/2023\/03\/DSC_8074-696x494.jpg 696w, https:\/\/novice.si\/page\/wp-content\/uploads\/2023\/03\/DSC_8074-1068x758.jpg 1068w, https:\/\/novice.si\/page\/wp-content\/uploads\/2023\/03\/DSC_8074-24x17.jpg 24w, https:\/\/novice.si\/page\/wp-content\/uploads\/2023\/03\/DSC_8074-36x26.jpg 36w, https:\/\/novice.si\/page\/wp-content\/uploads\/2023\/03\/DSC_8074-48x34.jpg 48w\" sizes=\"(max-width: 592px) 100vw, 592px\" alt=\"\">\r\n                            <\/a>\r\n                            \r\n                        <\/figure>\r\n                    <\/div>\r\n                    <div class = \"td-slide-item td-item5\">\r\n                        <figure class=\"td-slide-galery-figure td-slide-popup-gallery\">\r\n                            <a class=\"slide-gallery-image-link\" href=\"https:\/\/novice.si\/page\/wp-content\/uploads\/2023\/03\/DSC_8094-scaled.jpg\" title=\"DSC_8094\"  data-caption=\"\"  data-description=\"\" data-gallery>\r\n                                <img decoding=\"async\" src=\"https:\/\/novice.si\/page\/wp-content\/uploads\/2023\/03\/DSC_8094-592x420.jpg\" srcset=\"https:\/\/novice.si\/page\/wp-content\/uploads\/2023\/03\/DSC_8094-592x420.jpg 592w, https:\/\/novice.si\/page\/wp-content\/uploads\/2023\/03\/DSC_8094-300x213.jpg 300w, https:\/\/novice.si\/page\/wp-content\/uploads\/2023\/03\/DSC_8094-1024x726.jpg 1024w, https:\/\/novice.si\/page\/wp-content\/uploads\/2023\/03\/DSC_8094-768x545.jpg 768w, https:\/\/novice.si\/page\/wp-content\/uploads\/2023\/03\/DSC_8094-1536x1090.jpg 1536w, https:\/\/novice.si\/page\/wp-content\/uploads\/2023\/03\/DSC_8094-2048x1453.jpg 2048w, https:\/\/novice.si\/page\/wp-content\/uploads\/2023\/03\/DSC_8094-100x70.jpg 100w, https:\/\/novice.si\/page\/wp-content\/uploads\/2023\/03\/DSC_8094-696x494.jpg 696w, https:\/\/novice.si\/page\/wp-content\/uploads\/2023\/03\/DSC_8094-1068x758.jpg 1068w, https:\/\/novice.si\/page\/wp-content\/uploads\/2023\/03\/DSC_8094-24x17.jpg 24w, https:\/\/novice.si\/page\/wp-content\/uploads\/2023\/03\/DSC_8094-36x26.jpg 36w, https:\/\/novice.si\/page\/wp-content\/uploads\/2023\/03\/DSC_8094-48x34.jpg 48w\" sizes=\"(max-width: 592px) 100vw, 592px\" alt=\"\">\r\n                            <\/a>\r\n                            \r\n                        <\/figure>\r\n                    <\/div>\r\n                    <div class = \"td-slide-item td-item6\">\r\n                        <figure class=\"td-slide-galery-figure td-slide-popup-gallery\">\r\n                            <a class=\"slide-gallery-image-link\" href=\"https:\/\/novice.si\/page\/wp-content\/uploads\/2023\/03\/DSC_8130-scaled.jpg\" title=\"DSC_8130\"  data-caption=\"\"  data-description=\"\" data-gallery>\r\n                                <img decoding=\"async\" src=\"https:\/\/novice.si\/page\/wp-content\/uploads\/2023\/03\/DSC_8130-592x420.jpg\" srcset=\"https:\/\/novice.si\/page\/wp-content\/uploads\/2023\/03\/DSC_8130-592x420.jpg 592w, https:\/\/novice.si\/page\/wp-content\/uploads\/2023\/03\/DSC_8130-300x213.jpg 300w, https:\/\/novice.si\/page\/wp-content\/uploads\/2023\/03\/DSC_8130-1024x727.jpg 1024w, https:\/\/novice.si\/page\/wp-content\/uploads\/2023\/03\/DSC_8130-768x545.jpg 768w, https:\/\/novice.si\/page\/wp-content\/uploads\/2023\/03\/DSC_8130-1536x1090.jpg 1536w, https:\/\/novice.si\/page\/wp-content\/uploads\/2023\/03\/DSC_8130-2048x1453.jpg 2048w, https:\/\/novice.si\/page\/wp-content\/uploads\/2023\/03\/DSC_8130-100x70.jpg 100w, https:\/\/novice.si\/page\/wp-content\/uploads\/2023\/03\/DSC_8130-696x494.jpg 696w, https:\/\/novice.si\/page\/wp-content\/uploads\/2023\/03\/DSC_8130-1068x758.jpg 1068w, https:\/\/novice.si\/page\/wp-content\/uploads\/2023\/03\/DSC_8130-24x17.jpg 24w, https:\/\/novice.si\/page\/wp-content\/uploads\/2023\/03\/DSC_8130-36x26.jpg 36w, https:\/\/novice.si\/page\/wp-content\/uploads\/2023\/03\/DSC_8130-48x34.jpg 48w\" sizes=\"(max-width: 592px) 100vw, 592px\" alt=\"\">\r\n                            <\/a>\r\n                            \r\n                        <\/figure>\r\n                    <\/div>\r\n                    <div class = \"td-slide-item td-item7\">\r\n                        <figure class=\"td-slide-galery-figure td-slide-popup-gallery\">\r\n                            <a class=\"slide-gallery-image-link\" href=\"https:\/\/novice.si\/page\/wp-content\/uploads\/2023\/03\/DSC_8146-scaled.jpg\" title=\"DSC_8146\"  data-caption=\"\"  data-description=\"\" data-gallery>\r\n                                <img decoding=\"async\" src=\"https:\/\/novice.si\/page\/wp-content\/uploads\/2023\/03\/DSC_8146-592x420.jpg\" srcset=\"https:\/\/novice.si\/page\/wp-content\/uploads\/2023\/03\/DSC_8146-592x420.jpg 592w, https:\/\/novice.si\/page\/wp-content\/uploads\/2023\/03\/DSC_8146-300x213.jpg 300w, https:\/\/novice.si\/page\/wp-content\/uploads\/2023\/03\/DSC_8146-1024x727.jpg 1024w, https:\/\/novice.si\/page\/wp-content\/uploads\/2023\/03\/DSC_8146-768x545.jpg 768w, https:\/\/novice.si\/page\/wp-content\/uploads\/2023\/03\/DSC_8146-1536x1090.jpg 1536w, https:\/\/novice.si\/page\/wp-content\/uploads\/2023\/03\/DSC_8146-2048x1453.jpg 2048w, https:\/\/novice.si\/page\/wp-content\/uploads\/2023\/03\/DSC_8146-100x70.jpg 100w, https:\/\/novice.si\/page\/wp-content\/uploads\/2023\/03\/DSC_8146-696x494.jpg 696w, https:\/\/novice.si\/page\/wp-content\/uploads\/2023\/03\/DSC_8146-1068x758.jpg 1068w, https:\/\/novice.si\/page\/wp-content\/uploads\/2023\/03\/DSC_8146-24x17.jpg 24w, https:\/\/novice.si\/page\/wp-content\/uploads\/2023\/03\/DSC_8146-36x26.jpg 36w, https:\/\/novice.si\/page\/wp-content\/uploads\/2023\/03\/DSC_8146-48x34.jpg 48w\" sizes=\"(max-width: 592px) 100vw, 592px\" alt=\"\">\r\n                            <\/a>\r\n                            \r\n                        <\/figure>\r\n                    <\/div>\r\n                    <div class = \"td-slide-item td-item8\">\r\n                        <figure class=\"td-slide-galery-figure td-slide-popup-gallery\">\r\n                            <a class=\"slide-gallery-image-link\" href=\"https:\/\/novice.si\/page\/wp-content\/uploads\/2023\/03\/DSC_8047-scaled.jpg\" title=\"DSC_8047\"  data-caption=\"\"  data-description=\"\" data-gallery>\r\n                                <img decoding=\"async\" src=\"https:\/\/novice.si\/page\/wp-content\/uploads\/2023\/03\/DSC_8047-592x420.jpg\" srcset=\"https:\/\/novice.si\/page\/wp-content\/uploads\/2023\/03\/DSC_8047-592x420.jpg 592w, https:\/\/novice.si\/page\/wp-content\/uploads\/2023\/03\/DSC_8047-300x213.jpg 300w, https:\/\/novice.si\/page\/wp-content\/uploads\/2023\/03\/DSC_8047-1024x727.jpg 1024w, https:\/\/novice.si\/page\/wp-content\/uploads\/2023\/03\/DSC_8047-768x545.jpg 768w, https:\/\/novice.si\/page\/wp-content\/uploads\/2023\/03\/DSC_8047-1536x1090.jpg 1536w, https:\/\/novice.si\/page\/wp-content\/uploads\/2023\/03\/DSC_8047-2048x1453.jpg 2048w, https:\/\/novice.si\/page\/wp-content\/uploads\/2023\/03\/DSC_8047-100x70.jpg 100w, https:\/\/novice.si\/page\/wp-content\/uploads\/2023\/03\/DSC_8047-696x494.jpg 696w, https:\/\/novice.si\/page\/wp-content\/uploads\/2023\/03\/DSC_8047-1068x758.jpg 1068w, https:\/\/novice.si\/page\/wp-content\/uploads\/2023\/03\/DSC_8047-24x17.jpg 24w, https:\/\/novice.si\/page\/wp-content\/uploads\/2023\/03\/DSC_8047-36x26.jpg 36w, https:\/\/novice.si\/page\/wp-content\/uploads\/2023\/03\/DSC_8047-48x34.jpg 48w\" sizes=\"(max-width: 592px) 100vw, 592px\" alt=\"\">\r\n                            <\/a>\r\n                            \r\n                        <\/figure>\r\n                    <\/div>\r\n                            <\/div>\r\n                        <\/div>\r\n\r\n                        <div class = \"td-doubleSlider-2\">\r\n                            <div class = \"td-slider\">\r\n                                \r\n                    <div class = \"td-button td-item1\">\r\n                        <div class = \"td-border\"><\/div>\r\n                    <\/div>\r\n                    <div class = \"td-button td-item2\">\r\n                        <div class = \"td-border\"><\/div>\r\n                    <\/div>\r\n                    <div class = \"td-button td-item3\">\r\n                        <div class = \"td-border\"><\/div>\r\n                    <\/div>\r\n                    <div class = \"td-button td-item4\">\r\n                        <div class = \"td-border\"><\/div>\r\n                    <\/div>\r\n                    <div class = \"td-button td-item5\">\r\n                        <div class = \"td-border\"><\/div>\r\n                    <\/div>\r\n                    <div class = \"td-button td-item6\">\r\n                        <div class = \"td-border\"><\/div>\r\n                    <\/div>\r\n                    <div class = \"td-button td-item7\">\r\n                        <div class = \"td-border\"><\/div>\r\n                    <\/div>\r\n                    <div class = \"td-button td-item8\">\r\n                        <div class = \"td-border\"><\/div>\r\n                    <\/div>\r\n                            <\/div>\r\n                        <\/div>\r\n\r\n                    <\/div>\r\n\r\n                <\/div>\r\n                \n","protected":false},"excerpt":{"rendered":"<p>V\u010deraj smo v Galeriji Kulturnega doma Roga\u0161ka Slatina z razglasitvijo rezultatov ter podelitvijo priznanja zaklju\u010dili leto\u0161njo akcijo Osebnost leta Roga\u0161kih novic, zmagovalca Roberta Pa\u017eona ste izbrali, vi spo\u0161tovani bralci. Obenem smo podelili priznanje za \u017eivljenjsko delo, pri katerem prejemnika izbere uredni\u0161tvo na\u0161ega \u010dasopisa, letos je priznanje prejel Franc Jager. Osebnost leta 2022: Robert Pa\u017eon. Lastnik [&hellip;]<\/p>\n","protected":false},"author":12,"featured_media":160805,"comment_status":"closed","ping_status":"closed","sticky":false,"template":"","format":"standard","meta":{"footnotes":""},"categories":[14,38,5406],"tags":[1316,10365,17297,17298,12024],"class_list":{"0":"post-160799","1":"post","2":"type-post","3":"status-publish","4":"format-standard","5":"has-post-thumbnail","7":"category-aktualno","8":"category-kozjansko","9":"category-rogaske-novice","10":"tag-akcija","11":"tag-franc-jager","12":"tag-osebnost-leta","13":"tag-robert-pazon","14":"tag-zivljenjsko-delo"},"yoast_head":"<!-- This site is optimized with the Yoast SEO plugin v27.4 - https:\/\/yoast.com\/product\/yoast-seo-wordpress\/ -->\n<title>Bralci Roga\u0161kih novic za Naj osebnost izbrali Roberta Pa\u017eona, za \u017eivljenjsko delo priznanje Francu Jagru - Novice.si<\/title>\n<meta name=\"robots\" content=\"index, follow, max-snippet:-1, max-image-preview:large, max-video-preview:-1\" \/>\n<link rel=\"canonical\" href=\"https:\/\/novice.si\/page\/bralci-rogaskih-novic-za-naj-osebnost-izbrali-roberta-pazona-za-zivljenjsko-delo-priznanje-francu-jagru\/\" \/>\n<meta property=\"og:locale\" content=\"sl_SI\" \/>\n<meta property=\"og:type\" content=\"article\" \/>\n<meta property=\"og:title\" content=\"Bralci Roga\u0161kih novic za Naj osebnost izbrali Roberta Pa\u017eona, za \u017eivljenjsko delo priznanje Francu Jagru - Novice.si\" \/>\n<meta property=\"og:description\" content=\"V\u010deraj smo v Galeriji Kulturnega doma Roga\u0161ka Slatina z razglasitvijo rezultatov ter podelitvijo priznanja zaklju\u010dili leto\u0161njo akcijo Osebnost leta Roga\u0161kih novic, zmagovalca Roberta Pa\u017eona ste izbrali, vi spo\u0161tovani bralci. Obenem smo podelili priznanje za \u017eivljenjsko delo, pri katerem prejemnika izbere uredni\u0161tvo na\u0161ega \u010dasopisa, letos je priznanje prejel Franc Jager. Osebnost leta 2022: Robert Pa\u017eon. Lastnik [&hellip;]\" \/>\n<meta property=\"og:url\" content=\"https:\/\/novice.si\/page\/bralci-rogaskih-novic-za-naj-osebnost-izbrali-roberta-pazona-za-zivljenjsko-delo-priznanje-francu-jagru\/\" \/>\n<meta property=\"og:site_name\" content=\"Novice.si\" \/>\n<meta property=\"article:published_time\" content=\"2023-03-15T10:20:46+00:00\" \/>\n<meta property=\"article:modified_time\" content=\"2023-03-15T10:21:43+00:00\" \/>\n<meta property=\"og:image\" content=\"https:\/\/novice.si\/page\/wp-content\/uploads\/2023\/03\/DSC_8130-scaled.jpg\" \/>\n\t<meta property=\"og:image:width\" content=\"2560\" \/>\n\t<meta property=\"og:image:height\" content=\"1816\" \/>\n\t<meta property=\"og:image:type\" content=\"image\/jpeg\" \/>\n<meta name=\"author\" content=\"Uredni\u0161tvo Celjana\" \/>\n<meta name=\"twitter:card\" content=\"summary_large_image\" \/>\n<meta name=\"twitter:label1\" content=\"Written by\" \/>\n\t<meta name=\"twitter:data1\" content=\"Uredni\u0161tvo Celjana\" \/>\n\t<meta name=\"twitter:label2\" content=\"Est. reading time\" \/>\n\t<meta name=\"twitter:data2\" content=\"4 minute\" \/>\n<script type=\"application\/ld+json\" class=\"yoast-schema-graph\">{\"@context\":\"https:\\\/\\\/schema.org\",\"@graph\":[{\"@type\":\"Article\",\"@id\":\"https:\\\/\\\/novice.si\\\/page\\\/bralci-rogaskih-novic-za-naj-osebnost-izbrali-roberta-pazona-za-zivljenjsko-delo-priznanje-francu-jagru\\\/#article\",\"isPartOf\":{\"@id\":\"https:\\\/\\\/novice.si\\\/page\\\/bralci-rogaskih-novic-za-naj-osebnost-izbrali-roberta-pazona-za-zivljenjsko-delo-priznanje-francu-jagru\\\/\"},\"author\":{\"name\":\"Uredni\u0161tvo Celjana\",\"@id\":\"https:\\\/\\\/novice.si\\\/page\\\/#\\\/schema\\\/person\\\/51903923b50fefb075bc1cd24fe4d065\"},\"headline\":\"Bralci Roga\u0161kih novic za Naj osebnost izbrali Roberta Pa\u017eona, za \u017eivljenjsko delo priznanje Francu Jagru\",\"datePublished\":\"2023-03-15T10:20:46+00:00\",\"dateModified\":\"2023-03-15T10:21:43+00:00\",\"mainEntityOfPage\":{\"@id\":\"https:\\\/\\\/novice.si\\\/page\\\/bralci-rogaskih-novic-za-naj-osebnost-izbrali-roberta-pazona-za-zivljenjsko-delo-priznanje-francu-jagru\\\/\"},\"wordCount\":569,\"publisher\":{\"@id\":\"https:\\\/\\\/novice.si\\\/page\\\/#organization\"},\"image\":{\"@id\":\"https:\\\/\\\/novice.si\\\/page\\\/bralci-rogaskih-novic-za-naj-osebnost-izbrali-roberta-pazona-za-zivljenjsko-delo-priznanje-francu-jagru\\\/#primaryimage\"},\"thumbnailUrl\":\"https:\\\/\\\/novice.si\\\/page\\\/wp-content\\\/uploads\\\/2023\\\/03\\\/DSC_8130-scaled.jpg\",\"keywords\":[\"akcija\",\"Franc Jager\",\"osebnost leta\",\"Robert Pa\u017eon\",\"\u017eivljenjsko delo\"],\"articleSection\":[\"Aktualno\",\"Kozjansko\",\"Roga\u0161ke novice\"],\"inLanguage\":\"sl-SI\"},{\"@type\":\"WebPage\",\"@id\":\"https:\\\/\\\/novice.si\\\/page\\\/bralci-rogaskih-novic-za-naj-osebnost-izbrali-roberta-pazona-za-zivljenjsko-delo-priznanje-francu-jagru\\\/\",\"url\":\"https:\\\/\\\/novice.si\\\/page\\\/bralci-rogaskih-novic-za-naj-osebnost-izbrali-roberta-pazona-za-zivljenjsko-delo-priznanje-francu-jagru\\\/\",\"name\":\"Bralci Roga\u0161kih novic za Naj osebnost izbrali Roberta Pa\u017eona, za \u017eivljenjsko delo priznanje Francu Jagru - Novice.si\",\"isPartOf\":{\"@id\":\"https:\\\/\\\/novice.si\\\/page\\\/#website\"},\"primaryImageOfPage\":{\"@id\":\"https:\\\/\\\/novice.si\\\/page\\\/bralci-rogaskih-novic-za-naj-osebnost-izbrali-roberta-pazona-za-zivljenjsko-delo-priznanje-francu-jagru\\\/#primaryimage\"},\"image\":{\"@id\":\"https:\\\/\\\/novice.si\\\/page\\\/bralci-rogaskih-novic-za-naj-osebnost-izbrali-roberta-pazona-za-zivljenjsko-delo-priznanje-francu-jagru\\\/#primaryimage\"},\"thumbnailUrl\":\"https:\\\/\\\/novice.si\\\/page\\\/wp-content\\\/uploads\\\/2023\\\/03\\\/DSC_8130-scaled.jpg\",\"datePublished\":\"2023-03-15T10:20:46+00:00\",\"dateModified\":\"2023-03-15T10:21:43+00:00\",\"breadcrumb\":{\"@id\":\"https:\\\/\\\/novice.si\\\/page\\\/bralci-rogaskih-novic-za-naj-osebnost-izbrali-roberta-pazona-za-zivljenjsko-delo-priznanje-francu-jagru\\\/#breadcrumb\"},\"inLanguage\":\"sl-SI\",\"potentialAction\":[{\"@type\":\"ReadAction\",\"target\":[\"https:\\\/\\\/novice.si\\\/page\\\/bralci-rogaskih-novic-za-naj-osebnost-izbrali-roberta-pazona-za-zivljenjsko-delo-priznanje-francu-jagru\\\/\"]}]},{\"@type\":\"ImageObject\",\"inLanguage\":\"sl-SI\",\"@id\":\"https:\\\/\\\/novice.si\\\/page\\\/bralci-rogaskih-novic-za-naj-osebnost-izbrali-roberta-pazona-za-zivljenjsko-delo-priznanje-francu-jagru\\\/#primaryimage\",\"url\":\"https:\\\/\\\/novice.si\\\/page\\\/wp-content\\\/uploads\\\/2023\\\/03\\\/DSC_8130-scaled.jpg\",\"contentUrl\":\"https:\\\/\\\/novice.si\\\/page\\\/wp-content\\\/uploads\\\/2023\\\/03\\\/DSC_8130-scaled.jpg\",\"width\":2560,\"height\":1816},{\"@type\":\"BreadcrumbList\",\"@id\":\"https:\\\/\\\/novice.si\\\/page\\\/bralci-rogaskih-novic-za-naj-osebnost-izbrali-roberta-pazona-za-zivljenjsko-delo-priznanje-francu-jagru\\\/#breadcrumb\",\"itemListElement\":[{\"@type\":\"ListItem\",\"position\":1,\"name\":\"Home\",\"item\":\"https:\\\/\\\/novice.si\\\/page\\\/\"},{\"@type\":\"ListItem\",\"position\":2,\"name\":\"Bralci Roga\u0161kih novic za Naj osebnost izbrali Roberta Pa\u017eona, za \u017eivljenjsko delo priznanje Francu Jagru\"}]},{\"@type\":\"WebSite\",\"@id\":\"https:\\\/\\\/novice.si\\\/page\\\/#website\",\"url\":\"https:\\\/\\\/novice.si\\\/page\\\/\",\"name\":\"Novice.si\",\"description\":\"\",\"publisher\":{\"@id\":\"https:\\\/\\\/novice.si\\\/page\\\/#organization\"},\"potentialAction\":[{\"@type\":\"SearchAction\",\"target\":{\"@type\":\"EntryPoint\",\"urlTemplate\":\"https:\\\/\\\/novice.si\\\/page\\\/?s={search_term_string}\"},\"query-input\":{\"@type\":\"PropertyValueSpecification\",\"valueRequired\":true,\"valueName\":\"search_term_string\"}}],\"inLanguage\":\"sl-SI\"},{\"@type\":\"Organization\",\"@id\":\"https:\\\/\\\/novice.si\\\/page\\\/#organization\",\"name\":\"Novice.si\",\"url\":\"https:\\\/\\\/novice.si\\\/page\\\/\",\"logo\":{\"@type\":\"ImageObject\",\"inLanguage\":\"sl-SI\",\"@id\":\"https:\\\/\\\/novice.si\\\/page\\\/#\\\/schema\\\/logo\\\/image\\\/\",\"url\":\"https:\\\/\\\/novice.si\\\/page\\\/wp-content\\\/uploads\\\/2023\\\/03\\\/novice_si.png\",\"contentUrl\":\"https:\\\/\\\/novice.si\\\/page\\\/wp-content\\\/uploads\\\/2023\\\/03\\\/novice_si.png\",\"width\":576,\"height\":200,\"caption\":\"Novice.si\"},\"image\":{\"@id\":\"https:\\\/\\\/novice.si\\\/page\\\/#\\\/schema\\\/logo\\\/image\\\/\"}},{\"@type\":\"Person\",\"@id\":\"https:\\\/\\\/novice.si\\\/page\\\/#\\\/schema\\\/person\\\/51903923b50fefb075bc1cd24fe4d065\",\"name\":\"Uredni\u0161tvo Celjana\",\"image\":{\"@type\":\"ImageObject\",\"inLanguage\":\"sl-SI\",\"@id\":\"https:\\\/\\\/secure.gravatar.com\\\/avatar\\\/b516f102aa90b53619e09722b8ea56721c99bfcb4f1035f9b333d99f52330226?s=96&d=mm&r=g\",\"url\":\"https:\\\/\\\/secure.gravatar.com\\\/avatar\\\/b516f102aa90b53619e09722b8ea56721c99bfcb4f1035f9b333d99f52330226?s=96&d=mm&r=g\",\"contentUrl\":\"https:\\\/\\\/secure.gravatar.com\\\/avatar\\\/b516f102aa90b53619e09722b8ea56721c99bfcb4f1035f9b333d99f52330226?s=96&d=mm&r=g\",\"caption\":\"Uredni\u0161tvo Celjana\"},\"url\":\"https:\\\/\\\/novice.si\\\/page\\\/author\\\/nejc\\\/\"}]}<\/script>\n<!-- \/ Yoast SEO plugin. -->","yoast_head_json":{"title":"Bralci Roga\u0161kih novic za Naj osebnost izbrali Roberta Pa\u017eona, za \u017eivljenjsko delo priznanje Francu Jagru - Novice.si","robots":{"index":"index","follow":"follow","max-snippet":"max-snippet:-1","max-image-preview":"max-image-preview:large","max-video-preview":"max-video-preview:-1"},"canonical":"https:\/\/novice.si\/page\/bralci-rogaskih-novic-za-naj-osebnost-izbrali-roberta-pazona-za-zivljenjsko-delo-priznanje-francu-jagru\/","og_locale":"sl_SI","og_type":"article","og_title":"Bralci Roga\u0161kih novic za Naj osebnost izbrali Roberta Pa\u017eona, za \u017eivljenjsko delo priznanje Francu Jagru - Novice.si","og_description":"V\u010deraj smo v Galeriji Kulturnega doma Roga\u0161ka Slatina z razglasitvijo rezultatov ter podelitvijo priznanja zaklju\u010dili leto\u0161njo akcijo Osebnost leta Roga\u0161kih novic, zmagovalca Roberta Pa\u017eona ste izbrali, vi spo\u0161tovani bralci. Obenem smo podelili priznanje za \u017eivljenjsko delo, pri katerem prejemnika izbere uredni\u0161tvo na\u0161ega \u010dasopisa, letos je priznanje prejel Franc Jager. Osebnost leta 2022: Robert Pa\u017eon. Lastnik [&hellip;]","og_url":"https:\/\/novice.si\/page\/bralci-rogaskih-novic-za-naj-osebnost-izbrali-roberta-pazona-za-zivljenjsko-delo-priznanje-francu-jagru\/","og_site_name":"Novice.si","article_published_time":"2023-03-15T10:20:46+00:00","article_modified_time":"2023-03-15T10:21:43+00:00","og_image":[{"width":2560,"height":1816,"url":"https:\/\/novice.si\/page\/wp-content\/uploads\/2023\/03\/DSC_8130-scaled.jpg","type":"image\/jpeg"}],"author":"Uredni\u0161tvo Celjana","twitter_card":"summary_large_image","twitter_misc":{"Written by":"Uredni\u0161tvo Celjana","Est. reading time":"4 minute"},"schema":{"@context":"https:\/\/schema.org","@graph":[{"@type":"Article","@id":"https:\/\/novice.si\/page\/bralci-rogaskih-novic-za-naj-osebnost-izbrali-roberta-pazona-za-zivljenjsko-delo-priznanje-francu-jagru\/#article","isPartOf":{"@id":"https:\/\/novice.si\/page\/bralci-rogaskih-novic-za-naj-osebnost-izbrali-roberta-pazona-za-zivljenjsko-delo-priznanje-francu-jagru\/"},"author":{"name":"Uredni\u0161tvo Celjana","@id":"https:\/\/novice.si\/page\/#\/schema\/person\/51903923b50fefb075bc1cd24fe4d065"},"headline":"Bralci Roga\u0161kih novic za Naj osebnost izbrali Roberta Pa\u017eona, za \u017eivljenjsko delo priznanje Francu Jagru","datePublished":"2023-03-15T10:20:46+00:00","dateModified":"2023-03-15T10:21:43+00:00","mainEntityOfPage":{"@id":"https:\/\/novice.si\/page\/bralci-rogaskih-novic-za-naj-osebnost-izbrali-roberta-pazona-za-zivljenjsko-delo-priznanje-francu-jagru\/"},"wordCount":569,"publisher":{"@id":"https:\/\/novice.si\/page\/#organization"},"image":{"@id":"https:\/\/novice.si\/page\/bralci-rogaskih-novic-za-naj-osebnost-izbrali-roberta-pazona-za-zivljenjsko-delo-priznanje-francu-jagru\/#primaryimage"},"thumbnailUrl":"https:\/\/novice.si\/page\/wp-content\/uploads\/2023\/03\/DSC_8130-scaled.jpg","keywords":["akcija","Franc Jager","osebnost leta","Robert Pa\u017eon","\u017eivljenjsko delo"],"articleSection":["Aktualno","Kozjansko","Roga\u0161ke novice"],"inLanguage":"sl-SI"},{"@type":"WebPage","@id":"https:\/\/novice.si\/page\/bralci-rogaskih-novic-za-naj-osebnost-izbrali-roberta-pazona-za-zivljenjsko-delo-priznanje-francu-jagru\/","url":"https:\/\/novice.si\/page\/bralci-rogaskih-novic-za-naj-osebnost-izbrali-roberta-pazona-za-zivljenjsko-delo-priznanje-francu-jagru\/","name":"Bralci Roga\u0161kih novic za Naj osebnost izbrali Roberta Pa\u017eona, za \u017eivljenjsko delo priznanje Francu Jagru - Novice.si","isPartOf":{"@id":"https:\/\/novice.si\/page\/#website"},"primaryImageOfPage":{"@id":"https:\/\/novice.si\/page\/bralci-rogaskih-novic-za-naj-osebnost-izbrali-roberta-pazona-za-zivljenjsko-delo-priznanje-francu-jagru\/#primaryimage"},"image":{"@id":"https:\/\/novice.si\/page\/bralci-rogaskih-novic-za-naj-osebnost-izbrali-roberta-pazona-za-zivljenjsko-delo-priznanje-francu-jagru\/#primaryimage"},"thumbnailUrl":"https:\/\/novice.si\/page\/wp-content\/uploads\/2023\/03\/DSC_8130-scaled.jpg","datePublished":"2023-03-15T10:20:46+00:00","dateModified":"2023-03-15T10:21:43+00:00","breadcrumb":{"@id":"https:\/\/novice.si\/page\/bralci-rogaskih-novic-za-naj-osebnost-izbrali-roberta-pazona-za-zivljenjsko-delo-priznanje-francu-jagru\/#breadcrumb"},"inLanguage":"sl-SI","potentialAction":[{"@type":"ReadAction","target":["https:\/\/novice.si\/page\/bralci-rogaskih-novic-za-naj-osebnost-izbrali-roberta-pazona-za-zivljenjsko-delo-priznanje-francu-jagru\/"]}]},{"@type":"ImageObject","inLanguage":"sl-SI","@id":"https:\/\/novice.si\/page\/bralci-rogaskih-novic-za-naj-osebnost-izbrali-roberta-pazona-za-zivljenjsko-delo-priznanje-francu-jagru\/#primaryimage","url":"https:\/\/novice.si\/page\/wp-content\/uploads\/2023\/03\/DSC_8130-scaled.jpg","contentUrl":"https:\/\/novice.si\/page\/wp-content\/uploads\/2023\/03\/DSC_8130-scaled.jpg","width":2560,"height":1816},{"@type":"BreadcrumbList","@id":"https:\/\/novice.si\/page\/bralci-rogaskih-novic-za-naj-osebnost-izbrali-roberta-pazona-za-zivljenjsko-delo-priznanje-francu-jagru\/#breadcrumb","itemListElement":[{"@type":"ListItem","position":1,"name":"Home","item":"https:\/\/novice.si\/page\/"},{"@type":"ListItem","position":2,"name":"Bralci Roga\u0161kih novic za Naj osebnost izbrali Roberta Pa\u017eona, za \u017eivljenjsko delo priznanje Francu Jagru"}]},{"@type":"WebSite","@id":"https:\/\/novice.si\/page\/#website","url":"https:\/\/novice.si\/page\/","name":"Novice.si","description":"","publisher":{"@id":"https:\/\/novice.si\/page\/#organization"},"potentialAction":[{"@type":"SearchAction","target":{"@type":"EntryPoint","urlTemplate":"https:\/\/novice.si\/page\/?s={search_term_string}"},"query-input":{"@type":"PropertyValueSpecification","valueRequired":true,"valueName":"search_term_string"}}],"inLanguage":"sl-SI"},{"@type":"Organization","@id":"https:\/\/novice.si\/page\/#organization","name":"Novice.si","url":"https:\/\/novice.si\/page\/","logo":{"@type":"ImageObject","inLanguage":"sl-SI","@id":"https:\/\/novice.si\/page\/#\/schema\/logo\/image\/","url":"https:\/\/novice.si\/page\/wp-content\/uploads\/2023\/03\/novice_si.png","contentUrl":"https:\/\/novice.si\/page\/wp-content\/uploads\/2023\/03\/novice_si.png","width":576,"height":200,"caption":"Novice.si"},"image":{"@id":"https:\/\/novice.si\/page\/#\/schema\/logo\/image\/"}},{"@type":"Person","@id":"https:\/\/novice.si\/page\/#\/schema\/person\/51903923b50fefb075bc1cd24fe4d065","name":"Uredni\u0161tvo Celjana","image":{"@type":"ImageObject","inLanguage":"sl-SI","@id":"https:\/\/secure.gravatar.com\/avatar\/b516f102aa90b53619e09722b8ea56721c99bfcb4f1035f9b333d99f52330226?s=96&d=mm&r=g","url":"https:\/\/secure.gravatar.com\/avatar\/b516f102aa90b53619e09722b8ea56721c99bfcb4f1035f9b333d99f52330226?s=96&d=mm&r=g","contentUrl":"https:\/\/secure.gravatar.com\/avatar\/b516f102aa90b53619e09722b8ea56721c99bfcb4f1035f9b333d99f52330226?s=96&d=mm&r=g","caption":"Uredni\u0161tvo Celjana"},"url":"https:\/\/novice.si\/page\/author\/nejc\/"}]}},"_links":{"self":[{"href":"https:\/\/novice.si\/page\/wp-json\/wp\/v2\/posts\/160799","targetHints":{"allow":["GET"]}}],"collection":[{"href":"https:\/\/novice.si\/page\/wp-json\/wp\/v2\/posts"}],"about":[{"href":"https:\/\/novice.si\/page\/wp-json\/wp\/v2\/types\/post"}],"author":[{"embeddable":true,"href":"https:\/\/novice.si\/page\/wp-json\/wp\/v2\/users\/12"}],"replies":[{"embeddable":true,"href":"https:\/\/novice.si\/page\/wp-json\/wp\/v2\/comments?post=160799"}],"version-history":[{"count":1,"href":"https:\/\/novice.si\/page\/wp-json\/wp\/v2\/posts\/160799\/revisions"}],"predecessor-version":[{"id":160810,"href":"https:\/\/novice.si\/page\/wp-json\/wp\/v2\/posts\/160799\/revisions\/160810"}],"wp:featuredmedia":[{"embeddable":true,"href":"https:\/\/novice.si\/page\/wp-json\/wp\/v2\/media\/160805"}],"wp:attachment":[{"href":"https:\/\/novice.si\/page\/wp-json\/wp\/v2\/media?parent=160799"}],"wp:term":[{"taxonomy":"category","embeddable":true,"href":"https:\/\/novice.si\/page\/wp-json\/wp\/v2\/categories?post=160799"},{"taxonomy":"post_tag","embeddable":true,"href":"https:\/\/novice.si\/page\/wp-json\/wp\/v2\/tags?post=160799"}],"curies":[{"name":"wp","href":"https:\/\/api.w.org\/{rel}","templated":true}]}}