{"id":160790,"date":"2023-03-15T06:45:39","date_gmt":"2023-03-15T05:45:39","guid":{"rendered":"https:\/\/novice.si\/page\/?p=160790"},"modified":"2023-03-14T20:51:36","modified_gmt":"2023-03-14T19:51:36","slug":"celje-parkiranje-pred-dezurno-lekarno-razburja","status":"publish","type":"post","link":"https:\/\/novice.si\/page\/celje-parkiranje-pred-dezurno-lekarno-razburja\/","title":{"rendered":"CELJE Parkiranje pred de\u017eurno lekarno razburja"},"content":{"rendered":"<p>V<a href=\"https:\/\/novice.si\/page\/wp-content\/uploads\/2023\/03\/dezurna-lekarna-2-scaled.jpg\" data-gallery><img loading=\"lazy\" decoding=\"async\" class=\"size-medium wp-image-160793 alignleft\" src=\"https:\/\/novice.si\/page\/wp-content\/uploads\/2023\/03\/dezurna-lekarna-2-300x225.jpg\" alt=\"\" width=\"300\" height=\"225\" srcset=\"https:\/\/novice.si\/page\/wp-content\/uploads\/2023\/03\/dezurna-lekarna-2-300x225.jpg 300w, https:\/\/novice.si\/page\/wp-content\/uploads\/2023\/03\/dezurna-lekarna-2-1024x768.jpg 1024w, https:\/\/novice.si\/page\/wp-content\/uploads\/2023\/03\/dezurna-lekarna-2-768x576.jpg 768w, https:\/\/novice.si\/page\/wp-content\/uploads\/2023\/03\/dezurna-lekarna-2-1536x1152.jpg 1536w, https:\/\/novice.si\/page\/wp-content\/uploads\/2023\/03\/dezurna-lekarna-2-2048x1536.jpg 2048w, https:\/\/novice.si\/page\/wp-content\/uploads\/2023\/03\/dezurna-lekarna-2-80x60.jpg 80w, https:\/\/novice.si\/page\/wp-content\/uploads\/2023\/03\/dezurna-lekarna-2-265x198.jpg 265w, https:\/\/novice.si\/page\/wp-content\/uploads\/2023\/03\/dezurna-lekarna-2-696x522.jpg 696w, https:\/\/novice.si\/page\/wp-content\/uploads\/2023\/03\/dezurna-lekarna-2-1068x801.jpg 1068w, https:\/\/novice.si\/page\/wp-content\/uploads\/2023\/03\/dezurna-lekarna-2-560x420.jpg 560w, https:\/\/novice.si\/page\/wp-content\/uploads\/2023\/03\/dezurna-lekarna-2-24x18.jpg 24w, https:\/\/novice.si\/page\/wp-content\/uploads\/2023\/03\/dezurna-lekarna-2-36x27.jpg 36w, https:\/\/novice.si\/page\/wp-content\/uploads\/2023\/03\/dezurna-lekarna-2-48x36.jpg 48w\" sizes=\"auto, (max-width: 300px) 100vw, 300px\" \/><\/a>se odkar je de\u017eurna lekarna v Celju lanskega maja za\u010dela delovati na novi lokaciji na Glaziji, se tam porajajo te\u017eave zaradi onemogo\u010denega parkiranja strank.<\/p>\n<p>Te vozila najve\u010dkrat pu\u0161\u010dajo na plo\u010dniku, avtobusnem postajali\u0161\u010du ali drugih neprimernih povr\u0161inah, mestno redarstvo pa jim pi\u0161e kazni. Kak\u0161ne so mo\u017enosti za re\u0161itev?<\/p>\n<p>Parkiranje za kratek \u010das se \u010desto sprevr\u017ee v dolgo \u010dakanje, kadar je v lekarni gne\u010da. Napa\u010dno parkirana vozila seveda ovirajo promet, toda stranke drugih mo\u017enosti prakti\u010dno nimajo, razen gara\u017ene hi\u0161e, kar pa podalj\u0161a \u010das nakupa in ga tudi podra\u017ei.<\/p>\n<p><a href=\"https:\/\/novice.si\/page\/wp-content\/uploads\/2023\/03\/ploscad-Glazija-1-scaled.jpg\" data-gallery><img loading=\"lazy\" decoding=\"async\" class=\"size-medium wp-image-160792 alignright\" src=\"https:\/\/novice.si\/page\/wp-content\/uploads\/2023\/03\/ploscad-Glazija-1-300x225.jpg\" alt=\"\" width=\"300\" height=\"225\" srcset=\"https:\/\/novice.si\/page\/wp-content\/uploads\/2023\/03\/ploscad-Glazija-1-300x225.jpg 300w, https:\/\/novice.si\/page\/wp-content\/uploads\/2023\/03\/ploscad-Glazija-1-1024x768.jpg 1024w, https:\/\/novice.si\/page\/wp-content\/uploads\/2023\/03\/ploscad-Glazija-1-768x576.jpg 768w, https:\/\/novice.si\/page\/wp-content\/uploads\/2023\/03\/ploscad-Glazija-1-1536x1152.jpg 1536w, https:\/\/novice.si\/page\/wp-content\/uploads\/2023\/03\/ploscad-Glazija-1-2048x1536.jpg 2048w, https:\/\/novice.si\/page\/wp-content\/uploads\/2023\/03\/ploscad-Glazija-1-80x60.jpg 80w, https:\/\/novice.si\/page\/wp-content\/uploads\/2023\/03\/ploscad-Glazija-1-265x198.jpg 265w, https:\/\/novice.si\/page\/wp-content\/uploads\/2023\/03\/ploscad-Glazija-1-696x522.jpg 696w, https:\/\/novice.si\/page\/wp-content\/uploads\/2023\/03\/ploscad-Glazija-1-1068x801.jpg 1068w, https:\/\/novice.si\/page\/wp-content\/uploads\/2023\/03\/ploscad-Glazija-1-560x420.jpg 560w, https:\/\/novice.si\/page\/wp-content\/uploads\/2023\/03\/ploscad-Glazija-1-24x18.jpg 24w, https:\/\/novice.si\/page\/wp-content\/uploads\/2023\/03\/ploscad-Glazija-1-36x27.jpg 36w, https:\/\/novice.si\/page\/wp-content\/uploads\/2023\/03\/ploscad-Glazija-1-48x36.jpg 48w\" sizes=\"auto, (max-width: 300px) 100vw, 300px\" \/><\/a><\/p>\n<p>Policija izdaja obvestila o prekr\u0161ku in opozorila, mestno redarstvo je doslej ukrepalo nekaj ve\u010d kot 30-krat.<\/p>\n<p>Mestna ob\u010dina Celje se z zasebnikom, ki ima v lasti bli\u017enjo plo\u0161\u010dad (slika desno), ki bi lahko bila primerna za parkiranje, a bo predhodno potrebno dogovoriti re\u017eim, \u0161e dogovarja za uporabo.<\/p>\n<p><em>Ve\u010d o tem preberite v novi \u0161tevilki Celjana, ki je iz\u0161la danes.<\/em><\/p>\n<p>P\u0160<\/p>\n<p><strong>\u00a0<\/strong><\/p>\n","protected":false},"excerpt":{"rendered":"<p>Vse odkar je de\u017eurna lekarna v Celju lanskega maja za\u010dela delovati na novi lokaciji na Glaziji, se tam porajajo te\u017eave zaradi onemogo\u010denega parkiranja strank. Te vozila najve\u010dkrat pu\u0161\u010dajo na plo\u010dniku, avtobusnem postajali\u0161\u010du ali drugih neprimernih povr\u0161inah, mestno redarstvo pa jim pi\u0161e kazni. Kak\u0161ne so mo\u017enosti za re\u0161itev? Parkiranje za kratek \u010das se \u010desto sprevr\u017ee v [&hellip;]<\/p>\n","protected":false},"author":33,"featured_media":160793,"comment_status":"closed","ping_status":"closed","sticky":false,"template":"","format":"standard","meta":{"footnotes":""},"categories":[17],"tags":[8550,7931,17294,17295,10014,17293,634],"class_list":{"0":"post-160790","1":"post","2":"type-post","3":"status-publish","4":"format-standard","5":"has-post-thumbnail","7":"category-celjsko","8":"tag-dezurna-lekarna","9":"tag-glazija","10":"tag-mestna-obcna-celje","11":"tag-mestno-redarstvo","12":"tag-parkiranje","13":"tag-ploscad","14":"tag-policija"},"yoast_head":"<!-- This site is optimized with the Yoast SEO plugin v27.4 - https:\/\/yoast.com\/product\/yoast-seo-wordpress\/ -->\n<title>CELJE Parkiranje pred de\u017eurno lekarno razburja - Novice.si<\/title>\n<meta name=\"robots\" content=\"index, follow, max-snippet:-1, max-image-preview:large, max-video-preview:-1\" \/>\n<link rel=\"canonical\" href=\"https:\/\/novice.si\/page\/celje-parkiranje-pred-dezurno-lekarno-razburja\/\" \/>\n<meta property=\"og:locale\" content=\"sl_SI\" \/>\n<meta property=\"og:type\" content=\"article\" \/>\n<meta property=\"og:title\" content=\"CELJE Parkiranje pred de\u017eurno lekarno razburja - Novice.si\" \/>\n<meta property=\"og:description\" content=\"Vse odkar je de\u017eurna lekarna v Celju lanskega maja za\u010dela delovati na novi lokaciji na Glaziji, se tam porajajo te\u017eave zaradi onemogo\u010denega parkiranja strank. Te vozila najve\u010dkrat pu\u0161\u010dajo na plo\u010dniku, avtobusnem postajali\u0161\u010du ali drugih neprimernih povr\u0161inah, mestno redarstvo pa jim pi\u0161e kazni. Kak\u0161ne so mo\u017enosti za re\u0161itev? Parkiranje za kratek \u010das se \u010desto sprevr\u017ee v [&hellip;]\" \/>\n<meta property=\"og:url\" content=\"https:\/\/novice.si\/page\/celje-parkiranje-pred-dezurno-lekarno-razburja\/\" \/>\n<meta property=\"og:site_name\" content=\"Novice.si\" \/>\n<meta property=\"article:published_time\" content=\"2023-03-15T05:45:39+00:00\" \/>\n<meta property=\"og:image\" content=\"https:\/\/novice.si\/page\/wp-content\/uploads\/2023\/03\/dezurna-lekarna-2-scaled.jpg\" \/>\n\t<meta property=\"og:image:width\" content=\"2560\" \/>\n\t<meta property=\"og:image:height\" content=\"1920\" \/>\n\t<meta property=\"og:image:type\" content=\"image\/jpeg\" \/>\n<meta name=\"author\" content=\"Uredni\u0161tvo Celjana\" \/>\n<meta name=\"twitter:card\" content=\"summary_large_image\" \/>\n<meta name=\"twitter:label1\" content=\"Written by\" \/>\n\t<meta name=\"twitter:data1\" content=\"Uredni\u0161tvo Celjana\" \/>\n\t<meta name=\"twitter:label2\" content=\"Est. reading time\" \/>\n\t<meta name=\"twitter:data2\" content=\"2 minuti\" \/>\n<script type=\"application\/ld+json\" class=\"yoast-schema-graph\">{\"@context\":\"https:\\\/\\\/schema.org\",\"@graph\":[{\"@type\":\"Article\",\"@id\":\"https:\\\/\\\/novice.si\\\/page\\\/celje-parkiranje-pred-dezurno-lekarno-razburja\\\/#article\",\"isPartOf\":{\"@id\":\"https:\\\/\\\/novice.si\\\/page\\\/celje-parkiranje-pred-dezurno-lekarno-razburja\\\/\"},\"author\":{\"name\":\"Uredni\u0161tvo Celjana\",\"@id\":\"https:\\\/\\\/novice.si\\\/page\\\/#\\\/schema\\\/person\\\/57f25c9642a9541c7349c65d32032c3e\"},\"headline\":\"CELJE Parkiranje pred de\u017eurno lekarno razburja\",\"datePublished\":\"2023-03-15T05:45:39+00:00\",\"mainEntityOfPage\":{\"@id\":\"https:\\\/\\\/novice.si\\\/page\\\/celje-parkiranje-pred-dezurno-lekarno-razburja\\\/\"},\"wordCount\":182,\"publisher\":{\"@id\":\"https:\\\/\\\/novice.si\\\/page\\\/#organization\"},\"image\":{\"@id\":\"https:\\\/\\\/novice.si\\\/page\\\/celje-parkiranje-pred-dezurno-lekarno-razburja\\\/#primaryimage\"},\"thumbnailUrl\":\"https:\\\/\\\/novice.si\\\/page\\\/wp-content\\\/uploads\\\/2023\\\/03\\\/dezurna-lekarna-2-scaled.jpg\",\"keywords\":[\"de\u017eurna lekarna\",\"Glazija\",\"Mestna ob\u010dna celje\",\"mestno redarstvo\",\"parkiranje\",\"plo\u0161\u010dad\",\"policija\"],\"articleSection\":[\"Celjsko\"],\"inLanguage\":\"sl-SI\"},{\"@type\":\"WebPage\",\"@id\":\"https:\\\/\\\/novice.si\\\/page\\\/celje-parkiranje-pred-dezurno-lekarno-razburja\\\/\",\"url\":\"https:\\\/\\\/novice.si\\\/page\\\/celje-parkiranje-pred-dezurno-lekarno-razburja\\\/\",\"name\":\"CELJE Parkiranje pred de\u017eurno lekarno razburja - Novice.si\",\"isPartOf\":{\"@id\":\"https:\\\/\\\/novice.si\\\/page\\\/#website\"},\"primaryImageOfPage\":{\"@id\":\"https:\\\/\\\/novice.si\\\/page\\\/celje-parkiranje-pred-dezurno-lekarno-razburja\\\/#primaryimage\"},\"image\":{\"@id\":\"https:\\\/\\\/novice.si\\\/page\\\/celje-parkiranje-pred-dezurno-lekarno-razburja\\\/#primaryimage\"},\"thumbnailUrl\":\"https:\\\/\\\/novice.si\\\/page\\\/wp-content\\\/uploads\\\/2023\\\/03\\\/dezurna-lekarna-2-scaled.jpg\",\"datePublished\":\"2023-03-15T05:45:39+00:00\",\"breadcrumb\":{\"@id\":\"https:\\\/\\\/novice.si\\\/page\\\/celje-parkiranje-pred-dezurno-lekarno-razburja\\\/#breadcrumb\"},\"inLanguage\":\"sl-SI\",\"potentialAction\":[{\"@type\":\"ReadAction\",\"target\":[\"https:\\\/\\\/novice.si\\\/page\\\/celje-parkiranje-pred-dezurno-lekarno-razburja\\\/\"]}]},{\"@type\":\"ImageObject\",\"inLanguage\":\"sl-SI\",\"@id\":\"https:\\\/\\\/novice.si\\\/page\\\/celje-parkiranje-pred-dezurno-lekarno-razburja\\\/#primaryimage\",\"url\":\"https:\\\/\\\/novice.si\\\/page\\\/wp-content\\\/uploads\\\/2023\\\/03\\\/dezurna-lekarna-2-scaled.jpg\",\"contentUrl\":\"https:\\\/\\\/novice.si\\\/page\\\/wp-content\\\/uploads\\\/2023\\\/03\\\/dezurna-lekarna-2-scaled.jpg\",\"width\":2560,\"height\":1920},{\"@type\":\"BreadcrumbList\",\"@id\":\"https:\\\/\\\/novice.si\\\/page\\\/celje-parkiranje-pred-dezurno-lekarno-razburja\\\/#breadcrumb\",\"itemListElement\":[{\"@type\":\"ListItem\",\"position\":1,\"name\":\"Home\",\"item\":\"https:\\\/\\\/novice.si\\\/page\\\/\"},{\"@type\":\"ListItem\",\"position\":2,\"name\":\"CELJE Parkiranje pred de\u017eurno lekarno razburja\"}]},{\"@type\":\"WebSite\",\"@id\":\"https:\\\/\\\/novice.si\\\/page\\\/#website\",\"url\":\"https:\\\/\\\/novice.si\\\/page\\\/\",\"name\":\"Novice.si\",\"description\":\"\",\"publisher\":{\"@id\":\"https:\\\/\\\/novice.si\\\/page\\\/#organization\"},\"potentialAction\":[{\"@type\":\"SearchAction\",\"target\":{\"@type\":\"EntryPoint\",\"urlTemplate\":\"https:\\\/\\\/novice.si\\\/page\\\/?s={search_term_string}\"},\"query-input\":{\"@type\":\"PropertyValueSpecification\",\"valueRequired\":true,\"valueName\":\"search_term_string\"}}],\"inLanguage\":\"sl-SI\"},{\"@type\":\"Organization\",\"@id\":\"https:\\\/\\\/novice.si\\\/page\\\/#organization\",\"name\":\"Novice.si\",\"url\":\"https:\\\/\\\/novice.si\\\/page\\\/\",\"logo\":{\"@type\":\"ImageObject\",\"inLanguage\":\"sl-SI\",\"@id\":\"https:\\\/\\\/novice.si\\\/page\\\/#\\\/schema\\\/logo\\\/image\\\/\",\"url\":\"https:\\\/\\\/novice.si\\\/page\\\/wp-content\\\/uploads\\\/2023\\\/03\\\/novice_si.png\",\"contentUrl\":\"https:\\\/\\\/novice.si\\\/page\\\/wp-content\\\/uploads\\\/2023\\\/03\\\/novice_si.png\",\"width\":576,\"height\":200,\"caption\":\"Novice.si\"},\"image\":{\"@id\":\"https:\\\/\\\/novice.si\\\/page\\\/#\\\/schema\\\/logo\\\/image\\\/\"}},{\"@type\":\"Person\",\"@id\":\"https:\\\/\\\/novice.si\\\/page\\\/#\\\/schema\\\/person\\\/57f25c9642a9541c7349c65d32032c3e\",\"name\":\"Uredni\u0161tvo Celjana\",\"image\":{\"@type\":\"ImageObject\",\"inLanguage\":\"sl-SI\",\"@id\":\"https:\\\/\\\/secure.gravatar.com\\\/avatar\\\/78e52bc4279b65f6df6345e0ef0f7b792d361361f230cf4ffecfe0afe6d5629c?s=96&d=mm&r=g\",\"url\":\"https:\\\/\\\/secure.gravatar.com\\\/avatar\\\/78e52bc4279b65f6df6345e0ef0f7b792d361361f230cf4ffecfe0afe6d5629c?s=96&d=mm&r=g\",\"contentUrl\":\"https:\\\/\\\/secure.gravatar.com\\\/avatar\\\/78e52bc4279b65f6df6345e0ef0f7b792d361361f230cf4ffecfe0afe6d5629c?s=96&d=mm&r=g\",\"caption\":\"Uredni\u0161tvo Celjana\"},\"url\":\"https:\\\/\\\/novice.si\\\/page\\\/author\\\/primoz\\\/\"}]}<\/script>\n<!-- \/ Yoast SEO plugin. -->","yoast_head_json":{"title":"CELJE Parkiranje pred de\u017eurno lekarno razburja - Novice.si","robots":{"index":"index","follow":"follow","max-snippet":"max-snippet:-1","max-image-preview":"max-image-preview:large","max-video-preview":"max-video-preview:-1"},"canonical":"https:\/\/novice.si\/page\/celje-parkiranje-pred-dezurno-lekarno-razburja\/","og_locale":"sl_SI","og_type":"article","og_title":"CELJE Parkiranje pred de\u017eurno lekarno razburja - Novice.si","og_description":"Vse odkar je de\u017eurna lekarna v Celju lanskega maja za\u010dela delovati na novi lokaciji na Glaziji, se tam porajajo te\u017eave zaradi onemogo\u010denega parkiranja strank. Te vozila najve\u010dkrat pu\u0161\u010dajo na plo\u010dniku, avtobusnem postajali\u0161\u010du ali drugih neprimernih povr\u0161inah, mestno redarstvo pa jim pi\u0161e kazni. Kak\u0161ne so mo\u017enosti za re\u0161itev? Parkiranje za kratek \u010das se \u010desto sprevr\u017ee v [&hellip;]","og_url":"https:\/\/novice.si\/page\/celje-parkiranje-pred-dezurno-lekarno-razburja\/","og_site_name":"Novice.si","article_published_time":"2023-03-15T05:45:39+00:00","og_image":[{"width":2560,"height":1920,"url":"https:\/\/novice.si\/page\/wp-content\/uploads\/2023\/03\/dezurna-lekarna-2-scaled.jpg","type":"image\/jpeg"}],"author":"Uredni\u0161tvo Celjana","twitter_card":"summary_large_image","twitter_misc":{"Written by":"Uredni\u0161tvo Celjana","Est. reading time":"2 minuti"},"schema":{"@context":"https:\/\/schema.org","@graph":[{"@type":"Article","@id":"https:\/\/novice.si\/page\/celje-parkiranje-pred-dezurno-lekarno-razburja\/#article","isPartOf":{"@id":"https:\/\/novice.si\/page\/celje-parkiranje-pred-dezurno-lekarno-razburja\/"},"author":{"name":"Uredni\u0161tvo Celjana","@id":"https:\/\/novice.si\/page\/#\/schema\/person\/57f25c9642a9541c7349c65d32032c3e"},"headline":"CELJE Parkiranje pred de\u017eurno lekarno razburja","datePublished":"2023-03-15T05:45:39+00:00","mainEntityOfPage":{"@id":"https:\/\/novice.si\/page\/celje-parkiranje-pred-dezurno-lekarno-razburja\/"},"wordCount":182,"publisher":{"@id":"https:\/\/novice.si\/page\/#organization"},"image":{"@id":"https:\/\/novice.si\/page\/celje-parkiranje-pred-dezurno-lekarno-razburja\/#primaryimage"},"thumbnailUrl":"https:\/\/novice.si\/page\/wp-content\/uploads\/2023\/03\/dezurna-lekarna-2-scaled.jpg","keywords":["de\u017eurna lekarna","Glazija","Mestna ob\u010dna celje","mestno redarstvo","parkiranje","plo\u0161\u010dad","policija"],"articleSection":["Celjsko"],"inLanguage":"sl-SI"},{"@type":"WebPage","@id":"https:\/\/novice.si\/page\/celje-parkiranje-pred-dezurno-lekarno-razburja\/","url":"https:\/\/novice.si\/page\/celje-parkiranje-pred-dezurno-lekarno-razburja\/","name":"CELJE Parkiranje pred de\u017eurno lekarno razburja - Novice.si","isPartOf":{"@id":"https:\/\/novice.si\/page\/#website"},"primaryImageOfPage":{"@id":"https:\/\/novice.si\/page\/celje-parkiranje-pred-dezurno-lekarno-razburja\/#primaryimage"},"image":{"@id":"https:\/\/novice.si\/page\/celje-parkiranje-pred-dezurno-lekarno-razburja\/#primaryimage"},"thumbnailUrl":"https:\/\/novice.si\/page\/wp-content\/uploads\/2023\/03\/dezurna-lekarna-2-scaled.jpg","datePublished":"2023-03-15T05:45:39+00:00","breadcrumb":{"@id":"https:\/\/novice.si\/page\/celje-parkiranje-pred-dezurno-lekarno-razburja\/#breadcrumb"},"inLanguage":"sl-SI","potentialAction":[{"@type":"ReadAction","target":["https:\/\/novice.si\/page\/celje-parkiranje-pred-dezurno-lekarno-razburja\/"]}]},{"@type":"ImageObject","inLanguage":"sl-SI","@id":"https:\/\/novice.si\/page\/celje-parkiranje-pred-dezurno-lekarno-razburja\/#primaryimage","url":"https:\/\/novice.si\/page\/wp-content\/uploads\/2023\/03\/dezurna-lekarna-2-scaled.jpg","contentUrl":"https:\/\/novice.si\/page\/wp-content\/uploads\/2023\/03\/dezurna-lekarna-2-scaled.jpg","width":2560,"height":1920},{"@type":"BreadcrumbList","@id":"https:\/\/novice.si\/page\/celje-parkiranje-pred-dezurno-lekarno-razburja\/#breadcrumb","itemListElement":[{"@type":"ListItem","position":1,"name":"Home","item":"https:\/\/novice.si\/page\/"},{"@type":"ListItem","position":2,"name":"CELJE Parkiranje pred de\u017eurno lekarno razburja"}]},{"@type":"WebSite","@id":"https:\/\/novice.si\/page\/#website","url":"https:\/\/novice.si\/page\/","name":"Novice.si","description":"","publisher":{"@id":"https:\/\/novice.si\/page\/#organization"},"potentialAction":[{"@type":"SearchAction","target":{"@type":"EntryPoint","urlTemplate":"https:\/\/novice.si\/page\/?s={search_term_string}"},"query-input":{"@type":"PropertyValueSpecification","valueRequired":true,"valueName":"search_term_string"}}],"inLanguage":"sl-SI"},{"@type":"Organization","@id":"https:\/\/novice.si\/page\/#organization","name":"Novice.si","url":"https:\/\/novice.si\/page\/","logo":{"@type":"ImageObject","inLanguage":"sl-SI","@id":"https:\/\/novice.si\/page\/#\/schema\/logo\/image\/","url":"https:\/\/novice.si\/page\/wp-content\/uploads\/2023\/03\/novice_si.png","contentUrl":"https:\/\/novice.si\/page\/wp-content\/uploads\/2023\/03\/novice_si.png","width":576,"height":200,"caption":"Novice.si"},"image":{"@id":"https:\/\/novice.si\/page\/#\/schema\/logo\/image\/"}},{"@type":"Person","@id":"https:\/\/novice.si\/page\/#\/schema\/person\/57f25c9642a9541c7349c65d32032c3e","name":"Uredni\u0161tvo Celjana","image":{"@type":"ImageObject","inLanguage":"sl-SI","@id":"https:\/\/secure.gravatar.com\/avatar\/78e52bc4279b65f6df6345e0ef0f7b792d361361f230cf4ffecfe0afe6d5629c?s=96&d=mm&r=g","url":"https:\/\/secure.gravatar.com\/avatar\/78e52bc4279b65f6df6345e0ef0f7b792d361361f230cf4ffecfe0afe6d5629c?s=96&d=mm&r=g","contentUrl":"https:\/\/secure.gravatar.com\/avatar\/78e52bc4279b65f6df6345e0ef0f7b792d361361f230cf4ffecfe0afe6d5629c?s=96&d=mm&r=g","caption":"Uredni\u0161tvo Celjana"},"url":"https:\/\/novice.si\/page\/author\/primoz\/"}]}},"_links":{"self":[{"href":"https:\/\/novice.si\/page\/wp-json\/wp\/v2\/posts\/160790","targetHints":{"allow":["GET"]}}],"collection":[{"href":"https:\/\/novice.si\/page\/wp-json\/wp\/v2\/posts"}],"about":[{"href":"https:\/\/novice.si\/page\/wp-json\/wp\/v2\/types\/post"}],"author":[{"embeddable":true,"href":"https:\/\/novice.si\/page\/wp-json\/wp\/v2\/users\/33"}],"replies":[{"embeddable":true,"href":"https:\/\/novice.si\/page\/wp-json\/wp\/v2\/comments?post=160790"}],"version-history":[{"count":1,"href":"https:\/\/novice.si\/page\/wp-json\/wp\/v2\/posts\/160790\/revisions"}],"predecessor-version":[{"id":160794,"href":"https:\/\/novice.si\/page\/wp-json\/wp\/v2\/posts\/160790\/revisions\/160794"}],"wp:featuredmedia":[{"embeddable":true,"href":"https:\/\/novice.si\/page\/wp-json\/wp\/v2\/media\/160793"}],"wp:attachment":[{"href":"https:\/\/novice.si\/page\/wp-json\/wp\/v2\/media?parent=160790"}],"wp:term":[{"taxonomy":"category","embeddable":true,"href":"https:\/\/novice.si\/page\/wp-json\/wp\/v2\/categories?post=160790"},{"taxonomy":"post_tag","embeddable":true,"href":"https:\/\/novice.si\/page\/wp-json\/wp\/v2\/tags?post=160790"}],"curies":[{"name":"wp","href":"https:\/\/api.w.org\/{rel}","templated":true}]}}