{"id":160758,"date":"2023-03-14T11:06:49","date_gmt":"2023-03-14T10:06:49","guid":{"rendered":"https:\/\/novice.si\/page\/?p=160758"},"modified":"2023-03-14T11:12:06","modified_gmt":"2023-03-14T10:12:06","slug":"kozjanski-park-pri-ribniku-trebce-se-zadnje-leto-pomagajo-dvozivkam-varno-cez-cesto","status":"publish","type":"post","link":"https:\/\/novice.si\/page\/kozjanski-park-pri-ribniku-trebce-se-zadnje-leto-pomagajo-dvozivkam-varno-cez-cesto\/","title":{"rendered":"Kozjanski park: pri ribniku Treb\u010de \u0161e zadnje leto pomagajo dvo\u017eivkam varno \u010dez cesto"},"content":{"rendered":"<p><strong>Toplej\u0161i ve\u010deri so tudi na Treb\u010dah prebudili dvo\u017eivke, ki so se iz svojih gozdnih prezimovali\u0161\u010d mno\u017ei\u010dno napotile proti ribniku, sporo\u010dajo iz Kozjanskega parka.<\/strong><\/p>\n<p><a href=\"https:\/\/novice.si\/page\/wp-content\/uploads\/2023\/03\/okoli-50-zab-smo-varno-prenesli-na-drugo-stran-ceste.jpg\" data-gallery><img loading=\"lazy\" decoding=\"async\" class=\"size-medium wp-image-160768 alignleft\" src=\"https:\/\/novice.si\/page\/wp-content\/uploads\/2023\/03\/okoli-50-zab-smo-varno-prenesli-na-drugo-stran-ceste-300x200.jpg\" alt=\"\" width=\"300\" height=\"200\" srcset=\"https:\/\/novice.si\/page\/wp-content\/uploads\/2023\/03\/okoli-50-zab-smo-varno-prenesli-na-drugo-stran-ceste-300x200.jpg 300w, https:\/\/novice.si\/page\/wp-content\/uploads\/2023\/03\/okoli-50-zab-smo-varno-prenesli-na-drugo-stran-ceste-1024x684.jpg 1024w, https:\/\/novice.si\/page\/wp-content\/uploads\/2023\/03\/okoli-50-zab-smo-varno-prenesli-na-drugo-stran-ceste-768x513.jpg 768w, https:\/\/novice.si\/page\/wp-content\/uploads\/2023\/03\/okoli-50-zab-smo-varno-prenesli-na-drugo-stran-ceste-696x465.jpg 696w, https:\/\/novice.si\/page\/wp-content\/uploads\/2023\/03\/okoli-50-zab-smo-varno-prenesli-na-drugo-stran-ceste-1068x713.jpg 1068w, https:\/\/novice.si\/page\/wp-content\/uploads\/2023\/03\/okoli-50-zab-smo-varno-prenesli-na-drugo-stran-ceste-629x420.jpg 629w, https:\/\/novice.si\/page\/wp-content\/uploads\/2023\/03\/okoli-50-zab-smo-varno-prenesli-na-drugo-stran-ceste-24x16.jpg 24w, https:\/\/novice.si\/page\/wp-content\/uploads\/2023\/03\/okoli-50-zab-smo-varno-prenesli-na-drugo-stran-ceste-36x24.jpg 36w, https:\/\/novice.si\/page\/wp-content\/uploads\/2023\/03\/okoli-50-zab-smo-varno-prenesli-na-drugo-stran-ceste-48x32.jpg 48w, https:\/\/novice.si\/page\/wp-content\/uploads\/2023\/03\/okoli-50-zab-smo-varno-prenesli-na-drugo-stran-ceste.jpg 1400w\" sizes=\"auto, (max-width: 300px) 100vw, 300px\" \/><\/a>Ribnik predstavlja pomembno mresti\u0161\u010de za tamkaj\u0161nje krasta\u010de, sekulje in rosnice, ob\u010dasno pa opazijo tudi kak\u0161nega pupka. Ker pa jim selitveno pot do ribnika pre\u010dka cesta,\u00a0 v Kozjanskem parku vsako leto postavijo za\u010dasno varovalno ograjo, ki dvo\u017eivke varuje pred povozi.<br \/>\nSkupaj s prostovoljci zagotovijo, da varno pridejo na drugo stran. Vsak ve\u010der pregledajo postavljeno ograjo in najdene dvo\u017eivke z vedri prenesemo k ribniku. Pomo\u010di so \u0161e posebej veseli ob de\u017eevnih dnevih, ko je aktivnost dvo\u017eivk najve\u010dja &#8211; tako vabijo prostovoljce, da se jim ob ve\u010derih pridru\u017eijo pri tem pomembnem opravilu.<br \/>\n<strong>Anja Bol\u010dina<\/strong> iz Kozjanskega parka je za Radio Rogla povedala ve\u010d o akciji, \u0161tevilu dvo\u017eivk in njihovem pomenu:<\/p>\n<audio class=\"wp-audio-shortcode\" id=\"audio-160758-1\" preload=\"none\" style=\"width: 100%;\" controls=\"controls\"><source type=\"audio\/mpeg\" src=\"https:\/\/novice.si\/page\/wp-content\/uploads\/2023\/03\/bolcina.mp3?_=1\" \/><a href=\"https:\/\/novice.si\/page\/wp-content\/uploads\/2023\/03\/bolcina.mp3\">https:\/\/novice.si\/page\/wp-content\/uploads\/2023\/03\/bolcina.mp3<\/a><\/audio>\n<p><strong>Izgradili bodo podhode\u00a0<\/strong><\/p>\n<p>Letos je za sodelovanje v tej akciji morda zadnja prilo\u017enost. Do konca leta 2023 namre\u010d na\u010drtujejo izgradnjo cestnih podhodov in trajnih varovalnih ograj. Ti ukrepi bodo omogo\u010dili varen prehod dvo\u017eivk do ribnika in nazaj do njihovih poletnih prebivali\u0161\u010d. Njihove selitve namre\u010d potekajo vse leto, vendar so kasneje v sezoni bolj razpr\u0161ene in zato manj opazne, do povozov pa vseeno prihaja.<br \/>\n<em>&#8220;Z za\u010dasnimi ograjami lahko prepre\u010dimo povoze na mno\u017ei\u010dnih spomladanskih selitvah, s trajnimi ukrepi pa jih obvarujemo celo leto. Skupaj z \u017ee vzpostavljeno cono brez rib, ki bo omogo\u010dila uspe\u0161nej\u0161i razvoj mrestov in paglavcev do mladih \u017eivali, bodo ti ukrepi pripomogli k ohranjanju \u0161tevil\u010dnosti populacij na tem obmo\u010dju,&#8221;<\/em> je pojasnila Anja Bol\u010dina iz Kozjanskega parka.<\/p>\n<p><strong>Tudi u\u010dna pot<\/strong><\/p>\n<p><a href=\"https:\/\/novice.si\/page\/wp-content\/uploads\/2023\/03\/Pa-se-skupinska-slika.jpg\" data-gallery><img loading=\"lazy\" decoding=\"async\" class=\"size-medium wp-image-160769 alignleft\" src=\"https:\/\/novice.si\/page\/wp-content\/uploads\/2023\/03\/Pa-se-skupinska-slika-300x200.jpg\" alt=\"\" width=\"300\" height=\"200\" srcset=\"https:\/\/novice.si\/page\/wp-content\/uploads\/2023\/03\/Pa-se-skupinska-slika-300x200.jpg 300w, https:\/\/novice.si\/page\/wp-content\/uploads\/2023\/03\/Pa-se-skupinska-slika-1024x684.jpg 1024w, https:\/\/novice.si\/page\/wp-content\/uploads\/2023\/03\/Pa-se-skupinska-slika-768x513.jpg 768w, https:\/\/novice.si\/page\/wp-content\/uploads\/2023\/03\/Pa-se-skupinska-slika-696x465.jpg 696w, https:\/\/novice.si\/page\/wp-content\/uploads\/2023\/03\/Pa-se-skupinska-slika-1068x713.jpg 1068w, https:\/\/novice.si\/page\/wp-content\/uploads\/2023\/03\/Pa-se-skupinska-slika-629x420.jpg 629w, https:\/\/novice.si\/page\/wp-content\/uploads\/2023\/03\/Pa-se-skupinska-slika-24x16.jpg 24w, https:\/\/novice.si\/page\/wp-content\/uploads\/2023\/03\/Pa-se-skupinska-slika-36x24.jpg 36w, https:\/\/novice.si\/page\/wp-content\/uploads\/2023\/03\/Pa-se-skupinska-slika-48x32.jpg 48w, https:\/\/novice.si\/page\/wp-content\/uploads\/2023\/03\/Pa-se-skupinska-slika.jpg 1400w\" sizes=\"auto, (max-width: 300px) 100vw, 300px\" \/><\/a>Ob ribniku bodo v leto\u0161njem letu uredili u\u010dno pot, ki bo prikazovala \u017eivljenje dvo\u017eivk, v Kolarjevi doma\u010diji pa\u00a0 vzpostavili Informacijski center za dvo\u017eivke. V njem boste lahko spoznali dvanajst vrst dvo\u017eivk, ki jih najdemo v Kozjanskem parku in bli\u017enjih obmo\u010djih Natura 2000 (obmo\u010dje Natura 2000 Bohor ter obmo\u010dje Natura 2000 Dobrava &#8211; Jovsi).<br \/>\nIn ker je Kolarjeva doma\u010dija v lasti ob\u010dine Bistrica ob Sotli, so se akcije prenosa dvo\u017eivk pred dnevi udele\u017eili tudi \u017eupan Franjo Debelak, predstavnica ob\u010dinske uprave in vsi \u010dlani ob\u010dinskega sveta ob\u010dine Bistrica ob Sotli. Izkoristili so \u0161e zadnjo prilo\u017enost, saj bo akcija na tem cestnem odseku leto\u0161nje leto potekala zadnji\u010d.<br \/>\n(NK; Vir in foto: Kozjanski park)<\/p>\n\r\n                <style type=\"text\/css\">\r\n                    \r\n                    #tdi_1  .td-doubleSlider-2 .td-item1 {\r\n                        background: url(https:\/\/novice.si\/page\/wp-content\/uploads\/2023\/03\/Anja-Bolcina-predstavlja-projekt-Life-Amphicon-80x60.jpg) 0 0 no-repeat;\r\n                    }\r\n                    #tdi_1  .td-doubleSlider-2 .td-item2 {\r\n                        background: url(https:\/\/novice.si\/page\/wp-content\/uploads\/2023\/03\/Izpust-zab-v-ribnik-Trebce-80x60.jpg) 0 0 no-repeat;\r\n                    }\r\n                    #tdi_1  .td-doubleSlider-2 .td-item3 {\r\n                        background: url(https:\/\/novice.si\/page\/wp-content\/uploads\/2023\/03\/okoli-50-zab-smo-varno-prenesli-na-drugo-stran-ceste-80x60.jpg) 0 0 no-repeat;\r\n                    }\r\n                    #tdi_1  .td-doubleSlider-2 .td-item4 {\r\n                        background: url(https:\/\/novice.si\/page\/wp-content\/uploads\/2023\/03\/Pa-se-skupinska-slika-80x60.jpg) 0 0 no-repeat;\r\n                    }\r\n                    #tdi_1  .td-doubleSlider-2 .td-item5 {\r\n                        background: url(https:\/\/novice.si\/page\/wp-content\/uploads\/2023\/03\/predsodke-smo-izgubili-80x60.jpg) 0 0 no-repeat;\r\n                    }\r\n                    #tdi_1  .td-doubleSlider-2 .td-item6 {\r\n                        background: url(https:\/\/novice.si\/page\/wp-content\/uploads\/2023\/03\/Priprave-na-prenos-zab-80x60.jpg) 0 0 no-repeat;\r\n                    }\r\n                    #tdi_1  .td-doubleSlider-2 .td-item7 {\r\n                        background: url(https:\/\/novice.si\/page\/wp-content\/uploads\/2023\/03\/Trebce_Dvozivke_Kozjanski-park_13.3.2023-1823-80x60.jpg) 0 0 no-repeat;\r\n                    }\r\n                <\/style>\r\n\r\n                <div id=\"tdi_1\" class=\"td-gallery td-slide-on-2-columns\">\r\n                    <div class=\"post_td_gallery\">\r\n                        <div class=\"td-gallery-slide-top\">\r\n                           <div class=\"td-gallery-title\"><\/div>\r\n\r\n                            <div class=\"td-gallery-controls-wrapper\">\r\n                                <div class=\"td-gallery-slide-count\"><span class=\"td-gallery-slide-item-focus\">1<\/span> od 7<\/div>\r\n                                <div class=\"td-gallery-slide-prev-next-but\">\r\n                                    <i class = \"td-icon-left doubleSliderPrevButton\"><\/i>\r\n                                    <i class = \"td-icon-right doubleSliderNextButton\"><\/i>\r\n                                <\/div>\r\n                            <\/div>\r\n                        <\/div>\r\n\r\n                        <div class = \"td-doubleSlider-1 \">\r\n                            <div class = \"td-slider\">\r\n                                \r\n                    <div class = \"td-slide-item td-item1\">\r\n                        <figure class=\"td-slide-galery-figure td-slide-popup-gallery\">\r\n                            <a class=\"slide-gallery-image-link\" href=\"https:\/\/novice.si\/page\/wp-content\/uploads\/2023\/03\/Anja-Bolcina-predstavlja-projekt-Life-Amphicon.jpg\" title=\"Anja Bol\u010dina predstavlja projekt Life Amphicon\"  data-caption=\"\"  data-description=\"\" data-gallery>\r\n                                <img decoding=\"async\" src=\"https:\/\/novice.si\/page\/wp-content\/uploads\/2023\/03\/Anja-Bolcina-predstavlja-projekt-Life-Amphicon-629x420.jpg\" srcset=\"https:\/\/novice.si\/page\/wp-content\/uploads\/2023\/03\/Anja-Bolcina-predstavlja-projekt-Life-Amphicon-629x420.jpg 629w, https:\/\/novice.si\/page\/wp-content\/uploads\/2023\/03\/Anja-Bolcina-predstavlja-projekt-Life-Amphicon-300x200.jpg 300w, https:\/\/novice.si\/page\/wp-content\/uploads\/2023\/03\/Anja-Bolcina-predstavlja-projekt-Life-Amphicon-1024x684.jpg 1024w, https:\/\/novice.si\/page\/wp-content\/uploads\/2023\/03\/Anja-Bolcina-predstavlja-projekt-Life-Amphicon-768x513.jpg 768w, https:\/\/novice.si\/page\/wp-content\/uploads\/2023\/03\/Anja-Bolcina-predstavlja-projekt-Life-Amphicon-696x465.jpg 696w, https:\/\/novice.si\/page\/wp-content\/uploads\/2023\/03\/Anja-Bolcina-predstavlja-projekt-Life-Amphicon-1068x713.jpg 1068w, https:\/\/novice.si\/page\/wp-content\/uploads\/2023\/03\/Anja-Bolcina-predstavlja-projekt-Life-Amphicon-24x16.jpg 24w, https:\/\/novice.si\/page\/wp-content\/uploads\/2023\/03\/Anja-Bolcina-predstavlja-projekt-Life-Amphicon-36x24.jpg 36w, https:\/\/novice.si\/page\/wp-content\/uploads\/2023\/03\/Anja-Bolcina-predstavlja-projekt-Life-Amphicon-48x32.jpg 48w, https:\/\/novice.si\/page\/wp-content\/uploads\/2023\/03\/Anja-Bolcina-predstavlja-projekt-Life-Amphicon.jpg 1400w\" sizes=\"(max-width: 629px) 100vw, 629px\" alt=\"\">\r\n                            <\/a>\r\n                            \r\n                        <\/figure>\r\n                    <\/div>\r\n                    <div class = \"td-slide-item td-item2\">\r\n                        <figure class=\"td-slide-galery-figure td-slide-popup-gallery\">\r\n                            <a class=\"slide-gallery-image-link\" href=\"https:\/\/novice.si\/page\/wp-content\/uploads\/2023\/03\/Izpust-zab-v-ribnik-Trebce.jpg\" title=\"Izpust \u017eab v ribnik Treb\u010de\"  data-caption=\"\"  data-description=\"\" data-gallery>\r\n                                <img decoding=\"async\" src=\"https:\/\/novice.si\/page\/wp-content\/uploads\/2023\/03\/Izpust-zab-v-ribnik-Trebce-629x420.jpg\" srcset=\"https:\/\/novice.si\/page\/wp-content\/uploads\/2023\/03\/Izpust-zab-v-ribnik-Trebce-629x420.jpg 629w, https:\/\/novice.si\/page\/wp-content\/uploads\/2023\/03\/Izpust-zab-v-ribnik-Trebce-300x200.jpg 300w, https:\/\/novice.si\/page\/wp-content\/uploads\/2023\/03\/Izpust-zab-v-ribnik-Trebce-1024x684.jpg 1024w, https:\/\/novice.si\/page\/wp-content\/uploads\/2023\/03\/Izpust-zab-v-ribnik-Trebce-768x513.jpg 768w, https:\/\/novice.si\/page\/wp-content\/uploads\/2023\/03\/Izpust-zab-v-ribnik-Trebce-696x465.jpg 696w, https:\/\/novice.si\/page\/wp-content\/uploads\/2023\/03\/Izpust-zab-v-ribnik-Trebce-1068x713.jpg 1068w, https:\/\/novice.si\/page\/wp-content\/uploads\/2023\/03\/Izpust-zab-v-ribnik-Trebce-24x16.jpg 24w, https:\/\/novice.si\/page\/wp-content\/uploads\/2023\/03\/Izpust-zab-v-ribnik-Trebce-36x24.jpg 36w, https:\/\/novice.si\/page\/wp-content\/uploads\/2023\/03\/Izpust-zab-v-ribnik-Trebce-48x32.jpg 48w, https:\/\/novice.si\/page\/wp-content\/uploads\/2023\/03\/Izpust-zab-v-ribnik-Trebce.jpg 1400w\" sizes=\"(max-width: 629px) 100vw, 629px\" alt=\"\">\r\n                            <\/a>\r\n                            \r\n                        <\/figure>\r\n                    <\/div>\r\n                    <div class = \"td-slide-item td-item3\">\r\n                        <figure class=\"td-slide-galery-figure td-slide-popup-gallery\">\r\n                            <a class=\"slide-gallery-image-link\" href=\"https:\/\/novice.si\/page\/wp-content\/uploads\/2023\/03\/okoli-50-zab-smo-varno-prenesli-na-drugo-stran-ceste.jpg\" title=\"okoli 50 \u017eab smo varno prenesli na drugo stran ceste\"  data-caption=\"\"  data-description=\"\" data-gallery>\r\n                                <img decoding=\"async\" src=\"https:\/\/novice.si\/page\/wp-content\/uploads\/2023\/03\/okoli-50-zab-smo-varno-prenesli-na-drugo-stran-ceste-629x420.jpg\" srcset=\"https:\/\/novice.si\/page\/wp-content\/uploads\/2023\/03\/okoli-50-zab-smo-varno-prenesli-na-drugo-stran-ceste-629x420.jpg 629w, https:\/\/novice.si\/page\/wp-content\/uploads\/2023\/03\/okoli-50-zab-smo-varno-prenesli-na-drugo-stran-ceste-300x200.jpg 300w, https:\/\/novice.si\/page\/wp-content\/uploads\/2023\/03\/okoli-50-zab-smo-varno-prenesli-na-drugo-stran-ceste-1024x684.jpg 1024w, https:\/\/novice.si\/page\/wp-content\/uploads\/2023\/03\/okoli-50-zab-smo-varno-prenesli-na-drugo-stran-ceste-768x513.jpg 768w, https:\/\/novice.si\/page\/wp-content\/uploads\/2023\/03\/okoli-50-zab-smo-varno-prenesli-na-drugo-stran-ceste-696x465.jpg 696w, https:\/\/novice.si\/page\/wp-content\/uploads\/2023\/03\/okoli-50-zab-smo-varno-prenesli-na-drugo-stran-ceste-1068x713.jpg 1068w, https:\/\/novice.si\/page\/wp-content\/uploads\/2023\/03\/okoli-50-zab-smo-varno-prenesli-na-drugo-stran-ceste-24x16.jpg 24w, https:\/\/novice.si\/page\/wp-content\/uploads\/2023\/03\/okoli-50-zab-smo-varno-prenesli-na-drugo-stran-ceste-36x24.jpg 36w, https:\/\/novice.si\/page\/wp-content\/uploads\/2023\/03\/okoli-50-zab-smo-varno-prenesli-na-drugo-stran-ceste-48x32.jpg 48w, https:\/\/novice.si\/page\/wp-content\/uploads\/2023\/03\/okoli-50-zab-smo-varno-prenesli-na-drugo-stran-ceste.jpg 1400w\" sizes=\"(max-width: 629px) 100vw, 629px\" alt=\"\">\r\n                            <\/a>\r\n                            \r\n                        <\/figure>\r\n                    <\/div>\r\n                    <div class = \"td-slide-item td-item4\">\r\n                        <figure class=\"td-slide-galery-figure td-slide-popup-gallery\">\r\n                            <a class=\"slide-gallery-image-link\" href=\"https:\/\/novice.si\/page\/wp-content\/uploads\/2023\/03\/Pa-se-skupinska-slika.jpg\" title=\"Pa \u0161e skupinska slika\"  data-caption=\"\"  data-description=\"\" data-gallery>\r\n                                <img decoding=\"async\" src=\"https:\/\/novice.si\/page\/wp-content\/uploads\/2023\/03\/Pa-se-skupinska-slika-629x420.jpg\" srcset=\"https:\/\/novice.si\/page\/wp-content\/uploads\/2023\/03\/Pa-se-skupinska-slika-629x420.jpg 629w, https:\/\/novice.si\/page\/wp-content\/uploads\/2023\/03\/Pa-se-skupinska-slika-300x200.jpg 300w, https:\/\/novice.si\/page\/wp-content\/uploads\/2023\/03\/Pa-se-skupinska-slika-1024x684.jpg 1024w, https:\/\/novice.si\/page\/wp-content\/uploads\/2023\/03\/Pa-se-skupinska-slika-768x513.jpg 768w, https:\/\/novice.si\/page\/wp-content\/uploads\/2023\/03\/Pa-se-skupinska-slika-696x465.jpg 696w, https:\/\/novice.si\/page\/wp-content\/uploads\/2023\/03\/Pa-se-skupinska-slika-1068x713.jpg 1068w, https:\/\/novice.si\/page\/wp-content\/uploads\/2023\/03\/Pa-se-skupinska-slika-24x16.jpg 24w, https:\/\/novice.si\/page\/wp-content\/uploads\/2023\/03\/Pa-se-skupinska-slika-36x24.jpg 36w, https:\/\/novice.si\/page\/wp-content\/uploads\/2023\/03\/Pa-se-skupinska-slika-48x32.jpg 48w, https:\/\/novice.si\/page\/wp-content\/uploads\/2023\/03\/Pa-se-skupinska-slika.jpg 1400w\" sizes=\"(max-width: 629px) 100vw, 629px\" alt=\"\">\r\n                            <\/a>\r\n                            \r\n                        <\/figure>\r\n                    <\/div>\r\n                    <div class = \"td-slide-item td-item5\">\r\n                        <figure class=\"td-slide-galery-figure td-slide-popup-gallery\">\r\n                            <a class=\"slide-gallery-image-link\" href=\"https:\/\/novice.si\/page\/wp-content\/uploads\/2023\/03\/predsodke-smo-izgubili.jpg\" title=\"predsodke smo izgubili\"  data-caption=\"\"  data-description=\"\" data-gallery>\r\n                                <img decoding=\"async\" src=\"https:\/\/novice.si\/page\/wp-content\/uploads\/2023\/03\/predsodke-smo-izgubili-629x420.jpg\" srcset=\"https:\/\/novice.si\/page\/wp-content\/uploads\/2023\/03\/predsodke-smo-izgubili-629x420.jpg 629w, https:\/\/novice.si\/page\/wp-content\/uploads\/2023\/03\/predsodke-smo-izgubili-300x200.jpg 300w, https:\/\/novice.si\/page\/wp-content\/uploads\/2023\/03\/predsodke-smo-izgubili-1024x684.jpg 1024w, https:\/\/novice.si\/page\/wp-content\/uploads\/2023\/03\/predsodke-smo-izgubili-768x513.jpg 768w, https:\/\/novice.si\/page\/wp-content\/uploads\/2023\/03\/predsodke-smo-izgubili-696x465.jpg 696w, https:\/\/novice.si\/page\/wp-content\/uploads\/2023\/03\/predsodke-smo-izgubili-1068x713.jpg 1068w, https:\/\/novice.si\/page\/wp-content\/uploads\/2023\/03\/predsodke-smo-izgubili-24x16.jpg 24w, https:\/\/novice.si\/page\/wp-content\/uploads\/2023\/03\/predsodke-smo-izgubili-36x24.jpg 36w, https:\/\/novice.si\/page\/wp-content\/uploads\/2023\/03\/predsodke-smo-izgubili-48x32.jpg 48w, https:\/\/novice.si\/page\/wp-content\/uploads\/2023\/03\/predsodke-smo-izgubili.jpg 1400w\" sizes=\"(max-width: 629px) 100vw, 629px\" alt=\"\">\r\n                            <\/a>\r\n                            \r\n                        <\/figure>\r\n                    <\/div>\r\n                    <div class = \"td-slide-item td-item6\">\r\n                        <figure class=\"td-slide-galery-figure td-slide-popup-gallery\">\r\n                            <a class=\"slide-gallery-image-link\" href=\"https:\/\/novice.si\/page\/wp-content\/uploads\/2023\/03\/Priprave-na-prenos-zab.jpg\" title=\"Priprave na prenos \u017eab\"  data-caption=\"\"  data-description=\"\" data-gallery>\r\n                                <img decoding=\"async\" src=\"https:\/\/novice.si\/page\/wp-content\/uploads\/2023\/03\/Priprave-na-prenos-zab-629x420.jpg\" srcset=\"https:\/\/novice.si\/page\/wp-content\/uploads\/2023\/03\/Priprave-na-prenos-zab-629x420.jpg 629w, https:\/\/novice.si\/page\/wp-content\/uploads\/2023\/03\/Priprave-na-prenos-zab-300x200.jpg 300w, https:\/\/novice.si\/page\/wp-content\/uploads\/2023\/03\/Priprave-na-prenos-zab-1024x684.jpg 1024w, https:\/\/novice.si\/page\/wp-content\/uploads\/2023\/03\/Priprave-na-prenos-zab-768x513.jpg 768w, https:\/\/novice.si\/page\/wp-content\/uploads\/2023\/03\/Priprave-na-prenos-zab-696x465.jpg 696w, https:\/\/novice.si\/page\/wp-content\/uploads\/2023\/03\/Priprave-na-prenos-zab-1068x713.jpg 1068w, https:\/\/novice.si\/page\/wp-content\/uploads\/2023\/03\/Priprave-na-prenos-zab-24x16.jpg 24w, https:\/\/novice.si\/page\/wp-content\/uploads\/2023\/03\/Priprave-na-prenos-zab-36x24.jpg 36w, https:\/\/novice.si\/page\/wp-content\/uploads\/2023\/03\/Priprave-na-prenos-zab-48x32.jpg 48w, https:\/\/novice.si\/page\/wp-content\/uploads\/2023\/03\/Priprave-na-prenos-zab.jpg 1400w\" sizes=\"(max-width: 629px) 100vw, 629px\" alt=\"\">\r\n                            <\/a>\r\n                            \r\n                        <\/figure>\r\n                    <\/div>\r\n                    <div class = \"td-slide-item td-item7\">\r\n                        <figure class=\"td-slide-galery-figure td-slide-popup-gallery\">\r\n                            <a class=\"slide-gallery-image-link\" href=\"https:\/\/novice.si\/page\/wp-content\/uploads\/2023\/03\/Trebce_Dvozivke_Kozjanski-park_13.3.2023-1823.jpg\" title=\"Trebce_Dvozivke_Kozjanski park_13.3.2023-1823\"  data-caption=\"\"  data-description=\"\" data-gallery>\r\n                                <img decoding=\"async\" src=\"https:\/\/novice.si\/page\/wp-content\/uploads\/2023\/03\/Trebce_Dvozivke_Kozjanski-park_13.3.2023-1823-629x420.jpg\" srcset=\"https:\/\/novice.si\/page\/wp-content\/uploads\/2023\/03\/Trebce_Dvozivke_Kozjanski-park_13.3.2023-1823-629x420.jpg 629w, https:\/\/novice.si\/page\/wp-content\/uploads\/2023\/03\/Trebce_Dvozivke_Kozjanski-park_13.3.2023-1823-300x200.jpg 300w, https:\/\/novice.si\/page\/wp-content\/uploads\/2023\/03\/Trebce_Dvozivke_Kozjanski-park_13.3.2023-1823-1024x684.jpg 1024w, https:\/\/novice.si\/page\/wp-content\/uploads\/2023\/03\/Trebce_Dvozivke_Kozjanski-park_13.3.2023-1823-768x513.jpg 768w, https:\/\/novice.si\/page\/wp-content\/uploads\/2023\/03\/Trebce_Dvozivke_Kozjanski-park_13.3.2023-1823-696x465.jpg 696w, https:\/\/novice.si\/page\/wp-content\/uploads\/2023\/03\/Trebce_Dvozivke_Kozjanski-park_13.3.2023-1823-1068x713.jpg 1068w, https:\/\/novice.si\/page\/wp-content\/uploads\/2023\/03\/Trebce_Dvozivke_Kozjanski-park_13.3.2023-1823-24x16.jpg 24w, https:\/\/novice.si\/page\/wp-content\/uploads\/2023\/03\/Trebce_Dvozivke_Kozjanski-park_13.3.2023-1823-36x24.jpg 36w, https:\/\/novice.si\/page\/wp-content\/uploads\/2023\/03\/Trebce_Dvozivke_Kozjanski-park_13.3.2023-1823-48x32.jpg 48w, https:\/\/novice.si\/page\/wp-content\/uploads\/2023\/03\/Trebce_Dvozivke_Kozjanski-park_13.3.2023-1823.jpg 1400w\" sizes=\"(max-width: 629px) 100vw, 629px\" alt=\"\">\r\n                            <\/a>\r\n                            \r\n                        <\/figure>\r\n                    <\/div>\r\n                            <\/div>\r\n                        <\/div>\r\n\r\n                        <div class = \"td-doubleSlider-2\">\r\n                            <div class = \"td-slider\">\r\n                                \r\n                    <div class = \"td-button td-item1\">\r\n                        <div class = \"td-border\"><\/div>\r\n                    <\/div>\r\n                    <div class = \"td-button td-item2\">\r\n                        <div class = \"td-border\"><\/div>\r\n                    <\/div>\r\n                    <div class = \"td-button td-item3\">\r\n                        <div class = \"td-border\"><\/div>\r\n                    <\/div>\r\n                    <div class = \"td-button td-item4\">\r\n                        <div class = \"td-border\"><\/div>\r\n                    <\/div>\r\n                    <div class = \"td-button td-item5\">\r\n                        <div class = \"td-border\"><\/div>\r\n                    <\/div>\r\n                    <div class = \"td-button td-item6\">\r\n                        <div class = \"td-border\"><\/div>\r\n                    <\/div>\r\n                    <div class = \"td-button td-item7\">\r\n                        <div class = \"td-border\"><\/div>\r\n                    <\/div>\r\n                            <\/div>\r\n                        <\/div>\r\n\r\n                    <\/div>\r\n\r\n                <\/div>\r\n                \n<p>&nbsp;<\/p>\n","protected":false},"excerpt":{"rendered":"<p>Toplej\u0161i ve\u010deri so tudi na Treb\u010dah prebudili dvo\u017eivke, ki so se iz svojih gozdnih prezimovali\u0161\u010d mno\u017ei\u010dno napotile proti ribniku, sporo\u010dajo iz Kozjanskega parka. Ribnik predstavlja pomembno mresti\u0161\u010de za tamkaj\u0161nje krasta\u010de, sekulje in rosnice, ob\u010dasno pa opazijo tudi kak\u0161nega pupka. Ker pa jim selitveno pot do ribnika pre\u010dka cesta,\u00a0 v Kozjanskem parku vsako leto postavijo za\u010dasno [&hellip;]<\/p>\n","protected":false},"author":12,"featured_media":160767,"comment_status":"closed","ping_status":"closed","sticky":false,"template":"","format":"standard","meta":{"footnotes":""},"categories":[14,868,15,38,3108,5406],"tags":[17290,5740,17291],"class_list":{"0":"post-160758","1":"post","2":"type-post","3":"status-publish","4":"format-standard","5":"has-post-thumbnail","7":"category-aktualno","8":"category-casopisi","9":"category-druzabno","10":"category-kozjansko","11":"category-radio-rogla","12":"category-rogaske-novice","13":"tag-dvozivke","14":"tag-kozjanski-park","15":"tag-zabe"},"yoast_head":"<!-- This site is optimized with the Yoast SEO plugin v27.4 - https:\/\/yoast.com\/product\/yoast-seo-wordpress\/ -->\n<title>Kozjanski park: pri ribniku Treb\u010de \u0161e zadnje leto pomagajo dvo\u017eivkam varno \u010dez cesto - Novice.si<\/title>\n<meta name=\"robots\" content=\"index, follow, max-snippet:-1, max-image-preview:large, max-video-preview:-1\" \/>\n<link rel=\"canonical\" href=\"https:\/\/novice.si\/page\/kozjanski-park-pri-ribniku-trebce-se-zadnje-leto-pomagajo-dvozivkam-varno-cez-cesto\/\" \/>\n<meta property=\"og:locale\" content=\"sl_SI\" \/>\n<meta property=\"og:type\" content=\"article\" \/>\n<meta property=\"og:title\" content=\"Kozjanski park: pri ribniku Treb\u010de \u0161e zadnje leto pomagajo dvo\u017eivkam varno \u010dez cesto - Novice.si\" \/>\n<meta property=\"og:description\" content=\"Toplej\u0161i ve\u010deri so tudi na Treb\u010dah prebudili dvo\u017eivke, ki so se iz svojih gozdnih prezimovali\u0161\u010d mno\u017ei\u010dno napotile proti ribniku, sporo\u010dajo iz Kozjanskega parka. Ribnik predstavlja pomembno mresti\u0161\u010de za tamkaj\u0161nje krasta\u010de, sekulje in rosnice, ob\u010dasno pa opazijo tudi kak\u0161nega pupka. Ker pa jim selitveno pot do ribnika pre\u010dka cesta,\u00a0 v Kozjanskem parku vsako leto postavijo za\u010dasno [&hellip;]\" \/>\n<meta property=\"og:url\" content=\"https:\/\/novice.si\/page\/kozjanski-park-pri-ribniku-trebce-se-zadnje-leto-pomagajo-dvozivkam-varno-cez-cesto\/\" \/>\n<meta property=\"og:site_name\" content=\"Novice.si\" \/>\n<meta property=\"article:published_time\" content=\"2023-03-14T10:06:49+00:00\" \/>\n<meta property=\"article:modified_time\" content=\"2023-03-14T10:12:06+00:00\" \/>\n<meta property=\"og:image\" content=\"https:\/\/novice.si\/page\/wp-content\/uploads\/2023\/03\/Izpust-zab-v-ribnik-Trebce.jpg\" \/>\n\t<meta property=\"og:image:width\" content=\"1400\" \/>\n\t<meta property=\"og:image:height\" content=\"935\" \/>\n\t<meta property=\"og:image:type\" content=\"image\/jpeg\" \/>\n<meta name=\"author\" content=\"Uredni\u0161tvo Celjana\" \/>\n<meta name=\"twitter:card\" content=\"summary_large_image\" \/>\n<meta name=\"twitter:label1\" content=\"Written by\" \/>\n\t<meta name=\"twitter:data1\" content=\"Uredni\u0161tvo Celjana\" \/>\n\t<meta name=\"twitter:label2\" content=\"Est. reading time\" \/>\n\t<meta name=\"twitter:data2\" content=\"3 minute\" \/>\n<script type=\"application\/ld+json\" class=\"yoast-schema-graph\">{\"@context\":\"https:\\\/\\\/schema.org\",\"@graph\":[{\"@type\":\"Article\",\"@id\":\"https:\\\/\\\/novice.si\\\/page\\\/kozjanski-park-pri-ribniku-trebce-se-zadnje-leto-pomagajo-dvozivkam-varno-cez-cesto\\\/#article\",\"isPartOf\":{\"@id\":\"https:\\\/\\\/novice.si\\\/page\\\/kozjanski-park-pri-ribniku-trebce-se-zadnje-leto-pomagajo-dvozivkam-varno-cez-cesto\\\/\"},\"author\":{\"name\":\"Uredni\u0161tvo Celjana\",\"@id\":\"https:\\\/\\\/novice.si\\\/page\\\/#\\\/schema\\\/person\\\/51903923b50fefb075bc1cd24fe4d065\"},\"headline\":\"Kozjanski park: pri ribniku Treb\u010de \u0161e zadnje leto pomagajo dvo\u017eivkam varno \u010dez cesto\",\"datePublished\":\"2023-03-14T10:06:49+00:00\",\"dateModified\":\"2023-03-14T10:12:06+00:00\",\"mainEntityOfPage\":{\"@id\":\"https:\\\/\\\/novice.si\\\/page\\\/kozjanski-park-pri-ribniku-trebce-se-zadnje-leto-pomagajo-dvozivkam-varno-cez-cesto\\\/\"},\"wordCount\":452,\"publisher\":{\"@id\":\"https:\\\/\\\/novice.si\\\/page\\\/#organization\"},\"image\":{\"@id\":\"https:\\\/\\\/novice.si\\\/page\\\/kozjanski-park-pri-ribniku-trebce-se-zadnje-leto-pomagajo-dvozivkam-varno-cez-cesto\\\/#primaryimage\"},\"thumbnailUrl\":\"https:\\\/\\\/novice.si\\\/page\\\/wp-content\\\/uploads\\\/2023\\\/03\\\/Izpust-zab-v-ribnik-Trebce.jpg\",\"keywords\":[\"dvo\u017eivke\",\"Kozjanski park\",\"\u017eabe\"],\"articleSection\":[\"Aktualno\",\"\u010casopisi\",\"Dru\u017eabno\",\"Kozjansko\",\"Radio Rogla\",\"Roga\u0161ke novice\"],\"inLanguage\":\"sl-SI\"},{\"@type\":\"WebPage\",\"@id\":\"https:\\\/\\\/novice.si\\\/page\\\/kozjanski-park-pri-ribniku-trebce-se-zadnje-leto-pomagajo-dvozivkam-varno-cez-cesto\\\/\",\"url\":\"https:\\\/\\\/novice.si\\\/page\\\/kozjanski-park-pri-ribniku-trebce-se-zadnje-leto-pomagajo-dvozivkam-varno-cez-cesto\\\/\",\"name\":\"Kozjanski park: pri ribniku Treb\u010de \u0161e zadnje leto pomagajo dvo\u017eivkam varno \u010dez cesto - Novice.si\",\"isPartOf\":{\"@id\":\"https:\\\/\\\/novice.si\\\/page\\\/#website\"},\"primaryImageOfPage\":{\"@id\":\"https:\\\/\\\/novice.si\\\/page\\\/kozjanski-park-pri-ribniku-trebce-se-zadnje-leto-pomagajo-dvozivkam-varno-cez-cesto\\\/#primaryimage\"},\"image\":{\"@id\":\"https:\\\/\\\/novice.si\\\/page\\\/kozjanski-park-pri-ribniku-trebce-se-zadnje-leto-pomagajo-dvozivkam-varno-cez-cesto\\\/#primaryimage\"},\"thumbnailUrl\":\"https:\\\/\\\/novice.si\\\/page\\\/wp-content\\\/uploads\\\/2023\\\/03\\\/Izpust-zab-v-ribnik-Trebce.jpg\",\"datePublished\":\"2023-03-14T10:06:49+00:00\",\"dateModified\":\"2023-03-14T10:12:06+00:00\",\"breadcrumb\":{\"@id\":\"https:\\\/\\\/novice.si\\\/page\\\/kozjanski-park-pri-ribniku-trebce-se-zadnje-leto-pomagajo-dvozivkam-varno-cez-cesto\\\/#breadcrumb\"},\"inLanguage\":\"sl-SI\",\"potentialAction\":[{\"@type\":\"ReadAction\",\"target\":[\"https:\\\/\\\/novice.si\\\/page\\\/kozjanski-park-pri-ribniku-trebce-se-zadnje-leto-pomagajo-dvozivkam-varno-cez-cesto\\\/\"]}]},{\"@type\":\"ImageObject\",\"inLanguage\":\"sl-SI\",\"@id\":\"https:\\\/\\\/novice.si\\\/page\\\/kozjanski-park-pri-ribniku-trebce-se-zadnje-leto-pomagajo-dvozivkam-varno-cez-cesto\\\/#primaryimage\",\"url\":\"https:\\\/\\\/novice.si\\\/page\\\/wp-content\\\/uploads\\\/2023\\\/03\\\/Izpust-zab-v-ribnik-Trebce.jpg\",\"contentUrl\":\"https:\\\/\\\/novice.si\\\/page\\\/wp-content\\\/uploads\\\/2023\\\/03\\\/Izpust-zab-v-ribnik-Trebce.jpg\",\"width\":1400,\"height\":935},{\"@type\":\"BreadcrumbList\",\"@id\":\"https:\\\/\\\/novice.si\\\/page\\\/kozjanski-park-pri-ribniku-trebce-se-zadnje-leto-pomagajo-dvozivkam-varno-cez-cesto\\\/#breadcrumb\",\"itemListElement\":[{\"@type\":\"ListItem\",\"position\":1,\"name\":\"Home\",\"item\":\"https:\\\/\\\/novice.si\\\/page\\\/\"},{\"@type\":\"ListItem\",\"position\":2,\"name\":\"Kozjanski park: pri ribniku Treb\u010de \u0161e zadnje leto pomagajo dvo\u017eivkam varno \u010dez cesto\"}]},{\"@type\":\"WebSite\",\"@id\":\"https:\\\/\\\/novice.si\\\/page\\\/#website\",\"url\":\"https:\\\/\\\/novice.si\\\/page\\\/\",\"name\":\"Novice.si\",\"description\":\"\",\"publisher\":{\"@id\":\"https:\\\/\\\/novice.si\\\/page\\\/#organization\"},\"potentialAction\":[{\"@type\":\"SearchAction\",\"target\":{\"@type\":\"EntryPoint\",\"urlTemplate\":\"https:\\\/\\\/novice.si\\\/page\\\/?s={search_term_string}\"},\"query-input\":{\"@type\":\"PropertyValueSpecification\",\"valueRequired\":true,\"valueName\":\"search_term_string\"}}],\"inLanguage\":\"sl-SI\"},{\"@type\":\"Organization\",\"@id\":\"https:\\\/\\\/novice.si\\\/page\\\/#organization\",\"name\":\"Novice.si\",\"url\":\"https:\\\/\\\/novice.si\\\/page\\\/\",\"logo\":{\"@type\":\"ImageObject\",\"inLanguage\":\"sl-SI\",\"@id\":\"https:\\\/\\\/novice.si\\\/page\\\/#\\\/schema\\\/logo\\\/image\\\/\",\"url\":\"https:\\\/\\\/novice.si\\\/page\\\/wp-content\\\/uploads\\\/2023\\\/03\\\/novice_si.png\",\"contentUrl\":\"https:\\\/\\\/novice.si\\\/page\\\/wp-content\\\/uploads\\\/2023\\\/03\\\/novice_si.png\",\"width\":576,\"height\":200,\"caption\":\"Novice.si\"},\"image\":{\"@id\":\"https:\\\/\\\/novice.si\\\/page\\\/#\\\/schema\\\/logo\\\/image\\\/\"}},{\"@type\":\"Person\",\"@id\":\"https:\\\/\\\/novice.si\\\/page\\\/#\\\/schema\\\/person\\\/51903923b50fefb075bc1cd24fe4d065\",\"name\":\"Uredni\u0161tvo Celjana\",\"image\":{\"@type\":\"ImageObject\",\"inLanguage\":\"sl-SI\",\"@id\":\"https:\\\/\\\/secure.gravatar.com\\\/avatar\\\/b516f102aa90b53619e09722b8ea56721c99bfcb4f1035f9b333d99f52330226?s=96&d=mm&r=g\",\"url\":\"https:\\\/\\\/secure.gravatar.com\\\/avatar\\\/b516f102aa90b53619e09722b8ea56721c99bfcb4f1035f9b333d99f52330226?s=96&d=mm&r=g\",\"contentUrl\":\"https:\\\/\\\/secure.gravatar.com\\\/avatar\\\/b516f102aa90b53619e09722b8ea56721c99bfcb4f1035f9b333d99f52330226?s=96&d=mm&r=g\",\"caption\":\"Uredni\u0161tvo Celjana\"},\"url\":\"https:\\\/\\\/novice.si\\\/page\\\/author\\\/nejc\\\/\"}]}<\/script>\n<!-- \/ Yoast SEO plugin. -->","yoast_head_json":{"title":"Kozjanski park: pri ribniku Treb\u010de \u0161e zadnje leto pomagajo dvo\u017eivkam varno \u010dez cesto - Novice.si","robots":{"index":"index","follow":"follow","max-snippet":"max-snippet:-1","max-image-preview":"max-image-preview:large","max-video-preview":"max-video-preview:-1"},"canonical":"https:\/\/novice.si\/page\/kozjanski-park-pri-ribniku-trebce-se-zadnje-leto-pomagajo-dvozivkam-varno-cez-cesto\/","og_locale":"sl_SI","og_type":"article","og_title":"Kozjanski park: pri ribniku Treb\u010de \u0161e zadnje leto pomagajo dvo\u017eivkam varno \u010dez cesto - Novice.si","og_description":"Toplej\u0161i ve\u010deri so tudi na Treb\u010dah prebudili dvo\u017eivke, ki so se iz svojih gozdnih prezimovali\u0161\u010d mno\u017ei\u010dno napotile proti ribniku, sporo\u010dajo iz Kozjanskega parka. Ribnik predstavlja pomembno mresti\u0161\u010de za tamkaj\u0161nje krasta\u010de, sekulje in rosnice, ob\u010dasno pa opazijo tudi kak\u0161nega pupka. Ker pa jim selitveno pot do ribnika pre\u010dka cesta,\u00a0 v Kozjanskem parku vsako leto postavijo za\u010dasno [&hellip;]","og_url":"https:\/\/novice.si\/page\/kozjanski-park-pri-ribniku-trebce-se-zadnje-leto-pomagajo-dvozivkam-varno-cez-cesto\/","og_site_name":"Novice.si","article_published_time":"2023-03-14T10:06:49+00:00","article_modified_time":"2023-03-14T10:12:06+00:00","og_image":[{"width":1400,"height":935,"url":"https:\/\/novice.si\/page\/wp-content\/uploads\/2023\/03\/Izpust-zab-v-ribnik-Trebce.jpg","type":"image\/jpeg"}],"author":"Uredni\u0161tvo Celjana","twitter_card":"summary_large_image","twitter_misc":{"Written by":"Uredni\u0161tvo Celjana","Est. reading time":"3 minute"},"schema":{"@context":"https:\/\/schema.org","@graph":[{"@type":"Article","@id":"https:\/\/novice.si\/page\/kozjanski-park-pri-ribniku-trebce-se-zadnje-leto-pomagajo-dvozivkam-varno-cez-cesto\/#article","isPartOf":{"@id":"https:\/\/novice.si\/page\/kozjanski-park-pri-ribniku-trebce-se-zadnje-leto-pomagajo-dvozivkam-varno-cez-cesto\/"},"author":{"name":"Uredni\u0161tvo Celjana","@id":"https:\/\/novice.si\/page\/#\/schema\/person\/51903923b50fefb075bc1cd24fe4d065"},"headline":"Kozjanski park: pri ribniku Treb\u010de \u0161e zadnje leto pomagajo dvo\u017eivkam varno \u010dez cesto","datePublished":"2023-03-14T10:06:49+00:00","dateModified":"2023-03-14T10:12:06+00:00","mainEntityOfPage":{"@id":"https:\/\/novice.si\/page\/kozjanski-park-pri-ribniku-trebce-se-zadnje-leto-pomagajo-dvozivkam-varno-cez-cesto\/"},"wordCount":452,"publisher":{"@id":"https:\/\/novice.si\/page\/#organization"},"image":{"@id":"https:\/\/novice.si\/page\/kozjanski-park-pri-ribniku-trebce-se-zadnje-leto-pomagajo-dvozivkam-varno-cez-cesto\/#primaryimage"},"thumbnailUrl":"https:\/\/novice.si\/page\/wp-content\/uploads\/2023\/03\/Izpust-zab-v-ribnik-Trebce.jpg","keywords":["dvo\u017eivke","Kozjanski park","\u017eabe"],"articleSection":["Aktualno","\u010casopisi","Dru\u017eabno","Kozjansko","Radio Rogla","Roga\u0161ke novice"],"inLanguage":"sl-SI"},{"@type":"WebPage","@id":"https:\/\/novice.si\/page\/kozjanski-park-pri-ribniku-trebce-se-zadnje-leto-pomagajo-dvozivkam-varno-cez-cesto\/","url":"https:\/\/novice.si\/page\/kozjanski-park-pri-ribniku-trebce-se-zadnje-leto-pomagajo-dvozivkam-varno-cez-cesto\/","name":"Kozjanski park: pri ribniku Treb\u010de \u0161e zadnje leto pomagajo dvo\u017eivkam varno \u010dez cesto - Novice.si","isPartOf":{"@id":"https:\/\/novice.si\/page\/#website"},"primaryImageOfPage":{"@id":"https:\/\/novice.si\/page\/kozjanski-park-pri-ribniku-trebce-se-zadnje-leto-pomagajo-dvozivkam-varno-cez-cesto\/#primaryimage"},"image":{"@id":"https:\/\/novice.si\/page\/kozjanski-park-pri-ribniku-trebce-se-zadnje-leto-pomagajo-dvozivkam-varno-cez-cesto\/#primaryimage"},"thumbnailUrl":"https:\/\/novice.si\/page\/wp-content\/uploads\/2023\/03\/Izpust-zab-v-ribnik-Trebce.jpg","datePublished":"2023-03-14T10:06:49+00:00","dateModified":"2023-03-14T10:12:06+00:00","breadcrumb":{"@id":"https:\/\/novice.si\/page\/kozjanski-park-pri-ribniku-trebce-se-zadnje-leto-pomagajo-dvozivkam-varno-cez-cesto\/#breadcrumb"},"inLanguage":"sl-SI","potentialAction":[{"@type":"ReadAction","target":["https:\/\/novice.si\/page\/kozjanski-park-pri-ribniku-trebce-se-zadnje-leto-pomagajo-dvozivkam-varno-cez-cesto\/"]}]},{"@type":"ImageObject","inLanguage":"sl-SI","@id":"https:\/\/novice.si\/page\/kozjanski-park-pri-ribniku-trebce-se-zadnje-leto-pomagajo-dvozivkam-varno-cez-cesto\/#primaryimage","url":"https:\/\/novice.si\/page\/wp-content\/uploads\/2023\/03\/Izpust-zab-v-ribnik-Trebce.jpg","contentUrl":"https:\/\/novice.si\/page\/wp-content\/uploads\/2023\/03\/Izpust-zab-v-ribnik-Trebce.jpg","width":1400,"height":935},{"@type":"BreadcrumbList","@id":"https:\/\/novice.si\/page\/kozjanski-park-pri-ribniku-trebce-se-zadnje-leto-pomagajo-dvozivkam-varno-cez-cesto\/#breadcrumb","itemListElement":[{"@type":"ListItem","position":1,"name":"Home","item":"https:\/\/novice.si\/page\/"},{"@type":"ListItem","position":2,"name":"Kozjanski park: pri ribniku Treb\u010de \u0161e zadnje leto pomagajo dvo\u017eivkam varno \u010dez cesto"}]},{"@type":"WebSite","@id":"https:\/\/novice.si\/page\/#website","url":"https:\/\/novice.si\/page\/","name":"Novice.si","description":"","publisher":{"@id":"https:\/\/novice.si\/page\/#organization"},"potentialAction":[{"@type":"SearchAction","target":{"@type":"EntryPoint","urlTemplate":"https:\/\/novice.si\/page\/?s={search_term_string}"},"query-input":{"@type":"PropertyValueSpecification","valueRequired":true,"valueName":"search_term_string"}}],"inLanguage":"sl-SI"},{"@type":"Organization","@id":"https:\/\/novice.si\/page\/#organization","name":"Novice.si","url":"https:\/\/novice.si\/page\/","logo":{"@type":"ImageObject","inLanguage":"sl-SI","@id":"https:\/\/novice.si\/page\/#\/schema\/logo\/image\/","url":"https:\/\/novice.si\/page\/wp-content\/uploads\/2023\/03\/novice_si.png","contentUrl":"https:\/\/novice.si\/page\/wp-content\/uploads\/2023\/03\/novice_si.png","width":576,"height":200,"caption":"Novice.si"},"image":{"@id":"https:\/\/novice.si\/page\/#\/schema\/logo\/image\/"}},{"@type":"Person","@id":"https:\/\/novice.si\/page\/#\/schema\/person\/51903923b50fefb075bc1cd24fe4d065","name":"Uredni\u0161tvo Celjana","image":{"@type":"ImageObject","inLanguage":"sl-SI","@id":"https:\/\/secure.gravatar.com\/avatar\/b516f102aa90b53619e09722b8ea56721c99bfcb4f1035f9b333d99f52330226?s=96&d=mm&r=g","url":"https:\/\/secure.gravatar.com\/avatar\/b516f102aa90b53619e09722b8ea56721c99bfcb4f1035f9b333d99f52330226?s=96&d=mm&r=g","contentUrl":"https:\/\/secure.gravatar.com\/avatar\/b516f102aa90b53619e09722b8ea56721c99bfcb4f1035f9b333d99f52330226?s=96&d=mm&r=g","caption":"Uredni\u0161tvo Celjana"},"url":"https:\/\/novice.si\/page\/author\/nejc\/"}]}},"_links":{"self":[{"href":"https:\/\/novice.si\/page\/wp-json\/wp\/v2\/posts\/160758","targetHints":{"allow":["GET"]}}],"collection":[{"href":"https:\/\/novice.si\/page\/wp-json\/wp\/v2\/posts"}],"about":[{"href":"https:\/\/novice.si\/page\/wp-json\/wp\/v2\/types\/post"}],"author":[{"embeddable":true,"href":"https:\/\/novice.si\/page\/wp-json\/wp\/v2\/users\/12"}],"replies":[{"embeddable":true,"href":"https:\/\/novice.si\/page\/wp-json\/wp\/v2\/comments?post=160758"}],"version-history":[{"count":3,"href":"https:\/\/novice.si\/page\/wp-json\/wp\/v2\/posts\/160758\/revisions"}],"predecessor-version":[{"id":160775,"href":"https:\/\/novice.si\/page\/wp-json\/wp\/v2\/posts\/160758\/revisions\/160775"}],"wp:featuredmedia":[{"embeddable":true,"href":"https:\/\/novice.si\/page\/wp-json\/wp\/v2\/media\/160767"}],"wp:attachment":[{"href":"https:\/\/novice.si\/page\/wp-json\/wp\/v2\/media?parent=160758"}],"wp:term":[{"taxonomy":"category","embeddable":true,"href":"https:\/\/novice.si\/page\/wp-json\/wp\/v2\/categories?post=160758"},{"taxonomy":"post_tag","embeddable":true,"href":"https:\/\/novice.si\/page\/wp-json\/wp\/v2\/tags?post=160758"}],"curies":[{"name":"wp","href":"https:\/\/api.w.org\/{rel}","templated":true}]}}