{"id":160735,"date":"2023-03-13T17:38:31","date_gmt":"2023-03-13T16:38:31","guid":{"rendered":"https:\/\/novice.si\/page\/?p=160735"},"modified":"2023-03-13T17:38:31","modified_gmt":"2023-03-13T16:38:31","slug":"celje-rajevic-nagnjen-k-zavajanju-vbod-z-nozem-je-bil-silovit","status":"publish","type":"post","link":"https:\/\/novice.si\/page\/celje-rajevic-nagnjen-k-zavajanju-vbod-z-nozem-je-bil-silovit\/","title":{"rendered":"CELJE Rajevi\u0107 nagnjen k zavajanju, vbod z no\u017eem je bil silovit"},"content":{"rendered":"<p>Celjsko sodi\u0161\u010de je dopoldne nadaljevalo glavno obravnavo zoper 37-letnega celjskega stomatolo<a href=\"https:\/\/novice.si\/page\/wp-content\/uploads\/2023\/03\/Rajevic-mar-23-1-scaled.jpg\" data-gallery><img loading=\"lazy\" decoding=\"async\" class=\"size-medium wp-image-160737 alignleft\" src=\"https:\/\/novice.si\/page\/wp-content\/uploads\/2023\/03\/Rajevic-mar-23-1-300x225.jpg\" alt=\"\" width=\"300\" height=\"225\" srcset=\"https:\/\/novice.si\/page\/wp-content\/uploads\/2023\/03\/Rajevic-mar-23-1-300x225.jpg 300w, https:\/\/novice.si\/page\/wp-content\/uploads\/2023\/03\/Rajevic-mar-23-1-1024x768.jpg 1024w, https:\/\/novice.si\/page\/wp-content\/uploads\/2023\/03\/Rajevic-mar-23-1-768x576.jpg 768w, https:\/\/novice.si\/page\/wp-content\/uploads\/2023\/03\/Rajevic-mar-23-1-1536x1152.jpg 1536w, https:\/\/novice.si\/page\/wp-content\/uploads\/2023\/03\/Rajevic-mar-23-1-2048x1536.jpg 2048w, https:\/\/novice.si\/page\/wp-content\/uploads\/2023\/03\/Rajevic-mar-23-1-80x60.jpg 80w, https:\/\/novice.si\/page\/wp-content\/uploads\/2023\/03\/Rajevic-mar-23-1-265x198.jpg 265w, https:\/\/novice.si\/page\/wp-content\/uploads\/2023\/03\/Rajevic-mar-23-1-696x522.jpg 696w, https:\/\/novice.si\/page\/wp-content\/uploads\/2023\/03\/Rajevic-mar-23-1-1068x801.jpg 1068w, https:\/\/novice.si\/page\/wp-content\/uploads\/2023\/03\/Rajevic-mar-23-1-560x420.jpg 560w, https:\/\/novice.si\/page\/wp-content\/uploads\/2023\/03\/Rajevic-mar-23-1-24x18.jpg 24w, https:\/\/novice.si\/page\/wp-content\/uploads\/2023\/03\/Rajevic-mar-23-1-36x27.jpg 36w, https:\/\/novice.si\/page\/wp-content\/uploads\/2023\/03\/Rajevic-mar-23-1-48x36.jpg 48w\" sizes=\"auto, (max-width: 300px) 100vw, 300px\" \/><\/a>ga <strong>Ivana Rajevi\u0107a<\/strong> (nazadnje je bival v La\u0161kem), obto\u017eenega poskusa umora nekdanje partnerke <strong>Suzane Mihajlovski<\/strong>.<\/p>\n<p>Izvedenec klini\u010dne psihologije dr. <strong>Tristan Rigler<\/strong> je obto\u017eenega ozna\u010dil za visoko intelekturalnega, vendar \u010dustveno nestabilnega in delno narcisoidnega. Pri njem je prepoznal tudi te\u017enje po zavajanju in manipulaciji, zmo\u017een je impulzivnih in nasilnih reakcij.<\/p>\n<p>Obto\u017eeni je nekdanjo partnerko zabodel v za\u010detku lanskega leta na hodniku <a href=\"https:\/\/novice.si\/page\/wp-content\/uploads\/2023\/01\/rajevic-jan-23-2.jpg\" data-gallery><img loading=\"lazy\" decoding=\"async\" class=\"size-medium wp-image-158671 alignright\" src=\"https:\/\/novice.si\/page\/wp-content\/uploads\/2023\/01\/rajevic-jan-23-2-225x300.jpg\" alt=\"\" width=\"225\" height=\"300\" srcset=\"https:\/\/novice.si\/page\/wp-content\/uploads\/2023\/01\/rajevic-jan-23-2-225x300.jpg 225w, https:\/\/novice.si\/page\/wp-content\/uploads\/2023\/01\/rajevic-jan-23-2-768x1025.jpg 768w, https:\/\/novice.si\/page\/wp-content\/uploads\/2023\/01\/rajevic-jan-23-2-1151x1536.jpg 1151w, https:\/\/novice.si\/page\/wp-content\/uploads\/2023\/01\/rajevic-jan-23-2-1535x2048.jpg 1535w, https:\/\/novice.si\/page\/wp-content\/uploads\/2023\/01\/rajevic-jan-23-2-696x928.jpg 696w, https:\/\/novice.si\/page\/wp-content\/uploads\/2023\/01\/rajevic-jan-23-2-1068x1425.jpg 1068w, https:\/\/novice.si\/page\/wp-content\/uploads\/2023\/01\/rajevic-jan-23-2-315x420.jpg 315w, https:\/\/novice.si\/page\/wp-content\/uploads\/2023\/01\/rajevic-jan-23-2-18x24.jpg 18w, https:\/\/novice.si\/page\/wp-content\/uploads\/2023\/01\/rajevic-jan-23-2-27x36.jpg 27w, https:\/\/novice.si\/page\/wp-content\/uploads\/2023\/01\/rajevic-jan-23-2-36x48.jpg 36w, https:\/\/novice.si\/page\/wp-content\/uploads\/2023\/01\/rajevic-jan-23-2.jpg 1868w\" sizes=\"auto, (max-width: 225px) 100vw, 225px\" \/><\/a> stanovanjskega bloka ob Savinji v Celju. Po dejanju, ki ga sku\u0161a prikazati kot nesre\u010do, je pobegnil, a so ga kmalu prijeli.<\/p>\n<p>Sodno medicinska izvedenka dr. <strong>Simona \u0160ramek Zatler<\/strong> je povedala, da je rezilo o\u0161kodovanki prebodlo jetra in ledvice, zato bi lahko izkrvavela, a je bil zdravni\u0161ki poseg pravo\u010dasen. Trajnih posledic nima, so pa v njeni krvi na\u0161li sledi kokaina in \u0161e nekaterih drugih substanc.<\/p>\n<p>\u00bbNajbolj verjetno sta si z napadalcem stala nasproti, ta pa je glede na globino rane moral zamahniti precej silovito.\u00ab<\/p>\n<p>Sojenje se nadaljuje konec meseca.<\/p>\n<p>P\u0160<\/p>\n","protected":false},"excerpt":{"rendered":"<p>Celjsko sodi\u0161\u010de je dopoldne nadaljevalo glavno obravnavo zoper 37-letnega celjskega stomatologa Ivana Rajevi\u0107a (nazadnje je bival v La\u0161kem), obto\u017eenega poskusa umora nekdanje partnerke Suzane Mihajlovski. Izvedenec klini\u010dne psihologije dr. Tristan Rigler je obto\u017eenega ozna\u010dil za visoko intelekturalnega, vendar \u010dustveno nestabilnega in delno narcisoidnega. Pri njem je prepoznal tudi te\u017enje po zavajanju in manipulaciji, zmo\u017een je [&hellip;]<\/p>\n","protected":false},"author":33,"featured_media":160736,"comment_status":"closed","ping_status":"closed","sticky":false,"template":"","format":"standard","meta":{"footnotes":""},"categories":[14,17,29],"tags":[14125,1821,10476,356,16796,16916],"class_list":{"0":"post-160735","1":"post","2":"type-post","3":"status-publish","4":"format-standard","5":"has-post-thumbnail","7":"category-aktualno","8":"category-celjsko","9":"category-kronika","10":"tag-ivan-rajevic","11":"tag-poskus-umora","12":"tag-simona-sramek-zatler","13":"tag-sojenje","14":"tag-suzana-mihailovski","15":"tag-tristan-rigler"},"yoast_head":"<!-- This site is optimized with the Yoast SEO plugin v27.4 - https:\/\/yoast.com\/product\/yoast-seo-wordpress\/ -->\n<title>CELJE Rajevi\u0107 nagnjen k zavajanju, vbod z no\u017eem je bil silovit - Novice.si<\/title>\n<meta name=\"robots\" content=\"index, follow, max-snippet:-1, max-image-preview:large, max-video-preview:-1\" \/>\n<link rel=\"canonical\" href=\"https:\/\/novice.si\/page\/celje-rajevic-nagnjen-k-zavajanju-vbod-z-nozem-je-bil-silovit\/\" \/>\n<meta property=\"og:locale\" content=\"sl_SI\" \/>\n<meta property=\"og:type\" content=\"article\" \/>\n<meta property=\"og:title\" content=\"CELJE Rajevi\u0107 nagnjen k zavajanju, vbod z no\u017eem je bil silovit - Novice.si\" \/>\n<meta property=\"og:description\" content=\"Celjsko sodi\u0161\u010de je dopoldne nadaljevalo glavno obravnavo zoper 37-letnega celjskega stomatologa Ivana Rajevi\u0107a (nazadnje je bival v La\u0161kem), obto\u017eenega poskusa umora nekdanje partnerke Suzane Mihajlovski. Izvedenec klini\u010dne psihologije dr. Tristan Rigler je obto\u017eenega ozna\u010dil za visoko intelekturalnega, vendar \u010dustveno nestabilnega in delno narcisoidnega. Pri njem je prepoznal tudi te\u017enje po zavajanju in manipulaciji, zmo\u017een je [&hellip;]\" \/>\n<meta property=\"og:url\" content=\"https:\/\/novice.si\/page\/celje-rajevic-nagnjen-k-zavajanju-vbod-z-nozem-je-bil-silovit\/\" \/>\n<meta property=\"og:site_name\" content=\"Novice.si\" \/>\n<meta property=\"article:published_time\" content=\"2023-03-13T16:38:31+00:00\" \/>\n<meta property=\"og:image\" content=\"https:\/\/novice.si\/page\/wp-content\/uploads\/2023\/03\/Rajevic-mar-23-4-scaled.jpg\" \/>\n\t<meta property=\"og:image:width\" content=\"2560\" \/>\n\t<meta property=\"og:image:height\" content=\"2259\" \/>\n\t<meta property=\"og:image:type\" content=\"image\/jpeg\" \/>\n<meta name=\"author\" content=\"Uredni\u0161tvo Celjana\" \/>\n<meta name=\"twitter:card\" content=\"summary_large_image\" \/>\n<meta name=\"twitter:label1\" content=\"Written by\" \/>\n\t<meta name=\"twitter:data1\" content=\"Uredni\u0161tvo Celjana\" \/>\n\t<meta name=\"twitter:label2\" content=\"Est. reading time\" \/>\n\t<meta name=\"twitter:data2\" content=\"2 minuti\" \/>\n<script type=\"application\/ld+json\" class=\"yoast-schema-graph\">{\"@context\":\"https:\\\/\\\/schema.org\",\"@graph\":[{\"@type\":\"Article\",\"@id\":\"https:\\\/\\\/novice.si\\\/page\\\/celje-rajevic-nagnjen-k-zavajanju-vbod-z-nozem-je-bil-silovit\\\/#article\",\"isPartOf\":{\"@id\":\"https:\\\/\\\/novice.si\\\/page\\\/celje-rajevic-nagnjen-k-zavajanju-vbod-z-nozem-je-bil-silovit\\\/\"},\"author\":{\"name\":\"Uredni\u0161tvo Celjana\",\"@id\":\"https:\\\/\\\/novice.si\\\/page\\\/#\\\/schema\\\/person\\\/57f25c9642a9541c7349c65d32032c3e\"},\"headline\":\"CELJE Rajevi\u0107 nagnjen k zavajanju, vbod z no\u017eem je bil silovit\",\"datePublished\":\"2023-03-13T16:38:31+00:00\",\"mainEntityOfPage\":{\"@id\":\"https:\\\/\\\/novice.si\\\/page\\\/celje-rajevic-nagnjen-k-zavajanju-vbod-z-nozem-je-bil-silovit\\\/\"},\"wordCount\":189,\"publisher\":{\"@id\":\"https:\\\/\\\/novice.si\\\/page\\\/#organization\"},\"image\":{\"@id\":\"https:\\\/\\\/novice.si\\\/page\\\/celje-rajevic-nagnjen-k-zavajanju-vbod-z-nozem-je-bil-silovit\\\/#primaryimage\"},\"thumbnailUrl\":\"https:\\\/\\\/novice.si\\\/page\\\/wp-content\\\/uploads\\\/2023\\\/03\\\/Rajevic-mar-23-4-scaled.jpg\",\"keywords\":[\"ivan rajevi\u010d\",\"poskus umora\",\"Simona \u0160ramek Zatler\",\"sojenje\",\"suzana mihailovski\",\"Tristan Rigler\"],\"articleSection\":[\"Aktualno\",\"Celjsko\",\"Kronika\"],\"inLanguage\":\"sl-SI\"},{\"@type\":\"WebPage\",\"@id\":\"https:\\\/\\\/novice.si\\\/page\\\/celje-rajevic-nagnjen-k-zavajanju-vbod-z-nozem-je-bil-silovit\\\/\",\"url\":\"https:\\\/\\\/novice.si\\\/page\\\/celje-rajevic-nagnjen-k-zavajanju-vbod-z-nozem-je-bil-silovit\\\/\",\"name\":\"CELJE Rajevi\u0107 nagnjen k zavajanju, vbod z no\u017eem je bil silovit - Novice.si\",\"isPartOf\":{\"@id\":\"https:\\\/\\\/novice.si\\\/page\\\/#website\"},\"primaryImageOfPage\":{\"@id\":\"https:\\\/\\\/novice.si\\\/page\\\/celje-rajevic-nagnjen-k-zavajanju-vbod-z-nozem-je-bil-silovit\\\/#primaryimage\"},\"image\":{\"@id\":\"https:\\\/\\\/novice.si\\\/page\\\/celje-rajevic-nagnjen-k-zavajanju-vbod-z-nozem-je-bil-silovit\\\/#primaryimage\"},\"thumbnailUrl\":\"https:\\\/\\\/novice.si\\\/page\\\/wp-content\\\/uploads\\\/2023\\\/03\\\/Rajevic-mar-23-4-scaled.jpg\",\"datePublished\":\"2023-03-13T16:38:31+00:00\",\"breadcrumb\":{\"@id\":\"https:\\\/\\\/novice.si\\\/page\\\/celje-rajevic-nagnjen-k-zavajanju-vbod-z-nozem-je-bil-silovit\\\/#breadcrumb\"},\"inLanguage\":\"sl-SI\",\"potentialAction\":[{\"@type\":\"ReadAction\",\"target\":[\"https:\\\/\\\/novice.si\\\/page\\\/celje-rajevic-nagnjen-k-zavajanju-vbod-z-nozem-je-bil-silovit\\\/\"]}]},{\"@type\":\"ImageObject\",\"inLanguage\":\"sl-SI\",\"@id\":\"https:\\\/\\\/novice.si\\\/page\\\/celje-rajevic-nagnjen-k-zavajanju-vbod-z-nozem-je-bil-silovit\\\/#primaryimage\",\"url\":\"https:\\\/\\\/novice.si\\\/page\\\/wp-content\\\/uploads\\\/2023\\\/03\\\/Rajevic-mar-23-4-scaled.jpg\",\"contentUrl\":\"https:\\\/\\\/novice.si\\\/page\\\/wp-content\\\/uploads\\\/2023\\\/03\\\/Rajevic-mar-23-4-scaled.jpg\",\"width\":2560,\"height\":2259},{\"@type\":\"BreadcrumbList\",\"@id\":\"https:\\\/\\\/novice.si\\\/page\\\/celje-rajevic-nagnjen-k-zavajanju-vbod-z-nozem-je-bil-silovit\\\/#breadcrumb\",\"itemListElement\":[{\"@type\":\"ListItem\",\"position\":1,\"name\":\"Home\",\"item\":\"https:\\\/\\\/novice.si\\\/page\\\/\"},{\"@type\":\"ListItem\",\"position\":2,\"name\":\"CELJE Rajevi\u0107 nagnjen k zavajanju, vbod z no\u017eem je bil silovit\"}]},{\"@type\":\"WebSite\",\"@id\":\"https:\\\/\\\/novice.si\\\/page\\\/#website\",\"url\":\"https:\\\/\\\/novice.si\\\/page\\\/\",\"name\":\"Novice.si\",\"description\":\"\",\"publisher\":{\"@id\":\"https:\\\/\\\/novice.si\\\/page\\\/#organization\"},\"potentialAction\":[{\"@type\":\"SearchAction\",\"target\":{\"@type\":\"EntryPoint\",\"urlTemplate\":\"https:\\\/\\\/novice.si\\\/page\\\/?s={search_term_string}\"},\"query-input\":{\"@type\":\"PropertyValueSpecification\",\"valueRequired\":true,\"valueName\":\"search_term_string\"}}],\"inLanguage\":\"sl-SI\"},{\"@type\":\"Organization\",\"@id\":\"https:\\\/\\\/novice.si\\\/page\\\/#organization\",\"name\":\"Novice.si\",\"url\":\"https:\\\/\\\/novice.si\\\/page\\\/\",\"logo\":{\"@type\":\"ImageObject\",\"inLanguage\":\"sl-SI\",\"@id\":\"https:\\\/\\\/novice.si\\\/page\\\/#\\\/schema\\\/logo\\\/image\\\/\",\"url\":\"https:\\\/\\\/novice.si\\\/page\\\/wp-content\\\/uploads\\\/2023\\\/03\\\/novice_si.png\",\"contentUrl\":\"https:\\\/\\\/novice.si\\\/page\\\/wp-content\\\/uploads\\\/2023\\\/03\\\/novice_si.png\",\"width\":576,\"height\":200,\"caption\":\"Novice.si\"},\"image\":{\"@id\":\"https:\\\/\\\/novice.si\\\/page\\\/#\\\/schema\\\/logo\\\/image\\\/\"}},{\"@type\":\"Person\",\"@id\":\"https:\\\/\\\/novice.si\\\/page\\\/#\\\/schema\\\/person\\\/57f25c9642a9541c7349c65d32032c3e\",\"name\":\"Uredni\u0161tvo Celjana\",\"image\":{\"@type\":\"ImageObject\",\"inLanguage\":\"sl-SI\",\"@id\":\"https:\\\/\\\/secure.gravatar.com\\\/avatar\\\/78e52bc4279b65f6df6345e0ef0f7b792d361361f230cf4ffecfe0afe6d5629c?s=96&d=mm&r=g\",\"url\":\"https:\\\/\\\/secure.gravatar.com\\\/avatar\\\/78e52bc4279b65f6df6345e0ef0f7b792d361361f230cf4ffecfe0afe6d5629c?s=96&d=mm&r=g\",\"contentUrl\":\"https:\\\/\\\/secure.gravatar.com\\\/avatar\\\/78e52bc4279b65f6df6345e0ef0f7b792d361361f230cf4ffecfe0afe6d5629c?s=96&d=mm&r=g\",\"caption\":\"Uredni\u0161tvo Celjana\"},\"url\":\"https:\\\/\\\/novice.si\\\/page\\\/author\\\/primoz\\\/\"}]}<\/script>\n<!-- \/ Yoast SEO plugin. -->","yoast_head_json":{"title":"CELJE Rajevi\u0107 nagnjen k zavajanju, vbod z no\u017eem je bil silovit - Novice.si","robots":{"index":"index","follow":"follow","max-snippet":"max-snippet:-1","max-image-preview":"max-image-preview:large","max-video-preview":"max-video-preview:-1"},"canonical":"https:\/\/novice.si\/page\/celje-rajevic-nagnjen-k-zavajanju-vbod-z-nozem-je-bil-silovit\/","og_locale":"sl_SI","og_type":"article","og_title":"CELJE Rajevi\u0107 nagnjen k zavajanju, vbod z no\u017eem je bil silovit - Novice.si","og_description":"Celjsko sodi\u0161\u010de je dopoldne nadaljevalo glavno obravnavo zoper 37-letnega celjskega stomatologa Ivana Rajevi\u0107a (nazadnje je bival v La\u0161kem), obto\u017eenega poskusa umora nekdanje partnerke Suzane Mihajlovski. Izvedenec klini\u010dne psihologije dr. Tristan Rigler je obto\u017eenega ozna\u010dil za visoko intelekturalnega, vendar \u010dustveno nestabilnega in delno narcisoidnega. Pri njem je prepoznal tudi te\u017enje po zavajanju in manipulaciji, zmo\u017een je [&hellip;]","og_url":"https:\/\/novice.si\/page\/celje-rajevic-nagnjen-k-zavajanju-vbod-z-nozem-je-bil-silovit\/","og_site_name":"Novice.si","article_published_time":"2023-03-13T16:38:31+00:00","og_image":[{"width":2560,"height":2259,"url":"https:\/\/novice.si\/page\/wp-content\/uploads\/2023\/03\/Rajevic-mar-23-4-scaled.jpg","type":"image\/jpeg"}],"author":"Uredni\u0161tvo Celjana","twitter_card":"summary_large_image","twitter_misc":{"Written by":"Uredni\u0161tvo Celjana","Est. reading time":"2 minuti"},"schema":{"@context":"https:\/\/schema.org","@graph":[{"@type":"Article","@id":"https:\/\/novice.si\/page\/celje-rajevic-nagnjen-k-zavajanju-vbod-z-nozem-je-bil-silovit\/#article","isPartOf":{"@id":"https:\/\/novice.si\/page\/celje-rajevic-nagnjen-k-zavajanju-vbod-z-nozem-je-bil-silovit\/"},"author":{"name":"Uredni\u0161tvo Celjana","@id":"https:\/\/novice.si\/page\/#\/schema\/person\/57f25c9642a9541c7349c65d32032c3e"},"headline":"CELJE Rajevi\u0107 nagnjen k zavajanju, vbod z no\u017eem je bil silovit","datePublished":"2023-03-13T16:38:31+00:00","mainEntityOfPage":{"@id":"https:\/\/novice.si\/page\/celje-rajevic-nagnjen-k-zavajanju-vbod-z-nozem-je-bil-silovit\/"},"wordCount":189,"publisher":{"@id":"https:\/\/novice.si\/page\/#organization"},"image":{"@id":"https:\/\/novice.si\/page\/celje-rajevic-nagnjen-k-zavajanju-vbod-z-nozem-je-bil-silovit\/#primaryimage"},"thumbnailUrl":"https:\/\/novice.si\/page\/wp-content\/uploads\/2023\/03\/Rajevic-mar-23-4-scaled.jpg","keywords":["ivan rajevi\u010d","poskus umora","Simona \u0160ramek Zatler","sojenje","suzana mihailovski","Tristan Rigler"],"articleSection":["Aktualno","Celjsko","Kronika"],"inLanguage":"sl-SI"},{"@type":"WebPage","@id":"https:\/\/novice.si\/page\/celje-rajevic-nagnjen-k-zavajanju-vbod-z-nozem-je-bil-silovit\/","url":"https:\/\/novice.si\/page\/celje-rajevic-nagnjen-k-zavajanju-vbod-z-nozem-je-bil-silovit\/","name":"CELJE Rajevi\u0107 nagnjen k zavajanju, vbod z no\u017eem je bil silovit - Novice.si","isPartOf":{"@id":"https:\/\/novice.si\/page\/#website"},"primaryImageOfPage":{"@id":"https:\/\/novice.si\/page\/celje-rajevic-nagnjen-k-zavajanju-vbod-z-nozem-je-bil-silovit\/#primaryimage"},"image":{"@id":"https:\/\/novice.si\/page\/celje-rajevic-nagnjen-k-zavajanju-vbod-z-nozem-je-bil-silovit\/#primaryimage"},"thumbnailUrl":"https:\/\/novice.si\/page\/wp-content\/uploads\/2023\/03\/Rajevic-mar-23-4-scaled.jpg","datePublished":"2023-03-13T16:38:31+00:00","breadcrumb":{"@id":"https:\/\/novice.si\/page\/celje-rajevic-nagnjen-k-zavajanju-vbod-z-nozem-je-bil-silovit\/#breadcrumb"},"inLanguage":"sl-SI","potentialAction":[{"@type":"ReadAction","target":["https:\/\/novice.si\/page\/celje-rajevic-nagnjen-k-zavajanju-vbod-z-nozem-je-bil-silovit\/"]}]},{"@type":"ImageObject","inLanguage":"sl-SI","@id":"https:\/\/novice.si\/page\/celje-rajevic-nagnjen-k-zavajanju-vbod-z-nozem-je-bil-silovit\/#primaryimage","url":"https:\/\/novice.si\/page\/wp-content\/uploads\/2023\/03\/Rajevic-mar-23-4-scaled.jpg","contentUrl":"https:\/\/novice.si\/page\/wp-content\/uploads\/2023\/03\/Rajevic-mar-23-4-scaled.jpg","width":2560,"height":2259},{"@type":"BreadcrumbList","@id":"https:\/\/novice.si\/page\/celje-rajevic-nagnjen-k-zavajanju-vbod-z-nozem-je-bil-silovit\/#breadcrumb","itemListElement":[{"@type":"ListItem","position":1,"name":"Home","item":"https:\/\/novice.si\/page\/"},{"@type":"ListItem","position":2,"name":"CELJE Rajevi\u0107 nagnjen k zavajanju, vbod z no\u017eem je bil silovit"}]},{"@type":"WebSite","@id":"https:\/\/novice.si\/page\/#website","url":"https:\/\/novice.si\/page\/","name":"Novice.si","description":"","publisher":{"@id":"https:\/\/novice.si\/page\/#organization"},"potentialAction":[{"@type":"SearchAction","target":{"@type":"EntryPoint","urlTemplate":"https:\/\/novice.si\/page\/?s={search_term_string}"},"query-input":{"@type":"PropertyValueSpecification","valueRequired":true,"valueName":"search_term_string"}}],"inLanguage":"sl-SI"},{"@type":"Organization","@id":"https:\/\/novice.si\/page\/#organization","name":"Novice.si","url":"https:\/\/novice.si\/page\/","logo":{"@type":"ImageObject","inLanguage":"sl-SI","@id":"https:\/\/novice.si\/page\/#\/schema\/logo\/image\/","url":"https:\/\/novice.si\/page\/wp-content\/uploads\/2023\/03\/novice_si.png","contentUrl":"https:\/\/novice.si\/page\/wp-content\/uploads\/2023\/03\/novice_si.png","width":576,"height":200,"caption":"Novice.si"},"image":{"@id":"https:\/\/novice.si\/page\/#\/schema\/logo\/image\/"}},{"@type":"Person","@id":"https:\/\/novice.si\/page\/#\/schema\/person\/57f25c9642a9541c7349c65d32032c3e","name":"Uredni\u0161tvo Celjana","image":{"@type":"ImageObject","inLanguage":"sl-SI","@id":"https:\/\/secure.gravatar.com\/avatar\/78e52bc4279b65f6df6345e0ef0f7b792d361361f230cf4ffecfe0afe6d5629c?s=96&d=mm&r=g","url":"https:\/\/secure.gravatar.com\/avatar\/78e52bc4279b65f6df6345e0ef0f7b792d361361f230cf4ffecfe0afe6d5629c?s=96&d=mm&r=g","contentUrl":"https:\/\/secure.gravatar.com\/avatar\/78e52bc4279b65f6df6345e0ef0f7b792d361361f230cf4ffecfe0afe6d5629c?s=96&d=mm&r=g","caption":"Uredni\u0161tvo Celjana"},"url":"https:\/\/novice.si\/page\/author\/primoz\/"}]}},"_links":{"self":[{"href":"https:\/\/novice.si\/page\/wp-json\/wp\/v2\/posts\/160735","targetHints":{"allow":["GET"]}}],"collection":[{"href":"https:\/\/novice.si\/page\/wp-json\/wp\/v2\/posts"}],"about":[{"href":"https:\/\/novice.si\/page\/wp-json\/wp\/v2\/types\/post"}],"author":[{"embeddable":true,"href":"https:\/\/novice.si\/page\/wp-json\/wp\/v2\/users\/33"}],"replies":[{"embeddable":true,"href":"https:\/\/novice.si\/page\/wp-json\/wp\/v2\/comments?post=160735"}],"version-history":[{"count":1,"href":"https:\/\/novice.si\/page\/wp-json\/wp\/v2\/posts\/160735\/revisions"}],"predecessor-version":[{"id":160738,"href":"https:\/\/novice.si\/page\/wp-json\/wp\/v2\/posts\/160735\/revisions\/160738"}],"wp:featuredmedia":[{"embeddable":true,"href":"https:\/\/novice.si\/page\/wp-json\/wp\/v2\/media\/160736"}],"wp:attachment":[{"href":"https:\/\/novice.si\/page\/wp-json\/wp\/v2\/media?parent=160735"}],"wp:term":[{"taxonomy":"category","embeddable":true,"href":"https:\/\/novice.si\/page\/wp-json\/wp\/v2\/categories?post=160735"},{"taxonomy":"post_tag","embeddable":true,"href":"https:\/\/novice.si\/page\/wp-json\/wp\/v2\/tags?post=160735"}],"curies":[{"name":"wp","href":"https:\/\/api.w.org\/{rel}","templated":true}]}}