{"id":160692,"date":"2023-03-09T17:39:44","date_gmt":"2023-03-09T16:39:44","guid":{"rendered":"https:\/\/novice.si\/page\/?p=160692"},"modified":"2023-03-09T17:39:44","modified_gmt":"2023-03-09T16:39:44","slug":"zenske-neenakopravne","status":"publish","type":"post","link":"https:\/\/novice.si\/page\/zenske-neenakopravne\/","title":{"rendered":"\u017denske (ne)enakopravne"},"content":{"rendered":"<p><a href=\"https:\/\/novice.si\/page\/wp-content\/uploads\/2023\/03\/CZ_Zenske-neenakopravne1.jpg\" data-gallery><img loading=\"lazy\" decoding=\"async\" class=\"size-medium wp-image-160693\" src=\"https:\/\/novice.si\/page\/wp-content\/uploads\/2023\/03\/CZ_Zenske-neenakopravne1-300x200.jpg\" alt=\"\u017eenske\" width=\"300\" height=\"200\" srcset=\"https:\/\/novice.si\/page\/wp-content\/uploads\/2023\/03\/CZ_Zenske-neenakopravne1-300x200.jpg 300w, https:\/\/novice.si\/page\/wp-content\/uploads\/2023\/03\/CZ_Zenske-neenakopravne1-1024x683.jpg 1024w, https:\/\/novice.si\/page\/wp-content\/uploads\/2023\/03\/CZ_Zenske-neenakopravne1-768x512.jpg 768w, https:\/\/novice.si\/page\/wp-content\/uploads\/2023\/03\/CZ_Zenske-neenakopravne1-1536x1024.jpg 1536w, https:\/\/novice.si\/page\/wp-content\/uploads\/2023\/03\/CZ_Zenske-neenakopravne1-2048x1365.jpg 2048w, https:\/\/novice.si\/page\/wp-content\/uploads\/2023\/03\/CZ_Zenske-neenakopravne1-696x464.jpg 696w, https:\/\/novice.si\/page\/wp-content\/uploads\/2023\/03\/CZ_Zenske-neenakopravne1-1068x712.jpg 1068w, https:\/\/novice.si\/page\/wp-content\/uploads\/2023\/03\/CZ_Zenske-neenakopravne1-630x420.jpg 630w, https:\/\/novice.si\/page\/wp-content\/uploads\/2023\/03\/CZ_Zenske-neenakopravne1-24x16.jpg 24w, https:\/\/novice.si\/page\/wp-content\/uploads\/2023\/03\/CZ_Zenske-neenakopravne1-36x24.jpg 36w, https:\/\/novice.si\/page\/wp-content\/uploads\/2023\/03\/CZ_Zenske-neenakopravne1-48x32.jpg 48w\" sizes=\"auto, (max-width: 300px) 100vw, 300px\" \/><\/a><\/p>\n<p style=\"text-align: left\"><em>Dan \u017eena, ki smo ga, tako kot vsako leto, praznovali v\u010deraj, osmega marca, ni le dan za podarjen cvet \u017eenskam, pa\u010d pa pomemben opomnik o zavedanju priborjenih pravic, ki pa so ponekod le \u010drka na papirju. <\/em><\/p>\n<p>Vsaka peta \u017eenska je \u017ertev fizi\u010dnega nasilja partnerja, veliko se jih soo\u010da z nadlegovanjem v slu\u017ebi.<\/p>\n<p>Praznik, takrat \u0161e pod imenom dan delovnih \u017eena, se je prvi\u010d uveljavil leta 1911 v Avstriji, Nem\u010diji, \u0160vici in na Danskem. V Sloveniji so ga prvi praznovali v Trbovljah. Danes se praznuje mno\u017ei\u010dno v pribli\u017eno sto dr\u017eavah po svetu v znak ekonomske, politi\u010dne in socialne enakopravnosti in dose\u017ekov \u017eensk.<\/p>\n<p>Kljub temu \u0161e vedno prihaja do razlik v primerjavi z mo\u0161kimi, denimo tudi v vi\u0161ini pla\u010de, saj so za isto delovno mesto \u017eenske praviloma \u0161e vedno pla\u010dane manj, a je pla\u010dna vrzel med spoloma v Sloveniji med najni\u017ejimi v Evropski uniji.<\/p>\n<p><strong>Marija, stara 44 let in pol<\/strong><\/p>\n<p>Povpre\u010dna Slovenka je \u0161e vedno Marija \u2013 to ime namre\u010d mo\u010dno prednja\u010di po pogostosti, sledita imeni Ana in Maja. Dekleta, rojena leta 2020, pa so najpogosteje dobila ime Ema, Zala ali Mia, po pri\u010dakovanjih bodo deklice s to letnico \u017eivele 83,4 leta.<\/p>\n<p>Najve\u010d \u017eensk je v zgodnjih srednjih letih, slovensko povpre\u010dje je 45,1 leta, v Celju je povpre\u010dje nekoliko ni\u017eje, in sicer 44,5 leta.<\/p>\n<p><strong>Redno dele\u017ene nadlegovanja in seksizma<\/strong><\/p>\n<p>Sredi februarja je varuh \u010dlovekovih pravic, Peter Svetina, odboru Zdru\u017eenih narodov za odpravo diskriminacije \u017eensk v \u017denevi predstavil ugotovitve o polo\u017eaju \u017eensk v Sloveniji.<\/p>\n<p>Na indeksu enakosti spolov je Slovenija za lansko leto dosegla 67,5 to\u010dke od stotih mo\u017enih. Razlika v pla\u010di med spoloma se je zmanj\u0161ala. Lani se je pove\u010dal dele\u017e izvoljenih \u017eensk v parlament, dobili smo tudi prvo predsednico dr\u017eave, dele\u017e izvoljenih \u017eupanj pa je bil le 13,7-odstoten.<\/p>\n<p>Ve\u010dji problem pa je, da se \u017eenske na javnih polo\u017eajih in novinarke redno sre\u010dujejo z nadlegovanjem mo\u0161kih kolegov, s seksizmom in z \u017ealitvami na podlagi spola. Ve\u010d o (ne)enakopravnosti \u017eensk, pa preberite v najnovej\u0161em Celjanu.<\/p>\n","protected":false},"excerpt":{"rendered":"<p>Dan \u017eena, ki smo ga, tako kot vsako leto, praznovali v\u010deraj, osmega marca, ni le dan za podarjen cvet \u017eenskam, pa\u010d pa pomemben opomnik o zavedanju priborjenih pravic, ki pa so ponekod le \u010drka na papirju. Vsaka peta \u017eenska je \u017ertev fizi\u010dnega nasilja partnerja, veliko se jih soo\u010da z nadlegovanjem v slu\u017ebi. Praznik, takrat \u0161e [&hellip;]<\/p>\n","protected":false},"author":55,"featured_media":160693,"comment_status":"closed","ping_status":"closed","sticky":false,"template":"","format":"standard","meta":{"footnotes":""},"categories":[14,142,17],"tags":[],"class_list":{"0":"post-160692","1":"post","2":"type-post","3":"status-publish","4":"format-standard","5":"has-post-thumbnail","7":"category-aktualno","8":"category-celjan","9":"category-celjsko"},"yoast_head":"<!-- This site is optimized with the Yoast SEO plugin v27.4 - https:\/\/yoast.com\/product\/yoast-seo-wordpress\/ -->\n<title>\u017denske (ne)enakopravne - Novice.si<\/title>\n<meta name=\"robots\" content=\"index, follow, max-snippet:-1, max-image-preview:large, max-video-preview:-1\" \/>\n<link rel=\"canonical\" href=\"https:\/\/novice.si\/page\/zenske-neenakopravne\/\" \/>\n<meta property=\"og:locale\" content=\"sl_SI\" \/>\n<meta property=\"og:type\" content=\"article\" \/>\n<meta property=\"og:title\" content=\"\u017denske (ne)enakopravne - Novice.si\" \/>\n<meta property=\"og:description\" content=\"Dan \u017eena, ki smo ga, tako kot vsako leto, praznovali v\u010deraj, osmega marca, ni le dan za podarjen cvet \u017eenskam, pa\u010d pa pomemben opomnik o zavedanju priborjenih pravic, ki pa so ponekod le \u010drka na papirju. Vsaka peta \u017eenska je \u017ertev fizi\u010dnega nasilja partnerja, veliko se jih soo\u010da z nadlegovanjem v slu\u017ebi. Praznik, takrat \u0161e [&hellip;]\" \/>\n<meta property=\"og:url\" content=\"https:\/\/novice.si\/page\/zenske-neenakopravne\/\" \/>\n<meta property=\"og:site_name\" content=\"Novice.si\" \/>\n<meta property=\"article:published_time\" content=\"2023-03-09T16:39:44+00:00\" \/>\n<meta property=\"og:image\" content=\"https:\/\/novice.si\/page\/wp-content\/uploads\/2023\/03\/CZ_Zenske-neenakopravne1.jpg\" \/>\n\t<meta property=\"og:image:width\" content=\"2400\" \/>\n\t<meta property=\"og:image:height\" content=\"1600\" \/>\n\t<meta property=\"og:image:type\" content=\"image\/jpeg\" \/>\n<meta name=\"author\" content=\"Uredni\u0161tvo Celjana\" \/>\n<meta name=\"twitter:card\" content=\"summary_large_image\" \/>\n<meta name=\"twitter:label1\" content=\"Written by\" \/>\n\t<meta name=\"twitter:data1\" content=\"Uredni\u0161tvo Celjana\" \/>\n\t<meta name=\"twitter:label2\" content=\"Est. reading time\" \/>\n\t<meta name=\"twitter:data2\" content=\"2 minuti\" \/>\n<script type=\"application\/ld+json\" class=\"yoast-schema-graph\">{\"@context\":\"https:\\\/\\\/schema.org\",\"@graph\":[{\"@type\":\"Article\",\"@id\":\"https:\\\/\\\/novice.si\\\/page\\\/zenske-neenakopravne\\\/#article\",\"isPartOf\":{\"@id\":\"https:\\\/\\\/novice.si\\\/page\\\/zenske-neenakopravne\\\/\"},\"author\":{\"name\":\"Uredni\u0161tvo Celjana\",\"@id\":\"https:\\\/\\\/novice.si\\\/page\\\/#\\\/schema\\\/person\\\/a49f233ef2777ec7b2e8d0662325bb48\"},\"headline\":\"\u017denske (ne)enakopravne\",\"datePublished\":\"2023-03-09T16:39:44+00:00\",\"mainEntityOfPage\":{\"@id\":\"https:\\\/\\\/novice.si\\\/page\\\/zenske-neenakopravne\\\/\"},\"wordCount\":356,\"publisher\":{\"@id\":\"https:\\\/\\\/novice.si\\\/page\\\/#organization\"},\"image\":{\"@id\":\"https:\\\/\\\/novice.si\\\/page\\\/zenske-neenakopravne\\\/#primaryimage\"},\"thumbnailUrl\":\"https:\\\/\\\/novice.si\\\/page\\\/wp-content\\\/uploads\\\/2023\\\/03\\\/CZ_Zenske-neenakopravne1.jpg\",\"articleSection\":[\"Aktualno\",\"Celjan\",\"Celjsko\"],\"inLanguage\":\"sl-SI\"},{\"@type\":\"WebPage\",\"@id\":\"https:\\\/\\\/novice.si\\\/page\\\/zenske-neenakopravne\\\/\",\"url\":\"https:\\\/\\\/novice.si\\\/page\\\/zenske-neenakopravne\\\/\",\"name\":\"\u017denske (ne)enakopravne - Novice.si\",\"isPartOf\":{\"@id\":\"https:\\\/\\\/novice.si\\\/page\\\/#website\"},\"primaryImageOfPage\":{\"@id\":\"https:\\\/\\\/novice.si\\\/page\\\/zenske-neenakopravne\\\/#primaryimage\"},\"image\":{\"@id\":\"https:\\\/\\\/novice.si\\\/page\\\/zenske-neenakopravne\\\/#primaryimage\"},\"thumbnailUrl\":\"https:\\\/\\\/novice.si\\\/page\\\/wp-content\\\/uploads\\\/2023\\\/03\\\/CZ_Zenske-neenakopravne1.jpg\",\"datePublished\":\"2023-03-09T16:39:44+00:00\",\"breadcrumb\":{\"@id\":\"https:\\\/\\\/novice.si\\\/page\\\/zenske-neenakopravne\\\/#breadcrumb\"},\"inLanguage\":\"sl-SI\",\"potentialAction\":[{\"@type\":\"ReadAction\",\"target\":[\"https:\\\/\\\/novice.si\\\/page\\\/zenske-neenakopravne\\\/\"]}]},{\"@type\":\"ImageObject\",\"inLanguage\":\"sl-SI\",\"@id\":\"https:\\\/\\\/novice.si\\\/page\\\/zenske-neenakopravne\\\/#primaryimage\",\"url\":\"https:\\\/\\\/novice.si\\\/page\\\/wp-content\\\/uploads\\\/2023\\\/03\\\/CZ_Zenske-neenakopravne1.jpg\",\"contentUrl\":\"https:\\\/\\\/novice.si\\\/page\\\/wp-content\\\/uploads\\\/2023\\\/03\\\/CZ_Zenske-neenakopravne1.jpg\",\"width\":2400,\"height\":1600,\"caption\":\"A mature woman standing in the kitchen, she is putting colorful flowers in a vase on the kitchen counter and smelling them.\"},{\"@type\":\"BreadcrumbList\",\"@id\":\"https:\\\/\\\/novice.si\\\/page\\\/zenske-neenakopravne\\\/#breadcrumb\",\"itemListElement\":[{\"@type\":\"ListItem\",\"position\":1,\"name\":\"Home\",\"item\":\"https:\\\/\\\/novice.si\\\/page\\\/\"},{\"@type\":\"ListItem\",\"position\":2,\"name\":\"\u017denske (ne)enakopravne\"}]},{\"@type\":\"WebSite\",\"@id\":\"https:\\\/\\\/novice.si\\\/page\\\/#website\",\"url\":\"https:\\\/\\\/novice.si\\\/page\\\/\",\"name\":\"Novice.si\",\"description\":\"\",\"publisher\":{\"@id\":\"https:\\\/\\\/novice.si\\\/page\\\/#organization\"},\"potentialAction\":[{\"@type\":\"SearchAction\",\"target\":{\"@type\":\"EntryPoint\",\"urlTemplate\":\"https:\\\/\\\/novice.si\\\/page\\\/?s={search_term_string}\"},\"query-input\":{\"@type\":\"PropertyValueSpecification\",\"valueRequired\":true,\"valueName\":\"search_term_string\"}}],\"inLanguage\":\"sl-SI\"},{\"@type\":\"Organization\",\"@id\":\"https:\\\/\\\/novice.si\\\/page\\\/#organization\",\"name\":\"Novice.si\",\"url\":\"https:\\\/\\\/novice.si\\\/page\\\/\",\"logo\":{\"@type\":\"ImageObject\",\"inLanguage\":\"sl-SI\",\"@id\":\"https:\\\/\\\/novice.si\\\/page\\\/#\\\/schema\\\/logo\\\/image\\\/\",\"url\":\"https:\\\/\\\/novice.si\\\/page\\\/wp-content\\\/uploads\\\/2023\\\/03\\\/novice_si.png\",\"contentUrl\":\"https:\\\/\\\/novice.si\\\/page\\\/wp-content\\\/uploads\\\/2023\\\/03\\\/novice_si.png\",\"width\":576,\"height\":200,\"caption\":\"Novice.si\"},\"image\":{\"@id\":\"https:\\\/\\\/novice.si\\\/page\\\/#\\\/schema\\\/logo\\\/image\\\/\"}},{\"@type\":\"Person\",\"@id\":\"https:\\\/\\\/novice.si\\\/page\\\/#\\\/schema\\\/person\\\/a49f233ef2777ec7b2e8d0662325bb48\",\"name\":\"Uredni\u0161tvo Celjana\",\"image\":{\"@type\":\"ImageObject\",\"inLanguage\":\"sl-SI\",\"@id\":\"https:\\\/\\\/secure.gravatar.com\\\/avatar\\\/7f7863e616af8f92806c638dd1db3f1a238d83d1cc2ec3100afc06fbb7eb303f?s=96&d=mm&r=g\",\"url\":\"https:\\\/\\\/secure.gravatar.com\\\/avatar\\\/7f7863e616af8f92806c638dd1db3f1a238d83d1cc2ec3100afc06fbb7eb303f?s=96&d=mm&r=g\",\"contentUrl\":\"https:\\\/\\\/secure.gravatar.com\\\/avatar\\\/7f7863e616af8f92806c638dd1db3f1a238d83d1cc2ec3100afc06fbb7eb303f?s=96&d=mm&r=g\",\"caption\":\"Uredni\u0161tvo Celjana\"},\"url\":\"https:\\\/\\\/novice.si\\\/page\\\/author\\\/maja\\\/\"}]}<\/script>\n<!-- \/ Yoast SEO plugin. -->","yoast_head_json":{"title":"\u017denske (ne)enakopravne - Novice.si","robots":{"index":"index","follow":"follow","max-snippet":"max-snippet:-1","max-image-preview":"max-image-preview:large","max-video-preview":"max-video-preview:-1"},"canonical":"https:\/\/novice.si\/page\/zenske-neenakopravne\/","og_locale":"sl_SI","og_type":"article","og_title":"\u017denske (ne)enakopravne - Novice.si","og_description":"Dan \u017eena, ki smo ga, tako kot vsako leto, praznovali v\u010deraj, osmega marca, ni le dan za podarjen cvet \u017eenskam, pa\u010d pa pomemben opomnik o zavedanju priborjenih pravic, ki pa so ponekod le \u010drka na papirju. Vsaka peta \u017eenska je \u017ertev fizi\u010dnega nasilja partnerja, veliko se jih soo\u010da z nadlegovanjem v slu\u017ebi. Praznik, takrat \u0161e [&hellip;]","og_url":"https:\/\/novice.si\/page\/zenske-neenakopravne\/","og_site_name":"Novice.si","article_published_time":"2023-03-09T16:39:44+00:00","og_image":[{"width":2400,"height":1600,"url":"https:\/\/novice.si\/page\/wp-content\/uploads\/2023\/03\/CZ_Zenske-neenakopravne1.jpg","type":"image\/jpeg"}],"author":"Uredni\u0161tvo Celjana","twitter_card":"summary_large_image","twitter_misc":{"Written by":"Uredni\u0161tvo Celjana","Est. reading time":"2 minuti"},"schema":{"@context":"https:\/\/schema.org","@graph":[{"@type":"Article","@id":"https:\/\/novice.si\/page\/zenske-neenakopravne\/#article","isPartOf":{"@id":"https:\/\/novice.si\/page\/zenske-neenakopravne\/"},"author":{"name":"Uredni\u0161tvo Celjana","@id":"https:\/\/novice.si\/page\/#\/schema\/person\/a49f233ef2777ec7b2e8d0662325bb48"},"headline":"\u017denske (ne)enakopravne","datePublished":"2023-03-09T16:39:44+00:00","mainEntityOfPage":{"@id":"https:\/\/novice.si\/page\/zenske-neenakopravne\/"},"wordCount":356,"publisher":{"@id":"https:\/\/novice.si\/page\/#organization"},"image":{"@id":"https:\/\/novice.si\/page\/zenske-neenakopravne\/#primaryimage"},"thumbnailUrl":"https:\/\/novice.si\/page\/wp-content\/uploads\/2023\/03\/CZ_Zenske-neenakopravne1.jpg","articleSection":["Aktualno","Celjan","Celjsko"],"inLanguage":"sl-SI"},{"@type":"WebPage","@id":"https:\/\/novice.si\/page\/zenske-neenakopravne\/","url":"https:\/\/novice.si\/page\/zenske-neenakopravne\/","name":"\u017denske (ne)enakopravne - Novice.si","isPartOf":{"@id":"https:\/\/novice.si\/page\/#website"},"primaryImageOfPage":{"@id":"https:\/\/novice.si\/page\/zenske-neenakopravne\/#primaryimage"},"image":{"@id":"https:\/\/novice.si\/page\/zenske-neenakopravne\/#primaryimage"},"thumbnailUrl":"https:\/\/novice.si\/page\/wp-content\/uploads\/2023\/03\/CZ_Zenske-neenakopravne1.jpg","datePublished":"2023-03-09T16:39:44+00:00","breadcrumb":{"@id":"https:\/\/novice.si\/page\/zenske-neenakopravne\/#breadcrumb"},"inLanguage":"sl-SI","potentialAction":[{"@type":"ReadAction","target":["https:\/\/novice.si\/page\/zenske-neenakopravne\/"]}]},{"@type":"ImageObject","inLanguage":"sl-SI","@id":"https:\/\/novice.si\/page\/zenske-neenakopravne\/#primaryimage","url":"https:\/\/novice.si\/page\/wp-content\/uploads\/2023\/03\/CZ_Zenske-neenakopravne1.jpg","contentUrl":"https:\/\/novice.si\/page\/wp-content\/uploads\/2023\/03\/CZ_Zenske-neenakopravne1.jpg","width":2400,"height":1600,"caption":"A mature woman standing in the kitchen, she is putting colorful flowers in a vase on the kitchen counter and smelling them."},{"@type":"BreadcrumbList","@id":"https:\/\/novice.si\/page\/zenske-neenakopravne\/#breadcrumb","itemListElement":[{"@type":"ListItem","position":1,"name":"Home","item":"https:\/\/novice.si\/page\/"},{"@type":"ListItem","position":2,"name":"\u017denske (ne)enakopravne"}]},{"@type":"WebSite","@id":"https:\/\/novice.si\/page\/#website","url":"https:\/\/novice.si\/page\/","name":"Novice.si","description":"","publisher":{"@id":"https:\/\/novice.si\/page\/#organization"},"potentialAction":[{"@type":"SearchAction","target":{"@type":"EntryPoint","urlTemplate":"https:\/\/novice.si\/page\/?s={search_term_string}"},"query-input":{"@type":"PropertyValueSpecification","valueRequired":true,"valueName":"search_term_string"}}],"inLanguage":"sl-SI"},{"@type":"Organization","@id":"https:\/\/novice.si\/page\/#organization","name":"Novice.si","url":"https:\/\/novice.si\/page\/","logo":{"@type":"ImageObject","inLanguage":"sl-SI","@id":"https:\/\/novice.si\/page\/#\/schema\/logo\/image\/","url":"https:\/\/novice.si\/page\/wp-content\/uploads\/2023\/03\/novice_si.png","contentUrl":"https:\/\/novice.si\/page\/wp-content\/uploads\/2023\/03\/novice_si.png","width":576,"height":200,"caption":"Novice.si"},"image":{"@id":"https:\/\/novice.si\/page\/#\/schema\/logo\/image\/"}},{"@type":"Person","@id":"https:\/\/novice.si\/page\/#\/schema\/person\/a49f233ef2777ec7b2e8d0662325bb48","name":"Uredni\u0161tvo Celjana","image":{"@type":"ImageObject","inLanguage":"sl-SI","@id":"https:\/\/secure.gravatar.com\/avatar\/7f7863e616af8f92806c638dd1db3f1a238d83d1cc2ec3100afc06fbb7eb303f?s=96&d=mm&r=g","url":"https:\/\/secure.gravatar.com\/avatar\/7f7863e616af8f92806c638dd1db3f1a238d83d1cc2ec3100afc06fbb7eb303f?s=96&d=mm&r=g","contentUrl":"https:\/\/secure.gravatar.com\/avatar\/7f7863e616af8f92806c638dd1db3f1a238d83d1cc2ec3100afc06fbb7eb303f?s=96&d=mm&r=g","caption":"Uredni\u0161tvo Celjana"},"url":"https:\/\/novice.si\/page\/author\/maja\/"}]}},"_links":{"self":[{"href":"https:\/\/novice.si\/page\/wp-json\/wp\/v2\/posts\/160692","targetHints":{"allow":["GET"]}}],"collection":[{"href":"https:\/\/novice.si\/page\/wp-json\/wp\/v2\/posts"}],"about":[{"href":"https:\/\/novice.si\/page\/wp-json\/wp\/v2\/types\/post"}],"author":[{"embeddable":true,"href":"https:\/\/novice.si\/page\/wp-json\/wp\/v2\/users\/55"}],"replies":[{"embeddable":true,"href":"https:\/\/novice.si\/page\/wp-json\/wp\/v2\/comments?post=160692"}],"version-history":[{"count":1,"href":"https:\/\/novice.si\/page\/wp-json\/wp\/v2\/posts\/160692\/revisions"}],"predecessor-version":[{"id":160694,"href":"https:\/\/novice.si\/page\/wp-json\/wp\/v2\/posts\/160692\/revisions\/160694"}],"wp:featuredmedia":[{"embeddable":true,"href":"https:\/\/novice.si\/page\/wp-json\/wp\/v2\/media\/160693"}],"wp:attachment":[{"href":"https:\/\/novice.si\/page\/wp-json\/wp\/v2\/media?parent=160692"}],"wp:term":[{"taxonomy":"category","embeddable":true,"href":"https:\/\/novice.si\/page\/wp-json\/wp\/v2\/categories?post=160692"},{"taxonomy":"post_tag","embeddable":true,"href":"https:\/\/novice.si\/page\/wp-json\/wp\/v2\/tags?post=160692"}],"curies":[{"name":"wp","href":"https:\/\/api.w.org\/{rel}","templated":true}]}}