{"id":160688,"date":"2023-03-09T13:34:29","date_gmt":"2023-03-09T12:34:29","guid":{"rendered":"https:\/\/novice.si\/page\/?p=160688"},"modified":"2023-03-09T13:34:29","modified_gmt":"2023-03-09T12:34:29","slug":"prijave-na-11-konjiski-maraton-so-odprte","status":"publish","type":"post","link":"https:\/\/novice.si\/page\/prijave-na-11-konjiski-maraton-so-odprte\/","title":{"rendered":"Prijave na 11. Konji\u0161ki maraton so odprte"},"content":{"rendered":"<p><a href=\"https:\/\/novice.si\/page\/wp-content\/uploads\/2023\/03\/konjiski-maraton_resize.jpg\" data-gallery><img loading=\"lazy\" decoding=\"async\" class=\"size-medium wp-image-160689 alignleft\" src=\"https:\/\/novice.si\/page\/wp-content\/uploads\/2023\/03\/konjiski-maraton_resize-300x200.jpg\" alt=\"\" width=\"300\" height=\"200\" srcset=\"https:\/\/novice.si\/page\/wp-content\/uploads\/2023\/03\/konjiski-maraton_resize-300x200.jpg 300w, https:\/\/novice.si\/page\/wp-content\/uploads\/2023\/03\/konjiski-maraton_resize-768x512.jpg 768w, https:\/\/novice.si\/page\/wp-content\/uploads\/2023\/03\/konjiski-maraton_resize-696x464.jpg 696w, https:\/\/novice.si\/page\/wp-content\/uploads\/2023\/03\/konjiski-maraton_resize-630x420.jpg 630w, https:\/\/novice.si\/page\/wp-content\/uploads\/2023\/03\/konjiski-maraton_resize-24x16.jpg 24w, https:\/\/novice.si\/page\/wp-content\/uploads\/2023\/03\/konjiski-maraton_resize-36x24.jpg 36w, https:\/\/novice.si\/page\/wp-content\/uploads\/2023\/03\/konjiski-maraton_resize-48x32.jpg 48w, https:\/\/novice.si\/page\/wp-content\/uploads\/2023\/03\/konjiski-maraton_resize.jpg 800w\" sizes=\"auto, (max-width: 300px) 100vw, 300px\" \/><\/a>Organizatorji Konji\u0161kega maratona so odprli &#8216;first minute&#8217; prijave za leto\u0161njo enajsto izvedbo, ki bo 24. septembra. Prijave do konca marca bodo tudi najcenej\u0161e (29 evrov), s 1. aprilom pa bodo tri evre dra\u017eje. Predsednik organizacijskega odbora <strong>Anton Noner<\/strong> je ob tem opozoril, da bodo z naslednjim mesecem odprli \u0161e zelo priljubljene skupinske prijave. Na vseh dosedanjih maratonih z du\u0161o so teka\u010dice in teka\u010di prejeli bogate darilne vre\u010dke in Noner obljublja, da bo tako tudi letos. Potrudili se bodo, da bodo letos vre\u010dke \u0161e bolj polne, prav tako pa bo \u0161e bogatej\u0161i tudi ves spremljevalni program.<br \/>\n<em>Na koliko bo \u0161tevilo teka\u010dev na 5, 10 in 21 kilometrov omejeno, pa \u017ee lahko preverite v lokalnem \u010dasopisu NOVICE.<\/em> (Jure Mernik)<\/p>\n<p>Preberite tudi:<br \/>\nKonji\u0161ki maraton bo znova dr\u017eavno prvenstvo<br \/>\n<a href=\"https:\/\/novice.si\/page\/konjiski-maraton-bo-znova-drzavno-prvenstvo\/\">https:\/\/novice.si\/page\/konjiski-maraton-bo-znova-drzavno-prvenstvo\/<\/a><\/p>\n","protected":false},"excerpt":{"rendered":"<p>Organizatorji Konji\u0161kega maratona so odprli &#8216;first minute&#8217; prijave za leto\u0161njo enajsto izvedbo, ki bo 24. septembra. Prijave do konca marca bodo tudi najcenej\u0161e (29 evrov), s 1. aprilom pa bodo tri evre dra\u017eje. Predsednik organizacijskega odbora Anton Noner je ob tem opozoril, da bodo z naslednjim mesecem odprli \u0161e zelo priljubljene skupinske prijave. Na vseh [&hellip;]<\/p>\n","protected":false},"author":7,"featured_media":160689,"comment_status":"closed","ping_status":"closed","sticky":false,"template":"","format":"standard","meta":{"footnotes":""},"categories":[14,16,68],"tags":[351,4070],"class_list":{"0":"post-160688","1":"post","2":"type-post","3":"status-publish","4":"format-standard","5":"has-post-thumbnail","7":"category-aktualno","8":"category-konjisko","9":"category-sport","10":"tag-konjiski-maraton","11":"tag-prijave"},"yoast_head":"<!-- This site is optimized with the Yoast SEO plugin v27.4 - https:\/\/yoast.com\/product\/yoast-seo-wordpress\/ -->\n<title>Prijave na 11. Konji\u0161ki maraton so odprte - Novice.si<\/title>\n<meta name=\"robots\" content=\"index, follow, max-snippet:-1, max-image-preview:large, max-video-preview:-1\" \/>\n<link rel=\"canonical\" href=\"https:\/\/novice.si\/page\/prijave-na-11-konjiski-maraton-so-odprte\/\" \/>\n<meta property=\"og:locale\" content=\"sl_SI\" \/>\n<meta property=\"og:type\" content=\"article\" \/>\n<meta property=\"og:title\" content=\"Prijave na 11. Konji\u0161ki maraton so odprte - Novice.si\" \/>\n<meta property=\"og:description\" content=\"Organizatorji Konji\u0161kega maratona so odprli &#8216;first minute&#8217; prijave za leto\u0161njo enajsto izvedbo, ki bo 24. septembra. Prijave do konca marca bodo tudi najcenej\u0161e (29 evrov), s 1. aprilom pa bodo tri evre dra\u017eje. Predsednik organizacijskega odbora Anton Noner je ob tem opozoril, da bodo z naslednjim mesecem odprli \u0161e zelo priljubljene skupinske prijave. Na vseh [&hellip;]\" \/>\n<meta property=\"og:url\" content=\"https:\/\/novice.si\/page\/prijave-na-11-konjiski-maraton-so-odprte\/\" \/>\n<meta property=\"og:site_name\" content=\"Novice.si\" \/>\n<meta property=\"article:published_time\" content=\"2023-03-09T12:34:29+00:00\" \/>\n<meta property=\"og:image\" content=\"https:\/\/novice.si\/page\/wp-content\/uploads\/2023\/03\/konjiski-maraton_resize.jpg\" \/>\n\t<meta property=\"og:image:width\" content=\"800\" \/>\n\t<meta property=\"og:image:height\" content=\"533\" \/>\n\t<meta property=\"og:image:type\" content=\"image\/jpeg\" \/>\n<meta name=\"author\" content=\"Uredni\u0161tvo Novic\" \/>\n<meta name=\"twitter:card\" content=\"summary_large_image\" \/>\n<meta name=\"twitter:label1\" content=\"Written by\" \/>\n\t<meta name=\"twitter:data1\" content=\"Uredni\u0161tvo Novic\" \/>\n\t<meta name=\"twitter:label2\" content=\"Est. reading time\" \/>\n\t<meta name=\"twitter:data2\" content=\"1 minuta\" \/>\n<script type=\"application\/ld+json\" class=\"yoast-schema-graph\">{\"@context\":\"https:\\\/\\\/schema.org\",\"@graph\":[{\"@type\":\"Article\",\"@id\":\"https:\\\/\\\/novice.si\\\/page\\\/prijave-na-11-konjiski-maraton-so-odprte\\\/#article\",\"isPartOf\":{\"@id\":\"https:\\\/\\\/novice.si\\\/page\\\/prijave-na-11-konjiski-maraton-so-odprte\\\/\"},\"author\":{\"name\":\"Uredni\u0161tvo Novic\",\"@id\":\"https:\\\/\\\/novice.si\\\/page\\\/#\\\/schema\\\/person\\\/a877dbb8680d441357ce27663beb35ca\"},\"headline\":\"Prijave na 11. Konji\u0161ki maraton so odprte\",\"datePublished\":\"2023-03-09T12:34:29+00:00\",\"mainEntityOfPage\":{\"@id\":\"https:\\\/\\\/novice.si\\\/page\\\/prijave-na-11-konjiski-maraton-so-odprte\\\/\"},\"wordCount\":144,\"publisher\":{\"@id\":\"https:\\\/\\\/novice.si\\\/page\\\/#organization\"},\"image\":{\"@id\":\"https:\\\/\\\/novice.si\\\/page\\\/prijave-na-11-konjiski-maraton-so-odprte\\\/#primaryimage\"},\"thumbnailUrl\":\"https:\\\/\\\/novice.si\\\/page\\\/wp-content\\\/uploads\\\/2023\\\/03\\\/konjiski-maraton_resize.jpg\",\"keywords\":[\"Konji\u0161ki maraton\",\"prijave\"],\"articleSection\":[\"Aktualno\",\"Konji\u0161ko\",\"\u0160port\"],\"inLanguage\":\"sl-SI\"},{\"@type\":\"WebPage\",\"@id\":\"https:\\\/\\\/novice.si\\\/page\\\/prijave-na-11-konjiski-maraton-so-odprte\\\/\",\"url\":\"https:\\\/\\\/novice.si\\\/page\\\/prijave-na-11-konjiski-maraton-so-odprte\\\/\",\"name\":\"Prijave na 11. Konji\u0161ki maraton so odprte - Novice.si\",\"isPartOf\":{\"@id\":\"https:\\\/\\\/novice.si\\\/page\\\/#website\"},\"primaryImageOfPage\":{\"@id\":\"https:\\\/\\\/novice.si\\\/page\\\/prijave-na-11-konjiski-maraton-so-odprte\\\/#primaryimage\"},\"image\":{\"@id\":\"https:\\\/\\\/novice.si\\\/page\\\/prijave-na-11-konjiski-maraton-so-odprte\\\/#primaryimage\"},\"thumbnailUrl\":\"https:\\\/\\\/novice.si\\\/page\\\/wp-content\\\/uploads\\\/2023\\\/03\\\/konjiski-maraton_resize.jpg\",\"datePublished\":\"2023-03-09T12:34:29+00:00\",\"breadcrumb\":{\"@id\":\"https:\\\/\\\/novice.si\\\/page\\\/prijave-na-11-konjiski-maraton-so-odprte\\\/#breadcrumb\"},\"inLanguage\":\"sl-SI\",\"potentialAction\":[{\"@type\":\"ReadAction\",\"target\":[\"https:\\\/\\\/novice.si\\\/page\\\/prijave-na-11-konjiski-maraton-so-odprte\\\/\"]}]},{\"@type\":\"ImageObject\",\"inLanguage\":\"sl-SI\",\"@id\":\"https:\\\/\\\/novice.si\\\/page\\\/prijave-na-11-konjiski-maraton-so-odprte\\\/#primaryimage\",\"url\":\"https:\\\/\\\/novice.si\\\/page\\\/wp-content\\\/uploads\\\/2023\\\/03\\\/konjiski-maraton_resize.jpg\",\"contentUrl\":\"https:\\\/\\\/novice.si\\\/page\\\/wp-content\\\/uploads\\\/2023\\\/03\\\/konjiski-maraton_resize.jpg\",\"width\":800,\"height\":533},{\"@type\":\"BreadcrumbList\",\"@id\":\"https:\\\/\\\/novice.si\\\/page\\\/prijave-na-11-konjiski-maraton-so-odprte\\\/#breadcrumb\",\"itemListElement\":[{\"@type\":\"ListItem\",\"position\":1,\"name\":\"Home\",\"item\":\"https:\\\/\\\/novice.si\\\/page\\\/\"},{\"@type\":\"ListItem\",\"position\":2,\"name\":\"Prijave na 11. Konji\u0161ki maraton so odprte\"}]},{\"@type\":\"WebSite\",\"@id\":\"https:\\\/\\\/novice.si\\\/page\\\/#website\",\"url\":\"https:\\\/\\\/novice.si\\\/page\\\/\",\"name\":\"Novice.si\",\"description\":\"\",\"publisher\":{\"@id\":\"https:\\\/\\\/novice.si\\\/page\\\/#organization\"},\"potentialAction\":[{\"@type\":\"SearchAction\",\"target\":{\"@type\":\"EntryPoint\",\"urlTemplate\":\"https:\\\/\\\/novice.si\\\/page\\\/?s={search_term_string}\"},\"query-input\":{\"@type\":\"PropertyValueSpecification\",\"valueRequired\":true,\"valueName\":\"search_term_string\"}}],\"inLanguage\":\"sl-SI\"},{\"@type\":\"Organization\",\"@id\":\"https:\\\/\\\/novice.si\\\/page\\\/#organization\",\"name\":\"Novice.si\",\"url\":\"https:\\\/\\\/novice.si\\\/page\\\/\",\"logo\":{\"@type\":\"ImageObject\",\"inLanguage\":\"sl-SI\",\"@id\":\"https:\\\/\\\/novice.si\\\/page\\\/#\\\/schema\\\/logo\\\/image\\\/\",\"url\":\"https:\\\/\\\/novice.si\\\/page\\\/wp-content\\\/uploads\\\/2023\\\/03\\\/novice_si.png\",\"contentUrl\":\"https:\\\/\\\/novice.si\\\/page\\\/wp-content\\\/uploads\\\/2023\\\/03\\\/novice_si.png\",\"width\":576,\"height\":200,\"caption\":\"Novice.si\"},\"image\":{\"@id\":\"https:\\\/\\\/novice.si\\\/page\\\/#\\\/schema\\\/logo\\\/image\\\/\"}},{\"@type\":\"Person\",\"@id\":\"https:\\\/\\\/novice.si\\\/page\\\/#\\\/schema\\\/person\\\/a877dbb8680d441357ce27663beb35ca\",\"name\":\"Uredni\u0161tvo Novic\",\"image\":{\"@type\":\"ImageObject\",\"inLanguage\":\"sl-SI\",\"@id\":\"https:\\\/\\\/secure.gravatar.com\\\/avatar\\\/f19c0ae874706cc9ba19d2f6da5f74a5a5ee7674f283fed29ce0ad16a9f1893e?s=96&d=mm&r=g\",\"url\":\"https:\\\/\\\/secure.gravatar.com\\\/avatar\\\/f19c0ae874706cc9ba19d2f6da5f74a5a5ee7674f283fed29ce0ad16a9f1893e?s=96&d=mm&r=g\",\"contentUrl\":\"https:\\\/\\\/secure.gravatar.com\\\/avatar\\\/f19c0ae874706cc9ba19d2f6da5f74a5a5ee7674f283fed29ce0ad16a9f1893e?s=96&d=mm&r=g\",\"caption\":\"Uredni\u0161tvo Novic\"},\"url\":\"https:\\\/\\\/novice.si\\\/page\\\/author\\\/jure\\\/\"}]}<\/script>\n<!-- \/ Yoast SEO plugin. -->","yoast_head_json":{"title":"Prijave na 11. Konji\u0161ki maraton so odprte - Novice.si","robots":{"index":"index","follow":"follow","max-snippet":"max-snippet:-1","max-image-preview":"max-image-preview:large","max-video-preview":"max-video-preview:-1"},"canonical":"https:\/\/novice.si\/page\/prijave-na-11-konjiski-maraton-so-odprte\/","og_locale":"sl_SI","og_type":"article","og_title":"Prijave na 11. Konji\u0161ki maraton so odprte - Novice.si","og_description":"Organizatorji Konji\u0161kega maratona so odprli &#8216;first minute&#8217; prijave za leto\u0161njo enajsto izvedbo, ki bo 24. septembra. Prijave do konca marca bodo tudi najcenej\u0161e (29 evrov), s 1. aprilom pa bodo tri evre dra\u017eje. Predsednik organizacijskega odbora Anton Noner je ob tem opozoril, da bodo z naslednjim mesecem odprli \u0161e zelo priljubljene skupinske prijave. Na vseh [&hellip;]","og_url":"https:\/\/novice.si\/page\/prijave-na-11-konjiski-maraton-so-odprte\/","og_site_name":"Novice.si","article_published_time":"2023-03-09T12:34:29+00:00","og_image":[{"width":800,"height":533,"url":"https:\/\/novice.si\/page\/wp-content\/uploads\/2023\/03\/konjiski-maraton_resize.jpg","type":"image\/jpeg"}],"author":"Uredni\u0161tvo Novic","twitter_card":"summary_large_image","twitter_misc":{"Written by":"Uredni\u0161tvo Novic","Est. reading time":"1 minuta"},"schema":{"@context":"https:\/\/schema.org","@graph":[{"@type":"Article","@id":"https:\/\/novice.si\/page\/prijave-na-11-konjiski-maraton-so-odprte\/#article","isPartOf":{"@id":"https:\/\/novice.si\/page\/prijave-na-11-konjiski-maraton-so-odprte\/"},"author":{"name":"Uredni\u0161tvo Novic","@id":"https:\/\/novice.si\/page\/#\/schema\/person\/a877dbb8680d441357ce27663beb35ca"},"headline":"Prijave na 11. Konji\u0161ki maraton so odprte","datePublished":"2023-03-09T12:34:29+00:00","mainEntityOfPage":{"@id":"https:\/\/novice.si\/page\/prijave-na-11-konjiski-maraton-so-odprte\/"},"wordCount":144,"publisher":{"@id":"https:\/\/novice.si\/page\/#organization"},"image":{"@id":"https:\/\/novice.si\/page\/prijave-na-11-konjiski-maraton-so-odprte\/#primaryimage"},"thumbnailUrl":"https:\/\/novice.si\/page\/wp-content\/uploads\/2023\/03\/konjiski-maraton_resize.jpg","keywords":["Konji\u0161ki maraton","prijave"],"articleSection":["Aktualno","Konji\u0161ko","\u0160port"],"inLanguage":"sl-SI"},{"@type":"WebPage","@id":"https:\/\/novice.si\/page\/prijave-na-11-konjiski-maraton-so-odprte\/","url":"https:\/\/novice.si\/page\/prijave-na-11-konjiski-maraton-so-odprte\/","name":"Prijave na 11. Konji\u0161ki maraton so odprte - Novice.si","isPartOf":{"@id":"https:\/\/novice.si\/page\/#website"},"primaryImageOfPage":{"@id":"https:\/\/novice.si\/page\/prijave-na-11-konjiski-maraton-so-odprte\/#primaryimage"},"image":{"@id":"https:\/\/novice.si\/page\/prijave-na-11-konjiski-maraton-so-odprte\/#primaryimage"},"thumbnailUrl":"https:\/\/novice.si\/page\/wp-content\/uploads\/2023\/03\/konjiski-maraton_resize.jpg","datePublished":"2023-03-09T12:34:29+00:00","breadcrumb":{"@id":"https:\/\/novice.si\/page\/prijave-na-11-konjiski-maraton-so-odprte\/#breadcrumb"},"inLanguage":"sl-SI","potentialAction":[{"@type":"ReadAction","target":["https:\/\/novice.si\/page\/prijave-na-11-konjiski-maraton-so-odprte\/"]}]},{"@type":"ImageObject","inLanguage":"sl-SI","@id":"https:\/\/novice.si\/page\/prijave-na-11-konjiski-maraton-so-odprte\/#primaryimage","url":"https:\/\/novice.si\/page\/wp-content\/uploads\/2023\/03\/konjiski-maraton_resize.jpg","contentUrl":"https:\/\/novice.si\/page\/wp-content\/uploads\/2023\/03\/konjiski-maraton_resize.jpg","width":800,"height":533},{"@type":"BreadcrumbList","@id":"https:\/\/novice.si\/page\/prijave-na-11-konjiski-maraton-so-odprte\/#breadcrumb","itemListElement":[{"@type":"ListItem","position":1,"name":"Home","item":"https:\/\/novice.si\/page\/"},{"@type":"ListItem","position":2,"name":"Prijave na 11. Konji\u0161ki maraton so odprte"}]},{"@type":"WebSite","@id":"https:\/\/novice.si\/page\/#website","url":"https:\/\/novice.si\/page\/","name":"Novice.si","description":"","publisher":{"@id":"https:\/\/novice.si\/page\/#organization"},"potentialAction":[{"@type":"SearchAction","target":{"@type":"EntryPoint","urlTemplate":"https:\/\/novice.si\/page\/?s={search_term_string}"},"query-input":{"@type":"PropertyValueSpecification","valueRequired":true,"valueName":"search_term_string"}}],"inLanguage":"sl-SI"},{"@type":"Organization","@id":"https:\/\/novice.si\/page\/#organization","name":"Novice.si","url":"https:\/\/novice.si\/page\/","logo":{"@type":"ImageObject","inLanguage":"sl-SI","@id":"https:\/\/novice.si\/page\/#\/schema\/logo\/image\/","url":"https:\/\/novice.si\/page\/wp-content\/uploads\/2023\/03\/novice_si.png","contentUrl":"https:\/\/novice.si\/page\/wp-content\/uploads\/2023\/03\/novice_si.png","width":576,"height":200,"caption":"Novice.si"},"image":{"@id":"https:\/\/novice.si\/page\/#\/schema\/logo\/image\/"}},{"@type":"Person","@id":"https:\/\/novice.si\/page\/#\/schema\/person\/a877dbb8680d441357ce27663beb35ca","name":"Uredni\u0161tvo Novic","image":{"@type":"ImageObject","inLanguage":"sl-SI","@id":"https:\/\/secure.gravatar.com\/avatar\/f19c0ae874706cc9ba19d2f6da5f74a5a5ee7674f283fed29ce0ad16a9f1893e?s=96&d=mm&r=g","url":"https:\/\/secure.gravatar.com\/avatar\/f19c0ae874706cc9ba19d2f6da5f74a5a5ee7674f283fed29ce0ad16a9f1893e?s=96&d=mm&r=g","contentUrl":"https:\/\/secure.gravatar.com\/avatar\/f19c0ae874706cc9ba19d2f6da5f74a5a5ee7674f283fed29ce0ad16a9f1893e?s=96&d=mm&r=g","caption":"Uredni\u0161tvo Novic"},"url":"https:\/\/novice.si\/page\/author\/jure\/"}]}},"_links":{"self":[{"href":"https:\/\/novice.si\/page\/wp-json\/wp\/v2\/posts\/160688","targetHints":{"allow":["GET"]}}],"collection":[{"href":"https:\/\/novice.si\/page\/wp-json\/wp\/v2\/posts"}],"about":[{"href":"https:\/\/novice.si\/page\/wp-json\/wp\/v2\/types\/post"}],"author":[{"embeddable":true,"href":"https:\/\/novice.si\/page\/wp-json\/wp\/v2\/users\/7"}],"replies":[{"embeddable":true,"href":"https:\/\/novice.si\/page\/wp-json\/wp\/v2\/comments?post=160688"}],"version-history":[{"count":1,"href":"https:\/\/novice.si\/page\/wp-json\/wp\/v2\/posts\/160688\/revisions"}],"predecessor-version":[{"id":160690,"href":"https:\/\/novice.si\/page\/wp-json\/wp\/v2\/posts\/160688\/revisions\/160690"}],"wp:featuredmedia":[{"embeddable":true,"href":"https:\/\/novice.si\/page\/wp-json\/wp\/v2\/media\/160689"}],"wp:attachment":[{"href":"https:\/\/novice.si\/page\/wp-json\/wp\/v2\/media?parent=160688"}],"wp:term":[{"taxonomy":"category","embeddable":true,"href":"https:\/\/novice.si\/page\/wp-json\/wp\/v2\/categories?post=160688"},{"taxonomy":"post_tag","embeddable":true,"href":"https:\/\/novice.si\/page\/wp-json\/wp\/v2\/tags?post=160688"}],"curies":[{"name":"wp","href":"https:\/\/api.w.org\/{rel}","templated":true}]}}