{"id":160663,"date":"2023-03-08T14:57:17","date_gmt":"2023-03-08T13:57:17","guid":{"rendered":"https:\/\/novice.si\/page\/?p=160663"},"modified":"2023-03-08T14:57:17","modified_gmt":"2023-03-08T13:57:17","slug":"celje-sodba-za-delovno-nesreco-na-celjski-trznici-v-maju","status":"publish","type":"post","link":"https:\/\/novice.si\/page\/celje-sodba-za-delovno-nesreco-na-celjski-trznici-v-maju\/","title":{"rendered":"CELJE Sodba za delovno nesre\u010do na celjski tr\u017enici v maju"},"content":{"rendered":"<p>V nadaljevanju sojenja \u0161esterici domnevno odgovornih za smrtno delovno nesre\u010do pri obnovi celjske tr\u017enice pred 14 leti, so na sodi\u0161\u010du v Celju dopoldne predvajali posnetke nadzornih kamer, ki so ujele nesre\u010do.<\/p>\n<p><a href=\"https:\/\/novice.si\/page\/wp-content\/uploads\/2022\/06\/trznica-jun22-2-scaled.jpg\" data-gallery><img loading=\"lazy\" decoding=\"async\" class=\"size-medium wp-image-151286 alignleft\" src=\"https:\/\/novice.si\/page\/wp-content\/uploads\/2022\/06\/trznica-jun22-2-300x169.jpg\" alt=\"\" width=\"300\" height=\"169\" srcset=\"https:\/\/novice.si\/page\/wp-content\/uploads\/2022\/06\/trznica-jun22-2-300x169.jpg 300w, https:\/\/novice.si\/page\/wp-content\/uploads\/2022\/06\/trznica-jun22-2-1024x576.jpg 1024w, https:\/\/novice.si\/page\/wp-content\/uploads\/2022\/06\/trznica-jun22-2-768x432.jpg 768w, https:\/\/novice.si\/page\/wp-content\/uploads\/2022\/06\/trznica-jun22-2-1536x864.jpg 1536w, https:\/\/novice.si\/page\/wp-content\/uploads\/2022\/06\/trznica-jun22-2-2048x1152.jpg 2048w, https:\/\/novice.si\/page\/wp-content\/uploads\/2022\/06\/trznica-jun22-2-696x392.jpg 696w, https:\/\/novice.si\/page\/wp-content\/uploads\/2022\/06\/trznica-jun22-2-1068x601.jpg 1068w, https:\/\/novice.si\/page\/wp-content\/uploads\/2022\/06\/trznica-jun22-2-747x420.jpg 747w, https:\/\/novice.si\/page\/wp-content\/uploads\/2022\/06\/trznica-jun22-2-24x14.jpg 24w, https:\/\/novice.si\/page\/wp-content\/uploads\/2022\/06\/trznica-jun22-2-36x20.jpg 36w, https:\/\/novice.si\/page\/wp-content\/uploads\/2022\/06\/trznica-jun22-2-48x27.jpg 48w\" sizes=\"auto, (max-width: 300px) 100vw, 300px\" \/><\/a>V njej sta \u017eivljenje izgubila delavca iz Bosne in Hercegovine (eden na kraju, drugi v bolni\u0161nici), kot pa je bilo videti na posnetku, sta se na nedovoljenem obmo\u010dju zelo dolgo zadr\u017eevala. Z njima je bil \u0161e tretji delavec, ki pa se je \u010dude\u017eno re\u0161il, medtem ko je tri in pol tonska jeklena konstrukcija pod seboj pokopala njegova sodelavca.<\/p>\n<p>Vsi obto\u017eenci &#8211; <strong>Ernest Pu\u0161nik, Nata\u0161a Rovan Gra\u010dner, Franc \u0160prajcar, Cvitko Ferari, Drago Knezi <\/strong><strong>in Du\u0161an Bratu\u0161ek<\/strong> &#8211; zanikajo krivdo za o\u010ditana jim kazniva dejanja kr\u0161enja predpisov med monta\u017eo konstrukcije nosilnih stebrov, ki so se podrli, in neupo\u0161tevanje predpisov s podro\u010dja varstva pri delu. Sodbo naj bi jim sodnik <strong>Zoran Lenov\u0161ek<\/strong> izrekel predvidoma v drugi polovici maja.<\/p>\n<p>P\u0160<\/p>\n","protected":false},"excerpt":{"rendered":"<p>V nadaljevanju sojenja \u0161esterici domnevno odgovornih za smrtno delovno nesre\u010do pri obnovi celjske tr\u017enice pred 14 leti, so na sodi\u0161\u010du v Celju dopoldne predvajali posnetke nadzornih kamer, ki so ujele nesre\u010do. V njej sta \u017eivljenje izgubila delavca iz Bosne in Hercegovine (eden na kraju, drugi v bolni\u0161nici), kot pa je bilo videti na posnetku, sta [&hellip;]<\/p>\n","protected":false},"author":33,"featured_media":150703,"comment_status":"closed","ping_status":"closed","sticky":false,"template":"","format":"standard","meta":{"footnotes":""},"categories":[14,17,29],"tags":[17273,17268,17274,17275,17270,17272,17271,17269,356,14639],"class_list":{"0":"post-160663","1":"post","2":"type-post","3":"status-publish","4":"format-standard","5":"has-post-thumbnail","7":"category-aktualno","8":"category-celjsko","9":"category-kronika","10":"tag-cvitko-fertara","11":"tag-delovna-nesreca-na-celjski-trznici","12":"tag-drago-knez","13":"tag-dusan-bratusek","14":"tag-ernest-pusnik","15":"tag-franc-sprajcar","16":"tag-natasa-rovan-gracner","17":"tag-posnetki-video-nadzora","18":"tag-sojenje","19":"tag-zoran-lenovsek"},"yoast_head":"<!-- This site is optimized with the Yoast SEO plugin v27.4 - https:\/\/yoast.com\/product\/yoast-seo-wordpress\/ -->\n<title>CELJE Sodba za delovno nesre\u010do na celjski tr\u017enici v maju - Novice.si<\/title>\n<meta name=\"robots\" content=\"index, follow, max-snippet:-1, max-image-preview:large, max-video-preview:-1\" \/>\n<link rel=\"canonical\" href=\"https:\/\/novice.si\/page\/celje-sodba-za-delovno-nesreco-na-celjski-trznici-v-maju\/\" \/>\n<meta property=\"og:locale\" content=\"sl_SI\" \/>\n<meta property=\"og:type\" content=\"article\" \/>\n<meta property=\"og:title\" content=\"CELJE Sodba za delovno nesre\u010do na celjski tr\u017enici v maju - Novice.si\" \/>\n<meta property=\"og:description\" content=\"V nadaljevanju sojenja \u0161esterici domnevno odgovornih za smrtno delovno nesre\u010do pri obnovi celjske tr\u017enice pred 14 leti, so na sodi\u0161\u010du v Celju dopoldne predvajali posnetke nadzornih kamer, ki so ujele nesre\u010do. V njej sta \u017eivljenje izgubila delavca iz Bosne in Hercegovine (eden na kraju, drugi v bolni\u0161nici), kot pa je bilo videti na posnetku, sta [&hellip;]\" \/>\n<meta property=\"og:url\" content=\"https:\/\/novice.si\/page\/celje-sodba-za-delovno-nesreco-na-celjski-trznici-v-maju\/\" \/>\n<meta property=\"og:site_name\" content=\"Novice.si\" \/>\n<meta property=\"article:published_time\" content=\"2023-03-08T13:57:17+00:00\" \/>\n<meta property=\"og:image\" content=\"https:\/\/novice.si\/page\/wp-content\/uploads\/2022\/05\/trznica-obdolzenci-scaled.jpg\" \/>\n\t<meta property=\"og:image:width\" content=\"2560\" \/>\n\t<meta property=\"og:image:height\" content=\"1920\" \/>\n\t<meta property=\"og:image:type\" content=\"image\/jpeg\" \/>\n<meta name=\"author\" content=\"Uredni\u0161tvo Celjana\" \/>\n<meta name=\"twitter:card\" content=\"summary_large_image\" \/>\n<meta name=\"twitter:label1\" content=\"Written by\" \/>\n\t<meta name=\"twitter:data1\" content=\"Uredni\u0161tvo Celjana\" \/>\n\t<meta name=\"twitter:label2\" content=\"Est. reading time\" \/>\n\t<meta name=\"twitter:data2\" content=\"2 minuti\" \/>\n<script type=\"application\/ld+json\" class=\"yoast-schema-graph\">{\"@context\":\"https:\\\/\\\/schema.org\",\"@graph\":[{\"@type\":\"Article\",\"@id\":\"https:\\\/\\\/novice.si\\\/page\\\/celje-sodba-za-delovno-nesreco-na-celjski-trznici-v-maju\\\/#article\",\"isPartOf\":{\"@id\":\"https:\\\/\\\/novice.si\\\/page\\\/celje-sodba-za-delovno-nesreco-na-celjski-trznici-v-maju\\\/\"},\"author\":{\"name\":\"Uredni\u0161tvo Celjana\",\"@id\":\"https:\\\/\\\/novice.si\\\/page\\\/#\\\/schema\\\/person\\\/57f25c9642a9541c7349c65d32032c3e\"},\"headline\":\"CELJE Sodba za delovno nesre\u010do na celjski tr\u017enici v maju\",\"datePublished\":\"2023-03-08T13:57:17+00:00\",\"mainEntityOfPage\":{\"@id\":\"https:\\\/\\\/novice.si\\\/page\\\/celje-sodba-za-delovno-nesreco-na-celjski-trznici-v-maju\\\/\"},\"wordCount\":179,\"publisher\":{\"@id\":\"https:\\\/\\\/novice.si\\\/page\\\/#organization\"},\"image\":{\"@id\":\"https:\\\/\\\/novice.si\\\/page\\\/celje-sodba-za-delovno-nesreco-na-celjski-trznici-v-maju\\\/#primaryimage\"},\"thumbnailUrl\":\"https:\\\/\\\/novice.si\\\/page\\\/wp-content\\\/uploads\\\/2022\\\/05\\\/trznica-obdolzenci-scaled.jpg\",\"keywords\":[\"Cvitko Fertara\",\"delovna nesre\u010da na celjski tr\u017enici\",\"Drago Knez\",\"Du\u0161an Bratu\u0161ek\",\"Ernest Pu\u0161nik\",\"Franc \u0160prajcar\",\"Nata\u0161a Rovan Gra\u010dner\",\"posnetki video nadzora\",\"sojenje\",\"zoran lenov\u0161ek\"],\"articleSection\":[\"Aktualno\",\"Celjsko\",\"Kronika\"],\"inLanguage\":\"sl-SI\"},{\"@type\":\"WebPage\",\"@id\":\"https:\\\/\\\/novice.si\\\/page\\\/celje-sodba-za-delovno-nesreco-na-celjski-trznici-v-maju\\\/\",\"url\":\"https:\\\/\\\/novice.si\\\/page\\\/celje-sodba-za-delovno-nesreco-na-celjski-trznici-v-maju\\\/\",\"name\":\"CELJE Sodba za delovno nesre\u010do na celjski tr\u017enici v maju - Novice.si\",\"isPartOf\":{\"@id\":\"https:\\\/\\\/novice.si\\\/page\\\/#website\"},\"primaryImageOfPage\":{\"@id\":\"https:\\\/\\\/novice.si\\\/page\\\/celje-sodba-za-delovno-nesreco-na-celjski-trznici-v-maju\\\/#primaryimage\"},\"image\":{\"@id\":\"https:\\\/\\\/novice.si\\\/page\\\/celje-sodba-za-delovno-nesreco-na-celjski-trznici-v-maju\\\/#primaryimage\"},\"thumbnailUrl\":\"https:\\\/\\\/novice.si\\\/page\\\/wp-content\\\/uploads\\\/2022\\\/05\\\/trznica-obdolzenci-scaled.jpg\",\"datePublished\":\"2023-03-08T13:57:17+00:00\",\"breadcrumb\":{\"@id\":\"https:\\\/\\\/novice.si\\\/page\\\/celje-sodba-za-delovno-nesreco-na-celjski-trznici-v-maju\\\/#breadcrumb\"},\"inLanguage\":\"sl-SI\",\"potentialAction\":[{\"@type\":\"ReadAction\",\"target\":[\"https:\\\/\\\/novice.si\\\/page\\\/celje-sodba-za-delovno-nesreco-na-celjski-trznici-v-maju\\\/\"]}]},{\"@type\":\"ImageObject\",\"inLanguage\":\"sl-SI\",\"@id\":\"https:\\\/\\\/novice.si\\\/page\\\/celje-sodba-za-delovno-nesreco-na-celjski-trznici-v-maju\\\/#primaryimage\",\"url\":\"https:\\\/\\\/novice.si\\\/page\\\/wp-content\\\/uploads\\\/2022\\\/05\\\/trznica-obdolzenci-scaled.jpg\",\"contentUrl\":\"https:\\\/\\\/novice.si\\\/page\\\/wp-content\\\/uploads\\\/2022\\\/05\\\/trznica-obdolzenci-scaled.jpg\",\"width\":2560,\"height\":1920},{\"@type\":\"BreadcrumbList\",\"@id\":\"https:\\\/\\\/novice.si\\\/page\\\/celje-sodba-za-delovno-nesreco-na-celjski-trznici-v-maju\\\/#breadcrumb\",\"itemListElement\":[{\"@type\":\"ListItem\",\"position\":1,\"name\":\"Home\",\"item\":\"https:\\\/\\\/novice.si\\\/page\\\/\"},{\"@type\":\"ListItem\",\"position\":2,\"name\":\"CELJE Sodba za delovno nesre\u010do na celjski tr\u017enici v maju\"}]},{\"@type\":\"WebSite\",\"@id\":\"https:\\\/\\\/novice.si\\\/page\\\/#website\",\"url\":\"https:\\\/\\\/novice.si\\\/page\\\/\",\"name\":\"Novice.si\",\"description\":\"\",\"publisher\":{\"@id\":\"https:\\\/\\\/novice.si\\\/page\\\/#organization\"},\"potentialAction\":[{\"@type\":\"SearchAction\",\"target\":{\"@type\":\"EntryPoint\",\"urlTemplate\":\"https:\\\/\\\/novice.si\\\/page\\\/?s={search_term_string}\"},\"query-input\":{\"@type\":\"PropertyValueSpecification\",\"valueRequired\":true,\"valueName\":\"search_term_string\"}}],\"inLanguage\":\"sl-SI\"},{\"@type\":\"Organization\",\"@id\":\"https:\\\/\\\/novice.si\\\/page\\\/#organization\",\"name\":\"Novice.si\",\"url\":\"https:\\\/\\\/novice.si\\\/page\\\/\",\"logo\":{\"@type\":\"ImageObject\",\"inLanguage\":\"sl-SI\",\"@id\":\"https:\\\/\\\/novice.si\\\/page\\\/#\\\/schema\\\/logo\\\/image\\\/\",\"url\":\"https:\\\/\\\/novice.si\\\/page\\\/wp-content\\\/uploads\\\/2023\\\/03\\\/novice_si.png\",\"contentUrl\":\"https:\\\/\\\/novice.si\\\/page\\\/wp-content\\\/uploads\\\/2023\\\/03\\\/novice_si.png\",\"width\":576,\"height\":200,\"caption\":\"Novice.si\"},\"image\":{\"@id\":\"https:\\\/\\\/novice.si\\\/page\\\/#\\\/schema\\\/logo\\\/image\\\/\"}},{\"@type\":\"Person\",\"@id\":\"https:\\\/\\\/novice.si\\\/page\\\/#\\\/schema\\\/person\\\/57f25c9642a9541c7349c65d32032c3e\",\"name\":\"Uredni\u0161tvo Celjana\",\"image\":{\"@type\":\"ImageObject\",\"inLanguage\":\"sl-SI\",\"@id\":\"https:\\\/\\\/secure.gravatar.com\\\/avatar\\\/78e52bc4279b65f6df6345e0ef0f7b792d361361f230cf4ffecfe0afe6d5629c?s=96&d=mm&r=g\",\"url\":\"https:\\\/\\\/secure.gravatar.com\\\/avatar\\\/78e52bc4279b65f6df6345e0ef0f7b792d361361f230cf4ffecfe0afe6d5629c?s=96&d=mm&r=g\",\"contentUrl\":\"https:\\\/\\\/secure.gravatar.com\\\/avatar\\\/78e52bc4279b65f6df6345e0ef0f7b792d361361f230cf4ffecfe0afe6d5629c?s=96&d=mm&r=g\",\"caption\":\"Uredni\u0161tvo Celjana\"},\"url\":\"https:\\\/\\\/novice.si\\\/page\\\/author\\\/primoz\\\/\"}]}<\/script>\n<!-- \/ Yoast SEO plugin. -->","yoast_head_json":{"title":"CELJE Sodba za delovno nesre\u010do na celjski tr\u017enici v maju - Novice.si","robots":{"index":"index","follow":"follow","max-snippet":"max-snippet:-1","max-image-preview":"max-image-preview:large","max-video-preview":"max-video-preview:-1"},"canonical":"https:\/\/novice.si\/page\/celje-sodba-za-delovno-nesreco-na-celjski-trznici-v-maju\/","og_locale":"sl_SI","og_type":"article","og_title":"CELJE Sodba za delovno nesre\u010do na celjski tr\u017enici v maju - Novice.si","og_description":"V nadaljevanju sojenja \u0161esterici domnevno odgovornih za smrtno delovno nesre\u010do pri obnovi celjske tr\u017enice pred 14 leti, so na sodi\u0161\u010du v Celju dopoldne predvajali posnetke nadzornih kamer, ki so ujele nesre\u010do. V njej sta \u017eivljenje izgubila delavca iz Bosne in Hercegovine (eden na kraju, drugi v bolni\u0161nici), kot pa je bilo videti na posnetku, sta [&hellip;]","og_url":"https:\/\/novice.si\/page\/celje-sodba-za-delovno-nesreco-na-celjski-trznici-v-maju\/","og_site_name":"Novice.si","article_published_time":"2023-03-08T13:57:17+00:00","og_image":[{"width":2560,"height":1920,"url":"https:\/\/novice.si\/page\/wp-content\/uploads\/2022\/05\/trznica-obdolzenci-scaled.jpg","type":"image\/jpeg"}],"author":"Uredni\u0161tvo Celjana","twitter_card":"summary_large_image","twitter_misc":{"Written by":"Uredni\u0161tvo Celjana","Est. reading time":"2 minuti"},"schema":{"@context":"https:\/\/schema.org","@graph":[{"@type":"Article","@id":"https:\/\/novice.si\/page\/celje-sodba-za-delovno-nesreco-na-celjski-trznici-v-maju\/#article","isPartOf":{"@id":"https:\/\/novice.si\/page\/celje-sodba-za-delovno-nesreco-na-celjski-trznici-v-maju\/"},"author":{"name":"Uredni\u0161tvo Celjana","@id":"https:\/\/novice.si\/page\/#\/schema\/person\/57f25c9642a9541c7349c65d32032c3e"},"headline":"CELJE Sodba za delovno nesre\u010do na celjski tr\u017enici v maju","datePublished":"2023-03-08T13:57:17+00:00","mainEntityOfPage":{"@id":"https:\/\/novice.si\/page\/celje-sodba-za-delovno-nesreco-na-celjski-trznici-v-maju\/"},"wordCount":179,"publisher":{"@id":"https:\/\/novice.si\/page\/#organization"},"image":{"@id":"https:\/\/novice.si\/page\/celje-sodba-za-delovno-nesreco-na-celjski-trznici-v-maju\/#primaryimage"},"thumbnailUrl":"https:\/\/novice.si\/page\/wp-content\/uploads\/2022\/05\/trznica-obdolzenci-scaled.jpg","keywords":["Cvitko Fertara","delovna nesre\u010da na celjski tr\u017enici","Drago Knez","Du\u0161an Bratu\u0161ek","Ernest Pu\u0161nik","Franc \u0160prajcar","Nata\u0161a Rovan Gra\u010dner","posnetki video nadzora","sojenje","zoran lenov\u0161ek"],"articleSection":["Aktualno","Celjsko","Kronika"],"inLanguage":"sl-SI"},{"@type":"WebPage","@id":"https:\/\/novice.si\/page\/celje-sodba-za-delovno-nesreco-na-celjski-trznici-v-maju\/","url":"https:\/\/novice.si\/page\/celje-sodba-za-delovno-nesreco-na-celjski-trznici-v-maju\/","name":"CELJE Sodba za delovno nesre\u010do na celjski tr\u017enici v maju - Novice.si","isPartOf":{"@id":"https:\/\/novice.si\/page\/#website"},"primaryImageOfPage":{"@id":"https:\/\/novice.si\/page\/celje-sodba-za-delovno-nesreco-na-celjski-trznici-v-maju\/#primaryimage"},"image":{"@id":"https:\/\/novice.si\/page\/celje-sodba-za-delovno-nesreco-na-celjski-trznici-v-maju\/#primaryimage"},"thumbnailUrl":"https:\/\/novice.si\/page\/wp-content\/uploads\/2022\/05\/trznica-obdolzenci-scaled.jpg","datePublished":"2023-03-08T13:57:17+00:00","breadcrumb":{"@id":"https:\/\/novice.si\/page\/celje-sodba-za-delovno-nesreco-na-celjski-trznici-v-maju\/#breadcrumb"},"inLanguage":"sl-SI","potentialAction":[{"@type":"ReadAction","target":["https:\/\/novice.si\/page\/celje-sodba-za-delovno-nesreco-na-celjski-trznici-v-maju\/"]}]},{"@type":"ImageObject","inLanguage":"sl-SI","@id":"https:\/\/novice.si\/page\/celje-sodba-za-delovno-nesreco-na-celjski-trznici-v-maju\/#primaryimage","url":"https:\/\/novice.si\/page\/wp-content\/uploads\/2022\/05\/trznica-obdolzenci-scaled.jpg","contentUrl":"https:\/\/novice.si\/page\/wp-content\/uploads\/2022\/05\/trznica-obdolzenci-scaled.jpg","width":2560,"height":1920},{"@type":"BreadcrumbList","@id":"https:\/\/novice.si\/page\/celje-sodba-za-delovno-nesreco-na-celjski-trznici-v-maju\/#breadcrumb","itemListElement":[{"@type":"ListItem","position":1,"name":"Home","item":"https:\/\/novice.si\/page\/"},{"@type":"ListItem","position":2,"name":"CELJE Sodba za delovno nesre\u010do na celjski tr\u017enici v maju"}]},{"@type":"WebSite","@id":"https:\/\/novice.si\/page\/#website","url":"https:\/\/novice.si\/page\/","name":"Novice.si","description":"","publisher":{"@id":"https:\/\/novice.si\/page\/#organization"},"potentialAction":[{"@type":"SearchAction","target":{"@type":"EntryPoint","urlTemplate":"https:\/\/novice.si\/page\/?s={search_term_string}"},"query-input":{"@type":"PropertyValueSpecification","valueRequired":true,"valueName":"search_term_string"}}],"inLanguage":"sl-SI"},{"@type":"Organization","@id":"https:\/\/novice.si\/page\/#organization","name":"Novice.si","url":"https:\/\/novice.si\/page\/","logo":{"@type":"ImageObject","inLanguage":"sl-SI","@id":"https:\/\/novice.si\/page\/#\/schema\/logo\/image\/","url":"https:\/\/novice.si\/page\/wp-content\/uploads\/2023\/03\/novice_si.png","contentUrl":"https:\/\/novice.si\/page\/wp-content\/uploads\/2023\/03\/novice_si.png","width":576,"height":200,"caption":"Novice.si"},"image":{"@id":"https:\/\/novice.si\/page\/#\/schema\/logo\/image\/"}},{"@type":"Person","@id":"https:\/\/novice.si\/page\/#\/schema\/person\/57f25c9642a9541c7349c65d32032c3e","name":"Uredni\u0161tvo Celjana","image":{"@type":"ImageObject","inLanguage":"sl-SI","@id":"https:\/\/secure.gravatar.com\/avatar\/78e52bc4279b65f6df6345e0ef0f7b792d361361f230cf4ffecfe0afe6d5629c?s=96&d=mm&r=g","url":"https:\/\/secure.gravatar.com\/avatar\/78e52bc4279b65f6df6345e0ef0f7b792d361361f230cf4ffecfe0afe6d5629c?s=96&d=mm&r=g","contentUrl":"https:\/\/secure.gravatar.com\/avatar\/78e52bc4279b65f6df6345e0ef0f7b792d361361f230cf4ffecfe0afe6d5629c?s=96&d=mm&r=g","caption":"Uredni\u0161tvo Celjana"},"url":"https:\/\/novice.si\/page\/author\/primoz\/"}]}},"_links":{"self":[{"href":"https:\/\/novice.si\/page\/wp-json\/wp\/v2\/posts\/160663","targetHints":{"allow":["GET"]}}],"collection":[{"href":"https:\/\/novice.si\/page\/wp-json\/wp\/v2\/posts"}],"about":[{"href":"https:\/\/novice.si\/page\/wp-json\/wp\/v2\/types\/post"}],"author":[{"embeddable":true,"href":"https:\/\/novice.si\/page\/wp-json\/wp\/v2\/users\/33"}],"replies":[{"embeddable":true,"href":"https:\/\/novice.si\/page\/wp-json\/wp\/v2\/comments?post=160663"}],"version-history":[{"count":1,"href":"https:\/\/novice.si\/page\/wp-json\/wp\/v2\/posts\/160663\/revisions"}],"predecessor-version":[{"id":160664,"href":"https:\/\/novice.si\/page\/wp-json\/wp\/v2\/posts\/160663\/revisions\/160664"}],"wp:featuredmedia":[{"embeddable":true,"href":"https:\/\/novice.si\/page\/wp-json\/wp\/v2\/media\/150703"}],"wp:attachment":[{"href":"https:\/\/novice.si\/page\/wp-json\/wp\/v2\/media?parent=160663"}],"wp:term":[{"taxonomy":"category","embeddable":true,"href":"https:\/\/novice.si\/page\/wp-json\/wp\/v2\/categories?post=160663"},{"taxonomy":"post_tag","embeddable":true,"href":"https:\/\/novice.si\/page\/wp-json\/wp\/v2\/tags?post=160663"}],"curies":[{"name":"wp","href":"https:\/\/api.w.org\/{rel}","templated":true}]}}