{"id":160660,"date":"2023-03-08T11:16:33","date_gmt":"2023-03-08T10:16:33","guid":{"rendered":"https:\/\/novice.si\/page\/?p=160660"},"modified":"2023-03-08T11:16:33","modified_gmt":"2023-03-08T10:16:33","slug":"celje-sentjur-vlaovicu-so-kazen-potrdili-tudi-vrhovni-sodniki","status":"publish","type":"post","link":"https:\/\/novice.si\/page\/celje-sentjur-vlaovicu-so-kazen-potrdili-tudi-vrhovni-sodniki\/","title":{"rendered":"CELJE \u0160ENTJUR Vlaovi\u0107u so kazen potrdili tudi vrhovni sodniki"},"content":{"rendered":"<p>Vrhovno sodi\u0161\u010de je zavrnilo zahtevo za varstvo zakonitosti, ki jo je podal \u0160entjur\u010dan <strong>Luka Vlaovi\u0107<\/strong>.<\/p>\n<p><a href=\"https:\/\/novice.si\/page\/wp-content\/uploads\/2021\/05\/Vlaovic-maj21-2-scaled.jpg\" data-gallery><img loading=\"lazy\" decoding=\"async\" class=\" wp-image-138817 alignleft\" src=\"https:\/\/novice.si\/page\/wp-content\/uploads\/2021\/05\/Vlaovic-maj21-2-300x169.jpg\" alt=\"\" width=\"444\" height=\"250\" srcset=\"https:\/\/novice.si\/page\/wp-content\/uploads\/2021\/05\/Vlaovic-maj21-2-300x169.jpg 300w, https:\/\/novice.si\/page\/wp-content\/uploads\/2021\/05\/Vlaovic-maj21-2-1024x576.jpg 1024w, https:\/\/novice.si\/page\/wp-content\/uploads\/2021\/05\/Vlaovic-maj21-2-768x432.jpg 768w, https:\/\/novice.si\/page\/wp-content\/uploads\/2021\/05\/Vlaovic-maj21-2-1536x864.jpg 1536w, https:\/\/novice.si\/page\/wp-content\/uploads\/2021\/05\/Vlaovic-maj21-2-2048x1152.jpg 2048w, https:\/\/novice.si\/page\/wp-content\/uploads\/2021\/05\/Vlaovic-maj21-2-696x392.jpg 696w, https:\/\/novice.si\/page\/wp-content\/uploads\/2021\/05\/Vlaovic-maj21-2-1068x601.jpg 1068w, https:\/\/novice.si\/page\/wp-content\/uploads\/2021\/05\/Vlaovic-maj21-2-747x420.jpg 747w, https:\/\/novice.si\/page\/wp-content\/uploads\/2021\/05\/Vlaovic-maj21-2-24x14.jpg 24w, https:\/\/novice.si\/page\/wp-content\/uploads\/2021\/05\/Vlaovic-maj21-2-36x20.jpg 36w, https:\/\/novice.si\/page\/wp-content\/uploads\/2021\/05\/Vlaovic-maj21-2-48x27.jpg 48w\" sizes=\"auto, (max-width: 444px) 100vw, 444px\" \/><\/a>Zaradi dvojnega poskusa umora so mu na celjskem okro\u017enem sodi\u0161\u010du predlanskega junija prisodili 23 let zapora, sodbo je v za\u010detku lanskega leta v celoti potrdilo tudi vi\u0161je celjsko sodi\u0161\u010de.<\/p>\n<p>Vlaovi\u010dev zagovornik <strong>Du\u0161an Tanko<\/strong> je zahteval oprostitev oziroma razveljavitev sodbe in novo sojenje. Spomnimo, da je obsojeni svoji \u017eeni in takrat \u0161tiriletni h\u010deri, ki sta ga obiskali, saj dru\u017eina ni ve\u010d \u017eivela skupaj, ponudil krofe, v sladkorni posip pa je pome\u0161al zdrobljene tablete lorsilan.<\/p>\n<p>Pri tem je vedel, da se bosta z avtom vra\u010dali domov in naj bi ra\u010dunal, da se bosta zapletli v prometno nesre\u010do, po mo\u017enosti s smrtnim izidom.<\/p>\n<p>To se ni zgodilo, obe pa sta zaradi ob\u010dutno prevelikega odmerka potrebovali takoj\u0161njo zdravni\u0161ko pomo\u010d.<\/p>\n<p>Vlaovi\u0107 se je branil, da se je mo\u010dno pomirjevalo na krofih zna\u0161lo pomotoma.<\/p>\n<p><em>Ve\u010d preberite v Celjanu.<\/em><\/p>\n<p>P\u0160<\/p>\n","protected":false},"excerpt":{"rendered":"<p>Vrhovno sodi\u0161\u010de je zavrnilo zahtevo za varstvo zakonitosti, ki jo je podal \u0160entjur\u010dan Luka Vlaovi\u0107. Zaradi dvojnega poskusa umora so mu na celjskem okro\u017enem sodi\u0161\u010du predlanskega junija prisodili 23 let zapora, sodbo je v za\u010detku lanskega leta v celoti potrdilo tudi vi\u0161je celjsko sodi\u0161\u010de. Vlaovi\u010dev zagovornik Du\u0161an Tanko je zahteval oprostitev oziroma razveljavitev sodbe in [&hellip;]<\/p>\n","protected":false},"author":33,"featured_media":140388,"comment_status":"closed","ping_status":"closed","sticky":false,"template":"","format":"standard","meta":{"footnotes":""},"categories":[14,17,29,57],"tags":[12818,4238,12325,4256,11387],"class_list":{"0":"post-160660","1":"post","2":"type-post","3":"status-publish","4":"format-standard","5":"has-post-thumbnail","7":"category-aktualno","8":"category-celjsko","9":"category-kronika","10":"category-sentjursko","11":"tag-23-let-zapora","12":"tag-luka-vlaovic","13":"tag-poskus-dvojnega-umora","14":"tag-vrhovno-sodisce","15":"tag-zahteva-za-varstvo-zakonitosti"},"yoast_head":"<!-- This site is optimized with the Yoast SEO plugin v27.4 - https:\/\/yoast.com\/product\/yoast-seo-wordpress\/ -->\n<title>CELJE \u0160ENTJUR Vlaovi\u0107u so kazen potrdili tudi vrhovni sodniki - Novice.si<\/title>\n<meta name=\"robots\" content=\"index, follow, max-snippet:-1, max-image-preview:large, max-video-preview:-1\" \/>\n<link rel=\"canonical\" href=\"https:\/\/novice.si\/page\/celje-sentjur-vlaovicu-so-kazen-potrdili-tudi-vrhovni-sodniki\/\" \/>\n<meta property=\"og:locale\" content=\"sl_SI\" \/>\n<meta property=\"og:type\" content=\"article\" \/>\n<meta property=\"og:title\" content=\"CELJE \u0160ENTJUR Vlaovi\u0107u so kazen potrdili tudi vrhovni sodniki - Novice.si\" \/>\n<meta property=\"og:description\" content=\"Vrhovno sodi\u0161\u010de je zavrnilo zahtevo za varstvo zakonitosti, ki jo je podal \u0160entjur\u010dan Luka Vlaovi\u0107. Zaradi dvojnega poskusa umora so mu na celjskem okro\u017enem sodi\u0161\u010du predlanskega junija prisodili 23 let zapora, sodbo je v za\u010detku lanskega leta v celoti potrdilo tudi vi\u0161je celjsko sodi\u0161\u010de. Vlaovi\u010dev zagovornik Du\u0161an Tanko je zahteval oprostitev oziroma razveljavitev sodbe in [&hellip;]\" \/>\n<meta property=\"og:url\" content=\"https:\/\/novice.si\/page\/celje-sentjur-vlaovicu-so-kazen-potrdili-tudi-vrhovni-sodniki\/\" \/>\n<meta property=\"og:site_name\" content=\"Novice.si\" \/>\n<meta property=\"article:published_time\" content=\"2023-03-08T10:16:33+00:00\" \/>\n<meta property=\"og:image\" content=\"https:\/\/novice.si\/page\/wp-content\/uploads\/2021\/06\/vlaovic-sodba-1-scaled.jpg\" \/>\n\t<meta property=\"og:image:width\" content=\"2560\" \/>\n\t<meta property=\"og:image:height\" content=\"1440\" \/>\n\t<meta property=\"og:image:type\" content=\"image\/jpeg\" \/>\n<meta name=\"author\" content=\"Uredni\u0161tvo Celjana\" \/>\n<meta name=\"twitter:card\" content=\"summary_large_image\" \/>\n<meta name=\"twitter:label1\" content=\"Written by\" \/>\n\t<meta name=\"twitter:data1\" content=\"Uredni\u0161tvo Celjana\" \/>\n\t<meta name=\"twitter:label2\" content=\"Est. reading time\" \/>\n\t<meta name=\"twitter:data2\" content=\"2 minuti\" \/>\n<script type=\"application\/ld+json\" class=\"yoast-schema-graph\">{\"@context\":\"https:\\\/\\\/schema.org\",\"@graph\":[{\"@type\":\"Article\",\"@id\":\"https:\\\/\\\/novice.si\\\/page\\\/celje-sentjur-vlaovicu-so-kazen-potrdili-tudi-vrhovni-sodniki\\\/#article\",\"isPartOf\":{\"@id\":\"https:\\\/\\\/novice.si\\\/page\\\/celje-sentjur-vlaovicu-so-kazen-potrdili-tudi-vrhovni-sodniki\\\/\"},\"author\":{\"name\":\"Uredni\u0161tvo Celjana\",\"@id\":\"https:\\\/\\\/novice.si\\\/page\\\/#\\\/schema\\\/person\\\/57f25c9642a9541c7349c65d32032c3e\"},\"headline\":\"CELJE \u0160ENTJUR Vlaovi\u0107u so kazen potrdili tudi vrhovni sodniki\",\"datePublished\":\"2023-03-08T10:16:33+00:00\",\"mainEntityOfPage\":{\"@id\":\"https:\\\/\\\/novice.si\\\/page\\\/celje-sentjur-vlaovicu-so-kazen-potrdili-tudi-vrhovni-sodniki\\\/\"},\"wordCount\":178,\"publisher\":{\"@id\":\"https:\\\/\\\/novice.si\\\/page\\\/#organization\"},\"image\":{\"@id\":\"https:\\\/\\\/novice.si\\\/page\\\/celje-sentjur-vlaovicu-so-kazen-potrdili-tudi-vrhovni-sodniki\\\/#primaryimage\"},\"thumbnailUrl\":\"https:\\\/\\\/novice.si\\\/page\\\/wp-content\\\/uploads\\\/2021\\\/06\\\/vlaovic-sodba-1-scaled.jpg\",\"keywords\":[\"23 let zapora\",\"luka vlaovi\u0107\",\"poskus dvojnega umora\",\"vrhovno sodi\u0161\u010de\",\"zahteva za varstvo zakonitosti\"],\"articleSection\":[\"Aktualno\",\"Celjsko\",\"Kronika\",\"\u0160entjursko\"],\"inLanguage\":\"sl-SI\"},{\"@type\":\"WebPage\",\"@id\":\"https:\\\/\\\/novice.si\\\/page\\\/celje-sentjur-vlaovicu-so-kazen-potrdili-tudi-vrhovni-sodniki\\\/\",\"url\":\"https:\\\/\\\/novice.si\\\/page\\\/celje-sentjur-vlaovicu-so-kazen-potrdili-tudi-vrhovni-sodniki\\\/\",\"name\":\"CELJE \u0160ENTJUR Vlaovi\u0107u so kazen potrdili tudi vrhovni sodniki - Novice.si\",\"isPartOf\":{\"@id\":\"https:\\\/\\\/novice.si\\\/page\\\/#website\"},\"primaryImageOfPage\":{\"@id\":\"https:\\\/\\\/novice.si\\\/page\\\/celje-sentjur-vlaovicu-so-kazen-potrdili-tudi-vrhovni-sodniki\\\/#primaryimage\"},\"image\":{\"@id\":\"https:\\\/\\\/novice.si\\\/page\\\/celje-sentjur-vlaovicu-so-kazen-potrdili-tudi-vrhovni-sodniki\\\/#primaryimage\"},\"thumbnailUrl\":\"https:\\\/\\\/novice.si\\\/page\\\/wp-content\\\/uploads\\\/2021\\\/06\\\/vlaovic-sodba-1-scaled.jpg\",\"datePublished\":\"2023-03-08T10:16:33+00:00\",\"breadcrumb\":{\"@id\":\"https:\\\/\\\/novice.si\\\/page\\\/celje-sentjur-vlaovicu-so-kazen-potrdili-tudi-vrhovni-sodniki\\\/#breadcrumb\"},\"inLanguage\":\"sl-SI\",\"potentialAction\":[{\"@type\":\"ReadAction\",\"target\":[\"https:\\\/\\\/novice.si\\\/page\\\/celje-sentjur-vlaovicu-so-kazen-potrdili-tudi-vrhovni-sodniki\\\/\"]}]},{\"@type\":\"ImageObject\",\"inLanguage\":\"sl-SI\",\"@id\":\"https:\\\/\\\/novice.si\\\/page\\\/celje-sentjur-vlaovicu-so-kazen-potrdili-tudi-vrhovni-sodniki\\\/#primaryimage\",\"url\":\"https:\\\/\\\/novice.si\\\/page\\\/wp-content\\\/uploads\\\/2021\\\/06\\\/vlaovic-sodba-1-scaled.jpg\",\"contentUrl\":\"https:\\\/\\\/novice.si\\\/page\\\/wp-content\\\/uploads\\\/2021\\\/06\\\/vlaovic-sodba-1-scaled.jpg\",\"width\":2560,\"height\":1440},{\"@type\":\"BreadcrumbList\",\"@id\":\"https:\\\/\\\/novice.si\\\/page\\\/celje-sentjur-vlaovicu-so-kazen-potrdili-tudi-vrhovni-sodniki\\\/#breadcrumb\",\"itemListElement\":[{\"@type\":\"ListItem\",\"position\":1,\"name\":\"Home\",\"item\":\"https:\\\/\\\/novice.si\\\/page\\\/\"},{\"@type\":\"ListItem\",\"position\":2,\"name\":\"CELJE \u0160ENTJUR Vlaovi\u0107u so kazen potrdili tudi vrhovni sodniki\"}]},{\"@type\":\"WebSite\",\"@id\":\"https:\\\/\\\/novice.si\\\/page\\\/#website\",\"url\":\"https:\\\/\\\/novice.si\\\/page\\\/\",\"name\":\"Novice.si\",\"description\":\"\",\"publisher\":{\"@id\":\"https:\\\/\\\/novice.si\\\/page\\\/#organization\"},\"potentialAction\":[{\"@type\":\"SearchAction\",\"target\":{\"@type\":\"EntryPoint\",\"urlTemplate\":\"https:\\\/\\\/novice.si\\\/page\\\/?s={search_term_string}\"},\"query-input\":{\"@type\":\"PropertyValueSpecification\",\"valueRequired\":true,\"valueName\":\"search_term_string\"}}],\"inLanguage\":\"sl-SI\"},{\"@type\":\"Organization\",\"@id\":\"https:\\\/\\\/novice.si\\\/page\\\/#organization\",\"name\":\"Novice.si\",\"url\":\"https:\\\/\\\/novice.si\\\/page\\\/\",\"logo\":{\"@type\":\"ImageObject\",\"inLanguage\":\"sl-SI\",\"@id\":\"https:\\\/\\\/novice.si\\\/page\\\/#\\\/schema\\\/logo\\\/image\\\/\",\"url\":\"https:\\\/\\\/novice.si\\\/page\\\/wp-content\\\/uploads\\\/2023\\\/03\\\/novice_si.png\",\"contentUrl\":\"https:\\\/\\\/novice.si\\\/page\\\/wp-content\\\/uploads\\\/2023\\\/03\\\/novice_si.png\",\"width\":576,\"height\":200,\"caption\":\"Novice.si\"},\"image\":{\"@id\":\"https:\\\/\\\/novice.si\\\/page\\\/#\\\/schema\\\/logo\\\/image\\\/\"}},{\"@type\":\"Person\",\"@id\":\"https:\\\/\\\/novice.si\\\/page\\\/#\\\/schema\\\/person\\\/57f25c9642a9541c7349c65d32032c3e\",\"name\":\"Uredni\u0161tvo Celjana\",\"image\":{\"@type\":\"ImageObject\",\"inLanguage\":\"sl-SI\",\"@id\":\"https:\\\/\\\/secure.gravatar.com\\\/avatar\\\/78e52bc4279b65f6df6345e0ef0f7b792d361361f230cf4ffecfe0afe6d5629c?s=96&d=mm&r=g\",\"url\":\"https:\\\/\\\/secure.gravatar.com\\\/avatar\\\/78e52bc4279b65f6df6345e0ef0f7b792d361361f230cf4ffecfe0afe6d5629c?s=96&d=mm&r=g\",\"contentUrl\":\"https:\\\/\\\/secure.gravatar.com\\\/avatar\\\/78e52bc4279b65f6df6345e0ef0f7b792d361361f230cf4ffecfe0afe6d5629c?s=96&d=mm&r=g\",\"caption\":\"Uredni\u0161tvo Celjana\"},\"url\":\"https:\\\/\\\/novice.si\\\/page\\\/author\\\/primoz\\\/\"}]}<\/script>\n<!-- \/ Yoast SEO plugin. -->","yoast_head_json":{"title":"CELJE \u0160ENTJUR Vlaovi\u0107u so kazen potrdili tudi vrhovni sodniki - Novice.si","robots":{"index":"index","follow":"follow","max-snippet":"max-snippet:-1","max-image-preview":"max-image-preview:large","max-video-preview":"max-video-preview:-1"},"canonical":"https:\/\/novice.si\/page\/celje-sentjur-vlaovicu-so-kazen-potrdili-tudi-vrhovni-sodniki\/","og_locale":"sl_SI","og_type":"article","og_title":"CELJE \u0160ENTJUR Vlaovi\u0107u so kazen potrdili tudi vrhovni sodniki - Novice.si","og_description":"Vrhovno sodi\u0161\u010de je zavrnilo zahtevo za varstvo zakonitosti, ki jo je podal \u0160entjur\u010dan Luka Vlaovi\u0107. Zaradi dvojnega poskusa umora so mu na celjskem okro\u017enem sodi\u0161\u010du predlanskega junija prisodili 23 let zapora, sodbo je v za\u010detku lanskega leta v celoti potrdilo tudi vi\u0161je celjsko sodi\u0161\u010de. Vlaovi\u010dev zagovornik Du\u0161an Tanko je zahteval oprostitev oziroma razveljavitev sodbe in [&hellip;]","og_url":"https:\/\/novice.si\/page\/celje-sentjur-vlaovicu-so-kazen-potrdili-tudi-vrhovni-sodniki\/","og_site_name":"Novice.si","article_published_time":"2023-03-08T10:16:33+00:00","og_image":[{"width":2560,"height":1440,"url":"https:\/\/novice.si\/page\/wp-content\/uploads\/2021\/06\/vlaovic-sodba-1-scaled.jpg","type":"image\/jpeg"}],"author":"Uredni\u0161tvo Celjana","twitter_card":"summary_large_image","twitter_misc":{"Written by":"Uredni\u0161tvo Celjana","Est. reading time":"2 minuti"},"schema":{"@context":"https:\/\/schema.org","@graph":[{"@type":"Article","@id":"https:\/\/novice.si\/page\/celje-sentjur-vlaovicu-so-kazen-potrdili-tudi-vrhovni-sodniki\/#article","isPartOf":{"@id":"https:\/\/novice.si\/page\/celje-sentjur-vlaovicu-so-kazen-potrdili-tudi-vrhovni-sodniki\/"},"author":{"name":"Uredni\u0161tvo Celjana","@id":"https:\/\/novice.si\/page\/#\/schema\/person\/57f25c9642a9541c7349c65d32032c3e"},"headline":"CELJE \u0160ENTJUR Vlaovi\u0107u so kazen potrdili tudi vrhovni sodniki","datePublished":"2023-03-08T10:16:33+00:00","mainEntityOfPage":{"@id":"https:\/\/novice.si\/page\/celje-sentjur-vlaovicu-so-kazen-potrdili-tudi-vrhovni-sodniki\/"},"wordCount":178,"publisher":{"@id":"https:\/\/novice.si\/page\/#organization"},"image":{"@id":"https:\/\/novice.si\/page\/celje-sentjur-vlaovicu-so-kazen-potrdili-tudi-vrhovni-sodniki\/#primaryimage"},"thumbnailUrl":"https:\/\/novice.si\/page\/wp-content\/uploads\/2021\/06\/vlaovic-sodba-1-scaled.jpg","keywords":["23 let zapora","luka vlaovi\u0107","poskus dvojnega umora","vrhovno sodi\u0161\u010de","zahteva za varstvo zakonitosti"],"articleSection":["Aktualno","Celjsko","Kronika","\u0160entjursko"],"inLanguage":"sl-SI"},{"@type":"WebPage","@id":"https:\/\/novice.si\/page\/celje-sentjur-vlaovicu-so-kazen-potrdili-tudi-vrhovni-sodniki\/","url":"https:\/\/novice.si\/page\/celje-sentjur-vlaovicu-so-kazen-potrdili-tudi-vrhovni-sodniki\/","name":"CELJE \u0160ENTJUR Vlaovi\u0107u so kazen potrdili tudi vrhovni sodniki - Novice.si","isPartOf":{"@id":"https:\/\/novice.si\/page\/#website"},"primaryImageOfPage":{"@id":"https:\/\/novice.si\/page\/celje-sentjur-vlaovicu-so-kazen-potrdili-tudi-vrhovni-sodniki\/#primaryimage"},"image":{"@id":"https:\/\/novice.si\/page\/celje-sentjur-vlaovicu-so-kazen-potrdili-tudi-vrhovni-sodniki\/#primaryimage"},"thumbnailUrl":"https:\/\/novice.si\/page\/wp-content\/uploads\/2021\/06\/vlaovic-sodba-1-scaled.jpg","datePublished":"2023-03-08T10:16:33+00:00","breadcrumb":{"@id":"https:\/\/novice.si\/page\/celje-sentjur-vlaovicu-so-kazen-potrdili-tudi-vrhovni-sodniki\/#breadcrumb"},"inLanguage":"sl-SI","potentialAction":[{"@type":"ReadAction","target":["https:\/\/novice.si\/page\/celje-sentjur-vlaovicu-so-kazen-potrdili-tudi-vrhovni-sodniki\/"]}]},{"@type":"ImageObject","inLanguage":"sl-SI","@id":"https:\/\/novice.si\/page\/celje-sentjur-vlaovicu-so-kazen-potrdili-tudi-vrhovni-sodniki\/#primaryimage","url":"https:\/\/novice.si\/page\/wp-content\/uploads\/2021\/06\/vlaovic-sodba-1-scaled.jpg","contentUrl":"https:\/\/novice.si\/page\/wp-content\/uploads\/2021\/06\/vlaovic-sodba-1-scaled.jpg","width":2560,"height":1440},{"@type":"BreadcrumbList","@id":"https:\/\/novice.si\/page\/celje-sentjur-vlaovicu-so-kazen-potrdili-tudi-vrhovni-sodniki\/#breadcrumb","itemListElement":[{"@type":"ListItem","position":1,"name":"Home","item":"https:\/\/novice.si\/page\/"},{"@type":"ListItem","position":2,"name":"CELJE \u0160ENTJUR Vlaovi\u0107u so kazen potrdili tudi vrhovni sodniki"}]},{"@type":"WebSite","@id":"https:\/\/novice.si\/page\/#website","url":"https:\/\/novice.si\/page\/","name":"Novice.si","description":"","publisher":{"@id":"https:\/\/novice.si\/page\/#organization"},"potentialAction":[{"@type":"SearchAction","target":{"@type":"EntryPoint","urlTemplate":"https:\/\/novice.si\/page\/?s={search_term_string}"},"query-input":{"@type":"PropertyValueSpecification","valueRequired":true,"valueName":"search_term_string"}}],"inLanguage":"sl-SI"},{"@type":"Organization","@id":"https:\/\/novice.si\/page\/#organization","name":"Novice.si","url":"https:\/\/novice.si\/page\/","logo":{"@type":"ImageObject","inLanguage":"sl-SI","@id":"https:\/\/novice.si\/page\/#\/schema\/logo\/image\/","url":"https:\/\/novice.si\/page\/wp-content\/uploads\/2023\/03\/novice_si.png","contentUrl":"https:\/\/novice.si\/page\/wp-content\/uploads\/2023\/03\/novice_si.png","width":576,"height":200,"caption":"Novice.si"},"image":{"@id":"https:\/\/novice.si\/page\/#\/schema\/logo\/image\/"}},{"@type":"Person","@id":"https:\/\/novice.si\/page\/#\/schema\/person\/57f25c9642a9541c7349c65d32032c3e","name":"Uredni\u0161tvo Celjana","image":{"@type":"ImageObject","inLanguage":"sl-SI","@id":"https:\/\/secure.gravatar.com\/avatar\/78e52bc4279b65f6df6345e0ef0f7b792d361361f230cf4ffecfe0afe6d5629c?s=96&d=mm&r=g","url":"https:\/\/secure.gravatar.com\/avatar\/78e52bc4279b65f6df6345e0ef0f7b792d361361f230cf4ffecfe0afe6d5629c?s=96&d=mm&r=g","contentUrl":"https:\/\/secure.gravatar.com\/avatar\/78e52bc4279b65f6df6345e0ef0f7b792d361361f230cf4ffecfe0afe6d5629c?s=96&d=mm&r=g","caption":"Uredni\u0161tvo Celjana"},"url":"https:\/\/novice.si\/page\/author\/primoz\/"}]}},"_links":{"self":[{"href":"https:\/\/novice.si\/page\/wp-json\/wp\/v2\/posts\/160660","targetHints":{"allow":["GET"]}}],"collection":[{"href":"https:\/\/novice.si\/page\/wp-json\/wp\/v2\/posts"}],"about":[{"href":"https:\/\/novice.si\/page\/wp-json\/wp\/v2\/types\/post"}],"author":[{"embeddable":true,"href":"https:\/\/novice.si\/page\/wp-json\/wp\/v2\/users\/33"}],"replies":[{"embeddable":true,"href":"https:\/\/novice.si\/page\/wp-json\/wp\/v2\/comments?post=160660"}],"version-history":[{"count":1,"href":"https:\/\/novice.si\/page\/wp-json\/wp\/v2\/posts\/160660\/revisions"}],"predecessor-version":[{"id":160661,"href":"https:\/\/novice.si\/page\/wp-json\/wp\/v2\/posts\/160660\/revisions\/160661"}],"wp:featuredmedia":[{"embeddable":true,"href":"https:\/\/novice.si\/page\/wp-json\/wp\/v2\/media\/140388"}],"wp:attachment":[{"href":"https:\/\/novice.si\/page\/wp-json\/wp\/v2\/media?parent=160660"}],"wp:term":[{"taxonomy":"category","embeddable":true,"href":"https:\/\/novice.si\/page\/wp-json\/wp\/v2\/categories?post=160660"},{"taxonomy":"post_tag","embeddable":true,"href":"https:\/\/novice.si\/page\/wp-json\/wp\/v2\/tags?post=160660"}],"curies":[{"name":"wp","href":"https:\/\/api.w.org\/{rel}","templated":true}]}}