{"id":160644,"date":"2023-03-07T18:00:24","date_gmt":"2023-03-07T17:00:24","guid":{"rendered":"https:\/\/novice.si\/page\/?p=160644"},"modified":"2023-03-07T18:00:24","modified_gmt":"2023-03-07T17:00:24","slug":"celje-zasegli-kar-tri-vozila","status":"publish","type":"post","link":"https:\/\/novice.si\/page\/celje-zasegli-kar-tri-vozila\/","title":{"rendered":"CELJE Zasegli kar tri vozila"},"content":{"rendered":"<p>Celjski policisti so v\u010deraj zasegli kar tri osebna vozila.<\/p>\n<p>Najpr<a href=\"https:\/\/novice.si\/page\/wp-content\/uploads\/2023\/03\/zasezen-kombi-2.jpg\" data-gallery><img loading=\"lazy\" decoding=\"async\" class=\"size-medium wp-image-160647 alignleft\" src=\"https:\/\/novice.si\/page\/wp-content\/uploads\/2023\/03\/zasezen-kombi-2-300x202.jpg\" alt=\"\" width=\"300\" height=\"202\" srcset=\"https:\/\/novice.si\/page\/wp-content\/uploads\/2023\/03\/zasezen-kombi-2-300x202.jpg 300w, https:\/\/novice.si\/page\/wp-content\/uploads\/2023\/03\/zasezen-kombi-2-24x16.jpg 24w, https:\/\/novice.si\/page\/wp-content\/uploads\/2023\/03\/zasezen-kombi-2-36x24.jpg 36w, https:\/\/novice.si\/page\/wp-content\/uploads\/2023\/03\/zasezen-kombi-2-48x32.jpg 48w, https:\/\/novice.si\/page\/wp-content\/uploads\/2023\/03\/zasezen-kombi-2.jpg 500w\" sizes=\"auto, (max-width: 300px) 100vw, 300px\" \/><\/a>ej jim je v roke padel mlaj\u0161i voznik BMW, ki je z divjanjem in objestno vo\u017enjo v Novi vasi ogro\u017eal druge udele\u017eence v prometu. Ujeli so ga na Partizanski cesti pri Mestnem parku in ugotovili, da je mu je bilo vozni\u0161ko dovoljenje predhodno \u017ee odvzeto, vozilo pa je bilo tehni\u010dno neizpravno.<\/p>\n<p>Zaradi enakih kr\u0161itev ter vo\u017enje pod vplivom alkohola je pono\u010di brez avta ostal naslednji voznik, kombi pa so odvzeli \u0161oferju, ki mu je vozni\u0161ka \u017ee potekla. Trojico \u010dakajo \u0161e obdol\u017eilni predlogi.<\/p>\n<p>(fotografija je simboli\u010dna)<\/p>\n<p>P\u0160<\/p>\n","protected":false},"excerpt":{"rendered":"<p>Celjski policisti so v\u010deraj zasegli kar tri osebna vozila. Najprej jim je v roke padel mlaj\u0161i voznik BMW, ki je z divjanjem in objestno vo\u017enjo v Novi vasi ogro\u017eal druge udele\u017eence v prometu. Ujeli so ga na Partizanski cesti pri Mestnem parku in ugotovili, da je mu je bilo vozni\u0161ko dovoljenje predhodno \u017ee odvzeto, vozilo [&hellip;]<\/p>\n","protected":false},"author":33,"featured_media":152981,"comment_status":"closed","ping_status":"closed","sticky":false,"template":"","format":"standard","meta":{"footnotes":""},"categories":[14,17,29],"tags":[12292,1787,10697,17264,3742],"class_list":{"0":"post-160644","1":"post","2":"type-post","3":"status-publish","4":"format-standard","5":"has-post-thumbnail","7":"category-aktualno","8":"category-celjsko","9":"category-kronika","10":"tag-bmw","11":"tag-celjski-policisti","12":"tag-obdolzilni-predlog","13":"tag-partizanska-cesta","14":"tag-zasezena-vozila"},"yoast_head":"<!-- This site is optimized with the Yoast SEO plugin v27.4 - https:\/\/yoast.com\/product\/yoast-seo-wordpress\/ -->\n<title>CELJE Zasegli kar tri vozila - Novice.si<\/title>\n<meta name=\"robots\" content=\"index, follow, max-snippet:-1, max-image-preview:large, max-video-preview:-1\" \/>\n<link rel=\"canonical\" href=\"https:\/\/novice.si\/page\/celje-zasegli-kar-tri-vozila\/\" \/>\n<meta property=\"og:locale\" content=\"sl_SI\" \/>\n<meta property=\"og:type\" content=\"article\" \/>\n<meta property=\"og:title\" content=\"CELJE Zasegli kar tri vozila - Novice.si\" \/>\n<meta property=\"og:description\" content=\"Celjski policisti so v\u010deraj zasegli kar tri osebna vozila. Najprej jim je v roke padel mlaj\u0161i voznik BMW, ki je z divjanjem in objestno vo\u017enjo v Novi vasi ogro\u017eal druge udele\u017eence v prometu. Ujeli so ga na Partizanski cesti pri Mestnem parku in ugotovili, da je mu je bilo vozni\u0161ko dovoljenje predhodno \u017ee odvzeto, vozilo [&hellip;]\" \/>\n<meta property=\"og:url\" content=\"https:\/\/novice.si\/page\/celje-zasegli-kar-tri-vozila\/\" \/>\n<meta property=\"og:site_name\" content=\"Novice.si\" \/>\n<meta property=\"article:published_time\" content=\"2023-03-07T17:00:24+00:00\" \/>\n<meta property=\"og:image\" content=\"https:\/\/novice.si\/page\/wp-content\/uploads\/2022\/08\/policija-in-gasilci-1-scaled.jpg\" \/>\n\t<meta property=\"og:image:width\" content=\"2560\" \/>\n\t<meta property=\"og:image:height\" content=\"1440\" \/>\n\t<meta property=\"og:image:type\" content=\"image\/jpeg\" \/>\n<meta name=\"author\" content=\"Uredni\u0161tvo Celjana\" \/>\n<meta name=\"twitter:card\" content=\"summary_large_image\" \/>\n<meta name=\"twitter:label1\" content=\"Written by\" \/>\n\t<meta name=\"twitter:data1\" content=\"Uredni\u0161tvo Celjana\" \/>\n\t<meta name=\"twitter:label2\" content=\"Est. reading time\" \/>\n\t<meta name=\"twitter:data2\" content=\"1 minuta\" \/>\n<script type=\"application\/ld+json\" class=\"yoast-schema-graph\">{\"@context\":\"https:\\\/\\\/schema.org\",\"@graph\":[{\"@type\":\"Article\",\"@id\":\"https:\\\/\\\/novice.si\\\/page\\\/celje-zasegli-kar-tri-vozila\\\/#article\",\"isPartOf\":{\"@id\":\"https:\\\/\\\/novice.si\\\/page\\\/celje-zasegli-kar-tri-vozila\\\/\"},\"author\":{\"name\":\"Uredni\u0161tvo Celjana\",\"@id\":\"https:\\\/\\\/novice.si\\\/page\\\/#\\\/schema\\\/person\\\/57f25c9642a9541c7349c65d32032c3e\"},\"headline\":\"CELJE Zasegli kar tri vozila\",\"datePublished\":\"2023-03-07T17:00:24+00:00\",\"mainEntityOfPage\":{\"@id\":\"https:\\\/\\\/novice.si\\\/page\\\/celje-zasegli-kar-tri-vozila\\\/\"},\"wordCount\":114,\"publisher\":{\"@id\":\"https:\\\/\\\/novice.si\\\/page\\\/#organization\"},\"image\":{\"@id\":\"https:\\\/\\\/novice.si\\\/page\\\/celje-zasegli-kar-tri-vozila\\\/#primaryimage\"},\"thumbnailUrl\":\"https:\\\/\\\/novice.si\\\/page\\\/wp-content\\\/uploads\\\/2022\\\/08\\\/policija-in-gasilci-1-scaled.jpg\",\"keywords\":[\"BMW\",\"Celjski policisti\",\"obdol\u017eilni predlog\",\"partizanska cesta\",\"Zase\u017eena vozila\"],\"articleSection\":[\"Aktualno\",\"Celjsko\",\"Kronika\"],\"inLanguage\":\"sl-SI\"},{\"@type\":\"WebPage\",\"@id\":\"https:\\\/\\\/novice.si\\\/page\\\/celje-zasegli-kar-tri-vozila\\\/\",\"url\":\"https:\\\/\\\/novice.si\\\/page\\\/celje-zasegli-kar-tri-vozila\\\/\",\"name\":\"CELJE Zasegli kar tri vozila - Novice.si\",\"isPartOf\":{\"@id\":\"https:\\\/\\\/novice.si\\\/page\\\/#website\"},\"primaryImageOfPage\":{\"@id\":\"https:\\\/\\\/novice.si\\\/page\\\/celje-zasegli-kar-tri-vozila\\\/#primaryimage\"},\"image\":{\"@id\":\"https:\\\/\\\/novice.si\\\/page\\\/celje-zasegli-kar-tri-vozila\\\/#primaryimage\"},\"thumbnailUrl\":\"https:\\\/\\\/novice.si\\\/page\\\/wp-content\\\/uploads\\\/2022\\\/08\\\/policija-in-gasilci-1-scaled.jpg\",\"datePublished\":\"2023-03-07T17:00:24+00:00\",\"breadcrumb\":{\"@id\":\"https:\\\/\\\/novice.si\\\/page\\\/celje-zasegli-kar-tri-vozila\\\/#breadcrumb\"},\"inLanguage\":\"sl-SI\",\"potentialAction\":[{\"@type\":\"ReadAction\",\"target\":[\"https:\\\/\\\/novice.si\\\/page\\\/celje-zasegli-kar-tri-vozila\\\/\"]}]},{\"@type\":\"ImageObject\",\"inLanguage\":\"sl-SI\",\"@id\":\"https:\\\/\\\/novice.si\\\/page\\\/celje-zasegli-kar-tri-vozila\\\/#primaryimage\",\"url\":\"https:\\\/\\\/novice.si\\\/page\\\/wp-content\\\/uploads\\\/2022\\\/08\\\/policija-in-gasilci-1-scaled.jpg\",\"contentUrl\":\"https:\\\/\\\/novice.si\\\/page\\\/wp-content\\\/uploads\\\/2022\\\/08\\\/policija-in-gasilci-1-scaled.jpg\",\"width\":2560,\"height\":1440},{\"@type\":\"BreadcrumbList\",\"@id\":\"https:\\\/\\\/novice.si\\\/page\\\/celje-zasegli-kar-tri-vozila\\\/#breadcrumb\",\"itemListElement\":[{\"@type\":\"ListItem\",\"position\":1,\"name\":\"Home\",\"item\":\"https:\\\/\\\/novice.si\\\/page\\\/\"},{\"@type\":\"ListItem\",\"position\":2,\"name\":\"CELJE Zasegli kar tri vozila\"}]},{\"@type\":\"WebSite\",\"@id\":\"https:\\\/\\\/novice.si\\\/page\\\/#website\",\"url\":\"https:\\\/\\\/novice.si\\\/page\\\/\",\"name\":\"Novice.si\",\"description\":\"\",\"publisher\":{\"@id\":\"https:\\\/\\\/novice.si\\\/page\\\/#organization\"},\"potentialAction\":[{\"@type\":\"SearchAction\",\"target\":{\"@type\":\"EntryPoint\",\"urlTemplate\":\"https:\\\/\\\/novice.si\\\/page\\\/?s={search_term_string}\"},\"query-input\":{\"@type\":\"PropertyValueSpecification\",\"valueRequired\":true,\"valueName\":\"search_term_string\"}}],\"inLanguage\":\"sl-SI\"},{\"@type\":\"Organization\",\"@id\":\"https:\\\/\\\/novice.si\\\/page\\\/#organization\",\"name\":\"Novice.si\",\"url\":\"https:\\\/\\\/novice.si\\\/page\\\/\",\"logo\":{\"@type\":\"ImageObject\",\"inLanguage\":\"sl-SI\",\"@id\":\"https:\\\/\\\/novice.si\\\/page\\\/#\\\/schema\\\/logo\\\/image\\\/\",\"url\":\"https:\\\/\\\/novice.si\\\/page\\\/wp-content\\\/uploads\\\/2023\\\/03\\\/novice_si.png\",\"contentUrl\":\"https:\\\/\\\/novice.si\\\/page\\\/wp-content\\\/uploads\\\/2023\\\/03\\\/novice_si.png\",\"width\":576,\"height\":200,\"caption\":\"Novice.si\"},\"image\":{\"@id\":\"https:\\\/\\\/novice.si\\\/page\\\/#\\\/schema\\\/logo\\\/image\\\/\"}},{\"@type\":\"Person\",\"@id\":\"https:\\\/\\\/novice.si\\\/page\\\/#\\\/schema\\\/person\\\/57f25c9642a9541c7349c65d32032c3e\",\"name\":\"Uredni\u0161tvo Celjana\",\"image\":{\"@type\":\"ImageObject\",\"inLanguage\":\"sl-SI\",\"@id\":\"https:\\\/\\\/secure.gravatar.com\\\/avatar\\\/78e52bc4279b65f6df6345e0ef0f7b792d361361f230cf4ffecfe0afe6d5629c?s=96&d=mm&r=g\",\"url\":\"https:\\\/\\\/secure.gravatar.com\\\/avatar\\\/78e52bc4279b65f6df6345e0ef0f7b792d361361f230cf4ffecfe0afe6d5629c?s=96&d=mm&r=g\",\"contentUrl\":\"https:\\\/\\\/secure.gravatar.com\\\/avatar\\\/78e52bc4279b65f6df6345e0ef0f7b792d361361f230cf4ffecfe0afe6d5629c?s=96&d=mm&r=g\",\"caption\":\"Uredni\u0161tvo Celjana\"},\"url\":\"https:\\\/\\\/novice.si\\\/page\\\/author\\\/primoz\\\/\"}]}<\/script>\n<!-- \/ Yoast SEO plugin. -->","yoast_head_json":{"title":"CELJE Zasegli kar tri vozila - Novice.si","robots":{"index":"index","follow":"follow","max-snippet":"max-snippet:-1","max-image-preview":"max-image-preview:large","max-video-preview":"max-video-preview:-1"},"canonical":"https:\/\/novice.si\/page\/celje-zasegli-kar-tri-vozila\/","og_locale":"sl_SI","og_type":"article","og_title":"CELJE Zasegli kar tri vozila - Novice.si","og_description":"Celjski policisti so v\u010deraj zasegli kar tri osebna vozila. Najprej jim je v roke padel mlaj\u0161i voznik BMW, ki je z divjanjem in objestno vo\u017enjo v Novi vasi ogro\u017eal druge udele\u017eence v prometu. Ujeli so ga na Partizanski cesti pri Mestnem parku in ugotovili, da je mu je bilo vozni\u0161ko dovoljenje predhodno \u017ee odvzeto, vozilo [&hellip;]","og_url":"https:\/\/novice.si\/page\/celje-zasegli-kar-tri-vozila\/","og_site_name":"Novice.si","article_published_time":"2023-03-07T17:00:24+00:00","og_image":[{"width":2560,"height":1440,"url":"https:\/\/novice.si\/page\/wp-content\/uploads\/2022\/08\/policija-in-gasilci-1-scaled.jpg","type":"image\/jpeg"}],"author":"Uredni\u0161tvo Celjana","twitter_card":"summary_large_image","twitter_misc":{"Written by":"Uredni\u0161tvo Celjana","Est. reading time":"1 minuta"},"schema":{"@context":"https:\/\/schema.org","@graph":[{"@type":"Article","@id":"https:\/\/novice.si\/page\/celje-zasegli-kar-tri-vozila\/#article","isPartOf":{"@id":"https:\/\/novice.si\/page\/celje-zasegli-kar-tri-vozila\/"},"author":{"name":"Uredni\u0161tvo Celjana","@id":"https:\/\/novice.si\/page\/#\/schema\/person\/57f25c9642a9541c7349c65d32032c3e"},"headline":"CELJE Zasegli kar tri vozila","datePublished":"2023-03-07T17:00:24+00:00","mainEntityOfPage":{"@id":"https:\/\/novice.si\/page\/celje-zasegli-kar-tri-vozila\/"},"wordCount":114,"publisher":{"@id":"https:\/\/novice.si\/page\/#organization"},"image":{"@id":"https:\/\/novice.si\/page\/celje-zasegli-kar-tri-vozila\/#primaryimage"},"thumbnailUrl":"https:\/\/novice.si\/page\/wp-content\/uploads\/2022\/08\/policija-in-gasilci-1-scaled.jpg","keywords":["BMW","Celjski policisti","obdol\u017eilni predlog","partizanska cesta","Zase\u017eena vozila"],"articleSection":["Aktualno","Celjsko","Kronika"],"inLanguage":"sl-SI"},{"@type":"WebPage","@id":"https:\/\/novice.si\/page\/celje-zasegli-kar-tri-vozila\/","url":"https:\/\/novice.si\/page\/celje-zasegli-kar-tri-vozila\/","name":"CELJE Zasegli kar tri vozila - Novice.si","isPartOf":{"@id":"https:\/\/novice.si\/page\/#website"},"primaryImageOfPage":{"@id":"https:\/\/novice.si\/page\/celje-zasegli-kar-tri-vozila\/#primaryimage"},"image":{"@id":"https:\/\/novice.si\/page\/celje-zasegli-kar-tri-vozila\/#primaryimage"},"thumbnailUrl":"https:\/\/novice.si\/page\/wp-content\/uploads\/2022\/08\/policija-in-gasilci-1-scaled.jpg","datePublished":"2023-03-07T17:00:24+00:00","breadcrumb":{"@id":"https:\/\/novice.si\/page\/celje-zasegli-kar-tri-vozila\/#breadcrumb"},"inLanguage":"sl-SI","potentialAction":[{"@type":"ReadAction","target":["https:\/\/novice.si\/page\/celje-zasegli-kar-tri-vozila\/"]}]},{"@type":"ImageObject","inLanguage":"sl-SI","@id":"https:\/\/novice.si\/page\/celje-zasegli-kar-tri-vozila\/#primaryimage","url":"https:\/\/novice.si\/page\/wp-content\/uploads\/2022\/08\/policija-in-gasilci-1-scaled.jpg","contentUrl":"https:\/\/novice.si\/page\/wp-content\/uploads\/2022\/08\/policija-in-gasilci-1-scaled.jpg","width":2560,"height":1440},{"@type":"BreadcrumbList","@id":"https:\/\/novice.si\/page\/celje-zasegli-kar-tri-vozila\/#breadcrumb","itemListElement":[{"@type":"ListItem","position":1,"name":"Home","item":"https:\/\/novice.si\/page\/"},{"@type":"ListItem","position":2,"name":"CELJE Zasegli kar tri vozila"}]},{"@type":"WebSite","@id":"https:\/\/novice.si\/page\/#website","url":"https:\/\/novice.si\/page\/","name":"Novice.si","description":"","publisher":{"@id":"https:\/\/novice.si\/page\/#organization"},"potentialAction":[{"@type":"SearchAction","target":{"@type":"EntryPoint","urlTemplate":"https:\/\/novice.si\/page\/?s={search_term_string}"},"query-input":{"@type":"PropertyValueSpecification","valueRequired":true,"valueName":"search_term_string"}}],"inLanguage":"sl-SI"},{"@type":"Organization","@id":"https:\/\/novice.si\/page\/#organization","name":"Novice.si","url":"https:\/\/novice.si\/page\/","logo":{"@type":"ImageObject","inLanguage":"sl-SI","@id":"https:\/\/novice.si\/page\/#\/schema\/logo\/image\/","url":"https:\/\/novice.si\/page\/wp-content\/uploads\/2023\/03\/novice_si.png","contentUrl":"https:\/\/novice.si\/page\/wp-content\/uploads\/2023\/03\/novice_si.png","width":576,"height":200,"caption":"Novice.si"},"image":{"@id":"https:\/\/novice.si\/page\/#\/schema\/logo\/image\/"}},{"@type":"Person","@id":"https:\/\/novice.si\/page\/#\/schema\/person\/57f25c9642a9541c7349c65d32032c3e","name":"Uredni\u0161tvo Celjana","image":{"@type":"ImageObject","inLanguage":"sl-SI","@id":"https:\/\/secure.gravatar.com\/avatar\/78e52bc4279b65f6df6345e0ef0f7b792d361361f230cf4ffecfe0afe6d5629c?s=96&d=mm&r=g","url":"https:\/\/secure.gravatar.com\/avatar\/78e52bc4279b65f6df6345e0ef0f7b792d361361f230cf4ffecfe0afe6d5629c?s=96&d=mm&r=g","contentUrl":"https:\/\/secure.gravatar.com\/avatar\/78e52bc4279b65f6df6345e0ef0f7b792d361361f230cf4ffecfe0afe6d5629c?s=96&d=mm&r=g","caption":"Uredni\u0161tvo Celjana"},"url":"https:\/\/novice.si\/page\/author\/primoz\/"}]}},"_links":{"self":[{"href":"https:\/\/novice.si\/page\/wp-json\/wp\/v2\/posts\/160644","targetHints":{"allow":["GET"]}}],"collection":[{"href":"https:\/\/novice.si\/page\/wp-json\/wp\/v2\/posts"}],"about":[{"href":"https:\/\/novice.si\/page\/wp-json\/wp\/v2\/types\/post"}],"author":[{"embeddable":true,"href":"https:\/\/novice.si\/page\/wp-json\/wp\/v2\/users\/33"}],"replies":[{"embeddable":true,"href":"https:\/\/novice.si\/page\/wp-json\/wp\/v2\/comments?post=160644"}],"version-history":[{"count":1,"href":"https:\/\/novice.si\/page\/wp-json\/wp\/v2\/posts\/160644\/revisions"}],"predecessor-version":[{"id":160648,"href":"https:\/\/novice.si\/page\/wp-json\/wp\/v2\/posts\/160644\/revisions\/160648"}],"wp:featuredmedia":[{"embeddable":true,"href":"https:\/\/novice.si\/page\/wp-json\/wp\/v2\/media\/152981"}],"wp:attachment":[{"href":"https:\/\/novice.si\/page\/wp-json\/wp\/v2\/media?parent=160644"}],"wp:term":[{"taxonomy":"category","embeddable":true,"href":"https:\/\/novice.si\/page\/wp-json\/wp\/v2\/categories?post=160644"},{"taxonomy":"post_tag","embeddable":true,"href":"https:\/\/novice.si\/page\/wp-json\/wp\/v2\/tags?post=160644"}],"curies":[{"name":"wp","href":"https:\/\/api.w.org\/{rel}","templated":true}]}}