{"id":160524,"date":"2023-03-04T18:55:23","date_gmt":"2023-03-04T17:55:23","guid":{"rendered":"https:\/\/novice.si\/page\/?p=160524"},"modified":"2023-03-04T23:03:00","modified_gmt":"2023-03-04T22:03:00","slug":"timiju-zajcu-iz-hrams-se-drugo-zlato-na-domacem-svetovnem-prvenstvu","status":"publish","type":"post","link":"https:\/\/novice.si\/page\/timiju-zajcu-iz-hrams-se-drugo-zlato-na-domacem-svetovnem-prvenstvu\/","title":{"rendered":"Timiju Zajcu iz Hram\u0161 \u0161e drugo zlato na doma\u010dem svetovnem prvenstvu"},"content":{"rendered":"<p><a href=\"https:\/\/novice.si\/page\/wp-content\/uploads\/2023\/03\/zajc-timi-kvalifikacije-foto-FB-2.jpg\" data-gallery><img loading=\"lazy\" decoding=\"async\" class=\"size-medium wp-image-160526\" src=\"https:\/\/novice.si\/page\/wp-content\/uploads\/2023\/03\/zajc-timi-kvalifikacije-foto-FB-2-300x211.jpg\" alt=\"\" width=\"300\" height=\"211\" srcset=\"https:\/\/novice.si\/page\/wp-content\/uploads\/2023\/03\/zajc-timi-kvalifikacije-foto-FB-2-300x211.jpg 300w, https:\/\/novice.si\/page\/wp-content\/uploads\/2023\/03\/zajc-timi-kvalifikacije-foto-FB-2-1024x719.jpg 1024w, https:\/\/novice.si\/page\/wp-content\/uploads\/2023\/03\/zajc-timi-kvalifikacije-foto-FB-2-768x540.jpg 768w, https:\/\/novice.si\/page\/wp-content\/uploads\/2023\/03\/zajc-timi-kvalifikacije-foto-FB-2-1536x1079.jpg 1536w, https:\/\/novice.si\/page\/wp-content\/uploads\/2023\/03\/zajc-timi-kvalifikacije-foto-FB-2-100x70.jpg 100w, https:\/\/novice.si\/page\/wp-content\/uploads\/2023\/03\/zajc-timi-kvalifikacije-foto-FB-2-696x489.jpg 696w, https:\/\/novice.si\/page\/wp-content\/uploads\/2023\/03\/zajc-timi-kvalifikacije-foto-FB-2-1068x750.jpg 1068w, https:\/\/novice.si\/page\/wp-content\/uploads\/2023\/03\/zajc-timi-kvalifikacije-foto-FB-2-598x420.jpg 598w, https:\/\/novice.si\/page\/wp-content\/uploads\/2023\/03\/zajc-timi-kvalifikacije-foto-FB-2-24x17.jpg 24w, https:\/\/novice.si\/page\/wp-content\/uploads\/2023\/03\/zajc-timi-kvalifikacije-foto-FB-2-36x25.jpg 36w, https:\/\/novice.si\/page\/wp-content\/uploads\/2023\/03\/zajc-timi-kvalifikacije-foto-FB-2-48x34.jpg 48w, https:\/\/novice.si\/page\/wp-content\/uploads\/2023\/03\/zajc-timi-kvalifikacije-foto-FB-2.jpg 2031w\" sizes=\"auto, (max-width: 300px) 100vw, 300px\" \/><\/a><\/p>\n<p class=\"T\">Slovenska skakalna reprezentanca v postavi <b>Lovro Kos, \u017diga Jelar, Timi Zajc <\/b>in<b> An\u017ee Lani\u0161ek <\/b>je postala svetovni prvak na ekipni tekmi v Planici. Srebro so osvojili Norve\u017eani, bron pa olimpijski prvaki Avstrijci. Za Slovenijo je bila to tretja medalja na doma\u010dem svetovnem prvenstvu, od tega druga zlata. Prav pod vse so se podpisali skakalci in skakalke.<br \/>\nTimi Zajc iz Hram\u0161 je tako bronu z me\u0161ane ekipne tekme in zlatu s posami\u010dne preizku\u0161nje na veliki napravi dodal \u0161e drugo zlato. &#8220;Ta vikend sem dobil vse, kar sem si \u017eelel dobiti. Po medaljah sem ujel Petra Prevca, zdaj potrebujem le \u0161e veliko zmag. Zame je to popolno, sanjsko. Upam, da je Peter doma mo\u010dno navijal in da smo ga razveselili,&#8221; se je Zajc v prvi izjavi za RTV Slovenija spomnil Petra Prevca, ki je grdo padel na treningu in s pretresom mo\u017eganov pristal v bolni\u0161nici.<br \/>\nFoto: Facebook<\/p>\n<p>Preberite tudi:<br \/>\nTimi Zajc iz Hram\u0161 je v Planici postal svetovni prvak!<br \/>\n<a href=\"https:\/\/novice.si\/page\/timi-zajc-iz-hrams-je-v-planici-postal-svetovni-prvak\/\">https:\/\/novice.si\/page\/timi-zajc-iz-hrams-je-v-planici-postal-svetovni-prvak\/<\/a><\/p>\n","protected":false},"excerpt":{"rendered":"<p>Slovenska skakalna reprezentanca v postavi Lovro Kos, \u017diga Jelar, Timi Zajc in An\u017ee Lani\u0161ek je postala svetovni prvak na ekipni tekmi v Planici. Srebro so osvojili Norve\u017eani, bron pa olimpijski prvaki Avstrijci. Za Slovenijo je bila to tretja medalja na doma\u010dem svetovnem prvenstvu, od tega druga zlata. Prav pod vse so se podpisali skakalci in [&hellip;]<\/p>\n","protected":false},"author":7,"featured_media":160525,"comment_status":"closed","ping_status":"closed","sticky":false,"template":"","format":"standard","meta":{"footnotes":""},"categories":[14,17,68],"tags":[14631,137,4857],"class_list":{"0":"post-160524","1":"post","2":"type-post","3":"status-publish","4":"format-standard","5":"has-post-thumbnail","7":"category-aktualno","8":"category-celjsko","9":"category-sport","10":"tag-planica","11":"tag-svetovno-prvenstvo","12":"tag-timi-zajc"},"yoast_head":"<!-- This site is optimized with the Yoast SEO plugin v27.4 - https:\/\/yoast.com\/product\/yoast-seo-wordpress\/ -->\n<title>Timiju Zajcu iz Hram\u0161 \u0161e drugo zlato na doma\u010dem svetovnem prvenstvu - Novice.si<\/title>\n<meta name=\"robots\" content=\"index, follow, max-snippet:-1, max-image-preview:large, max-video-preview:-1\" \/>\n<link rel=\"canonical\" href=\"https:\/\/novice.si\/page\/timiju-zajcu-iz-hrams-se-drugo-zlato-na-domacem-svetovnem-prvenstvu\/\" \/>\n<meta property=\"og:locale\" content=\"sl_SI\" \/>\n<meta property=\"og:type\" content=\"article\" \/>\n<meta property=\"og:title\" content=\"Timiju Zajcu iz Hram\u0161 \u0161e drugo zlato na doma\u010dem svetovnem prvenstvu - Novice.si\" \/>\n<meta property=\"og:description\" content=\"Slovenska skakalna reprezentanca v postavi Lovro Kos, \u017diga Jelar, Timi Zajc in An\u017ee Lani\u0161ek je postala svetovni prvak na ekipni tekmi v Planici. Srebro so osvojili Norve\u017eani, bron pa olimpijski prvaki Avstrijci. Za Slovenijo je bila to tretja medalja na doma\u010dem svetovnem prvenstvu, od tega druga zlata. Prav pod vse so se podpisali skakalci in [&hellip;]\" \/>\n<meta property=\"og:url\" content=\"https:\/\/novice.si\/page\/timiju-zajcu-iz-hrams-se-drugo-zlato-na-domacem-svetovnem-prvenstvu\/\" \/>\n<meta property=\"og:site_name\" content=\"Novice.si\" \/>\n<meta property=\"article:published_time\" content=\"2023-03-04T17:55:23+00:00\" \/>\n<meta property=\"article:modified_time\" content=\"2023-03-04T22:03:00+00:00\" \/>\n<meta property=\"og:image\" content=\"https:\/\/novice.si\/page\/wp-content\/uploads\/2023\/03\/zajc-timi-ekipna-foto-FB-2.jpg\" \/>\n\t<meta property=\"og:image:width\" content=\"2024\" \/>\n\t<meta property=\"og:image:height\" content=\"1509\" \/>\n\t<meta property=\"og:image:type\" content=\"image\/jpeg\" \/>\n<meta name=\"author\" content=\"Uredni\u0161tvo Novic\" \/>\n<meta name=\"twitter:card\" content=\"summary_large_image\" \/>\n<meta name=\"twitter:label1\" content=\"Written by\" \/>\n\t<meta name=\"twitter:data1\" content=\"Uredni\u0161tvo Novic\" \/>\n\t<meta name=\"twitter:label2\" content=\"Est. reading time\" \/>\n\t<meta name=\"twitter:data2\" content=\"2 minuti\" \/>\n<script type=\"application\/ld+json\" class=\"yoast-schema-graph\">{\"@context\":\"https:\\\/\\\/schema.org\",\"@graph\":[{\"@type\":\"Article\",\"@id\":\"https:\\\/\\\/novice.si\\\/page\\\/timiju-zajcu-iz-hrams-se-drugo-zlato-na-domacem-svetovnem-prvenstvu\\\/#article\",\"isPartOf\":{\"@id\":\"https:\\\/\\\/novice.si\\\/page\\\/timiju-zajcu-iz-hrams-se-drugo-zlato-na-domacem-svetovnem-prvenstvu\\\/\"},\"author\":{\"name\":\"Uredni\u0161tvo Novic\",\"@id\":\"https:\\\/\\\/novice.si\\\/page\\\/#\\\/schema\\\/person\\\/a877dbb8680d441357ce27663beb35ca\"},\"headline\":\"Timiju Zajcu iz Hram\u0161 \u0161e drugo zlato na doma\u010dem svetovnem prvenstvu\",\"datePublished\":\"2023-03-04T17:55:23+00:00\",\"dateModified\":\"2023-03-04T22:03:00+00:00\",\"mainEntityOfPage\":{\"@id\":\"https:\\\/\\\/novice.si\\\/page\\\/timiju-zajcu-iz-hrams-se-drugo-zlato-na-domacem-svetovnem-prvenstvu\\\/\"},\"wordCount\":184,\"publisher\":{\"@id\":\"https:\\\/\\\/novice.si\\\/page\\\/#organization\"},\"image\":{\"@id\":\"https:\\\/\\\/novice.si\\\/page\\\/timiju-zajcu-iz-hrams-se-drugo-zlato-na-domacem-svetovnem-prvenstvu\\\/#primaryimage\"},\"thumbnailUrl\":\"https:\\\/\\\/novice.si\\\/page\\\/wp-content\\\/uploads\\\/2023\\\/03\\\/zajc-timi-ekipna-foto-FB-2.jpg\",\"keywords\":[\"Planica\",\"svetovno prvenstvo\",\"TImi Zajc\"],\"articleSection\":[\"Aktualno\",\"Celjsko\",\"\u0160port\"],\"inLanguage\":\"sl-SI\"},{\"@type\":\"WebPage\",\"@id\":\"https:\\\/\\\/novice.si\\\/page\\\/timiju-zajcu-iz-hrams-se-drugo-zlato-na-domacem-svetovnem-prvenstvu\\\/\",\"url\":\"https:\\\/\\\/novice.si\\\/page\\\/timiju-zajcu-iz-hrams-se-drugo-zlato-na-domacem-svetovnem-prvenstvu\\\/\",\"name\":\"Timiju Zajcu iz Hram\u0161 \u0161e drugo zlato na doma\u010dem svetovnem prvenstvu - Novice.si\",\"isPartOf\":{\"@id\":\"https:\\\/\\\/novice.si\\\/page\\\/#website\"},\"primaryImageOfPage\":{\"@id\":\"https:\\\/\\\/novice.si\\\/page\\\/timiju-zajcu-iz-hrams-se-drugo-zlato-na-domacem-svetovnem-prvenstvu\\\/#primaryimage\"},\"image\":{\"@id\":\"https:\\\/\\\/novice.si\\\/page\\\/timiju-zajcu-iz-hrams-se-drugo-zlato-na-domacem-svetovnem-prvenstvu\\\/#primaryimage\"},\"thumbnailUrl\":\"https:\\\/\\\/novice.si\\\/page\\\/wp-content\\\/uploads\\\/2023\\\/03\\\/zajc-timi-ekipna-foto-FB-2.jpg\",\"datePublished\":\"2023-03-04T17:55:23+00:00\",\"dateModified\":\"2023-03-04T22:03:00+00:00\",\"breadcrumb\":{\"@id\":\"https:\\\/\\\/novice.si\\\/page\\\/timiju-zajcu-iz-hrams-se-drugo-zlato-na-domacem-svetovnem-prvenstvu\\\/#breadcrumb\"},\"inLanguage\":\"sl-SI\",\"potentialAction\":[{\"@type\":\"ReadAction\",\"target\":[\"https:\\\/\\\/novice.si\\\/page\\\/timiju-zajcu-iz-hrams-se-drugo-zlato-na-domacem-svetovnem-prvenstvu\\\/\"]}]},{\"@type\":\"ImageObject\",\"inLanguage\":\"sl-SI\",\"@id\":\"https:\\\/\\\/novice.si\\\/page\\\/timiju-zajcu-iz-hrams-se-drugo-zlato-na-domacem-svetovnem-prvenstvu\\\/#primaryimage\",\"url\":\"https:\\\/\\\/novice.si\\\/page\\\/wp-content\\\/uploads\\\/2023\\\/03\\\/zajc-timi-ekipna-foto-FB-2.jpg\",\"contentUrl\":\"https:\\\/\\\/novice.si\\\/page\\\/wp-content\\\/uploads\\\/2023\\\/03\\\/zajc-timi-ekipna-foto-FB-2.jpg\",\"width\":2024,\"height\":1509,\"caption\":\"Ski Jumping - Trial round | Competition - Team HS138 - Men - March 4, 2023 - Team of Slovenia celebrates in Planica, Slovenia. Photo: \u017diga \u017divulovi\u0107 jr.\"},{\"@type\":\"BreadcrumbList\",\"@id\":\"https:\\\/\\\/novice.si\\\/page\\\/timiju-zajcu-iz-hrams-se-drugo-zlato-na-domacem-svetovnem-prvenstvu\\\/#breadcrumb\",\"itemListElement\":[{\"@type\":\"ListItem\",\"position\":1,\"name\":\"Home\",\"item\":\"https:\\\/\\\/novice.si\\\/page\\\/\"},{\"@type\":\"ListItem\",\"position\":2,\"name\":\"Timiju Zajcu iz Hram\u0161 \u0161e drugo zlato na doma\u010dem svetovnem prvenstvu\"}]},{\"@type\":\"WebSite\",\"@id\":\"https:\\\/\\\/novice.si\\\/page\\\/#website\",\"url\":\"https:\\\/\\\/novice.si\\\/page\\\/\",\"name\":\"Novice.si\",\"description\":\"\",\"publisher\":{\"@id\":\"https:\\\/\\\/novice.si\\\/page\\\/#organization\"},\"potentialAction\":[{\"@type\":\"SearchAction\",\"target\":{\"@type\":\"EntryPoint\",\"urlTemplate\":\"https:\\\/\\\/novice.si\\\/page\\\/?s={search_term_string}\"},\"query-input\":{\"@type\":\"PropertyValueSpecification\",\"valueRequired\":true,\"valueName\":\"search_term_string\"}}],\"inLanguage\":\"sl-SI\"},{\"@type\":\"Organization\",\"@id\":\"https:\\\/\\\/novice.si\\\/page\\\/#organization\",\"name\":\"Novice.si\",\"url\":\"https:\\\/\\\/novice.si\\\/page\\\/\",\"logo\":{\"@type\":\"ImageObject\",\"inLanguage\":\"sl-SI\",\"@id\":\"https:\\\/\\\/novice.si\\\/page\\\/#\\\/schema\\\/logo\\\/image\\\/\",\"url\":\"https:\\\/\\\/novice.si\\\/page\\\/wp-content\\\/uploads\\\/2023\\\/03\\\/novice_si.png\",\"contentUrl\":\"https:\\\/\\\/novice.si\\\/page\\\/wp-content\\\/uploads\\\/2023\\\/03\\\/novice_si.png\",\"width\":576,\"height\":200,\"caption\":\"Novice.si\"},\"image\":{\"@id\":\"https:\\\/\\\/novice.si\\\/page\\\/#\\\/schema\\\/logo\\\/image\\\/\"}},{\"@type\":\"Person\",\"@id\":\"https:\\\/\\\/novice.si\\\/page\\\/#\\\/schema\\\/person\\\/a877dbb8680d441357ce27663beb35ca\",\"name\":\"Uredni\u0161tvo Novic\",\"image\":{\"@type\":\"ImageObject\",\"inLanguage\":\"sl-SI\",\"@id\":\"https:\\\/\\\/secure.gravatar.com\\\/avatar\\\/f19c0ae874706cc9ba19d2f6da5f74a5a5ee7674f283fed29ce0ad16a9f1893e?s=96&d=mm&r=g\",\"url\":\"https:\\\/\\\/secure.gravatar.com\\\/avatar\\\/f19c0ae874706cc9ba19d2f6da5f74a5a5ee7674f283fed29ce0ad16a9f1893e?s=96&d=mm&r=g\",\"contentUrl\":\"https:\\\/\\\/secure.gravatar.com\\\/avatar\\\/f19c0ae874706cc9ba19d2f6da5f74a5a5ee7674f283fed29ce0ad16a9f1893e?s=96&d=mm&r=g\",\"caption\":\"Uredni\u0161tvo Novic\"},\"url\":\"https:\\\/\\\/novice.si\\\/page\\\/author\\\/jure\\\/\"}]}<\/script>\n<!-- \/ Yoast SEO plugin. -->","yoast_head_json":{"title":"Timiju Zajcu iz Hram\u0161 \u0161e drugo zlato na doma\u010dem svetovnem prvenstvu - Novice.si","robots":{"index":"index","follow":"follow","max-snippet":"max-snippet:-1","max-image-preview":"max-image-preview:large","max-video-preview":"max-video-preview:-1"},"canonical":"https:\/\/novice.si\/page\/timiju-zajcu-iz-hrams-se-drugo-zlato-na-domacem-svetovnem-prvenstvu\/","og_locale":"sl_SI","og_type":"article","og_title":"Timiju Zajcu iz Hram\u0161 \u0161e drugo zlato na doma\u010dem svetovnem prvenstvu - Novice.si","og_description":"Slovenska skakalna reprezentanca v postavi Lovro Kos, \u017diga Jelar, Timi Zajc in An\u017ee Lani\u0161ek je postala svetovni prvak na ekipni tekmi v Planici. Srebro so osvojili Norve\u017eani, bron pa olimpijski prvaki Avstrijci. Za Slovenijo je bila to tretja medalja na doma\u010dem svetovnem prvenstvu, od tega druga zlata. Prav pod vse so se podpisali skakalci in [&hellip;]","og_url":"https:\/\/novice.si\/page\/timiju-zajcu-iz-hrams-se-drugo-zlato-na-domacem-svetovnem-prvenstvu\/","og_site_name":"Novice.si","article_published_time":"2023-03-04T17:55:23+00:00","article_modified_time":"2023-03-04T22:03:00+00:00","og_image":[{"width":2024,"height":1509,"url":"https:\/\/novice.si\/page\/wp-content\/uploads\/2023\/03\/zajc-timi-ekipna-foto-FB-2.jpg","type":"image\/jpeg"}],"author":"Uredni\u0161tvo Novic","twitter_card":"summary_large_image","twitter_misc":{"Written by":"Uredni\u0161tvo Novic","Est. reading time":"2 minuti"},"schema":{"@context":"https:\/\/schema.org","@graph":[{"@type":"Article","@id":"https:\/\/novice.si\/page\/timiju-zajcu-iz-hrams-se-drugo-zlato-na-domacem-svetovnem-prvenstvu\/#article","isPartOf":{"@id":"https:\/\/novice.si\/page\/timiju-zajcu-iz-hrams-se-drugo-zlato-na-domacem-svetovnem-prvenstvu\/"},"author":{"name":"Uredni\u0161tvo Novic","@id":"https:\/\/novice.si\/page\/#\/schema\/person\/a877dbb8680d441357ce27663beb35ca"},"headline":"Timiju Zajcu iz Hram\u0161 \u0161e drugo zlato na doma\u010dem svetovnem prvenstvu","datePublished":"2023-03-04T17:55:23+00:00","dateModified":"2023-03-04T22:03:00+00:00","mainEntityOfPage":{"@id":"https:\/\/novice.si\/page\/timiju-zajcu-iz-hrams-se-drugo-zlato-na-domacem-svetovnem-prvenstvu\/"},"wordCount":184,"publisher":{"@id":"https:\/\/novice.si\/page\/#organization"},"image":{"@id":"https:\/\/novice.si\/page\/timiju-zajcu-iz-hrams-se-drugo-zlato-na-domacem-svetovnem-prvenstvu\/#primaryimage"},"thumbnailUrl":"https:\/\/novice.si\/page\/wp-content\/uploads\/2023\/03\/zajc-timi-ekipna-foto-FB-2.jpg","keywords":["Planica","svetovno prvenstvo","TImi Zajc"],"articleSection":["Aktualno","Celjsko","\u0160port"],"inLanguage":"sl-SI"},{"@type":"WebPage","@id":"https:\/\/novice.si\/page\/timiju-zajcu-iz-hrams-se-drugo-zlato-na-domacem-svetovnem-prvenstvu\/","url":"https:\/\/novice.si\/page\/timiju-zajcu-iz-hrams-se-drugo-zlato-na-domacem-svetovnem-prvenstvu\/","name":"Timiju Zajcu iz Hram\u0161 \u0161e drugo zlato na doma\u010dem svetovnem prvenstvu - Novice.si","isPartOf":{"@id":"https:\/\/novice.si\/page\/#website"},"primaryImageOfPage":{"@id":"https:\/\/novice.si\/page\/timiju-zajcu-iz-hrams-se-drugo-zlato-na-domacem-svetovnem-prvenstvu\/#primaryimage"},"image":{"@id":"https:\/\/novice.si\/page\/timiju-zajcu-iz-hrams-se-drugo-zlato-na-domacem-svetovnem-prvenstvu\/#primaryimage"},"thumbnailUrl":"https:\/\/novice.si\/page\/wp-content\/uploads\/2023\/03\/zajc-timi-ekipna-foto-FB-2.jpg","datePublished":"2023-03-04T17:55:23+00:00","dateModified":"2023-03-04T22:03:00+00:00","breadcrumb":{"@id":"https:\/\/novice.si\/page\/timiju-zajcu-iz-hrams-se-drugo-zlato-na-domacem-svetovnem-prvenstvu\/#breadcrumb"},"inLanguage":"sl-SI","potentialAction":[{"@type":"ReadAction","target":["https:\/\/novice.si\/page\/timiju-zajcu-iz-hrams-se-drugo-zlato-na-domacem-svetovnem-prvenstvu\/"]}]},{"@type":"ImageObject","inLanguage":"sl-SI","@id":"https:\/\/novice.si\/page\/timiju-zajcu-iz-hrams-se-drugo-zlato-na-domacem-svetovnem-prvenstvu\/#primaryimage","url":"https:\/\/novice.si\/page\/wp-content\/uploads\/2023\/03\/zajc-timi-ekipna-foto-FB-2.jpg","contentUrl":"https:\/\/novice.si\/page\/wp-content\/uploads\/2023\/03\/zajc-timi-ekipna-foto-FB-2.jpg","width":2024,"height":1509,"caption":"Ski Jumping - Trial round | Competition - Team HS138 - Men - March 4, 2023 - Team of Slovenia celebrates in Planica, Slovenia. Photo: \u017diga \u017divulovi\u0107 jr."},{"@type":"BreadcrumbList","@id":"https:\/\/novice.si\/page\/timiju-zajcu-iz-hrams-se-drugo-zlato-na-domacem-svetovnem-prvenstvu\/#breadcrumb","itemListElement":[{"@type":"ListItem","position":1,"name":"Home","item":"https:\/\/novice.si\/page\/"},{"@type":"ListItem","position":2,"name":"Timiju Zajcu iz Hram\u0161 \u0161e drugo zlato na doma\u010dem svetovnem prvenstvu"}]},{"@type":"WebSite","@id":"https:\/\/novice.si\/page\/#website","url":"https:\/\/novice.si\/page\/","name":"Novice.si","description":"","publisher":{"@id":"https:\/\/novice.si\/page\/#organization"},"potentialAction":[{"@type":"SearchAction","target":{"@type":"EntryPoint","urlTemplate":"https:\/\/novice.si\/page\/?s={search_term_string}"},"query-input":{"@type":"PropertyValueSpecification","valueRequired":true,"valueName":"search_term_string"}}],"inLanguage":"sl-SI"},{"@type":"Organization","@id":"https:\/\/novice.si\/page\/#organization","name":"Novice.si","url":"https:\/\/novice.si\/page\/","logo":{"@type":"ImageObject","inLanguage":"sl-SI","@id":"https:\/\/novice.si\/page\/#\/schema\/logo\/image\/","url":"https:\/\/novice.si\/page\/wp-content\/uploads\/2023\/03\/novice_si.png","contentUrl":"https:\/\/novice.si\/page\/wp-content\/uploads\/2023\/03\/novice_si.png","width":576,"height":200,"caption":"Novice.si"},"image":{"@id":"https:\/\/novice.si\/page\/#\/schema\/logo\/image\/"}},{"@type":"Person","@id":"https:\/\/novice.si\/page\/#\/schema\/person\/a877dbb8680d441357ce27663beb35ca","name":"Uredni\u0161tvo Novic","image":{"@type":"ImageObject","inLanguage":"sl-SI","@id":"https:\/\/secure.gravatar.com\/avatar\/f19c0ae874706cc9ba19d2f6da5f74a5a5ee7674f283fed29ce0ad16a9f1893e?s=96&d=mm&r=g","url":"https:\/\/secure.gravatar.com\/avatar\/f19c0ae874706cc9ba19d2f6da5f74a5a5ee7674f283fed29ce0ad16a9f1893e?s=96&d=mm&r=g","contentUrl":"https:\/\/secure.gravatar.com\/avatar\/f19c0ae874706cc9ba19d2f6da5f74a5a5ee7674f283fed29ce0ad16a9f1893e?s=96&d=mm&r=g","caption":"Uredni\u0161tvo Novic"},"url":"https:\/\/novice.si\/page\/author\/jure\/"}]}},"_links":{"self":[{"href":"https:\/\/novice.si\/page\/wp-json\/wp\/v2\/posts\/160524","targetHints":{"allow":["GET"]}}],"collection":[{"href":"https:\/\/novice.si\/page\/wp-json\/wp\/v2\/posts"}],"about":[{"href":"https:\/\/novice.si\/page\/wp-json\/wp\/v2\/types\/post"}],"author":[{"embeddable":true,"href":"https:\/\/novice.si\/page\/wp-json\/wp\/v2\/users\/7"}],"replies":[{"embeddable":true,"href":"https:\/\/novice.si\/page\/wp-json\/wp\/v2\/comments?post=160524"}],"version-history":[{"count":1,"href":"https:\/\/novice.si\/page\/wp-json\/wp\/v2\/posts\/160524\/revisions"}],"predecessor-version":[{"id":160527,"href":"https:\/\/novice.si\/page\/wp-json\/wp\/v2\/posts\/160524\/revisions\/160527"}],"wp:featuredmedia":[{"embeddable":true,"href":"https:\/\/novice.si\/page\/wp-json\/wp\/v2\/media\/160525"}],"wp:attachment":[{"href":"https:\/\/novice.si\/page\/wp-json\/wp\/v2\/media?parent=160524"}],"wp:term":[{"taxonomy":"category","embeddable":true,"href":"https:\/\/novice.si\/page\/wp-json\/wp\/v2\/categories?post=160524"},{"taxonomy":"post_tag","embeddable":true,"href":"https:\/\/novice.si\/page\/wp-json\/wp\/v2\/tags?post=160524"}],"curies":[{"name":"wp","href":"https:\/\/api.w.org\/{rel}","templated":true}]}}