{"id":160515,"date":"2023-03-03T14:28:20","date_gmt":"2023-03-03T13:28:20","guid":{"rendered":"https:\/\/novice.si\/page\/?p=160515"},"modified":"2023-03-03T14:28:20","modified_gmt":"2023-03-03T13:28:20","slug":"dvoransko-ep-sutejeva-v-finalu-dva-iz-celja-svoje-opravila","status":"publish","type":"post","link":"https:\/\/novice.si\/page\/dvoransko-ep-sutejeva-v-finalu-dva-iz-celja-svoje-opravila\/","title":{"rendered":"Dvoransko EP: \u0160utejeva v finalu, dva iz Celja svoje opravila"},"content":{"rendered":"<figure id=\"attachment_160516\" aria-describedby=\"caption-attachment-160516\" style=\"width: 300px\" class=\"wp-caption alignleft\"><a href=\"https:\/\/novice.si\/page\/wp-content\/uploads\/2023\/03\/pepelnak-eva-2023_resize.jpg\" data-gallery><img loading=\"lazy\" decoding=\"async\" class=\"wp-image-160516 size-medium\" src=\"https:\/\/novice.si\/page\/wp-content\/uploads\/2023\/03\/pepelnak-eva-2023_resize-300x200.jpg\" alt=\"\" width=\"300\" height=\"200\" srcset=\"https:\/\/novice.si\/page\/wp-content\/uploads\/2023\/03\/pepelnak-eva-2023_resize-300x200.jpg 300w, https:\/\/novice.si\/page\/wp-content\/uploads\/2023\/03\/pepelnak-eva-2023_resize-768x512.jpg 768w, https:\/\/novice.si\/page\/wp-content\/uploads\/2023\/03\/pepelnak-eva-2023_resize-696x464.jpg 696w, https:\/\/novice.si\/page\/wp-content\/uploads\/2023\/03\/pepelnak-eva-2023_resize-630x420.jpg 630w, https:\/\/novice.si\/page\/wp-content\/uploads\/2023\/03\/pepelnak-eva-2023_resize-24x16.jpg 24w, https:\/\/novice.si\/page\/wp-content\/uploads\/2023\/03\/pepelnak-eva-2023_resize-36x24.jpg 36w, https:\/\/novice.si\/page\/wp-content\/uploads\/2023\/03\/pepelnak-eva-2023_resize-48x32.jpg 48w, https:\/\/novice.si\/page\/wp-content\/uploads\/2023\/03\/pepelnak-eva-2023_resize.jpg 800w\" sizes=\"auto, (max-width: 300px) 100vw, 300px\" \/><\/a><figcaption id=\"caption-attachment-160516\" class=\"wp-caption-text\">Eva Pepelnak je bila ena od treh tekmovalk celjskega atletskega dru\u0161tva v Istanbulu.<\/figcaption><\/figure>\n<p class=\"T\">Na dvoranskem evropskem prvenstvu v atletiki v Istanbulu bo jutri na sporedu finale skoka s palico za \u017eenske. V igri za zlato medaljo bo tudi \u010dlanica celjskega Kladivarja <b>Tina \u0160utej<\/b>, ki je danes zelo zanesljivo opravila s kvalifikacijami.<br \/>\nPreostala atleta Kladivarja sta s tekmovanjem \u017ee kon\u010dala. <b>Eva Pepelnak<\/b> je v troskoku sko\u010dila 13,32 metra in bila v kvalifikacijah 15., <b>Jan Vukovi\u010d<\/b> pa je \u017ee v\u010deraj v teku na 800 metrov zasedel 21. mesto, njegov kvalifikacijski \u010das pa je bil 1:49,90. (Jure Mernik)<\/p>\n","protected":false},"excerpt":{"rendered":"<p>Na dvoranskem evropskem prvenstvu v atletiki v Istanbulu bo jutri na sporedu finale skoka s palico za \u017eenske. V igri za zlato medaljo bo tudi \u010dlanica celjskega Kladivarja Tina \u0160utej, ki je danes zelo zanesljivo opravila s kvalifikacijami. Preostala atleta Kladivarja sta s tekmovanjem \u017ee kon\u010dala. Eva Pepelnak je v troskoku sko\u010dila 13,32 metra in [&hellip;]<\/p>\n","protected":false},"author":7,"featured_media":160516,"comment_status":"closed","ping_status":"closed","sticky":false,"template":"","format":"standard","meta":{"footnotes":""},"categories":[14,17,68],"tags":[5164,5163,5162,5081],"class_list":{"0":"post-160515","1":"post","2":"type-post","3":"status-publish","4":"format-standard","5":"has-post-thumbnail","7":"category-aktualno","8":"category-celjsko","9":"category-sport","10":"tag-ad-kladivar-celje","11":"tag-eva-pepelnak","12":"tag-jan-vukovic","13":"tag-tina-sutej"},"yoast_head":"<!-- This site is optimized with the Yoast SEO plugin v27.4 - https:\/\/yoast.com\/product\/yoast-seo-wordpress\/ -->\n<title>Dvoransko EP: \u0160utejeva v finalu, dva iz Celja svoje opravila - Novice.si<\/title>\n<meta name=\"robots\" content=\"index, follow, max-snippet:-1, max-image-preview:large, max-video-preview:-1\" \/>\n<link rel=\"canonical\" href=\"https:\/\/novice.si\/page\/dvoransko-ep-sutejeva-v-finalu-dva-iz-celja-svoje-opravila\/\" \/>\n<meta property=\"og:locale\" content=\"sl_SI\" \/>\n<meta property=\"og:type\" content=\"article\" \/>\n<meta property=\"og:title\" content=\"Dvoransko EP: \u0160utejeva v finalu, dva iz Celja svoje opravila - Novice.si\" \/>\n<meta property=\"og:description\" content=\"Na dvoranskem evropskem prvenstvu v atletiki v Istanbulu bo jutri na sporedu finale skoka s palico za \u017eenske. V igri za zlato medaljo bo tudi \u010dlanica celjskega Kladivarja Tina \u0160utej, ki je danes zelo zanesljivo opravila s kvalifikacijami. Preostala atleta Kladivarja sta s tekmovanjem \u017ee kon\u010dala. Eva Pepelnak je v troskoku sko\u010dila 13,32 metra in [&hellip;]\" \/>\n<meta property=\"og:url\" content=\"https:\/\/novice.si\/page\/dvoransko-ep-sutejeva-v-finalu-dva-iz-celja-svoje-opravila\/\" \/>\n<meta property=\"og:site_name\" content=\"Novice.si\" \/>\n<meta property=\"article:published_time\" content=\"2023-03-03T13:28:20+00:00\" \/>\n<meta property=\"og:image\" content=\"https:\/\/novice.si\/page\/wp-content\/uploads\/2023\/03\/pepelnak-eva-2023_resize.jpg\" \/>\n\t<meta property=\"og:image:width\" content=\"800\" \/>\n\t<meta property=\"og:image:height\" content=\"533\" \/>\n\t<meta property=\"og:image:type\" content=\"image\/jpeg\" \/>\n<meta name=\"author\" content=\"Uredni\u0161tvo Novic\" \/>\n<meta name=\"twitter:card\" content=\"summary_large_image\" \/>\n<meta name=\"twitter:label1\" content=\"Written by\" \/>\n\t<meta name=\"twitter:data1\" content=\"Uredni\u0161tvo Novic\" \/>\n\t<meta name=\"twitter:label2\" content=\"Est. reading time\" \/>\n\t<meta name=\"twitter:data2\" content=\"1 minuta\" \/>\n<script type=\"application\/ld+json\" class=\"yoast-schema-graph\">{\"@context\":\"https:\\\/\\\/schema.org\",\"@graph\":[{\"@type\":\"Article\",\"@id\":\"https:\\\/\\\/novice.si\\\/page\\\/dvoransko-ep-sutejeva-v-finalu-dva-iz-celja-svoje-opravila\\\/#article\",\"isPartOf\":{\"@id\":\"https:\\\/\\\/novice.si\\\/page\\\/dvoransko-ep-sutejeva-v-finalu-dva-iz-celja-svoje-opravila\\\/\"},\"author\":{\"name\":\"Uredni\u0161tvo Novic\",\"@id\":\"https:\\\/\\\/novice.si\\\/page\\\/#\\\/schema\\\/person\\\/a877dbb8680d441357ce27663beb35ca\"},\"headline\":\"Dvoransko EP: \u0160utejeva v finalu, dva iz Celja svoje opravila\",\"datePublished\":\"2023-03-03T13:28:20+00:00\",\"mainEntityOfPage\":{\"@id\":\"https:\\\/\\\/novice.si\\\/page\\\/dvoransko-ep-sutejeva-v-finalu-dva-iz-celja-svoje-opravila\\\/\"},\"wordCount\":111,\"publisher\":{\"@id\":\"https:\\\/\\\/novice.si\\\/page\\\/#organization\"},\"image\":{\"@id\":\"https:\\\/\\\/novice.si\\\/page\\\/dvoransko-ep-sutejeva-v-finalu-dva-iz-celja-svoje-opravila\\\/#primaryimage\"},\"thumbnailUrl\":\"https:\\\/\\\/novice.si\\\/page\\\/wp-content\\\/uploads\\\/2023\\\/03\\\/pepelnak-eva-2023_resize.jpg\",\"keywords\":[\"AD Kladivar Celje\",\"Eva Pepelnak\",\"Jan Vukovi\u010d\",\"Tina \u0160utej\"],\"articleSection\":[\"Aktualno\",\"Celjsko\",\"\u0160port\"],\"inLanguage\":\"sl-SI\"},{\"@type\":\"WebPage\",\"@id\":\"https:\\\/\\\/novice.si\\\/page\\\/dvoransko-ep-sutejeva-v-finalu-dva-iz-celja-svoje-opravila\\\/\",\"url\":\"https:\\\/\\\/novice.si\\\/page\\\/dvoransko-ep-sutejeva-v-finalu-dva-iz-celja-svoje-opravila\\\/\",\"name\":\"Dvoransko EP: \u0160utejeva v finalu, dva iz Celja svoje opravila - Novice.si\",\"isPartOf\":{\"@id\":\"https:\\\/\\\/novice.si\\\/page\\\/#website\"},\"primaryImageOfPage\":{\"@id\":\"https:\\\/\\\/novice.si\\\/page\\\/dvoransko-ep-sutejeva-v-finalu-dva-iz-celja-svoje-opravila\\\/#primaryimage\"},\"image\":{\"@id\":\"https:\\\/\\\/novice.si\\\/page\\\/dvoransko-ep-sutejeva-v-finalu-dva-iz-celja-svoje-opravila\\\/#primaryimage\"},\"thumbnailUrl\":\"https:\\\/\\\/novice.si\\\/page\\\/wp-content\\\/uploads\\\/2023\\\/03\\\/pepelnak-eva-2023_resize.jpg\",\"datePublished\":\"2023-03-03T13:28:20+00:00\",\"breadcrumb\":{\"@id\":\"https:\\\/\\\/novice.si\\\/page\\\/dvoransko-ep-sutejeva-v-finalu-dva-iz-celja-svoje-opravila\\\/#breadcrumb\"},\"inLanguage\":\"sl-SI\",\"potentialAction\":[{\"@type\":\"ReadAction\",\"target\":[\"https:\\\/\\\/novice.si\\\/page\\\/dvoransko-ep-sutejeva-v-finalu-dva-iz-celja-svoje-opravila\\\/\"]}]},{\"@type\":\"ImageObject\",\"inLanguage\":\"sl-SI\",\"@id\":\"https:\\\/\\\/novice.si\\\/page\\\/dvoransko-ep-sutejeva-v-finalu-dva-iz-celja-svoje-opravila\\\/#primaryimage\",\"url\":\"https:\\\/\\\/novice.si\\\/page\\\/wp-content\\\/uploads\\\/2023\\\/03\\\/pepelnak-eva-2023_resize.jpg\",\"contentUrl\":\"https:\\\/\\\/novice.si\\\/page\\\/wp-content\\\/uploads\\\/2023\\\/03\\\/pepelnak-eva-2023_resize.jpg\",\"width\":800,\"height\":533},{\"@type\":\"BreadcrumbList\",\"@id\":\"https:\\\/\\\/novice.si\\\/page\\\/dvoransko-ep-sutejeva-v-finalu-dva-iz-celja-svoje-opravila\\\/#breadcrumb\",\"itemListElement\":[{\"@type\":\"ListItem\",\"position\":1,\"name\":\"Home\",\"item\":\"https:\\\/\\\/novice.si\\\/page\\\/\"},{\"@type\":\"ListItem\",\"position\":2,\"name\":\"Dvoransko EP: \u0160utejeva v finalu, dva iz Celja svoje opravila\"}]},{\"@type\":\"WebSite\",\"@id\":\"https:\\\/\\\/novice.si\\\/page\\\/#website\",\"url\":\"https:\\\/\\\/novice.si\\\/page\\\/\",\"name\":\"Novice.si\",\"description\":\"\",\"publisher\":{\"@id\":\"https:\\\/\\\/novice.si\\\/page\\\/#organization\"},\"potentialAction\":[{\"@type\":\"SearchAction\",\"target\":{\"@type\":\"EntryPoint\",\"urlTemplate\":\"https:\\\/\\\/novice.si\\\/page\\\/?s={search_term_string}\"},\"query-input\":{\"@type\":\"PropertyValueSpecification\",\"valueRequired\":true,\"valueName\":\"search_term_string\"}}],\"inLanguage\":\"sl-SI\"},{\"@type\":\"Organization\",\"@id\":\"https:\\\/\\\/novice.si\\\/page\\\/#organization\",\"name\":\"Novice.si\",\"url\":\"https:\\\/\\\/novice.si\\\/page\\\/\",\"logo\":{\"@type\":\"ImageObject\",\"inLanguage\":\"sl-SI\",\"@id\":\"https:\\\/\\\/novice.si\\\/page\\\/#\\\/schema\\\/logo\\\/image\\\/\",\"url\":\"https:\\\/\\\/novice.si\\\/page\\\/wp-content\\\/uploads\\\/2023\\\/03\\\/novice_si.png\",\"contentUrl\":\"https:\\\/\\\/novice.si\\\/page\\\/wp-content\\\/uploads\\\/2023\\\/03\\\/novice_si.png\",\"width\":576,\"height\":200,\"caption\":\"Novice.si\"},\"image\":{\"@id\":\"https:\\\/\\\/novice.si\\\/page\\\/#\\\/schema\\\/logo\\\/image\\\/\"}},{\"@type\":\"Person\",\"@id\":\"https:\\\/\\\/novice.si\\\/page\\\/#\\\/schema\\\/person\\\/a877dbb8680d441357ce27663beb35ca\",\"name\":\"Uredni\u0161tvo Novic\",\"image\":{\"@type\":\"ImageObject\",\"inLanguage\":\"sl-SI\",\"@id\":\"https:\\\/\\\/secure.gravatar.com\\\/avatar\\\/f19c0ae874706cc9ba19d2f6da5f74a5a5ee7674f283fed29ce0ad16a9f1893e?s=96&d=mm&r=g\",\"url\":\"https:\\\/\\\/secure.gravatar.com\\\/avatar\\\/f19c0ae874706cc9ba19d2f6da5f74a5a5ee7674f283fed29ce0ad16a9f1893e?s=96&d=mm&r=g\",\"contentUrl\":\"https:\\\/\\\/secure.gravatar.com\\\/avatar\\\/f19c0ae874706cc9ba19d2f6da5f74a5a5ee7674f283fed29ce0ad16a9f1893e?s=96&d=mm&r=g\",\"caption\":\"Uredni\u0161tvo Novic\"},\"url\":\"https:\\\/\\\/novice.si\\\/page\\\/author\\\/jure\\\/\"}]}<\/script>\n<!-- \/ Yoast SEO plugin. -->","yoast_head_json":{"title":"Dvoransko EP: \u0160utejeva v finalu, dva iz Celja svoje opravila - Novice.si","robots":{"index":"index","follow":"follow","max-snippet":"max-snippet:-1","max-image-preview":"max-image-preview:large","max-video-preview":"max-video-preview:-1"},"canonical":"https:\/\/novice.si\/page\/dvoransko-ep-sutejeva-v-finalu-dva-iz-celja-svoje-opravila\/","og_locale":"sl_SI","og_type":"article","og_title":"Dvoransko EP: \u0160utejeva v finalu, dva iz Celja svoje opravila - Novice.si","og_description":"Na dvoranskem evropskem prvenstvu v atletiki v Istanbulu bo jutri na sporedu finale skoka s palico za \u017eenske. V igri za zlato medaljo bo tudi \u010dlanica celjskega Kladivarja Tina \u0160utej, ki je danes zelo zanesljivo opravila s kvalifikacijami. Preostala atleta Kladivarja sta s tekmovanjem \u017ee kon\u010dala. Eva Pepelnak je v troskoku sko\u010dila 13,32 metra in [&hellip;]","og_url":"https:\/\/novice.si\/page\/dvoransko-ep-sutejeva-v-finalu-dva-iz-celja-svoje-opravila\/","og_site_name":"Novice.si","article_published_time":"2023-03-03T13:28:20+00:00","og_image":[{"width":800,"height":533,"url":"https:\/\/novice.si\/page\/wp-content\/uploads\/2023\/03\/pepelnak-eva-2023_resize.jpg","type":"image\/jpeg"}],"author":"Uredni\u0161tvo Novic","twitter_card":"summary_large_image","twitter_misc":{"Written by":"Uredni\u0161tvo Novic","Est. reading time":"1 minuta"},"schema":{"@context":"https:\/\/schema.org","@graph":[{"@type":"Article","@id":"https:\/\/novice.si\/page\/dvoransko-ep-sutejeva-v-finalu-dva-iz-celja-svoje-opravila\/#article","isPartOf":{"@id":"https:\/\/novice.si\/page\/dvoransko-ep-sutejeva-v-finalu-dva-iz-celja-svoje-opravila\/"},"author":{"name":"Uredni\u0161tvo Novic","@id":"https:\/\/novice.si\/page\/#\/schema\/person\/a877dbb8680d441357ce27663beb35ca"},"headline":"Dvoransko EP: \u0160utejeva v finalu, dva iz Celja svoje opravila","datePublished":"2023-03-03T13:28:20+00:00","mainEntityOfPage":{"@id":"https:\/\/novice.si\/page\/dvoransko-ep-sutejeva-v-finalu-dva-iz-celja-svoje-opravila\/"},"wordCount":111,"publisher":{"@id":"https:\/\/novice.si\/page\/#organization"},"image":{"@id":"https:\/\/novice.si\/page\/dvoransko-ep-sutejeva-v-finalu-dva-iz-celja-svoje-opravila\/#primaryimage"},"thumbnailUrl":"https:\/\/novice.si\/page\/wp-content\/uploads\/2023\/03\/pepelnak-eva-2023_resize.jpg","keywords":["AD Kladivar Celje","Eva Pepelnak","Jan Vukovi\u010d","Tina \u0160utej"],"articleSection":["Aktualno","Celjsko","\u0160port"],"inLanguage":"sl-SI"},{"@type":"WebPage","@id":"https:\/\/novice.si\/page\/dvoransko-ep-sutejeva-v-finalu-dva-iz-celja-svoje-opravila\/","url":"https:\/\/novice.si\/page\/dvoransko-ep-sutejeva-v-finalu-dva-iz-celja-svoje-opravila\/","name":"Dvoransko EP: \u0160utejeva v finalu, dva iz Celja svoje opravila - Novice.si","isPartOf":{"@id":"https:\/\/novice.si\/page\/#website"},"primaryImageOfPage":{"@id":"https:\/\/novice.si\/page\/dvoransko-ep-sutejeva-v-finalu-dva-iz-celja-svoje-opravila\/#primaryimage"},"image":{"@id":"https:\/\/novice.si\/page\/dvoransko-ep-sutejeva-v-finalu-dva-iz-celja-svoje-opravila\/#primaryimage"},"thumbnailUrl":"https:\/\/novice.si\/page\/wp-content\/uploads\/2023\/03\/pepelnak-eva-2023_resize.jpg","datePublished":"2023-03-03T13:28:20+00:00","breadcrumb":{"@id":"https:\/\/novice.si\/page\/dvoransko-ep-sutejeva-v-finalu-dva-iz-celja-svoje-opravila\/#breadcrumb"},"inLanguage":"sl-SI","potentialAction":[{"@type":"ReadAction","target":["https:\/\/novice.si\/page\/dvoransko-ep-sutejeva-v-finalu-dva-iz-celja-svoje-opravila\/"]}]},{"@type":"ImageObject","inLanguage":"sl-SI","@id":"https:\/\/novice.si\/page\/dvoransko-ep-sutejeva-v-finalu-dva-iz-celja-svoje-opravila\/#primaryimage","url":"https:\/\/novice.si\/page\/wp-content\/uploads\/2023\/03\/pepelnak-eva-2023_resize.jpg","contentUrl":"https:\/\/novice.si\/page\/wp-content\/uploads\/2023\/03\/pepelnak-eva-2023_resize.jpg","width":800,"height":533},{"@type":"BreadcrumbList","@id":"https:\/\/novice.si\/page\/dvoransko-ep-sutejeva-v-finalu-dva-iz-celja-svoje-opravila\/#breadcrumb","itemListElement":[{"@type":"ListItem","position":1,"name":"Home","item":"https:\/\/novice.si\/page\/"},{"@type":"ListItem","position":2,"name":"Dvoransko EP: \u0160utejeva v finalu, dva iz Celja svoje opravila"}]},{"@type":"WebSite","@id":"https:\/\/novice.si\/page\/#website","url":"https:\/\/novice.si\/page\/","name":"Novice.si","description":"","publisher":{"@id":"https:\/\/novice.si\/page\/#organization"},"potentialAction":[{"@type":"SearchAction","target":{"@type":"EntryPoint","urlTemplate":"https:\/\/novice.si\/page\/?s={search_term_string}"},"query-input":{"@type":"PropertyValueSpecification","valueRequired":true,"valueName":"search_term_string"}}],"inLanguage":"sl-SI"},{"@type":"Organization","@id":"https:\/\/novice.si\/page\/#organization","name":"Novice.si","url":"https:\/\/novice.si\/page\/","logo":{"@type":"ImageObject","inLanguage":"sl-SI","@id":"https:\/\/novice.si\/page\/#\/schema\/logo\/image\/","url":"https:\/\/novice.si\/page\/wp-content\/uploads\/2023\/03\/novice_si.png","contentUrl":"https:\/\/novice.si\/page\/wp-content\/uploads\/2023\/03\/novice_si.png","width":576,"height":200,"caption":"Novice.si"},"image":{"@id":"https:\/\/novice.si\/page\/#\/schema\/logo\/image\/"}},{"@type":"Person","@id":"https:\/\/novice.si\/page\/#\/schema\/person\/a877dbb8680d441357ce27663beb35ca","name":"Uredni\u0161tvo Novic","image":{"@type":"ImageObject","inLanguage":"sl-SI","@id":"https:\/\/secure.gravatar.com\/avatar\/f19c0ae874706cc9ba19d2f6da5f74a5a5ee7674f283fed29ce0ad16a9f1893e?s=96&d=mm&r=g","url":"https:\/\/secure.gravatar.com\/avatar\/f19c0ae874706cc9ba19d2f6da5f74a5a5ee7674f283fed29ce0ad16a9f1893e?s=96&d=mm&r=g","contentUrl":"https:\/\/secure.gravatar.com\/avatar\/f19c0ae874706cc9ba19d2f6da5f74a5a5ee7674f283fed29ce0ad16a9f1893e?s=96&d=mm&r=g","caption":"Uredni\u0161tvo Novic"},"url":"https:\/\/novice.si\/page\/author\/jure\/"}]}},"_links":{"self":[{"href":"https:\/\/novice.si\/page\/wp-json\/wp\/v2\/posts\/160515","targetHints":{"allow":["GET"]}}],"collection":[{"href":"https:\/\/novice.si\/page\/wp-json\/wp\/v2\/posts"}],"about":[{"href":"https:\/\/novice.si\/page\/wp-json\/wp\/v2\/types\/post"}],"author":[{"embeddable":true,"href":"https:\/\/novice.si\/page\/wp-json\/wp\/v2\/users\/7"}],"replies":[{"embeddable":true,"href":"https:\/\/novice.si\/page\/wp-json\/wp\/v2\/comments?post=160515"}],"version-history":[{"count":1,"href":"https:\/\/novice.si\/page\/wp-json\/wp\/v2\/posts\/160515\/revisions"}],"predecessor-version":[{"id":160517,"href":"https:\/\/novice.si\/page\/wp-json\/wp\/v2\/posts\/160515\/revisions\/160517"}],"wp:featuredmedia":[{"embeddable":true,"href":"https:\/\/novice.si\/page\/wp-json\/wp\/v2\/media\/160516"}],"wp:attachment":[{"href":"https:\/\/novice.si\/page\/wp-json\/wp\/v2\/media?parent=160515"}],"wp:term":[{"taxonomy":"category","embeddable":true,"href":"https:\/\/novice.si\/page\/wp-json\/wp\/v2\/categories?post=160515"},{"taxonomy":"post_tag","embeddable":true,"href":"https:\/\/novice.si\/page\/wp-json\/wp\/v2\/tags?post=160515"}],"curies":[{"name":"wp","href":"https:\/\/api.w.org\/{rel}","templated":true}]}}