{"id":160504,"date":"2023-03-03T10:38:47","date_gmt":"2023-03-03T09:38:47","guid":{"rendered":"https:\/\/novice.si\/page\/?p=160504"},"modified":"2023-03-03T10:51:56","modified_gmt":"2023-03-03T09:51:56","slug":"vojnik-podelili-najvisja-priznanja-cz-za-zahodnostajersko","status":"publish","type":"post","link":"https:\/\/novice.si\/page\/vojnik-podelili-najvisja-priznanja-cz-za-zahodnostajersko\/","title":{"rendered":"VOJNIK Konji\u0161ki in planinski gasilci prejmejo najvi\u0161ja priznanja CZ za Zahodno\u0161tajersko"},"content":{"rendered":"<p>Prostovoljni gasilski dru\u0161tvi Slovenske Konjice (na naslovni sliki) in Planina sta med \u0161estimi leto\u0161njimi regijskimi prejemniki plakete za izredne zasluge na podro\u010dju za\u0161\u010dite in re\u0161evanja. Drevi <a href=\"https:\/\/novice.si\/page\/wp-content\/uploads\/2019\/12\/janko-po\u017ee\u017enik-sauna.jpg\" data-gallery><img loading=\"lazy\" decoding=\"async\" class=\"size-medium wp-image-117668 alignleft\" src=\"https:\/\/novice.si\/page\/wp-content\/uploads\/2019\/12\/janko-po\u017ee\u017enik-sauna-195x300.jpg\" alt=\"\" width=\"195\" height=\"300\" srcset=\"https:\/\/novice.si\/page\/wp-content\/uploads\/2019\/12\/janko-po\u017ee\u017enik-sauna-195x300.jpg 195w, https:\/\/novice.si\/page\/wp-content\/uploads\/2019\/12\/janko-po\u017ee\u017enik-sauna-16x24.jpg 16w, https:\/\/novice.si\/page\/wp-content\/uploads\/2019\/12\/janko-po\u017ee\u017enik-sauna-23x36.jpg 23w, https:\/\/novice.si\/page\/wp-content\/uploads\/2019\/12\/janko-po\u017ee\u017enik-sauna-31x48.jpg 31w, https:\/\/novice.si\/page\/wp-content\/uploads\/2019\/12\/janko-po\u017ee\u017enik-sauna.jpg 260w\" sizes=\"auto, (max-width: 195px) 100vw, 195px\" \/><\/a>jih bodo podelili na osrednji regijski slovesnosti Civilne za\u0161\u010dite v dvorani vojni\u0161ke osnovne \u0161ole.<\/p>\n<p>Zlati znak Civilne za\u0161\u010dite bosta prejela <strong>Janko Po\u017ee\u017enik <\/strong>(na sliki), donedavni direktor Poklicne gasilske enote Celje, ki se je pred kratkim upokojil, ter prostovoljni gasilci iz Lo\u010d. Dobitnikov srebrnega znaka je pet, med njimi poveljnik PGD Vitanje <strong>Damjan Jakop<\/strong>, predsednik PGD Nova Cerkev <strong>Ladislav Jezernik<\/strong> ter prostovoljni gasilci iz Dra\u017ee vasi in \u017di\u010d.<\/p>\n<p>Med dobitniki bronastega znaka jih kar devet prihaja z na\u0161ih obmo\u010dij.<\/p>\n<p>P\u0160<\/p>\n","protected":false},"excerpt":{"rendered":"<p>Prostovoljni gasilski dru\u0161tvi Slovenske Konjice (na naslovni sliki) in Planina sta med \u0161estimi leto\u0161njimi regijskimi prejemniki plakete za izredne zasluge na podro\u010dju za\u0161\u010dite in re\u0161evanja. Drevi jih bodo podelili na osrednji regijski slovesnosti Civilne za\u0161\u010dite v dvorani vojni\u0161ke osnovne \u0161ole. Zlati znak Civilne za\u0161\u010dite bosta prejela Janko Po\u017ee\u017enik (na sliki), donedavni direktor Poklicne gasilske enote [&hellip;]<\/p>\n","protected":false},"author":33,"featured_media":160505,"comment_status":"closed","ping_status":"closed","sticky":false,"template":"","format":"standard","meta":{"footnotes":""},"categories":[14,17,16,38,29],"tags":[14294,5745,16577,5334,17230,17229],"class_list":{"0":"post-160504","1":"post","2":"type-post","3":"status-publish","4":"format-standard","5":"has-post-thumbnail","7":"category-aktualno","8":"category-celjsko","9":"category-konjisko","10":"category-kozjansko","11":"category-kronika","12":"tag-cz","13":"tag-janko-pozeznik","14":"tag-os-vojnik","15":"tag-pgd-slovenske-konjice","16":"tag-podelitev-priznanj-cz","17":"tag-zahodna-stajerska"},"yoast_head":"<!-- This site is optimized with the Yoast SEO plugin v27.4 - https:\/\/yoast.com\/product\/yoast-seo-wordpress\/ -->\n<title>VOJNIK Konji\u0161ki in planinski gasilci prejmejo najvi\u0161ja priznanja CZ za Zahodno\u0161tajersko - Novice.si<\/title>\n<meta name=\"robots\" content=\"index, follow, max-snippet:-1, max-image-preview:large, max-video-preview:-1\" \/>\n<link rel=\"canonical\" href=\"https:\/\/novice.si\/page\/vojnik-podelili-najvisja-priznanja-cz-za-zahodnostajersko\/\" \/>\n<meta property=\"og:locale\" content=\"sl_SI\" \/>\n<meta property=\"og:type\" content=\"article\" \/>\n<meta property=\"og:title\" content=\"VOJNIK Konji\u0161ki in planinski gasilci prejmejo najvi\u0161ja priznanja CZ za Zahodno\u0161tajersko - Novice.si\" \/>\n<meta property=\"og:description\" content=\"Prostovoljni gasilski dru\u0161tvi Slovenske Konjice (na naslovni sliki) in Planina sta med \u0161estimi leto\u0161njimi regijskimi prejemniki plakete za izredne zasluge na podro\u010dju za\u0161\u010dite in re\u0161evanja. Drevi jih bodo podelili na osrednji regijski slovesnosti Civilne za\u0161\u010dite v dvorani vojni\u0161ke osnovne \u0161ole. Zlati znak Civilne za\u0161\u010dite bosta prejela Janko Po\u017ee\u017enik (na sliki), donedavni direktor Poklicne gasilske enote [&hellip;]\" \/>\n<meta property=\"og:url\" content=\"https:\/\/novice.si\/page\/vojnik-podelili-najvisja-priznanja-cz-za-zahodnostajersko\/\" \/>\n<meta property=\"og:site_name\" content=\"Novice.si\" \/>\n<meta property=\"article:published_time\" content=\"2023-03-03T09:38:47+00:00\" \/>\n<meta property=\"article:modified_time\" content=\"2023-03-03T09:51:56+00:00\" \/>\n<meta property=\"og:image\" content=\"https:\/\/novice.si\/page\/wp-content\/uploads\/2023\/03\/PGD-SKonjice.jpg\" \/>\n\t<meta property=\"og:image:width\" content=\"2048\" \/>\n\t<meta property=\"og:image:height\" content=\"1220\" \/>\n\t<meta property=\"og:image:type\" content=\"image\/jpeg\" \/>\n<meta name=\"author\" content=\"Uredni\u0161tvo Celjana\" \/>\n<meta name=\"twitter:card\" content=\"summary_large_image\" \/>\n<meta name=\"twitter:label1\" content=\"Written by\" \/>\n\t<meta name=\"twitter:data1\" content=\"Uredni\u0161tvo Celjana\" \/>\n\t<meta name=\"twitter:label2\" content=\"Est. reading time\" \/>\n\t<meta name=\"twitter:data2\" content=\"1 minuta\" \/>\n<script type=\"application\/ld+json\" class=\"yoast-schema-graph\">{\"@context\":\"https:\\\/\\\/schema.org\",\"@graph\":[{\"@type\":\"Article\",\"@id\":\"https:\\\/\\\/novice.si\\\/page\\\/vojnik-podelili-najvisja-priznanja-cz-za-zahodnostajersko\\\/#article\",\"isPartOf\":{\"@id\":\"https:\\\/\\\/novice.si\\\/page\\\/vojnik-podelili-najvisja-priznanja-cz-za-zahodnostajersko\\\/\"},\"author\":{\"name\":\"Uredni\u0161tvo Celjana\",\"@id\":\"https:\\\/\\\/novice.si\\\/page\\\/#\\\/schema\\\/person\\\/57f25c9642a9541c7349c65d32032c3e\"},\"headline\":\"VOJNIK Konji\u0161ki in planinski gasilci prejmejo najvi\u0161ja priznanja CZ za Zahodno\u0161tajersko\",\"datePublished\":\"2023-03-03T09:38:47+00:00\",\"dateModified\":\"2023-03-03T09:51:56+00:00\",\"mainEntityOfPage\":{\"@id\":\"https:\\\/\\\/novice.si\\\/page\\\/vojnik-podelili-najvisja-priznanja-cz-za-zahodnostajersko\\\/\"},\"wordCount\":132,\"publisher\":{\"@id\":\"https:\\\/\\\/novice.si\\\/page\\\/#organization\"},\"image\":{\"@id\":\"https:\\\/\\\/novice.si\\\/page\\\/vojnik-podelili-najvisja-priznanja-cz-za-zahodnostajersko\\\/#primaryimage\"},\"thumbnailUrl\":\"https:\\\/\\\/novice.si\\\/page\\\/wp-content\\\/uploads\\\/2023\\\/03\\\/PGD-SKonjice.jpg\",\"keywords\":[\"CZ\",\"Janko Po\u017ee\u017enik\",\"O\u0160 Vojnik\",\"PGD Slovenske Konjice\",\"podelitev priznanj CZ\",\"zahodna \u0160tajerska\"],\"articleSection\":[\"Aktualno\",\"Celjsko\",\"Konji\u0161ko\",\"Kozjansko\",\"Kronika\"],\"inLanguage\":\"sl-SI\"},{\"@type\":\"WebPage\",\"@id\":\"https:\\\/\\\/novice.si\\\/page\\\/vojnik-podelili-najvisja-priznanja-cz-za-zahodnostajersko\\\/\",\"url\":\"https:\\\/\\\/novice.si\\\/page\\\/vojnik-podelili-najvisja-priznanja-cz-za-zahodnostajersko\\\/\",\"name\":\"VOJNIK Konji\u0161ki in planinski gasilci prejmejo najvi\u0161ja priznanja CZ za Zahodno\u0161tajersko - Novice.si\",\"isPartOf\":{\"@id\":\"https:\\\/\\\/novice.si\\\/page\\\/#website\"},\"primaryImageOfPage\":{\"@id\":\"https:\\\/\\\/novice.si\\\/page\\\/vojnik-podelili-najvisja-priznanja-cz-za-zahodnostajersko\\\/#primaryimage\"},\"image\":{\"@id\":\"https:\\\/\\\/novice.si\\\/page\\\/vojnik-podelili-najvisja-priznanja-cz-za-zahodnostajersko\\\/#primaryimage\"},\"thumbnailUrl\":\"https:\\\/\\\/novice.si\\\/page\\\/wp-content\\\/uploads\\\/2023\\\/03\\\/PGD-SKonjice.jpg\",\"datePublished\":\"2023-03-03T09:38:47+00:00\",\"dateModified\":\"2023-03-03T09:51:56+00:00\",\"breadcrumb\":{\"@id\":\"https:\\\/\\\/novice.si\\\/page\\\/vojnik-podelili-najvisja-priznanja-cz-za-zahodnostajersko\\\/#breadcrumb\"},\"inLanguage\":\"sl-SI\",\"potentialAction\":[{\"@type\":\"ReadAction\",\"target\":[\"https:\\\/\\\/novice.si\\\/page\\\/vojnik-podelili-najvisja-priznanja-cz-za-zahodnostajersko\\\/\"]}]},{\"@type\":\"ImageObject\",\"inLanguage\":\"sl-SI\",\"@id\":\"https:\\\/\\\/novice.si\\\/page\\\/vojnik-podelili-najvisja-priznanja-cz-za-zahodnostajersko\\\/#primaryimage\",\"url\":\"https:\\\/\\\/novice.si\\\/page\\\/wp-content\\\/uploads\\\/2023\\\/03\\\/PGD-SKonjice.jpg\",\"contentUrl\":\"https:\\\/\\\/novice.si\\\/page\\\/wp-content\\\/uploads\\\/2023\\\/03\\\/PGD-SKonjice.jpg\",\"width\":2048,\"height\":1220},{\"@type\":\"BreadcrumbList\",\"@id\":\"https:\\\/\\\/novice.si\\\/page\\\/vojnik-podelili-najvisja-priznanja-cz-za-zahodnostajersko\\\/#breadcrumb\",\"itemListElement\":[{\"@type\":\"ListItem\",\"position\":1,\"name\":\"Home\",\"item\":\"https:\\\/\\\/novice.si\\\/page\\\/\"},{\"@type\":\"ListItem\",\"position\":2,\"name\":\"VOJNIK Konji\u0161ki in planinski gasilci prejmejo najvi\u0161ja priznanja CZ za Zahodno\u0161tajersko\"}]},{\"@type\":\"WebSite\",\"@id\":\"https:\\\/\\\/novice.si\\\/page\\\/#website\",\"url\":\"https:\\\/\\\/novice.si\\\/page\\\/\",\"name\":\"Novice.si\",\"description\":\"\",\"publisher\":{\"@id\":\"https:\\\/\\\/novice.si\\\/page\\\/#organization\"},\"potentialAction\":[{\"@type\":\"SearchAction\",\"target\":{\"@type\":\"EntryPoint\",\"urlTemplate\":\"https:\\\/\\\/novice.si\\\/page\\\/?s={search_term_string}\"},\"query-input\":{\"@type\":\"PropertyValueSpecification\",\"valueRequired\":true,\"valueName\":\"search_term_string\"}}],\"inLanguage\":\"sl-SI\"},{\"@type\":\"Organization\",\"@id\":\"https:\\\/\\\/novice.si\\\/page\\\/#organization\",\"name\":\"Novice.si\",\"url\":\"https:\\\/\\\/novice.si\\\/page\\\/\",\"logo\":{\"@type\":\"ImageObject\",\"inLanguage\":\"sl-SI\",\"@id\":\"https:\\\/\\\/novice.si\\\/page\\\/#\\\/schema\\\/logo\\\/image\\\/\",\"url\":\"https:\\\/\\\/novice.si\\\/page\\\/wp-content\\\/uploads\\\/2023\\\/03\\\/novice_si.png\",\"contentUrl\":\"https:\\\/\\\/novice.si\\\/page\\\/wp-content\\\/uploads\\\/2023\\\/03\\\/novice_si.png\",\"width\":576,\"height\":200,\"caption\":\"Novice.si\"},\"image\":{\"@id\":\"https:\\\/\\\/novice.si\\\/page\\\/#\\\/schema\\\/logo\\\/image\\\/\"}},{\"@type\":\"Person\",\"@id\":\"https:\\\/\\\/novice.si\\\/page\\\/#\\\/schema\\\/person\\\/57f25c9642a9541c7349c65d32032c3e\",\"name\":\"Uredni\u0161tvo Celjana\",\"image\":{\"@type\":\"ImageObject\",\"inLanguage\":\"sl-SI\",\"@id\":\"https:\\\/\\\/secure.gravatar.com\\\/avatar\\\/78e52bc4279b65f6df6345e0ef0f7b792d361361f230cf4ffecfe0afe6d5629c?s=96&d=mm&r=g\",\"url\":\"https:\\\/\\\/secure.gravatar.com\\\/avatar\\\/78e52bc4279b65f6df6345e0ef0f7b792d361361f230cf4ffecfe0afe6d5629c?s=96&d=mm&r=g\",\"contentUrl\":\"https:\\\/\\\/secure.gravatar.com\\\/avatar\\\/78e52bc4279b65f6df6345e0ef0f7b792d361361f230cf4ffecfe0afe6d5629c?s=96&d=mm&r=g\",\"caption\":\"Uredni\u0161tvo Celjana\"},\"url\":\"https:\\\/\\\/novice.si\\\/page\\\/author\\\/primoz\\\/\"}]}<\/script>\n<!-- \/ Yoast SEO plugin. -->","yoast_head_json":{"title":"VOJNIK Konji\u0161ki in planinski gasilci prejmejo najvi\u0161ja priznanja CZ za Zahodno\u0161tajersko - Novice.si","robots":{"index":"index","follow":"follow","max-snippet":"max-snippet:-1","max-image-preview":"max-image-preview:large","max-video-preview":"max-video-preview:-1"},"canonical":"https:\/\/novice.si\/page\/vojnik-podelili-najvisja-priznanja-cz-za-zahodnostajersko\/","og_locale":"sl_SI","og_type":"article","og_title":"VOJNIK Konji\u0161ki in planinski gasilci prejmejo najvi\u0161ja priznanja CZ za Zahodno\u0161tajersko - Novice.si","og_description":"Prostovoljni gasilski dru\u0161tvi Slovenske Konjice (na naslovni sliki) in Planina sta med \u0161estimi leto\u0161njimi regijskimi prejemniki plakete za izredne zasluge na podro\u010dju za\u0161\u010dite in re\u0161evanja. Drevi jih bodo podelili na osrednji regijski slovesnosti Civilne za\u0161\u010dite v dvorani vojni\u0161ke osnovne \u0161ole. Zlati znak Civilne za\u0161\u010dite bosta prejela Janko Po\u017ee\u017enik (na sliki), donedavni direktor Poklicne gasilske enote [&hellip;]","og_url":"https:\/\/novice.si\/page\/vojnik-podelili-najvisja-priznanja-cz-za-zahodnostajersko\/","og_site_name":"Novice.si","article_published_time":"2023-03-03T09:38:47+00:00","article_modified_time":"2023-03-03T09:51:56+00:00","og_image":[{"width":2048,"height":1220,"url":"https:\/\/novice.si\/page\/wp-content\/uploads\/2023\/03\/PGD-SKonjice.jpg","type":"image\/jpeg"}],"author":"Uredni\u0161tvo Celjana","twitter_card":"summary_large_image","twitter_misc":{"Written by":"Uredni\u0161tvo Celjana","Est. reading time":"1 minuta"},"schema":{"@context":"https:\/\/schema.org","@graph":[{"@type":"Article","@id":"https:\/\/novice.si\/page\/vojnik-podelili-najvisja-priznanja-cz-za-zahodnostajersko\/#article","isPartOf":{"@id":"https:\/\/novice.si\/page\/vojnik-podelili-najvisja-priznanja-cz-za-zahodnostajersko\/"},"author":{"name":"Uredni\u0161tvo Celjana","@id":"https:\/\/novice.si\/page\/#\/schema\/person\/57f25c9642a9541c7349c65d32032c3e"},"headline":"VOJNIK Konji\u0161ki in planinski gasilci prejmejo najvi\u0161ja priznanja CZ za Zahodno\u0161tajersko","datePublished":"2023-03-03T09:38:47+00:00","dateModified":"2023-03-03T09:51:56+00:00","mainEntityOfPage":{"@id":"https:\/\/novice.si\/page\/vojnik-podelili-najvisja-priznanja-cz-za-zahodnostajersko\/"},"wordCount":132,"publisher":{"@id":"https:\/\/novice.si\/page\/#organization"},"image":{"@id":"https:\/\/novice.si\/page\/vojnik-podelili-najvisja-priznanja-cz-za-zahodnostajersko\/#primaryimage"},"thumbnailUrl":"https:\/\/novice.si\/page\/wp-content\/uploads\/2023\/03\/PGD-SKonjice.jpg","keywords":["CZ","Janko Po\u017ee\u017enik","O\u0160 Vojnik","PGD Slovenske Konjice","podelitev priznanj CZ","zahodna \u0160tajerska"],"articleSection":["Aktualno","Celjsko","Konji\u0161ko","Kozjansko","Kronika"],"inLanguage":"sl-SI"},{"@type":"WebPage","@id":"https:\/\/novice.si\/page\/vojnik-podelili-najvisja-priznanja-cz-za-zahodnostajersko\/","url":"https:\/\/novice.si\/page\/vojnik-podelili-najvisja-priznanja-cz-za-zahodnostajersko\/","name":"VOJNIK Konji\u0161ki in planinski gasilci prejmejo najvi\u0161ja priznanja CZ za Zahodno\u0161tajersko - Novice.si","isPartOf":{"@id":"https:\/\/novice.si\/page\/#website"},"primaryImageOfPage":{"@id":"https:\/\/novice.si\/page\/vojnik-podelili-najvisja-priznanja-cz-za-zahodnostajersko\/#primaryimage"},"image":{"@id":"https:\/\/novice.si\/page\/vojnik-podelili-najvisja-priznanja-cz-za-zahodnostajersko\/#primaryimage"},"thumbnailUrl":"https:\/\/novice.si\/page\/wp-content\/uploads\/2023\/03\/PGD-SKonjice.jpg","datePublished":"2023-03-03T09:38:47+00:00","dateModified":"2023-03-03T09:51:56+00:00","breadcrumb":{"@id":"https:\/\/novice.si\/page\/vojnik-podelili-najvisja-priznanja-cz-za-zahodnostajersko\/#breadcrumb"},"inLanguage":"sl-SI","potentialAction":[{"@type":"ReadAction","target":["https:\/\/novice.si\/page\/vojnik-podelili-najvisja-priznanja-cz-za-zahodnostajersko\/"]}]},{"@type":"ImageObject","inLanguage":"sl-SI","@id":"https:\/\/novice.si\/page\/vojnik-podelili-najvisja-priznanja-cz-za-zahodnostajersko\/#primaryimage","url":"https:\/\/novice.si\/page\/wp-content\/uploads\/2023\/03\/PGD-SKonjice.jpg","contentUrl":"https:\/\/novice.si\/page\/wp-content\/uploads\/2023\/03\/PGD-SKonjice.jpg","width":2048,"height":1220},{"@type":"BreadcrumbList","@id":"https:\/\/novice.si\/page\/vojnik-podelili-najvisja-priznanja-cz-za-zahodnostajersko\/#breadcrumb","itemListElement":[{"@type":"ListItem","position":1,"name":"Home","item":"https:\/\/novice.si\/page\/"},{"@type":"ListItem","position":2,"name":"VOJNIK Konji\u0161ki in planinski gasilci prejmejo najvi\u0161ja priznanja CZ za Zahodno\u0161tajersko"}]},{"@type":"WebSite","@id":"https:\/\/novice.si\/page\/#website","url":"https:\/\/novice.si\/page\/","name":"Novice.si","description":"","publisher":{"@id":"https:\/\/novice.si\/page\/#organization"},"potentialAction":[{"@type":"SearchAction","target":{"@type":"EntryPoint","urlTemplate":"https:\/\/novice.si\/page\/?s={search_term_string}"},"query-input":{"@type":"PropertyValueSpecification","valueRequired":true,"valueName":"search_term_string"}}],"inLanguage":"sl-SI"},{"@type":"Organization","@id":"https:\/\/novice.si\/page\/#organization","name":"Novice.si","url":"https:\/\/novice.si\/page\/","logo":{"@type":"ImageObject","inLanguage":"sl-SI","@id":"https:\/\/novice.si\/page\/#\/schema\/logo\/image\/","url":"https:\/\/novice.si\/page\/wp-content\/uploads\/2023\/03\/novice_si.png","contentUrl":"https:\/\/novice.si\/page\/wp-content\/uploads\/2023\/03\/novice_si.png","width":576,"height":200,"caption":"Novice.si"},"image":{"@id":"https:\/\/novice.si\/page\/#\/schema\/logo\/image\/"}},{"@type":"Person","@id":"https:\/\/novice.si\/page\/#\/schema\/person\/57f25c9642a9541c7349c65d32032c3e","name":"Uredni\u0161tvo Celjana","image":{"@type":"ImageObject","inLanguage":"sl-SI","@id":"https:\/\/secure.gravatar.com\/avatar\/78e52bc4279b65f6df6345e0ef0f7b792d361361f230cf4ffecfe0afe6d5629c?s=96&d=mm&r=g","url":"https:\/\/secure.gravatar.com\/avatar\/78e52bc4279b65f6df6345e0ef0f7b792d361361f230cf4ffecfe0afe6d5629c?s=96&d=mm&r=g","contentUrl":"https:\/\/secure.gravatar.com\/avatar\/78e52bc4279b65f6df6345e0ef0f7b792d361361f230cf4ffecfe0afe6d5629c?s=96&d=mm&r=g","caption":"Uredni\u0161tvo Celjana"},"url":"https:\/\/novice.si\/page\/author\/primoz\/"}]}},"_links":{"self":[{"href":"https:\/\/novice.si\/page\/wp-json\/wp\/v2\/posts\/160504","targetHints":{"allow":["GET"]}}],"collection":[{"href":"https:\/\/novice.si\/page\/wp-json\/wp\/v2\/posts"}],"about":[{"href":"https:\/\/novice.si\/page\/wp-json\/wp\/v2\/types\/post"}],"author":[{"embeddable":true,"href":"https:\/\/novice.si\/page\/wp-json\/wp\/v2\/users\/33"}],"replies":[{"embeddable":true,"href":"https:\/\/novice.si\/page\/wp-json\/wp\/v2\/comments?post=160504"}],"version-history":[{"count":3,"href":"https:\/\/novice.si\/page\/wp-json\/wp\/v2\/posts\/160504\/revisions"}],"predecessor-version":[{"id":160508,"href":"https:\/\/novice.si\/page\/wp-json\/wp\/v2\/posts\/160504\/revisions\/160508"}],"wp:featuredmedia":[{"embeddable":true,"href":"https:\/\/novice.si\/page\/wp-json\/wp\/v2\/media\/160505"}],"wp:attachment":[{"href":"https:\/\/novice.si\/page\/wp-json\/wp\/v2\/media?parent=160504"}],"wp:term":[{"taxonomy":"category","embeddable":true,"href":"https:\/\/novice.si\/page\/wp-json\/wp\/v2\/categories?post=160504"},{"taxonomy":"post_tag","embeddable":true,"href":"https:\/\/novice.si\/page\/wp-json\/wp\/v2\/tags?post=160504"}],"curies":[{"name":"wp","href":"https:\/\/api.w.org\/{rel}","templated":true}]}}