{"id":160498,"date":"2023-03-02T12:42:55","date_gmt":"2023-03-02T11:42:55","guid":{"rendered":"https:\/\/novice.si\/page\/?p=160498"},"modified":"2023-03-02T12:42:55","modified_gmt":"2023-03-02T11:42:55","slug":"slovenska-bistrica-v-delovni-nesreci-umrl-26-letnik","status":"publish","type":"post","link":"https:\/\/novice.si\/page\/slovenska-bistrica-v-delovni-nesreci-umrl-26-letnik\/","title":{"rendered":"SLOVENSKA BISTRICA V delovni nesre\u010di umrl 26-letnik"},"content":{"rendered":"<p>V hudi delovni nesre\u010di je v Cigonci pri Slovenski Bistrici v\u010deraj popoldne umrl 26-letni <a href=\"https:\/\/novice.si\/page\/wp-content\/uploads\/2023\/03\/struznica.jpg\" data-gallery><img loading=\"lazy\" decoding=\"async\" class=\"size-medium wp-image-160499 alignleft\" src=\"https:\/\/novice.si\/page\/wp-content\/uploads\/2023\/03\/struznica-300x188.jpg\" alt=\"\" width=\"300\" height=\"188\" srcset=\"https:\/\/novice.si\/page\/wp-content\/uploads\/2023\/03\/struznica-300x188.jpg 300w, https:\/\/novice.si\/page\/wp-content\/uploads\/2023\/03\/struznica-1024x640.jpg 1024w, https:\/\/novice.si\/page\/wp-content\/uploads\/2023\/03\/struznica-768x480.jpg 768w, https:\/\/novice.si\/page\/wp-content\/uploads\/2023\/03\/struznica-696x435.jpg 696w, https:\/\/novice.si\/page\/wp-content\/uploads\/2023\/03\/struznica-1068x668.jpg 1068w, https:\/\/novice.si\/page\/wp-content\/uploads\/2023\/03\/struznica-672x420.jpg 672w, https:\/\/novice.si\/page\/wp-content\/uploads\/2023\/03\/struznica-24x15.jpg 24w, https:\/\/novice.si\/page\/wp-content\/uploads\/2023\/03\/struznica-36x23.jpg 36w, https:\/\/novice.si\/page\/wp-content\/uploads\/2023\/03\/struznica-48x30.jpg 48w, https:\/\/novice.si\/page\/wp-content\/uploads\/2023\/03\/struznica.jpg 1280w\" sizes=\"auto, (max-width: 300px) 100vw, 300px\" \/><\/a>delavec.<\/p>\n<p>Usodno se je po\u0161kodoval pri obdelavi kovin na stru\u017enici. Umrl je na kraju dogodka v gospodarskem objektu, truplo po\u0161kodovanca so na\u0161li ob delovnem stroju.<\/p>\n<p>Odrejena je sanitarna obdukcija, preiskava pa se nadaljuje. V nesre\u010di je posredovala poldruga desetina bistri\u0161kih in vide\u0161kih gasilcev.<\/p>\n<p>(slika je ponazoritvena)<\/p>\n<p>P\u0160<\/p>\n","protected":false},"excerpt":{"rendered":"<p>V hudi delovni nesre\u010di je v Cigonci pri Slovenski Bistrici v\u010deraj popoldne umrl 26-letni delavec. Usodno se je po\u0161kodoval pri obdelavi kovin na stru\u017enici. Umrl je na kraju dogodka v gospodarskem objektu, truplo po\u0161kodovanca so na\u0161li ob delovnem stroju. Odrejena je sanitarna obdukcija, preiskava pa se nadaljuje. V nesre\u010di je posredovala poldruga desetina bistri\u0161kih in [&hellip;]<\/p>\n","protected":false},"author":33,"featured_media":158599,"comment_status":"closed","ping_status":"closed","sticky":false,"template":"","format":"standard","meta":{"footnotes":""},"categories":[14,32,29],"tags":[17221,17220,17222,4624],"class_list":{"0":"post-160498","1":"post","2":"type-post","3":"status-publish","4":"format-standard","5":"has-post-thumbnail","7":"category-aktualno","8":"category-bistrisko","9":"category-kronika","10":"tag-26-letni-delavec","11":"tag-cigonci","12":"tag-delo-na-struznici","13":"tag-smrtna-delovna-nesreca"},"yoast_head":"<!-- This site is optimized with the Yoast SEO plugin v27.4 - https:\/\/yoast.com\/product\/yoast-seo-wordpress\/ -->\n<title>SLOVENSKA BISTRICA V delovni nesre\u010di umrl 26-letnik - Novice.si<\/title>\n<meta name=\"robots\" content=\"index, follow, max-snippet:-1, max-image-preview:large, max-video-preview:-1\" \/>\n<link rel=\"canonical\" href=\"https:\/\/novice.si\/page\/slovenska-bistrica-v-delovni-nesreci-umrl-26-letnik\/\" \/>\n<meta property=\"og:locale\" content=\"sl_SI\" \/>\n<meta property=\"og:type\" content=\"article\" \/>\n<meta property=\"og:title\" content=\"SLOVENSKA BISTRICA V delovni nesre\u010di umrl 26-letnik - Novice.si\" \/>\n<meta property=\"og:description\" content=\"V hudi delovni nesre\u010di je v Cigonci pri Slovenski Bistrici v\u010deraj popoldne umrl 26-letni delavec. Usodno se je po\u0161kodoval pri obdelavi kovin na stru\u017enici. Umrl je na kraju dogodka v gospodarskem objektu, truplo po\u0161kodovanca so na\u0161li ob delovnem stroju. Odrejena je sanitarna obdukcija, preiskava pa se nadaljuje. V nesre\u010di je posredovala poldruga desetina bistri\u0161kih in [&hellip;]\" \/>\n<meta property=\"og:url\" content=\"https:\/\/novice.si\/page\/slovenska-bistrica-v-delovni-nesreci-umrl-26-letnik\/\" \/>\n<meta property=\"og:site_name\" content=\"Novice.si\" \/>\n<meta property=\"article:published_time\" content=\"2023-03-02T11:42:55+00:00\" \/>\n<meta property=\"og:image\" content=\"https:\/\/novice.si\/page\/wp-content\/uploads\/2023\/01\/policija-1_resize-1.jpeg\" \/>\n\t<meta property=\"og:image:width\" content=\"1024\" \/>\n\t<meta property=\"og:image:height\" content=\"650\" \/>\n\t<meta property=\"og:image:type\" content=\"image\/jpeg\" \/>\n<meta name=\"author\" content=\"Uredni\u0161tvo Celjana\" \/>\n<meta name=\"twitter:card\" content=\"summary_large_image\" \/>\n<meta name=\"twitter:label1\" content=\"Written by\" \/>\n\t<meta name=\"twitter:data1\" content=\"Uredni\u0161tvo Celjana\" \/>\n\t<meta name=\"twitter:label2\" content=\"Est. reading time\" \/>\n\t<meta name=\"twitter:data2\" content=\"1 minuta\" \/>\n<script type=\"application\/ld+json\" class=\"yoast-schema-graph\">{\"@context\":\"https:\\\/\\\/schema.org\",\"@graph\":[{\"@type\":\"Article\",\"@id\":\"https:\\\/\\\/novice.si\\\/page\\\/slovenska-bistrica-v-delovni-nesreci-umrl-26-letnik\\\/#article\",\"isPartOf\":{\"@id\":\"https:\\\/\\\/novice.si\\\/page\\\/slovenska-bistrica-v-delovni-nesreci-umrl-26-letnik\\\/\"},\"author\":{\"name\":\"Uredni\u0161tvo Celjana\",\"@id\":\"https:\\\/\\\/novice.si\\\/page\\\/#\\\/schema\\\/person\\\/57f25c9642a9541c7349c65d32032c3e\"},\"headline\":\"SLOVENSKA BISTRICA V delovni nesre\u010di umrl 26-letnik\",\"datePublished\":\"2023-03-02T11:42:55+00:00\",\"mainEntityOfPage\":{\"@id\":\"https:\\\/\\\/novice.si\\\/page\\\/slovenska-bistrica-v-delovni-nesreci-umrl-26-letnik\\\/\"},\"wordCount\":78,\"publisher\":{\"@id\":\"https:\\\/\\\/novice.si\\\/page\\\/#organization\"},\"image\":{\"@id\":\"https:\\\/\\\/novice.si\\\/page\\\/slovenska-bistrica-v-delovni-nesreci-umrl-26-letnik\\\/#primaryimage\"},\"thumbnailUrl\":\"https:\\\/\\\/novice.si\\\/page\\\/wp-content\\\/uploads\\\/2023\\\/01\\\/policija-1_resize-1.jpeg\",\"keywords\":[\"26 letni delavec\",\"cigonci\",\"delo na stru\u017enici\",\"smrtna delovna nesre\u010da\"],\"articleSection\":[\"Aktualno\",\"Bistri\u0161ko\",\"Kronika\"],\"inLanguage\":\"sl-SI\"},{\"@type\":\"WebPage\",\"@id\":\"https:\\\/\\\/novice.si\\\/page\\\/slovenska-bistrica-v-delovni-nesreci-umrl-26-letnik\\\/\",\"url\":\"https:\\\/\\\/novice.si\\\/page\\\/slovenska-bistrica-v-delovni-nesreci-umrl-26-letnik\\\/\",\"name\":\"SLOVENSKA BISTRICA V delovni nesre\u010di umrl 26-letnik - Novice.si\",\"isPartOf\":{\"@id\":\"https:\\\/\\\/novice.si\\\/page\\\/#website\"},\"primaryImageOfPage\":{\"@id\":\"https:\\\/\\\/novice.si\\\/page\\\/slovenska-bistrica-v-delovni-nesreci-umrl-26-letnik\\\/#primaryimage\"},\"image\":{\"@id\":\"https:\\\/\\\/novice.si\\\/page\\\/slovenska-bistrica-v-delovni-nesreci-umrl-26-letnik\\\/#primaryimage\"},\"thumbnailUrl\":\"https:\\\/\\\/novice.si\\\/page\\\/wp-content\\\/uploads\\\/2023\\\/01\\\/policija-1_resize-1.jpeg\",\"datePublished\":\"2023-03-02T11:42:55+00:00\",\"breadcrumb\":{\"@id\":\"https:\\\/\\\/novice.si\\\/page\\\/slovenska-bistrica-v-delovni-nesreci-umrl-26-letnik\\\/#breadcrumb\"},\"inLanguage\":\"sl-SI\",\"potentialAction\":[{\"@type\":\"ReadAction\",\"target\":[\"https:\\\/\\\/novice.si\\\/page\\\/slovenska-bistrica-v-delovni-nesreci-umrl-26-letnik\\\/\"]}]},{\"@type\":\"ImageObject\",\"inLanguage\":\"sl-SI\",\"@id\":\"https:\\\/\\\/novice.si\\\/page\\\/slovenska-bistrica-v-delovni-nesreci-umrl-26-letnik\\\/#primaryimage\",\"url\":\"https:\\\/\\\/novice.si\\\/page\\\/wp-content\\\/uploads\\\/2023\\\/01\\\/policija-1_resize-1.jpeg\",\"contentUrl\":\"https:\\\/\\\/novice.si\\\/page\\\/wp-content\\\/uploads\\\/2023\\\/01\\\/policija-1_resize-1.jpeg\",\"width\":1024,\"height\":650},{\"@type\":\"BreadcrumbList\",\"@id\":\"https:\\\/\\\/novice.si\\\/page\\\/slovenska-bistrica-v-delovni-nesreci-umrl-26-letnik\\\/#breadcrumb\",\"itemListElement\":[{\"@type\":\"ListItem\",\"position\":1,\"name\":\"Home\",\"item\":\"https:\\\/\\\/novice.si\\\/page\\\/\"},{\"@type\":\"ListItem\",\"position\":2,\"name\":\"SLOVENSKA BISTRICA V delovni nesre\u010di umrl 26-letnik\"}]},{\"@type\":\"WebSite\",\"@id\":\"https:\\\/\\\/novice.si\\\/page\\\/#website\",\"url\":\"https:\\\/\\\/novice.si\\\/page\\\/\",\"name\":\"Novice.si\",\"description\":\"\",\"publisher\":{\"@id\":\"https:\\\/\\\/novice.si\\\/page\\\/#organization\"},\"potentialAction\":[{\"@type\":\"SearchAction\",\"target\":{\"@type\":\"EntryPoint\",\"urlTemplate\":\"https:\\\/\\\/novice.si\\\/page\\\/?s={search_term_string}\"},\"query-input\":{\"@type\":\"PropertyValueSpecification\",\"valueRequired\":true,\"valueName\":\"search_term_string\"}}],\"inLanguage\":\"sl-SI\"},{\"@type\":\"Organization\",\"@id\":\"https:\\\/\\\/novice.si\\\/page\\\/#organization\",\"name\":\"Novice.si\",\"url\":\"https:\\\/\\\/novice.si\\\/page\\\/\",\"logo\":{\"@type\":\"ImageObject\",\"inLanguage\":\"sl-SI\",\"@id\":\"https:\\\/\\\/novice.si\\\/page\\\/#\\\/schema\\\/logo\\\/image\\\/\",\"url\":\"https:\\\/\\\/novice.si\\\/page\\\/wp-content\\\/uploads\\\/2023\\\/03\\\/novice_si.png\",\"contentUrl\":\"https:\\\/\\\/novice.si\\\/page\\\/wp-content\\\/uploads\\\/2023\\\/03\\\/novice_si.png\",\"width\":576,\"height\":200,\"caption\":\"Novice.si\"},\"image\":{\"@id\":\"https:\\\/\\\/novice.si\\\/page\\\/#\\\/schema\\\/logo\\\/image\\\/\"}},{\"@type\":\"Person\",\"@id\":\"https:\\\/\\\/novice.si\\\/page\\\/#\\\/schema\\\/person\\\/57f25c9642a9541c7349c65d32032c3e\",\"name\":\"Uredni\u0161tvo Celjana\",\"image\":{\"@type\":\"ImageObject\",\"inLanguage\":\"sl-SI\",\"@id\":\"https:\\\/\\\/secure.gravatar.com\\\/avatar\\\/78e52bc4279b65f6df6345e0ef0f7b792d361361f230cf4ffecfe0afe6d5629c?s=96&d=mm&r=g\",\"url\":\"https:\\\/\\\/secure.gravatar.com\\\/avatar\\\/78e52bc4279b65f6df6345e0ef0f7b792d361361f230cf4ffecfe0afe6d5629c?s=96&d=mm&r=g\",\"contentUrl\":\"https:\\\/\\\/secure.gravatar.com\\\/avatar\\\/78e52bc4279b65f6df6345e0ef0f7b792d361361f230cf4ffecfe0afe6d5629c?s=96&d=mm&r=g\",\"caption\":\"Uredni\u0161tvo Celjana\"},\"url\":\"https:\\\/\\\/novice.si\\\/page\\\/author\\\/primoz\\\/\"}]}<\/script>\n<!-- \/ Yoast SEO plugin. -->","yoast_head_json":{"title":"SLOVENSKA BISTRICA V delovni nesre\u010di umrl 26-letnik - Novice.si","robots":{"index":"index","follow":"follow","max-snippet":"max-snippet:-1","max-image-preview":"max-image-preview:large","max-video-preview":"max-video-preview:-1"},"canonical":"https:\/\/novice.si\/page\/slovenska-bistrica-v-delovni-nesreci-umrl-26-letnik\/","og_locale":"sl_SI","og_type":"article","og_title":"SLOVENSKA BISTRICA V delovni nesre\u010di umrl 26-letnik - Novice.si","og_description":"V hudi delovni nesre\u010di je v Cigonci pri Slovenski Bistrici v\u010deraj popoldne umrl 26-letni delavec. Usodno se je po\u0161kodoval pri obdelavi kovin na stru\u017enici. Umrl je na kraju dogodka v gospodarskem objektu, truplo po\u0161kodovanca so na\u0161li ob delovnem stroju. Odrejena je sanitarna obdukcija, preiskava pa se nadaljuje. V nesre\u010di je posredovala poldruga desetina bistri\u0161kih in [&hellip;]","og_url":"https:\/\/novice.si\/page\/slovenska-bistrica-v-delovni-nesreci-umrl-26-letnik\/","og_site_name":"Novice.si","article_published_time":"2023-03-02T11:42:55+00:00","og_image":[{"width":1024,"height":650,"url":"https:\/\/novice.si\/page\/wp-content\/uploads\/2023\/01\/policija-1_resize-1.jpeg","type":"image\/jpeg"}],"author":"Uredni\u0161tvo Celjana","twitter_card":"summary_large_image","twitter_misc":{"Written by":"Uredni\u0161tvo Celjana","Est. reading time":"1 minuta"},"schema":{"@context":"https:\/\/schema.org","@graph":[{"@type":"Article","@id":"https:\/\/novice.si\/page\/slovenska-bistrica-v-delovni-nesreci-umrl-26-letnik\/#article","isPartOf":{"@id":"https:\/\/novice.si\/page\/slovenska-bistrica-v-delovni-nesreci-umrl-26-letnik\/"},"author":{"name":"Uredni\u0161tvo Celjana","@id":"https:\/\/novice.si\/page\/#\/schema\/person\/57f25c9642a9541c7349c65d32032c3e"},"headline":"SLOVENSKA BISTRICA V delovni nesre\u010di umrl 26-letnik","datePublished":"2023-03-02T11:42:55+00:00","mainEntityOfPage":{"@id":"https:\/\/novice.si\/page\/slovenska-bistrica-v-delovni-nesreci-umrl-26-letnik\/"},"wordCount":78,"publisher":{"@id":"https:\/\/novice.si\/page\/#organization"},"image":{"@id":"https:\/\/novice.si\/page\/slovenska-bistrica-v-delovni-nesreci-umrl-26-letnik\/#primaryimage"},"thumbnailUrl":"https:\/\/novice.si\/page\/wp-content\/uploads\/2023\/01\/policija-1_resize-1.jpeg","keywords":["26 letni delavec","cigonci","delo na stru\u017enici","smrtna delovna nesre\u010da"],"articleSection":["Aktualno","Bistri\u0161ko","Kronika"],"inLanguage":"sl-SI"},{"@type":"WebPage","@id":"https:\/\/novice.si\/page\/slovenska-bistrica-v-delovni-nesreci-umrl-26-letnik\/","url":"https:\/\/novice.si\/page\/slovenska-bistrica-v-delovni-nesreci-umrl-26-letnik\/","name":"SLOVENSKA BISTRICA V delovni nesre\u010di umrl 26-letnik - Novice.si","isPartOf":{"@id":"https:\/\/novice.si\/page\/#website"},"primaryImageOfPage":{"@id":"https:\/\/novice.si\/page\/slovenska-bistrica-v-delovni-nesreci-umrl-26-letnik\/#primaryimage"},"image":{"@id":"https:\/\/novice.si\/page\/slovenska-bistrica-v-delovni-nesreci-umrl-26-letnik\/#primaryimage"},"thumbnailUrl":"https:\/\/novice.si\/page\/wp-content\/uploads\/2023\/01\/policija-1_resize-1.jpeg","datePublished":"2023-03-02T11:42:55+00:00","breadcrumb":{"@id":"https:\/\/novice.si\/page\/slovenska-bistrica-v-delovni-nesreci-umrl-26-letnik\/#breadcrumb"},"inLanguage":"sl-SI","potentialAction":[{"@type":"ReadAction","target":["https:\/\/novice.si\/page\/slovenska-bistrica-v-delovni-nesreci-umrl-26-letnik\/"]}]},{"@type":"ImageObject","inLanguage":"sl-SI","@id":"https:\/\/novice.si\/page\/slovenska-bistrica-v-delovni-nesreci-umrl-26-letnik\/#primaryimage","url":"https:\/\/novice.si\/page\/wp-content\/uploads\/2023\/01\/policija-1_resize-1.jpeg","contentUrl":"https:\/\/novice.si\/page\/wp-content\/uploads\/2023\/01\/policija-1_resize-1.jpeg","width":1024,"height":650},{"@type":"BreadcrumbList","@id":"https:\/\/novice.si\/page\/slovenska-bistrica-v-delovni-nesreci-umrl-26-letnik\/#breadcrumb","itemListElement":[{"@type":"ListItem","position":1,"name":"Home","item":"https:\/\/novice.si\/page\/"},{"@type":"ListItem","position":2,"name":"SLOVENSKA BISTRICA V delovni nesre\u010di umrl 26-letnik"}]},{"@type":"WebSite","@id":"https:\/\/novice.si\/page\/#website","url":"https:\/\/novice.si\/page\/","name":"Novice.si","description":"","publisher":{"@id":"https:\/\/novice.si\/page\/#organization"},"potentialAction":[{"@type":"SearchAction","target":{"@type":"EntryPoint","urlTemplate":"https:\/\/novice.si\/page\/?s={search_term_string}"},"query-input":{"@type":"PropertyValueSpecification","valueRequired":true,"valueName":"search_term_string"}}],"inLanguage":"sl-SI"},{"@type":"Organization","@id":"https:\/\/novice.si\/page\/#organization","name":"Novice.si","url":"https:\/\/novice.si\/page\/","logo":{"@type":"ImageObject","inLanguage":"sl-SI","@id":"https:\/\/novice.si\/page\/#\/schema\/logo\/image\/","url":"https:\/\/novice.si\/page\/wp-content\/uploads\/2023\/03\/novice_si.png","contentUrl":"https:\/\/novice.si\/page\/wp-content\/uploads\/2023\/03\/novice_si.png","width":576,"height":200,"caption":"Novice.si"},"image":{"@id":"https:\/\/novice.si\/page\/#\/schema\/logo\/image\/"}},{"@type":"Person","@id":"https:\/\/novice.si\/page\/#\/schema\/person\/57f25c9642a9541c7349c65d32032c3e","name":"Uredni\u0161tvo Celjana","image":{"@type":"ImageObject","inLanguage":"sl-SI","@id":"https:\/\/secure.gravatar.com\/avatar\/78e52bc4279b65f6df6345e0ef0f7b792d361361f230cf4ffecfe0afe6d5629c?s=96&d=mm&r=g","url":"https:\/\/secure.gravatar.com\/avatar\/78e52bc4279b65f6df6345e0ef0f7b792d361361f230cf4ffecfe0afe6d5629c?s=96&d=mm&r=g","contentUrl":"https:\/\/secure.gravatar.com\/avatar\/78e52bc4279b65f6df6345e0ef0f7b792d361361f230cf4ffecfe0afe6d5629c?s=96&d=mm&r=g","caption":"Uredni\u0161tvo Celjana"},"url":"https:\/\/novice.si\/page\/author\/primoz\/"}]}},"_links":{"self":[{"href":"https:\/\/novice.si\/page\/wp-json\/wp\/v2\/posts\/160498","targetHints":{"allow":["GET"]}}],"collection":[{"href":"https:\/\/novice.si\/page\/wp-json\/wp\/v2\/posts"}],"about":[{"href":"https:\/\/novice.si\/page\/wp-json\/wp\/v2\/types\/post"}],"author":[{"embeddable":true,"href":"https:\/\/novice.si\/page\/wp-json\/wp\/v2\/users\/33"}],"replies":[{"embeddable":true,"href":"https:\/\/novice.si\/page\/wp-json\/wp\/v2\/comments?post=160498"}],"version-history":[{"count":1,"href":"https:\/\/novice.si\/page\/wp-json\/wp\/v2\/posts\/160498\/revisions"}],"predecessor-version":[{"id":160500,"href":"https:\/\/novice.si\/page\/wp-json\/wp\/v2\/posts\/160498\/revisions\/160500"}],"wp:featuredmedia":[{"embeddable":true,"href":"https:\/\/novice.si\/page\/wp-json\/wp\/v2\/media\/158599"}],"wp:attachment":[{"href":"https:\/\/novice.si\/page\/wp-json\/wp\/v2\/media?parent=160498"}],"wp:term":[{"taxonomy":"category","embeddable":true,"href":"https:\/\/novice.si\/page\/wp-json\/wp\/v2\/categories?post=160498"},{"taxonomy":"post_tag","embeddable":true,"href":"https:\/\/novice.si\/page\/wp-json\/wp\/v2\/tags?post=160498"}],"curies":[{"name":"wp","href":"https:\/\/api.w.org\/{rel}","templated":true}]}}