{"id":160487,"date":"2023-03-01T17:23:07","date_gmt":"2023-03-01T16:23:07","guid":{"rendered":"https:\/\/novice.si\/page\/?p=160487"},"modified":"2023-03-01T17:23:07","modified_gmt":"2023-03-01T16:23:07","slug":"vojnik-direktor-mik-javno-poziva-ministra-in-vlado-k-omejitvi-emisij","status":"publish","type":"post","link":"https:\/\/novice.si\/page\/vojnik-direktor-mik-javno-poziva-ministra-in-vlado-k-omejitvi-emisij\/","title":{"rendered":"VOJNIK Direktor MIK javno poziva ministra in vlado k omejitvi emisij"},"content":{"rendered":"<p>Generalni direktor dru\u017ebe MIK <strong>Franci Pliber\u0161ek<\/strong> je na ministra za okolje, podnebje in energijo <strong>Bojana Kumra <\/strong>(oba na fotografiji), kakor tudi celotno vlado, naslovil odprto pismo. V njem predvsem poziv<a href=\"https:\/\/novice.si\/page\/wp-content\/uploads\/2023\/03\/Generalni-direktor-MIK-Celje-Franci-Plibersek-ter-minister-za-okolje-podnebje-in-energijo-mag.-Bojan-Kumer.jpg\" data-gallery><img loading=\"lazy\" decoding=\"async\" class=\"size-medium wp-image-160488 alignleft\" src=\"https:\/\/novice.si\/page\/wp-content\/uploads\/2023\/03\/Generalni-direktor-MIK-Celje-Franci-Plibersek-ter-minister-za-okolje-podnebje-in-energijo-mag.-Bojan-Kumer-225x300.jpg\" alt=\"\" width=\"225\" height=\"300\" srcset=\"https:\/\/novice.si\/page\/wp-content\/uploads\/2023\/03\/Generalni-direktor-MIK-Celje-Franci-Plibersek-ter-minister-za-okolje-podnebje-in-energijo-mag.-Bojan-Kumer-225x300.jpg 225w, https:\/\/novice.si\/page\/wp-content\/uploads\/2023\/03\/Generalni-direktor-MIK-Celje-Franci-Plibersek-ter-minister-za-okolje-podnebje-in-energijo-mag.-Bojan-Kumer-768x1024.jpg 768w, https:\/\/novice.si\/page\/wp-content\/uploads\/2023\/03\/Generalni-direktor-MIK-Celje-Franci-Plibersek-ter-minister-za-okolje-podnebje-in-energijo-mag.-Bojan-Kumer-1152x1536.jpg 1152w, https:\/\/novice.si\/page\/wp-content\/uploads\/2023\/03\/Generalni-direktor-MIK-Celje-Franci-Plibersek-ter-minister-za-okolje-podnebje-in-energijo-mag.-Bojan-Kumer-696x928.jpg 696w, https:\/\/novice.si\/page\/wp-content\/uploads\/2023\/03\/Generalni-direktor-MIK-Celje-Franci-Plibersek-ter-minister-za-okolje-podnebje-in-energijo-mag.-Bojan-Kumer-1068x1424.jpg 1068w, https:\/\/novice.si\/page\/wp-content\/uploads\/2023\/03\/Generalni-direktor-MIK-Celje-Franci-Plibersek-ter-minister-za-okolje-podnebje-in-energijo-mag.-Bojan-Kumer-315x420.jpg 315w, https:\/\/novice.si\/page\/wp-content\/uploads\/2023\/03\/Generalni-direktor-MIK-Celje-Franci-Plibersek-ter-minister-za-okolje-podnebje-in-energijo-mag.-Bojan-Kumer-18x24.jpg 18w, https:\/\/novice.si\/page\/wp-content\/uploads\/2023\/03\/Generalni-direktor-MIK-Celje-Franci-Plibersek-ter-minister-za-okolje-podnebje-in-energijo-mag.-Bojan-Kumer-27x36.jpg 27w, https:\/\/novice.si\/page\/wp-content\/uploads\/2023\/03\/Generalni-direktor-MIK-Celje-Franci-Plibersek-ter-minister-za-okolje-podnebje-in-energijo-mag.-Bojan-Kumer-36x48.jpg 36w, https:\/\/novice.si\/page\/wp-content\/uploads\/2023\/03\/Generalni-direktor-MIK-Celje-Franci-Plibersek-ter-minister-za-okolje-podnebje-in-energijo-mag.-Bojan-Kumer.jpg 1200w\" sizes=\"auto, (max-width: 225px) 100vw, 225px\" \/><\/a>a k takoj\u0161nji zaostritvi zakonodaje glede \u0161kodljivih emisij ogljikovega dioksida zlasti pri avtomobilih, kar naj bi zmanj\u0161ali s poostrenimi normativi na tehni\u010dnih pregledih.<\/p>\n<p>Pliber\u0161ek predlaga dodatno obdav\u010ditev starej\u0161ih vozil oziroma bi jim ne izdal tehni\u010dnega dovoljenja. Kaj naj storijo tisti, ki si novega in ekolo\u0161ko sodobnega avtomobila ne morejo privo\u0161\u010diti, direktor ne navaja.<\/p>\n<p>Postregel pa je s statisti\u010dnimi podatki, da je slab zrak v Evropi kriv za vsako tretjo bolezen dihal, za 29 odstotkov plju\u010dnega raka pri nekadilcih, \u010detrtino sr\u010dnih kapi in pribli\u017eno toliko mo\u017eganskih kapi, kakor tudi za 43 odstotkov drugih plju\u010dnih bolezni. Predlaga, da bi spremembe preko na\u0161ih evroposlancev izvozili v EU in postali vzor drugim dr\u017eavam.<\/p>\n<p>Minister Kumer naj bi \u017ee izrazil strinjanje s predlogi.<\/p>\n<p>P\u0160<\/p>\n","protected":false},"excerpt":{"rendered":"<p>Generalni direktor dru\u017ebe MIK Franci Pliber\u0161ek je na ministra za okolje, podnebje in energijo Bojana Kumra (oba na fotografiji), kakor tudi celotno vlado, naslovil odprto pismo. V njem predvsem poziva k takoj\u0161nji zaostritvi zakonodaje glede \u0161kodljivih emisij ogljikovega dioksida zlasti pri avtomobilih, kar naj bi zmanj\u0161ali s poostrenimi normativi na tehni\u010dnih pregledih. Pliber\u0161ek predlaga dodatno [&hellip;]<\/p>\n","protected":false},"author":33,"featured_media":152223,"comment_status":"closed","ping_status":"closed","sticky":false,"template":"","format":"standard","meta":{"footnotes":""},"categories":[142],"tags":[13606,13605,17215,3598,17216],"class_list":{"0":"post-160487","1":"post","2":"type-post","3":"status-publish","4":"format-standard","5":"has-post-thumbnail","7":"category-celjan","8":"tag-franci-plibersek","9":"tag-mik","10":"tag-minister-bojan-kumer","11":"tag-ogljikov-monoksid","12":"tag-zrak"},"yoast_head":"<!-- This site is optimized with the Yoast SEO plugin v27.4 - https:\/\/yoast.com\/product\/yoast-seo-wordpress\/ -->\n<title>VOJNIK Direktor MIK javno poziva ministra in vlado k omejitvi emisij - Novice.si<\/title>\n<meta name=\"robots\" content=\"index, follow, max-snippet:-1, max-image-preview:large, max-video-preview:-1\" \/>\n<link rel=\"canonical\" href=\"https:\/\/novice.si\/page\/vojnik-direktor-mik-javno-poziva-ministra-in-vlado-k-omejitvi-emisij\/\" \/>\n<meta property=\"og:locale\" content=\"sl_SI\" \/>\n<meta property=\"og:type\" content=\"article\" \/>\n<meta property=\"og:title\" content=\"VOJNIK Direktor MIK javno poziva ministra in vlado k omejitvi emisij - Novice.si\" \/>\n<meta property=\"og:description\" content=\"Generalni direktor dru\u017ebe MIK Franci Pliber\u0161ek je na ministra za okolje, podnebje in energijo Bojana Kumra (oba na fotografiji), kakor tudi celotno vlado, naslovil odprto pismo. V njem predvsem poziva k takoj\u0161nji zaostritvi zakonodaje glede \u0161kodljivih emisij ogljikovega dioksida zlasti pri avtomobilih, kar naj bi zmanj\u0161ali s poostrenimi normativi na tehni\u010dnih pregledih. Pliber\u0161ek predlaga dodatno [&hellip;]\" \/>\n<meta property=\"og:url\" content=\"https:\/\/novice.si\/page\/vojnik-direktor-mik-javno-poziva-ministra-in-vlado-k-omejitvi-emisij\/\" \/>\n<meta property=\"og:site_name\" content=\"Novice.si\" \/>\n<meta property=\"article:published_time\" content=\"2023-03-01T16:23:07+00:00\" \/>\n<meta property=\"og:image\" content=\"https:\/\/novice.si\/page\/wp-content\/uploads\/2022\/07\/Franci-Plibersek-1-scaled.jpg\" \/>\n\t<meta property=\"og:image:width\" content=\"1440\" \/>\n\t<meta property=\"og:image:height\" content=\"2560\" \/>\n\t<meta property=\"og:image:type\" content=\"image\/jpeg\" \/>\n<meta name=\"author\" content=\"Uredni\u0161tvo Celjana\" \/>\n<meta name=\"twitter:card\" content=\"summary_large_image\" \/>\n<meta name=\"twitter:label1\" content=\"Written by\" \/>\n\t<meta name=\"twitter:data1\" content=\"Uredni\u0161tvo Celjana\" \/>\n\t<meta name=\"twitter:label2\" content=\"Est. reading time\" \/>\n\t<meta name=\"twitter:data2\" content=\"2 minuti\" \/>\n<script type=\"application\/ld+json\" class=\"yoast-schema-graph\">{\"@context\":\"https:\\\/\\\/schema.org\",\"@graph\":[{\"@type\":\"Article\",\"@id\":\"https:\\\/\\\/novice.si\\\/page\\\/vojnik-direktor-mik-javno-poziva-ministra-in-vlado-k-omejitvi-emisij\\\/#article\",\"isPartOf\":{\"@id\":\"https:\\\/\\\/novice.si\\\/page\\\/vojnik-direktor-mik-javno-poziva-ministra-in-vlado-k-omejitvi-emisij\\\/\"},\"author\":{\"name\":\"Uredni\u0161tvo Celjana\",\"@id\":\"https:\\\/\\\/novice.si\\\/page\\\/#\\\/schema\\\/person\\\/57f25c9642a9541c7349c65d32032c3e\"},\"headline\":\"VOJNIK Direktor MIK javno poziva ministra in vlado k omejitvi emisij\",\"datePublished\":\"2023-03-01T16:23:07+00:00\",\"mainEntityOfPage\":{\"@id\":\"https:\\\/\\\/novice.si\\\/page\\\/vojnik-direktor-mik-javno-poziva-ministra-in-vlado-k-omejitvi-emisij\\\/\"},\"wordCount\":177,\"publisher\":{\"@id\":\"https:\\\/\\\/novice.si\\\/page\\\/#organization\"},\"image\":{\"@id\":\"https:\\\/\\\/novice.si\\\/page\\\/vojnik-direktor-mik-javno-poziva-ministra-in-vlado-k-omejitvi-emisij\\\/#primaryimage\"},\"thumbnailUrl\":\"https:\\\/\\\/novice.si\\\/page\\\/wp-content\\\/uploads\\\/2022\\\/07\\\/Franci-Plibersek-1-scaled.jpg\",\"keywords\":[\"Franci Pliber\u0161ek\",\"MIK\",\"minister Bojan Kumer\",\"ogljikov monoksid\",\"zrak\"],\"articleSection\":[\"Celjan\"],\"inLanguage\":\"sl-SI\"},{\"@type\":\"WebPage\",\"@id\":\"https:\\\/\\\/novice.si\\\/page\\\/vojnik-direktor-mik-javno-poziva-ministra-in-vlado-k-omejitvi-emisij\\\/\",\"url\":\"https:\\\/\\\/novice.si\\\/page\\\/vojnik-direktor-mik-javno-poziva-ministra-in-vlado-k-omejitvi-emisij\\\/\",\"name\":\"VOJNIK Direktor MIK javno poziva ministra in vlado k omejitvi emisij - Novice.si\",\"isPartOf\":{\"@id\":\"https:\\\/\\\/novice.si\\\/page\\\/#website\"},\"primaryImageOfPage\":{\"@id\":\"https:\\\/\\\/novice.si\\\/page\\\/vojnik-direktor-mik-javno-poziva-ministra-in-vlado-k-omejitvi-emisij\\\/#primaryimage\"},\"image\":{\"@id\":\"https:\\\/\\\/novice.si\\\/page\\\/vojnik-direktor-mik-javno-poziva-ministra-in-vlado-k-omejitvi-emisij\\\/#primaryimage\"},\"thumbnailUrl\":\"https:\\\/\\\/novice.si\\\/page\\\/wp-content\\\/uploads\\\/2022\\\/07\\\/Franci-Plibersek-1-scaled.jpg\",\"datePublished\":\"2023-03-01T16:23:07+00:00\",\"breadcrumb\":{\"@id\":\"https:\\\/\\\/novice.si\\\/page\\\/vojnik-direktor-mik-javno-poziva-ministra-in-vlado-k-omejitvi-emisij\\\/#breadcrumb\"},\"inLanguage\":\"sl-SI\",\"potentialAction\":[{\"@type\":\"ReadAction\",\"target\":[\"https:\\\/\\\/novice.si\\\/page\\\/vojnik-direktor-mik-javno-poziva-ministra-in-vlado-k-omejitvi-emisij\\\/\"]}]},{\"@type\":\"ImageObject\",\"inLanguage\":\"sl-SI\",\"@id\":\"https:\\\/\\\/novice.si\\\/page\\\/vojnik-direktor-mik-javno-poziva-ministra-in-vlado-k-omejitvi-emisij\\\/#primaryimage\",\"url\":\"https:\\\/\\\/novice.si\\\/page\\\/wp-content\\\/uploads\\\/2022\\\/07\\\/Franci-Plibersek-1-scaled.jpg\",\"contentUrl\":\"https:\\\/\\\/novice.si\\\/page\\\/wp-content\\\/uploads\\\/2022\\\/07\\\/Franci-Plibersek-1-scaled.jpg\",\"width\":1440,\"height\":2560},{\"@type\":\"BreadcrumbList\",\"@id\":\"https:\\\/\\\/novice.si\\\/page\\\/vojnik-direktor-mik-javno-poziva-ministra-in-vlado-k-omejitvi-emisij\\\/#breadcrumb\",\"itemListElement\":[{\"@type\":\"ListItem\",\"position\":1,\"name\":\"Home\",\"item\":\"https:\\\/\\\/novice.si\\\/page\\\/\"},{\"@type\":\"ListItem\",\"position\":2,\"name\":\"VOJNIK Direktor MIK javno poziva ministra in vlado k omejitvi emisij\"}]},{\"@type\":\"WebSite\",\"@id\":\"https:\\\/\\\/novice.si\\\/page\\\/#website\",\"url\":\"https:\\\/\\\/novice.si\\\/page\\\/\",\"name\":\"Novice.si\",\"description\":\"\",\"publisher\":{\"@id\":\"https:\\\/\\\/novice.si\\\/page\\\/#organization\"},\"potentialAction\":[{\"@type\":\"SearchAction\",\"target\":{\"@type\":\"EntryPoint\",\"urlTemplate\":\"https:\\\/\\\/novice.si\\\/page\\\/?s={search_term_string}\"},\"query-input\":{\"@type\":\"PropertyValueSpecification\",\"valueRequired\":true,\"valueName\":\"search_term_string\"}}],\"inLanguage\":\"sl-SI\"},{\"@type\":\"Organization\",\"@id\":\"https:\\\/\\\/novice.si\\\/page\\\/#organization\",\"name\":\"Novice.si\",\"url\":\"https:\\\/\\\/novice.si\\\/page\\\/\",\"logo\":{\"@type\":\"ImageObject\",\"inLanguage\":\"sl-SI\",\"@id\":\"https:\\\/\\\/novice.si\\\/page\\\/#\\\/schema\\\/logo\\\/image\\\/\",\"url\":\"https:\\\/\\\/novice.si\\\/page\\\/wp-content\\\/uploads\\\/2023\\\/03\\\/novice_si.png\",\"contentUrl\":\"https:\\\/\\\/novice.si\\\/page\\\/wp-content\\\/uploads\\\/2023\\\/03\\\/novice_si.png\",\"width\":576,\"height\":200,\"caption\":\"Novice.si\"},\"image\":{\"@id\":\"https:\\\/\\\/novice.si\\\/page\\\/#\\\/schema\\\/logo\\\/image\\\/\"}},{\"@type\":\"Person\",\"@id\":\"https:\\\/\\\/novice.si\\\/page\\\/#\\\/schema\\\/person\\\/57f25c9642a9541c7349c65d32032c3e\",\"name\":\"Uredni\u0161tvo Celjana\",\"image\":{\"@type\":\"ImageObject\",\"inLanguage\":\"sl-SI\",\"@id\":\"https:\\\/\\\/secure.gravatar.com\\\/avatar\\\/78e52bc4279b65f6df6345e0ef0f7b792d361361f230cf4ffecfe0afe6d5629c?s=96&d=mm&r=g\",\"url\":\"https:\\\/\\\/secure.gravatar.com\\\/avatar\\\/78e52bc4279b65f6df6345e0ef0f7b792d361361f230cf4ffecfe0afe6d5629c?s=96&d=mm&r=g\",\"contentUrl\":\"https:\\\/\\\/secure.gravatar.com\\\/avatar\\\/78e52bc4279b65f6df6345e0ef0f7b792d361361f230cf4ffecfe0afe6d5629c?s=96&d=mm&r=g\",\"caption\":\"Uredni\u0161tvo Celjana\"},\"url\":\"https:\\\/\\\/novice.si\\\/page\\\/author\\\/primoz\\\/\"}]}<\/script>\n<!-- \/ Yoast SEO plugin. -->","yoast_head_json":{"title":"VOJNIK Direktor MIK javno poziva ministra in vlado k omejitvi emisij - Novice.si","robots":{"index":"index","follow":"follow","max-snippet":"max-snippet:-1","max-image-preview":"max-image-preview:large","max-video-preview":"max-video-preview:-1"},"canonical":"https:\/\/novice.si\/page\/vojnik-direktor-mik-javno-poziva-ministra-in-vlado-k-omejitvi-emisij\/","og_locale":"sl_SI","og_type":"article","og_title":"VOJNIK Direktor MIK javno poziva ministra in vlado k omejitvi emisij - Novice.si","og_description":"Generalni direktor dru\u017ebe MIK Franci Pliber\u0161ek je na ministra za okolje, podnebje in energijo Bojana Kumra (oba na fotografiji), kakor tudi celotno vlado, naslovil odprto pismo. V njem predvsem poziva k takoj\u0161nji zaostritvi zakonodaje glede \u0161kodljivih emisij ogljikovega dioksida zlasti pri avtomobilih, kar naj bi zmanj\u0161ali s poostrenimi normativi na tehni\u010dnih pregledih. Pliber\u0161ek predlaga dodatno [&hellip;]","og_url":"https:\/\/novice.si\/page\/vojnik-direktor-mik-javno-poziva-ministra-in-vlado-k-omejitvi-emisij\/","og_site_name":"Novice.si","article_published_time":"2023-03-01T16:23:07+00:00","og_image":[{"width":1440,"height":2560,"url":"https:\/\/novice.si\/page\/wp-content\/uploads\/2022\/07\/Franci-Plibersek-1-scaled.jpg","type":"image\/jpeg"}],"author":"Uredni\u0161tvo Celjana","twitter_card":"summary_large_image","twitter_misc":{"Written by":"Uredni\u0161tvo Celjana","Est. reading time":"2 minuti"},"schema":{"@context":"https:\/\/schema.org","@graph":[{"@type":"Article","@id":"https:\/\/novice.si\/page\/vojnik-direktor-mik-javno-poziva-ministra-in-vlado-k-omejitvi-emisij\/#article","isPartOf":{"@id":"https:\/\/novice.si\/page\/vojnik-direktor-mik-javno-poziva-ministra-in-vlado-k-omejitvi-emisij\/"},"author":{"name":"Uredni\u0161tvo Celjana","@id":"https:\/\/novice.si\/page\/#\/schema\/person\/57f25c9642a9541c7349c65d32032c3e"},"headline":"VOJNIK Direktor MIK javno poziva ministra in vlado k omejitvi emisij","datePublished":"2023-03-01T16:23:07+00:00","mainEntityOfPage":{"@id":"https:\/\/novice.si\/page\/vojnik-direktor-mik-javno-poziva-ministra-in-vlado-k-omejitvi-emisij\/"},"wordCount":177,"publisher":{"@id":"https:\/\/novice.si\/page\/#organization"},"image":{"@id":"https:\/\/novice.si\/page\/vojnik-direktor-mik-javno-poziva-ministra-in-vlado-k-omejitvi-emisij\/#primaryimage"},"thumbnailUrl":"https:\/\/novice.si\/page\/wp-content\/uploads\/2022\/07\/Franci-Plibersek-1-scaled.jpg","keywords":["Franci Pliber\u0161ek","MIK","minister Bojan Kumer","ogljikov monoksid","zrak"],"articleSection":["Celjan"],"inLanguage":"sl-SI"},{"@type":"WebPage","@id":"https:\/\/novice.si\/page\/vojnik-direktor-mik-javno-poziva-ministra-in-vlado-k-omejitvi-emisij\/","url":"https:\/\/novice.si\/page\/vojnik-direktor-mik-javno-poziva-ministra-in-vlado-k-omejitvi-emisij\/","name":"VOJNIK Direktor MIK javno poziva ministra in vlado k omejitvi emisij - Novice.si","isPartOf":{"@id":"https:\/\/novice.si\/page\/#website"},"primaryImageOfPage":{"@id":"https:\/\/novice.si\/page\/vojnik-direktor-mik-javno-poziva-ministra-in-vlado-k-omejitvi-emisij\/#primaryimage"},"image":{"@id":"https:\/\/novice.si\/page\/vojnik-direktor-mik-javno-poziva-ministra-in-vlado-k-omejitvi-emisij\/#primaryimage"},"thumbnailUrl":"https:\/\/novice.si\/page\/wp-content\/uploads\/2022\/07\/Franci-Plibersek-1-scaled.jpg","datePublished":"2023-03-01T16:23:07+00:00","breadcrumb":{"@id":"https:\/\/novice.si\/page\/vojnik-direktor-mik-javno-poziva-ministra-in-vlado-k-omejitvi-emisij\/#breadcrumb"},"inLanguage":"sl-SI","potentialAction":[{"@type":"ReadAction","target":["https:\/\/novice.si\/page\/vojnik-direktor-mik-javno-poziva-ministra-in-vlado-k-omejitvi-emisij\/"]}]},{"@type":"ImageObject","inLanguage":"sl-SI","@id":"https:\/\/novice.si\/page\/vojnik-direktor-mik-javno-poziva-ministra-in-vlado-k-omejitvi-emisij\/#primaryimage","url":"https:\/\/novice.si\/page\/wp-content\/uploads\/2022\/07\/Franci-Plibersek-1-scaled.jpg","contentUrl":"https:\/\/novice.si\/page\/wp-content\/uploads\/2022\/07\/Franci-Plibersek-1-scaled.jpg","width":1440,"height":2560},{"@type":"BreadcrumbList","@id":"https:\/\/novice.si\/page\/vojnik-direktor-mik-javno-poziva-ministra-in-vlado-k-omejitvi-emisij\/#breadcrumb","itemListElement":[{"@type":"ListItem","position":1,"name":"Home","item":"https:\/\/novice.si\/page\/"},{"@type":"ListItem","position":2,"name":"VOJNIK Direktor MIK javno poziva ministra in vlado k omejitvi emisij"}]},{"@type":"WebSite","@id":"https:\/\/novice.si\/page\/#website","url":"https:\/\/novice.si\/page\/","name":"Novice.si","description":"","publisher":{"@id":"https:\/\/novice.si\/page\/#organization"},"potentialAction":[{"@type":"SearchAction","target":{"@type":"EntryPoint","urlTemplate":"https:\/\/novice.si\/page\/?s={search_term_string}"},"query-input":{"@type":"PropertyValueSpecification","valueRequired":true,"valueName":"search_term_string"}}],"inLanguage":"sl-SI"},{"@type":"Organization","@id":"https:\/\/novice.si\/page\/#organization","name":"Novice.si","url":"https:\/\/novice.si\/page\/","logo":{"@type":"ImageObject","inLanguage":"sl-SI","@id":"https:\/\/novice.si\/page\/#\/schema\/logo\/image\/","url":"https:\/\/novice.si\/page\/wp-content\/uploads\/2023\/03\/novice_si.png","contentUrl":"https:\/\/novice.si\/page\/wp-content\/uploads\/2023\/03\/novice_si.png","width":576,"height":200,"caption":"Novice.si"},"image":{"@id":"https:\/\/novice.si\/page\/#\/schema\/logo\/image\/"}},{"@type":"Person","@id":"https:\/\/novice.si\/page\/#\/schema\/person\/57f25c9642a9541c7349c65d32032c3e","name":"Uredni\u0161tvo Celjana","image":{"@type":"ImageObject","inLanguage":"sl-SI","@id":"https:\/\/secure.gravatar.com\/avatar\/78e52bc4279b65f6df6345e0ef0f7b792d361361f230cf4ffecfe0afe6d5629c?s=96&d=mm&r=g","url":"https:\/\/secure.gravatar.com\/avatar\/78e52bc4279b65f6df6345e0ef0f7b792d361361f230cf4ffecfe0afe6d5629c?s=96&d=mm&r=g","contentUrl":"https:\/\/secure.gravatar.com\/avatar\/78e52bc4279b65f6df6345e0ef0f7b792d361361f230cf4ffecfe0afe6d5629c?s=96&d=mm&r=g","caption":"Uredni\u0161tvo Celjana"},"url":"https:\/\/novice.si\/page\/author\/primoz\/"}]}},"_links":{"self":[{"href":"https:\/\/novice.si\/page\/wp-json\/wp\/v2\/posts\/160487","targetHints":{"allow":["GET"]}}],"collection":[{"href":"https:\/\/novice.si\/page\/wp-json\/wp\/v2\/posts"}],"about":[{"href":"https:\/\/novice.si\/page\/wp-json\/wp\/v2\/types\/post"}],"author":[{"embeddable":true,"href":"https:\/\/novice.si\/page\/wp-json\/wp\/v2\/users\/33"}],"replies":[{"embeddable":true,"href":"https:\/\/novice.si\/page\/wp-json\/wp\/v2\/comments?post=160487"}],"version-history":[{"count":1,"href":"https:\/\/novice.si\/page\/wp-json\/wp\/v2\/posts\/160487\/revisions"}],"predecessor-version":[{"id":160489,"href":"https:\/\/novice.si\/page\/wp-json\/wp\/v2\/posts\/160487\/revisions\/160489"}],"wp:featuredmedia":[{"embeddable":true,"href":"https:\/\/novice.si\/page\/wp-json\/wp\/v2\/media\/152223"}],"wp:attachment":[{"href":"https:\/\/novice.si\/page\/wp-json\/wp\/v2\/media?parent=160487"}],"wp:term":[{"taxonomy":"category","embeddable":true,"href":"https:\/\/novice.si\/page\/wp-json\/wp\/v2\/categories?post=160487"},{"taxonomy":"post_tag","embeddable":true,"href":"https:\/\/novice.si\/page\/wp-json\/wp\/v2\/tags?post=160487"}],"curies":[{"name":"wp","href":"https:\/\/api.w.org\/{rel}","templated":true}]}}