{"id":160482,"date":"2023-03-03T08:25:23","date_gmt":"2023-03-03T07:25:23","guid":{"rendered":"https:\/\/novice.si\/page\/?p=160482"},"modified":"2023-03-01T15:14:09","modified_gmt":"2023-03-01T14:14:09","slug":"vec-priznanj-civilne-zascite-tudi-na-bistrisko","status":"publish","type":"post","link":"https:\/\/novice.si\/page\/vec-priznanj-civilne-zascite-tudi-na-bistrisko\/","title":{"rendered":"Ve\u010d priznanj Civilne za\u0161\u010dite tudi na Bistri\u0161ko"},"content":{"rendered":"<p>Popoldne bo v Zgornji Kungoti sve\u010danost in slovesna podelitev nagrad in priznanj Civilne za\u0161\u010dite. Kot je sporo\u010dila poveljnica CZ za Vzhodno \u0160tajersko Ivana Grilanc, so med dobitniki tudi posamezniki ali institucije z Bistri\u0161kega.<br \/>\nTako prejme bronasto priznanje <strong>Miran Furek,<\/strong> poveljnik PGD Spodnja Polskava.<br \/>\nSrebrno priznanje prejme <strong>Robert Grum<\/strong> iz Slovenske Bistrice, na predlog Policijske uprave Maribor. (Njemu je bilo priznanje \u017ee vro\u010deno minulo sredo na osrednji slovesnosti ob 1. marcu \u2013 dnevu Civilne za\u0161\u010dite v Kongresnem centru na Brdu pri Kranju.)<br \/>\nZlati znak pa bodo danes podelili tudi <strong>670. logisti\u010dnemu polku<\/strong>, ki deluje v voja\u0161nici v Slovenski Bistrici.<br \/>\nOb dopolnjeni okrogli obletnici, 100-letnici delovanja, prejme srebrno priznanje <strong>Prostovoljno gasilsko dru\u0161tvo \u0160martno na Pohorju. <\/strong>(B. Petelin\u0161ek)<\/p>\n<p><a href=\"https:\/\/novice.si\/page\/wp-content\/uploads\/2023\/03\/Priznanje-CZ_slika-za-objavo_resize.jpg\" data-gallery><img loading=\"lazy\" decoding=\"async\" class=\"alignnone size-medium wp-image-160483\" src=\"https:\/\/novice.si\/page\/wp-content\/uploads\/2023\/03\/Priznanje-CZ_slika-za-objavo_resize-300x225.jpg\" alt=\"\" width=\"300\" height=\"225\" srcset=\"https:\/\/novice.si\/page\/wp-content\/uploads\/2023\/03\/Priznanje-CZ_slika-za-objavo_resize-300x225.jpg 300w, https:\/\/novice.si\/page\/wp-content\/uploads\/2023\/03\/Priznanje-CZ_slika-za-objavo_resize-768x577.jpg 768w, https:\/\/novice.si\/page\/wp-content\/uploads\/2023\/03\/Priznanje-CZ_slika-za-objavo_resize-80x60.jpg 80w, https:\/\/novice.si\/page\/wp-content\/uploads\/2023\/03\/Priznanje-CZ_slika-za-objavo_resize-265x198.jpg 265w, https:\/\/novice.si\/page\/wp-content\/uploads\/2023\/03\/Priznanje-CZ_slika-za-objavo_resize-696x523.jpg 696w, https:\/\/novice.si\/page\/wp-content\/uploads\/2023\/03\/Priznanje-CZ_slika-za-objavo_resize-559x420.jpg 559w, https:\/\/novice.si\/page\/wp-content\/uploads\/2023\/03\/Priznanje-CZ_slika-za-objavo_resize-24x18.jpg 24w, https:\/\/novice.si\/page\/wp-content\/uploads\/2023\/03\/Priznanje-CZ_slika-za-objavo_resize-36x27.jpg 36w, https:\/\/novice.si\/page\/wp-content\/uploads\/2023\/03\/Priznanje-CZ_slika-za-objavo_resize-48x36.jpg 48w, https:\/\/novice.si\/page\/wp-content\/uploads\/2023\/03\/Priznanje-CZ_slika-za-objavo_resize.jpg 932w\" sizes=\"auto, (max-width: 300px) 100vw, 300px\" \/><\/a><\/p>\n","protected":false},"excerpt":{"rendered":"<p>Popoldne bo v Zgornji Kungoti sve\u010danost in slovesna podelitev nagrad in priznanj Civilne za\u0161\u010dite. Kot je sporo\u010dila poveljnica CZ za Vzhodno \u0160tajersko Ivana Grilanc, so med dobitniki tudi posamezniki ali institucije z Bistri\u0161kega. Tako prejme bronasto priznanje Miran Furek, poveljnik PGD Spodnja Polskava. Srebrno priznanje prejme Robert Grum iz Slovenske Bistrice, na predlog Policijske uprave [&hellip;]<\/p>\n","protected":false},"author":8,"featured_media":160483,"comment_status":"closed","ping_status":"closed","sticky":false,"template":"","format":"standard","meta":{"footnotes":""},"categories":[14,32],"tags":[8342,17214,17213,1655,2638],"class_list":{"0":"post-160482","1":"post","2":"type-post","3":"status-publish","4":"format-standard","5":"has-post-thumbnail","7":"category-aktualno","8":"category-bistrisko","9":"tag-civilna-zascita","10":"tag-furek","11":"tag-grum","12":"tag-priznanje","13":"tag-smartno"},"yoast_head":"<!-- This site is optimized with the Yoast SEO plugin v27.4 - https:\/\/yoast.com\/product\/yoast-seo-wordpress\/ -->\n<title>Ve\u010d priznanj Civilne za\u0161\u010dite tudi na Bistri\u0161ko - Novice.si<\/title>\n<meta name=\"robots\" content=\"index, follow, max-snippet:-1, max-image-preview:large, max-video-preview:-1\" \/>\n<link rel=\"canonical\" href=\"https:\/\/novice.si\/page\/vec-priznanj-civilne-zascite-tudi-na-bistrisko\/\" \/>\n<meta property=\"og:locale\" content=\"sl_SI\" \/>\n<meta property=\"og:type\" content=\"article\" \/>\n<meta property=\"og:title\" content=\"Ve\u010d priznanj Civilne za\u0161\u010dite tudi na Bistri\u0161ko - Novice.si\" \/>\n<meta property=\"og:description\" content=\"Popoldne bo v Zgornji Kungoti sve\u010danost in slovesna podelitev nagrad in priznanj Civilne za\u0161\u010dite. Kot je sporo\u010dila poveljnica CZ za Vzhodno \u0160tajersko Ivana Grilanc, so med dobitniki tudi posamezniki ali institucije z Bistri\u0161kega. Tako prejme bronasto priznanje Miran Furek, poveljnik PGD Spodnja Polskava. Srebrno priznanje prejme Robert Grum iz Slovenske Bistrice, na predlog Policijske uprave [&hellip;]\" \/>\n<meta property=\"og:url\" content=\"https:\/\/novice.si\/page\/vec-priznanj-civilne-zascite-tudi-na-bistrisko\/\" \/>\n<meta property=\"og:site_name\" content=\"Novice.si\" \/>\n<meta property=\"article:published_time\" content=\"2023-03-03T07:25:23+00:00\" \/>\n<meta property=\"og:image\" content=\"https:\/\/novice.si\/page\/wp-content\/uploads\/2023\/03\/Priznanje-CZ_slika-za-objavo_resize.jpg\" \/>\n\t<meta property=\"og:image:width\" content=\"932\" \/>\n\t<meta property=\"og:image:height\" content=\"700\" \/>\n\t<meta property=\"og:image:type\" content=\"image\/jpeg\" \/>\n<meta name=\"author\" content=\"Uredni\u0161tvo Bistri\u0161kih novic\" \/>\n<meta name=\"twitter:card\" content=\"summary_large_image\" \/>\n<meta name=\"twitter:label1\" content=\"Written by\" \/>\n\t<meta name=\"twitter:data1\" content=\"Uredni\u0161tvo Bistri\u0161kih novic\" \/>\n\t<meta name=\"twitter:label2\" content=\"Est. reading time\" \/>\n\t<meta name=\"twitter:data2\" content=\"1 minuta\" \/>\n<script type=\"application\/ld+json\" class=\"yoast-schema-graph\">{\"@context\":\"https:\\\/\\\/schema.org\",\"@graph\":[{\"@type\":\"Article\",\"@id\":\"https:\\\/\\\/novice.si\\\/page\\\/vec-priznanj-civilne-zascite-tudi-na-bistrisko\\\/#article\",\"isPartOf\":{\"@id\":\"https:\\\/\\\/novice.si\\\/page\\\/vec-priznanj-civilne-zascite-tudi-na-bistrisko\\\/\"},\"author\":{\"name\":\"Uredni\u0161tvo Bistri\u0161kih novic\",\"@id\":\"https:\\\/\\\/novice.si\\\/page\\\/#\\\/schema\\\/person\\\/96b32396deedcde3f7f776c306b4be21\"},\"headline\":\"Ve\u010d priznanj Civilne za\u0161\u010dite tudi na Bistri\u0161ko\",\"datePublished\":\"2023-03-03T07:25:23+00:00\",\"mainEntityOfPage\":{\"@id\":\"https:\\\/\\\/novice.si\\\/page\\\/vec-priznanj-civilne-zascite-tudi-na-bistrisko\\\/\"},\"wordCount\":131,\"publisher\":{\"@id\":\"https:\\\/\\\/novice.si\\\/page\\\/#organization\"},\"image\":{\"@id\":\"https:\\\/\\\/novice.si\\\/page\\\/vec-priznanj-civilne-zascite-tudi-na-bistrisko\\\/#primaryimage\"},\"thumbnailUrl\":\"https:\\\/\\\/novice.si\\\/page\\\/wp-content\\\/uploads\\\/2023\\\/03\\\/Priznanje-CZ_slika-za-objavo_resize.jpg\",\"keywords\":[\"civilna za\u0161\u010dita\",\"Furek\",\"Grum\",\"priznanje\",\"smartno\"],\"articleSection\":[\"Aktualno\",\"Bistri\u0161ko\"],\"inLanguage\":\"sl-SI\"},{\"@type\":\"WebPage\",\"@id\":\"https:\\\/\\\/novice.si\\\/page\\\/vec-priznanj-civilne-zascite-tudi-na-bistrisko\\\/\",\"url\":\"https:\\\/\\\/novice.si\\\/page\\\/vec-priznanj-civilne-zascite-tudi-na-bistrisko\\\/\",\"name\":\"Ve\u010d priznanj Civilne za\u0161\u010dite tudi na Bistri\u0161ko - Novice.si\",\"isPartOf\":{\"@id\":\"https:\\\/\\\/novice.si\\\/page\\\/#website\"},\"primaryImageOfPage\":{\"@id\":\"https:\\\/\\\/novice.si\\\/page\\\/vec-priznanj-civilne-zascite-tudi-na-bistrisko\\\/#primaryimage\"},\"image\":{\"@id\":\"https:\\\/\\\/novice.si\\\/page\\\/vec-priznanj-civilne-zascite-tudi-na-bistrisko\\\/#primaryimage\"},\"thumbnailUrl\":\"https:\\\/\\\/novice.si\\\/page\\\/wp-content\\\/uploads\\\/2023\\\/03\\\/Priznanje-CZ_slika-za-objavo_resize.jpg\",\"datePublished\":\"2023-03-03T07:25:23+00:00\",\"breadcrumb\":{\"@id\":\"https:\\\/\\\/novice.si\\\/page\\\/vec-priznanj-civilne-zascite-tudi-na-bistrisko\\\/#breadcrumb\"},\"inLanguage\":\"sl-SI\",\"potentialAction\":[{\"@type\":\"ReadAction\",\"target\":[\"https:\\\/\\\/novice.si\\\/page\\\/vec-priznanj-civilne-zascite-tudi-na-bistrisko\\\/\"]}]},{\"@type\":\"ImageObject\",\"inLanguage\":\"sl-SI\",\"@id\":\"https:\\\/\\\/novice.si\\\/page\\\/vec-priznanj-civilne-zascite-tudi-na-bistrisko\\\/#primaryimage\",\"url\":\"https:\\\/\\\/novice.si\\\/page\\\/wp-content\\\/uploads\\\/2023\\\/03\\\/Priznanje-CZ_slika-za-objavo_resize.jpg\",\"contentUrl\":\"https:\\\/\\\/novice.si\\\/page\\\/wp-content\\\/uploads\\\/2023\\\/03\\\/Priznanje-CZ_slika-za-objavo_resize.jpg\",\"width\":932,\"height\":700},{\"@type\":\"BreadcrumbList\",\"@id\":\"https:\\\/\\\/novice.si\\\/page\\\/vec-priznanj-civilne-zascite-tudi-na-bistrisko\\\/#breadcrumb\",\"itemListElement\":[{\"@type\":\"ListItem\",\"position\":1,\"name\":\"Home\",\"item\":\"https:\\\/\\\/novice.si\\\/page\\\/\"},{\"@type\":\"ListItem\",\"position\":2,\"name\":\"Ve\u010d priznanj Civilne za\u0161\u010dite tudi na Bistri\u0161ko\"}]},{\"@type\":\"WebSite\",\"@id\":\"https:\\\/\\\/novice.si\\\/page\\\/#website\",\"url\":\"https:\\\/\\\/novice.si\\\/page\\\/\",\"name\":\"Novice.si\",\"description\":\"\",\"publisher\":{\"@id\":\"https:\\\/\\\/novice.si\\\/page\\\/#organization\"},\"potentialAction\":[{\"@type\":\"SearchAction\",\"target\":{\"@type\":\"EntryPoint\",\"urlTemplate\":\"https:\\\/\\\/novice.si\\\/page\\\/?s={search_term_string}\"},\"query-input\":{\"@type\":\"PropertyValueSpecification\",\"valueRequired\":true,\"valueName\":\"search_term_string\"}}],\"inLanguage\":\"sl-SI\"},{\"@type\":\"Organization\",\"@id\":\"https:\\\/\\\/novice.si\\\/page\\\/#organization\",\"name\":\"Novice.si\",\"url\":\"https:\\\/\\\/novice.si\\\/page\\\/\",\"logo\":{\"@type\":\"ImageObject\",\"inLanguage\":\"sl-SI\",\"@id\":\"https:\\\/\\\/novice.si\\\/page\\\/#\\\/schema\\\/logo\\\/image\\\/\",\"url\":\"https:\\\/\\\/novice.si\\\/page\\\/wp-content\\\/uploads\\\/2023\\\/03\\\/novice_si.png\",\"contentUrl\":\"https:\\\/\\\/novice.si\\\/page\\\/wp-content\\\/uploads\\\/2023\\\/03\\\/novice_si.png\",\"width\":576,\"height\":200,\"caption\":\"Novice.si\"},\"image\":{\"@id\":\"https:\\\/\\\/novice.si\\\/page\\\/#\\\/schema\\\/logo\\\/image\\\/\"}},{\"@type\":\"Person\",\"@id\":\"https:\\\/\\\/novice.si\\\/page\\\/#\\\/schema\\\/person\\\/96b32396deedcde3f7f776c306b4be21\",\"name\":\"Uredni\u0161tvo Bistri\u0161kih novic\",\"image\":{\"@type\":\"ImageObject\",\"inLanguage\":\"sl-SI\",\"@id\":\"https:\\\/\\\/secure.gravatar.com\\\/avatar\\\/26c56c4b10cdb3a21e86442e5f2845a4eafdd0f3605def77ec6cff4aaef32ea4?s=96&d=mm&r=g\",\"url\":\"https:\\\/\\\/secure.gravatar.com\\\/avatar\\\/26c56c4b10cdb3a21e86442e5f2845a4eafdd0f3605def77ec6cff4aaef32ea4?s=96&d=mm&r=g\",\"contentUrl\":\"https:\\\/\\\/secure.gravatar.com\\\/avatar\\\/26c56c4b10cdb3a21e86442e5f2845a4eafdd0f3605def77ec6cff4aaef32ea4?s=96&d=mm&r=g\",\"caption\":\"Uredni\u0161tvo Bistri\u0161kih novic\"},\"url\":\"https:\\\/\\\/novice.si\\\/page\\\/author\\\/bojana\\\/\"}]}<\/script>\n<!-- \/ Yoast SEO plugin. -->","yoast_head_json":{"title":"Ve\u010d priznanj Civilne za\u0161\u010dite tudi na Bistri\u0161ko - Novice.si","robots":{"index":"index","follow":"follow","max-snippet":"max-snippet:-1","max-image-preview":"max-image-preview:large","max-video-preview":"max-video-preview:-1"},"canonical":"https:\/\/novice.si\/page\/vec-priznanj-civilne-zascite-tudi-na-bistrisko\/","og_locale":"sl_SI","og_type":"article","og_title":"Ve\u010d priznanj Civilne za\u0161\u010dite tudi na Bistri\u0161ko - Novice.si","og_description":"Popoldne bo v Zgornji Kungoti sve\u010danost in slovesna podelitev nagrad in priznanj Civilne za\u0161\u010dite. Kot je sporo\u010dila poveljnica CZ za Vzhodno \u0160tajersko Ivana Grilanc, so med dobitniki tudi posamezniki ali institucije z Bistri\u0161kega. Tako prejme bronasto priznanje Miran Furek, poveljnik PGD Spodnja Polskava. Srebrno priznanje prejme Robert Grum iz Slovenske Bistrice, na predlog Policijske uprave [&hellip;]","og_url":"https:\/\/novice.si\/page\/vec-priznanj-civilne-zascite-tudi-na-bistrisko\/","og_site_name":"Novice.si","article_published_time":"2023-03-03T07:25:23+00:00","og_image":[{"width":932,"height":700,"url":"https:\/\/novice.si\/page\/wp-content\/uploads\/2023\/03\/Priznanje-CZ_slika-za-objavo_resize.jpg","type":"image\/jpeg"}],"author":"Uredni\u0161tvo Bistri\u0161kih novic","twitter_card":"summary_large_image","twitter_misc":{"Written by":"Uredni\u0161tvo Bistri\u0161kih novic","Est. reading time":"1 minuta"},"schema":{"@context":"https:\/\/schema.org","@graph":[{"@type":"Article","@id":"https:\/\/novice.si\/page\/vec-priznanj-civilne-zascite-tudi-na-bistrisko\/#article","isPartOf":{"@id":"https:\/\/novice.si\/page\/vec-priznanj-civilne-zascite-tudi-na-bistrisko\/"},"author":{"name":"Uredni\u0161tvo Bistri\u0161kih novic","@id":"https:\/\/novice.si\/page\/#\/schema\/person\/96b32396deedcde3f7f776c306b4be21"},"headline":"Ve\u010d priznanj Civilne za\u0161\u010dite tudi na Bistri\u0161ko","datePublished":"2023-03-03T07:25:23+00:00","mainEntityOfPage":{"@id":"https:\/\/novice.si\/page\/vec-priznanj-civilne-zascite-tudi-na-bistrisko\/"},"wordCount":131,"publisher":{"@id":"https:\/\/novice.si\/page\/#organization"},"image":{"@id":"https:\/\/novice.si\/page\/vec-priznanj-civilne-zascite-tudi-na-bistrisko\/#primaryimage"},"thumbnailUrl":"https:\/\/novice.si\/page\/wp-content\/uploads\/2023\/03\/Priznanje-CZ_slika-za-objavo_resize.jpg","keywords":["civilna za\u0161\u010dita","Furek","Grum","priznanje","smartno"],"articleSection":["Aktualno","Bistri\u0161ko"],"inLanguage":"sl-SI"},{"@type":"WebPage","@id":"https:\/\/novice.si\/page\/vec-priznanj-civilne-zascite-tudi-na-bistrisko\/","url":"https:\/\/novice.si\/page\/vec-priznanj-civilne-zascite-tudi-na-bistrisko\/","name":"Ve\u010d priznanj Civilne za\u0161\u010dite tudi na Bistri\u0161ko - Novice.si","isPartOf":{"@id":"https:\/\/novice.si\/page\/#website"},"primaryImageOfPage":{"@id":"https:\/\/novice.si\/page\/vec-priznanj-civilne-zascite-tudi-na-bistrisko\/#primaryimage"},"image":{"@id":"https:\/\/novice.si\/page\/vec-priznanj-civilne-zascite-tudi-na-bistrisko\/#primaryimage"},"thumbnailUrl":"https:\/\/novice.si\/page\/wp-content\/uploads\/2023\/03\/Priznanje-CZ_slika-za-objavo_resize.jpg","datePublished":"2023-03-03T07:25:23+00:00","breadcrumb":{"@id":"https:\/\/novice.si\/page\/vec-priznanj-civilne-zascite-tudi-na-bistrisko\/#breadcrumb"},"inLanguage":"sl-SI","potentialAction":[{"@type":"ReadAction","target":["https:\/\/novice.si\/page\/vec-priznanj-civilne-zascite-tudi-na-bistrisko\/"]}]},{"@type":"ImageObject","inLanguage":"sl-SI","@id":"https:\/\/novice.si\/page\/vec-priznanj-civilne-zascite-tudi-na-bistrisko\/#primaryimage","url":"https:\/\/novice.si\/page\/wp-content\/uploads\/2023\/03\/Priznanje-CZ_slika-za-objavo_resize.jpg","contentUrl":"https:\/\/novice.si\/page\/wp-content\/uploads\/2023\/03\/Priznanje-CZ_slika-za-objavo_resize.jpg","width":932,"height":700},{"@type":"BreadcrumbList","@id":"https:\/\/novice.si\/page\/vec-priznanj-civilne-zascite-tudi-na-bistrisko\/#breadcrumb","itemListElement":[{"@type":"ListItem","position":1,"name":"Home","item":"https:\/\/novice.si\/page\/"},{"@type":"ListItem","position":2,"name":"Ve\u010d priznanj Civilne za\u0161\u010dite tudi na Bistri\u0161ko"}]},{"@type":"WebSite","@id":"https:\/\/novice.si\/page\/#website","url":"https:\/\/novice.si\/page\/","name":"Novice.si","description":"","publisher":{"@id":"https:\/\/novice.si\/page\/#organization"},"potentialAction":[{"@type":"SearchAction","target":{"@type":"EntryPoint","urlTemplate":"https:\/\/novice.si\/page\/?s={search_term_string}"},"query-input":{"@type":"PropertyValueSpecification","valueRequired":true,"valueName":"search_term_string"}}],"inLanguage":"sl-SI"},{"@type":"Organization","@id":"https:\/\/novice.si\/page\/#organization","name":"Novice.si","url":"https:\/\/novice.si\/page\/","logo":{"@type":"ImageObject","inLanguage":"sl-SI","@id":"https:\/\/novice.si\/page\/#\/schema\/logo\/image\/","url":"https:\/\/novice.si\/page\/wp-content\/uploads\/2023\/03\/novice_si.png","contentUrl":"https:\/\/novice.si\/page\/wp-content\/uploads\/2023\/03\/novice_si.png","width":576,"height":200,"caption":"Novice.si"},"image":{"@id":"https:\/\/novice.si\/page\/#\/schema\/logo\/image\/"}},{"@type":"Person","@id":"https:\/\/novice.si\/page\/#\/schema\/person\/96b32396deedcde3f7f776c306b4be21","name":"Uredni\u0161tvo Bistri\u0161kih novic","image":{"@type":"ImageObject","inLanguage":"sl-SI","@id":"https:\/\/secure.gravatar.com\/avatar\/26c56c4b10cdb3a21e86442e5f2845a4eafdd0f3605def77ec6cff4aaef32ea4?s=96&d=mm&r=g","url":"https:\/\/secure.gravatar.com\/avatar\/26c56c4b10cdb3a21e86442e5f2845a4eafdd0f3605def77ec6cff4aaef32ea4?s=96&d=mm&r=g","contentUrl":"https:\/\/secure.gravatar.com\/avatar\/26c56c4b10cdb3a21e86442e5f2845a4eafdd0f3605def77ec6cff4aaef32ea4?s=96&d=mm&r=g","caption":"Uredni\u0161tvo Bistri\u0161kih novic"},"url":"https:\/\/novice.si\/page\/author\/bojana\/"}]}},"_links":{"self":[{"href":"https:\/\/novice.si\/page\/wp-json\/wp\/v2\/posts\/160482","targetHints":{"allow":["GET"]}}],"collection":[{"href":"https:\/\/novice.si\/page\/wp-json\/wp\/v2\/posts"}],"about":[{"href":"https:\/\/novice.si\/page\/wp-json\/wp\/v2\/types\/post"}],"author":[{"embeddable":true,"href":"https:\/\/novice.si\/page\/wp-json\/wp\/v2\/users\/8"}],"replies":[{"embeddable":true,"href":"https:\/\/novice.si\/page\/wp-json\/wp\/v2\/comments?post=160482"}],"version-history":[{"count":1,"href":"https:\/\/novice.si\/page\/wp-json\/wp\/v2\/posts\/160482\/revisions"}],"predecessor-version":[{"id":160486,"href":"https:\/\/novice.si\/page\/wp-json\/wp\/v2\/posts\/160482\/revisions\/160486"}],"wp:featuredmedia":[{"embeddable":true,"href":"https:\/\/novice.si\/page\/wp-json\/wp\/v2\/media\/160483"}],"wp:attachment":[{"href":"https:\/\/novice.si\/page\/wp-json\/wp\/v2\/media?parent=160482"}],"wp:term":[{"taxonomy":"category","embeddable":true,"href":"https:\/\/novice.si\/page\/wp-json\/wp\/v2\/categories?post=160482"},{"taxonomy":"post_tag","embeddable":true,"href":"https:\/\/novice.si\/page\/wp-json\/wp\/v2\/tags?post=160482"}],"curies":[{"name":"wp","href":"https:\/\/api.w.org\/{rel}","templated":true}]}}