{"id":160481,"date":"2023-03-06T10:11:49","date_gmt":"2023-03-06T09:11:49","guid":{"rendered":"https:\/\/novice.si\/page\/?p=160481"},"modified":"2023-03-01T15:13:31","modified_gmt":"2023-03-01T14:13:31","slug":"start-letosnje-kolesarske-dirke-po-sloveniji-v-celju","status":"publish","type":"post","link":"https:\/\/novice.si\/page\/start-letosnje-kolesarske-dirke-po-sloveniji-v-celju\/","title":{"rendered":"\u0160tart leto\u0161nje kolesarske dirke Po Sloveniji v Celju"},"content":{"rendered":"<p style=\"text-align: left\"><em><a href=\"https:\/\/novice.si\/page\/wp-content\/uploads\/2023\/03\/Cz-kolesarska-dirka.jpg\" data-gallery><img loading=\"lazy\" decoding=\"async\" class=\"size-medium wp-image-160484 alignleft\" src=\"https:\/\/novice.si\/page\/wp-content\/uploads\/2023\/03\/Cz-kolesarska-dirka-300x246.jpg\" alt=\"kolesarska dirka\" width=\"300\" height=\"246\" srcset=\"https:\/\/novice.si\/page\/wp-content\/uploads\/2023\/03\/Cz-kolesarska-dirka-300x246.jpg 300w, https:\/\/novice.si\/page\/wp-content\/uploads\/2023\/03\/Cz-kolesarska-dirka-1024x840.jpg 1024w, https:\/\/novice.si\/page\/wp-content\/uploads\/2023\/03\/Cz-kolesarska-dirka-768x630.jpg 768w, https:\/\/novice.si\/page\/wp-content\/uploads\/2023\/03\/Cz-kolesarska-dirka-1536x1260.jpg 1536w, https:\/\/novice.si\/page\/wp-content\/uploads\/2023\/03\/Cz-kolesarska-dirka-696x571.jpg 696w, https:\/\/novice.si\/page\/wp-content\/uploads\/2023\/03\/Cz-kolesarska-dirka-1068x876.jpg 1068w, https:\/\/novice.si\/page\/wp-content\/uploads\/2023\/03\/Cz-kolesarska-dirka-512x420.jpg 512w, https:\/\/novice.si\/page\/wp-content\/uploads\/2023\/03\/Cz-kolesarska-dirka-24x20.jpg 24w, https:\/\/novice.si\/page\/wp-content\/uploads\/2023\/03\/Cz-kolesarska-dirka-36x30.jpg 36w, https:\/\/novice.si\/page\/wp-content\/uploads\/2023\/03\/Cz-kolesarska-dirka-48x39.jpg 48w, https:\/\/novice.si\/page\/wp-content\/uploads\/2023\/03\/Cz-kolesarska-dirka.jpg 1663w\" sizes=\"auto, (max-width: 300px) 100vw, 300px\" \/><\/a>Celje bo tudi v leto\u0161njem letu ponosni gostitelj kolesarske dirke Po Sloveniji. V kne\u017ejem mestu bomo tokrat gostili \u0161tart uvodne etape dirke, ki bo sicer potekala med 14. in 18. junijem.<\/em><\/p>\n<p>Celje je dolgoletni partner kolesarske dirke Po Sloveniji. V kne\u017ejem mestu so enkrat \u017ee gostili \u0161tart uvodne etape \u2013 leta 2012 so kolesarji v boj za zeleno majico krenili s Trga celjskih knezov.<\/p>\n<p>\u00bbCelje je \u017ee dolga leta ponosen partner tega \u0161portno-turisti\u010dnega spektakla, ki v mednarodnem \u0161portnem prostoru u\u017eiva velik ugled, \u010demur pritrjuje tudi udele\u017eba nekaterih najve\u010djih zvezdnikov kolesarstva. Dirko zato vidimo kot odli\u010dno prilo\u017enost za promocijo na\u0161ega mesta, hkrati pa dober na\u010din za popularizacijo \u0161porta, zdravega \u017eivljenjskega sloga in trajnostne mobilnosti,\u00ab je med drugim povedal \u017eupan Mestne ob\u010dine Celje, <strong>Matija Kova\u010d<\/strong>.<\/p>\n<p>&nbsp;<\/p>\n","protected":false},"excerpt":{"rendered":"<p>Celje bo tudi v leto\u0161njem letu ponosni gostitelj kolesarske dirke Po Sloveniji. V kne\u017ejem mestu bomo tokrat gostili \u0161tart uvodne etape dirke, ki bo sicer potekala med 14. in 18. junijem. Celje je dolgoletni partner kolesarske dirke Po Sloveniji. V kne\u017ejem mestu so enkrat \u017ee gostili \u0161tart uvodne etape \u2013 leta 2012 so kolesarji v [&hellip;]<\/p>\n","protected":false},"author":55,"featured_media":160484,"comment_status":"closed","ping_status":"closed","sticky":false,"template":"","format":"standard","meta":{"footnotes":""},"categories":[14,142,17,68],"tags":[],"class_list":{"0":"post-160481","1":"post","2":"type-post","3":"status-publish","4":"format-standard","5":"has-post-thumbnail","7":"category-aktualno","8":"category-celjan","9":"category-celjsko","10":"category-sport"},"yoast_head":"<!-- This site is optimized with the Yoast SEO plugin v27.4 - https:\/\/yoast.com\/product\/yoast-seo-wordpress\/ -->\n<title>\u0160tart leto\u0161nje kolesarske dirke Po Sloveniji v Celju - Novice.si<\/title>\n<meta name=\"robots\" content=\"index, follow, max-snippet:-1, max-image-preview:large, max-video-preview:-1\" \/>\n<link rel=\"canonical\" href=\"https:\/\/novice.si\/page\/start-letosnje-kolesarske-dirke-po-sloveniji-v-celju\/\" \/>\n<meta property=\"og:locale\" content=\"sl_SI\" \/>\n<meta property=\"og:type\" content=\"article\" \/>\n<meta property=\"og:title\" content=\"\u0160tart leto\u0161nje kolesarske dirke Po Sloveniji v Celju - Novice.si\" \/>\n<meta property=\"og:description\" content=\"Celje bo tudi v leto\u0161njem letu ponosni gostitelj kolesarske dirke Po Sloveniji. V kne\u017ejem mestu bomo tokrat gostili \u0161tart uvodne etape dirke, ki bo sicer potekala med 14. in 18. junijem. Celje je dolgoletni partner kolesarske dirke Po Sloveniji. V kne\u017ejem mestu so enkrat \u017ee gostili \u0161tart uvodne etape \u2013 leta 2012 so kolesarji v [&hellip;]\" \/>\n<meta property=\"og:url\" content=\"https:\/\/novice.si\/page\/start-letosnje-kolesarske-dirke-po-sloveniji-v-celju\/\" \/>\n<meta property=\"og:site_name\" content=\"Novice.si\" \/>\n<meta property=\"article:published_time\" content=\"2023-03-06T09:11:49+00:00\" \/>\n<meta property=\"og:image\" content=\"https:\/\/novice.si\/page\/wp-content\/uploads\/2023\/03\/Cz-kolesarska-dirka.jpg\" \/>\n\t<meta property=\"og:image:width\" content=\"1663\" \/>\n\t<meta property=\"og:image:height\" content=\"1364\" \/>\n\t<meta property=\"og:image:type\" content=\"image\/jpeg\" \/>\n<meta name=\"author\" content=\"Uredni\u0161tvo Celjana\" \/>\n<meta name=\"twitter:card\" content=\"summary_large_image\" \/>\n<meta name=\"twitter:label1\" content=\"Written by\" \/>\n\t<meta name=\"twitter:data1\" content=\"Uredni\u0161tvo Celjana\" \/>\n\t<meta name=\"twitter:label2\" content=\"Est. reading time\" \/>\n\t<meta name=\"twitter:data2\" content=\"1 minuta\" \/>\n<script type=\"application\/ld+json\" class=\"yoast-schema-graph\">{\"@context\":\"https:\\\/\\\/schema.org\",\"@graph\":[{\"@type\":\"Article\",\"@id\":\"https:\\\/\\\/novice.si\\\/page\\\/start-letosnje-kolesarske-dirke-po-sloveniji-v-celju\\\/#article\",\"isPartOf\":{\"@id\":\"https:\\\/\\\/novice.si\\\/page\\\/start-letosnje-kolesarske-dirke-po-sloveniji-v-celju\\\/\"},\"author\":{\"name\":\"Uredni\u0161tvo Celjana\",\"@id\":\"https:\\\/\\\/novice.si\\\/page\\\/#\\\/schema\\\/person\\\/a49f233ef2777ec7b2e8d0662325bb48\"},\"headline\":\"\u0160tart leto\u0161nje kolesarske dirke Po Sloveniji v Celju\",\"datePublished\":\"2023-03-06T09:11:49+00:00\",\"mainEntityOfPage\":{\"@id\":\"https:\\\/\\\/novice.si\\\/page\\\/start-letosnje-kolesarske-dirke-po-sloveniji-v-celju\\\/\"},\"wordCount\":141,\"publisher\":{\"@id\":\"https:\\\/\\\/novice.si\\\/page\\\/#organization\"},\"image\":{\"@id\":\"https:\\\/\\\/novice.si\\\/page\\\/start-letosnje-kolesarske-dirke-po-sloveniji-v-celju\\\/#primaryimage\"},\"thumbnailUrl\":\"https:\\\/\\\/novice.si\\\/page\\\/wp-content\\\/uploads\\\/2023\\\/03\\\/Cz-kolesarska-dirka.jpg\",\"articleSection\":[\"Aktualno\",\"Celjan\",\"Celjsko\",\"\u0160port\"],\"inLanguage\":\"sl-SI\"},{\"@type\":\"WebPage\",\"@id\":\"https:\\\/\\\/novice.si\\\/page\\\/start-letosnje-kolesarske-dirke-po-sloveniji-v-celju\\\/\",\"url\":\"https:\\\/\\\/novice.si\\\/page\\\/start-letosnje-kolesarske-dirke-po-sloveniji-v-celju\\\/\",\"name\":\"\u0160tart leto\u0161nje kolesarske dirke Po Sloveniji v Celju - Novice.si\",\"isPartOf\":{\"@id\":\"https:\\\/\\\/novice.si\\\/page\\\/#website\"},\"primaryImageOfPage\":{\"@id\":\"https:\\\/\\\/novice.si\\\/page\\\/start-letosnje-kolesarske-dirke-po-sloveniji-v-celju\\\/#primaryimage\"},\"image\":{\"@id\":\"https:\\\/\\\/novice.si\\\/page\\\/start-letosnje-kolesarske-dirke-po-sloveniji-v-celju\\\/#primaryimage\"},\"thumbnailUrl\":\"https:\\\/\\\/novice.si\\\/page\\\/wp-content\\\/uploads\\\/2023\\\/03\\\/Cz-kolesarska-dirka.jpg\",\"datePublished\":\"2023-03-06T09:11:49+00:00\",\"breadcrumb\":{\"@id\":\"https:\\\/\\\/novice.si\\\/page\\\/start-letosnje-kolesarske-dirke-po-sloveniji-v-celju\\\/#breadcrumb\"},\"inLanguage\":\"sl-SI\",\"potentialAction\":[{\"@type\":\"ReadAction\",\"target\":[\"https:\\\/\\\/novice.si\\\/page\\\/start-letosnje-kolesarske-dirke-po-sloveniji-v-celju\\\/\"]}]},{\"@type\":\"ImageObject\",\"inLanguage\":\"sl-SI\",\"@id\":\"https:\\\/\\\/novice.si\\\/page\\\/start-letosnje-kolesarske-dirke-po-sloveniji-v-celju\\\/#primaryimage\",\"url\":\"https:\\\/\\\/novice.si\\\/page\\\/wp-content\\\/uploads\\\/2023\\\/03\\\/Cz-kolesarska-dirka.jpg\",\"contentUrl\":\"https:\\\/\\\/novice.si\\\/page\\\/wp-content\\\/uploads\\\/2023\\\/03\\\/Cz-kolesarska-dirka.jpg\",\"width\":1663,\"height\":1364,\"caption\":\"kolesarska dirka\"},{\"@type\":\"BreadcrumbList\",\"@id\":\"https:\\\/\\\/novice.si\\\/page\\\/start-letosnje-kolesarske-dirke-po-sloveniji-v-celju\\\/#breadcrumb\",\"itemListElement\":[{\"@type\":\"ListItem\",\"position\":1,\"name\":\"Home\",\"item\":\"https:\\\/\\\/novice.si\\\/page\\\/\"},{\"@type\":\"ListItem\",\"position\":2,\"name\":\"\u0160tart leto\u0161nje kolesarske dirke Po Sloveniji v Celju\"}]},{\"@type\":\"WebSite\",\"@id\":\"https:\\\/\\\/novice.si\\\/page\\\/#website\",\"url\":\"https:\\\/\\\/novice.si\\\/page\\\/\",\"name\":\"Novice.si\",\"description\":\"\",\"publisher\":{\"@id\":\"https:\\\/\\\/novice.si\\\/page\\\/#organization\"},\"potentialAction\":[{\"@type\":\"SearchAction\",\"target\":{\"@type\":\"EntryPoint\",\"urlTemplate\":\"https:\\\/\\\/novice.si\\\/page\\\/?s={search_term_string}\"},\"query-input\":{\"@type\":\"PropertyValueSpecification\",\"valueRequired\":true,\"valueName\":\"search_term_string\"}}],\"inLanguage\":\"sl-SI\"},{\"@type\":\"Organization\",\"@id\":\"https:\\\/\\\/novice.si\\\/page\\\/#organization\",\"name\":\"Novice.si\",\"url\":\"https:\\\/\\\/novice.si\\\/page\\\/\",\"logo\":{\"@type\":\"ImageObject\",\"inLanguage\":\"sl-SI\",\"@id\":\"https:\\\/\\\/novice.si\\\/page\\\/#\\\/schema\\\/logo\\\/image\\\/\",\"url\":\"https:\\\/\\\/novice.si\\\/page\\\/wp-content\\\/uploads\\\/2023\\\/03\\\/novice_si.png\",\"contentUrl\":\"https:\\\/\\\/novice.si\\\/page\\\/wp-content\\\/uploads\\\/2023\\\/03\\\/novice_si.png\",\"width\":576,\"height\":200,\"caption\":\"Novice.si\"},\"image\":{\"@id\":\"https:\\\/\\\/novice.si\\\/page\\\/#\\\/schema\\\/logo\\\/image\\\/\"}},{\"@type\":\"Person\",\"@id\":\"https:\\\/\\\/novice.si\\\/page\\\/#\\\/schema\\\/person\\\/a49f233ef2777ec7b2e8d0662325bb48\",\"name\":\"Uredni\u0161tvo Celjana\",\"image\":{\"@type\":\"ImageObject\",\"inLanguage\":\"sl-SI\",\"@id\":\"https:\\\/\\\/secure.gravatar.com\\\/avatar\\\/7f7863e616af8f92806c638dd1db3f1a238d83d1cc2ec3100afc06fbb7eb303f?s=96&d=mm&r=g\",\"url\":\"https:\\\/\\\/secure.gravatar.com\\\/avatar\\\/7f7863e616af8f92806c638dd1db3f1a238d83d1cc2ec3100afc06fbb7eb303f?s=96&d=mm&r=g\",\"contentUrl\":\"https:\\\/\\\/secure.gravatar.com\\\/avatar\\\/7f7863e616af8f92806c638dd1db3f1a238d83d1cc2ec3100afc06fbb7eb303f?s=96&d=mm&r=g\",\"caption\":\"Uredni\u0161tvo Celjana\"},\"url\":\"https:\\\/\\\/novice.si\\\/page\\\/author\\\/maja\\\/\"}]}<\/script>\n<!-- \/ Yoast SEO plugin. -->","yoast_head_json":{"title":"\u0160tart leto\u0161nje kolesarske dirke Po Sloveniji v Celju - Novice.si","robots":{"index":"index","follow":"follow","max-snippet":"max-snippet:-1","max-image-preview":"max-image-preview:large","max-video-preview":"max-video-preview:-1"},"canonical":"https:\/\/novice.si\/page\/start-letosnje-kolesarske-dirke-po-sloveniji-v-celju\/","og_locale":"sl_SI","og_type":"article","og_title":"\u0160tart leto\u0161nje kolesarske dirke Po Sloveniji v Celju - Novice.si","og_description":"Celje bo tudi v leto\u0161njem letu ponosni gostitelj kolesarske dirke Po Sloveniji. V kne\u017ejem mestu bomo tokrat gostili \u0161tart uvodne etape dirke, ki bo sicer potekala med 14. in 18. junijem. Celje je dolgoletni partner kolesarske dirke Po Sloveniji. V kne\u017ejem mestu so enkrat \u017ee gostili \u0161tart uvodne etape \u2013 leta 2012 so kolesarji v [&hellip;]","og_url":"https:\/\/novice.si\/page\/start-letosnje-kolesarske-dirke-po-sloveniji-v-celju\/","og_site_name":"Novice.si","article_published_time":"2023-03-06T09:11:49+00:00","og_image":[{"width":1663,"height":1364,"url":"https:\/\/novice.si\/page\/wp-content\/uploads\/2023\/03\/Cz-kolesarska-dirka.jpg","type":"image\/jpeg"}],"author":"Uredni\u0161tvo Celjana","twitter_card":"summary_large_image","twitter_misc":{"Written by":"Uredni\u0161tvo Celjana","Est. reading time":"1 minuta"},"schema":{"@context":"https:\/\/schema.org","@graph":[{"@type":"Article","@id":"https:\/\/novice.si\/page\/start-letosnje-kolesarske-dirke-po-sloveniji-v-celju\/#article","isPartOf":{"@id":"https:\/\/novice.si\/page\/start-letosnje-kolesarske-dirke-po-sloveniji-v-celju\/"},"author":{"name":"Uredni\u0161tvo Celjana","@id":"https:\/\/novice.si\/page\/#\/schema\/person\/a49f233ef2777ec7b2e8d0662325bb48"},"headline":"\u0160tart leto\u0161nje kolesarske dirke Po Sloveniji v Celju","datePublished":"2023-03-06T09:11:49+00:00","mainEntityOfPage":{"@id":"https:\/\/novice.si\/page\/start-letosnje-kolesarske-dirke-po-sloveniji-v-celju\/"},"wordCount":141,"publisher":{"@id":"https:\/\/novice.si\/page\/#organization"},"image":{"@id":"https:\/\/novice.si\/page\/start-letosnje-kolesarske-dirke-po-sloveniji-v-celju\/#primaryimage"},"thumbnailUrl":"https:\/\/novice.si\/page\/wp-content\/uploads\/2023\/03\/Cz-kolesarska-dirka.jpg","articleSection":["Aktualno","Celjan","Celjsko","\u0160port"],"inLanguage":"sl-SI"},{"@type":"WebPage","@id":"https:\/\/novice.si\/page\/start-letosnje-kolesarske-dirke-po-sloveniji-v-celju\/","url":"https:\/\/novice.si\/page\/start-letosnje-kolesarske-dirke-po-sloveniji-v-celju\/","name":"\u0160tart leto\u0161nje kolesarske dirke Po Sloveniji v Celju - Novice.si","isPartOf":{"@id":"https:\/\/novice.si\/page\/#website"},"primaryImageOfPage":{"@id":"https:\/\/novice.si\/page\/start-letosnje-kolesarske-dirke-po-sloveniji-v-celju\/#primaryimage"},"image":{"@id":"https:\/\/novice.si\/page\/start-letosnje-kolesarske-dirke-po-sloveniji-v-celju\/#primaryimage"},"thumbnailUrl":"https:\/\/novice.si\/page\/wp-content\/uploads\/2023\/03\/Cz-kolesarska-dirka.jpg","datePublished":"2023-03-06T09:11:49+00:00","breadcrumb":{"@id":"https:\/\/novice.si\/page\/start-letosnje-kolesarske-dirke-po-sloveniji-v-celju\/#breadcrumb"},"inLanguage":"sl-SI","potentialAction":[{"@type":"ReadAction","target":["https:\/\/novice.si\/page\/start-letosnje-kolesarske-dirke-po-sloveniji-v-celju\/"]}]},{"@type":"ImageObject","inLanguage":"sl-SI","@id":"https:\/\/novice.si\/page\/start-letosnje-kolesarske-dirke-po-sloveniji-v-celju\/#primaryimage","url":"https:\/\/novice.si\/page\/wp-content\/uploads\/2023\/03\/Cz-kolesarska-dirka.jpg","contentUrl":"https:\/\/novice.si\/page\/wp-content\/uploads\/2023\/03\/Cz-kolesarska-dirka.jpg","width":1663,"height":1364,"caption":"kolesarska dirka"},{"@type":"BreadcrumbList","@id":"https:\/\/novice.si\/page\/start-letosnje-kolesarske-dirke-po-sloveniji-v-celju\/#breadcrumb","itemListElement":[{"@type":"ListItem","position":1,"name":"Home","item":"https:\/\/novice.si\/page\/"},{"@type":"ListItem","position":2,"name":"\u0160tart leto\u0161nje kolesarske dirke Po Sloveniji v Celju"}]},{"@type":"WebSite","@id":"https:\/\/novice.si\/page\/#website","url":"https:\/\/novice.si\/page\/","name":"Novice.si","description":"","publisher":{"@id":"https:\/\/novice.si\/page\/#organization"},"potentialAction":[{"@type":"SearchAction","target":{"@type":"EntryPoint","urlTemplate":"https:\/\/novice.si\/page\/?s={search_term_string}"},"query-input":{"@type":"PropertyValueSpecification","valueRequired":true,"valueName":"search_term_string"}}],"inLanguage":"sl-SI"},{"@type":"Organization","@id":"https:\/\/novice.si\/page\/#organization","name":"Novice.si","url":"https:\/\/novice.si\/page\/","logo":{"@type":"ImageObject","inLanguage":"sl-SI","@id":"https:\/\/novice.si\/page\/#\/schema\/logo\/image\/","url":"https:\/\/novice.si\/page\/wp-content\/uploads\/2023\/03\/novice_si.png","contentUrl":"https:\/\/novice.si\/page\/wp-content\/uploads\/2023\/03\/novice_si.png","width":576,"height":200,"caption":"Novice.si"},"image":{"@id":"https:\/\/novice.si\/page\/#\/schema\/logo\/image\/"}},{"@type":"Person","@id":"https:\/\/novice.si\/page\/#\/schema\/person\/a49f233ef2777ec7b2e8d0662325bb48","name":"Uredni\u0161tvo Celjana","image":{"@type":"ImageObject","inLanguage":"sl-SI","@id":"https:\/\/secure.gravatar.com\/avatar\/7f7863e616af8f92806c638dd1db3f1a238d83d1cc2ec3100afc06fbb7eb303f?s=96&d=mm&r=g","url":"https:\/\/secure.gravatar.com\/avatar\/7f7863e616af8f92806c638dd1db3f1a238d83d1cc2ec3100afc06fbb7eb303f?s=96&d=mm&r=g","contentUrl":"https:\/\/secure.gravatar.com\/avatar\/7f7863e616af8f92806c638dd1db3f1a238d83d1cc2ec3100afc06fbb7eb303f?s=96&d=mm&r=g","caption":"Uredni\u0161tvo Celjana"},"url":"https:\/\/novice.si\/page\/author\/maja\/"}]}},"_links":{"self":[{"href":"https:\/\/novice.si\/page\/wp-json\/wp\/v2\/posts\/160481","targetHints":{"allow":["GET"]}}],"collection":[{"href":"https:\/\/novice.si\/page\/wp-json\/wp\/v2\/posts"}],"about":[{"href":"https:\/\/novice.si\/page\/wp-json\/wp\/v2\/types\/post"}],"author":[{"embeddable":true,"href":"https:\/\/novice.si\/page\/wp-json\/wp\/v2\/users\/55"}],"replies":[{"embeddable":true,"href":"https:\/\/novice.si\/page\/wp-json\/wp\/v2\/comments?post=160481"}],"version-history":[{"count":1,"href":"https:\/\/novice.si\/page\/wp-json\/wp\/v2\/posts\/160481\/revisions"}],"predecessor-version":[{"id":160485,"href":"https:\/\/novice.si\/page\/wp-json\/wp\/v2\/posts\/160481\/revisions\/160485"}],"wp:featuredmedia":[{"embeddable":true,"href":"https:\/\/novice.si\/page\/wp-json\/wp\/v2\/media\/160484"}],"wp:attachment":[{"href":"https:\/\/novice.si\/page\/wp-json\/wp\/v2\/media?parent=160481"}],"wp:term":[{"taxonomy":"category","embeddable":true,"href":"https:\/\/novice.si\/page\/wp-json\/wp\/v2\/categories?post=160481"},{"taxonomy":"post_tag","embeddable":true,"href":"https:\/\/novice.si\/page\/wp-json\/wp\/v2\/tags?post=160481"}],"curies":[{"name":"wp","href":"https:\/\/api.w.org\/{rel}","templated":true}]}}