{"id":160469,"date":"2023-03-01T15:06:23","date_gmt":"2023-03-01T14:06:23","guid":{"rendered":"https:\/\/novice.si\/page\/?p=160469"},"modified":"2023-03-01T15:06:23","modified_gmt":"2023-03-01T14:06:23","slug":"kdo-bodo-prejemniki-obcinskih-priznanj","status":"publish","type":"post","link":"https:\/\/novice.si\/page\/kdo-bodo-prejemniki-obcinskih-priznanj\/","title":{"rendered":"Kdo bodo prejemniki ob\u010dinskih priznanj?"},"content":{"rendered":"<figure id=\"attachment_160470\" aria-describedby=\"caption-attachment-160470\" style=\"width: 300px\" class=\"wp-caption alignright\"><a href=\"https:\/\/novice.si\/page\/wp-content\/uploads\/2023\/03\/izpostavljeno-seja-1155.jpg\" data-gallery><img loading=\"lazy\" decoding=\"async\" class=\"size-medium wp-image-160470\" src=\"https:\/\/novice.si\/page\/wp-content\/uploads\/2023\/03\/izpostavljeno-seja-1155-300x225.jpg\" alt=\"\" width=\"300\" height=\"225\" srcset=\"https:\/\/novice.si\/page\/wp-content\/uploads\/2023\/03\/izpostavljeno-seja-1155-300x225.jpg 300w, https:\/\/novice.si\/page\/wp-content\/uploads\/2023\/03\/izpostavljeno-seja-1155-1024x768.jpg 1024w, https:\/\/novice.si\/page\/wp-content\/uploads\/2023\/03\/izpostavljeno-seja-1155-768x576.jpg 768w, https:\/\/novice.si\/page\/wp-content\/uploads\/2023\/03\/izpostavljeno-seja-1155-1536x1152.jpg 1536w, https:\/\/novice.si\/page\/wp-content\/uploads\/2023\/03\/izpostavljeno-seja-1155-80x60.jpg 80w, https:\/\/novice.si\/page\/wp-content\/uploads\/2023\/03\/izpostavljeno-seja-1155-265x198.jpg 265w, https:\/\/novice.si\/page\/wp-content\/uploads\/2023\/03\/izpostavljeno-seja-1155-696x522.jpg 696w, https:\/\/novice.si\/page\/wp-content\/uploads\/2023\/03\/izpostavljeno-seja-1155-1068x801.jpg 1068w, https:\/\/novice.si\/page\/wp-content\/uploads\/2023\/03\/izpostavljeno-seja-1155-560x420.jpg 560w, https:\/\/novice.si\/page\/wp-content\/uploads\/2023\/03\/izpostavljeno-seja-1155-24x18.jpg 24w, https:\/\/novice.si\/page\/wp-content\/uploads\/2023\/03\/izpostavljeno-seja-1155-36x27.jpg 36w, https:\/\/novice.si\/page\/wp-content\/uploads\/2023\/03\/izpostavljeno-seja-1155-48x36.jpg 48w, https:\/\/novice.si\/page\/wp-content\/uploads\/2023\/03\/izpostavljeno-seja-1155.jpg 1600w\" sizes=\"auto, (max-width: 300px) 100vw, 300px\" \/><\/a><figcaption id=\"caption-attachment-160470\" class=\"wp-caption-text\">Na mestni seji so potrdili prejemnike celjskih grbov in naziva \u010dastni me\u0161\u010dan.<br \/>Foto Uro\u0161 Urlep<\/figcaption><\/figure>\n<p><em>Mestni svet Mestne ob\u010dine Celje je na seji na predlog Komisije za mandatna vpra\u0161anja, volitve, imenovanja in nagrade potrdil predlog prejemnikov ob\u010dinskih priznanj \u2013 celjskih grbov.<\/em><\/p>\n<p>Ta bodo podeljena na osrednji slovesnosti ob prazniku Mestne ob\u010dine Celje, 11. aprila, ko bo \u017eupan <strong>Matija Kova\u010d<\/strong> slavnostno podelil naziv \u010dastnega me\u0161\u010dana, tri zlate celjske grbe, \u0161tiri srebrne celjske grbe in tri bronaste celjske grbe.<\/p>\n<p><strong>En \u010dastni naziv in trije zlati grbi<\/strong><\/p>\n<p><strong>Edvard Stepi\u0161nik<\/strong> bo priznanje za \u010dastnega me\u0161\u010dana prejel za dolgoletno izjemno uspe\u0161no vodenje dru\u017ebe Klasje in prispevek k razvoju celjskega gospodarstva ter vsestransko delovanje v \u0161ir\u0161em dru\u017ebenem okolju, ki ima trajen pomen za ugled mesta Celja doma in v tujini.<\/p>\n<p>Zlati celjski grb bodo prejeli <strong>mag. Vid Marcen<\/strong> za vse\u017eivljenjsko uspe\u0161no glasbeno-umetni\u0161ko, pedago\u0161ko-raziskovalno in ustvarjalno delo ter prispevek k popularizaciji zborovskega petja, <strong>Ivo Umek<\/strong> za doprinos k razvoju popularne glasbe v vlogi glasbenika, producenta in organizatorja glasbenih prireditev, za prispevek h kulturno-dru\u017eabnemu \u017eivljenju v mestu ter k promociji Celja in <strong>Center sodobnih umetnosti Celje<\/strong> za ve\u010dletno odli\u010dnost pri izvajanju strokovne dejavnosti na podro\u010dju vizualne umetnosti in doprinos h kakovostnej\u0161emu in raznolikemu kulturnemu utripu mesta.<\/p>\n<p>Kdo bodo dobitniki srebrnih in bronastih grbov pa preverite v aktualnem Celjanu, ki vas \u017ee \u010daka na prodajnih mestih.<\/p>\n","protected":false},"excerpt":{"rendered":"<p>Mestni svet Mestne ob\u010dine Celje je na seji na predlog Komisije za mandatna vpra\u0161anja, volitve, imenovanja in nagrade potrdil predlog prejemnikov ob\u010dinskih priznanj \u2013 celjskih grbov. Ta bodo podeljena na osrednji slovesnosti ob prazniku Mestne ob\u010dine Celje, 11. aprila, ko bo \u017eupan Matija Kova\u010d slavnostno podelil naziv \u010dastnega me\u0161\u010dana, tri zlate celjske grbe, \u0161tiri srebrne [&hellip;]<\/p>\n","protected":false},"author":55,"featured_media":160470,"comment_status":"closed","ping_status":"closed","sticky":false,"template":"","format":"standard","meta":{"footnotes":""},"categories":[14,142,17],"tags":[],"class_list":{"0":"post-160469","1":"post","2":"type-post","3":"status-publish","4":"format-standard","5":"has-post-thumbnail","7":"category-aktualno","8":"category-celjan","9":"category-celjsko"},"yoast_head":"<!-- This site is optimized with the Yoast SEO plugin v27.4 - https:\/\/yoast.com\/product\/yoast-seo-wordpress\/ -->\n<title>Kdo bodo prejemniki ob\u010dinskih priznanj? - Novice.si<\/title>\n<meta name=\"robots\" content=\"index, follow, max-snippet:-1, max-image-preview:large, max-video-preview:-1\" \/>\n<link rel=\"canonical\" href=\"https:\/\/novice.si\/page\/kdo-bodo-prejemniki-obcinskih-priznanj\/\" \/>\n<meta property=\"og:locale\" content=\"sl_SI\" \/>\n<meta property=\"og:type\" content=\"article\" \/>\n<meta property=\"og:title\" content=\"Kdo bodo prejemniki ob\u010dinskih priznanj? - Novice.si\" \/>\n<meta property=\"og:description\" content=\"Mestni svet Mestne ob\u010dine Celje je na seji na predlog Komisije za mandatna vpra\u0161anja, volitve, imenovanja in nagrade potrdil predlog prejemnikov ob\u010dinskih priznanj \u2013 celjskih grbov. Ta bodo podeljena na osrednji slovesnosti ob prazniku Mestne ob\u010dine Celje, 11. aprila, ko bo \u017eupan Matija Kova\u010d slavnostno podelil naziv \u010dastnega me\u0161\u010dana, tri zlate celjske grbe, \u0161tiri srebrne [&hellip;]\" \/>\n<meta property=\"og:url\" content=\"https:\/\/novice.si\/page\/kdo-bodo-prejemniki-obcinskih-priznanj\/\" \/>\n<meta property=\"og:site_name\" content=\"Novice.si\" \/>\n<meta property=\"article:published_time\" content=\"2023-03-01T14:06:23+00:00\" \/>\n<meta property=\"og:image\" content=\"https:\/\/novice.si\/page\/wp-content\/uploads\/2023\/03\/izpostavljeno-seja-1155.jpg\" \/>\n\t<meta property=\"og:image:width\" content=\"1600\" \/>\n\t<meta property=\"og:image:height\" content=\"1200\" \/>\n\t<meta property=\"og:image:type\" content=\"image\/jpeg\" \/>\n<meta name=\"author\" content=\"Uredni\u0161tvo Celjana\" \/>\n<meta name=\"twitter:card\" content=\"summary_large_image\" \/>\n<meta name=\"twitter:label1\" content=\"Written by\" \/>\n\t<meta name=\"twitter:data1\" content=\"Uredni\u0161tvo Celjana\" \/>\n\t<meta name=\"twitter:label2\" content=\"Est. reading time\" \/>\n\t<meta name=\"twitter:data2\" content=\"2 minuti\" \/>\n<script type=\"application\/ld+json\" class=\"yoast-schema-graph\">{\"@context\":\"https:\\\/\\\/schema.org\",\"@graph\":[{\"@type\":\"Article\",\"@id\":\"https:\\\/\\\/novice.si\\\/page\\\/kdo-bodo-prejemniki-obcinskih-priznanj\\\/#article\",\"isPartOf\":{\"@id\":\"https:\\\/\\\/novice.si\\\/page\\\/kdo-bodo-prejemniki-obcinskih-priznanj\\\/\"},\"author\":{\"name\":\"Uredni\u0161tvo Celjana\",\"@id\":\"https:\\\/\\\/novice.si\\\/page\\\/#\\\/schema\\\/person\\\/a49f233ef2777ec7b2e8d0662325bb48\"},\"headline\":\"Kdo bodo prejemniki ob\u010dinskih priznanj?\",\"datePublished\":\"2023-03-01T14:06:23+00:00\",\"mainEntityOfPage\":{\"@id\":\"https:\\\/\\\/novice.si\\\/page\\\/kdo-bodo-prejemniki-obcinskih-priznanj\\\/\"},\"wordCount\":249,\"publisher\":{\"@id\":\"https:\\\/\\\/novice.si\\\/page\\\/#organization\"},\"image\":{\"@id\":\"https:\\\/\\\/novice.si\\\/page\\\/kdo-bodo-prejemniki-obcinskih-priznanj\\\/#primaryimage\"},\"thumbnailUrl\":\"https:\\\/\\\/novice.si\\\/page\\\/wp-content\\\/uploads\\\/2023\\\/03\\\/izpostavljeno-seja-1155.jpg\",\"articleSection\":[\"Aktualno\",\"Celjan\",\"Celjsko\"],\"inLanguage\":\"sl-SI\"},{\"@type\":\"WebPage\",\"@id\":\"https:\\\/\\\/novice.si\\\/page\\\/kdo-bodo-prejemniki-obcinskih-priznanj\\\/\",\"url\":\"https:\\\/\\\/novice.si\\\/page\\\/kdo-bodo-prejemniki-obcinskih-priznanj\\\/\",\"name\":\"Kdo bodo prejemniki ob\u010dinskih priznanj? - Novice.si\",\"isPartOf\":{\"@id\":\"https:\\\/\\\/novice.si\\\/page\\\/#website\"},\"primaryImageOfPage\":{\"@id\":\"https:\\\/\\\/novice.si\\\/page\\\/kdo-bodo-prejemniki-obcinskih-priznanj\\\/#primaryimage\"},\"image\":{\"@id\":\"https:\\\/\\\/novice.si\\\/page\\\/kdo-bodo-prejemniki-obcinskih-priznanj\\\/#primaryimage\"},\"thumbnailUrl\":\"https:\\\/\\\/novice.si\\\/page\\\/wp-content\\\/uploads\\\/2023\\\/03\\\/izpostavljeno-seja-1155.jpg\",\"datePublished\":\"2023-03-01T14:06:23+00:00\",\"breadcrumb\":{\"@id\":\"https:\\\/\\\/novice.si\\\/page\\\/kdo-bodo-prejemniki-obcinskih-priznanj\\\/#breadcrumb\"},\"inLanguage\":\"sl-SI\",\"potentialAction\":[{\"@type\":\"ReadAction\",\"target\":[\"https:\\\/\\\/novice.si\\\/page\\\/kdo-bodo-prejemniki-obcinskih-priznanj\\\/\"]}]},{\"@type\":\"ImageObject\",\"inLanguage\":\"sl-SI\",\"@id\":\"https:\\\/\\\/novice.si\\\/page\\\/kdo-bodo-prejemniki-obcinskih-priznanj\\\/#primaryimage\",\"url\":\"https:\\\/\\\/novice.si\\\/page\\\/wp-content\\\/uploads\\\/2023\\\/03\\\/izpostavljeno-seja-1155.jpg\",\"contentUrl\":\"https:\\\/\\\/novice.si\\\/page\\\/wp-content\\\/uploads\\\/2023\\\/03\\\/izpostavljeno-seja-1155.jpg\",\"width\":1600,\"height\":1200,\"caption\":\"Na mestni seji so potrdili prejemnike celjskih grbov in naziva \u010dastni me\u0161\u010dan. Foto Uro\u0161 Urlep\"},{\"@type\":\"BreadcrumbList\",\"@id\":\"https:\\\/\\\/novice.si\\\/page\\\/kdo-bodo-prejemniki-obcinskih-priznanj\\\/#breadcrumb\",\"itemListElement\":[{\"@type\":\"ListItem\",\"position\":1,\"name\":\"Home\",\"item\":\"https:\\\/\\\/novice.si\\\/page\\\/\"},{\"@type\":\"ListItem\",\"position\":2,\"name\":\"Kdo bodo prejemniki ob\u010dinskih priznanj?\"}]},{\"@type\":\"WebSite\",\"@id\":\"https:\\\/\\\/novice.si\\\/page\\\/#website\",\"url\":\"https:\\\/\\\/novice.si\\\/page\\\/\",\"name\":\"Novice.si\",\"description\":\"\",\"publisher\":{\"@id\":\"https:\\\/\\\/novice.si\\\/page\\\/#organization\"},\"potentialAction\":[{\"@type\":\"SearchAction\",\"target\":{\"@type\":\"EntryPoint\",\"urlTemplate\":\"https:\\\/\\\/novice.si\\\/page\\\/?s={search_term_string}\"},\"query-input\":{\"@type\":\"PropertyValueSpecification\",\"valueRequired\":true,\"valueName\":\"search_term_string\"}}],\"inLanguage\":\"sl-SI\"},{\"@type\":\"Organization\",\"@id\":\"https:\\\/\\\/novice.si\\\/page\\\/#organization\",\"name\":\"Novice.si\",\"url\":\"https:\\\/\\\/novice.si\\\/page\\\/\",\"logo\":{\"@type\":\"ImageObject\",\"inLanguage\":\"sl-SI\",\"@id\":\"https:\\\/\\\/novice.si\\\/page\\\/#\\\/schema\\\/logo\\\/image\\\/\",\"url\":\"https:\\\/\\\/novice.si\\\/page\\\/wp-content\\\/uploads\\\/2023\\\/03\\\/novice_si.png\",\"contentUrl\":\"https:\\\/\\\/novice.si\\\/page\\\/wp-content\\\/uploads\\\/2023\\\/03\\\/novice_si.png\",\"width\":576,\"height\":200,\"caption\":\"Novice.si\"},\"image\":{\"@id\":\"https:\\\/\\\/novice.si\\\/page\\\/#\\\/schema\\\/logo\\\/image\\\/\"}},{\"@type\":\"Person\",\"@id\":\"https:\\\/\\\/novice.si\\\/page\\\/#\\\/schema\\\/person\\\/a49f233ef2777ec7b2e8d0662325bb48\",\"name\":\"Uredni\u0161tvo Celjana\",\"image\":{\"@type\":\"ImageObject\",\"inLanguage\":\"sl-SI\",\"@id\":\"https:\\\/\\\/secure.gravatar.com\\\/avatar\\\/7f7863e616af8f92806c638dd1db3f1a238d83d1cc2ec3100afc06fbb7eb303f?s=96&d=mm&r=g\",\"url\":\"https:\\\/\\\/secure.gravatar.com\\\/avatar\\\/7f7863e616af8f92806c638dd1db3f1a238d83d1cc2ec3100afc06fbb7eb303f?s=96&d=mm&r=g\",\"contentUrl\":\"https:\\\/\\\/secure.gravatar.com\\\/avatar\\\/7f7863e616af8f92806c638dd1db3f1a238d83d1cc2ec3100afc06fbb7eb303f?s=96&d=mm&r=g\",\"caption\":\"Uredni\u0161tvo Celjana\"},\"url\":\"https:\\\/\\\/novice.si\\\/page\\\/author\\\/maja\\\/\"}]}<\/script>\n<!-- \/ Yoast SEO plugin. -->","yoast_head_json":{"title":"Kdo bodo prejemniki ob\u010dinskih priznanj? - Novice.si","robots":{"index":"index","follow":"follow","max-snippet":"max-snippet:-1","max-image-preview":"max-image-preview:large","max-video-preview":"max-video-preview:-1"},"canonical":"https:\/\/novice.si\/page\/kdo-bodo-prejemniki-obcinskih-priznanj\/","og_locale":"sl_SI","og_type":"article","og_title":"Kdo bodo prejemniki ob\u010dinskih priznanj? - Novice.si","og_description":"Mestni svet Mestne ob\u010dine Celje je na seji na predlog Komisije za mandatna vpra\u0161anja, volitve, imenovanja in nagrade potrdil predlog prejemnikov ob\u010dinskih priznanj \u2013 celjskih grbov. Ta bodo podeljena na osrednji slovesnosti ob prazniku Mestne ob\u010dine Celje, 11. aprila, ko bo \u017eupan Matija Kova\u010d slavnostno podelil naziv \u010dastnega me\u0161\u010dana, tri zlate celjske grbe, \u0161tiri srebrne [&hellip;]","og_url":"https:\/\/novice.si\/page\/kdo-bodo-prejemniki-obcinskih-priznanj\/","og_site_name":"Novice.si","article_published_time":"2023-03-01T14:06:23+00:00","og_image":[{"width":1600,"height":1200,"url":"https:\/\/novice.si\/page\/wp-content\/uploads\/2023\/03\/izpostavljeno-seja-1155.jpg","type":"image\/jpeg"}],"author":"Uredni\u0161tvo Celjana","twitter_card":"summary_large_image","twitter_misc":{"Written by":"Uredni\u0161tvo Celjana","Est. reading time":"2 minuti"},"schema":{"@context":"https:\/\/schema.org","@graph":[{"@type":"Article","@id":"https:\/\/novice.si\/page\/kdo-bodo-prejemniki-obcinskih-priznanj\/#article","isPartOf":{"@id":"https:\/\/novice.si\/page\/kdo-bodo-prejemniki-obcinskih-priznanj\/"},"author":{"name":"Uredni\u0161tvo Celjana","@id":"https:\/\/novice.si\/page\/#\/schema\/person\/a49f233ef2777ec7b2e8d0662325bb48"},"headline":"Kdo bodo prejemniki ob\u010dinskih priznanj?","datePublished":"2023-03-01T14:06:23+00:00","mainEntityOfPage":{"@id":"https:\/\/novice.si\/page\/kdo-bodo-prejemniki-obcinskih-priznanj\/"},"wordCount":249,"publisher":{"@id":"https:\/\/novice.si\/page\/#organization"},"image":{"@id":"https:\/\/novice.si\/page\/kdo-bodo-prejemniki-obcinskih-priznanj\/#primaryimage"},"thumbnailUrl":"https:\/\/novice.si\/page\/wp-content\/uploads\/2023\/03\/izpostavljeno-seja-1155.jpg","articleSection":["Aktualno","Celjan","Celjsko"],"inLanguage":"sl-SI"},{"@type":"WebPage","@id":"https:\/\/novice.si\/page\/kdo-bodo-prejemniki-obcinskih-priznanj\/","url":"https:\/\/novice.si\/page\/kdo-bodo-prejemniki-obcinskih-priznanj\/","name":"Kdo bodo prejemniki ob\u010dinskih priznanj? - Novice.si","isPartOf":{"@id":"https:\/\/novice.si\/page\/#website"},"primaryImageOfPage":{"@id":"https:\/\/novice.si\/page\/kdo-bodo-prejemniki-obcinskih-priznanj\/#primaryimage"},"image":{"@id":"https:\/\/novice.si\/page\/kdo-bodo-prejemniki-obcinskih-priznanj\/#primaryimage"},"thumbnailUrl":"https:\/\/novice.si\/page\/wp-content\/uploads\/2023\/03\/izpostavljeno-seja-1155.jpg","datePublished":"2023-03-01T14:06:23+00:00","breadcrumb":{"@id":"https:\/\/novice.si\/page\/kdo-bodo-prejemniki-obcinskih-priznanj\/#breadcrumb"},"inLanguage":"sl-SI","potentialAction":[{"@type":"ReadAction","target":["https:\/\/novice.si\/page\/kdo-bodo-prejemniki-obcinskih-priznanj\/"]}]},{"@type":"ImageObject","inLanguage":"sl-SI","@id":"https:\/\/novice.si\/page\/kdo-bodo-prejemniki-obcinskih-priznanj\/#primaryimage","url":"https:\/\/novice.si\/page\/wp-content\/uploads\/2023\/03\/izpostavljeno-seja-1155.jpg","contentUrl":"https:\/\/novice.si\/page\/wp-content\/uploads\/2023\/03\/izpostavljeno-seja-1155.jpg","width":1600,"height":1200,"caption":"Na mestni seji so potrdili prejemnike celjskih grbov in naziva \u010dastni me\u0161\u010dan. Foto Uro\u0161 Urlep"},{"@type":"BreadcrumbList","@id":"https:\/\/novice.si\/page\/kdo-bodo-prejemniki-obcinskih-priznanj\/#breadcrumb","itemListElement":[{"@type":"ListItem","position":1,"name":"Home","item":"https:\/\/novice.si\/page\/"},{"@type":"ListItem","position":2,"name":"Kdo bodo prejemniki ob\u010dinskih priznanj?"}]},{"@type":"WebSite","@id":"https:\/\/novice.si\/page\/#website","url":"https:\/\/novice.si\/page\/","name":"Novice.si","description":"","publisher":{"@id":"https:\/\/novice.si\/page\/#organization"},"potentialAction":[{"@type":"SearchAction","target":{"@type":"EntryPoint","urlTemplate":"https:\/\/novice.si\/page\/?s={search_term_string}"},"query-input":{"@type":"PropertyValueSpecification","valueRequired":true,"valueName":"search_term_string"}}],"inLanguage":"sl-SI"},{"@type":"Organization","@id":"https:\/\/novice.si\/page\/#organization","name":"Novice.si","url":"https:\/\/novice.si\/page\/","logo":{"@type":"ImageObject","inLanguage":"sl-SI","@id":"https:\/\/novice.si\/page\/#\/schema\/logo\/image\/","url":"https:\/\/novice.si\/page\/wp-content\/uploads\/2023\/03\/novice_si.png","contentUrl":"https:\/\/novice.si\/page\/wp-content\/uploads\/2023\/03\/novice_si.png","width":576,"height":200,"caption":"Novice.si"},"image":{"@id":"https:\/\/novice.si\/page\/#\/schema\/logo\/image\/"}},{"@type":"Person","@id":"https:\/\/novice.si\/page\/#\/schema\/person\/a49f233ef2777ec7b2e8d0662325bb48","name":"Uredni\u0161tvo Celjana","image":{"@type":"ImageObject","inLanguage":"sl-SI","@id":"https:\/\/secure.gravatar.com\/avatar\/7f7863e616af8f92806c638dd1db3f1a238d83d1cc2ec3100afc06fbb7eb303f?s=96&d=mm&r=g","url":"https:\/\/secure.gravatar.com\/avatar\/7f7863e616af8f92806c638dd1db3f1a238d83d1cc2ec3100afc06fbb7eb303f?s=96&d=mm&r=g","contentUrl":"https:\/\/secure.gravatar.com\/avatar\/7f7863e616af8f92806c638dd1db3f1a238d83d1cc2ec3100afc06fbb7eb303f?s=96&d=mm&r=g","caption":"Uredni\u0161tvo Celjana"},"url":"https:\/\/novice.si\/page\/author\/maja\/"}]}},"_links":{"self":[{"href":"https:\/\/novice.si\/page\/wp-json\/wp\/v2\/posts\/160469","targetHints":{"allow":["GET"]}}],"collection":[{"href":"https:\/\/novice.si\/page\/wp-json\/wp\/v2\/posts"}],"about":[{"href":"https:\/\/novice.si\/page\/wp-json\/wp\/v2\/types\/post"}],"author":[{"embeddable":true,"href":"https:\/\/novice.si\/page\/wp-json\/wp\/v2\/users\/55"}],"replies":[{"embeddable":true,"href":"https:\/\/novice.si\/page\/wp-json\/wp\/v2\/comments?post=160469"}],"version-history":[{"count":1,"href":"https:\/\/novice.si\/page\/wp-json\/wp\/v2\/posts\/160469\/revisions"}],"predecessor-version":[{"id":160471,"href":"https:\/\/novice.si\/page\/wp-json\/wp\/v2\/posts\/160469\/revisions\/160471"}],"wp:featuredmedia":[{"embeddable":true,"href":"https:\/\/novice.si\/page\/wp-json\/wp\/v2\/media\/160470"}],"wp:attachment":[{"href":"https:\/\/novice.si\/page\/wp-json\/wp\/v2\/media?parent=160469"}],"wp:term":[{"taxonomy":"category","embeddable":true,"href":"https:\/\/novice.si\/page\/wp-json\/wp\/v2\/categories?post=160469"},{"taxonomy":"post_tag","embeddable":true,"href":"https:\/\/novice.si\/page\/wp-json\/wp\/v2\/tags?post=160469"}],"curies":[{"name":"wp","href":"https:\/\/api.w.org\/{rel}","templated":true}]}}