{"id":160457,"date":"2023-03-01T12:11:08","date_gmt":"2023-03-01T11:11:08","guid":{"rendered":"https:\/\/novice.si\/page\/?p=160457"},"modified":"2023-03-01T12:12:07","modified_gmt":"2023-03-01T11:12:07","slug":"v-marcu-poteka-vpis-v-vrtce","status":"publish","type":"post","link":"https:\/\/novice.si\/page\/v-marcu-poteka-vpis-v-vrtce\/","title":{"rendered":"Sl. Bistrica: V marcu poteka vpis v vrtce"},"content":{"rendered":"<p>V marcu poteka vpis pred\u0161olskih otrok v Vrtec Otona \u017dupan\u010di\u010da Slovenska Bistrica za prihodnje \u0161olsko leto. Vloge za vpis dobijo star\u0161i na vseh enotah vrtca, na sede\u017eu in tudi na spletni strani vrtca. O sprejemu otroka bodo star\u0161i pisno obve\u0161\u010deni v maju.<br \/>\n\u00bbV primeru prostih mest pa bo vrtec vpisoval otroke tudi med \u0161olskim letom, tako kot delamo to \u017ee zdaj,\u00ab pravi ravnateljica <strong>Aleksandra Pir\u0161<\/strong> in pojasni, da so v tem \u0161olskem letu, septembra, za\u010deli z 78 oddelki, zdaj jih imajo 81. Kasneje med letom torej vpeljejo \u0161e 3 ali 4 dodatne oddelke. <strong>\u00a0<\/strong><\/p>\n<p><strong>Kako je v vrtcu?<\/strong><br \/>\nStar\u0161i si lahko pridejo ogledat vrtec, kamor \u017eelijo vpisati otroka, ter pridobiti \u0161tevilne odgovore na licu mesta. V <strong>petek, 24. marca<\/strong>, vabijo na <strong>dan odprtih vrat<\/strong> <em>Igrajmo se skupaj<\/em>, ki bo na vseh enotah vrtca od 14. do 18. ure. (B. Petelin\u0161ek, foto: Vrtec Otona \u017dupan\u010di\u010da Slovenska Bistrica)<\/p>\n<p><strong> <a href=\"https:\/\/novice.si\/page\/wp-content\/uploads\/2023\/03\/vrtec1_resize.jpg\" data-gallery><img loading=\"lazy\" decoding=\"async\" class=\"alignnone size-medium wp-image-160458\" src=\"https:\/\/novice.si\/page\/wp-content\/uploads\/2023\/03\/vrtec1_resize-300x213.jpg\" alt=\"\" width=\"300\" height=\"213\" srcset=\"https:\/\/novice.si\/page\/wp-content\/uploads\/2023\/03\/vrtec1_resize-300x213.jpg 300w, https:\/\/novice.si\/page\/wp-content\/uploads\/2023\/03\/vrtec1_resize-768x545.jpg 768w, https:\/\/novice.si\/page\/wp-content\/uploads\/2023\/03\/vrtec1_resize-100x70.jpg 100w, https:\/\/novice.si\/page\/wp-content\/uploads\/2023\/03\/vrtec1_resize-696x494.jpg 696w, https:\/\/novice.si\/page\/wp-content\/uploads\/2023\/03\/vrtec1_resize-592x420.jpg 592w, https:\/\/novice.si\/page\/wp-content\/uploads\/2023\/03\/vrtec1_resize-24x17.jpg 24w, https:\/\/novice.si\/page\/wp-content\/uploads\/2023\/03\/vrtec1_resize-36x26.jpg 36w, https:\/\/novice.si\/page\/wp-content\/uploads\/2023\/03\/vrtec1_resize-48x34.jpg 48w, https:\/\/novice.si\/page\/wp-content\/uploads\/2023\/03\/vrtec1_resize.jpg 986w\" sizes=\"auto, (max-width: 300px) 100vw, 300px\" \/><\/a><\/strong><\/p>\n","protected":false},"excerpt":{"rendered":"<p>V marcu poteka vpis pred\u0161olskih otrok v Vrtec Otona \u017dupan\u010di\u010da Slovenska Bistrica za prihodnje \u0161olsko leto. Vloge za vpis dobijo star\u0161i na vseh enotah vrtca, na sede\u017eu in tudi na spletni strani vrtca. O sprejemu otroka bodo star\u0161i pisno obve\u0161\u010deni v maju. \u00bbV primeru prostih mest pa bo vrtec vpisoval otroke tudi med \u0161olskim letom, [&hellip;]<\/p>\n","protected":false},"author":8,"featured_media":160458,"comment_status":"closed","ping_status":"closed","sticky":false,"template":"","format":"standard","meta":{"footnotes":""},"categories":[14,32],"tags":[17210,171,5226,636],"class_list":{"0":"post-160457","1":"post","2":"type-post","3":"status-publish","4":"format-standard","5":"has-post-thumbnail","7":"category-aktualno","8":"category-bistrisko","9":"tag-pirs","10":"tag-slovenska-bistrica","11":"tag-vpis","12":"tag-vrtec"},"yoast_head":"<!-- This site is optimized with the Yoast SEO plugin v27.4 - https:\/\/yoast.com\/product\/yoast-seo-wordpress\/ -->\n<title>Sl. Bistrica: V marcu poteka vpis v vrtce - Novice.si<\/title>\n<meta name=\"robots\" content=\"index, follow, max-snippet:-1, max-image-preview:large, max-video-preview:-1\" \/>\n<link rel=\"canonical\" href=\"https:\/\/novice.si\/page\/v-marcu-poteka-vpis-v-vrtce\/\" \/>\n<meta property=\"og:locale\" content=\"sl_SI\" \/>\n<meta property=\"og:type\" content=\"article\" \/>\n<meta property=\"og:title\" content=\"Sl. Bistrica: V marcu poteka vpis v vrtce - Novice.si\" \/>\n<meta property=\"og:description\" content=\"V marcu poteka vpis pred\u0161olskih otrok v Vrtec Otona \u017dupan\u010di\u010da Slovenska Bistrica za prihodnje \u0161olsko leto. Vloge za vpis dobijo star\u0161i na vseh enotah vrtca, na sede\u017eu in tudi na spletni strani vrtca. O sprejemu otroka bodo star\u0161i pisno obve\u0161\u010deni v maju. \u00bbV primeru prostih mest pa bo vrtec vpisoval otroke tudi med \u0161olskim letom, [&hellip;]\" \/>\n<meta property=\"og:url\" content=\"https:\/\/novice.si\/page\/v-marcu-poteka-vpis-v-vrtce\/\" \/>\n<meta property=\"og:site_name\" content=\"Novice.si\" \/>\n<meta property=\"article:published_time\" content=\"2023-03-01T11:11:08+00:00\" \/>\n<meta property=\"article:modified_time\" content=\"2023-03-01T11:12:07+00:00\" \/>\n<meta property=\"og:image\" content=\"https:\/\/novice.si\/page\/wp-content\/uploads\/2023\/03\/vrtec1_resize.jpg\" \/>\n\t<meta property=\"og:image:width\" content=\"986\" \/>\n\t<meta property=\"og:image:height\" content=\"700\" \/>\n\t<meta property=\"og:image:type\" content=\"image\/jpeg\" \/>\n<meta name=\"author\" content=\"Uredni\u0161tvo Bistri\u0161kih novic\" \/>\n<meta name=\"twitter:card\" content=\"summary_large_image\" \/>\n<meta name=\"twitter:label1\" content=\"Written by\" \/>\n\t<meta name=\"twitter:data1\" content=\"Uredni\u0161tvo Bistri\u0161kih novic\" \/>\n\t<meta name=\"twitter:label2\" content=\"Est. reading time\" \/>\n\t<meta name=\"twitter:data2\" content=\"2 minuti\" \/>\n<script type=\"application\/ld+json\" class=\"yoast-schema-graph\">{\"@context\":\"https:\\\/\\\/schema.org\",\"@graph\":[{\"@type\":\"Article\",\"@id\":\"https:\\\/\\\/novice.si\\\/page\\\/v-marcu-poteka-vpis-v-vrtce\\\/#article\",\"isPartOf\":{\"@id\":\"https:\\\/\\\/novice.si\\\/page\\\/v-marcu-poteka-vpis-v-vrtce\\\/\"},\"author\":{\"name\":\"Uredni\u0161tvo Bistri\u0161kih novic\",\"@id\":\"https:\\\/\\\/novice.si\\\/page\\\/#\\\/schema\\\/person\\\/96b32396deedcde3f7f776c306b4be21\"},\"headline\":\"Sl. Bistrica: V marcu poteka vpis v vrtce\",\"datePublished\":\"2023-03-01T11:11:08+00:00\",\"dateModified\":\"2023-03-01T11:12:07+00:00\",\"mainEntityOfPage\":{\"@id\":\"https:\\\/\\\/novice.si\\\/page\\\/v-marcu-poteka-vpis-v-vrtce\\\/\"},\"wordCount\":158,\"publisher\":{\"@id\":\"https:\\\/\\\/novice.si\\\/page\\\/#organization\"},\"image\":{\"@id\":\"https:\\\/\\\/novice.si\\\/page\\\/v-marcu-poteka-vpis-v-vrtce\\\/#primaryimage\"},\"thumbnailUrl\":\"https:\\\/\\\/novice.si\\\/page\\\/wp-content\\\/uploads\\\/2023\\\/03\\\/vrtec1_resize.jpg\",\"keywords\":[\"Pir\u0161\",\"Slovenska Bistrica\",\"vpis\",\"vrtec\"],\"articleSection\":[\"Aktualno\",\"Bistri\u0161ko\"],\"inLanguage\":\"sl-SI\"},{\"@type\":\"WebPage\",\"@id\":\"https:\\\/\\\/novice.si\\\/page\\\/v-marcu-poteka-vpis-v-vrtce\\\/\",\"url\":\"https:\\\/\\\/novice.si\\\/page\\\/v-marcu-poteka-vpis-v-vrtce\\\/\",\"name\":\"Sl. Bistrica: V marcu poteka vpis v vrtce - Novice.si\",\"isPartOf\":{\"@id\":\"https:\\\/\\\/novice.si\\\/page\\\/#website\"},\"primaryImageOfPage\":{\"@id\":\"https:\\\/\\\/novice.si\\\/page\\\/v-marcu-poteka-vpis-v-vrtce\\\/#primaryimage\"},\"image\":{\"@id\":\"https:\\\/\\\/novice.si\\\/page\\\/v-marcu-poteka-vpis-v-vrtce\\\/#primaryimage\"},\"thumbnailUrl\":\"https:\\\/\\\/novice.si\\\/page\\\/wp-content\\\/uploads\\\/2023\\\/03\\\/vrtec1_resize.jpg\",\"datePublished\":\"2023-03-01T11:11:08+00:00\",\"dateModified\":\"2023-03-01T11:12:07+00:00\",\"breadcrumb\":{\"@id\":\"https:\\\/\\\/novice.si\\\/page\\\/v-marcu-poteka-vpis-v-vrtce\\\/#breadcrumb\"},\"inLanguage\":\"sl-SI\",\"potentialAction\":[{\"@type\":\"ReadAction\",\"target\":[\"https:\\\/\\\/novice.si\\\/page\\\/v-marcu-poteka-vpis-v-vrtce\\\/\"]}]},{\"@type\":\"ImageObject\",\"inLanguage\":\"sl-SI\",\"@id\":\"https:\\\/\\\/novice.si\\\/page\\\/v-marcu-poteka-vpis-v-vrtce\\\/#primaryimage\",\"url\":\"https:\\\/\\\/novice.si\\\/page\\\/wp-content\\\/uploads\\\/2023\\\/03\\\/vrtec1_resize.jpg\",\"contentUrl\":\"https:\\\/\\\/novice.si\\\/page\\\/wp-content\\\/uploads\\\/2023\\\/03\\\/vrtec1_resize.jpg\",\"width\":986,\"height\":700},{\"@type\":\"BreadcrumbList\",\"@id\":\"https:\\\/\\\/novice.si\\\/page\\\/v-marcu-poteka-vpis-v-vrtce\\\/#breadcrumb\",\"itemListElement\":[{\"@type\":\"ListItem\",\"position\":1,\"name\":\"Home\",\"item\":\"https:\\\/\\\/novice.si\\\/page\\\/\"},{\"@type\":\"ListItem\",\"position\":2,\"name\":\"Sl. Bistrica: V marcu poteka vpis v vrtce\"}]},{\"@type\":\"WebSite\",\"@id\":\"https:\\\/\\\/novice.si\\\/page\\\/#website\",\"url\":\"https:\\\/\\\/novice.si\\\/page\\\/\",\"name\":\"Novice.si\",\"description\":\"\",\"publisher\":{\"@id\":\"https:\\\/\\\/novice.si\\\/page\\\/#organization\"},\"potentialAction\":[{\"@type\":\"SearchAction\",\"target\":{\"@type\":\"EntryPoint\",\"urlTemplate\":\"https:\\\/\\\/novice.si\\\/page\\\/?s={search_term_string}\"},\"query-input\":{\"@type\":\"PropertyValueSpecification\",\"valueRequired\":true,\"valueName\":\"search_term_string\"}}],\"inLanguage\":\"sl-SI\"},{\"@type\":\"Organization\",\"@id\":\"https:\\\/\\\/novice.si\\\/page\\\/#organization\",\"name\":\"Novice.si\",\"url\":\"https:\\\/\\\/novice.si\\\/page\\\/\",\"logo\":{\"@type\":\"ImageObject\",\"inLanguage\":\"sl-SI\",\"@id\":\"https:\\\/\\\/novice.si\\\/page\\\/#\\\/schema\\\/logo\\\/image\\\/\",\"url\":\"https:\\\/\\\/novice.si\\\/page\\\/wp-content\\\/uploads\\\/2023\\\/03\\\/novice_si.png\",\"contentUrl\":\"https:\\\/\\\/novice.si\\\/page\\\/wp-content\\\/uploads\\\/2023\\\/03\\\/novice_si.png\",\"width\":576,\"height\":200,\"caption\":\"Novice.si\"},\"image\":{\"@id\":\"https:\\\/\\\/novice.si\\\/page\\\/#\\\/schema\\\/logo\\\/image\\\/\"}},{\"@type\":\"Person\",\"@id\":\"https:\\\/\\\/novice.si\\\/page\\\/#\\\/schema\\\/person\\\/96b32396deedcde3f7f776c306b4be21\",\"name\":\"Uredni\u0161tvo Bistri\u0161kih novic\",\"image\":{\"@type\":\"ImageObject\",\"inLanguage\":\"sl-SI\",\"@id\":\"https:\\\/\\\/secure.gravatar.com\\\/avatar\\\/26c56c4b10cdb3a21e86442e5f2845a4eafdd0f3605def77ec6cff4aaef32ea4?s=96&d=mm&r=g\",\"url\":\"https:\\\/\\\/secure.gravatar.com\\\/avatar\\\/26c56c4b10cdb3a21e86442e5f2845a4eafdd0f3605def77ec6cff4aaef32ea4?s=96&d=mm&r=g\",\"contentUrl\":\"https:\\\/\\\/secure.gravatar.com\\\/avatar\\\/26c56c4b10cdb3a21e86442e5f2845a4eafdd0f3605def77ec6cff4aaef32ea4?s=96&d=mm&r=g\",\"caption\":\"Uredni\u0161tvo Bistri\u0161kih novic\"},\"url\":\"https:\\\/\\\/novice.si\\\/page\\\/author\\\/bojana\\\/\"}]}<\/script>\n<!-- \/ Yoast SEO plugin. -->","yoast_head_json":{"title":"Sl. Bistrica: V marcu poteka vpis v vrtce - Novice.si","robots":{"index":"index","follow":"follow","max-snippet":"max-snippet:-1","max-image-preview":"max-image-preview:large","max-video-preview":"max-video-preview:-1"},"canonical":"https:\/\/novice.si\/page\/v-marcu-poteka-vpis-v-vrtce\/","og_locale":"sl_SI","og_type":"article","og_title":"Sl. Bistrica: V marcu poteka vpis v vrtce - Novice.si","og_description":"V marcu poteka vpis pred\u0161olskih otrok v Vrtec Otona \u017dupan\u010di\u010da Slovenska Bistrica za prihodnje \u0161olsko leto. Vloge za vpis dobijo star\u0161i na vseh enotah vrtca, na sede\u017eu in tudi na spletni strani vrtca. O sprejemu otroka bodo star\u0161i pisno obve\u0161\u010deni v maju. \u00bbV primeru prostih mest pa bo vrtec vpisoval otroke tudi med \u0161olskim letom, [&hellip;]","og_url":"https:\/\/novice.si\/page\/v-marcu-poteka-vpis-v-vrtce\/","og_site_name":"Novice.si","article_published_time":"2023-03-01T11:11:08+00:00","article_modified_time":"2023-03-01T11:12:07+00:00","og_image":[{"width":986,"height":700,"url":"https:\/\/novice.si\/page\/wp-content\/uploads\/2023\/03\/vrtec1_resize.jpg","type":"image\/jpeg"}],"author":"Uredni\u0161tvo Bistri\u0161kih novic","twitter_card":"summary_large_image","twitter_misc":{"Written by":"Uredni\u0161tvo Bistri\u0161kih novic","Est. reading time":"2 minuti"},"schema":{"@context":"https:\/\/schema.org","@graph":[{"@type":"Article","@id":"https:\/\/novice.si\/page\/v-marcu-poteka-vpis-v-vrtce\/#article","isPartOf":{"@id":"https:\/\/novice.si\/page\/v-marcu-poteka-vpis-v-vrtce\/"},"author":{"name":"Uredni\u0161tvo Bistri\u0161kih novic","@id":"https:\/\/novice.si\/page\/#\/schema\/person\/96b32396deedcde3f7f776c306b4be21"},"headline":"Sl. Bistrica: V marcu poteka vpis v vrtce","datePublished":"2023-03-01T11:11:08+00:00","dateModified":"2023-03-01T11:12:07+00:00","mainEntityOfPage":{"@id":"https:\/\/novice.si\/page\/v-marcu-poteka-vpis-v-vrtce\/"},"wordCount":158,"publisher":{"@id":"https:\/\/novice.si\/page\/#organization"},"image":{"@id":"https:\/\/novice.si\/page\/v-marcu-poteka-vpis-v-vrtce\/#primaryimage"},"thumbnailUrl":"https:\/\/novice.si\/page\/wp-content\/uploads\/2023\/03\/vrtec1_resize.jpg","keywords":["Pir\u0161","Slovenska Bistrica","vpis","vrtec"],"articleSection":["Aktualno","Bistri\u0161ko"],"inLanguage":"sl-SI"},{"@type":"WebPage","@id":"https:\/\/novice.si\/page\/v-marcu-poteka-vpis-v-vrtce\/","url":"https:\/\/novice.si\/page\/v-marcu-poteka-vpis-v-vrtce\/","name":"Sl. Bistrica: V marcu poteka vpis v vrtce - Novice.si","isPartOf":{"@id":"https:\/\/novice.si\/page\/#website"},"primaryImageOfPage":{"@id":"https:\/\/novice.si\/page\/v-marcu-poteka-vpis-v-vrtce\/#primaryimage"},"image":{"@id":"https:\/\/novice.si\/page\/v-marcu-poteka-vpis-v-vrtce\/#primaryimage"},"thumbnailUrl":"https:\/\/novice.si\/page\/wp-content\/uploads\/2023\/03\/vrtec1_resize.jpg","datePublished":"2023-03-01T11:11:08+00:00","dateModified":"2023-03-01T11:12:07+00:00","breadcrumb":{"@id":"https:\/\/novice.si\/page\/v-marcu-poteka-vpis-v-vrtce\/#breadcrumb"},"inLanguage":"sl-SI","potentialAction":[{"@type":"ReadAction","target":["https:\/\/novice.si\/page\/v-marcu-poteka-vpis-v-vrtce\/"]}]},{"@type":"ImageObject","inLanguage":"sl-SI","@id":"https:\/\/novice.si\/page\/v-marcu-poteka-vpis-v-vrtce\/#primaryimage","url":"https:\/\/novice.si\/page\/wp-content\/uploads\/2023\/03\/vrtec1_resize.jpg","contentUrl":"https:\/\/novice.si\/page\/wp-content\/uploads\/2023\/03\/vrtec1_resize.jpg","width":986,"height":700},{"@type":"BreadcrumbList","@id":"https:\/\/novice.si\/page\/v-marcu-poteka-vpis-v-vrtce\/#breadcrumb","itemListElement":[{"@type":"ListItem","position":1,"name":"Home","item":"https:\/\/novice.si\/page\/"},{"@type":"ListItem","position":2,"name":"Sl. Bistrica: V marcu poteka vpis v vrtce"}]},{"@type":"WebSite","@id":"https:\/\/novice.si\/page\/#website","url":"https:\/\/novice.si\/page\/","name":"Novice.si","description":"","publisher":{"@id":"https:\/\/novice.si\/page\/#organization"},"potentialAction":[{"@type":"SearchAction","target":{"@type":"EntryPoint","urlTemplate":"https:\/\/novice.si\/page\/?s={search_term_string}"},"query-input":{"@type":"PropertyValueSpecification","valueRequired":true,"valueName":"search_term_string"}}],"inLanguage":"sl-SI"},{"@type":"Organization","@id":"https:\/\/novice.si\/page\/#organization","name":"Novice.si","url":"https:\/\/novice.si\/page\/","logo":{"@type":"ImageObject","inLanguage":"sl-SI","@id":"https:\/\/novice.si\/page\/#\/schema\/logo\/image\/","url":"https:\/\/novice.si\/page\/wp-content\/uploads\/2023\/03\/novice_si.png","contentUrl":"https:\/\/novice.si\/page\/wp-content\/uploads\/2023\/03\/novice_si.png","width":576,"height":200,"caption":"Novice.si"},"image":{"@id":"https:\/\/novice.si\/page\/#\/schema\/logo\/image\/"}},{"@type":"Person","@id":"https:\/\/novice.si\/page\/#\/schema\/person\/96b32396deedcde3f7f776c306b4be21","name":"Uredni\u0161tvo Bistri\u0161kih novic","image":{"@type":"ImageObject","inLanguage":"sl-SI","@id":"https:\/\/secure.gravatar.com\/avatar\/26c56c4b10cdb3a21e86442e5f2845a4eafdd0f3605def77ec6cff4aaef32ea4?s=96&d=mm&r=g","url":"https:\/\/secure.gravatar.com\/avatar\/26c56c4b10cdb3a21e86442e5f2845a4eafdd0f3605def77ec6cff4aaef32ea4?s=96&d=mm&r=g","contentUrl":"https:\/\/secure.gravatar.com\/avatar\/26c56c4b10cdb3a21e86442e5f2845a4eafdd0f3605def77ec6cff4aaef32ea4?s=96&d=mm&r=g","caption":"Uredni\u0161tvo Bistri\u0161kih novic"},"url":"https:\/\/novice.si\/page\/author\/bojana\/"}]}},"_links":{"self":[{"href":"https:\/\/novice.si\/page\/wp-json\/wp\/v2\/posts\/160457","targetHints":{"allow":["GET"]}}],"collection":[{"href":"https:\/\/novice.si\/page\/wp-json\/wp\/v2\/posts"}],"about":[{"href":"https:\/\/novice.si\/page\/wp-json\/wp\/v2\/types\/post"}],"author":[{"embeddable":true,"href":"https:\/\/novice.si\/page\/wp-json\/wp\/v2\/users\/8"}],"replies":[{"embeddable":true,"href":"https:\/\/novice.si\/page\/wp-json\/wp\/v2\/comments?post=160457"}],"version-history":[{"count":2,"href":"https:\/\/novice.si\/page\/wp-json\/wp\/v2\/posts\/160457\/revisions"}],"predecessor-version":[{"id":160460,"href":"https:\/\/novice.si\/page\/wp-json\/wp\/v2\/posts\/160457\/revisions\/160460"}],"wp:featuredmedia":[{"embeddable":true,"href":"https:\/\/novice.si\/page\/wp-json\/wp\/v2\/media\/160458"}],"wp:attachment":[{"href":"https:\/\/novice.si\/page\/wp-json\/wp\/v2\/media?parent=160457"}],"wp:term":[{"taxonomy":"category","embeddable":true,"href":"https:\/\/novice.si\/page\/wp-json\/wp\/v2\/categories?post=160457"},{"taxonomy":"post_tag","embeddable":true,"href":"https:\/\/novice.si\/page\/wp-json\/wp\/v2\/tags?post=160457"}],"curies":[{"name":"wp","href":"https:\/\/api.w.org\/{rel}","templated":true}]}}