{"id":160425,"date":"2023-02-28T14:09:12","date_gmt":"2023-02-28T13:09:12","guid":{"rendered":"https:\/\/novice.si\/page\/?p=160425"},"modified":"2023-03-01T08:37:08","modified_gmt":"2023-03-01T07:37:08","slug":"celjani-bodo-v-alpsko-hokejsko-ligo-vstopili-z-novim-generalnim-pokroviteljem","status":"publish","type":"post","link":"https:\/\/novice.si\/page\/celjani-bodo-v-alpsko-hokejsko-ligo-vstopili-z-novim-generalnim-pokroviteljem\/","title":{"rendered":"Celjani bodo v Alpsko hokejsko ligo vstopili z novim generalnim pokroviteljem"},"content":{"rendered":"<p>Hokejski klub LedX Celje je za naslednjo sezono oddal prijavo za igranje v Alpski hokejski ligi (AHL). S tem prehajajo na vi\u0161jo raven tekmovanja, kar zelo veseli tudi vodstvo Hokejske zveze Slovenije. Predsednik celjskega kluba <strong>Vid Valen\u010dak<\/strong> poudarja, da v zadnjih letih sistemsko dvigujejo organizacijski, strokovni in finan\u010dni nivo kluba. Zdaj so tako dale\u010d, da si lahko privo\u0161\u010dijo \u0161e korak naprej. &#8220;Za to potezo smo se odlo\u010dili predvsem zaradi mladih fantov, da bodo v Celju dobili primeren nivo tekmovanja. Sicer nam vsi \u017ee pri trinajstih ali \u0161tirinajstih letih razmi\u0161ljajo o odhodu v druge klube ali v tujino,&#8221; je \u017ee pred dnevi za radio Rogla in tednik Celjan pojasnil Valen\u010dak.<br \/>\nDanes so na Starem gradu Celje pripravili tudi novinarsko konferenco, na kateri so Celjani med drugim podpisali pogodbo z novim generalnim pokroviteljem za naslednji dve sezoni &#8211; podjetjem RST Pellet, ki ga je zastopal <strong>Hans Waschnig<\/strong>. Nadaljnjo finan\u010dno pomo\u010d je celjskemu hokejskemu klubu obljubil tudi predstavnik dosedanjega glavnega pokrovitelja LedX <strong>Andrej Bizaj<\/strong>. Klub in njihova prizadevanja pri nadaljnjem razvoju so pri\u0161el podpreti tudi celjski \u017eupan <strong>Matija Kova\u010d<\/strong>, predsednik in generalni sekretar Hokejske zveze Slovenije <strong>Matja\u017e Rakovec<\/strong> in<strong> Dejan Kontrec<\/strong>, ter direktor AHL <strong>Christian Feichtinger<\/strong>.<br \/>\n<em>Ve\u010d o tekmovalnih ciljih celjske ekipe in finan\u010dnih posledicah vstopa v AHL pa naslednji teden v tedniku Celjan.<\/em> (Jure Mernik)<\/p>\n<p>Preberite tudi:<br \/>\nCeljski hokejisti zanesljivo v polfinale lige IHL<br \/>\n<a href=\"https:\/\/novice.si\/page\/celjski-hokejisti-zanesljivo-v-polfinale-lige-ihl\/\">https:\/\/novice.si\/page\/celjski-hokejisti-zanesljivo-v-polfinale-lige-ihl\/<\/a><\/p>\n\r\n                <style type=\"text\/css\">\r\n                    \r\n                    #tdi_1  .td-doubleSlider-2 .td-item1 {\r\n                        background: url(https:\/\/novice.si\/page\/wp-content\/uploads\/2023\/02\/IMG_7859_resize-80x60.jpg) 0 0 no-repeat;\r\n                    }\r\n                    #tdi_1  .td-doubleSlider-2 .td-item2 {\r\n                        background: url(https:\/\/novice.si\/page\/wp-content\/uploads\/2023\/02\/IMG_7861_resize-80x60.jpg) 0 0 no-repeat;\r\n                    }\r\n                    #tdi_1  .td-doubleSlider-2 .td-item3 {\r\n                        background: url(https:\/\/novice.si\/page\/wp-content\/uploads\/2023\/02\/IMG_7868_resize-80x60.jpg) 0 0 no-repeat;\r\n                    }\r\n                    #tdi_1  .td-doubleSlider-2 .td-item4 {\r\n                        background: url(https:\/\/novice.si\/page\/wp-content\/uploads\/2023\/02\/IMG_7870_resize-80x60.jpg) 0 0 no-repeat;\r\n                    }\r\n                <\/style>\r\n\r\n                <div id=\"tdi_1\" class=\"td-gallery td-slide-on-2-columns\">\r\n                    <div class=\"post_td_gallery\">\r\n                        <div class=\"td-gallery-slide-top\">\r\n                           <div class=\"td-gallery-title\"><\/div>\r\n\r\n                            <div class=\"td-gallery-controls-wrapper\">\r\n                                <div class=\"td-gallery-slide-count\"><span class=\"td-gallery-slide-item-focus\">1<\/span> od 4<\/div>\r\n                                <div class=\"td-gallery-slide-prev-next-but\">\r\n                                    <i class = \"td-icon-left doubleSliderPrevButton\"><\/i>\r\n                                    <i class = \"td-icon-right doubleSliderNextButton\"><\/i>\r\n                                <\/div>\r\n                            <\/div>\r\n                        <\/div>\r\n\r\n                        <div class = \"td-doubleSlider-1 \">\r\n                            <div class = \"td-slider\">\r\n                                \r\n                    <div class = \"td-slide-item td-item1\">\r\n                        <figure class=\"td-slide-galery-figure td-slide-popup-gallery\">\r\n                            <a class=\"slide-gallery-image-link\" href=\"https:\/\/novice.si\/page\/wp-content\/uploads\/2023\/02\/IMG_7859_resize.jpg\" title=\"IMG_7859_resize\"  data-caption=\"\"  data-description=\"\" data-gallery>\r\n                                <img decoding=\"async\" src=\"https:\/\/novice.si\/page\/wp-content\/uploads\/2023\/02\/IMG_7859_resize-630x420.jpg\" srcset=\"https:\/\/novice.si\/page\/wp-content\/uploads\/2023\/02\/IMG_7859_resize-630x420.jpg 630w, https:\/\/novice.si\/page\/wp-content\/uploads\/2023\/02\/IMG_7859_resize-300x200.jpg 300w, https:\/\/novice.si\/page\/wp-content\/uploads\/2023\/02\/IMG_7859_resize-768x512.jpg 768w, https:\/\/novice.si\/page\/wp-content\/uploads\/2023\/02\/IMG_7859_resize-696x464.jpg 696w, https:\/\/novice.si\/page\/wp-content\/uploads\/2023\/02\/IMG_7859_resize-24x16.jpg 24w, https:\/\/novice.si\/page\/wp-content\/uploads\/2023\/02\/IMG_7859_resize-36x24.jpg 36w, https:\/\/novice.si\/page\/wp-content\/uploads\/2023\/02\/IMG_7859_resize-48x32.jpg 48w, https:\/\/novice.si\/page\/wp-content\/uploads\/2023\/02\/IMG_7859_resize.jpg 800w\" sizes=\"(max-width: 630px) 100vw, 630px\" alt=\"\">\r\n                            <\/a>\r\n                            \r\n                        <\/figure>\r\n                    <\/div>\r\n                    <div class = \"td-slide-item td-item2\">\r\n                        <figure class=\"td-slide-galery-figure td-slide-popup-gallery\">\r\n                            <a class=\"slide-gallery-image-link\" href=\"https:\/\/novice.si\/page\/wp-content\/uploads\/2023\/02\/IMG_7861_resize.jpg\" title=\"IMG_7861_resize\"  data-caption=\"\"  data-description=\"\" data-gallery>\r\n                                <img decoding=\"async\" src=\"https:\/\/novice.si\/page\/wp-content\/uploads\/2023\/02\/IMG_7861_resize-630x420.jpg\" srcset=\"https:\/\/novice.si\/page\/wp-content\/uploads\/2023\/02\/IMG_7861_resize-630x420.jpg 630w, https:\/\/novice.si\/page\/wp-content\/uploads\/2023\/02\/IMG_7861_resize-300x200.jpg 300w, https:\/\/novice.si\/page\/wp-content\/uploads\/2023\/02\/IMG_7861_resize-768x512.jpg 768w, https:\/\/novice.si\/page\/wp-content\/uploads\/2023\/02\/IMG_7861_resize-696x464.jpg 696w, https:\/\/novice.si\/page\/wp-content\/uploads\/2023\/02\/IMG_7861_resize-24x16.jpg 24w, https:\/\/novice.si\/page\/wp-content\/uploads\/2023\/02\/IMG_7861_resize-36x24.jpg 36w, https:\/\/novice.si\/page\/wp-content\/uploads\/2023\/02\/IMG_7861_resize-48x32.jpg 48w, https:\/\/novice.si\/page\/wp-content\/uploads\/2023\/02\/IMG_7861_resize.jpg 800w\" sizes=\"(max-width: 630px) 100vw, 630px\" alt=\"\">\r\n                            <\/a>\r\n                            \r\n                        <\/figure>\r\n                    <\/div>\r\n                    <div class = \"td-slide-item td-item3\">\r\n                        <figure class=\"td-slide-galery-figure td-slide-popup-gallery\">\r\n                            <a class=\"slide-gallery-image-link\" href=\"https:\/\/novice.si\/page\/wp-content\/uploads\/2023\/02\/IMG_7868_resize.jpg\" title=\"IMG_7868_resize\"  data-caption=\"\"  data-description=\"\" data-gallery>\r\n                                <img decoding=\"async\" src=\"https:\/\/novice.si\/page\/wp-content\/uploads\/2023\/02\/IMG_7868_resize-630x420.jpg\" srcset=\"https:\/\/novice.si\/page\/wp-content\/uploads\/2023\/02\/IMG_7868_resize-630x420.jpg 630w, https:\/\/novice.si\/page\/wp-content\/uploads\/2023\/02\/IMG_7868_resize-300x200.jpg 300w, https:\/\/novice.si\/page\/wp-content\/uploads\/2023\/02\/IMG_7868_resize-768x512.jpg 768w, https:\/\/novice.si\/page\/wp-content\/uploads\/2023\/02\/IMG_7868_resize-696x464.jpg 696w, https:\/\/novice.si\/page\/wp-content\/uploads\/2023\/02\/IMG_7868_resize-24x16.jpg 24w, https:\/\/novice.si\/page\/wp-content\/uploads\/2023\/02\/IMG_7868_resize-36x24.jpg 36w, https:\/\/novice.si\/page\/wp-content\/uploads\/2023\/02\/IMG_7868_resize-48x32.jpg 48w, https:\/\/novice.si\/page\/wp-content\/uploads\/2023\/02\/IMG_7868_resize.jpg 800w\" sizes=\"(max-width: 630px) 100vw, 630px\" alt=\"\">\r\n                            <\/a>\r\n                            \r\n                        <\/figure>\r\n                    <\/div>\r\n                    <div class = \"td-slide-item td-item4\">\r\n                        <figure class=\"td-slide-galery-figure td-slide-popup-gallery\">\r\n                            <a class=\"slide-gallery-image-link\" href=\"https:\/\/novice.si\/page\/wp-content\/uploads\/2023\/02\/IMG_7870_resize.jpg\" title=\"IMG_7870_resize\"  data-caption=\"\"  data-description=\"\" data-gallery>\r\n                                <img decoding=\"async\" src=\"https:\/\/novice.si\/page\/wp-content\/uploads\/2023\/02\/IMG_7870_resize-630x420.jpg\" srcset=\"https:\/\/novice.si\/page\/wp-content\/uploads\/2023\/02\/IMG_7870_resize-630x420.jpg 630w, https:\/\/novice.si\/page\/wp-content\/uploads\/2023\/02\/IMG_7870_resize-300x200.jpg 300w, https:\/\/novice.si\/page\/wp-content\/uploads\/2023\/02\/IMG_7870_resize-768x512.jpg 768w, https:\/\/novice.si\/page\/wp-content\/uploads\/2023\/02\/IMG_7870_resize-696x464.jpg 696w, https:\/\/novice.si\/page\/wp-content\/uploads\/2023\/02\/IMG_7870_resize-24x16.jpg 24w, https:\/\/novice.si\/page\/wp-content\/uploads\/2023\/02\/IMG_7870_resize-36x24.jpg 36w, https:\/\/novice.si\/page\/wp-content\/uploads\/2023\/02\/IMG_7870_resize-48x32.jpg 48w, https:\/\/novice.si\/page\/wp-content\/uploads\/2023\/02\/IMG_7870_resize.jpg 800w\" sizes=\"(max-width: 630px) 100vw, 630px\" alt=\"\">\r\n                            <\/a>\r\n                            \r\n                        <\/figure>\r\n                    <\/div>\r\n                            <\/div>\r\n                        <\/div>\r\n\r\n                        <div class = \"td-doubleSlider-2\">\r\n                            <div class = \"td-slider\">\r\n                                \r\n                    <div class = \"td-button td-item1\">\r\n                        <div class = \"td-border\"><\/div>\r\n                    <\/div>\r\n                    <div class = \"td-button td-item2\">\r\n                        <div class = \"td-border\"><\/div>\r\n                    <\/div>\r\n                    <div class = \"td-button td-item3\">\r\n                        <div class = \"td-border\"><\/div>\r\n                    <\/div>\r\n                    <div class = \"td-button td-item4\">\r\n                        <div class = \"td-border\"><\/div>\r\n                    <\/div>\r\n                            <\/div>\r\n                        <\/div>\r\n\r\n                    <\/div>\r\n\r\n                <\/div>\r\n                \n<p>&nbsp;<\/p>\n","protected":false},"excerpt":{"rendered":"<p>Hokejski klub LedX Celje je za naslednjo sezono oddal prijavo za igranje v Alpski hokejski ligi (AHL). S tem prehajajo na vi\u0161jo raven tekmovanja, kar zelo veseli tudi vodstvo Hokejske zveze Slovenije. Predsednik celjskega kluba Vid Valen\u010dak poudarja, da v zadnjih letih sistemsko dvigujejo organizacijski, strokovni in finan\u010dni nivo kluba. Zdaj so tako dale\u010d, da [&hellip;]<\/p>\n","protected":false},"author":7,"featured_media":160429,"comment_status":"closed","ping_status":"closed","sticky":false,"template":"","format":"standard","meta":{"footnotes":""},"categories":[14,17,68],"tags":[17209,16507,17208],"class_list":{"0":"post-160425","1":"post","2":"type-post","3":"status-publish","4":"format-standard","5":"has-post-thumbnail","7":"category-aktualno","8":"category-celjsko","9":"category-sport","10":"tag-alpska-hokejska-liga","11":"tag-hk-ledx-celje","12":"tag-vid-valencak"},"yoast_head":"<!-- This site is optimized with the Yoast SEO plugin v27.4 - https:\/\/yoast.com\/product\/yoast-seo-wordpress\/ -->\n<title>Celjani bodo v Alpsko hokejsko ligo vstopili z novim generalnim pokroviteljem - Novice.si<\/title>\n<meta name=\"robots\" content=\"index, follow, max-snippet:-1, max-image-preview:large, max-video-preview:-1\" \/>\n<link rel=\"canonical\" href=\"https:\/\/novice.si\/page\/celjani-bodo-v-alpsko-hokejsko-ligo-vstopili-z-novim-generalnim-pokroviteljem\/\" \/>\n<meta property=\"og:locale\" content=\"sl_SI\" \/>\n<meta property=\"og:type\" content=\"article\" \/>\n<meta property=\"og:title\" content=\"Celjani bodo v Alpsko hokejsko ligo vstopili z novim generalnim pokroviteljem - Novice.si\" \/>\n<meta property=\"og:description\" content=\"Hokejski klub LedX Celje je za naslednjo sezono oddal prijavo za igranje v Alpski hokejski ligi (AHL). S tem prehajajo na vi\u0161jo raven tekmovanja, kar zelo veseli tudi vodstvo Hokejske zveze Slovenije. Predsednik celjskega kluba Vid Valen\u010dak poudarja, da v zadnjih letih sistemsko dvigujejo organizacijski, strokovni in finan\u010dni nivo kluba. Zdaj so tako dale\u010d, da [&hellip;]\" \/>\n<meta property=\"og:url\" content=\"https:\/\/novice.si\/page\/celjani-bodo-v-alpsko-hokejsko-ligo-vstopili-z-novim-generalnim-pokroviteljem\/\" \/>\n<meta property=\"og:site_name\" content=\"Novice.si\" \/>\n<meta property=\"article:published_time\" content=\"2023-02-28T13:09:12+00:00\" \/>\n<meta property=\"article:modified_time\" content=\"2023-03-01T07:37:08+00:00\" \/>\n<meta property=\"og:image\" content=\"https:\/\/novice.si\/page\/wp-content\/uploads\/2023\/02\/IMG_7870_resize.jpg\" \/>\n\t<meta property=\"og:image:width\" content=\"800\" \/>\n\t<meta property=\"og:image:height\" content=\"533\" \/>\n\t<meta property=\"og:image:type\" content=\"image\/jpeg\" \/>\n<meta name=\"author\" content=\"Uredni\u0161tvo Novic\" \/>\n<meta name=\"twitter:card\" content=\"summary_large_image\" \/>\n<meta name=\"twitter:label1\" content=\"Written by\" \/>\n\t<meta name=\"twitter:data1\" content=\"Uredni\u0161tvo Novic\" \/>\n\t<meta name=\"twitter:label2\" content=\"Est. reading time\" \/>\n\t<meta name=\"twitter:data2\" content=\"2 minuti\" \/>\n<script type=\"application\/ld+json\" class=\"yoast-schema-graph\">{\"@context\":\"https:\\\/\\\/schema.org\",\"@graph\":[{\"@type\":\"Article\",\"@id\":\"https:\\\/\\\/novice.si\\\/page\\\/celjani-bodo-v-alpsko-hokejsko-ligo-vstopili-z-novim-generalnim-pokroviteljem\\\/#article\",\"isPartOf\":{\"@id\":\"https:\\\/\\\/novice.si\\\/page\\\/celjani-bodo-v-alpsko-hokejsko-ligo-vstopili-z-novim-generalnim-pokroviteljem\\\/\"},\"author\":{\"name\":\"Uredni\u0161tvo Novic\",\"@id\":\"https:\\\/\\\/novice.si\\\/page\\\/#\\\/schema\\\/person\\\/a877dbb8680d441357ce27663beb35ca\"},\"headline\":\"Celjani bodo v Alpsko hokejsko ligo vstopili z novim generalnim pokroviteljem\",\"datePublished\":\"2023-02-28T13:09:12+00:00\",\"dateModified\":\"2023-03-01T07:37:08+00:00\",\"mainEntityOfPage\":{\"@id\":\"https:\\\/\\\/novice.si\\\/page\\\/celjani-bodo-v-alpsko-hokejsko-ligo-vstopili-z-novim-generalnim-pokroviteljem\\\/\"},\"wordCount\":258,\"publisher\":{\"@id\":\"https:\\\/\\\/novice.si\\\/page\\\/#organization\"},\"image\":{\"@id\":\"https:\\\/\\\/novice.si\\\/page\\\/celjani-bodo-v-alpsko-hokejsko-ligo-vstopili-z-novim-generalnim-pokroviteljem\\\/#primaryimage\"},\"thumbnailUrl\":\"https:\\\/\\\/novice.si\\\/page\\\/wp-content\\\/uploads\\\/2023\\\/02\\\/IMG_7870_resize.jpg\",\"keywords\":[\"Alpska hokejska liga\",\"HK LedX Celje\",\"Vid Valen\u010dak\"],\"articleSection\":[\"Aktualno\",\"Celjsko\",\"\u0160port\"],\"inLanguage\":\"sl-SI\"},{\"@type\":\"WebPage\",\"@id\":\"https:\\\/\\\/novice.si\\\/page\\\/celjani-bodo-v-alpsko-hokejsko-ligo-vstopili-z-novim-generalnim-pokroviteljem\\\/\",\"url\":\"https:\\\/\\\/novice.si\\\/page\\\/celjani-bodo-v-alpsko-hokejsko-ligo-vstopili-z-novim-generalnim-pokroviteljem\\\/\",\"name\":\"Celjani bodo v Alpsko hokejsko ligo vstopili z novim generalnim pokroviteljem - Novice.si\",\"isPartOf\":{\"@id\":\"https:\\\/\\\/novice.si\\\/page\\\/#website\"},\"primaryImageOfPage\":{\"@id\":\"https:\\\/\\\/novice.si\\\/page\\\/celjani-bodo-v-alpsko-hokejsko-ligo-vstopili-z-novim-generalnim-pokroviteljem\\\/#primaryimage\"},\"image\":{\"@id\":\"https:\\\/\\\/novice.si\\\/page\\\/celjani-bodo-v-alpsko-hokejsko-ligo-vstopili-z-novim-generalnim-pokroviteljem\\\/#primaryimage\"},\"thumbnailUrl\":\"https:\\\/\\\/novice.si\\\/page\\\/wp-content\\\/uploads\\\/2023\\\/02\\\/IMG_7870_resize.jpg\",\"datePublished\":\"2023-02-28T13:09:12+00:00\",\"dateModified\":\"2023-03-01T07:37:08+00:00\",\"breadcrumb\":{\"@id\":\"https:\\\/\\\/novice.si\\\/page\\\/celjani-bodo-v-alpsko-hokejsko-ligo-vstopili-z-novim-generalnim-pokroviteljem\\\/#breadcrumb\"},\"inLanguage\":\"sl-SI\",\"potentialAction\":[{\"@type\":\"ReadAction\",\"target\":[\"https:\\\/\\\/novice.si\\\/page\\\/celjani-bodo-v-alpsko-hokejsko-ligo-vstopili-z-novim-generalnim-pokroviteljem\\\/\"]}]},{\"@type\":\"ImageObject\",\"inLanguage\":\"sl-SI\",\"@id\":\"https:\\\/\\\/novice.si\\\/page\\\/celjani-bodo-v-alpsko-hokejsko-ligo-vstopili-z-novim-generalnim-pokroviteljem\\\/#primaryimage\",\"url\":\"https:\\\/\\\/novice.si\\\/page\\\/wp-content\\\/uploads\\\/2023\\\/02\\\/IMG_7870_resize.jpg\",\"contentUrl\":\"https:\\\/\\\/novice.si\\\/page\\\/wp-content\\\/uploads\\\/2023\\\/02\\\/IMG_7870_resize.jpg\",\"width\":800,\"height\":533},{\"@type\":\"BreadcrumbList\",\"@id\":\"https:\\\/\\\/novice.si\\\/page\\\/celjani-bodo-v-alpsko-hokejsko-ligo-vstopili-z-novim-generalnim-pokroviteljem\\\/#breadcrumb\",\"itemListElement\":[{\"@type\":\"ListItem\",\"position\":1,\"name\":\"Home\",\"item\":\"https:\\\/\\\/novice.si\\\/page\\\/\"},{\"@type\":\"ListItem\",\"position\":2,\"name\":\"Celjani bodo v Alpsko hokejsko ligo vstopili z novim generalnim pokroviteljem\"}]},{\"@type\":\"WebSite\",\"@id\":\"https:\\\/\\\/novice.si\\\/page\\\/#website\",\"url\":\"https:\\\/\\\/novice.si\\\/page\\\/\",\"name\":\"Novice.si\",\"description\":\"\",\"publisher\":{\"@id\":\"https:\\\/\\\/novice.si\\\/page\\\/#organization\"},\"potentialAction\":[{\"@type\":\"SearchAction\",\"target\":{\"@type\":\"EntryPoint\",\"urlTemplate\":\"https:\\\/\\\/novice.si\\\/page\\\/?s={search_term_string}\"},\"query-input\":{\"@type\":\"PropertyValueSpecification\",\"valueRequired\":true,\"valueName\":\"search_term_string\"}}],\"inLanguage\":\"sl-SI\"},{\"@type\":\"Organization\",\"@id\":\"https:\\\/\\\/novice.si\\\/page\\\/#organization\",\"name\":\"Novice.si\",\"url\":\"https:\\\/\\\/novice.si\\\/page\\\/\",\"logo\":{\"@type\":\"ImageObject\",\"inLanguage\":\"sl-SI\",\"@id\":\"https:\\\/\\\/novice.si\\\/page\\\/#\\\/schema\\\/logo\\\/image\\\/\",\"url\":\"https:\\\/\\\/novice.si\\\/page\\\/wp-content\\\/uploads\\\/2023\\\/03\\\/novice_si.png\",\"contentUrl\":\"https:\\\/\\\/novice.si\\\/page\\\/wp-content\\\/uploads\\\/2023\\\/03\\\/novice_si.png\",\"width\":576,\"height\":200,\"caption\":\"Novice.si\"},\"image\":{\"@id\":\"https:\\\/\\\/novice.si\\\/page\\\/#\\\/schema\\\/logo\\\/image\\\/\"}},{\"@type\":\"Person\",\"@id\":\"https:\\\/\\\/novice.si\\\/page\\\/#\\\/schema\\\/person\\\/a877dbb8680d441357ce27663beb35ca\",\"name\":\"Uredni\u0161tvo Novic\",\"image\":{\"@type\":\"ImageObject\",\"inLanguage\":\"sl-SI\",\"@id\":\"https:\\\/\\\/secure.gravatar.com\\\/avatar\\\/f19c0ae874706cc9ba19d2f6da5f74a5a5ee7674f283fed29ce0ad16a9f1893e?s=96&d=mm&r=g\",\"url\":\"https:\\\/\\\/secure.gravatar.com\\\/avatar\\\/f19c0ae874706cc9ba19d2f6da5f74a5a5ee7674f283fed29ce0ad16a9f1893e?s=96&d=mm&r=g\",\"contentUrl\":\"https:\\\/\\\/secure.gravatar.com\\\/avatar\\\/f19c0ae874706cc9ba19d2f6da5f74a5a5ee7674f283fed29ce0ad16a9f1893e?s=96&d=mm&r=g\",\"caption\":\"Uredni\u0161tvo Novic\"},\"url\":\"https:\\\/\\\/novice.si\\\/page\\\/author\\\/jure\\\/\"}]}<\/script>\n<!-- \/ Yoast SEO plugin. -->","yoast_head_json":{"title":"Celjani bodo v Alpsko hokejsko ligo vstopili z novim generalnim pokroviteljem - Novice.si","robots":{"index":"index","follow":"follow","max-snippet":"max-snippet:-1","max-image-preview":"max-image-preview:large","max-video-preview":"max-video-preview:-1"},"canonical":"https:\/\/novice.si\/page\/celjani-bodo-v-alpsko-hokejsko-ligo-vstopili-z-novim-generalnim-pokroviteljem\/","og_locale":"sl_SI","og_type":"article","og_title":"Celjani bodo v Alpsko hokejsko ligo vstopili z novim generalnim pokroviteljem - Novice.si","og_description":"Hokejski klub LedX Celje je za naslednjo sezono oddal prijavo za igranje v Alpski hokejski ligi (AHL). S tem prehajajo na vi\u0161jo raven tekmovanja, kar zelo veseli tudi vodstvo Hokejske zveze Slovenije. Predsednik celjskega kluba Vid Valen\u010dak poudarja, da v zadnjih letih sistemsko dvigujejo organizacijski, strokovni in finan\u010dni nivo kluba. Zdaj so tako dale\u010d, da [&hellip;]","og_url":"https:\/\/novice.si\/page\/celjani-bodo-v-alpsko-hokejsko-ligo-vstopili-z-novim-generalnim-pokroviteljem\/","og_site_name":"Novice.si","article_published_time":"2023-02-28T13:09:12+00:00","article_modified_time":"2023-03-01T07:37:08+00:00","og_image":[{"width":800,"height":533,"url":"https:\/\/novice.si\/page\/wp-content\/uploads\/2023\/02\/IMG_7870_resize.jpg","type":"image\/jpeg"}],"author":"Uredni\u0161tvo Novic","twitter_card":"summary_large_image","twitter_misc":{"Written by":"Uredni\u0161tvo Novic","Est. reading time":"2 minuti"},"schema":{"@context":"https:\/\/schema.org","@graph":[{"@type":"Article","@id":"https:\/\/novice.si\/page\/celjani-bodo-v-alpsko-hokejsko-ligo-vstopili-z-novim-generalnim-pokroviteljem\/#article","isPartOf":{"@id":"https:\/\/novice.si\/page\/celjani-bodo-v-alpsko-hokejsko-ligo-vstopili-z-novim-generalnim-pokroviteljem\/"},"author":{"name":"Uredni\u0161tvo Novic","@id":"https:\/\/novice.si\/page\/#\/schema\/person\/a877dbb8680d441357ce27663beb35ca"},"headline":"Celjani bodo v Alpsko hokejsko ligo vstopili z novim generalnim pokroviteljem","datePublished":"2023-02-28T13:09:12+00:00","dateModified":"2023-03-01T07:37:08+00:00","mainEntityOfPage":{"@id":"https:\/\/novice.si\/page\/celjani-bodo-v-alpsko-hokejsko-ligo-vstopili-z-novim-generalnim-pokroviteljem\/"},"wordCount":258,"publisher":{"@id":"https:\/\/novice.si\/page\/#organization"},"image":{"@id":"https:\/\/novice.si\/page\/celjani-bodo-v-alpsko-hokejsko-ligo-vstopili-z-novim-generalnim-pokroviteljem\/#primaryimage"},"thumbnailUrl":"https:\/\/novice.si\/page\/wp-content\/uploads\/2023\/02\/IMG_7870_resize.jpg","keywords":["Alpska hokejska liga","HK LedX Celje","Vid Valen\u010dak"],"articleSection":["Aktualno","Celjsko","\u0160port"],"inLanguage":"sl-SI"},{"@type":"WebPage","@id":"https:\/\/novice.si\/page\/celjani-bodo-v-alpsko-hokejsko-ligo-vstopili-z-novim-generalnim-pokroviteljem\/","url":"https:\/\/novice.si\/page\/celjani-bodo-v-alpsko-hokejsko-ligo-vstopili-z-novim-generalnim-pokroviteljem\/","name":"Celjani bodo v Alpsko hokejsko ligo vstopili z novim generalnim pokroviteljem - Novice.si","isPartOf":{"@id":"https:\/\/novice.si\/page\/#website"},"primaryImageOfPage":{"@id":"https:\/\/novice.si\/page\/celjani-bodo-v-alpsko-hokejsko-ligo-vstopili-z-novim-generalnim-pokroviteljem\/#primaryimage"},"image":{"@id":"https:\/\/novice.si\/page\/celjani-bodo-v-alpsko-hokejsko-ligo-vstopili-z-novim-generalnim-pokroviteljem\/#primaryimage"},"thumbnailUrl":"https:\/\/novice.si\/page\/wp-content\/uploads\/2023\/02\/IMG_7870_resize.jpg","datePublished":"2023-02-28T13:09:12+00:00","dateModified":"2023-03-01T07:37:08+00:00","breadcrumb":{"@id":"https:\/\/novice.si\/page\/celjani-bodo-v-alpsko-hokejsko-ligo-vstopili-z-novim-generalnim-pokroviteljem\/#breadcrumb"},"inLanguage":"sl-SI","potentialAction":[{"@type":"ReadAction","target":["https:\/\/novice.si\/page\/celjani-bodo-v-alpsko-hokejsko-ligo-vstopili-z-novim-generalnim-pokroviteljem\/"]}]},{"@type":"ImageObject","inLanguage":"sl-SI","@id":"https:\/\/novice.si\/page\/celjani-bodo-v-alpsko-hokejsko-ligo-vstopili-z-novim-generalnim-pokroviteljem\/#primaryimage","url":"https:\/\/novice.si\/page\/wp-content\/uploads\/2023\/02\/IMG_7870_resize.jpg","contentUrl":"https:\/\/novice.si\/page\/wp-content\/uploads\/2023\/02\/IMG_7870_resize.jpg","width":800,"height":533},{"@type":"BreadcrumbList","@id":"https:\/\/novice.si\/page\/celjani-bodo-v-alpsko-hokejsko-ligo-vstopili-z-novim-generalnim-pokroviteljem\/#breadcrumb","itemListElement":[{"@type":"ListItem","position":1,"name":"Home","item":"https:\/\/novice.si\/page\/"},{"@type":"ListItem","position":2,"name":"Celjani bodo v Alpsko hokejsko ligo vstopili z novim generalnim pokroviteljem"}]},{"@type":"WebSite","@id":"https:\/\/novice.si\/page\/#website","url":"https:\/\/novice.si\/page\/","name":"Novice.si","description":"","publisher":{"@id":"https:\/\/novice.si\/page\/#organization"},"potentialAction":[{"@type":"SearchAction","target":{"@type":"EntryPoint","urlTemplate":"https:\/\/novice.si\/page\/?s={search_term_string}"},"query-input":{"@type":"PropertyValueSpecification","valueRequired":true,"valueName":"search_term_string"}}],"inLanguage":"sl-SI"},{"@type":"Organization","@id":"https:\/\/novice.si\/page\/#organization","name":"Novice.si","url":"https:\/\/novice.si\/page\/","logo":{"@type":"ImageObject","inLanguage":"sl-SI","@id":"https:\/\/novice.si\/page\/#\/schema\/logo\/image\/","url":"https:\/\/novice.si\/page\/wp-content\/uploads\/2023\/03\/novice_si.png","contentUrl":"https:\/\/novice.si\/page\/wp-content\/uploads\/2023\/03\/novice_si.png","width":576,"height":200,"caption":"Novice.si"},"image":{"@id":"https:\/\/novice.si\/page\/#\/schema\/logo\/image\/"}},{"@type":"Person","@id":"https:\/\/novice.si\/page\/#\/schema\/person\/a877dbb8680d441357ce27663beb35ca","name":"Uredni\u0161tvo Novic","image":{"@type":"ImageObject","inLanguage":"sl-SI","@id":"https:\/\/secure.gravatar.com\/avatar\/f19c0ae874706cc9ba19d2f6da5f74a5a5ee7674f283fed29ce0ad16a9f1893e?s=96&d=mm&r=g","url":"https:\/\/secure.gravatar.com\/avatar\/f19c0ae874706cc9ba19d2f6da5f74a5a5ee7674f283fed29ce0ad16a9f1893e?s=96&d=mm&r=g","contentUrl":"https:\/\/secure.gravatar.com\/avatar\/f19c0ae874706cc9ba19d2f6da5f74a5a5ee7674f283fed29ce0ad16a9f1893e?s=96&d=mm&r=g","caption":"Uredni\u0161tvo Novic"},"url":"https:\/\/novice.si\/page\/author\/jure\/"}]}},"_links":{"self":[{"href":"https:\/\/novice.si\/page\/wp-json\/wp\/v2\/posts\/160425","targetHints":{"allow":["GET"]}}],"collection":[{"href":"https:\/\/novice.si\/page\/wp-json\/wp\/v2\/posts"}],"about":[{"href":"https:\/\/novice.si\/page\/wp-json\/wp\/v2\/types\/post"}],"author":[{"embeddable":true,"href":"https:\/\/novice.si\/page\/wp-json\/wp\/v2\/users\/7"}],"replies":[{"embeddable":true,"href":"https:\/\/novice.si\/page\/wp-json\/wp\/v2\/comments?post=160425"}],"version-history":[{"count":4,"href":"https:\/\/novice.si\/page\/wp-json\/wp\/v2\/posts\/160425\/revisions"}],"predecessor-version":[{"id":160434,"href":"https:\/\/novice.si\/page\/wp-json\/wp\/v2\/posts\/160425\/revisions\/160434"}],"wp:featuredmedia":[{"embeddable":true,"href":"https:\/\/novice.si\/page\/wp-json\/wp\/v2\/media\/160429"}],"wp:attachment":[{"href":"https:\/\/novice.si\/page\/wp-json\/wp\/v2\/media?parent=160425"}],"wp:term":[{"taxonomy":"category","embeddable":true,"href":"https:\/\/novice.si\/page\/wp-json\/wp\/v2\/categories?post=160425"},{"taxonomy":"post_tag","embeddable":true,"href":"https:\/\/novice.si\/page\/wp-json\/wp\/v2\/tags?post=160425"}],"curies":[{"name":"wp","href":"https:\/\/api.w.org\/{rel}","templated":true}]}}