{"id":160410,"date":"2023-02-28T09:58:55","date_gmt":"2023-02-28T08:58:55","guid":{"rendered":"https:\/\/novice.si\/page\/?p=160410"},"modified":"2023-02-28T11:08:06","modified_gmt":"2023-02-28T10:08:06","slug":"nova-direktorica-centra-noordung-je-neza-pavlic-brecko","status":"publish","type":"post","link":"https:\/\/novice.si\/page\/nova-direktorica-centra-noordung-je-neza-pavlic-brecko\/","title":{"rendered":"Nova direktorica Centra Noordung je Ne\u017ea Pavli\u010d Bre\u010dko"},"content":{"rendered":"<p><strong>Potem ko je pred dnevi \u017ee dobila soglasje vlade, so ji zeleno lu\u010d sino\u010di pri\u017egali \u0161e vitanjski ob\u010dinski svetniki. Petletni mandat na \u010delu Centra Noordung za\u010denja jutri, 1. marca.<\/strong><\/p>\n<p><strong><a href=\"https:\/\/novice.si\/page\/wp-content\/uploads\/2023\/02\/viber_image_2023-02-28_06-54-09-846.jpg\" data-gallery><img loading=\"lazy\" decoding=\"async\" class=\"size-medium wp-image-160415 alignleft\" src=\"https:\/\/novice.si\/page\/wp-content\/uploads\/2023\/02\/viber_image_2023-02-28_06-54-09-846-300x225.jpg\" alt=\"\" width=\"300\" height=\"225\" srcset=\"https:\/\/novice.si\/page\/wp-content\/uploads\/2023\/02\/viber_image_2023-02-28_06-54-09-846-300x225.jpg 300w, https:\/\/novice.si\/page\/wp-content\/uploads\/2023\/02\/viber_image_2023-02-28_06-54-09-846-1024x768.jpg 1024w, https:\/\/novice.si\/page\/wp-content\/uploads\/2023\/02\/viber_image_2023-02-28_06-54-09-846-768x576.jpg 768w, https:\/\/novice.si\/page\/wp-content\/uploads\/2023\/02\/viber_image_2023-02-28_06-54-09-846-1536x1152.jpg 1536w, https:\/\/novice.si\/page\/wp-content\/uploads\/2023\/02\/viber_image_2023-02-28_06-54-09-846-80x60.jpg 80w, https:\/\/novice.si\/page\/wp-content\/uploads\/2023\/02\/viber_image_2023-02-28_06-54-09-846-265x198.jpg 265w, https:\/\/novice.si\/page\/wp-content\/uploads\/2023\/02\/viber_image_2023-02-28_06-54-09-846-696x522.jpg 696w, https:\/\/novice.si\/page\/wp-content\/uploads\/2023\/02\/viber_image_2023-02-28_06-54-09-846-1068x801.jpg 1068w, https:\/\/novice.si\/page\/wp-content\/uploads\/2023\/02\/viber_image_2023-02-28_06-54-09-846-560x420.jpg 560w, https:\/\/novice.si\/page\/wp-content\/uploads\/2023\/02\/viber_image_2023-02-28_06-54-09-846-24x18.jpg 24w, https:\/\/novice.si\/page\/wp-content\/uploads\/2023\/02\/viber_image_2023-02-28_06-54-09-846-36x27.jpg 36w, https:\/\/novice.si\/page\/wp-content\/uploads\/2023\/02\/viber_image_2023-02-28_06-54-09-846-48x36.jpg 48w, https:\/\/novice.si\/page\/wp-content\/uploads\/2023\/02\/viber_image_2023-02-28_06-54-09-846.jpg 1600w\" sizes=\"auto, (max-width: 300px) 100vw, 300px\" \/><\/a>Ne\u017ea Pavli\u010d Bre\u010dko<\/strong> je nova direktorica vitanjskega Centra Noordung.<br \/>\nPotem ko je prej\u0161nji teden dobila soglasje vlade, so ji na seji zeleno lu\u010d pri\u017egali \u0161e vitanjski ob\u010dinski svetniki.<br \/>\nPred glasovanjem se je svetnikom sino\u010di na kratko predstavila in povzela svojo vizijo delovanja Centra Noordung. Pri tem je poudarila pomen povezovanja in sodelovanja z lokalno skupnostjo.<br \/>\n35-letna pravnica, ki je zadnja leta vodila Mladinski center Dravinjske doline, med drugim pa opravlja tudi vlogo ob\u010dinske svetnice stranke SLS v Slovenskih Konjicah, z delom za\u010denja jutri, 1. marca.<br \/>\nPredsednik sveta zavoda <strong>dr. Jernej \u0160tromajer<\/strong> je ob tem za NOVICE in Radio Rogla povedal:<\/p>\n<audio class=\"wp-audio-shortcode\" id=\"audio-160410-1\" preload=\"none\" style=\"width: 100%;\" controls=\"controls\"><source type=\"audio\/wav\" src=\"https:\/\/novice.si\/page\/wp-content\/uploads\/2023\/02\/stromajer-jernej.wav?_=1\" \/><a href=\"https:\/\/novice.si\/page\/wp-content\/uploads\/2023\/02\/stromajer-jernej.wav\">https:\/\/novice.si\/page\/wp-content\/uploads\/2023\/02\/stromajer-jernej.wav<\/a><\/audio>\n<p>(NK)<br \/>\n<strong>S \u010dim je prepri\u010dala svetnike in kaj je povedala po imenovanju, pa preberite v \u010detrtek v dalj\u0161em prispevku nove \u0161tevilke lokalnega \u010dasopisa NOVICE.<\/strong><\/p>\n\r\n                <style type=\"text\/css\">\r\n                    \r\n                    #tdi_1  .td-doubleSlider-2 .td-item1 {\r\n                        background: url(https:\/\/novice.si\/page\/wp-content\/uploads\/2023\/02\/viber_image_2023-02-28_06-54-09-846-80x60.jpg) 0 0 no-repeat;\r\n                    }\r\n                    #tdi_1  .td-doubleSlider-2 .td-item2 {\r\n                        background: url(https:\/\/novice.si\/page\/wp-content\/uploads\/2023\/02\/viber_image_2023-02-28_06-54-09-978-80x60.jpg) 0 0 no-repeat;\r\n                    }\r\n                    #tdi_1  .td-doubleSlider-2 .td-item3 {\r\n                        background: url(https:\/\/novice.si\/page\/wp-content\/uploads\/2023\/02\/viber_image_2023-02-28_06-54-09-819-80x60.jpg) 0 0 no-repeat;\r\n                    }\r\n                <\/style>\r\n\r\n                <div id=\"tdi_1\" class=\"td-gallery td-slide-on-2-columns\">\r\n                    <div class=\"post_td_gallery\">\r\n                        <div class=\"td-gallery-slide-top\">\r\n                           <div class=\"td-gallery-title\"><\/div>\r\n\r\n                            <div class=\"td-gallery-controls-wrapper\">\r\n                                <div class=\"td-gallery-slide-count\"><span class=\"td-gallery-slide-item-focus\">1<\/span> od 3<\/div>\r\n                                <div class=\"td-gallery-slide-prev-next-but\">\r\n                                    <i class = \"td-icon-left doubleSliderPrevButton\"><\/i>\r\n                                    <i class = \"td-icon-right doubleSliderNextButton\"><\/i>\r\n                                <\/div>\r\n                            <\/div>\r\n                        <\/div>\r\n\r\n                        <div class = \"td-doubleSlider-1 \">\r\n                            <div class = \"td-slider\">\r\n                                \r\n                    <div class = \"td-slide-item td-item1\">\r\n                        <figure class=\"td-slide-galery-figure td-slide-popup-gallery\">\r\n                            <a class=\"slide-gallery-image-link\" href=\"https:\/\/novice.si\/page\/wp-content\/uploads\/2023\/02\/viber_image_2023-02-28_06-54-09-846.jpg\" title=\"viber_image_2023-02-28_06-54-09-846\"  data-caption=\"\"  data-description=\"\" data-gallery>\r\n                                <img decoding=\"async\" src=\"https:\/\/novice.si\/page\/wp-content\/uploads\/2023\/02\/viber_image_2023-02-28_06-54-09-846-560x420.jpg\" srcset=\"https:\/\/novice.si\/page\/wp-content\/uploads\/2023\/02\/viber_image_2023-02-28_06-54-09-846-560x420.jpg 560w, https:\/\/novice.si\/page\/wp-content\/uploads\/2023\/02\/viber_image_2023-02-28_06-54-09-846-300x225.jpg 300w, https:\/\/novice.si\/page\/wp-content\/uploads\/2023\/02\/viber_image_2023-02-28_06-54-09-846-1024x768.jpg 1024w, https:\/\/novice.si\/page\/wp-content\/uploads\/2023\/02\/viber_image_2023-02-28_06-54-09-846-768x576.jpg 768w, https:\/\/novice.si\/page\/wp-content\/uploads\/2023\/02\/viber_image_2023-02-28_06-54-09-846-1536x1152.jpg 1536w, https:\/\/novice.si\/page\/wp-content\/uploads\/2023\/02\/viber_image_2023-02-28_06-54-09-846-80x60.jpg 80w, https:\/\/novice.si\/page\/wp-content\/uploads\/2023\/02\/viber_image_2023-02-28_06-54-09-846-265x198.jpg 265w, https:\/\/novice.si\/page\/wp-content\/uploads\/2023\/02\/viber_image_2023-02-28_06-54-09-846-696x522.jpg 696w, https:\/\/novice.si\/page\/wp-content\/uploads\/2023\/02\/viber_image_2023-02-28_06-54-09-846-1068x801.jpg 1068w, https:\/\/novice.si\/page\/wp-content\/uploads\/2023\/02\/viber_image_2023-02-28_06-54-09-846-24x18.jpg 24w, https:\/\/novice.si\/page\/wp-content\/uploads\/2023\/02\/viber_image_2023-02-28_06-54-09-846-36x27.jpg 36w, https:\/\/novice.si\/page\/wp-content\/uploads\/2023\/02\/viber_image_2023-02-28_06-54-09-846-48x36.jpg 48w, https:\/\/novice.si\/page\/wp-content\/uploads\/2023\/02\/viber_image_2023-02-28_06-54-09-846.jpg 1600w\" sizes=\"(max-width: 560px) 100vw, 560px\" alt=\"\">\r\n                            <\/a>\r\n                            \r\n                        <\/figure>\r\n                    <\/div>\r\n                    <div class = \"td-slide-item td-item2\">\r\n                        <figure class=\"td-slide-galery-figure td-slide-popup-gallery\">\r\n                            <a class=\"slide-gallery-image-link\" href=\"https:\/\/novice.si\/page\/wp-content\/uploads\/2023\/02\/viber_image_2023-02-28_06-54-09-978.jpg\" title=\"viber_image_2023-02-28_06-54-09-978\"  data-caption=\"\"  data-description=\"\" data-gallery>\r\n                                <img decoding=\"async\" src=\"https:\/\/novice.si\/page\/wp-content\/uploads\/2023\/02\/viber_image_2023-02-28_06-54-09-978-560x420.jpg\" srcset=\"https:\/\/novice.si\/page\/wp-content\/uploads\/2023\/02\/viber_image_2023-02-28_06-54-09-978-560x420.jpg 560w, https:\/\/novice.si\/page\/wp-content\/uploads\/2023\/02\/viber_image_2023-02-28_06-54-09-978-300x225.jpg 300w, https:\/\/novice.si\/page\/wp-content\/uploads\/2023\/02\/viber_image_2023-02-28_06-54-09-978-1024x768.jpg 1024w, https:\/\/novice.si\/page\/wp-content\/uploads\/2023\/02\/viber_image_2023-02-28_06-54-09-978-768x576.jpg 768w, https:\/\/novice.si\/page\/wp-content\/uploads\/2023\/02\/viber_image_2023-02-28_06-54-09-978-1536x1152.jpg 1536w, https:\/\/novice.si\/page\/wp-content\/uploads\/2023\/02\/viber_image_2023-02-28_06-54-09-978-80x60.jpg 80w, https:\/\/novice.si\/page\/wp-content\/uploads\/2023\/02\/viber_image_2023-02-28_06-54-09-978-265x198.jpg 265w, https:\/\/novice.si\/page\/wp-content\/uploads\/2023\/02\/viber_image_2023-02-28_06-54-09-978-696x522.jpg 696w, https:\/\/novice.si\/page\/wp-content\/uploads\/2023\/02\/viber_image_2023-02-28_06-54-09-978-1068x801.jpg 1068w, https:\/\/novice.si\/page\/wp-content\/uploads\/2023\/02\/viber_image_2023-02-28_06-54-09-978-24x18.jpg 24w, https:\/\/novice.si\/page\/wp-content\/uploads\/2023\/02\/viber_image_2023-02-28_06-54-09-978-36x27.jpg 36w, https:\/\/novice.si\/page\/wp-content\/uploads\/2023\/02\/viber_image_2023-02-28_06-54-09-978-48x36.jpg 48w, https:\/\/novice.si\/page\/wp-content\/uploads\/2023\/02\/viber_image_2023-02-28_06-54-09-978.jpg 1600w\" sizes=\"(max-width: 560px) 100vw, 560px\" alt=\"\">\r\n                            <\/a>\r\n                            \r\n                        <\/figure>\r\n                    <\/div>\r\n                    <div class = \"td-slide-item td-item3\">\r\n                        <figure class=\"td-slide-galery-figure td-slide-popup-gallery\">\r\n                            <a class=\"slide-gallery-image-link\" href=\"https:\/\/novice.si\/page\/wp-content\/uploads\/2023\/02\/viber_image_2023-02-28_06-54-09-819.jpg\" title=\"viber_image_2023-02-28_06-54-09-819\"  data-caption=\"\"  data-description=\"\" data-gallery>\r\n                                <img decoding=\"async\" src=\"https:\/\/novice.si\/page\/wp-content\/uploads\/2023\/02\/viber_image_2023-02-28_06-54-09-819-560x420.jpg\" srcset=\"https:\/\/novice.si\/page\/wp-content\/uploads\/2023\/02\/viber_image_2023-02-28_06-54-09-819-560x420.jpg 560w, https:\/\/novice.si\/page\/wp-content\/uploads\/2023\/02\/viber_image_2023-02-28_06-54-09-819-300x225.jpg 300w, https:\/\/novice.si\/page\/wp-content\/uploads\/2023\/02\/viber_image_2023-02-28_06-54-09-819-1024x768.jpg 1024w, https:\/\/novice.si\/page\/wp-content\/uploads\/2023\/02\/viber_image_2023-02-28_06-54-09-819-768x576.jpg 768w, https:\/\/novice.si\/page\/wp-content\/uploads\/2023\/02\/viber_image_2023-02-28_06-54-09-819-1536x1152.jpg 1536w, https:\/\/novice.si\/page\/wp-content\/uploads\/2023\/02\/viber_image_2023-02-28_06-54-09-819-80x60.jpg 80w, https:\/\/novice.si\/page\/wp-content\/uploads\/2023\/02\/viber_image_2023-02-28_06-54-09-819-265x198.jpg 265w, https:\/\/novice.si\/page\/wp-content\/uploads\/2023\/02\/viber_image_2023-02-28_06-54-09-819-696x522.jpg 696w, https:\/\/novice.si\/page\/wp-content\/uploads\/2023\/02\/viber_image_2023-02-28_06-54-09-819-1068x801.jpg 1068w, https:\/\/novice.si\/page\/wp-content\/uploads\/2023\/02\/viber_image_2023-02-28_06-54-09-819-24x18.jpg 24w, https:\/\/novice.si\/page\/wp-content\/uploads\/2023\/02\/viber_image_2023-02-28_06-54-09-819-36x27.jpg 36w, https:\/\/novice.si\/page\/wp-content\/uploads\/2023\/02\/viber_image_2023-02-28_06-54-09-819-48x36.jpg 48w, https:\/\/novice.si\/page\/wp-content\/uploads\/2023\/02\/viber_image_2023-02-28_06-54-09-819.jpg 1600w\" sizes=\"(max-width: 560px) 100vw, 560px\" alt=\"\">\r\n                            <\/a>\r\n                            \r\n                        <\/figure>\r\n                    <\/div>\r\n                            <\/div>\r\n                        <\/div>\r\n\r\n                        <div class = \"td-doubleSlider-2\">\r\n                            <div class = \"td-slider\">\r\n                                \r\n                    <div class = \"td-button td-item1\">\r\n                        <div class = \"td-border\"><\/div>\r\n                    <\/div>\r\n                    <div class = \"td-button td-item2\">\r\n                        <div class = \"td-border\"><\/div>\r\n                    <\/div>\r\n                    <div class = \"td-button td-item3\">\r\n                        <div class = \"td-border\"><\/div>\r\n                    <\/div>\r\n                            <\/div>\r\n                        <\/div>\r\n\r\n                    <\/div>\r\n\r\n                <\/div>\r\n                \n<p>&nbsp;<\/p>\n","protected":false},"excerpt":{"rendered":"<p>Potem ko je pred dnevi \u017ee dobila soglasje vlade, so ji zeleno lu\u010d sino\u010di pri\u017egali \u0161e vitanjski ob\u010dinski svetniki. Petletni mandat na \u010delu Centra Noordung za\u010denja jutri, 1. marca. Ne\u017ea Pavli\u010d Bre\u010dko je nova direktorica vitanjskega Centra Noordung. Potem ko je prej\u0161nji teden dobila soglasje vlade, so ji na seji zeleno lu\u010d pri\u017egali \u0161e vitanjski [&hellip;]<\/p>\n","protected":false},"author":12,"featured_media":160413,"comment_status":"closed","ping_status":"closed","sticky":false,"template":"","format":"standard","meta":{"footnotes":""},"categories":[14,868,16,141,3108],"tags":[3543,16248,205],"class_list":{"0":"post-160410","1":"post","2":"type-post","3":"status-publish","4":"format-standard","5":"has-post-thumbnail","7":"category-aktualno","8":"category-casopisi","9":"category-konjisko","10":"category-novice","11":"category-radio-rogla","12":"tag-center-noordung","13":"tag-neza-pavlic-brecko","14":"tag-vitanje"},"yoast_head":"<!-- This site is optimized with the Yoast SEO plugin v27.4 - https:\/\/yoast.com\/product\/yoast-seo-wordpress\/ -->\n<title>Nova direktorica Centra Noordung je Ne\u017ea Pavli\u010d Bre\u010dko - Novice.si<\/title>\n<meta name=\"robots\" content=\"index, follow, max-snippet:-1, max-image-preview:large, max-video-preview:-1\" \/>\n<link rel=\"canonical\" href=\"https:\/\/novice.si\/page\/nova-direktorica-centra-noordung-je-neza-pavlic-brecko\/\" \/>\n<meta property=\"og:locale\" content=\"sl_SI\" \/>\n<meta property=\"og:type\" content=\"article\" \/>\n<meta property=\"og:title\" content=\"Nova direktorica Centra Noordung je Ne\u017ea Pavli\u010d Bre\u010dko - Novice.si\" \/>\n<meta property=\"og:description\" content=\"Potem ko je pred dnevi \u017ee dobila soglasje vlade, so ji zeleno lu\u010d sino\u010di pri\u017egali \u0161e vitanjski ob\u010dinski svetniki. Petletni mandat na \u010delu Centra Noordung za\u010denja jutri, 1. marca. Ne\u017ea Pavli\u010d Bre\u010dko je nova direktorica vitanjskega Centra Noordung. Potem ko je prej\u0161nji teden dobila soglasje vlade, so ji na seji zeleno lu\u010d pri\u017egali \u0161e vitanjski [&hellip;]\" \/>\n<meta property=\"og:url\" content=\"https:\/\/novice.si\/page\/nova-direktorica-centra-noordung-je-neza-pavlic-brecko\/\" \/>\n<meta property=\"og:site_name\" content=\"Novice.si\" \/>\n<meta property=\"article:published_time\" content=\"2023-02-28T08:58:55+00:00\" \/>\n<meta property=\"article:modified_time\" content=\"2023-02-28T10:08:06+00:00\" \/>\n<meta property=\"og:image\" content=\"https:\/\/novice.si\/page\/wp-content\/uploads\/2023\/02\/seja-vitanje-neza-pavlic-brecko-scaled.jpg\" \/>\n\t<meta property=\"og:image:width\" content=\"2560\" \/>\n\t<meta property=\"og:image:height\" content=\"1920\" \/>\n\t<meta property=\"og:image:type\" content=\"image\/jpeg\" \/>\n<meta name=\"author\" content=\"Uredni\u0161tvo Celjana\" \/>\n<meta name=\"twitter:card\" content=\"summary_large_image\" \/>\n<meta name=\"twitter:label1\" content=\"Written by\" \/>\n\t<meta name=\"twitter:data1\" content=\"Uredni\u0161tvo Celjana\" \/>\n\t<meta name=\"twitter:label2\" content=\"Est. reading time\" \/>\n\t<meta name=\"twitter:data2\" content=\"2 minuti\" \/>\n<script type=\"application\/ld+json\" class=\"yoast-schema-graph\">{\"@context\":\"https:\\\/\\\/schema.org\",\"@graph\":[{\"@type\":\"Article\",\"@id\":\"https:\\\/\\\/novice.si\\\/page\\\/nova-direktorica-centra-noordung-je-neza-pavlic-brecko\\\/#article\",\"isPartOf\":{\"@id\":\"https:\\\/\\\/novice.si\\\/page\\\/nova-direktorica-centra-noordung-je-neza-pavlic-brecko\\\/\"},\"author\":{\"name\":\"Uredni\u0161tvo Celjana\",\"@id\":\"https:\\\/\\\/novice.si\\\/page\\\/#\\\/schema\\\/person\\\/51903923b50fefb075bc1cd24fe4d065\"},\"headline\":\"Nova direktorica Centra Noordung je Ne\u017ea Pavli\u010d Bre\u010dko\",\"datePublished\":\"2023-02-28T08:58:55+00:00\",\"dateModified\":\"2023-02-28T10:08:06+00:00\",\"mainEntityOfPage\":{\"@id\":\"https:\\\/\\\/novice.si\\\/page\\\/nova-direktorica-centra-noordung-je-neza-pavlic-brecko\\\/\"},\"wordCount\":196,\"publisher\":{\"@id\":\"https:\\\/\\\/novice.si\\\/page\\\/#organization\"},\"image\":{\"@id\":\"https:\\\/\\\/novice.si\\\/page\\\/nova-direktorica-centra-noordung-je-neza-pavlic-brecko\\\/#primaryimage\"},\"thumbnailUrl\":\"https:\\\/\\\/novice.si\\\/page\\\/wp-content\\\/uploads\\\/2023\\\/02\\\/seja-vitanje-neza-pavlic-brecko-scaled.jpg\",\"keywords\":[\"Center Noordung\",\"Ne\u017ea Pavli\u010d Bre\u010dko\",\"Vitanje\"],\"articleSection\":[\"Aktualno\",\"\u010casopisi\",\"Konji\u0161ko\",\"Novice\",\"Radio Rogla\"],\"inLanguage\":\"sl-SI\"},{\"@type\":\"WebPage\",\"@id\":\"https:\\\/\\\/novice.si\\\/page\\\/nova-direktorica-centra-noordung-je-neza-pavlic-brecko\\\/\",\"url\":\"https:\\\/\\\/novice.si\\\/page\\\/nova-direktorica-centra-noordung-je-neza-pavlic-brecko\\\/\",\"name\":\"Nova direktorica Centra Noordung je Ne\u017ea Pavli\u010d Bre\u010dko - Novice.si\",\"isPartOf\":{\"@id\":\"https:\\\/\\\/novice.si\\\/page\\\/#website\"},\"primaryImageOfPage\":{\"@id\":\"https:\\\/\\\/novice.si\\\/page\\\/nova-direktorica-centra-noordung-je-neza-pavlic-brecko\\\/#primaryimage\"},\"image\":{\"@id\":\"https:\\\/\\\/novice.si\\\/page\\\/nova-direktorica-centra-noordung-je-neza-pavlic-brecko\\\/#primaryimage\"},\"thumbnailUrl\":\"https:\\\/\\\/novice.si\\\/page\\\/wp-content\\\/uploads\\\/2023\\\/02\\\/seja-vitanje-neza-pavlic-brecko-scaled.jpg\",\"datePublished\":\"2023-02-28T08:58:55+00:00\",\"dateModified\":\"2023-02-28T10:08:06+00:00\",\"breadcrumb\":{\"@id\":\"https:\\\/\\\/novice.si\\\/page\\\/nova-direktorica-centra-noordung-je-neza-pavlic-brecko\\\/#breadcrumb\"},\"inLanguage\":\"sl-SI\",\"potentialAction\":[{\"@type\":\"ReadAction\",\"target\":[\"https:\\\/\\\/novice.si\\\/page\\\/nova-direktorica-centra-noordung-je-neza-pavlic-brecko\\\/\"]}]},{\"@type\":\"ImageObject\",\"inLanguage\":\"sl-SI\",\"@id\":\"https:\\\/\\\/novice.si\\\/page\\\/nova-direktorica-centra-noordung-je-neza-pavlic-brecko\\\/#primaryimage\",\"url\":\"https:\\\/\\\/novice.si\\\/page\\\/wp-content\\\/uploads\\\/2023\\\/02\\\/seja-vitanje-neza-pavlic-brecko-scaled.jpg\",\"contentUrl\":\"https:\\\/\\\/novice.si\\\/page\\\/wp-content\\\/uploads\\\/2023\\\/02\\\/seja-vitanje-neza-pavlic-brecko-scaled.jpg\",\"width\":2560,\"height\":1920},{\"@type\":\"BreadcrumbList\",\"@id\":\"https:\\\/\\\/novice.si\\\/page\\\/nova-direktorica-centra-noordung-je-neza-pavlic-brecko\\\/#breadcrumb\",\"itemListElement\":[{\"@type\":\"ListItem\",\"position\":1,\"name\":\"Home\",\"item\":\"https:\\\/\\\/novice.si\\\/page\\\/\"},{\"@type\":\"ListItem\",\"position\":2,\"name\":\"Nova direktorica Centra Noordung je Ne\u017ea Pavli\u010d Bre\u010dko\"}]},{\"@type\":\"WebSite\",\"@id\":\"https:\\\/\\\/novice.si\\\/page\\\/#website\",\"url\":\"https:\\\/\\\/novice.si\\\/page\\\/\",\"name\":\"Novice.si\",\"description\":\"\",\"publisher\":{\"@id\":\"https:\\\/\\\/novice.si\\\/page\\\/#organization\"},\"potentialAction\":[{\"@type\":\"SearchAction\",\"target\":{\"@type\":\"EntryPoint\",\"urlTemplate\":\"https:\\\/\\\/novice.si\\\/page\\\/?s={search_term_string}\"},\"query-input\":{\"@type\":\"PropertyValueSpecification\",\"valueRequired\":true,\"valueName\":\"search_term_string\"}}],\"inLanguage\":\"sl-SI\"},{\"@type\":\"Organization\",\"@id\":\"https:\\\/\\\/novice.si\\\/page\\\/#organization\",\"name\":\"Novice.si\",\"url\":\"https:\\\/\\\/novice.si\\\/page\\\/\",\"logo\":{\"@type\":\"ImageObject\",\"inLanguage\":\"sl-SI\",\"@id\":\"https:\\\/\\\/novice.si\\\/page\\\/#\\\/schema\\\/logo\\\/image\\\/\",\"url\":\"https:\\\/\\\/novice.si\\\/page\\\/wp-content\\\/uploads\\\/2023\\\/03\\\/novice_si.png\",\"contentUrl\":\"https:\\\/\\\/novice.si\\\/page\\\/wp-content\\\/uploads\\\/2023\\\/03\\\/novice_si.png\",\"width\":576,\"height\":200,\"caption\":\"Novice.si\"},\"image\":{\"@id\":\"https:\\\/\\\/novice.si\\\/page\\\/#\\\/schema\\\/logo\\\/image\\\/\"}},{\"@type\":\"Person\",\"@id\":\"https:\\\/\\\/novice.si\\\/page\\\/#\\\/schema\\\/person\\\/51903923b50fefb075bc1cd24fe4d065\",\"name\":\"Uredni\u0161tvo Celjana\",\"image\":{\"@type\":\"ImageObject\",\"inLanguage\":\"sl-SI\",\"@id\":\"https:\\\/\\\/secure.gravatar.com\\\/avatar\\\/b516f102aa90b53619e09722b8ea56721c99bfcb4f1035f9b333d99f52330226?s=96&d=mm&r=g\",\"url\":\"https:\\\/\\\/secure.gravatar.com\\\/avatar\\\/b516f102aa90b53619e09722b8ea56721c99bfcb4f1035f9b333d99f52330226?s=96&d=mm&r=g\",\"contentUrl\":\"https:\\\/\\\/secure.gravatar.com\\\/avatar\\\/b516f102aa90b53619e09722b8ea56721c99bfcb4f1035f9b333d99f52330226?s=96&d=mm&r=g\",\"caption\":\"Uredni\u0161tvo Celjana\"},\"url\":\"https:\\\/\\\/novice.si\\\/page\\\/author\\\/nejc\\\/\"}]}<\/script>\n<!-- \/ Yoast SEO plugin. -->","yoast_head_json":{"title":"Nova direktorica Centra Noordung je Ne\u017ea Pavli\u010d Bre\u010dko - Novice.si","robots":{"index":"index","follow":"follow","max-snippet":"max-snippet:-1","max-image-preview":"max-image-preview:large","max-video-preview":"max-video-preview:-1"},"canonical":"https:\/\/novice.si\/page\/nova-direktorica-centra-noordung-je-neza-pavlic-brecko\/","og_locale":"sl_SI","og_type":"article","og_title":"Nova direktorica Centra Noordung je Ne\u017ea Pavli\u010d Bre\u010dko - Novice.si","og_description":"Potem ko je pred dnevi \u017ee dobila soglasje vlade, so ji zeleno lu\u010d sino\u010di pri\u017egali \u0161e vitanjski ob\u010dinski svetniki. Petletni mandat na \u010delu Centra Noordung za\u010denja jutri, 1. marca. Ne\u017ea Pavli\u010d Bre\u010dko je nova direktorica vitanjskega Centra Noordung. Potem ko je prej\u0161nji teden dobila soglasje vlade, so ji na seji zeleno lu\u010d pri\u017egali \u0161e vitanjski [&hellip;]","og_url":"https:\/\/novice.si\/page\/nova-direktorica-centra-noordung-je-neza-pavlic-brecko\/","og_site_name":"Novice.si","article_published_time":"2023-02-28T08:58:55+00:00","article_modified_time":"2023-02-28T10:08:06+00:00","og_image":[{"width":2560,"height":1920,"url":"https:\/\/novice.si\/page\/wp-content\/uploads\/2023\/02\/seja-vitanje-neza-pavlic-brecko-scaled.jpg","type":"image\/jpeg"}],"author":"Uredni\u0161tvo Celjana","twitter_card":"summary_large_image","twitter_misc":{"Written by":"Uredni\u0161tvo Celjana","Est. reading time":"2 minuti"},"schema":{"@context":"https:\/\/schema.org","@graph":[{"@type":"Article","@id":"https:\/\/novice.si\/page\/nova-direktorica-centra-noordung-je-neza-pavlic-brecko\/#article","isPartOf":{"@id":"https:\/\/novice.si\/page\/nova-direktorica-centra-noordung-je-neza-pavlic-brecko\/"},"author":{"name":"Uredni\u0161tvo Celjana","@id":"https:\/\/novice.si\/page\/#\/schema\/person\/51903923b50fefb075bc1cd24fe4d065"},"headline":"Nova direktorica Centra Noordung je Ne\u017ea Pavli\u010d Bre\u010dko","datePublished":"2023-02-28T08:58:55+00:00","dateModified":"2023-02-28T10:08:06+00:00","mainEntityOfPage":{"@id":"https:\/\/novice.si\/page\/nova-direktorica-centra-noordung-je-neza-pavlic-brecko\/"},"wordCount":196,"publisher":{"@id":"https:\/\/novice.si\/page\/#organization"},"image":{"@id":"https:\/\/novice.si\/page\/nova-direktorica-centra-noordung-je-neza-pavlic-brecko\/#primaryimage"},"thumbnailUrl":"https:\/\/novice.si\/page\/wp-content\/uploads\/2023\/02\/seja-vitanje-neza-pavlic-brecko-scaled.jpg","keywords":["Center Noordung","Ne\u017ea Pavli\u010d Bre\u010dko","Vitanje"],"articleSection":["Aktualno","\u010casopisi","Konji\u0161ko","Novice","Radio Rogla"],"inLanguage":"sl-SI"},{"@type":"WebPage","@id":"https:\/\/novice.si\/page\/nova-direktorica-centra-noordung-je-neza-pavlic-brecko\/","url":"https:\/\/novice.si\/page\/nova-direktorica-centra-noordung-je-neza-pavlic-brecko\/","name":"Nova direktorica Centra Noordung je Ne\u017ea Pavli\u010d Bre\u010dko - Novice.si","isPartOf":{"@id":"https:\/\/novice.si\/page\/#website"},"primaryImageOfPage":{"@id":"https:\/\/novice.si\/page\/nova-direktorica-centra-noordung-je-neza-pavlic-brecko\/#primaryimage"},"image":{"@id":"https:\/\/novice.si\/page\/nova-direktorica-centra-noordung-je-neza-pavlic-brecko\/#primaryimage"},"thumbnailUrl":"https:\/\/novice.si\/page\/wp-content\/uploads\/2023\/02\/seja-vitanje-neza-pavlic-brecko-scaled.jpg","datePublished":"2023-02-28T08:58:55+00:00","dateModified":"2023-02-28T10:08:06+00:00","breadcrumb":{"@id":"https:\/\/novice.si\/page\/nova-direktorica-centra-noordung-je-neza-pavlic-brecko\/#breadcrumb"},"inLanguage":"sl-SI","potentialAction":[{"@type":"ReadAction","target":["https:\/\/novice.si\/page\/nova-direktorica-centra-noordung-je-neza-pavlic-brecko\/"]}]},{"@type":"ImageObject","inLanguage":"sl-SI","@id":"https:\/\/novice.si\/page\/nova-direktorica-centra-noordung-je-neza-pavlic-brecko\/#primaryimage","url":"https:\/\/novice.si\/page\/wp-content\/uploads\/2023\/02\/seja-vitanje-neza-pavlic-brecko-scaled.jpg","contentUrl":"https:\/\/novice.si\/page\/wp-content\/uploads\/2023\/02\/seja-vitanje-neza-pavlic-brecko-scaled.jpg","width":2560,"height":1920},{"@type":"BreadcrumbList","@id":"https:\/\/novice.si\/page\/nova-direktorica-centra-noordung-je-neza-pavlic-brecko\/#breadcrumb","itemListElement":[{"@type":"ListItem","position":1,"name":"Home","item":"https:\/\/novice.si\/page\/"},{"@type":"ListItem","position":2,"name":"Nova direktorica Centra Noordung je Ne\u017ea Pavli\u010d Bre\u010dko"}]},{"@type":"WebSite","@id":"https:\/\/novice.si\/page\/#website","url":"https:\/\/novice.si\/page\/","name":"Novice.si","description":"","publisher":{"@id":"https:\/\/novice.si\/page\/#organization"},"potentialAction":[{"@type":"SearchAction","target":{"@type":"EntryPoint","urlTemplate":"https:\/\/novice.si\/page\/?s={search_term_string}"},"query-input":{"@type":"PropertyValueSpecification","valueRequired":true,"valueName":"search_term_string"}}],"inLanguage":"sl-SI"},{"@type":"Organization","@id":"https:\/\/novice.si\/page\/#organization","name":"Novice.si","url":"https:\/\/novice.si\/page\/","logo":{"@type":"ImageObject","inLanguage":"sl-SI","@id":"https:\/\/novice.si\/page\/#\/schema\/logo\/image\/","url":"https:\/\/novice.si\/page\/wp-content\/uploads\/2023\/03\/novice_si.png","contentUrl":"https:\/\/novice.si\/page\/wp-content\/uploads\/2023\/03\/novice_si.png","width":576,"height":200,"caption":"Novice.si"},"image":{"@id":"https:\/\/novice.si\/page\/#\/schema\/logo\/image\/"}},{"@type":"Person","@id":"https:\/\/novice.si\/page\/#\/schema\/person\/51903923b50fefb075bc1cd24fe4d065","name":"Uredni\u0161tvo Celjana","image":{"@type":"ImageObject","inLanguage":"sl-SI","@id":"https:\/\/secure.gravatar.com\/avatar\/b516f102aa90b53619e09722b8ea56721c99bfcb4f1035f9b333d99f52330226?s=96&d=mm&r=g","url":"https:\/\/secure.gravatar.com\/avatar\/b516f102aa90b53619e09722b8ea56721c99bfcb4f1035f9b333d99f52330226?s=96&d=mm&r=g","contentUrl":"https:\/\/secure.gravatar.com\/avatar\/b516f102aa90b53619e09722b8ea56721c99bfcb4f1035f9b333d99f52330226?s=96&d=mm&r=g","caption":"Uredni\u0161tvo Celjana"},"url":"https:\/\/novice.si\/page\/author\/nejc\/"}]}},"_links":{"self":[{"href":"https:\/\/novice.si\/page\/wp-json\/wp\/v2\/posts\/160410","targetHints":{"allow":["GET"]}}],"collection":[{"href":"https:\/\/novice.si\/page\/wp-json\/wp\/v2\/posts"}],"about":[{"href":"https:\/\/novice.si\/page\/wp-json\/wp\/v2\/types\/post"}],"author":[{"embeddable":true,"href":"https:\/\/novice.si\/page\/wp-json\/wp\/v2\/users\/12"}],"replies":[{"embeddable":true,"href":"https:\/\/novice.si\/page\/wp-json\/wp\/v2\/comments?post=160410"}],"version-history":[{"count":5,"href":"https:\/\/novice.si\/page\/wp-json\/wp\/v2\/posts\/160410\/revisions"}],"predecessor-version":[{"id":160423,"href":"https:\/\/novice.si\/page\/wp-json\/wp\/v2\/posts\/160410\/revisions\/160423"}],"wp:featuredmedia":[{"embeddable":true,"href":"https:\/\/novice.si\/page\/wp-json\/wp\/v2\/media\/160413"}],"wp:attachment":[{"href":"https:\/\/novice.si\/page\/wp-json\/wp\/v2\/media?parent=160410"}],"wp:term":[{"taxonomy":"category","embeddable":true,"href":"https:\/\/novice.si\/page\/wp-json\/wp\/v2\/categories?post=160410"},{"taxonomy":"post_tag","embeddable":true,"href":"https:\/\/novice.si\/page\/wp-json\/wp\/v2\/tags?post=160410"}],"curies":[{"name":"wp","href":"https:\/\/api.w.org\/{rel}","templated":true}]}}