{"id":160349,"date":"2023-02-26T19:26:49","date_gmt":"2023-02-26T18:26:49","guid":{"rendered":"https:\/\/novice.si\/page\/?p=160349"},"modified":"2023-02-26T19:26:49","modified_gmt":"2023-02-26T18:26:49","slug":"planica-2023-bron-za-slovenijo-in-timija-zajca-iz-hrams","status":"publish","type":"post","link":"https:\/\/novice.si\/page\/planica-2023-bron-za-slovenijo-in-timija-zajca-iz-hrams\/","title":{"rendered":"Planica 2023: bron za Slovenijo in Timija Zajca iz Hram\u0161"},"content":{"rendered":"<p><a href=\"https:\/\/novice.si\/page\/wp-content\/uploads\/2023\/02\/planica-2023-foto-Facebook-2.jpg\" data-gallery><img loading=\"lazy\" decoding=\"async\" class=\"size-medium wp-image-160350 alignleft\" src=\"https:\/\/novice.si\/page\/wp-content\/uploads\/2023\/02\/planica-2023-foto-Facebook-2-300x179.jpg\" alt=\"\" width=\"300\" height=\"179\" srcset=\"https:\/\/novice.si\/page\/wp-content\/uploads\/2023\/02\/planica-2023-foto-Facebook-2-300x179.jpg 300w, https:\/\/novice.si\/page\/wp-content\/uploads\/2023\/02\/planica-2023-foto-Facebook-2-1024x613.jpg 1024w, https:\/\/novice.si\/page\/wp-content\/uploads\/2023\/02\/planica-2023-foto-Facebook-2-768x460.jpg 768w, https:\/\/novice.si\/page\/wp-content\/uploads\/2023\/02\/planica-2023-foto-Facebook-2-696x416.jpg 696w, https:\/\/novice.si\/page\/wp-content\/uploads\/2023\/02\/planica-2023-foto-Facebook-2-702x420.jpg 702w, https:\/\/novice.si\/page\/wp-content\/uploads\/2023\/02\/planica-2023-foto-Facebook-2-24x14.jpg 24w, https:\/\/novice.si\/page\/wp-content\/uploads\/2023\/02\/planica-2023-foto-Facebook-2-36x22.jpg 36w, https:\/\/novice.si\/page\/wp-content\/uploads\/2023\/02\/planica-2023-foto-Facebook-2-48x29.jpg 48w, https:\/\/novice.si\/page\/wp-content\/uploads\/2023\/02\/planica-2023-foto-Facebook-2.jpg 1068w\" sizes=\"auto, (max-width: 300px) 100vw, 300px\" \/><\/a>Svetovno prvenstvo v nordijskem smu\u010danju v Planici je v polnem teku. Prvo medaljo za doma\u010do reprezentanco so danes priborili skakalci, ki so na me\u0161ani ekipni tekmi osvojili tretje mesto. Pomembno vlogo je opravil tudi <strong>Timi Zajc<\/strong> iz Hram\u0161, ki se tokrat veseli skupaj z <strong>Niko Kri\u017enar, Emo Klinec <\/strong>in<strong> An\u017eetom Lani\u0161kom<\/strong>. Bolj\u0161i od slovenske \u010detverice so bili le Nemci in Norve\u017eani. (Jure Mernik)<br \/>\nFoto: Facebook<\/p>\n","protected":false},"excerpt":{"rendered":"<p>Svetovno prvenstvo v nordijskem smu\u010danju v Planici je v polnem teku. Prvo medaljo za doma\u010do reprezentanco so danes priborili skakalci, ki so na me\u0161ani ekipni tekmi osvojili tretje mesto. Pomembno vlogo je opravil tudi Timi Zajc iz Hram\u0161, ki se tokrat veseli skupaj z Niko Kri\u017enar, Emo Klinec in An\u017eetom Lani\u0161kom. Bolj\u0161i od slovenske \u010detverice [&hellip;]<\/p>\n","protected":false},"author":7,"featured_media":160350,"comment_status":"closed","ping_status":"closed","sticky":false,"template":"","format":"standard","meta":{"footnotes":""},"categories":[14,142,68],"tags":[14631,4857],"class_list":{"0":"post-160349","1":"post","2":"type-post","3":"status-publish","4":"format-standard","5":"has-post-thumbnail","7":"category-aktualno","8":"category-celjan","9":"category-sport","10":"tag-planica","11":"tag-timi-zajc"},"yoast_head":"<!-- This site is optimized with the Yoast SEO plugin v27.4 - https:\/\/yoast.com\/product\/yoast-seo-wordpress\/ -->\n<title>Planica 2023: bron za Slovenijo in Timija Zajca iz Hram\u0161 - Novice.si<\/title>\n<meta name=\"robots\" content=\"index, follow, max-snippet:-1, max-image-preview:large, max-video-preview:-1\" \/>\n<link rel=\"canonical\" href=\"https:\/\/novice.si\/page\/planica-2023-bron-za-slovenijo-in-timija-zajca-iz-hrams\/\" \/>\n<meta property=\"og:locale\" content=\"sl_SI\" \/>\n<meta property=\"og:type\" content=\"article\" \/>\n<meta property=\"og:title\" content=\"Planica 2023: bron za Slovenijo in Timija Zajca iz Hram\u0161 - Novice.si\" \/>\n<meta property=\"og:description\" content=\"Svetovno prvenstvo v nordijskem smu\u010danju v Planici je v polnem teku. Prvo medaljo za doma\u010do reprezentanco so danes priborili skakalci, ki so na me\u0161ani ekipni tekmi osvojili tretje mesto. Pomembno vlogo je opravil tudi Timi Zajc iz Hram\u0161, ki se tokrat veseli skupaj z Niko Kri\u017enar, Emo Klinec in An\u017eetom Lani\u0161kom. Bolj\u0161i od slovenske \u010detverice [&hellip;]\" \/>\n<meta property=\"og:url\" content=\"https:\/\/novice.si\/page\/planica-2023-bron-za-slovenijo-in-timija-zajca-iz-hrams\/\" \/>\n<meta property=\"og:site_name\" content=\"Novice.si\" \/>\n<meta property=\"article:published_time\" content=\"2023-02-26T18:26:49+00:00\" \/>\n<meta property=\"og:image\" content=\"https:\/\/novice.si\/page\/wp-content\/uploads\/2023\/02\/planica-2023-foto-Facebook-2.jpg\" \/>\n\t<meta property=\"og:image:width\" content=\"1068\" \/>\n\t<meta property=\"og:image:height\" content=\"639\" \/>\n\t<meta property=\"og:image:type\" content=\"image\/jpeg\" \/>\n<meta name=\"author\" content=\"Uredni\u0161tvo Novic\" \/>\n<meta name=\"twitter:card\" content=\"summary_large_image\" \/>\n<meta name=\"twitter:label1\" content=\"Written by\" \/>\n\t<meta name=\"twitter:data1\" content=\"Uredni\u0161tvo Novic\" \/>\n\t<meta name=\"twitter:label2\" content=\"Est. reading time\" \/>\n\t<meta name=\"twitter:data2\" content=\"1 minuta\" \/>\n<script type=\"application\/ld+json\" class=\"yoast-schema-graph\">{\"@context\":\"https:\\\/\\\/schema.org\",\"@graph\":[{\"@type\":\"Article\",\"@id\":\"https:\\\/\\\/novice.si\\\/page\\\/planica-2023-bron-za-slovenijo-in-timija-zajca-iz-hrams\\\/#article\",\"isPartOf\":{\"@id\":\"https:\\\/\\\/novice.si\\\/page\\\/planica-2023-bron-za-slovenijo-in-timija-zajca-iz-hrams\\\/\"},\"author\":{\"name\":\"Uredni\u0161tvo Novic\",\"@id\":\"https:\\\/\\\/novice.si\\\/page\\\/#\\\/schema\\\/person\\\/a877dbb8680d441357ce27663beb35ca\"},\"headline\":\"Planica 2023: bron za Slovenijo in Timija Zajca iz Hram\u0161\",\"datePublished\":\"2023-02-26T18:26:49+00:00\",\"mainEntityOfPage\":{\"@id\":\"https:\\\/\\\/novice.si\\\/page\\\/planica-2023-bron-za-slovenijo-in-timija-zajca-iz-hrams\\\/\"},\"wordCount\":82,\"publisher\":{\"@id\":\"https:\\\/\\\/novice.si\\\/page\\\/#organization\"},\"image\":{\"@id\":\"https:\\\/\\\/novice.si\\\/page\\\/planica-2023-bron-za-slovenijo-in-timija-zajca-iz-hrams\\\/#primaryimage\"},\"thumbnailUrl\":\"https:\\\/\\\/novice.si\\\/page\\\/wp-content\\\/uploads\\\/2023\\\/02\\\/planica-2023-foto-Facebook-2.jpg\",\"keywords\":[\"Planica\",\"TImi Zajc\"],\"articleSection\":[\"Aktualno\",\"Celjan\",\"\u0160port\"],\"inLanguage\":\"sl-SI\"},{\"@type\":\"WebPage\",\"@id\":\"https:\\\/\\\/novice.si\\\/page\\\/planica-2023-bron-za-slovenijo-in-timija-zajca-iz-hrams\\\/\",\"url\":\"https:\\\/\\\/novice.si\\\/page\\\/planica-2023-bron-za-slovenijo-in-timija-zajca-iz-hrams\\\/\",\"name\":\"Planica 2023: bron za Slovenijo in Timija Zajca iz Hram\u0161 - Novice.si\",\"isPartOf\":{\"@id\":\"https:\\\/\\\/novice.si\\\/page\\\/#website\"},\"primaryImageOfPage\":{\"@id\":\"https:\\\/\\\/novice.si\\\/page\\\/planica-2023-bron-za-slovenijo-in-timija-zajca-iz-hrams\\\/#primaryimage\"},\"image\":{\"@id\":\"https:\\\/\\\/novice.si\\\/page\\\/planica-2023-bron-za-slovenijo-in-timija-zajca-iz-hrams\\\/#primaryimage\"},\"thumbnailUrl\":\"https:\\\/\\\/novice.si\\\/page\\\/wp-content\\\/uploads\\\/2023\\\/02\\\/planica-2023-foto-Facebook-2.jpg\",\"datePublished\":\"2023-02-26T18:26:49+00:00\",\"breadcrumb\":{\"@id\":\"https:\\\/\\\/novice.si\\\/page\\\/planica-2023-bron-za-slovenijo-in-timija-zajca-iz-hrams\\\/#breadcrumb\"},\"inLanguage\":\"sl-SI\",\"potentialAction\":[{\"@type\":\"ReadAction\",\"target\":[\"https:\\\/\\\/novice.si\\\/page\\\/planica-2023-bron-za-slovenijo-in-timija-zajca-iz-hrams\\\/\"]}]},{\"@type\":\"ImageObject\",\"inLanguage\":\"sl-SI\",\"@id\":\"https:\\\/\\\/novice.si\\\/page\\\/planica-2023-bron-za-slovenijo-in-timija-zajca-iz-hrams\\\/#primaryimage\",\"url\":\"https:\\\/\\\/novice.si\\\/page\\\/wp-content\\\/uploads\\\/2023\\\/02\\\/planica-2023-foto-Facebook-2.jpg\",\"contentUrl\":\"https:\\\/\\\/novice.si\\\/page\\\/wp-content\\\/uploads\\\/2023\\\/02\\\/planica-2023-foto-Facebook-2.jpg\",\"width\":1068,\"height\":639},{\"@type\":\"BreadcrumbList\",\"@id\":\"https:\\\/\\\/novice.si\\\/page\\\/planica-2023-bron-za-slovenijo-in-timija-zajca-iz-hrams\\\/#breadcrumb\",\"itemListElement\":[{\"@type\":\"ListItem\",\"position\":1,\"name\":\"Home\",\"item\":\"https:\\\/\\\/novice.si\\\/page\\\/\"},{\"@type\":\"ListItem\",\"position\":2,\"name\":\"Planica 2023: bron za Slovenijo in Timija Zajca iz Hram\u0161\"}]},{\"@type\":\"WebSite\",\"@id\":\"https:\\\/\\\/novice.si\\\/page\\\/#website\",\"url\":\"https:\\\/\\\/novice.si\\\/page\\\/\",\"name\":\"Novice.si\",\"description\":\"\",\"publisher\":{\"@id\":\"https:\\\/\\\/novice.si\\\/page\\\/#organization\"},\"potentialAction\":[{\"@type\":\"SearchAction\",\"target\":{\"@type\":\"EntryPoint\",\"urlTemplate\":\"https:\\\/\\\/novice.si\\\/page\\\/?s={search_term_string}\"},\"query-input\":{\"@type\":\"PropertyValueSpecification\",\"valueRequired\":true,\"valueName\":\"search_term_string\"}}],\"inLanguage\":\"sl-SI\"},{\"@type\":\"Organization\",\"@id\":\"https:\\\/\\\/novice.si\\\/page\\\/#organization\",\"name\":\"Novice.si\",\"url\":\"https:\\\/\\\/novice.si\\\/page\\\/\",\"logo\":{\"@type\":\"ImageObject\",\"inLanguage\":\"sl-SI\",\"@id\":\"https:\\\/\\\/novice.si\\\/page\\\/#\\\/schema\\\/logo\\\/image\\\/\",\"url\":\"https:\\\/\\\/novice.si\\\/page\\\/wp-content\\\/uploads\\\/2023\\\/03\\\/novice_si.png\",\"contentUrl\":\"https:\\\/\\\/novice.si\\\/page\\\/wp-content\\\/uploads\\\/2023\\\/03\\\/novice_si.png\",\"width\":576,\"height\":200,\"caption\":\"Novice.si\"},\"image\":{\"@id\":\"https:\\\/\\\/novice.si\\\/page\\\/#\\\/schema\\\/logo\\\/image\\\/\"}},{\"@type\":\"Person\",\"@id\":\"https:\\\/\\\/novice.si\\\/page\\\/#\\\/schema\\\/person\\\/a877dbb8680d441357ce27663beb35ca\",\"name\":\"Uredni\u0161tvo Novic\",\"image\":{\"@type\":\"ImageObject\",\"inLanguage\":\"sl-SI\",\"@id\":\"https:\\\/\\\/secure.gravatar.com\\\/avatar\\\/f19c0ae874706cc9ba19d2f6da5f74a5a5ee7674f283fed29ce0ad16a9f1893e?s=96&d=mm&r=g\",\"url\":\"https:\\\/\\\/secure.gravatar.com\\\/avatar\\\/f19c0ae874706cc9ba19d2f6da5f74a5a5ee7674f283fed29ce0ad16a9f1893e?s=96&d=mm&r=g\",\"contentUrl\":\"https:\\\/\\\/secure.gravatar.com\\\/avatar\\\/f19c0ae874706cc9ba19d2f6da5f74a5a5ee7674f283fed29ce0ad16a9f1893e?s=96&d=mm&r=g\",\"caption\":\"Uredni\u0161tvo Novic\"},\"url\":\"https:\\\/\\\/novice.si\\\/page\\\/author\\\/jure\\\/\"}]}<\/script>\n<!-- \/ Yoast SEO plugin. -->","yoast_head_json":{"title":"Planica 2023: bron za Slovenijo in Timija Zajca iz Hram\u0161 - Novice.si","robots":{"index":"index","follow":"follow","max-snippet":"max-snippet:-1","max-image-preview":"max-image-preview:large","max-video-preview":"max-video-preview:-1"},"canonical":"https:\/\/novice.si\/page\/planica-2023-bron-za-slovenijo-in-timija-zajca-iz-hrams\/","og_locale":"sl_SI","og_type":"article","og_title":"Planica 2023: bron za Slovenijo in Timija Zajca iz Hram\u0161 - Novice.si","og_description":"Svetovno prvenstvo v nordijskem smu\u010danju v Planici je v polnem teku. Prvo medaljo za doma\u010do reprezentanco so danes priborili skakalci, ki so na me\u0161ani ekipni tekmi osvojili tretje mesto. Pomembno vlogo je opravil tudi Timi Zajc iz Hram\u0161, ki se tokrat veseli skupaj z Niko Kri\u017enar, Emo Klinec in An\u017eetom Lani\u0161kom. Bolj\u0161i od slovenske \u010detverice [&hellip;]","og_url":"https:\/\/novice.si\/page\/planica-2023-bron-za-slovenijo-in-timija-zajca-iz-hrams\/","og_site_name":"Novice.si","article_published_time":"2023-02-26T18:26:49+00:00","og_image":[{"width":1068,"height":639,"url":"https:\/\/novice.si\/page\/wp-content\/uploads\/2023\/02\/planica-2023-foto-Facebook-2.jpg","type":"image\/jpeg"}],"author":"Uredni\u0161tvo Novic","twitter_card":"summary_large_image","twitter_misc":{"Written by":"Uredni\u0161tvo Novic","Est. reading time":"1 minuta"},"schema":{"@context":"https:\/\/schema.org","@graph":[{"@type":"Article","@id":"https:\/\/novice.si\/page\/planica-2023-bron-za-slovenijo-in-timija-zajca-iz-hrams\/#article","isPartOf":{"@id":"https:\/\/novice.si\/page\/planica-2023-bron-za-slovenijo-in-timija-zajca-iz-hrams\/"},"author":{"name":"Uredni\u0161tvo Novic","@id":"https:\/\/novice.si\/page\/#\/schema\/person\/a877dbb8680d441357ce27663beb35ca"},"headline":"Planica 2023: bron za Slovenijo in Timija Zajca iz Hram\u0161","datePublished":"2023-02-26T18:26:49+00:00","mainEntityOfPage":{"@id":"https:\/\/novice.si\/page\/planica-2023-bron-za-slovenijo-in-timija-zajca-iz-hrams\/"},"wordCount":82,"publisher":{"@id":"https:\/\/novice.si\/page\/#organization"},"image":{"@id":"https:\/\/novice.si\/page\/planica-2023-bron-za-slovenijo-in-timija-zajca-iz-hrams\/#primaryimage"},"thumbnailUrl":"https:\/\/novice.si\/page\/wp-content\/uploads\/2023\/02\/planica-2023-foto-Facebook-2.jpg","keywords":["Planica","TImi Zajc"],"articleSection":["Aktualno","Celjan","\u0160port"],"inLanguage":"sl-SI"},{"@type":"WebPage","@id":"https:\/\/novice.si\/page\/planica-2023-bron-za-slovenijo-in-timija-zajca-iz-hrams\/","url":"https:\/\/novice.si\/page\/planica-2023-bron-za-slovenijo-in-timija-zajca-iz-hrams\/","name":"Planica 2023: bron za Slovenijo in Timija Zajca iz Hram\u0161 - Novice.si","isPartOf":{"@id":"https:\/\/novice.si\/page\/#website"},"primaryImageOfPage":{"@id":"https:\/\/novice.si\/page\/planica-2023-bron-za-slovenijo-in-timija-zajca-iz-hrams\/#primaryimage"},"image":{"@id":"https:\/\/novice.si\/page\/planica-2023-bron-za-slovenijo-in-timija-zajca-iz-hrams\/#primaryimage"},"thumbnailUrl":"https:\/\/novice.si\/page\/wp-content\/uploads\/2023\/02\/planica-2023-foto-Facebook-2.jpg","datePublished":"2023-02-26T18:26:49+00:00","breadcrumb":{"@id":"https:\/\/novice.si\/page\/planica-2023-bron-za-slovenijo-in-timija-zajca-iz-hrams\/#breadcrumb"},"inLanguage":"sl-SI","potentialAction":[{"@type":"ReadAction","target":["https:\/\/novice.si\/page\/planica-2023-bron-za-slovenijo-in-timija-zajca-iz-hrams\/"]}]},{"@type":"ImageObject","inLanguage":"sl-SI","@id":"https:\/\/novice.si\/page\/planica-2023-bron-za-slovenijo-in-timija-zajca-iz-hrams\/#primaryimage","url":"https:\/\/novice.si\/page\/wp-content\/uploads\/2023\/02\/planica-2023-foto-Facebook-2.jpg","contentUrl":"https:\/\/novice.si\/page\/wp-content\/uploads\/2023\/02\/planica-2023-foto-Facebook-2.jpg","width":1068,"height":639},{"@type":"BreadcrumbList","@id":"https:\/\/novice.si\/page\/planica-2023-bron-za-slovenijo-in-timija-zajca-iz-hrams\/#breadcrumb","itemListElement":[{"@type":"ListItem","position":1,"name":"Home","item":"https:\/\/novice.si\/page\/"},{"@type":"ListItem","position":2,"name":"Planica 2023: bron za Slovenijo in Timija Zajca iz Hram\u0161"}]},{"@type":"WebSite","@id":"https:\/\/novice.si\/page\/#website","url":"https:\/\/novice.si\/page\/","name":"Novice.si","description":"","publisher":{"@id":"https:\/\/novice.si\/page\/#organization"},"potentialAction":[{"@type":"SearchAction","target":{"@type":"EntryPoint","urlTemplate":"https:\/\/novice.si\/page\/?s={search_term_string}"},"query-input":{"@type":"PropertyValueSpecification","valueRequired":true,"valueName":"search_term_string"}}],"inLanguage":"sl-SI"},{"@type":"Organization","@id":"https:\/\/novice.si\/page\/#organization","name":"Novice.si","url":"https:\/\/novice.si\/page\/","logo":{"@type":"ImageObject","inLanguage":"sl-SI","@id":"https:\/\/novice.si\/page\/#\/schema\/logo\/image\/","url":"https:\/\/novice.si\/page\/wp-content\/uploads\/2023\/03\/novice_si.png","contentUrl":"https:\/\/novice.si\/page\/wp-content\/uploads\/2023\/03\/novice_si.png","width":576,"height":200,"caption":"Novice.si"},"image":{"@id":"https:\/\/novice.si\/page\/#\/schema\/logo\/image\/"}},{"@type":"Person","@id":"https:\/\/novice.si\/page\/#\/schema\/person\/a877dbb8680d441357ce27663beb35ca","name":"Uredni\u0161tvo Novic","image":{"@type":"ImageObject","inLanguage":"sl-SI","@id":"https:\/\/secure.gravatar.com\/avatar\/f19c0ae874706cc9ba19d2f6da5f74a5a5ee7674f283fed29ce0ad16a9f1893e?s=96&d=mm&r=g","url":"https:\/\/secure.gravatar.com\/avatar\/f19c0ae874706cc9ba19d2f6da5f74a5a5ee7674f283fed29ce0ad16a9f1893e?s=96&d=mm&r=g","contentUrl":"https:\/\/secure.gravatar.com\/avatar\/f19c0ae874706cc9ba19d2f6da5f74a5a5ee7674f283fed29ce0ad16a9f1893e?s=96&d=mm&r=g","caption":"Uredni\u0161tvo Novic"},"url":"https:\/\/novice.si\/page\/author\/jure\/"}]}},"_links":{"self":[{"href":"https:\/\/novice.si\/page\/wp-json\/wp\/v2\/posts\/160349","targetHints":{"allow":["GET"]}}],"collection":[{"href":"https:\/\/novice.si\/page\/wp-json\/wp\/v2\/posts"}],"about":[{"href":"https:\/\/novice.si\/page\/wp-json\/wp\/v2\/types\/post"}],"author":[{"embeddable":true,"href":"https:\/\/novice.si\/page\/wp-json\/wp\/v2\/users\/7"}],"replies":[{"embeddable":true,"href":"https:\/\/novice.si\/page\/wp-json\/wp\/v2\/comments?post=160349"}],"version-history":[{"count":1,"href":"https:\/\/novice.si\/page\/wp-json\/wp\/v2\/posts\/160349\/revisions"}],"predecessor-version":[{"id":160351,"href":"https:\/\/novice.si\/page\/wp-json\/wp\/v2\/posts\/160349\/revisions\/160351"}],"wp:featuredmedia":[{"embeddable":true,"href":"https:\/\/novice.si\/page\/wp-json\/wp\/v2\/media\/160350"}],"wp:attachment":[{"href":"https:\/\/novice.si\/page\/wp-json\/wp\/v2\/media?parent=160349"}],"wp:term":[{"taxonomy":"category","embeddable":true,"href":"https:\/\/novice.si\/page\/wp-json\/wp\/v2\/categories?post=160349"},{"taxonomy":"post_tag","embeddable":true,"href":"https:\/\/novice.si\/page\/wp-json\/wp\/v2\/tags?post=160349"}],"curies":[{"name":"wp","href":"https:\/\/api.w.org\/{rel}","templated":true}]}}