{"id":160310,"date":"2023-02-24T19:09:53","date_gmt":"2023-02-24T18:09:53","guid":{"rendered":"https:\/\/novice.si\/page\/?p=160310"},"modified":"2023-02-24T19:09:53","modified_gmt":"2023-02-24T18:09:53","slug":"celje-frankolovo-vladko-korze-krivde-za-poskus-uboja-ne-priznava","status":"publish","type":"post","link":"https:\/\/novice.si\/page\/celje-frankolovo-vladko-korze-krivde-za-poskus-uboja-ne-priznava\/","title":{"rendered":"CELJE FRANKOLOVO Vladko Kor\u017ee krivde za poskus uboja ne priznava"},"content":{"rendered":"<p>64-letni Frankolov\u010dan <strong>Vladko Kor\u017ee<\/strong> je na celjskem sodi\u0161\u010du popoldne gladko zavrnil mo\u017enost <a href=\"https:\/\/novice.si\/page\/wp-content\/uploads\/2023\/02\/KORZE4.jpg\" data-gallery><img loading=\"lazy\" decoding=\"async\" class=\"size-medium wp-image-160312 alignleft\" src=\"https:\/\/novice.si\/page\/wp-content\/uploads\/2023\/02\/KORZE4-189x300.jpg\" alt=\"\" width=\"189\" height=\"300\" srcset=\"https:\/\/novice.si\/page\/wp-content\/uploads\/2023\/02\/KORZE4-189x300.jpg 189w, https:\/\/novice.si\/page\/wp-content\/uploads\/2023\/02\/KORZE4-265x420.jpg 265w, https:\/\/novice.si\/page\/wp-content\/uploads\/2023\/02\/KORZE4-15x24.jpg 15w, https:\/\/novice.si\/page\/wp-content\/uploads\/2023\/02\/KORZE4-23x36.jpg 23w, https:\/\/novice.si\/page\/wp-content\/uploads\/2023\/02\/KORZE4-30x48.jpg 30w, https:\/\/novice.si\/page\/wp-content\/uploads\/2023\/02\/KORZE4.jpg 521w\" sizes=\"auto, (max-width: 189px) 100vw, 189px\" \/><\/a>priznanja krivde za poskus uboja konec lanskega avgusta, ko naj bi s preklopnim no\u017eem sku\u0161al s hrbta zabosti 52-letnega soseda <strong>Martina Pu\u0161nika<\/strong>.<\/p>\n<p>Temu je uspelo pobegniti, potem ko je opazil namero obto\u017eenca, s katerim naj bi si ve\u010d let bila v laseh zaradi razmejitve parcel, tistega dne pa sta se sprla. Del dogajanja je posnela nadzorna kamera na Pu\u0161nikovem zemlji\u0161\u010du, vendar bo sodi\u0161\u010de \u0161e tehtalo verodostojnost tega dokaza, saj kamera pokriva tudi del javne povr\u0161ine, kar ni dovoljeno, obvestilo o videonadzoru pa naj bi lastnik namestil \u0161ele po dogodku.<\/p>\n<p>Kor\u017ee je v priporu \u017ee sedem mesecev, kar se obrambi, ki je za glavni narok predlagala kar 13 pri\u010d, zdi odlo\u010dno preve\u010d.<a href=\"https:\/\/novice.si\/page\/wp-content\/uploads\/2023\/02\/VLADKO-KORZE2.jpg\" data-gallery><img loading=\"lazy\" decoding=\"async\" class=\"size-medium wp-image-160313 alignright\" src=\"https:\/\/novice.si\/page\/wp-content\/uploads\/2023\/02\/VLADKO-KORZE2-300x225.jpg\" alt=\"\" width=\"300\" height=\"225\" srcset=\"https:\/\/novice.si\/page\/wp-content\/uploads\/2023\/02\/VLADKO-KORZE2-300x225.jpg 300w, https:\/\/novice.si\/page\/wp-content\/uploads\/2023\/02\/VLADKO-KORZE2-1024x768.jpg 1024w, https:\/\/novice.si\/page\/wp-content\/uploads\/2023\/02\/VLADKO-KORZE2-768x576.jpg 768w, https:\/\/novice.si\/page\/wp-content\/uploads\/2023\/02\/VLADKO-KORZE2-1536x1152.jpg 1536w, https:\/\/novice.si\/page\/wp-content\/uploads\/2023\/02\/VLADKO-KORZE2-80x60.jpg 80w, https:\/\/novice.si\/page\/wp-content\/uploads\/2023\/02\/VLADKO-KORZE2-265x198.jpg 265w, https:\/\/novice.si\/page\/wp-content\/uploads\/2023\/02\/VLADKO-KORZE2-696x522.jpg 696w, https:\/\/novice.si\/page\/wp-content\/uploads\/2023\/02\/VLADKO-KORZE2-1068x801.jpg 1068w, https:\/\/novice.si\/page\/wp-content\/uploads\/2023\/02\/VLADKO-KORZE2-560x420.jpg 560w, https:\/\/novice.si\/page\/wp-content\/uploads\/2023\/02\/VLADKO-KORZE2-24x18.jpg 24w, https:\/\/novice.si\/page\/wp-content\/uploads\/2023\/02\/VLADKO-KORZE2-36x27.jpg 36w, https:\/\/novice.si\/page\/wp-content\/uploads\/2023\/02\/VLADKO-KORZE2-48x36.jpg 48w, https:\/\/novice.si\/page\/wp-content\/uploads\/2023\/02\/VLADKO-KORZE2.jpg 1984w\" sizes=\"auto, (max-width: 300px) 100vw, 300px\" \/><\/a><\/p>\n<p>Zagovornik <strong>Marjan Fegu\u0161<\/strong> ima pomisleke tudi na postopke policistov, ki naj bi obto\u017eenca izpra\u0161evali tudi potem, ko jim je dejal, da se bo branil z molkom, del odgovornosti pa sku\u0161a naprtiti tudi nasprotni strani.<\/p>\n<p>Ker mu ob aretaciji naj ne bi prebrali pravnega poduka, bo sodnica Leonida Jager v petek zasli\u0161ala oba policista, ki sta vodila postopek. Kor\u017eetu grozi od pet do 15 let zapora.<\/p>\n<p>P\u0160<\/p>\n","protected":false},"excerpt":{"rendered":"<p>64-letni Frankolov\u010dan Vladko Kor\u017ee je na celjskem sodi\u0161\u010du popoldne gladko zavrnil mo\u017enost priznanja krivde za poskus uboja konec lanskega avgusta, ko naj bi s preklopnim no\u017eem sku\u0161al s hrbta zabosti 52-letnega soseda Martina Pu\u0161nika. Temu je uspelo pobegniti, potem ko je opazil namero obto\u017eenca, s katerim naj bi si ve\u010d let bila v laseh zaradi [&hellip;]<\/p>\n","protected":false},"author":33,"featured_media":160311,"comment_status":"closed","ping_status":"closed","sticky":false,"template":"","format":"standard","meta":{"footnotes":""},"categories":[14,17,29],"tags":[27,10360,4357,3846,5572,17166],"class_list":{"0":"post-160310","1":"post","2":"type-post","3":"status-publish","4":"format-standard","5":"has-post-thumbnail","7":"category-aktualno","8":"category-celjsko","9":"category-kronika","10":"tag-frankolovo","11":"tag-leonida-jager","12":"tag-marjan-fegus","13":"tag-poskus-uboja","14":"tag-predobravnavni-narok","15":"tag-vladko-korze"},"yoast_head":"<!-- This site is optimized with the Yoast SEO plugin v27.4 - https:\/\/yoast.com\/product\/yoast-seo-wordpress\/ -->\n<title>CELJE FRANKOLOVO Vladko Kor\u017ee krivde za poskus uboja ne priznava - Novice.si<\/title>\n<meta name=\"robots\" content=\"index, follow, max-snippet:-1, max-image-preview:large, max-video-preview:-1\" \/>\n<link rel=\"canonical\" href=\"https:\/\/novice.si\/page\/celje-frankolovo-vladko-korze-krivde-za-poskus-uboja-ne-priznava\/\" \/>\n<meta property=\"og:locale\" content=\"sl_SI\" \/>\n<meta property=\"og:type\" content=\"article\" \/>\n<meta property=\"og:title\" content=\"CELJE FRANKOLOVO Vladko Kor\u017ee krivde za poskus uboja ne priznava - Novice.si\" \/>\n<meta property=\"og:description\" content=\"64-letni Frankolov\u010dan Vladko Kor\u017ee je na celjskem sodi\u0161\u010du popoldne gladko zavrnil mo\u017enost priznanja krivde za poskus uboja konec lanskega avgusta, ko naj bi s preklopnim no\u017eem sku\u0161al s hrbta zabosti 52-letnega soseda Martina Pu\u0161nika. Temu je uspelo pobegniti, potem ko je opazil namero obto\u017eenca, s katerim naj bi si ve\u010d let bila v laseh zaradi [&hellip;]\" \/>\n<meta property=\"og:url\" content=\"https:\/\/novice.si\/page\/celje-frankolovo-vladko-korze-krivde-za-poskus-uboja-ne-priznava\/\" \/>\n<meta property=\"og:site_name\" content=\"Novice.si\" \/>\n<meta property=\"article:published_time\" content=\"2023-02-24T18:09:53+00:00\" \/>\n<meta property=\"og:image\" content=\"https:\/\/novice.si\/page\/wp-content\/uploads\/2023\/02\/VLADKO-KORZE3.jpg\" \/>\n\t<meta property=\"og:image:width\" content=\"1110\" \/>\n\t<meta property=\"og:image:height\" content=\"1406\" \/>\n\t<meta property=\"og:image:type\" content=\"image\/jpeg\" \/>\n<meta name=\"author\" content=\"Uredni\u0161tvo Celjana\" \/>\n<meta name=\"twitter:card\" content=\"summary_large_image\" \/>\n<meta name=\"twitter:label1\" content=\"Written by\" \/>\n\t<meta name=\"twitter:data1\" content=\"Uredni\u0161tvo Celjana\" \/>\n\t<meta name=\"twitter:label2\" content=\"Est. reading time\" \/>\n\t<meta name=\"twitter:data2\" content=\"2 minuti\" \/>\n<script type=\"application\/ld+json\" class=\"yoast-schema-graph\">{\"@context\":\"https:\\\/\\\/schema.org\",\"@graph\":[{\"@type\":\"Article\",\"@id\":\"https:\\\/\\\/novice.si\\\/page\\\/celje-frankolovo-vladko-korze-krivde-za-poskus-uboja-ne-priznava\\\/#article\",\"isPartOf\":{\"@id\":\"https:\\\/\\\/novice.si\\\/page\\\/celje-frankolovo-vladko-korze-krivde-za-poskus-uboja-ne-priznava\\\/\"},\"author\":{\"name\":\"Uredni\u0161tvo Celjana\",\"@id\":\"https:\\\/\\\/novice.si\\\/page\\\/#\\\/schema\\\/person\\\/57f25c9642a9541c7349c65d32032c3e\"},\"headline\":\"CELJE FRANKOLOVO Vladko Kor\u017ee krivde za poskus uboja ne priznava\",\"datePublished\":\"2023-02-24T18:09:53+00:00\",\"mainEntityOfPage\":{\"@id\":\"https:\\\/\\\/novice.si\\\/page\\\/celje-frankolovo-vladko-korze-krivde-za-poskus-uboja-ne-priznava\\\/\"},\"wordCount\":217,\"publisher\":{\"@id\":\"https:\\\/\\\/novice.si\\\/page\\\/#organization\"},\"image\":{\"@id\":\"https:\\\/\\\/novice.si\\\/page\\\/celje-frankolovo-vladko-korze-krivde-za-poskus-uboja-ne-priznava\\\/#primaryimage\"},\"thumbnailUrl\":\"https:\\\/\\\/novice.si\\\/page\\\/wp-content\\\/uploads\\\/2023\\\/02\\\/VLADKO-KORZE3.jpg\",\"keywords\":[\"Frankolovo\",\"Leonida Jager\",\"marjan fegu\u0161\",\"poskus uboja\",\"predobravnavni narok\",\"Vladko Kor\u017ee\"],\"articleSection\":[\"Aktualno\",\"Celjsko\",\"Kronika\"],\"inLanguage\":\"sl-SI\"},{\"@type\":\"WebPage\",\"@id\":\"https:\\\/\\\/novice.si\\\/page\\\/celje-frankolovo-vladko-korze-krivde-za-poskus-uboja-ne-priznava\\\/\",\"url\":\"https:\\\/\\\/novice.si\\\/page\\\/celje-frankolovo-vladko-korze-krivde-za-poskus-uboja-ne-priznava\\\/\",\"name\":\"CELJE FRANKOLOVO Vladko Kor\u017ee krivde za poskus uboja ne priznava - Novice.si\",\"isPartOf\":{\"@id\":\"https:\\\/\\\/novice.si\\\/page\\\/#website\"},\"primaryImageOfPage\":{\"@id\":\"https:\\\/\\\/novice.si\\\/page\\\/celje-frankolovo-vladko-korze-krivde-za-poskus-uboja-ne-priznava\\\/#primaryimage\"},\"image\":{\"@id\":\"https:\\\/\\\/novice.si\\\/page\\\/celje-frankolovo-vladko-korze-krivde-za-poskus-uboja-ne-priznava\\\/#primaryimage\"},\"thumbnailUrl\":\"https:\\\/\\\/novice.si\\\/page\\\/wp-content\\\/uploads\\\/2023\\\/02\\\/VLADKO-KORZE3.jpg\",\"datePublished\":\"2023-02-24T18:09:53+00:00\",\"breadcrumb\":{\"@id\":\"https:\\\/\\\/novice.si\\\/page\\\/celje-frankolovo-vladko-korze-krivde-za-poskus-uboja-ne-priznava\\\/#breadcrumb\"},\"inLanguage\":\"sl-SI\",\"potentialAction\":[{\"@type\":\"ReadAction\",\"target\":[\"https:\\\/\\\/novice.si\\\/page\\\/celje-frankolovo-vladko-korze-krivde-za-poskus-uboja-ne-priznava\\\/\"]}]},{\"@type\":\"ImageObject\",\"inLanguage\":\"sl-SI\",\"@id\":\"https:\\\/\\\/novice.si\\\/page\\\/celje-frankolovo-vladko-korze-krivde-za-poskus-uboja-ne-priznava\\\/#primaryimage\",\"url\":\"https:\\\/\\\/novice.si\\\/page\\\/wp-content\\\/uploads\\\/2023\\\/02\\\/VLADKO-KORZE3.jpg\",\"contentUrl\":\"https:\\\/\\\/novice.si\\\/page\\\/wp-content\\\/uploads\\\/2023\\\/02\\\/VLADKO-KORZE3.jpg\",\"width\":1110,\"height\":1406},{\"@type\":\"BreadcrumbList\",\"@id\":\"https:\\\/\\\/novice.si\\\/page\\\/celje-frankolovo-vladko-korze-krivde-za-poskus-uboja-ne-priznava\\\/#breadcrumb\",\"itemListElement\":[{\"@type\":\"ListItem\",\"position\":1,\"name\":\"Home\",\"item\":\"https:\\\/\\\/novice.si\\\/page\\\/\"},{\"@type\":\"ListItem\",\"position\":2,\"name\":\"CELJE FRANKOLOVO Vladko Kor\u017ee krivde za poskus uboja ne priznava\"}]},{\"@type\":\"WebSite\",\"@id\":\"https:\\\/\\\/novice.si\\\/page\\\/#website\",\"url\":\"https:\\\/\\\/novice.si\\\/page\\\/\",\"name\":\"Novice.si\",\"description\":\"\",\"publisher\":{\"@id\":\"https:\\\/\\\/novice.si\\\/page\\\/#organization\"},\"potentialAction\":[{\"@type\":\"SearchAction\",\"target\":{\"@type\":\"EntryPoint\",\"urlTemplate\":\"https:\\\/\\\/novice.si\\\/page\\\/?s={search_term_string}\"},\"query-input\":{\"@type\":\"PropertyValueSpecification\",\"valueRequired\":true,\"valueName\":\"search_term_string\"}}],\"inLanguage\":\"sl-SI\"},{\"@type\":\"Organization\",\"@id\":\"https:\\\/\\\/novice.si\\\/page\\\/#organization\",\"name\":\"Novice.si\",\"url\":\"https:\\\/\\\/novice.si\\\/page\\\/\",\"logo\":{\"@type\":\"ImageObject\",\"inLanguage\":\"sl-SI\",\"@id\":\"https:\\\/\\\/novice.si\\\/page\\\/#\\\/schema\\\/logo\\\/image\\\/\",\"url\":\"https:\\\/\\\/novice.si\\\/page\\\/wp-content\\\/uploads\\\/2023\\\/03\\\/novice_si.png\",\"contentUrl\":\"https:\\\/\\\/novice.si\\\/page\\\/wp-content\\\/uploads\\\/2023\\\/03\\\/novice_si.png\",\"width\":576,\"height\":200,\"caption\":\"Novice.si\"},\"image\":{\"@id\":\"https:\\\/\\\/novice.si\\\/page\\\/#\\\/schema\\\/logo\\\/image\\\/\"}},{\"@type\":\"Person\",\"@id\":\"https:\\\/\\\/novice.si\\\/page\\\/#\\\/schema\\\/person\\\/57f25c9642a9541c7349c65d32032c3e\",\"name\":\"Uredni\u0161tvo Celjana\",\"image\":{\"@type\":\"ImageObject\",\"inLanguage\":\"sl-SI\",\"@id\":\"https:\\\/\\\/secure.gravatar.com\\\/avatar\\\/78e52bc4279b65f6df6345e0ef0f7b792d361361f230cf4ffecfe0afe6d5629c?s=96&d=mm&r=g\",\"url\":\"https:\\\/\\\/secure.gravatar.com\\\/avatar\\\/78e52bc4279b65f6df6345e0ef0f7b792d361361f230cf4ffecfe0afe6d5629c?s=96&d=mm&r=g\",\"contentUrl\":\"https:\\\/\\\/secure.gravatar.com\\\/avatar\\\/78e52bc4279b65f6df6345e0ef0f7b792d361361f230cf4ffecfe0afe6d5629c?s=96&d=mm&r=g\",\"caption\":\"Uredni\u0161tvo Celjana\"},\"url\":\"https:\\\/\\\/novice.si\\\/page\\\/author\\\/primoz\\\/\"}]}<\/script>\n<!-- \/ Yoast SEO plugin. -->","yoast_head_json":{"title":"CELJE FRANKOLOVO Vladko Kor\u017ee krivde za poskus uboja ne priznava - Novice.si","robots":{"index":"index","follow":"follow","max-snippet":"max-snippet:-1","max-image-preview":"max-image-preview:large","max-video-preview":"max-video-preview:-1"},"canonical":"https:\/\/novice.si\/page\/celje-frankolovo-vladko-korze-krivde-za-poskus-uboja-ne-priznava\/","og_locale":"sl_SI","og_type":"article","og_title":"CELJE FRANKOLOVO Vladko Kor\u017ee krivde za poskus uboja ne priznava - Novice.si","og_description":"64-letni Frankolov\u010dan Vladko Kor\u017ee je na celjskem sodi\u0161\u010du popoldne gladko zavrnil mo\u017enost priznanja krivde za poskus uboja konec lanskega avgusta, ko naj bi s preklopnim no\u017eem sku\u0161al s hrbta zabosti 52-letnega soseda Martina Pu\u0161nika. Temu je uspelo pobegniti, potem ko je opazil namero obto\u017eenca, s katerim naj bi si ve\u010d let bila v laseh zaradi [&hellip;]","og_url":"https:\/\/novice.si\/page\/celje-frankolovo-vladko-korze-krivde-za-poskus-uboja-ne-priznava\/","og_site_name":"Novice.si","article_published_time":"2023-02-24T18:09:53+00:00","og_image":[{"width":1110,"height":1406,"url":"https:\/\/novice.si\/page\/wp-content\/uploads\/2023\/02\/VLADKO-KORZE3.jpg","type":"image\/jpeg"}],"author":"Uredni\u0161tvo Celjana","twitter_card":"summary_large_image","twitter_misc":{"Written by":"Uredni\u0161tvo Celjana","Est. reading time":"2 minuti"},"schema":{"@context":"https:\/\/schema.org","@graph":[{"@type":"Article","@id":"https:\/\/novice.si\/page\/celje-frankolovo-vladko-korze-krivde-za-poskus-uboja-ne-priznava\/#article","isPartOf":{"@id":"https:\/\/novice.si\/page\/celje-frankolovo-vladko-korze-krivde-za-poskus-uboja-ne-priznava\/"},"author":{"name":"Uredni\u0161tvo Celjana","@id":"https:\/\/novice.si\/page\/#\/schema\/person\/57f25c9642a9541c7349c65d32032c3e"},"headline":"CELJE FRANKOLOVO Vladko Kor\u017ee krivde za poskus uboja ne priznava","datePublished":"2023-02-24T18:09:53+00:00","mainEntityOfPage":{"@id":"https:\/\/novice.si\/page\/celje-frankolovo-vladko-korze-krivde-za-poskus-uboja-ne-priznava\/"},"wordCount":217,"publisher":{"@id":"https:\/\/novice.si\/page\/#organization"},"image":{"@id":"https:\/\/novice.si\/page\/celje-frankolovo-vladko-korze-krivde-za-poskus-uboja-ne-priznava\/#primaryimage"},"thumbnailUrl":"https:\/\/novice.si\/page\/wp-content\/uploads\/2023\/02\/VLADKO-KORZE3.jpg","keywords":["Frankolovo","Leonida Jager","marjan fegu\u0161","poskus uboja","predobravnavni narok","Vladko Kor\u017ee"],"articleSection":["Aktualno","Celjsko","Kronika"],"inLanguage":"sl-SI"},{"@type":"WebPage","@id":"https:\/\/novice.si\/page\/celje-frankolovo-vladko-korze-krivde-za-poskus-uboja-ne-priznava\/","url":"https:\/\/novice.si\/page\/celje-frankolovo-vladko-korze-krivde-za-poskus-uboja-ne-priznava\/","name":"CELJE FRANKOLOVO Vladko Kor\u017ee krivde za poskus uboja ne priznava - Novice.si","isPartOf":{"@id":"https:\/\/novice.si\/page\/#website"},"primaryImageOfPage":{"@id":"https:\/\/novice.si\/page\/celje-frankolovo-vladko-korze-krivde-za-poskus-uboja-ne-priznava\/#primaryimage"},"image":{"@id":"https:\/\/novice.si\/page\/celje-frankolovo-vladko-korze-krivde-za-poskus-uboja-ne-priznava\/#primaryimage"},"thumbnailUrl":"https:\/\/novice.si\/page\/wp-content\/uploads\/2023\/02\/VLADKO-KORZE3.jpg","datePublished":"2023-02-24T18:09:53+00:00","breadcrumb":{"@id":"https:\/\/novice.si\/page\/celje-frankolovo-vladko-korze-krivde-za-poskus-uboja-ne-priznava\/#breadcrumb"},"inLanguage":"sl-SI","potentialAction":[{"@type":"ReadAction","target":["https:\/\/novice.si\/page\/celje-frankolovo-vladko-korze-krivde-za-poskus-uboja-ne-priznava\/"]}]},{"@type":"ImageObject","inLanguage":"sl-SI","@id":"https:\/\/novice.si\/page\/celje-frankolovo-vladko-korze-krivde-za-poskus-uboja-ne-priznava\/#primaryimage","url":"https:\/\/novice.si\/page\/wp-content\/uploads\/2023\/02\/VLADKO-KORZE3.jpg","contentUrl":"https:\/\/novice.si\/page\/wp-content\/uploads\/2023\/02\/VLADKO-KORZE3.jpg","width":1110,"height":1406},{"@type":"BreadcrumbList","@id":"https:\/\/novice.si\/page\/celje-frankolovo-vladko-korze-krivde-za-poskus-uboja-ne-priznava\/#breadcrumb","itemListElement":[{"@type":"ListItem","position":1,"name":"Home","item":"https:\/\/novice.si\/page\/"},{"@type":"ListItem","position":2,"name":"CELJE FRANKOLOVO Vladko Kor\u017ee krivde za poskus uboja ne priznava"}]},{"@type":"WebSite","@id":"https:\/\/novice.si\/page\/#website","url":"https:\/\/novice.si\/page\/","name":"Novice.si","description":"","publisher":{"@id":"https:\/\/novice.si\/page\/#organization"},"potentialAction":[{"@type":"SearchAction","target":{"@type":"EntryPoint","urlTemplate":"https:\/\/novice.si\/page\/?s={search_term_string}"},"query-input":{"@type":"PropertyValueSpecification","valueRequired":true,"valueName":"search_term_string"}}],"inLanguage":"sl-SI"},{"@type":"Organization","@id":"https:\/\/novice.si\/page\/#organization","name":"Novice.si","url":"https:\/\/novice.si\/page\/","logo":{"@type":"ImageObject","inLanguage":"sl-SI","@id":"https:\/\/novice.si\/page\/#\/schema\/logo\/image\/","url":"https:\/\/novice.si\/page\/wp-content\/uploads\/2023\/03\/novice_si.png","contentUrl":"https:\/\/novice.si\/page\/wp-content\/uploads\/2023\/03\/novice_si.png","width":576,"height":200,"caption":"Novice.si"},"image":{"@id":"https:\/\/novice.si\/page\/#\/schema\/logo\/image\/"}},{"@type":"Person","@id":"https:\/\/novice.si\/page\/#\/schema\/person\/57f25c9642a9541c7349c65d32032c3e","name":"Uredni\u0161tvo Celjana","image":{"@type":"ImageObject","inLanguage":"sl-SI","@id":"https:\/\/secure.gravatar.com\/avatar\/78e52bc4279b65f6df6345e0ef0f7b792d361361f230cf4ffecfe0afe6d5629c?s=96&d=mm&r=g","url":"https:\/\/secure.gravatar.com\/avatar\/78e52bc4279b65f6df6345e0ef0f7b792d361361f230cf4ffecfe0afe6d5629c?s=96&d=mm&r=g","contentUrl":"https:\/\/secure.gravatar.com\/avatar\/78e52bc4279b65f6df6345e0ef0f7b792d361361f230cf4ffecfe0afe6d5629c?s=96&d=mm&r=g","caption":"Uredni\u0161tvo Celjana"},"url":"https:\/\/novice.si\/page\/author\/primoz\/"}]}},"_links":{"self":[{"href":"https:\/\/novice.si\/page\/wp-json\/wp\/v2\/posts\/160310","targetHints":{"allow":["GET"]}}],"collection":[{"href":"https:\/\/novice.si\/page\/wp-json\/wp\/v2\/posts"}],"about":[{"href":"https:\/\/novice.si\/page\/wp-json\/wp\/v2\/types\/post"}],"author":[{"embeddable":true,"href":"https:\/\/novice.si\/page\/wp-json\/wp\/v2\/users\/33"}],"replies":[{"embeddable":true,"href":"https:\/\/novice.si\/page\/wp-json\/wp\/v2\/comments?post=160310"}],"version-history":[{"count":1,"href":"https:\/\/novice.si\/page\/wp-json\/wp\/v2\/posts\/160310\/revisions"}],"predecessor-version":[{"id":160314,"href":"https:\/\/novice.si\/page\/wp-json\/wp\/v2\/posts\/160310\/revisions\/160314"}],"wp:featuredmedia":[{"embeddable":true,"href":"https:\/\/novice.si\/page\/wp-json\/wp\/v2\/media\/160311"}],"wp:attachment":[{"href":"https:\/\/novice.si\/page\/wp-json\/wp\/v2\/media?parent=160310"}],"wp:term":[{"taxonomy":"category","embeddable":true,"href":"https:\/\/novice.si\/page\/wp-json\/wp\/v2\/categories?post=160310"},{"taxonomy":"post_tag","embeddable":true,"href":"https:\/\/novice.si\/page\/wp-json\/wp\/v2\/tags?post=160310"}],"curies":[{"name":"wp","href":"https:\/\/api.w.org\/{rel}","templated":true}]}}