{"id":160292,"date":"2023-02-24T07:38:51","date_gmt":"2023-02-24T06:38:51","guid":{"rendered":"https:\/\/novice.si\/page\/?p=160292"},"modified":"2023-02-24T07:38:51","modified_gmt":"2023-02-24T06:38:51","slug":"v-rogaski-slatini-bo-z-marcem-za-okoli-12-odstotkov-drazji-vrtec","status":"publish","type":"post","link":"https:\/\/novice.si\/page\/v-rogaski-slatini-bo-z-marcem-za-okoli-12-odstotkov-drazji-vrtec\/","title":{"rendered":"V Roga\u0161ki Slatini bo z marcem za okoli 12 odstotkov dra\u017eji vrtec"},"content":{"rendered":"<p><strong>V Roga\u0161ki Slatini bo z marcem dra\u017eji vrtec. Svetniki ob\u010dine Roga\u0161ka Slatina so na zadnji seji potrdili predlagane spremembe cen. <\/strong><\/p>\n<p><a href=\"https:\/\/novice.si\/page\/wp-content\/uploads\/2020\/07\/vrtec-izvir-rogaska-slatina.jpg\" data-gallery><img loading=\"lazy\" decoding=\"async\" class=\"size-medium wp-image-129069 alignleft\" src=\"https:\/\/novice.si\/page\/wp-content\/uploads\/2020\/07\/vrtec-izvir-rogaska-slatina-300x169.jpg\" alt=\"\" width=\"300\" height=\"169\" srcset=\"https:\/\/novice.si\/page\/wp-content\/uploads\/2020\/07\/vrtec-izvir-rogaska-slatina-300x169.jpg 300w, https:\/\/novice.si\/page\/wp-content\/uploads\/2020\/07\/vrtec-izvir-rogaska-slatina-768x432.jpg 768w, https:\/\/novice.si\/page\/wp-content\/uploads\/2020\/07\/vrtec-izvir-rogaska-slatina-696x391.jpg 696w, https:\/\/novice.si\/page\/wp-content\/uploads\/2020\/07\/vrtec-izvir-rogaska-slatina-747x420.jpg 747w, https:\/\/novice.si\/page\/wp-content\/uploads\/2020\/07\/vrtec-izvir-rogaska-slatina-24x13.jpg 24w, https:\/\/novice.si\/page\/wp-content\/uploads\/2020\/07\/vrtec-izvir-rogaska-slatina-36x20.jpg 36w, https:\/\/novice.si\/page\/wp-content\/uploads\/2020\/07\/vrtec-izvir-rogaska-slatina-48x27.jpg 48w, https:\/\/novice.si\/page\/wp-content\/uploads\/2020\/07\/vrtec-izvir-rogaska-slatina.jpg 900w\" sizes=\"auto, (max-width: 300px) 100vw, 300px\" \/><\/a>Te bodo vi\u0161je za pribli\u017eno 12 odstotkov, odvisno od programa. \u010ce je polna cena programa za prvo starostno obdobje doslej zna\u0161ala 553 evrov, bo po novem 622 evrov, torej 69 evrov ve\u010d. Del podra\u017eitve bo doletel star\u0161e, del pa Ob\u010dino, ki v povpre\u010dju sofinancira dve tretjini cene. Za ta namen bodo v prora\u010dunu morali zagotoviti pribli\u017eno 185 tiso\u010d evrov ve\u010d kot lani.<br \/>\nMed razlogi za podra\u017eitev sicer navajajo splo\u0161ne podra\u017eitve energentov, hrane, materialov in storitev ter povi\u0161anje pla\u010d v javnem sektorju.<br \/>\n(NK)<\/p>\n","protected":false},"excerpt":{"rendered":"<p>V Roga\u0161ki Slatini bo z marcem dra\u017eji vrtec. Svetniki ob\u010dine Roga\u0161ka Slatina so na zadnji seji potrdili predlagane spremembe cen. Te bodo vi\u0161je za pribli\u017eno 12 odstotkov, odvisno od programa. \u010ce je polna cena programa za prvo starostno obdobje doslej zna\u0161ala 553 evrov, bo po novem 622 evrov, torej 69 evrov ve\u010d. Del podra\u017eitve bo [&hellip;]<\/p>\n","protected":false},"author":12,"featured_media":160293,"comment_status":"closed","ping_status":"closed","sticky":false,"template":"","format":"standard","meta":{"footnotes":""},"categories":[14,868,38,3108],"tags":[17165,636],"class_list":{"0":"post-160292","1":"post","2":"type-post","3":"status-publish","4":"format-standard","5":"has-post-thumbnail","7":"category-aktualno","8":"category-casopisi","9":"category-kozjansko","10":"category-radio-rogla","11":"tag-obcina-rogaska","12":"tag-vrtec"},"yoast_head":"<!-- This site is optimized with the Yoast SEO plugin v27.4 - https:\/\/yoast.com\/product\/yoast-seo-wordpress\/ -->\n<title>V Roga\u0161ki Slatini bo z marcem za okoli 12 odstotkov dra\u017eji vrtec - Novice.si<\/title>\n<meta name=\"robots\" content=\"index, follow, max-snippet:-1, max-image-preview:large, max-video-preview:-1\" \/>\n<link rel=\"canonical\" href=\"https:\/\/novice.si\/page\/v-rogaski-slatini-bo-z-marcem-za-okoli-12-odstotkov-drazji-vrtec\/\" \/>\n<meta property=\"og:locale\" content=\"sl_SI\" \/>\n<meta property=\"og:type\" content=\"article\" \/>\n<meta property=\"og:title\" content=\"V Roga\u0161ki Slatini bo z marcem za okoli 12 odstotkov dra\u017eji vrtec - Novice.si\" \/>\n<meta property=\"og:description\" content=\"V Roga\u0161ki Slatini bo z marcem dra\u017eji vrtec. Svetniki ob\u010dine Roga\u0161ka Slatina so na zadnji seji potrdili predlagane spremembe cen. Te bodo vi\u0161je za pribli\u017eno 12 odstotkov, odvisno od programa. \u010ce je polna cena programa za prvo starostno obdobje doslej zna\u0161ala 553 evrov, bo po novem 622 evrov, torej 69 evrov ve\u010d. Del podra\u017eitve bo [&hellip;]\" \/>\n<meta property=\"og:url\" content=\"https:\/\/novice.si\/page\/v-rogaski-slatini-bo-z-marcem-za-okoli-12-odstotkov-drazji-vrtec\/\" \/>\n<meta property=\"og:site_name\" content=\"Novice.si\" \/>\n<meta property=\"article:published_time\" content=\"2023-02-24T06:38:51+00:00\" \/>\n<meta property=\"og:image\" content=\"https:\/\/novice.si\/page\/wp-content\/uploads\/2023\/02\/IZVIR.jpg\" \/>\n\t<meta property=\"og:image:width\" content=\"800\" \/>\n\t<meta property=\"og:image:height\" content=\"600\" \/>\n\t<meta property=\"og:image:type\" content=\"image\/jpeg\" \/>\n<meta name=\"author\" content=\"Uredni\u0161tvo Celjana\" \/>\n<meta name=\"twitter:card\" content=\"summary_large_image\" \/>\n<meta name=\"twitter:label1\" content=\"Written by\" \/>\n\t<meta name=\"twitter:data1\" content=\"Uredni\u0161tvo Celjana\" \/>\n\t<meta name=\"twitter:label2\" content=\"Est. reading time\" \/>\n\t<meta name=\"twitter:data2\" content=\"1 minuta\" \/>\n<script type=\"application\/ld+json\" class=\"yoast-schema-graph\">{\"@context\":\"https:\\\/\\\/schema.org\",\"@graph\":[{\"@type\":\"Article\",\"@id\":\"https:\\\/\\\/novice.si\\\/page\\\/v-rogaski-slatini-bo-z-marcem-za-okoli-12-odstotkov-drazji-vrtec\\\/#article\",\"isPartOf\":{\"@id\":\"https:\\\/\\\/novice.si\\\/page\\\/v-rogaski-slatini-bo-z-marcem-za-okoli-12-odstotkov-drazji-vrtec\\\/\"},\"author\":{\"name\":\"Uredni\u0161tvo Celjana\",\"@id\":\"https:\\\/\\\/novice.si\\\/page\\\/#\\\/schema\\\/person\\\/51903923b50fefb075bc1cd24fe4d065\"},\"headline\":\"V Roga\u0161ki Slatini bo z marcem za okoli 12 odstotkov dra\u017eji vrtec\",\"datePublished\":\"2023-02-24T06:38:51+00:00\",\"mainEntityOfPage\":{\"@id\":\"https:\\\/\\\/novice.si\\\/page\\\/v-rogaski-slatini-bo-z-marcem-za-okoli-12-odstotkov-drazji-vrtec\\\/\"},\"wordCount\":127,\"publisher\":{\"@id\":\"https:\\\/\\\/novice.si\\\/page\\\/#organization\"},\"image\":{\"@id\":\"https:\\\/\\\/novice.si\\\/page\\\/v-rogaski-slatini-bo-z-marcem-za-okoli-12-odstotkov-drazji-vrtec\\\/#primaryimage\"},\"thumbnailUrl\":\"https:\\\/\\\/novice.si\\\/page\\\/wp-content\\\/uploads\\\/2023\\\/02\\\/IZVIR.jpg\",\"keywords\":[\"ob\u010dina roga\u0161ka\",\"vrtec\"],\"articleSection\":[\"Aktualno\",\"\u010casopisi\",\"Kozjansko\",\"Radio Rogla\"],\"inLanguage\":\"sl-SI\"},{\"@type\":\"WebPage\",\"@id\":\"https:\\\/\\\/novice.si\\\/page\\\/v-rogaski-slatini-bo-z-marcem-za-okoli-12-odstotkov-drazji-vrtec\\\/\",\"url\":\"https:\\\/\\\/novice.si\\\/page\\\/v-rogaski-slatini-bo-z-marcem-za-okoli-12-odstotkov-drazji-vrtec\\\/\",\"name\":\"V Roga\u0161ki Slatini bo z marcem za okoli 12 odstotkov dra\u017eji vrtec - Novice.si\",\"isPartOf\":{\"@id\":\"https:\\\/\\\/novice.si\\\/page\\\/#website\"},\"primaryImageOfPage\":{\"@id\":\"https:\\\/\\\/novice.si\\\/page\\\/v-rogaski-slatini-bo-z-marcem-za-okoli-12-odstotkov-drazji-vrtec\\\/#primaryimage\"},\"image\":{\"@id\":\"https:\\\/\\\/novice.si\\\/page\\\/v-rogaski-slatini-bo-z-marcem-za-okoli-12-odstotkov-drazji-vrtec\\\/#primaryimage\"},\"thumbnailUrl\":\"https:\\\/\\\/novice.si\\\/page\\\/wp-content\\\/uploads\\\/2023\\\/02\\\/IZVIR.jpg\",\"datePublished\":\"2023-02-24T06:38:51+00:00\",\"breadcrumb\":{\"@id\":\"https:\\\/\\\/novice.si\\\/page\\\/v-rogaski-slatini-bo-z-marcem-za-okoli-12-odstotkov-drazji-vrtec\\\/#breadcrumb\"},\"inLanguage\":\"sl-SI\",\"potentialAction\":[{\"@type\":\"ReadAction\",\"target\":[\"https:\\\/\\\/novice.si\\\/page\\\/v-rogaski-slatini-bo-z-marcem-za-okoli-12-odstotkov-drazji-vrtec\\\/\"]}]},{\"@type\":\"ImageObject\",\"inLanguage\":\"sl-SI\",\"@id\":\"https:\\\/\\\/novice.si\\\/page\\\/v-rogaski-slatini-bo-z-marcem-za-okoli-12-odstotkov-drazji-vrtec\\\/#primaryimage\",\"url\":\"https:\\\/\\\/novice.si\\\/page\\\/wp-content\\\/uploads\\\/2023\\\/02\\\/IZVIR.jpg\",\"contentUrl\":\"https:\\\/\\\/novice.si\\\/page\\\/wp-content\\\/uploads\\\/2023\\\/02\\\/IZVIR.jpg\",\"width\":800,\"height\":600},{\"@type\":\"BreadcrumbList\",\"@id\":\"https:\\\/\\\/novice.si\\\/page\\\/v-rogaski-slatini-bo-z-marcem-za-okoli-12-odstotkov-drazji-vrtec\\\/#breadcrumb\",\"itemListElement\":[{\"@type\":\"ListItem\",\"position\":1,\"name\":\"Home\",\"item\":\"https:\\\/\\\/novice.si\\\/page\\\/\"},{\"@type\":\"ListItem\",\"position\":2,\"name\":\"V Roga\u0161ki Slatini bo z marcem za okoli 12 odstotkov dra\u017eji vrtec\"}]},{\"@type\":\"WebSite\",\"@id\":\"https:\\\/\\\/novice.si\\\/page\\\/#website\",\"url\":\"https:\\\/\\\/novice.si\\\/page\\\/\",\"name\":\"Novice.si\",\"description\":\"\",\"publisher\":{\"@id\":\"https:\\\/\\\/novice.si\\\/page\\\/#organization\"},\"potentialAction\":[{\"@type\":\"SearchAction\",\"target\":{\"@type\":\"EntryPoint\",\"urlTemplate\":\"https:\\\/\\\/novice.si\\\/page\\\/?s={search_term_string}\"},\"query-input\":{\"@type\":\"PropertyValueSpecification\",\"valueRequired\":true,\"valueName\":\"search_term_string\"}}],\"inLanguage\":\"sl-SI\"},{\"@type\":\"Organization\",\"@id\":\"https:\\\/\\\/novice.si\\\/page\\\/#organization\",\"name\":\"Novice.si\",\"url\":\"https:\\\/\\\/novice.si\\\/page\\\/\",\"logo\":{\"@type\":\"ImageObject\",\"inLanguage\":\"sl-SI\",\"@id\":\"https:\\\/\\\/novice.si\\\/page\\\/#\\\/schema\\\/logo\\\/image\\\/\",\"url\":\"https:\\\/\\\/novice.si\\\/page\\\/wp-content\\\/uploads\\\/2023\\\/03\\\/novice_si.png\",\"contentUrl\":\"https:\\\/\\\/novice.si\\\/page\\\/wp-content\\\/uploads\\\/2023\\\/03\\\/novice_si.png\",\"width\":576,\"height\":200,\"caption\":\"Novice.si\"},\"image\":{\"@id\":\"https:\\\/\\\/novice.si\\\/page\\\/#\\\/schema\\\/logo\\\/image\\\/\"}},{\"@type\":\"Person\",\"@id\":\"https:\\\/\\\/novice.si\\\/page\\\/#\\\/schema\\\/person\\\/51903923b50fefb075bc1cd24fe4d065\",\"name\":\"Uredni\u0161tvo Celjana\",\"image\":{\"@type\":\"ImageObject\",\"inLanguage\":\"sl-SI\",\"@id\":\"https:\\\/\\\/secure.gravatar.com\\\/avatar\\\/b516f102aa90b53619e09722b8ea56721c99bfcb4f1035f9b333d99f52330226?s=96&d=mm&r=g\",\"url\":\"https:\\\/\\\/secure.gravatar.com\\\/avatar\\\/b516f102aa90b53619e09722b8ea56721c99bfcb4f1035f9b333d99f52330226?s=96&d=mm&r=g\",\"contentUrl\":\"https:\\\/\\\/secure.gravatar.com\\\/avatar\\\/b516f102aa90b53619e09722b8ea56721c99bfcb4f1035f9b333d99f52330226?s=96&d=mm&r=g\",\"caption\":\"Uredni\u0161tvo Celjana\"},\"url\":\"https:\\\/\\\/novice.si\\\/page\\\/author\\\/nejc\\\/\"}]}<\/script>\n<!-- \/ Yoast SEO plugin. -->","yoast_head_json":{"title":"V Roga\u0161ki Slatini bo z marcem za okoli 12 odstotkov dra\u017eji vrtec - Novice.si","robots":{"index":"index","follow":"follow","max-snippet":"max-snippet:-1","max-image-preview":"max-image-preview:large","max-video-preview":"max-video-preview:-1"},"canonical":"https:\/\/novice.si\/page\/v-rogaski-slatini-bo-z-marcem-za-okoli-12-odstotkov-drazji-vrtec\/","og_locale":"sl_SI","og_type":"article","og_title":"V Roga\u0161ki Slatini bo z marcem za okoli 12 odstotkov dra\u017eji vrtec - Novice.si","og_description":"V Roga\u0161ki Slatini bo z marcem dra\u017eji vrtec. Svetniki ob\u010dine Roga\u0161ka Slatina so na zadnji seji potrdili predlagane spremembe cen. Te bodo vi\u0161je za pribli\u017eno 12 odstotkov, odvisno od programa. \u010ce je polna cena programa za prvo starostno obdobje doslej zna\u0161ala 553 evrov, bo po novem 622 evrov, torej 69 evrov ve\u010d. Del podra\u017eitve bo [&hellip;]","og_url":"https:\/\/novice.si\/page\/v-rogaski-slatini-bo-z-marcem-za-okoli-12-odstotkov-drazji-vrtec\/","og_site_name":"Novice.si","article_published_time":"2023-02-24T06:38:51+00:00","og_image":[{"width":800,"height":600,"url":"https:\/\/novice.si\/page\/wp-content\/uploads\/2023\/02\/IZVIR.jpg","type":"image\/jpeg"}],"author":"Uredni\u0161tvo Celjana","twitter_card":"summary_large_image","twitter_misc":{"Written by":"Uredni\u0161tvo Celjana","Est. reading time":"1 minuta"},"schema":{"@context":"https:\/\/schema.org","@graph":[{"@type":"Article","@id":"https:\/\/novice.si\/page\/v-rogaski-slatini-bo-z-marcem-za-okoli-12-odstotkov-drazji-vrtec\/#article","isPartOf":{"@id":"https:\/\/novice.si\/page\/v-rogaski-slatini-bo-z-marcem-za-okoli-12-odstotkov-drazji-vrtec\/"},"author":{"name":"Uredni\u0161tvo Celjana","@id":"https:\/\/novice.si\/page\/#\/schema\/person\/51903923b50fefb075bc1cd24fe4d065"},"headline":"V Roga\u0161ki Slatini bo z marcem za okoli 12 odstotkov dra\u017eji vrtec","datePublished":"2023-02-24T06:38:51+00:00","mainEntityOfPage":{"@id":"https:\/\/novice.si\/page\/v-rogaski-slatini-bo-z-marcem-za-okoli-12-odstotkov-drazji-vrtec\/"},"wordCount":127,"publisher":{"@id":"https:\/\/novice.si\/page\/#organization"},"image":{"@id":"https:\/\/novice.si\/page\/v-rogaski-slatini-bo-z-marcem-za-okoli-12-odstotkov-drazji-vrtec\/#primaryimage"},"thumbnailUrl":"https:\/\/novice.si\/page\/wp-content\/uploads\/2023\/02\/IZVIR.jpg","keywords":["ob\u010dina roga\u0161ka","vrtec"],"articleSection":["Aktualno","\u010casopisi","Kozjansko","Radio Rogla"],"inLanguage":"sl-SI"},{"@type":"WebPage","@id":"https:\/\/novice.si\/page\/v-rogaski-slatini-bo-z-marcem-za-okoli-12-odstotkov-drazji-vrtec\/","url":"https:\/\/novice.si\/page\/v-rogaski-slatini-bo-z-marcem-za-okoli-12-odstotkov-drazji-vrtec\/","name":"V Roga\u0161ki Slatini bo z marcem za okoli 12 odstotkov dra\u017eji vrtec - Novice.si","isPartOf":{"@id":"https:\/\/novice.si\/page\/#website"},"primaryImageOfPage":{"@id":"https:\/\/novice.si\/page\/v-rogaski-slatini-bo-z-marcem-za-okoli-12-odstotkov-drazji-vrtec\/#primaryimage"},"image":{"@id":"https:\/\/novice.si\/page\/v-rogaski-slatini-bo-z-marcem-za-okoli-12-odstotkov-drazji-vrtec\/#primaryimage"},"thumbnailUrl":"https:\/\/novice.si\/page\/wp-content\/uploads\/2023\/02\/IZVIR.jpg","datePublished":"2023-02-24T06:38:51+00:00","breadcrumb":{"@id":"https:\/\/novice.si\/page\/v-rogaski-slatini-bo-z-marcem-za-okoli-12-odstotkov-drazji-vrtec\/#breadcrumb"},"inLanguage":"sl-SI","potentialAction":[{"@type":"ReadAction","target":["https:\/\/novice.si\/page\/v-rogaski-slatini-bo-z-marcem-za-okoli-12-odstotkov-drazji-vrtec\/"]}]},{"@type":"ImageObject","inLanguage":"sl-SI","@id":"https:\/\/novice.si\/page\/v-rogaski-slatini-bo-z-marcem-za-okoli-12-odstotkov-drazji-vrtec\/#primaryimage","url":"https:\/\/novice.si\/page\/wp-content\/uploads\/2023\/02\/IZVIR.jpg","contentUrl":"https:\/\/novice.si\/page\/wp-content\/uploads\/2023\/02\/IZVIR.jpg","width":800,"height":600},{"@type":"BreadcrumbList","@id":"https:\/\/novice.si\/page\/v-rogaski-slatini-bo-z-marcem-za-okoli-12-odstotkov-drazji-vrtec\/#breadcrumb","itemListElement":[{"@type":"ListItem","position":1,"name":"Home","item":"https:\/\/novice.si\/page\/"},{"@type":"ListItem","position":2,"name":"V Roga\u0161ki Slatini bo z marcem za okoli 12 odstotkov dra\u017eji vrtec"}]},{"@type":"WebSite","@id":"https:\/\/novice.si\/page\/#website","url":"https:\/\/novice.si\/page\/","name":"Novice.si","description":"","publisher":{"@id":"https:\/\/novice.si\/page\/#organization"},"potentialAction":[{"@type":"SearchAction","target":{"@type":"EntryPoint","urlTemplate":"https:\/\/novice.si\/page\/?s={search_term_string}"},"query-input":{"@type":"PropertyValueSpecification","valueRequired":true,"valueName":"search_term_string"}}],"inLanguage":"sl-SI"},{"@type":"Organization","@id":"https:\/\/novice.si\/page\/#organization","name":"Novice.si","url":"https:\/\/novice.si\/page\/","logo":{"@type":"ImageObject","inLanguage":"sl-SI","@id":"https:\/\/novice.si\/page\/#\/schema\/logo\/image\/","url":"https:\/\/novice.si\/page\/wp-content\/uploads\/2023\/03\/novice_si.png","contentUrl":"https:\/\/novice.si\/page\/wp-content\/uploads\/2023\/03\/novice_si.png","width":576,"height":200,"caption":"Novice.si"},"image":{"@id":"https:\/\/novice.si\/page\/#\/schema\/logo\/image\/"}},{"@type":"Person","@id":"https:\/\/novice.si\/page\/#\/schema\/person\/51903923b50fefb075bc1cd24fe4d065","name":"Uredni\u0161tvo Celjana","image":{"@type":"ImageObject","inLanguage":"sl-SI","@id":"https:\/\/secure.gravatar.com\/avatar\/b516f102aa90b53619e09722b8ea56721c99bfcb4f1035f9b333d99f52330226?s=96&d=mm&r=g","url":"https:\/\/secure.gravatar.com\/avatar\/b516f102aa90b53619e09722b8ea56721c99bfcb4f1035f9b333d99f52330226?s=96&d=mm&r=g","contentUrl":"https:\/\/secure.gravatar.com\/avatar\/b516f102aa90b53619e09722b8ea56721c99bfcb4f1035f9b333d99f52330226?s=96&d=mm&r=g","caption":"Uredni\u0161tvo Celjana"},"url":"https:\/\/novice.si\/page\/author\/nejc\/"}]}},"_links":{"self":[{"href":"https:\/\/novice.si\/page\/wp-json\/wp\/v2\/posts\/160292","targetHints":{"allow":["GET"]}}],"collection":[{"href":"https:\/\/novice.si\/page\/wp-json\/wp\/v2\/posts"}],"about":[{"href":"https:\/\/novice.si\/page\/wp-json\/wp\/v2\/types\/post"}],"author":[{"embeddable":true,"href":"https:\/\/novice.si\/page\/wp-json\/wp\/v2\/users\/12"}],"replies":[{"embeddable":true,"href":"https:\/\/novice.si\/page\/wp-json\/wp\/v2\/comments?post=160292"}],"version-history":[{"count":1,"href":"https:\/\/novice.si\/page\/wp-json\/wp\/v2\/posts\/160292\/revisions"}],"predecessor-version":[{"id":160294,"href":"https:\/\/novice.si\/page\/wp-json\/wp\/v2\/posts\/160292\/revisions\/160294"}],"wp:featuredmedia":[{"embeddable":true,"href":"https:\/\/novice.si\/page\/wp-json\/wp\/v2\/media\/160293"}],"wp:attachment":[{"href":"https:\/\/novice.si\/page\/wp-json\/wp\/v2\/media?parent=160292"}],"wp:term":[{"taxonomy":"category","embeddable":true,"href":"https:\/\/novice.si\/page\/wp-json\/wp\/v2\/categories?post=160292"},{"taxonomy":"post_tag","embeddable":true,"href":"https:\/\/novice.si\/page\/wp-json\/wp\/v2\/tags?post=160292"}],"curies":[{"name":"wp","href":"https:\/\/api.w.org\/{rel}","templated":true}]}}